{"id":102191,"date":"2023-03-10T09:29:17","date_gmt":"2023-03-10T12:29:17","guid":{"rendered":"https:\/\/redenoticiaz.com.br\/litoralsp\/?p=102191"},"modified":"2023-03-10T09:29:17","modified_gmt":"2023-03-10T12:29:17","slug":"rede-de-farmacias-do-litoral-e-processada-em-r-1-milhao-pelo-mpt","status":"publish","type":"post","link":"https:\/\/redenoticiaz.com.br\/litoralsp\/2023\/03\/10\/rede-de-farmacias-do-litoral-e-processada-em-r-1-milhao-pelo-mpt","title":{"rendered":"Rede de farm\u00e1cias do Litoral \u00e9 processada em R$ 1 milh\u00e3o pelo MPT"},"content":{"rendered":"<div id=\"chunk-8jfpk\">\n<div class=\"mc-column content-text active-extra-styles \" data-block-type=\"unstyled\" data-block-weight=\"57\" data-block-id=\"3\">\n<p class=\"content-text__container \" data-track-category=\"Link no Texto\" data-track-links=\"\">A rede de farm\u00e1cias Poupafarma foi processada pelo Minist\u00e9rio P\u00fablico do Trabalho (MPT) de Santos, em <strong>R$ 1 milh\u00e3o<\/strong>. O motivo foi por conta da falta de pagamento dos sal\u00e1rios de ex-funcion\u00e1rios e cancelamento de planos de sa\u00fade. O valor da causa j\u00e1 foi calculado prevendo a indeniza\u00e7\u00e3o dos trabalhadores. Al\u00e9m disso, o \u00f3rg\u00e3o tamb\u00e9m pediu o bloqueio de bens da empresa.<\/p>\n<\/div>\n<\/div>\n<div class=\"wall protected-content\">\n<div id=\"chunk-f0i43\">\n<div class=\"mc-column content-text active-extra-styles \" data-block-type=\"unstyled\" data-block-weight=\"46\" data-block-id=\"4\">\n<p class=\"content-text__container \" data-track-category=\"Link no Texto\" data-track-links=\"\">A a\u00e7\u00e3o civil coletiva foi ajuizada na quarta-feira (8) com pedido de urg\u00eancia. Segundo o MPT, o processo tem objetivo de garantir os pagamentos atrasados dos mais de mil ex-funcion\u00e1rios da rede, demitidos em 6 de fevereiro, que n\u00e3o receberam desde o come\u00e7o do ano.<\/p>\n<\/div>\n<\/div>\n<div id=\"chunk-apnkr\">\n<div class=\"mc-column content-text active-extra-styles \" data-block-type=\"unstyled\" data-block-weight=\"62\" data-block-id=\"7\">\n<p class=\"content-text__container \" data-track-category=\"Link no Texto\" data-track-links=\"\">De acordo com o MPT, somente no come\u00e7o de 2023, 17 den\u00fancias foram recebidas. A justificativa foi que a Poupafarma n\u00e3o depositava sal\u00e1rios e verbas [que incluem 13\u00b0 sal\u00e1rio, aviso pr\u00e9vio indenizado, f\u00e9rias e outros benef\u00edcios]. O minist\u00e9rio, ent\u00e3o, questionou a empresa, que confirmou n\u00e3o ter quitado os sal\u00e1rios dos empregados em janeiro e fevereiro deste ano, sob a justificativa de estar em processo de recupera\u00e7\u00e3o judicial.<\/p>\n<\/div>\n<\/div>\n<div id=\"chunk-2nbe0\">\n<div class=\"mc-column content-text active-extra-styles \" data-block-type=\"unstyled\" data-block-weight=\"27\" data-block-id=\"8\">\n<p class=\"content-text__container \" data-track-category=\"Link no Texto\" data-track-links=\"\">O procurador do trabalho que atua no caso afirma que as obriga\u00e7\u00f5es trabalhistas devem ser cumpridas integralmente, ainda que a empresa esteja em processo de recupera\u00e7\u00e3o judicial.<\/p>\n<\/div>\n<\/div>\n<div id=\"chunk-fhb3\">\n<div class=\"mc-column content-text active-extra-styles \" data-block-type=\"unstyled\" data-block-weight=\"34\" data-block-id=\"9\">\n<p class=\"content-text__container \" data-track-category=\"Link no Texto\" data-track-links=\"\">Segundo o MPT, a Poupafarma tamb\u00e9m reconheceu n\u00e3o ter feito o recolhimento do FGTS desde outubro de 2022 e nem o dep\u00f3sito integral de vales transporte e alimenta\u00e7\u00e3o desde dezembro do mesmo ano.<\/p>\n<\/div>\n<\/div>\n<div id=\"chunk-ctfn4\">\n<div class=\"mc-column content-text active-extra-styles \" data-block-type=\"unstyled\" data-block-weight=\"38\" data-block-id=\"10\">\n<p class=\"content-text__container \" data-track-category=\"Link no Texto\" data-track-links=\"\">Em audi\u00eancia com a Poupafarma, o MPT prop\u00f4s um Termo de Ajustamento de Conduta como forma de negociar o cumprimento das obriga\u00e7\u00f5es trabalhistas, mas a empresa recusou a proposta. Por esse motivo, o minist\u00e9rio entrou com o processo.<\/p>\n<p data-track-category=\"Link no Texto\" data-track-links=\"\">A Poupafarma n\u00e3o se manifestou sobre o assunto at\u00e9 o momento.<\/p>\n<p data-track-category=\"Link no Texto\" data-track-links=\"\"><strong>LEIA TAMB\u00c9M<\/strong><\/p>\n<p data-track-category=\"Link no Texto\" data-track-links=\"\"><a href=\"https:\/\/redenoticiaz.com.br\/litoralsp\/2023\/03\/09\/policia-realiza-operacao-contra-crimes-de-violencia-domestica-em-santos\">Pol\u00edcia realiza opera\u00e7\u00e3o contra crimes de viol\u00eancia dom\u00e9stica em Santos<\/a><\/p>\n<\/div>\n<\/div>\n<\/div>\n","protected":false},"excerpt":{"rendered":"<p>A rede de farm\u00e1cias Poupafarma foi processada pelo Minist\u00e9rio P\u00fablico do Trabalho (MPT) de Santos, em R$ 1 milh\u00e3o. O motivo foi por conta da falta de pagamento dos sal\u00e1rios de ex-funcion\u00e1rios e cancelamento de planos de sa\u00fade. O valor da causa j\u00e1 foi calculado prevendo a indeniza\u00e7\u00e3o dos trabalhadores. Al\u00e9m disso, o \u00f3rg\u00e3o tamb\u00e9m &hellip;<\/p>\n","protected":false},"author":6,"featured_media":102192,"comment_status":"open","ping_status":"closed","sticky":false,"template":"","format":"standard","meta":{"footnotes":""},"categories":[22,180],"tags":[18622,10771,63876,16940,63875,986],"class_list":["post-102191","post","type-post","status-publish","format-standard","has-post-thumbnail","hentry","category-justica","category-santos","tag-denuncias","tag-ministerio-publico-do-trabalho","tag-poupafarma","tag-processo","tag-rede-de-farmacias","tag-santos"],"yoast_head":"<!-- This site is optimized with the Yoast SEO plugin v27.5 - https:\/\/yoast.com\/product\/yoast-seo-wordpress\/ -->\n<title>Rede de farm\u00e1cias do Litoral \u00e9 processada em R$ 1 milh\u00e3o pelo MPT - Litoral SP<\/title>\n<meta name=\"description\" content=\"A rede de farm\u00e1cias Poupafarma foi processada pelo Minist\u00e9rio P\u00fablico do Trabalho (MPT) de Santos, em R$ 1 milh\u00e3o. O motivo foi\" \/>\n<meta name=\"robots\" content=\"index, follow, max-snippet:-1, max-image-preview:large, max-video-preview:-1\" \/>\n<link rel=\"canonical\" href=\"https:\/\/redenoticiaz.com.br\/litoralsp\/2023\/03\/10\/rede-de-farmacias-do-litoral-e-processada-em-r-1-milhao-pelo-mpt\" \/>\n<meta property=\"og:locale\" content=\"pt_BR\" \/>\n<meta property=\"og:type\" content=\"article\" \/>\n<meta property=\"og:title\" content=\"Rede de farm\u00e1cias do Litoral \u00e9 processada em R$ 1 milh\u00e3o pelo MPT - Litoral SP\" \/>\n<meta property=\"og:description\" content=\"A rede de farm\u00e1cias Poupafarma foi processada pelo Minist\u00e9rio P\u00fablico do Trabalho (MPT) de Santos, em R$ 1 milh\u00e3o. O motivo foi\" \/>\n<meta property=\"og:url\" content=\"https:\/\/redenoticiaz.com.br\/litoralsp\/2023\/03\/10\/rede-de-farmacias-do-litoral-e-processada-em-r-1-milhao-pelo-mpt\" \/>\n<meta property=\"og:site_name\" content=\"Litoral SP\" \/>\n<meta property=\"article:published_time\" content=\"2023-03-10T12:29:17+00:00\" \/>\n<meta property=\"og:image\" content=\"https:\/\/redenoticiaz.com.br\/litoralsp\/wp-content\/uploads\/sites\/3\/2023\/03\/POUPAFARMA.jpg\" \/>\n\t<meta property=\"og:image:width\" content=\"553\" \/>\n\t<meta property=\"og:image:height\" content=\"364\" \/>\n\t<meta property=\"og:image:type\" content=\"image\/jpeg\" \/>\n<meta name=\"author\" content=\"Leonardo Francisco\" \/>\n<meta name=\"twitter:card\" content=\"summary_large_image\" \/>\n<meta name=\"twitter:label1\" content=\"Escrito por\" \/>\n\t<meta name=\"twitter:data1\" content=\"Leonardo Francisco\" \/>\n\t<meta name=\"twitter:label2\" content=\"Est. tempo de leitura\" \/>\n\t<meta name=\"twitter:data2\" content=\"2 minutos\" \/>\n<script type=\"application\/ld+json\" class=\"yoast-schema-graph\">{\"@context\":\"https:\\\/\\\/schema.org\",\"@graph\":[{\"@type\":\"Article\",\"@id\":\"https:\\\/\\\/redenoticiaz.com.br\\\/litoralsp\\\/2023\\\/03\\\/10\\\/rede-de-farmacias-do-litoral-e-processada-em-r-1-milhao-pelo-mpt#article\",\"isPartOf\":{\"@id\":\"https:\\\/\\\/redenoticiaz.com.br\\\/litoralsp\\\/2023\\\/03\\\/10\\\/rede-de-farmacias-do-litoral-e-processada-em-r-1-milhao-pelo-mpt\"},\"author\":{\"name\":\"Leonardo Francisco\",\"@id\":\"https:\\\/\\\/redenoticiaz.com.br\\\/litoralsp\\\/#\\\/schema\\\/person\\\/0f0b8a5bdafefe82841e07ae8d81ecb3\"},\"headline\":\"Rede de farm\u00e1cias do Litoral \u00e9 processada em R$ 1 milh\u00e3o pelo MPT\",\"datePublished\":\"2023-03-10T12:29:17+00:00\",\"mainEntityOfPage\":{\"@id\":\"https:\\\/\\\/redenoticiaz.com.br\\\/litoralsp\\\/2023\\\/03\\\/10\\\/rede-de-farmacias-do-litoral-e-processada-em-r-1-milhao-pelo-mpt\"},\"wordCount\":346,\"commentCount\":0,\"publisher\":{\"@id\":\"https:\\\/\\\/redenoticiaz.com.br\\\/litoralsp\\\/#organization\"},\"image\":{\"@id\":\"https:\\\/\\\/redenoticiaz.com.br\\\/litoralsp\\\/2023\\\/03\\\/10\\\/rede-de-farmacias-do-litoral-e-processada-em-r-1-milhao-pelo-mpt#primaryimage\"},\"thumbnailUrl\":\"https:\\\/\\\/redenoticiaz.com.br\\\/litoralsp\\\/wp-content\\\/uploads\\\/sites\\\/3\\\/2023\\\/03\\\/POUPAFARMA.jpg\",\"keywords\":[\"DEN\u00daNCIAS\",\"MINIST\u00c9RIO P\u00daBLICO DO TRABALHO\",\"POUPAFARMA\",\"PROCESSO\",\"REDE DE FARM\u00c1CIAS\",\"Santos\"],\"articleSection\":[\"Justi\u00e7a\",\"Santos\"],\"inLanguage\":\"pt-BR\",\"potentialAction\":[{\"@type\":\"CommentAction\",\"name\":\"Comment\",\"target\":[\"https:\\\/\\\/redenoticiaz.com.br\\\/litoralsp\\\/2023\\\/03\\\/10\\\/rede-de-farmacias-do-litoral-e-processada-em-r-1-milhao-pelo-mpt#respond\"]}]},{\"@type\":\"WebPage\",\"@id\":\"https:\\\/\\\/redenoticiaz.com.br\\\/litoralsp\\\/2023\\\/03\\\/10\\\/rede-de-farmacias-do-litoral-e-processada-em-r-1-milhao-pelo-mpt\",\"url\":\"https:\\\/\\\/redenoticiaz.com.br\\\/litoralsp\\\/2023\\\/03\\\/10\\\/rede-de-farmacias-do-litoral-e-processada-em-r-1-milhao-pelo-mpt\",\"name\":\"Rede de farm\u00e1cias do Litoral \u00e9 processada em R$ 1 milh\u00e3o pelo MPT - Litoral SP\",\"isPartOf\":{\"@id\":\"https:\\\/\\\/redenoticiaz.com.br\\\/litoralsp\\\/#website\"},\"primaryImageOfPage\":{\"@id\":\"https:\\\/\\\/redenoticiaz.com.br\\\/litoralsp\\\/2023\\\/03\\\/10\\\/rede-de-farmacias-do-litoral-e-processada-em-r-1-milhao-pelo-mpt#primaryimage\"},\"image\":{\"@id\":\"https:\\\/\\\/redenoticiaz.com.br\\\/litoralsp\\\/2023\\\/03\\\/10\\\/rede-de-farmacias-do-litoral-e-processada-em-r-1-milhao-pelo-mpt#primaryimage\"},\"thumbnailUrl\":\"https:\\\/\\\/redenoticiaz.com.br\\\/litoralsp\\\/wp-content\\\/uploads\\\/sites\\\/3\\\/2023\\\/03\\\/POUPAFARMA.jpg\",\"datePublished\":\"2023-03-10T12:29:17+00:00\",\"description\":\"A rede de farm\u00e1cias Poupafarma foi processada pelo Minist\u00e9rio P\u00fablico do Trabalho (MPT) de Santos, em R$ 1 milh\u00e3o. O motivo foi\",\"inLanguage\":\"pt-BR\",\"potentialAction\":[{\"@type\":\"ReadAction\",\"target\":[\"https:\\\/\\\/redenoticiaz.com.br\\\/litoralsp\\\/2023\\\/03\\\/10\\\/rede-de-farmacias-do-litoral-e-processada-em-r-1-milhao-pelo-mpt\"]}]},{\"@type\":\"ImageObject\",\"inLanguage\":\"pt-BR\",\"@id\":\"https:\\\/\\\/redenoticiaz.com.br\\\/litoralsp\\\/2023\\\/03\\\/10\\\/rede-de-farmacias-do-litoral-e-processada-em-r-1-milhao-pelo-mpt#primaryimage\",\"url\":\"https:\\\/\\\/redenoticiaz.com.br\\\/litoralsp\\\/wp-content\\\/uploads\\\/sites\\\/3\\\/2023\\\/03\\\/POUPAFARMA.jpg\",\"contentUrl\":\"https:\\\/\\\/redenoticiaz.com.br\\\/litoralsp\\\/wp-content\\\/uploads\\\/sites\\\/3\\\/2023\\\/03\\\/POUPAFARMA.jpg\",\"width\":553,\"height\":364,\"caption\":\"Cr\u00e9ditos: Reprodu\u00e7\u00e3o\"},{\"@type\":\"WebSite\",\"@id\":\"https:\\\/\\\/redenoticiaz.com.br\\\/litoralsp\\\/#website\",\"url\":\"https:\\\/\\\/redenoticiaz.com.br\\\/litoralsp\\\/\",\"name\":\"Litoral SP\",\"description\":\"Rede NoticiaZ\",\"publisher\":{\"@id\":\"https:\\\/\\\/redenoticiaz.com.br\\\/litoralsp\\\/#organization\"},\"potentialAction\":[{\"@type\":\"SearchAction\",\"target\":{\"@type\":\"EntryPoint\",\"urlTemplate\":\"https:\\\/\\\/redenoticiaz.com.br\\\/litoralsp\\\/?s={search_term_string}\"},\"query-input\":{\"@type\":\"PropertyValueSpecification\",\"valueRequired\":true,\"valueName\":\"search_term_string\"}}],\"inLanguage\":\"pt-BR\"},{\"@type\":\"Organization\",\"@id\":\"https:\\\/\\\/redenoticiaz.com.br\\\/litoralsp\\\/#organization\",\"name\":\"Litoral SP\",\"url\":\"https:\\\/\\\/redenoticiaz.com.br\\\/litoralsp\\\/\",\"logo\":{\"@type\":\"ImageObject\",\"inLanguage\":\"pt-BR\",\"@id\":\"https:\\\/\\\/redenoticiaz.com.br\\\/litoralsp\\\/#\\\/schema\\\/logo\\\/image\\\/\",\"url\":\"https:\\\/\\\/redenoticiaz.com.br\\\/litoralsp\\\/wp-content\\\/uploads\\\/sites\\\/3\\\/2020\\\/11\\\/logo.jpg\",\"contentUrl\":\"https:\\\/\\\/redenoticiaz.com.br\\\/litoralsp\\\/wp-content\\\/uploads\\\/sites\\\/3\\\/2020\\\/11\\\/logo.jpg\",\"width\":400,\"height\":250,\"caption\":\"Litoral SP\"},\"image\":{\"@id\":\"https:\\\/\\\/redenoticiaz.com.br\\\/litoralsp\\\/#\\\/schema\\\/logo\\\/image\\\/\"}},{\"@type\":\"Person\",\"@id\":\"https:\\\/\\\/redenoticiaz.com.br\\\/litoralsp\\\/#\\\/schema\\\/person\\\/0f0b8a5bdafefe82841e07ae8d81ecb3\",\"name\":\"Leonardo Francisco\",\"image\":{\"@type\":\"ImageObject\",\"inLanguage\":\"pt-BR\",\"@id\":\"https:\\\/\\\/secure.gravatar.com\\\/avatar\\\/a7358cb406a99b682ec6df1e77e31ae82e63601f6784e8a3df411d72b37864da?s=96&d=mm&r=g\",\"url\":\"https:\\\/\\\/secure.gravatar.com\\\/avatar\\\/a7358cb406a99b682ec6df1e77e31ae82e63601f6784e8a3df411d72b37864da?s=96&d=mm&r=g\",\"contentUrl\":\"https:\\\/\\\/secure.gravatar.com\\\/avatar\\\/a7358cb406a99b682ec6df1e77e31ae82e63601f6784e8a3df411d72b37864da?s=96&d=mm&r=g\",\"caption\":\"Leonardo Francisco\"},\"url\":\"https:\\\/\\\/redenoticiaz.com.br\\\/litoralsp\\\/author\\\/leonardo-francisco\"}]}<\/script>\n<!-- \/ Yoast SEO plugin. -->","yoast_head_json":{"title":"Rede de farm\u00e1cias do Litoral \u00e9 processada em R$ 1 milh\u00e3o pelo MPT - Litoral SP","description":"A rede de farm\u00e1cias Poupafarma foi processada pelo Minist\u00e9rio P\u00fablico do Trabalho (MPT) de Santos, em R$ 1 milh\u00e3o. O motivo foi","robots":{"index":"index","follow":"follow","max-snippet":"max-snippet:-1","max-image-preview":"max-image-preview:large","max-video-preview":"max-video-preview:-1"},"canonical":"https:\/\/redenoticiaz.com.br\/litoralsp\/2023\/03\/10\/rede-de-farmacias-do-litoral-e-processada-em-r-1-milhao-pelo-mpt","og_locale":"pt_BR","og_type":"article","og_title":"Rede de farm\u00e1cias do Litoral \u00e9 processada em R$ 1 milh\u00e3o pelo MPT - Litoral SP","og_description":"A rede de farm\u00e1cias Poupafarma foi processada pelo Minist\u00e9rio P\u00fablico do Trabalho (MPT) de Santos, em R$ 1 milh\u00e3o. O motivo foi","og_url":"https:\/\/redenoticiaz.com.br\/litoralsp\/2023\/03\/10\/rede-de-farmacias-do-litoral-e-processada-em-r-1-milhao-pelo-mpt","og_site_name":"Litoral SP","article_published_time":"2023-03-10T12:29:17+00:00","og_image":[{"width":553,"height":364,"url":"https:\/\/redenoticiaz.com.br\/litoralsp\/wp-content\/uploads\/sites\/3\/2023\/03\/POUPAFARMA.jpg","type":"image\/jpeg"}],"author":"Leonardo Francisco","twitter_card":"summary_large_image","twitter_misc":{"Escrito por":"Leonardo Francisco","Est. tempo de leitura":"2 minutos"},"schema":{"@context":"https:\/\/schema.org","@graph":[{"@type":"Article","@id":"https:\/\/redenoticiaz.com.br\/litoralsp\/2023\/03\/10\/rede-de-farmacias-do-litoral-e-processada-em-r-1-milhao-pelo-mpt#article","isPartOf":{"@id":"https:\/\/redenoticiaz.com.br\/litoralsp\/2023\/03\/10\/rede-de-farmacias-do-litoral-e-processada-em-r-1-milhao-pelo-mpt"},"author":{"name":"Leonardo Francisco","@id":"https:\/\/redenoticiaz.com.br\/litoralsp\/#\/schema\/person\/0f0b8a5bdafefe82841e07ae8d81ecb3"},"headline":"Rede de farm\u00e1cias do Litoral \u00e9 processada em R$ 1 milh\u00e3o pelo MPT","datePublished":"2023-03-10T12:29:17+00:00","mainEntityOfPage":{"@id":"https:\/\/redenoticiaz.com.br\/litoralsp\/2023\/03\/10\/rede-de-farmacias-do-litoral-e-processada-em-r-1-milhao-pelo-mpt"},"wordCount":346,"commentCount":0,"publisher":{"@id":"https:\/\/redenoticiaz.com.br\/litoralsp\/#organization"},"image":{"@id":"https:\/\/redenoticiaz.com.br\/litoralsp\/2023\/03\/10\/rede-de-farmacias-do-litoral-e-processada-em-r-1-milhao-pelo-mpt#primaryimage"},"thumbnailUrl":"https:\/\/redenoticiaz.com.br\/litoralsp\/wp-content\/uploads\/sites\/3\/2023\/03\/POUPAFARMA.jpg","keywords":["DEN\u00daNCIAS","MINIST\u00c9RIO P\u00daBLICO DO TRABALHO","POUPAFARMA","PROCESSO","REDE DE FARM\u00c1CIAS","Santos"],"articleSection":["Justi\u00e7a","Santos"],"inLanguage":"pt-BR","potentialAction":[{"@type":"CommentAction","name":"Comment","target":["https:\/\/redenoticiaz.com.br\/litoralsp\/2023\/03\/10\/rede-de-farmacias-do-litoral-e-processada-em-r-1-milhao-pelo-mpt#respond"]}]},{"@type":"WebPage","@id":"https:\/\/redenoticiaz.com.br\/litoralsp\/2023\/03\/10\/rede-de-farmacias-do-litoral-e-processada-em-r-1-milhao-pelo-mpt","url":"https:\/\/redenoticiaz.com.br\/litoralsp\/2023\/03\/10\/rede-de-farmacias-do-litoral-e-processada-em-r-1-milhao-pelo-mpt","name":"Rede de farm\u00e1cias do Litoral \u00e9 processada em R$ 1 milh\u00e3o pelo MPT - Litoral SP","isPartOf":{"@id":"https:\/\/redenoticiaz.com.br\/litoralsp\/#website"},"primaryImageOfPage":{"@id":"https:\/\/redenoticiaz.com.br\/litoralsp\/2023\/03\/10\/rede-de-farmacias-do-litoral-e-processada-em-r-1-milhao-pelo-mpt#primaryimage"},"image":{"@id":"https:\/\/redenoticiaz.com.br\/litoralsp\/2023\/03\/10\/rede-de-farmacias-do-litoral-e-processada-em-r-1-milhao-pelo-mpt#primaryimage"},"thumbnailUrl":"https:\/\/redenoticiaz.com.br\/litoralsp\/wp-content\/uploads\/sites\/3\/2023\/03\/POUPAFARMA.jpg","datePublished":"2023-03-10T12:29:17+00:00","description":"A rede de farm\u00e1cias Poupafarma foi processada pelo Minist\u00e9rio P\u00fablico do Trabalho (MPT) de Santos, em R$ 1 milh\u00e3o. O motivo foi","inLanguage":"pt-BR","potentialAction":[{"@type":"ReadAction","target":["https:\/\/redenoticiaz.com.br\/litoralsp\/2023\/03\/10\/rede-de-farmacias-do-litoral-e-processada-em-r-1-milhao-pelo-mpt"]}]},{"@type":"ImageObject","inLanguage":"pt-BR","@id":"https:\/\/redenoticiaz.com.br\/litoralsp\/2023\/03\/10\/rede-de-farmacias-do-litoral-e-processada-em-r-1-milhao-pelo-mpt#primaryimage","url":"https:\/\/redenoticiaz.com.br\/litoralsp\/wp-content\/uploads\/sites\/3\/2023\/03\/POUPAFARMA.jpg","contentUrl":"https:\/\/redenoticiaz.com.br\/litoralsp\/wp-content\/uploads\/sites\/3\/2023\/03\/POUPAFARMA.jpg","width":553,"height":364,"caption":"Cr\u00e9ditos: Reprodu\u00e7\u00e3o"},{"@type":"WebSite","@id":"https:\/\/redenoticiaz.com.br\/litoralsp\/#website","url":"https:\/\/redenoticiaz.com.br\/litoralsp\/","name":"Litoral SP","description":"Rede NoticiaZ","publisher":{"@id":"https:\/\/redenoticiaz.com.br\/litoralsp\/#organization"},"potentialAction":[{"@type":"SearchAction","target":{"@type":"EntryPoint","urlTemplate":"https:\/\/redenoticiaz.com.br\/litoralsp\/?s={search_term_string}"},"query-input":{"@type":"PropertyValueSpecification","valueRequired":true,"valueName":"search_term_string"}}],"inLanguage":"pt-BR"},{"@type":"Organization","@id":"https:\/\/redenoticiaz.com.br\/litoralsp\/#organization","name":"Litoral SP","url":"https:\/\/redenoticiaz.com.br\/litoralsp\/","logo":{"@type":"ImageObject","inLanguage":"pt-BR","@id":"https:\/\/redenoticiaz.com.br\/litoralsp\/#\/schema\/logo\/image\/","url":"https:\/\/redenoticiaz.com.br\/litoralsp\/wp-content\/uploads\/sites\/3\/2020\/11\/logo.jpg","contentUrl":"https:\/\/redenoticiaz.com.br\/litoralsp\/wp-content\/uploads\/sites\/3\/2020\/11\/logo.jpg","width":400,"height":250,"caption":"Litoral SP"},"image":{"@id":"https:\/\/redenoticiaz.com.br\/litoralsp\/#\/schema\/logo\/image\/"}},{"@type":"Person","@id":"https:\/\/redenoticiaz.com.br\/litoralsp\/#\/schema\/person\/0f0b8a5bdafefe82841e07ae8d81ecb3","name":"Leonardo Francisco","image":{"@type":"ImageObject","inLanguage":"pt-BR","@id":"https:\/\/secure.gravatar.com\/avatar\/a7358cb406a99b682ec6df1e77e31ae82e63601f6784e8a3df411d72b37864da?s=96&d=mm&r=g","url":"https:\/\/secure.gravatar.com\/avatar\/a7358cb406a99b682ec6df1e77e31ae82e63601f6784e8a3df411d72b37864da?s=96&d=mm&r=g","contentUrl":"https:\/\/secure.gravatar.com\/avatar\/a7358cb406a99b682ec6df1e77e31ae82e63601f6784e8a3df411d72b37864da?s=96&d=mm&r=g","caption":"Leonardo Francisco"},"url":"https:\/\/redenoticiaz.com.br\/litoralsp\/author\/leonardo-francisco"}]}},"_links":{"self":[{"href":"https:\/\/redenoticiaz.com.br\/litoralsp\/wp-json\/wp\/v2\/posts\/102191","targetHints":{"allow":["GET"]}}],"collection":[{"href":"https:\/\/redenoticiaz.com.br\/litoralsp\/wp-json\/wp\/v2\/posts"}],"about":[{"href":"https:\/\/redenoticiaz.com.br\/litoralsp\/wp-json\/wp\/v2\/types\/post"}],"author":[{"embeddable":true,"href":"https:\/\/redenoticiaz.com.br\/litoralsp\/wp-json\/wp\/v2\/users\/6"}],"replies":[{"embeddable":true,"href":"https:\/\/redenoticiaz.com.br\/litoralsp\/wp-json\/wp\/v2\/comments?post=102191"}],"version-history":[{"count":2,"href":"https:\/\/redenoticiaz.com.br\/litoralsp\/wp-json\/wp\/v2\/posts\/102191\/revisions"}],"predecessor-version":[{"id":102194,"href":"https:\/\/redenoticiaz.com.br\/litoralsp\/wp-json\/wp\/v2\/posts\/102191\/revisions\/102194"}],"wp:featuredmedia":[{"embeddable":true,"href":"https:\/\/redenoticiaz.com.br\/litoralsp\/wp-json\/wp\/v2\/media\/102192"}],"wp:attachment":[{"href":"https:\/\/redenoticiaz.com.br\/litoralsp\/wp-json\/wp\/v2\/media?parent=102191"}],"wp:term":[{"taxonomy":"category","embeddable":true,"href":"https:\/\/redenoticiaz.com.br\/litoralsp\/wp-json\/wp\/v2\/categories?post=102191"},{"taxonomy":"post_tag","embeddable":true,"href":"https:\/\/redenoticiaz.com.br\/litoralsp\/wp-json\/wp\/v2\/tags?post=102191"}],"curies":[{"name":"wp","href":"https:\/\/api.w.org\/{rel}","templated":true}]}}