{"id":102198,"date":"2023-03-10T10:03:26","date_gmt":"2023-03-10T13:03:26","guid":{"rendered":"https:\/\/redenoticiaz.com.br\/litoralsp\/?p=102198"},"modified":"2023-03-10T10:03:26","modified_gmt":"2023-03-10T13:03:26","slug":"se-liga-prazo-para-a-inscricao-no-fies-vai-ate-esta-sexta-10","status":"publish","type":"post","link":"https:\/\/redenoticiaz.com.br\/litoralsp\/2023\/03\/10\/se-liga-prazo-para-a-inscricao-no-fies-vai-ate-esta-sexta-10","title":{"rendered":"Se liga! Prazo para a inscri\u00e7\u00e3o no Fies vai at\u00e9 esta sexta (10)"},"content":{"rendered":"<div class=\"post-item-wrap\">\n<p>O estudante interessado em participar do <strong>Fundo de Financiamento Estudantil (Fies)<\/strong>, que ainda n\u00e3o se inscreveram devem correr contra o tempo. Isto porque o prazo para a inscri\u00e7\u00e3o termina \u00e0s 23h59 desta sexta-feira (10). O programa do Minist\u00e9rio da Educa\u00e7\u00e3o (MEC) proporciona cursos de gradua\u00e7\u00e3o de estudantes que n\u00e3o t\u00eam condi\u00e7\u00f5es de pagar as mensalidades das faculdades da rede de ensino privada.<\/p>\n<p>De acordo com a pasta, como se trata de um empr\u00e9stimo, ao concluir o curso o benefici\u00e1rio ter\u00e1 de pagar a d\u00edvida. Segundo o MEC, ser\u00e3o oferecidas 67 mil vagas no primeiro semestre, de um total de 112 mil para este ano.<img decoding=\"async\" src=\"https:\/\/agenciabrasil.ebc.com.br\/ebc.png?id=1515362&amp;o=node\" \/><img decoding=\"async\" src=\"https:\/\/agenciabrasil.ebc.com.br\/ebc.gif?id=1515362&amp;o=node\" \/><\/p>\n<p>Para fazer a inscri\u00e7\u00e3o o interessado deve acessar <a href=\"https:\/\/acessounico.mec.gov.br\/\" target=\"_blank\" rel=\"noopener\">Portal \u00danico de Acesso ao Ensino Superior<\/a> que tamb\u00e9m re\u00fane informa\u00e7\u00f5es e resultados do Sistema de Sele\u00e7\u00e3o Unificada (Sisu) e do Programa Universidade para Todos (Prouni). Os candidatos ter\u00e3o que indicar tr\u00eas op\u00e7\u00f5es de cursos de gradua\u00e7\u00e3o.<\/p>\n<h3>Conhe\u00e7a os crit\u00e9rios<\/h3>\n<p>Para pleitear o financiamento, o estudante deve ter feito o Exame Nacional do Ensino M\u00e9dio (Enem) de 2010 a 2022, com m\u00e9dia nas notas igual ou superior a 450, e n\u00e3o pode ter zerado a reda\u00e7\u00e3o. Os candidatos tamb\u00e9m precisam comprovar renda familiar mensal bruta de at\u00e9 tr\u00eas sal\u00e1rios m\u00ednimos por pessoa.<\/p>\n<p>Estudantes que t\u00eam bolsa parcial do Prouni podem participar do processo seletivo do Fies e financiar a parte da mensalidade n\u00e3o coberta pela bolsa, desde que se enquadrem nas condi\u00e7\u00f5es previstas no edital do processo seletivo.<\/p>\n<p>Para verificar as institui\u00e7\u00f5es e op\u00e7\u00f5es de vagas dispon\u00edveis, basta acessar o Portal Acesso \u00danico e clicar no bot\u00e3o \u201cConsultar oferta de vagas\u201d. Ser\u00e3o exibidas as vagas dispon\u00edveis por estado, munic\u00edpio, nome do curso, conceito do curso no MEC e, opcionalmente, \u00e9 poss\u00edvel escolher a institui\u00e7\u00e3o de ensino e o local de oferta.<\/p>\n<h5>Calend\u00e1rio do Fies<\/h5>\n<ul>\n<li>Inscri\u00e7\u00f5es: 7 a 10 de mar\u00e7o<\/li>\n<li>Resultados (pr\u00e9-selecionados): 14 de mar\u00e7o<\/li>\n<li>Complementa\u00e7\u00e3o das inscri\u00e7\u00f5es dos pr\u00e9-selecionados: 15 a 17 de mar\u00e7o<\/li>\n<li>Convoca\u00e7\u00e3o da lista de espera: 21 de mar\u00e7o a 18 de maio<\/li>\n<\/ul>\n<p><strong>LEIA TAMB\u00c9M<\/strong><\/p>\n<p><a href=\"https:\/\/redenoticiaz.com.br\/litoralsp\/2023\/03\/06\/chamados-no-sisu-devem-fazer-a-matricula-ate-quarta\">Chamados no Sisu devem fazer a matr\u00edcula at\u00e9 quarta<\/a><\/p>\n<\/div>\n","protected":false},"excerpt":{"rendered":"<p>O estudante interessado em participar do Fundo de Financiamento Estudantil (Fies), que ainda n\u00e3o se inscreveram devem correr contra o tempo. Isto porque o prazo para a inscri\u00e7\u00e3o termina \u00e0s 23h59 desta sexta-feira (10). O programa do Minist\u00e9rio da Educa\u00e7\u00e3o (MEC) proporciona cursos de gradua\u00e7\u00e3o de estudantes que n\u00e3o t\u00eam condi\u00e7\u00f5es de pagar as mensalidades &hellip;<\/p>\n","protected":false},"author":6,"featured_media":102199,"comment_status":"open","ping_status":"closed","sticky":false,"template":"","format":"standard","meta":{"footnotes":""},"categories":[44],"tags":[173,120,7980,58897,63878],"class_list":["post-102198","post","type-post","status-publish","format-standard","has-post-thumbnail","hentry","category-educacao","tag-brasil","tag-educacao","tag-enem","tag-fies","tag-prazo-para-a-inscricao"],"yoast_head":"<!-- This site is optimized with the Yoast SEO plugin v27.5 - https:\/\/yoast.com\/product\/yoast-seo-wordpress\/ -->\n<title>Se liga! Prazo para a inscri\u00e7\u00e3o no Fies vai at\u00e9 esta sexta (10) - Litoral SP<\/title>\n<meta name=\"description\" content=\"O estudante interessado em participar do Fundo de Financiamento Estudantil (Fies), que ainda n\u00e3o se inscreveram devem correr contra\" \/>\n<meta name=\"robots\" content=\"index, follow, max-snippet:-1, max-image-preview:large, max-video-preview:-1\" \/>\n<link rel=\"canonical\" href=\"https:\/\/redenoticiaz.com.br\/litoralsp\/2023\/03\/10\/se-liga-prazo-para-a-inscricao-no-fies-vai-ate-esta-sexta-10\" \/>\n<meta property=\"og:locale\" content=\"pt_BR\" \/>\n<meta property=\"og:type\" content=\"article\" \/>\n<meta property=\"og:title\" content=\"Se liga! Prazo para a inscri\u00e7\u00e3o no Fies vai at\u00e9 esta sexta (10) - Litoral SP\" \/>\n<meta property=\"og:description\" content=\"O estudante interessado em participar do Fundo de Financiamento Estudantil (Fies), que ainda n\u00e3o se inscreveram devem correr contra\" \/>\n<meta property=\"og:url\" content=\"https:\/\/redenoticiaz.com.br\/litoralsp\/2023\/03\/10\/se-liga-prazo-para-a-inscricao-no-fies-vai-ate-esta-sexta-10\" \/>\n<meta property=\"og:site_name\" content=\"Litoral SP\" \/>\n<meta property=\"article:published_time\" content=\"2023-03-10T13:03:26+00:00\" \/>\n<meta property=\"og:image\" content=\"https:\/\/redenoticiaz.com.br\/litoralsp\/wp-content\/uploads\/sites\/3\/2023\/03\/enem_vac_abr_2811214312.jpg\" \/>\n\t<meta property=\"og:image:width\" content=\"1170\" \/>\n\t<meta property=\"og:image:height\" content=\"700\" \/>\n\t<meta property=\"og:image:type\" content=\"image\/jpeg\" \/>\n<meta name=\"author\" content=\"Leonardo Francisco\" \/>\n<meta name=\"twitter:card\" content=\"summary_large_image\" \/>\n<meta name=\"twitter:label1\" content=\"Escrito por\" \/>\n\t<meta name=\"twitter:data1\" content=\"Leonardo Francisco\" \/>\n\t<meta name=\"twitter:label2\" content=\"Est. tempo de leitura\" \/>\n\t<meta name=\"twitter:data2\" content=\"3 minutos\" \/>\n<script type=\"application\/ld+json\" class=\"yoast-schema-graph\">{\"@context\":\"https:\\\/\\\/schema.org\",\"@graph\":[{\"@type\":\"Article\",\"@id\":\"https:\\\/\\\/redenoticiaz.com.br\\\/litoralsp\\\/2023\\\/03\\\/10\\\/se-liga-prazo-para-a-inscricao-no-fies-vai-ate-esta-sexta-10#article\",\"isPartOf\":{\"@id\":\"https:\\\/\\\/redenoticiaz.com.br\\\/litoralsp\\\/2023\\\/03\\\/10\\\/se-liga-prazo-para-a-inscricao-no-fies-vai-ate-esta-sexta-10\"},\"author\":{\"name\":\"Leonardo Francisco\",\"@id\":\"https:\\\/\\\/redenoticiaz.com.br\\\/litoralsp\\\/#\\\/schema\\\/person\\\/0f0b8a5bdafefe82841e07ae8d81ecb3\"},\"headline\":\"Se liga! Prazo para a inscri\u00e7\u00e3o no Fies vai at\u00e9 esta sexta (10)\",\"datePublished\":\"2023-03-10T13:03:26+00:00\",\"mainEntityOfPage\":{\"@id\":\"https:\\\/\\\/redenoticiaz.com.br\\\/litoralsp\\\/2023\\\/03\\\/10\\\/se-liga-prazo-para-a-inscricao-no-fies-vai-ate-esta-sexta-10\"},\"wordCount\":395,\"commentCount\":0,\"publisher\":{\"@id\":\"https:\\\/\\\/redenoticiaz.com.br\\\/litoralsp\\\/#organization\"},\"image\":{\"@id\":\"https:\\\/\\\/redenoticiaz.com.br\\\/litoralsp\\\/2023\\\/03\\\/10\\\/se-liga-prazo-para-a-inscricao-no-fies-vai-ate-esta-sexta-10#primaryimage\"},\"thumbnailUrl\":\"https:\\\/\\\/redenoticiaz.com.br\\\/litoralsp\\\/wp-content\\\/uploads\\\/sites\\\/3\\\/2023\\\/03\\\/enem_vac_abr_2811214312.jpg\",\"keywords\":[\"Brasil\",\"educa\u00e7\u00e3o\",\"ENEM\",\"FIES\",\"PRAZO PARA A INSCRI\u00c7\u00c3O\"],\"articleSection\":[\"Educa\u00e7\u00e3o\"],\"inLanguage\":\"pt-BR\",\"potentialAction\":[{\"@type\":\"CommentAction\",\"name\":\"Comment\",\"target\":[\"https:\\\/\\\/redenoticiaz.com.br\\\/litoralsp\\\/2023\\\/03\\\/10\\\/se-liga-prazo-para-a-inscricao-no-fies-vai-ate-esta-sexta-10#respond\"]}]},{\"@type\":\"WebPage\",\"@id\":\"https:\\\/\\\/redenoticiaz.com.br\\\/litoralsp\\\/2023\\\/03\\\/10\\\/se-liga-prazo-para-a-inscricao-no-fies-vai-ate-esta-sexta-10\",\"url\":\"https:\\\/\\\/redenoticiaz.com.br\\\/litoralsp\\\/2023\\\/03\\\/10\\\/se-liga-prazo-para-a-inscricao-no-fies-vai-ate-esta-sexta-10\",\"name\":\"Se liga! Prazo para a inscri\u00e7\u00e3o no Fies vai at\u00e9 esta sexta (10) - Litoral SP\",\"isPartOf\":{\"@id\":\"https:\\\/\\\/redenoticiaz.com.br\\\/litoralsp\\\/#website\"},\"primaryImageOfPage\":{\"@id\":\"https:\\\/\\\/redenoticiaz.com.br\\\/litoralsp\\\/2023\\\/03\\\/10\\\/se-liga-prazo-para-a-inscricao-no-fies-vai-ate-esta-sexta-10#primaryimage\"},\"image\":{\"@id\":\"https:\\\/\\\/redenoticiaz.com.br\\\/litoralsp\\\/2023\\\/03\\\/10\\\/se-liga-prazo-para-a-inscricao-no-fies-vai-ate-esta-sexta-10#primaryimage\"},\"thumbnailUrl\":\"https:\\\/\\\/redenoticiaz.com.br\\\/litoralsp\\\/wp-content\\\/uploads\\\/sites\\\/3\\\/2023\\\/03\\\/enem_vac_abr_2811214312.jpg\",\"datePublished\":\"2023-03-10T13:03:26+00:00\",\"description\":\"O estudante interessado em participar do Fundo de Financiamento Estudantil (Fies), que ainda n\u00e3o se inscreveram devem correr contra\",\"inLanguage\":\"pt-BR\",\"potentialAction\":[{\"@type\":\"ReadAction\",\"target\":[\"https:\\\/\\\/redenoticiaz.com.br\\\/litoralsp\\\/2023\\\/03\\\/10\\\/se-liga-prazo-para-a-inscricao-no-fies-vai-ate-esta-sexta-10\"]}]},{\"@type\":\"ImageObject\",\"inLanguage\":\"pt-BR\",\"@id\":\"https:\\\/\\\/redenoticiaz.com.br\\\/litoralsp\\\/2023\\\/03\\\/10\\\/se-liga-prazo-para-a-inscricao-no-fies-vai-ate-esta-sexta-10#primaryimage\",\"url\":\"https:\\\/\\\/redenoticiaz.com.br\\\/litoralsp\\\/wp-content\\\/uploads\\\/sites\\\/3\\\/2023\\\/03\\\/enem_vac_abr_2811214312.jpg\",\"contentUrl\":\"https:\\\/\\\/redenoticiaz.com.br\\\/litoralsp\\\/wp-content\\\/uploads\\\/sites\\\/3\\\/2023\\\/03\\\/enem_vac_abr_2811214312.jpg\",\"width\":1170,\"height\":700,\"caption\":\"Participantes do Exame Nacional do Ensino M\u00e9dio (Enem) 2021. Cr\u00e9ditos: Divulga\u00e7\u00e3o\\\/Ag\u00eancia Brasil\"},{\"@type\":\"WebSite\",\"@id\":\"https:\\\/\\\/redenoticiaz.com.br\\\/litoralsp\\\/#website\",\"url\":\"https:\\\/\\\/redenoticiaz.com.br\\\/litoralsp\\\/\",\"name\":\"Litoral SP\",\"description\":\"Rede NoticiaZ\",\"publisher\":{\"@id\":\"https:\\\/\\\/redenoticiaz.com.br\\\/litoralsp\\\/#organization\"},\"potentialAction\":[{\"@type\":\"SearchAction\",\"target\":{\"@type\":\"EntryPoint\",\"urlTemplate\":\"https:\\\/\\\/redenoticiaz.com.br\\\/litoralsp\\\/?s={search_term_string}\"},\"query-input\":{\"@type\":\"PropertyValueSpecification\",\"valueRequired\":true,\"valueName\":\"search_term_string\"}}],\"inLanguage\":\"pt-BR\"},{\"@type\":\"Organization\",\"@id\":\"https:\\\/\\\/redenoticiaz.com.br\\\/litoralsp\\\/#organization\",\"name\":\"Litoral SP\",\"url\":\"https:\\\/\\\/redenoticiaz.com.br\\\/litoralsp\\\/\",\"logo\":{\"@type\":\"ImageObject\",\"inLanguage\":\"pt-BR\",\"@id\":\"https:\\\/\\\/redenoticiaz.com.br\\\/litoralsp\\\/#\\\/schema\\\/logo\\\/image\\\/\",\"url\":\"https:\\\/\\\/redenoticiaz.com.br\\\/litoralsp\\\/wp-content\\\/uploads\\\/sites\\\/3\\\/2020\\\/11\\\/logo.jpg\",\"contentUrl\":\"https:\\\/\\\/redenoticiaz.com.br\\\/litoralsp\\\/wp-content\\\/uploads\\\/sites\\\/3\\\/2020\\\/11\\\/logo.jpg\",\"width\":400,\"height\":250,\"caption\":\"Litoral SP\"},\"image\":{\"@id\":\"https:\\\/\\\/redenoticiaz.com.br\\\/litoralsp\\\/#\\\/schema\\\/logo\\\/image\\\/\"}},{\"@type\":\"Person\",\"@id\":\"https:\\\/\\\/redenoticiaz.com.br\\\/litoralsp\\\/#\\\/schema\\\/person\\\/0f0b8a5bdafefe82841e07ae8d81ecb3\",\"name\":\"Leonardo Francisco\",\"image\":{\"@type\":\"ImageObject\",\"inLanguage\":\"pt-BR\",\"@id\":\"https:\\\/\\\/secure.gravatar.com\\\/avatar\\\/a7358cb406a99b682ec6df1e77e31ae82e63601f6784e8a3df411d72b37864da?s=96&d=mm&r=g\",\"url\":\"https:\\\/\\\/secure.gravatar.com\\\/avatar\\\/a7358cb406a99b682ec6df1e77e31ae82e63601f6784e8a3df411d72b37864da?s=96&d=mm&r=g\",\"contentUrl\":\"https:\\\/\\\/secure.gravatar.com\\\/avatar\\\/a7358cb406a99b682ec6df1e77e31ae82e63601f6784e8a3df411d72b37864da?s=96&d=mm&r=g\",\"caption\":\"Leonardo Francisco\"},\"url\":\"https:\\\/\\\/redenoticiaz.com.br\\\/litoralsp\\\/author\\\/leonardo-francisco\"}]}<\/script>\n<!-- \/ Yoast SEO plugin. -->","yoast_head_json":{"title":"Se liga! Prazo para a inscri\u00e7\u00e3o no Fies vai at\u00e9 esta sexta (10) - Litoral SP","description":"O estudante interessado em participar do Fundo de Financiamento Estudantil (Fies), que ainda n\u00e3o se inscreveram devem correr contra","robots":{"index":"index","follow":"follow","max-snippet":"max-snippet:-1","max-image-preview":"max-image-preview:large","max-video-preview":"max-video-preview:-1"},"canonical":"https:\/\/redenoticiaz.com.br\/litoralsp\/2023\/03\/10\/se-liga-prazo-para-a-inscricao-no-fies-vai-ate-esta-sexta-10","og_locale":"pt_BR","og_type":"article","og_title":"Se liga! Prazo para a inscri\u00e7\u00e3o no Fies vai at\u00e9 esta sexta (10) - Litoral SP","og_description":"O estudante interessado em participar do Fundo de Financiamento Estudantil (Fies), que ainda n\u00e3o se inscreveram devem correr contra","og_url":"https:\/\/redenoticiaz.com.br\/litoralsp\/2023\/03\/10\/se-liga-prazo-para-a-inscricao-no-fies-vai-ate-esta-sexta-10","og_site_name":"Litoral SP","article_published_time":"2023-03-10T13:03:26+00:00","og_image":[{"width":1170,"height":700,"url":"https:\/\/redenoticiaz.com.br\/litoralsp\/wp-content\/uploads\/sites\/3\/2023\/03\/enem_vac_abr_2811214312.jpg","type":"image\/jpeg"}],"author":"Leonardo Francisco","twitter_card":"summary_large_image","twitter_misc":{"Escrito por":"Leonardo Francisco","Est. tempo de leitura":"3 minutos"},"schema":{"@context":"https:\/\/schema.org","@graph":[{"@type":"Article","@id":"https:\/\/redenoticiaz.com.br\/litoralsp\/2023\/03\/10\/se-liga-prazo-para-a-inscricao-no-fies-vai-ate-esta-sexta-10#article","isPartOf":{"@id":"https:\/\/redenoticiaz.com.br\/litoralsp\/2023\/03\/10\/se-liga-prazo-para-a-inscricao-no-fies-vai-ate-esta-sexta-10"},"author":{"name":"Leonardo Francisco","@id":"https:\/\/redenoticiaz.com.br\/litoralsp\/#\/schema\/person\/0f0b8a5bdafefe82841e07ae8d81ecb3"},"headline":"Se liga! Prazo para a inscri\u00e7\u00e3o no Fies vai at\u00e9 esta sexta (10)","datePublished":"2023-03-10T13:03:26+00:00","mainEntityOfPage":{"@id":"https:\/\/redenoticiaz.com.br\/litoralsp\/2023\/03\/10\/se-liga-prazo-para-a-inscricao-no-fies-vai-ate-esta-sexta-10"},"wordCount":395,"commentCount":0,"publisher":{"@id":"https:\/\/redenoticiaz.com.br\/litoralsp\/#organization"},"image":{"@id":"https:\/\/redenoticiaz.com.br\/litoralsp\/2023\/03\/10\/se-liga-prazo-para-a-inscricao-no-fies-vai-ate-esta-sexta-10#primaryimage"},"thumbnailUrl":"https:\/\/redenoticiaz.com.br\/litoralsp\/wp-content\/uploads\/sites\/3\/2023\/03\/enem_vac_abr_2811214312.jpg","keywords":["Brasil","educa\u00e7\u00e3o","ENEM","FIES","PRAZO PARA A INSCRI\u00c7\u00c3O"],"articleSection":["Educa\u00e7\u00e3o"],"inLanguage":"pt-BR","potentialAction":[{"@type":"CommentAction","name":"Comment","target":["https:\/\/redenoticiaz.com.br\/litoralsp\/2023\/03\/10\/se-liga-prazo-para-a-inscricao-no-fies-vai-ate-esta-sexta-10#respond"]}]},{"@type":"WebPage","@id":"https:\/\/redenoticiaz.com.br\/litoralsp\/2023\/03\/10\/se-liga-prazo-para-a-inscricao-no-fies-vai-ate-esta-sexta-10","url":"https:\/\/redenoticiaz.com.br\/litoralsp\/2023\/03\/10\/se-liga-prazo-para-a-inscricao-no-fies-vai-ate-esta-sexta-10","name":"Se liga! Prazo para a inscri\u00e7\u00e3o no Fies vai at\u00e9 esta sexta (10) - Litoral SP","isPartOf":{"@id":"https:\/\/redenoticiaz.com.br\/litoralsp\/#website"},"primaryImageOfPage":{"@id":"https:\/\/redenoticiaz.com.br\/litoralsp\/2023\/03\/10\/se-liga-prazo-para-a-inscricao-no-fies-vai-ate-esta-sexta-10#primaryimage"},"image":{"@id":"https:\/\/redenoticiaz.com.br\/litoralsp\/2023\/03\/10\/se-liga-prazo-para-a-inscricao-no-fies-vai-ate-esta-sexta-10#primaryimage"},"thumbnailUrl":"https:\/\/redenoticiaz.com.br\/litoralsp\/wp-content\/uploads\/sites\/3\/2023\/03\/enem_vac_abr_2811214312.jpg","datePublished":"2023-03-10T13:03:26+00:00","description":"O estudante interessado em participar do Fundo de Financiamento Estudantil (Fies), que ainda n\u00e3o se inscreveram devem correr contra","inLanguage":"pt-BR","potentialAction":[{"@type":"ReadAction","target":["https:\/\/redenoticiaz.com.br\/litoralsp\/2023\/03\/10\/se-liga-prazo-para-a-inscricao-no-fies-vai-ate-esta-sexta-10"]}]},{"@type":"ImageObject","inLanguage":"pt-BR","@id":"https:\/\/redenoticiaz.com.br\/litoralsp\/2023\/03\/10\/se-liga-prazo-para-a-inscricao-no-fies-vai-ate-esta-sexta-10#primaryimage","url":"https:\/\/redenoticiaz.com.br\/litoralsp\/wp-content\/uploads\/sites\/3\/2023\/03\/enem_vac_abr_2811214312.jpg","contentUrl":"https:\/\/redenoticiaz.com.br\/litoralsp\/wp-content\/uploads\/sites\/3\/2023\/03\/enem_vac_abr_2811214312.jpg","width":1170,"height":700,"caption":"Participantes do Exame Nacional do Ensino M\u00e9dio (Enem) 2021. Cr\u00e9ditos: Divulga\u00e7\u00e3o\/Ag\u00eancia Brasil"},{"@type":"WebSite","@id":"https:\/\/redenoticiaz.com.br\/litoralsp\/#website","url":"https:\/\/redenoticiaz.com.br\/litoralsp\/","name":"Litoral SP","description":"Rede NoticiaZ","publisher":{"@id":"https:\/\/redenoticiaz.com.br\/litoralsp\/#organization"},"potentialAction":[{"@type":"SearchAction","target":{"@type":"EntryPoint","urlTemplate":"https:\/\/redenoticiaz.com.br\/litoralsp\/?s={search_term_string}"},"query-input":{"@type":"PropertyValueSpecification","valueRequired":true,"valueName":"search_term_string"}}],"inLanguage":"pt-BR"},{"@type":"Organization","@id":"https:\/\/redenoticiaz.com.br\/litoralsp\/#organization","name":"Litoral SP","url":"https:\/\/redenoticiaz.com.br\/litoralsp\/","logo":{"@type":"ImageObject","inLanguage":"pt-BR","@id":"https:\/\/redenoticiaz.com.br\/litoralsp\/#\/schema\/logo\/image\/","url":"https:\/\/redenoticiaz.com.br\/litoralsp\/wp-content\/uploads\/sites\/3\/2020\/11\/logo.jpg","contentUrl":"https:\/\/redenoticiaz.com.br\/litoralsp\/wp-content\/uploads\/sites\/3\/2020\/11\/logo.jpg","width":400,"height":250,"caption":"Litoral SP"},"image":{"@id":"https:\/\/redenoticiaz.com.br\/litoralsp\/#\/schema\/logo\/image\/"}},{"@type":"Person","@id":"https:\/\/redenoticiaz.com.br\/litoralsp\/#\/schema\/person\/0f0b8a5bdafefe82841e07ae8d81ecb3","name":"Leonardo Francisco","image":{"@type":"ImageObject","inLanguage":"pt-BR","@id":"https:\/\/secure.gravatar.com\/avatar\/a7358cb406a99b682ec6df1e77e31ae82e63601f6784e8a3df411d72b37864da?s=96&d=mm&r=g","url":"https:\/\/secure.gravatar.com\/avatar\/a7358cb406a99b682ec6df1e77e31ae82e63601f6784e8a3df411d72b37864da?s=96&d=mm&r=g","contentUrl":"https:\/\/secure.gravatar.com\/avatar\/a7358cb406a99b682ec6df1e77e31ae82e63601f6784e8a3df411d72b37864da?s=96&d=mm&r=g","caption":"Leonardo Francisco"},"url":"https:\/\/redenoticiaz.com.br\/litoralsp\/author\/leonardo-francisco"}]}},"_links":{"self":[{"href":"https:\/\/redenoticiaz.com.br\/litoralsp\/wp-json\/wp\/v2\/posts\/102198","targetHints":{"allow":["GET"]}}],"collection":[{"href":"https:\/\/redenoticiaz.com.br\/litoralsp\/wp-json\/wp\/v2\/posts"}],"about":[{"href":"https:\/\/redenoticiaz.com.br\/litoralsp\/wp-json\/wp\/v2\/types\/post"}],"author":[{"embeddable":true,"href":"https:\/\/redenoticiaz.com.br\/litoralsp\/wp-json\/wp\/v2\/users\/6"}],"replies":[{"embeddable":true,"href":"https:\/\/redenoticiaz.com.br\/litoralsp\/wp-json\/wp\/v2\/comments?post=102198"}],"version-history":[{"count":1,"href":"https:\/\/redenoticiaz.com.br\/litoralsp\/wp-json\/wp\/v2\/posts\/102198\/revisions"}],"predecessor-version":[{"id":102200,"href":"https:\/\/redenoticiaz.com.br\/litoralsp\/wp-json\/wp\/v2\/posts\/102198\/revisions\/102200"}],"wp:featuredmedia":[{"embeddable":true,"href":"https:\/\/redenoticiaz.com.br\/litoralsp\/wp-json\/wp\/v2\/media\/102199"}],"wp:attachment":[{"href":"https:\/\/redenoticiaz.com.br\/litoralsp\/wp-json\/wp\/v2\/media?parent=102198"}],"wp:term":[{"taxonomy":"category","embeddable":true,"href":"https:\/\/redenoticiaz.com.br\/litoralsp\/wp-json\/wp\/v2\/categories?post=102198"},{"taxonomy":"post_tag","embeddable":true,"href":"https:\/\/redenoticiaz.com.br\/litoralsp\/wp-json\/wp\/v2\/tags?post=102198"}],"curies":[{"name":"wp","href":"https:\/\/api.w.org\/{rel}","templated":true}]}}