{"id":102252,"date":"2023-03-11T10:48:20","date_gmt":"2023-03-11T13:48:20","guid":{"rendered":"https:\/\/redenoticiaz.com.br\/litoralsp\/2023\/03\/11\/bbb-23-guime-e-o-novo-lider-e-aline-wirley-ganha-o-poder-curinga"},"modified":"2023-03-11T10:48:20","modified_gmt":"2023-03-11T13:48:20","slug":"bbb-23-guime-e-o-novo-lider-e-aline-wirley-ganha-o-poder-curinga","status":"publish","type":"post","link":"https:\/\/redenoticiaz.com.br\/litoralsp\/2023\/03\/11\/bbb-23-guime-e-o-novo-lider-e-aline-wirley-ganha-o-poder-curinga","title":{"rendered":"BBB 23: Guim\u00ea \u00e9 o novo L\u00edder e Aline Wirley ganha o Poder Curinga"},"content":{"rendered":"<div id=\"chunk-dtmdk\">\n<div class=\"mc-column content-text active-extra-styles \" data-block-type=\"unstyled\" data-block-weight=\"30\" data-block-id=\"3\">\n<p class=\"content-text__container \" data-track-category=\"Link no Texto\" data-track-links=\"\">Foi decidido quem \u00e9 o novo L\u00edder do Big Brother Brasil 2023. Ap\u00f3s a vit\u00f3ria da dupla MC Guim\u00ea e Ricardo, os dois se acertaram e <strong>Guim\u00ea \u00e9 o L\u00edder do BBB<\/strong>, enquanto que Ricardo ficou com o pr\u00eamio de R$ 20 mil. Outra novidade ficou para Aline Wirley, que recebeu o Poder Curinga.<\/p>\n<p class=\"content-text__container \" data-track-category=\"Link no Texto\" data-track-links=\"\">No Quarto do L\u00edder, Guim\u00ea e Ricardo conversaram sobre o Pared\u00e3o de domingo (12) e decidiram quem ser\u00e1 o indicado da vez: C\u00e9zar.<\/p>\n<p class=\"content-text__container \" data-track-category=\"Link no Texto\" data-track-links=\"\">&#8220;O <em>game <\/em>t\u00e1 a\u00ed. N\u00e3o tem pra onde correr. A gente viu ele chorando hoje, o Black [Cezar]&#8221;, diz Ricardo. &#8220;\u00c9 isso, n\u00e3o tem pra onde correr. Vou falar um bagulho entre eu e voc\u00ea. <span class=\"highlight highlighted\">Estou decidido que vou votar nele<\/span>. Qualquer fita, a gente meio que vai tendo uma troca superficial, n\u00e3o precisa ser algo p\u00e1. At\u00e9 pra voc\u00ea respeitar o meu e eu respeitar o seu. Quando tiver esse voto nele, voc\u00ea vai ver o que vou fazer&#8221;, afirma o cantor.<\/p>\n<div id=\"chunk-8mj6s\">\n<div class=\"mc-column content-text active-extra-styles \" data-block-type=\"unstyled\" data-block-weight=\"67\" data-block-id=\"6\">\n<p class=\"content-text__container \" data-track-category=\"Link no Texto\" data-track-links=\"\">MC Guim\u00ea continua e diz o que far\u00e1 depois de indic\u00e1-lo ao Pared\u00e3o do domingo. &#8220;Umas 2, 3 horinhas depois eu vou chamar ele pra trocar uma ideia e vou falar: &#8216;Fiquei, sim, com raiva dos bagulhos, fiquei, sim, com as paradas, mas isso aqui \u00e9 jogo. N\u00e3o quero guardar isso pra mim e est\u00e1 tudo certo. N\u00e3o gosto de ver uma pessoa daquele jeito&#8221;, conta.<\/p>\n<\/div>\n<\/div>\n<div id=\"chunk-bg5kt\">\n<div class=\"mc-column content-text active-extra-styles \" data-block-type=\"unstyled\" data-block-weight=\"31\" data-block-id=\"7\">\n<p class=\"content-text__container \" data-track-category=\"Link no Texto\" data-track-links=\"\">O cantor finaliza ao dizer: <span class=\"highlight highlighted\">&#8220;O cara me botou no Pared\u00e3o, fez piadinha. Estou bravo com as atitudes dele desde quando ele ficou metendo o louco com voc\u00ea e Bruna&#8221;<\/span>.<\/p>\n<h3 data-track-category=\"Link no Texto\">Poder Curinga<\/h3>\n<div id=\"chunk-2asfu\">\n<div class=\"mc-column content-text active-extra-styles \" data-block-type=\"unstyled\" data-block-weight=\"52\" data-block-id=\"3\">\n<p class=\"content-text__container \" data-track-category=\"Link no Texto\" data-track-links=\"\">Depois de oferecer o maior lance no Confession\u00e1rio do BBB 23, a cantora arremata o <strong>Poder do Contra<\/strong> e vai us\u00e1-lo na forma\u00e7\u00e3o do Pared\u00e3o. No domingo, o <span class=\"highlight highlighted\">Poder Curinga ir\u00e1 determinar qual dos emparedados pelos grupos poder\u00e1 dar o Contragolpe na forma\u00e7\u00e3o do Pared\u00e3o<\/span>.<\/p>\n<\/div>\n<\/div>\n<div class=\"wall protected-content\">\n<div id=\"chunk-bqpvg\">\n<div class=\"mc-column content-text active-extra-styles \" data-block-type=\"unstyled\" data-block-weight=\"68\" data-block-id=\"5\">\n<p class=\"content-text__container \" data-track-category=\"Link no Texto\" data-track-links=\"\">Os emparedados pelos grupos ser\u00e3o decididos por meio de uma din\u00e2mica de vota\u00e7\u00e3o onde a casa mais vigiada do Brasil ser\u00e1 dividida por sorteio em dois grupos de seis pessoas. Os brothers de um grupo s\u00f3 poder\u00e3o votar nas pessoas do outro grupo. Dessa forma, de cada grupo sair\u00e1 um emparedado. A\u00ed entra o Poder Curinga: <span class=\"highlight highlighted\">Aline Wirley poder\u00e1 escolher qual dos dois emparedados ter\u00e1 direito ao Contragolpe.<\/span><\/p>\n<p data-track-category=\"Link no Texto\" data-track-links=\"\"><strong>LEIA TAMB\u00c9M<\/strong><\/p>\n<p data-track-category=\"Link no Texto\" data-track-links=\"\"><a href=\"https:\/\/redenoticiaz.com.br\/blog\/2023\/03\/10\/mc-guime-e-ricardo-vencem-a-prova-do-lider\">MC Guim\u00ea e Ricardo vencem a Prova do L\u00edder<\/a><\/p>\n<\/div>\n<\/div>\n<\/div>\n<\/div>\n<\/div>\n<\/div>\n<\/div>\n","protected":false},"excerpt":{"rendered":"<p>Foi decidido quem \u00e9 o novo L\u00edder do Big Brother Brasil 2023. Ap\u00f3s a vit\u00f3ria da dupla MC Guim\u00ea e Ricardo, os dois se acertaram e Guim\u00ea \u00e9 o L\u00edder do BBB, enquanto que Ricardo ficou com o pr\u00eamio de R$ 20 mil. Outra novidade ficou para Aline Wirley, que recebeu o Poder Curinga. No &hellip;<\/p>\n","protected":false},"author":6,"featured_media":102253,"comment_status":"open","ping_status":"closed","sticky":false,"template":"","format":"standard","meta":{"footnotes":""},"categories":[170],"tags":[62385,61866,12676,63893,60317,63894],"class_list":["post-102252","post","type-post","status-publish","format-standard","has-post-thumbnail","hentry","category-entretenimento","tag-aline-wirley","tag-bbb-23","tag-big-brother-brasil","tag-guime-lider","tag-mc-guime","tag-poder-curinga"],"yoast_head":"<!-- This site is optimized with the Yoast SEO plugin v27.5 - https:\/\/yoast.com\/product\/yoast-seo-wordpress\/ -->\n<title>BBB 23: Guim\u00ea \u00e9 o novo L\u00edder e Aline Wirley ganha o Poder Curinga - Litoral SP<\/title>\n<meta name=\"description\" content=\"quem \u00e9 o novo L\u00edder do Big Brother Brasil 2023. Ap\u00f3s a vit\u00f3ria da dupla MC Guim\u00ea e Ricardo, os dois se acertaram e Guim\u00ea \u00e9 o L\u00edder do BBB,\" \/>\n<meta name=\"robots\" content=\"index, follow, max-snippet:-1, max-image-preview:large, max-video-preview:-1\" \/>\n<link rel=\"canonical\" href=\"https:\/\/redenoticiaz.com.br\/litoralsp\/2023\/03\/11\/bbb-23-guime-e-o-novo-lider-e-aline-wirley-ganha-o-poder-curinga\" \/>\n<meta property=\"og:locale\" content=\"pt_BR\" \/>\n<meta property=\"og:type\" content=\"article\" \/>\n<meta property=\"og:title\" content=\"BBB 23: Guim\u00ea \u00e9 o novo L\u00edder e Aline Wirley ganha o Poder Curinga - Litoral SP\" \/>\n<meta property=\"og:description\" content=\"quem \u00e9 o novo L\u00edder do Big Brother Brasil 2023. Ap\u00f3s a vit\u00f3ria da dupla MC Guim\u00ea e Ricardo, os dois se acertaram e Guim\u00ea \u00e9 o L\u00edder do BBB,\" \/>\n<meta property=\"og:url\" content=\"https:\/\/redenoticiaz.com.br\/litoralsp\/2023\/03\/11\/bbb-23-guime-e-o-novo-lider-e-aline-wirley-ganha-o-poder-curinga\" \/>\n<meta property=\"og:site_name\" content=\"Litoral SP\" \/>\n<meta property=\"article:published_time\" content=\"2023-03-11T13:48:20+00:00\" \/>\n<meta name=\"author\" content=\"Leonardo Francisco\" \/>\n<meta name=\"twitter:card\" content=\"summary_large_image\" \/>\n<meta name=\"twitter:image\" content=\"https:\/\/redenoticiaz.com.br\/litoralsp\/wp-content\/uploads\/sites\/3\/2023\/03\/GUIME-LIDER-BBB.jpg?v=1678542436\" \/>\n<meta name=\"twitter:label1\" content=\"Escrito por\" \/>\n\t<meta name=\"twitter:data1\" content=\"Leonardo Francisco\" \/>\n\t<meta name=\"twitter:label2\" content=\"Est. tempo de leitura\" \/>\n\t<meta name=\"twitter:data2\" content=\"3 minutos\" \/>\n<script type=\"application\/ld+json\" class=\"yoast-schema-graph\">{\"@context\":\"https:\\\/\\\/schema.org\",\"@graph\":[{\"@type\":\"Article\",\"@id\":\"https:\\\/\\\/redenoticiaz.com.br\\\/litoralsp\\\/2023\\\/03\\\/11\\\/bbb-23-guime-e-o-novo-lider-e-aline-wirley-ganha-o-poder-curinga#article\",\"isPartOf\":{\"@id\":\"https:\\\/\\\/redenoticiaz.com.br\\\/litoralsp\\\/2023\\\/03\\\/11\\\/bbb-23-guime-e-o-novo-lider-e-aline-wirley-ganha-o-poder-curinga\"},\"author\":{\"name\":\"Leonardo Francisco\",\"@id\":\"https:\\\/\\\/redenoticiaz.com.br\\\/litoralsp\\\/#\\\/schema\\\/person\\\/0f0b8a5bdafefe82841e07ae8d81ecb3\"},\"headline\":\"BBB 23: Guim\u00ea \u00e9 o novo L\u00edder e Aline Wirley ganha o Poder Curinga\",\"datePublished\":\"2023-03-11T13:48:20+00:00\",\"mainEntityOfPage\":{\"@id\":\"https:\\\/\\\/redenoticiaz.com.br\\\/litoralsp\\\/2023\\\/03\\\/11\\\/bbb-23-guime-e-o-novo-lider-e-aline-wirley-ganha-o-poder-curinga\"},\"wordCount\":413,\"commentCount\":0,\"publisher\":{\"@id\":\"https:\\\/\\\/redenoticiaz.com.br\\\/litoralsp\\\/#organization\"},\"image\":{\"@id\":\"https:\\\/\\\/redenoticiaz.com.br\\\/litoralsp\\\/2023\\\/03\\\/11\\\/bbb-23-guime-e-o-novo-lider-e-aline-wirley-ganha-o-poder-curinga#primaryimage\"},\"thumbnailUrl\":\"https:\\\/\\\/redenoticiaz.com.br\\\/litoralsp\\\/wp-content\\\/uploads\\\/sites\\\/3\\\/2023\\\/03\\\/GUIME-LIDER-BBB.jpg?v=1678542436\",\"keywords\":[\"Aline Wirley\",\"BBB 23\",\"BIG BROTHER BRASIL\",\"GUIM\u00ca L\u00cdDER\",\"MC GUIM\u00ca\",\"PODER CURINGA\"],\"articleSection\":[\"Entretenimento\"],\"inLanguage\":\"pt-BR\",\"potentialAction\":[{\"@type\":\"CommentAction\",\"name\":\"Comment\",\"target\":[\"https:\\\/\\\/redenoticiaz.com.br\\\/litoralsp\\\/2023\\\/03\\\/11\\\/bbb-23-guime-e-o-novo-lider-e-aline-wirley-ganha-o-poder-curinga#respond\"]}]},{\"@type\":\"WebPage\",\"@id\":\"https:\\\/\\\/redenoticiaz.com.br\\\/litoralsp\\\/2023\\\/03\\\/11\\\/bbb-23-guime-e-o-novo-lider-e-aline-wirley-ganha-o-poder-curinga\",\"url\":\"https:\\\/\\\/redenoticiaz.com.br\\\/litoralsp\\\/2023\\\/03\\\/11\\\/bbb-23-guime-e-o-novo-lider-e-aline-wirley-ganha-o-poder-curinga\",\"name\":\"BBB 23: Guim\u00ea \u00e9 o novo L\u00edder e Aline Wirley ganha o Poder Curinga - Litoral SP\",\"isPartOf\":{\"@id\":\"https:\\\/\\\/redenoticiaz.com.br\\\/litoralsp\\\/#website\"},\"primaryImageOfPage\":{\"@id\":\"https:\\\/\\\/redenoticiaz.com.br\\\/litoralsp\\\/2023\\\/03\\\/11\\\/bbb-23-guime-e-o-novo-lider-e-aline-wirley-ganha-o-poder-curinga#primaryimage\"},\"image\":{\"@id\":\"https:\\\/\\\/redenoticiaz.com.br\\\/litoralsp\\\/2023\\\/03\\\/11\\\/bbb-23-guime-e-o-novo-lider-e-aline-wirley-ganha-o-poder-curinga#primaryimage\"},\"thumbnailUrl\":\"https:\\\/\\\/redenoticiaz.com.br\\\/litoralsp\\\/wp-content\\\/uploads\\\/sites\\\/3\\\/2023\\\/03\\\/GUIME-LIDER-BBB.jpg?v=1678542436\",\"datePublished\":\"2023-03-11T13:48:20+00:00\",\"description\":\"quem \u00e9 o novo L\u00edder do Big Brother Brasil 2023. Ap\u00f3s a vit\u00f3ria da dupla MC Guim\u00ea e Ricardo, os dois se acertaram e Guim\u00ea \u00e9 o L\u00edder do BBB,\",\"inLanguage\":\"pt-BR\",\"potentialAction\":[{\"@type\":\"ReadAction\",\"target\":[\"https:\\\/\\\/redenoticiaz.com.br\\\/litoralsp\\\/2023\\\/03\\\/11\\\/bbb-23-guime-e-o-novo-lider-e-aline-wirley-ganha-o-poder-curinga\"]}]},{\"@type\":\"ImageObject\",\"inLanguage\":\"pt-BR\",\"@id\":\"https:\\\/\\\/redenoticiaz.com.br\\\/litoralsp\\\/2023\\\/03\\\/11\\\/bbb-23-guime-e-o-novo-lider-e-aline-wirley-ganha-o-poder-curinga#primaryimage\",\"url\":\"https:\\\/\\\/redenoticiaz.com.br\\\/litoralsp\\\/wp-content\\\/uploads\\\/sites\\\/3\\\/2023\\\/03\\\/GUIME-LIDER-BBB.jpg?v=1678542436\",\"contentUrl\":\"https:\\\/\\\/redenoticiaz.com.br\\\/litoralsp\\\/wp-content\\\/uploads\\\/sites\\\/3\\\/2023\\\/03\\\/GUIME-LIDER-BBB.jpg?v=1678542436\",\"width\":503,\"height\":280,\"caption\":\"Cr\u00e9ditos: Reprodu\u00e7\u00e3o\\\/TV Globo\"},{\"@type\":\"WebSite\",\"@id\":\"https:\\\/\\\/redenoticiaz.com.br\\\/litoralsp\\\/#website\",\"url\":\"https:\\\/\\\/redenoticiaz.com.br\\\/litoralsp\\\/\",\"name\":\"Litoral SP\",\"description\":\"Rede NoticiaZ\",\"publisher\":{\"@id\":\"https:\\\/\\\/redenoticiaz.com.br\\\/litoralsp\\\/#organization\"},\"potentialAction\":[{\"@type\":\"SearchAction\",\"target\":{\"@type\":\"EntryPoint\",\"urlTemplate\":\"https:\\\/\\\/redenoticiaz.com.br\\\/litoralsp\\\/?s={search_term_string}\"},\"query-input\":{\"@type\":\"PropertyValueSpecification\",\"valueRequired\":true,\"valueName\":\"search_term_string\"}}],\"inLanguage\":\"pt-BR\"},{\"@type\":\"Organization\",\"@id\":\"https:\\\/\\\/redenoticiaz.com.br\\\/litoralsp\\\/#organization\",\"name\":\"Litoral SP\",\"url\":\"https:\\\/\\\/redenoticiaz.com.br\\\/litoralsp\\\/\",\"logo\":{\"@type\":\"ImageObject\",\"inLanguage\":\"pt-BR\",\"@id\":\"https:\\\/\\\/redenoticiaz.com.br\\\/litoralsp\\\/#\\\/schema\\\/logo\\\/image\\\/\",\"url\":\"https:\\\/\\\/redenoticiaz.com.br\\\/litoralsp\\\/wp-content\\\/uploads\\\/sites\\\/3\\\/2020\\\/11\\\/logo.jpg\",\"contentUrl\":\"https:\\\/\\\/redenoticiaz.com.br\\\/litoralsp\\\/wp-content\\\/uploads\\\/sites\\\/3\\\/2020\\\/11\\\/logo.jpg\",\"width\":400,\"height\":250,\"caption\":\"Litoral SP\"},\"image\":{\"@id\":\"https:\\\/\\\/redenoticiaz.com.br\\\/litoralsp\\\/#\\\/schema\\\/logo\\\/image\\\/\"}},{\"@type\":\"Person\",\"@id\":\"https:\\\/\\\/redenoticiaz.com.br\\\/litoralsp\\\/#\\\/schema\\\/person\\\/0f0b8a5bdafefe82841e07ae8d81ecb3\",\"name\":\"Leonardo Francisco\",\"image\":{\"@type\":\"ImageObject\",\"inLanguage\":\"pt-BR\",\"@id\":\"https:\\\/\\\/secure.gravatar.com\\\/avatar\\\/a7358cb406a99b682ec6df1e77e31ae82e63601f6784e8a3df411d72b37864da?s=96&d=mm&r=g\",\"url\":\"https:\\\/\\\/secure.gravatar.com\\\/avatar\\\/a7358cb406a99b682ec6df1e77e31ae82e63601f6784e8a3df411d72b37864da?s=96&d=mm&r=g\",\"contentUrl\":\"https:\\\/\\\/secure.gravatar.com\\\/avatar\\\/a7358cb406a99b682ec6df1e77e31ae82e63601f6784e8a3df411d72b37864da?s=96&d=mm&r=g\",\"caption\":\"Leonardo Francisco\"},\"url\":\"https:\\\/\\\/redenoticiaz.com.br\\\/litoralsp\\\/author\\\/leonardo-francisco\"}]}<\/script>\n<!-- \/ Yoast SEO plugin. -->","yoast_head_json":{"title":"BBB 23: Guim\u00ea \u00e9 o novo L\u00edder e Aline Wirley ganha o Poder Curinga - Litoral SP","description":"quem \u00e9 o novo L\u00edder do Big Brother Brasil 2023. Ap\u00f3s a vit\u00f3ria da dupla MC Guim\u00ea e Ricardo, os dois se acertaram e Guim\u00ea \u00e9 o L\u00edder do BBB,","robots":{"index":"index","follow":"follow","max-snippet":"max-snippet:-1","max-image-preview":"max-image-preview:large","max-video-preview":"max-video-preview:-1"},"canonical":"https:\/\/redenoticiaz.com.br\/litoralsp\/2023\/03\/11\/bbb-23-guime-e-o-novo-lider-e-aline-wirley-ganha-o-poder-curinga","og_locale":"pt_BR","og_type":"article","og_title":"BBB 23: Guim\u00ea \u00e9 o novo L\u00edder e Aline Wirley ganha o Poder Curinga - Litoral SP","og_description":"quem \u00e9 o novo L\u00edder do Big Brother Brasil 2023. Ap\u00f3s a vit\u00f3ria da dupla MC Guim\u00ea e Ricardo, os dois se acertaram e Guim\u00ea \u00e9 o L\u00edder do BBB,","og_url":"https:\/\/redenoticiaz.com.br\/litoralsp\/2023\/03\/11\/bbb-23-guime-e-o-novo-lider-e-aline-wirley-ganha-o-poder-curinga","og_site_name":"Litoral SP","article_published_time":"2023-03-11T13:48:20+00:00","author":"Leonardo Francisco","twitter_card":"summary_large_image","twitter_image":"https:\/\/redenoticiaz.com.br\/litoralsp\/wp-content\/uploads\/sites\/3\/2023\/03\/GUIME-LIDER-BBB.jpg?v=1678542436","twitter_misc":{"Escrito por":"Leonardo Francisco","Est. tempo de leitura":"3 minutos"},"schema":{"@context":"https:\/\/schema.org","@graph":[{"@type":"Article","@id":"https:\/\/redenoticiaz.com.br\/litoralsp\/2023\/03\/11\/bbb-23-guime-e-o-novo-lider-e-aline-wirley-ganha-o-poder-curinga#article","isPartOf":{"@id":"https:\/\/redenoticiaz.com.br\/litoralsp\/2023\/03\/11\/bbb-23-guime-e-o-novo-lider-e-aline-wirley-ganha-o-poder-curinga"},"author":{"name":"Leonardo Francisco","@id":"https:\/\/redenoticiaz.com.br\/litoralsp\/#\/schema\/person\/0f0b8a5bdafefe82841e07ae8d81ecb3"},"headline":"BBB 23: Guim\u00ea \u00e9 o novo L\u00edder e Aline Wirley ganha o Poder Curinga","datePublished":"2023-03-11T13:48:20+00:00","mainEntityOfPage":{"@id":"https:\/\/redenoticiaz.com.br\/litoralsp\/2023\/03\/11\/bbb-23-guime-e-o-novo-lider-e-aline-wirley-ganha-o-poder-curinga"},"wordCount":413,"commentCount":0,"publisher":{"@id":"https:\/\/redenoticiaz.com.br\/litoralsp\/#organization"},"image":{"@id":"https:\/\/redenoticiaz.com.br\/litoralsp\/2023\/03\/11\/bbb-23-guime-e-o-novo-lider-e-aline-wirley-ganha-o-poder-curinga#primaryimage"},"thumbnailUrl":"https:\/\/redenoticiaz.com.br\/litoralsp\/wp-content\/uploads\/sites\/3\/2023\/03\/GUIME-LIDER-BBB.jpg?v=1678542436","keywords":["Aline Wirley","BBB 23","BIG BROTHER BRASIL","GUIM\u00ca L\u00cdDER","MC GUIM\u00ca","PODER CURINGA"],"articleSection":["Entretenimento"],"inLanguage":"pt-BR","potentialAction":[{"@type":"CommentAction","name":"Comment","target":["https:\/\/redenoticiaz.com.br\/litoralsp\/2023\/03\/11\/bbb-23-guime-e-o-novo-lider-e-aline-wirley-ganha-o-poder-curinga#respond"]}]},{"@type":"WebPage","@id":"https:\/\/redenoticiaz.com.br\/litoralsp\/2023\/03\/11\/bbb-23-guime-e-o-novo-lider-e-aline-wirley-ganha-o-poder-curinga","url":"https:\/\/redenoticiaz.com.br\/litoralsp\/2023\/03\/11\/bbb-23-guime-e-o-novo-lider-e-aline-wirley-ganha-o-poder-curinga","name":"BBB 23: Guim\u00ea \u00e9 o novo L\u00edder e Aline Wirley ganha o Poder Curinga - Litoral SP","isPartOf":{"@id":"https:\/\/redenoticiaz.com.br\/litoralsp\/#website"},"primaryImageOfPage":{"@id":"https:\/\/redenoticiaz.com.br\/litoralsp\/2023\/03\/11\/bbb-23-guime-e-o-novo-lider-e-aline-wirley-ganha-o-poder-curinga#primaryimage"},"image":{"@id":"https:\/\/redenoticiaz.com.br\/litoralsp\/2023\/03\/11\/bbb-23-guime-e-o-novo-lider-e-aline-wirley-ganha-o-poder-curinga#primaryimage"},"thumbnailUrl":"https:\/\/redenoticiaz.com.br\/litoralsp\/wp-content\/uploads\/sites\/3\/2023\/03\/GUIME-LIDER-BBB.jpg?v=1678542436","datePublished":"2023-03-11T13:48:20+00:00","description":"quem \u00e9 o novo L\u00edder do Big Brother Brasil 2023. Ap\u00f3s a vit\u00f3ria da dupla MC Guim\u00ea e Ricardo, os dois se acertaram e Guim\u00ea \u00e9 o L\u00edder do BBB,","inLanguage":"pt-BR","potentialAction":[{"@type":"ReadAction","target":["https:\/\/redenoticiaz.com.br\/litoralsp\/2023\/03\/11\/bbb-23-guime-e-o-novo-lider-e-aline-wirley-ganha-o-poder-curinga"]}]},{"@type":"ImageObject","inLanguage":"pt-BR","@id":"https:\/\/redenoticiaz.com.br\/litoralsp\/2023\/03\/11\/bbb-23-guime-e-o-novo-lider-e-aline-wirley-ganha-o-poder-curinga#primaryimage","url":"https:\/\/redenoticiaz.com.br\/litoralsp\/wp-content\/uploads\/sites\/3\/2023\/03\/GUIME-LIDER-BBB.jpg?v=1678542436","contentUrl":"https:\/\/redenoticiaz.com.br\/litoralsp\/wp-content\/uploads\/sites\/3\/2023\/03\/GUIME-LIDER-BBB.jpg?v=1678542436","width":503,"height":280,"caption":"Cr\u00e9ditos: Reprodu\u00e7\u00e3o\/TV Globo"},{"@type":"WebSite","@id":"https:\/\/redenoticiaz.com.br\/litoralsp\/#website","url":"https:\/\/redenoticiaz.com.br\/litoralsp\/","name":"Litoral SP","description":"Rede NoticiaZ","publisher":{"@id":"https:\/\/redenoticiaz.com.br\/litoralsp\/#organization"},"potentialAction":[{"@type":"SearchAction","target":{"@type":"EntryPoint","urlTemplate":"https:\/\/redenoticiaz.com.br\/litoralsp\/?s={search_term_string}"},"query-input":{"@type":"PropertyValueSpecification","valueRequired":true,"valueName":"search_term_string"}}],"inLanguage":"pt-BR"},{"@type":"Organization","@id":"https:\/\/redenoticiaz.com.br\/litoralsp\/#organization","name":"Litoral SP","url":"https:\/\/redenoticiaz.com.br\/litoralsp\/","logo":{"@type":"ImageObject","inLanguage":"pt-BR","@id":"https:\/\/redenoticiaz.com.br\/litoralsp\/#\/schema\/logo\/image\/","url":"https:\/\/redenoticiaz.com.br\/litoralsp\/wp-content\/uploads\/sites\/3\/2020\/11\/logo.jpg","contentUrl":"https:\/\/redenoticiaz.com.br\/litoralsp\/wp-content\/uploads\/sites\/3\/2020\/11\/logo.jpg","width":400,"height":250,"caption":"Litoral SP"},"image":{"@id":"https:\/\/redenoticiaz.com.br\/litoralsp\/#\/schema\/logo\/image\/"}},{"@type":"Person","@id":"https:\/\/redenoticiaz.com.br\/litoralsp\/#\/schema\/person\/0f0b8a5bdafefe82841e07ae8d81ecb3","name":"Leonardo Francisco","image":{"@type":"ImageObject","inLanguage":"pt-BR","@id":"https:\/\/secure.gravatar.com\/avatar\/a7358cb406a99b682ec6df1e77e31ae82e63601f6784e8a3df411d72b37864da?s=96&d=mm&r=g","url":"https:\/\/secure.gravatar.com\/avatar\/a7358cb406a99b682ec6df1e77e31ae82e63601f6784e8a3df411d72b37864da?s=96&d=mm&r=g","contentUrl":"https:\/\/secure.gravatar.com\/avatar\/a7358cb406a99b682ec6df1e77e31ae82e63601f6784e8a3df411d72b37864da?s=96&d=mm&r=g","caption":"Leonardo Francisco"},"url":"https:\/\/redenoticiaz.com.br\/litoralsp\/author\/leonardo-francisco"}]}},"_links":{"self":[{"href":"https:\/\/redenoticiaz.com.br\/litoralsp\/wp-json\/wp\/v2\/posts\/102252","targetHints":{"allow":["GET"]}}],"collection":[{"href":"https:\/\/redenoticiaz.com.br\/litoralsp\/wp-json\/wp\/v2\/posts"}],"about":[{"href":"https:\/\/redenoticiaz.com.br\/litoralsp\/wp-json\/wp\/v2\/types\/post"}],"author":[{"embeddable":true,"href":"https:\/\/redenoticiaz.com.br\/litoralsp\/wp-json\/wp\/v2\/users\/6"}],"replies":[{"embeddable":true,"href":"https:\/\/redenoticiaz.com.br\/litoralsp\/wp-json\/wp\/v2\/comments?post=102252"}],"version-history":[{"count":1,"href":"https:\/\/redenoticiaz.com.br\/litoralsp\/wp-json\/wp\/v2\/posts\/102252\/revisions"}],"predecessor-version":[{"id":102254,"href":"https:\/\/redenoticiaz.com.br\/litoralsp\/wp-json\/wp\/v2\/posts\/102252\/revisions\/102254"}],"wp:featuredmedia":[{"embeddable":true,"href":"https:\/\/redenoticiaz.com.br\/litoralsp\/wp-json\/wp\/v2\/media\/102253"}],"wp:attachment":[{"href":"https:\/\/redenoticiaz.com.br\/litoralsp\/wp-json\/wp\/v2\/media?parent=102252"}],"wp:term":[{"taxonomy":"category","embeddable":true,"href":"https:\/\/redenoticiaz.com.br\/litoralsp\/wp-json\/wp\/v2\/categories?post=102252"},{"taxonomy":"post_tag","embeddable":true,"href":"https:\/\/redenoticiaz.com.br\/litoralsp\/wp-json\/wp\/v2\/tags?post=102252"}],"curies":[{"name":"wp","href":"https:\/\/api.w.org\/{rel}","templated":true}]}}