{"id":102344,"date":"2023-03-12T18:02:55","date_gmt":"2023-03-12T21:02:55","guid":{"rendered":"https:\/\/redenoticiaz.com.br\/litoralsp\/?p=102344"},"modified":"2023-03-12T18:02:55","modified_gmt":"2023-03-12T21:02:55","slug":"falta-de-agua-na-upa-da-zona-noroeste-e-denunciada-por-vereadora","status":"publish","type":"post","link":"https:\/\/redenoticiaz.com.br\/litoralsp\/2023\/03\/12\/falta-de-agua-na-upa-da-zona-noroeste-e-denunciada-por-vereadora","title":{"rendered":"Falta de \u00e1gua na UPA da Zona Noroeste \u00e9 denunciada por vereadora"},"content":{"rendered":"<div dir=\"auto\">\n<p>Pacientes e funcion\u00e1rios da Unidade de Pronto Atendimento (UPA) da Zona Noroeste de Santos sofreram com problemas envolvendo a <strong>falta d&#8217;\u00e1gua<\/strong>. Em uma semana, pelo menos por cinco vezes que o local n\u00e3o teve o abastecimento de \u00e1gua e a bronca foi geral.<\/p>\n<p>Os usu\u00e1rios da alegaram que a \u00e1gua faltou e o jeito foi fazer tudo no improviso ou cada um trazer a \u00e1gua de casa ou comprada. O assunto ganhou tamanha repercuss\u00e3o que at\u00e9 mesmo a vereadora Audrey Kleys se manifestou. Em um v\u00eddeo publicado em uma rede social, a parlamentar denunciou o problema. De acordo com ela, esta foi a quinta vez que a \u00e1gua faltou na UPA da Zona Noroeste somente nesta semana.<\/p>\n<p>Ainda segundo a vereadora, foi necess\u00e1rio um pedido para que um caminh\u00e3o pipa viesse para fazer o abastecimento da caixa d&#8217;\u00e1gua e o servi\u00e7o fosse estabelecido neste domingo (12). Apesar da resolu\u00e7\u00e3o, a parlamentar cobra por solu\u00e7\u00e3o mais efetiva da Sabesp.<\/p>\n<h3>Respostas<\/h3>\n<p>Por meio de nota, a Sabesp informou que o sistema de abastecimento do bairro est\u00e1 em pleno funcionamento. A UPA da Zona Noroeste n\u00e3o disp\u00f5e instala\u00e7\u00f5es hidr\u00e1ulicas internas de acordo com a Legisla\u00e7\u00e3o Municipal e Normas T\u00e9cnicas, que orientam a instala\u00e7\u00e3o de reservat\u00f3rio inferior. Est\u00e1 situa\u00e7\u00e3o j\u00e1 foi orientada aos respons\u00e1veis. Para minimizar as ocorr\u00eancias, a empresa disponibiliza caminh\u00f5es-tanque sempre que solicitado.<\/p>\n<p>J\u00e1 a Prefeitura de Santos, por meio da Secretaria de Sa\u00fade, informou que o fornecimento de \u00e1gua para a unidade j\u00e1 foi normalizado pela Sabesp por volta das 10h. A pasta ressaltou que o atendimento na UPA da Zona Noroeste n\u00e3o foi afetado.<\/p>\n<\/div>\n<div dir=\"auto\"><strong>LEIA TAMB\u00c9M<\/strong><\/div>\n<div><\/div>\n<div><a href=\"https:\/\/redenoticiaz.com.br\/litoralsp\/2023\/03\/12\/furto-no-bom-prato-de-santos-deixa-quase-2-mil-pessoas-sem-refeicao\">Furto no Bom Prato de Santos deixa quase 2 mil pessoas sem refei\u00e7\u00e3o<\/a><\/div>\n","protected":false},"excerpt":{"rendered":"<p>Pacientes e funcion\u00e1rios da Unidade de Pronto Atendimento (UPA) da Zona Noroeste de Santos sofreram com problemas envolvendo a falta d&#8217;\u00e1gua. Em uma semana, pelo menos por cinco vezes que o local n\u00e3o teve o abastecimento de \u00e1gua e a bronca foi geral. Os usu\u00e1rios da alegaram que a \u00e1gua faltou e o jeito foi &hellip;<\/p>\n","protected":false},"author":6,"featured_media":102345,"comment_status":"open","ping_status":"closed","sticky":false,"template":"","format":"standard","meta":{"footnotes":""},"categories":[180,23],"tags":[38794,7351,986,63928,63927],"class_list":["post-102344","post","type-post","status-publish","format-standard","has-post-thumbnail","hentry","category-santos","category-saude","tag-falta-dagua","tag-sabesp","tag-santos","tag-unidade-de-pronto-atendimento-da-zona-noroeste","tag-upa-da-zona-noroeste"],"yoast_head":"<!-- This site is optimized with the Yoast SEO plugin v27.5 - https:\/\/yoast.com\/product\/yoast-seo-wordpress\/ -->\n<title>Falta de \u00e1gua na UPA da Zona Noroeste \u00e9 denunciada por vereadora - Litoral SP<\/title>\n<meta name=\"description\" content=\"e funcion\u00e1rios da Unidade de Pronto Atendimento (UPA) da Zona Noroeste de Santos sofreram com problemas envolvendo a falta d&#039;\u00e1gua.\" \/>\n<meta name=\"robots\" content=\"index, follow, max-snippet:-1, max-image-preview:large, max-video-preview:-1\" \/>\n<link rel=\"canonical\" href=\"https:\/\/redenoticiaz.com.br\/litoralsp\/2023\/03\/12\/falta-de-agua-na-upa-da-zona-noroeste-e-denunciada-por-vereadora\" \/>\n<meta property=\"og:locale\" content=\"pt_BR\" \/>\n<meta property=\"og:type\" content=\"article\" \/>\n<meta property=\"og:title\" content=\"Falta de \u00e1gua na UPA da Zona Noroeste \u00e9 denunciada por vereadora - Litoral SP\" \/>\n<meta property=\"og:description\" content=\"e funcion\u00e1rios da Unidade de Pronto Atendimento (UPA) da Zona Noroeste de Santos sofreram com problemas envolvendo a falta d&#039;\u00e1gua.\" \/>\n<meta property=\"og:url\" content=\"https:\/\/redenoticiaz.com.br\/litoralsp\/2023\/03\/12\/falta-de-agua-na-upa-da-zona-noroeste-e-denunciada-por-vereadora\" \/>\n<meta property=\"og:site_name\" content=\"Litoral SP\" \/>\n<meta property=\"article:published_time\" content=\"2023-03-12T21:02:55+00:00\" \/>\n<meta property=\"og:image\" content=\"https:\/\/redenoticiaz.com.br\/litoralsp\/wp-content\/uploads\/sites\/3\/2023\/03\/upa-znsts.jpg\" \/>\n\t<meta property=\"og:image:width\" content=\"1400\" \/>\n\t<meta property=\"og:image:height\" content=\"933\" \/>\n\t<meta property=\"og:image:type\" content=\"image\/jpeg\" \/>\n<meta name=\"author\" content=\"Leonardo Francisco\" \/>\n<meta name=\"twitter:card\" content=\"summary_large_image\" \/>\n<meta name=\"twitter:label1\" content=\"Escrito por\" \/>\n\t<meta name=\"twitter:data1\" content=\"Leonardo Francisco\" \/>\n\t<meta name=\"twitter:label2\" content=\"Est. tempo de leitura\" \/>\n\t<meta name=\"twitter:data2\" content=\"2 minutos\" \/>\n<script type=\"application\/ld+json\" class=\"yoast-schema-graph\">{\"@context\":\"https:\\\/\\\/schema.org\",\"@graph\":[{\"@type\":\"Article\",\"@id\":\"https:\\\/\\\/redenoticiaz.com.br\\\/litoralsp\\\/2023\\\/03\\\/12\\\/falta-de-agua-na-upa-da-zona-noroeste-e-denunciada-por-vereadora#article\",\"isPartOf\":{\"@id\":\"https:\\\/\\\/redenoticiaz.com.br\\\/litoralsp\\\/2023\\\/03\\\/12\\\/falta-de-agua-na-upa-da-zona-noroeste-e-denunciada-por-vereadora\"},\"author\":{\"name\":\"Leonardo Francisco\",\"@id\":\"https:\\\/\\\/redenoticiaz.com.br\\\/litoralsp\\\/#\\\/schema\\\/person\\\/0f0b8a5bdafefe82841e07ae8d81ecb3\"},\"headline\":\"Falta de \u00e1gua na UPA da Zona Noroeste \u00e9 denunciada por vereadora\",\"datePublished\":\"2023-03-12T21:02:55+00:00\",\"mainEntityOfPage\":{\"@id\":\"https:\\\/\\\/redenoticiaz.com.br\\\/litoralsp\\\/2023\\\/03\\\/12\\\/falta-de-agua-na-upa-da-zona-noroeste-e-denunciada-por-vereadora\"},\"wordCount\":316,\"commentCount\":0,\"publisher\":{\"@id\":\"https:\\\/\\\/redenoticiaz.com.br\\\/litoralsp\\\/#organization\"},\"image\":{\"@id\":\"https:\\\/\\\/redenoticiaz.com.br\\\/litoralsp\\\/2023\\\/03\\\/12\\\/falta-de-agua-na-upa-da-zona-noroeste-e-denunciada-por-vereadora#primaryimage\"},\"thumbnailUrl\":\"https:\\\/\\\/redenoticiaz.com.br\\\/litoralsp\\\/wp-content\\\/uploads\\\/sites\\\/3\\\/2023\\\/03\\\/upa-znsts.jpg\",\"keywords\":[\"FALTA D'\u00c1GUA\",\"SABESP\",\"Santos\",\"UNIDADE DE PRONTO ATENDIMENTO DA ZONA NOROESTE\",\"UPA DA ZONA NOROESTE\"],\"articleSection\":[\"Santos\",\"Sa\u00fade\"],\"inLanguage\":\"pt-BR\",\"potentialAction\":[{\"@type\":\"CommentAction\",\"name\":\"Comment\",\"target\":[\"https:\\\/\\\/redenoticiaz.com.br\\\/litoralsp\\\/2023\\\/03\\\/12\\\/falta-de-agua-na-upa-da-zona-noroeste-e-denunciada-por-vereadora#respond\"]}]},{\"@type\":\"WebPage\",\"@id\":\"https:\\\/\\\/redenoticiaz.com.br\\\/litoralsp\\\/2023\\\/03\\\/12\\\/falta-de-agua-na-upa-da-zona-noroeste-e-denunciada-por-vereadora\",\"url\":\"https:\\\/\\\/redenoticiaz.com.br\\\/litoralsp\\\/2023\\\/03\\\/12\\\/falta-de-agua-na-upa-da-zona-noroeste-e-denunciada-por-vereadora\",\"name\":\"Falta de \u00e1gua na UPA da Zona Noroeste \u00e9 denunciada por vereadora - Litoral SP\",\"isPartOf\":{\"@id\":\"https:\\\/\\\/redenoticiaz.com.br\\\/litoralsp\\\/#website\"},\"primaryImageOfPage\":{\"@id\":\"https:\\\/\\\/redenoticiaz.com.br\\\/litoralsp\\\/2023\\\/03\\\/12\\\/falta-de-agua-na-upa-da-zona-noroeste-e-denunciada-por-vereadora#primaryimage\"},\"image\":{\"@id\":\"https:\\\/\\\/redenoticiaz.com.br\\\/litoralsp\\\/2023\\\/03\\\/12\\\/falta-de-agua-na-upa-da-zona-noroeste-e-denunciada-por-vereadora#primaryimage\"},\"thumbnailUrl\":\"https:\\\/\\\/redenoticiaz.com.br\\\/litoralsp\\\/wp-content\\\/uploads\\\/sites\\\/3\\\/2023\\\/03\\\/upa-znsts.jpg\",\"datePublished\":\"2023-03-12T21:02:55+00:00\",\"description\":\"e funcion\u00e1rios da Unidade de Pronto Atendimento (UPA) da Zona Noroeste de Santos sofreram com problemas envolvendo a falta d'\u00e1gua.\",\"inLanguage\":\"pt-BR\",\"potentialAction\":[{\"@type\":\"ReadAction\",\"target\":[\"https:\\\/\\\/redenoticiaz.com.br\\\/litoralsp\\\/2023\\\/03\\\/12\\\/falta-de-agua-na-upa-da-zona-noroeste-e-denunciada-por-vereadora\"]}]},{\"@type\":\"ImageObject\",\"inLanguage\":\"pt-BR\",\"@id\":\"https:\\\/\\\/redenoticiaz.com.br\\\/litoralsp\\\/2023\\\/03\\\/12\\\/falta-de-agua-na-upa-da-zona-noroeste-e-denunciada-por-vereadora#primaryimage\",\"url\":\"https:\\\/\\\/redenoticiaz.com.br\\\/litoralsp\\\/wp-content\\\/uploads\\\/sites\\\/3\\\/2023\\\/03\\\/upa-znsts.jpg\",\"contentUrl\":\"https:\\\/\\\/redenoticiaz.com.br\\\/litoralsp\\\/wp-content\\\/uploads\\\/sites\\\/3\\\/2023\\\/03\\\/upa-znsts.jpg\",\"width\":1400,\"height\":933,\"caption\":\"Cr\u00e9ditos: Divulga\u00e7\u00e3o\\\/Prefeitura de Santos\"},{\"@type\":\"WebSite\",\"@id\":\"https:\\\/\\\/redenoticiaz.com.br\\\/litoralsp\\\/#website\",\"url\":\"https:\\\/\\\/redenoticiaz.com.br\\\/litoralsp\\\/\",\"name\":\"Litoral SP\",\"description\":\"Rede NoticiaZ\",\"publisher\":{\"@id\":\"https:\\\/\\\/redenoticiaz.com.br\\\/litoralsp\\\/#organization\"},\"potentialAction\":[{\"@type\":\"SearchAction\",\"target\":{\"@type\":\"EntryPoint\",\"urlTemplate\":\"https:\\\/\\\/redenoticiaz.com.br\\\/litoralsp\\\/?s={search_term_string}\"},\"query-input\":{\"@type\":\"PropertyValueSpecification\",\"valueRequired\":true,\"valueName\":\"search_term_string\"}}],\"inLanguage\":\"pt-BR\"},{\"@type\":\"Organization\",\"@id\":\"https:\\\/\\\/redenoticiaz.com.br\\\/litoralsp\\\/#organization\",\"name\":\"Litoral SP\",\"url\":\"https:\\\/\\\/redenoticiaz.com.br\\\/litoralsp\\\/\",\"logo\":{\"@type\":\"ImageObject\",\"inLanguage\":\"pt-BR\",\"@id\":\"https:\\\/\\\/redenoticiaz.com.br\\\/litoralsp\\\/#\\\/schema\\\/logo\\\/image\\\/\",\"url\":\"https:\\\/\\\/redenoticiaz.com.br\\\/litoralsp\\\/wp-content\\\/uploads\\\/sites\\\/3\\\/2020\\\/11\\\/logo.jpg\",\"contentUrl\":\"https:\\\/\\\/redenoticiaz.com.br\\\/litoralsp\\\/wp-content\\\/uploads\\\/sites\\\/3\\\/2020\\\/11\\\/logo.jpg\",\"width\":400,\"height\":250,\"caption\":\"Litoral SP\"},\"image\":{\"@id\":\"https:\\\/\\\/redenoticiaz.com.br\\\/litoralsp\\\/#\\\/schema\\\/logo\\\/image\\\/\"}},{\"@type\":\"Person\",\"@id\":\"https:\\\/\\\/redenoticiaz.com.br\\\/litoralsp\\\/#\\\/schema\\\/person\\\/0f0b8a5bdafefe82841e07ae8d81ecb3\",\"name\":\"Leonardo Francisco\",\"image\":{\"@type\":\"ImageObject\",\"inLanguage\":\"pt-BR\",\"@id\":\"https:\\\/\\\/secure.gravatar.com\\\/avatar\\\/a7358cb406a99b682ec6df1e77e31ae82e63601f6784e8a3df411d72b37864da?s=96&d=mm&r=g\",\"url\":\"https:\\\/\\\/secure.gravatar.com\\\/avatar\\\/a7358cb406a99b682ec6df1e77e31ae82e63601f6784e8a3df411d72b37864da?s=96&d=mm&r=g\",\"contentUrl\":\"https:\\\/\\\/secure.gravatar.com\\\/avatar\\\/a7358cb406a99b682ec6df1e77e31ae82e63601f6784e8a3df411d72b37864da?s=96&d=mm&r=g\",\"caption\":\"Leonardo Francisco\"},\"url\":\"https:\\\/\\\/redenoticiaz.com.br\\\/litoralsp\\\/author\\\/leonardo-francisco\"}]}<\/script>\n<!-- \/ Yoast SEO plugin. -->","yoast_head_json":{"title":"Falta de \u00e1gua na UPA da Zona Noroeste \u00e9 denunciada por vereadora - Litoral SP","description":"e funcion\u00e1rios da Unidade de Pronto Atendimento (UPA) da Zona Noroeste de Santos sofreram com problemas envolvendo a falta d'\u00e1gua.","robots":{"index":"index","follow":"follow","max-snippet":"max-snippet:-1","max-image-preview":"max-image-preview:large","max-video-preview":"max-video-preview:-1"},"canonical":"https:\/\/redenoticiaz.com.br\/litoralsp\/2023\/03\/12\/falta-de-agua-na-upa-da-zona-noroeste-e-denunciada-por-vereadora","og_locale":"pt_BR","og_type":"article","og_title":"Falta de \u00e1gua na UPA da Zona Noroeste \u00e9 denunciada por vereadora - Litoral SP","og_description":"e funcion\u00e1rios da Unidade de Pronto Atendimento (UPA) da Zona Noroeste de Santos sofreram com problemas envolvendo a falta d'\u00e1gua.","og_url":"https:\/\/redenoticiaz.com.br\/litoralsp\/2023\/03\/12\/falta-de-agua-na-upa-da-zona-noroeste-e-denunciada-por-vereadora","og_site_name":"Litoral SP","article_published_time":"2023-03-12T21:02:55+00:00","og_image":[{"width":1400,"height":933,"url":"https:\/\/redenoticiaz.com.br\/litoralsp\/wp-content\/uploads\/sites\/3\/2023\/03\/upa-znsts.jpg","type":"image\/jpeg"}],"author":"Leonardo Francisco","twitter_card":"summary_large_image","twitter_misc":{"Escrito por":"Leonardo Francisco","Est. tempo de leitura":"2 minutos"},"schema":{"@context":"https:\/\/schema.org","@graph":[{"@type":"Article","@id":"https:\/\/redenoticiaz.com.br\/litoralsp\/2023\/03\/12\/falta-de-agua-na-upa-da-zona-noroeste-e-denunciada-por-vereadora#article","isPartOf":{"@id":"https:\/\/redenoticiaz.com.br\/litoralsp\/2023\/03\/12\/falta-de-agua-na-upa-da-zona-noroeste-e-denunciada-por-vereadora"},"author":{"name":"Leonardo Francisco","@id":"https:\/\/redenoticiaz.com.br\/litoralsp\/#\/schema\/person\/0f0b8a5bdafefe82841e07ae8d81ecb3"},"headline":"Falta de \u00e1gua na UPA da Zona Noroeste \u00e9 denunciada por vereadora","datePublished":"2023-03-12T21:02:55+00:00","mainEntityOfPage":{"@id":"https:\/\/redenoticiaz.com.br\/litoralsp\/2023\/03\/12\/falta-de-agua-na-upa-da-zona-noroeste-e-denunciada-por-vereadora"},"wordCount":316,"commentCount":0,"publisher":{"@id":"https:\/\/redenoticiaz.com.br\/litoralsp\/#organization"},"image":{"@id":"https:\/\/redenoticiaz.com.br\/litoralsp\/2023\/03\/12\/falta-de-agua-na-upa-da-zona-noroeste-e-denunciada-por-vereadora#primaryimage"},"thumbnailUrl":"https:\/\/redenoticiaz.com.br\/litoralsp\/wp-content\/uploads\/sites\/3\/2023\/03\/upa-znsts.jpg","keywords":["FALTA D'\u00c1GUA","SABESP","Santos","UNIDADE DE PRONTO ATENDIMENTO DA ZONA NOROESTE","UPA DA ZONA NOROESTE"],"articleSection":["Santos","Sa\u00fade"],"inLanguage":"pt-BR","potentialAction":[{"@type":"CommentAction","name":"Comment","target":["https:\/\/redenoticiaz.com.br\/litoralsp\/2023\/03\/12\/falta-de-agua-na-upa-da-zona-noroeste-e-denunciada-por-vereadora#respond"]}]},{"@type":"WebPage","@id":"https:\/\/redenoticiaz.com.br\/litoralsp\/2023\/03\/12\/falta-de-agua-na-upa-da-zona-noroeste-e-denunciada-por-vereadora","url":"https:\/\/redenoticiaz.com.br\/litoralsp\/2023\/03\/12\/falta-de-agua-na-upa-da-zona-noroeste-e-denunciada-por-vereadora","name":"Falta de \u00e1gua na UPA da Zona Noroeste \u00e9 denunciada por vereadora - Litoral SP","isPartOf":{"@id":"https:\/\/redenoticiaz.com.br\/litoralsp\/#website"},"primaryImageOfPage":{"@id":"https:\/\/redenoticiaz.com.br\/litoralsp\/2023\/03\/12\/falta-de-agua-na-upa-da-zona-noroeste-e-denunciada-por-vereadora#primaryimage"},"image":{"@id":"https:\/\/redenoticiaz.com.br\/litoralsp\/2023\/03\/12\/falta-de-agua-na-upa-da-zona-noroeste-e-denunciada-por-vereadora#primaryimage"},"thumbnailUrl":"https:\/\/redenoticiaz.com.br\/litoralsp\/wp-content\/uploads\/sites\/3\/2023\/03\/upa-znsts.jpg","datePublished":"2023-03-12T21:02:55+00:00","description":"e funcion\u00e1rios da Unidade de Pronto Atendimento (UPA) da Zona Noroeste de Santos sofreram com problemas envolvendo a falta d'\u00e1gua.","inLanguage":"pt-BR","potentialAction":[{"@type":"ReadAction","target":["https:\/\/redenoticiaz.com.br\/litoralsp\/2023\/03\/12\/falta-de-agua-na-upa-da-zona-noroeste-e-denunciada-por-vereadora"]}]},{"@type":"ImageObject","inLanguage":"pt-BR","@id":"https:\/\/redenoticiaz.com.br\/litoralsp\/2023\/03\/12\/falta-de-agua-na-upa-da-zona-noroeste-e-denunciada-por-vereadora#primaryimage","url":"https:\/\/redenoticiaz.com.br\/litoralsp\/wp-content\/uploads\/sites\/3\/2023\/03\/upa-znsts.jpg","contentUrl":"https:\/\/redenoticiaz.com.br\/litoralsp\/wp-content\/uploads\/sites\/3\/2023\/03\/upa-znsts.jpg","width":1400,"height":933,"caption":"Cr\u00e9ditos: Divulga\u00e7\u00e3o\/Prefeitura de Santos"},{"@type":"WebSite","@id":"https:\/\/redenoticiaz.com.br\/litoralsp\/#website","url":"https:\/\/redenoticiaz.com.br\/litoralsp\/","name":"Litoral SP","description":"Rede NoticiaZ","publisher":{"@id":"https:\/\/redenoticiaz.com.br\/litoralsp\/#organization"},"potentialAction":[{"@type":"SearchAction","target":{"@type":"EntryPoint","urlTemplate":"https:\/\/redenoticiaz.com.br\/litoralsp\/?s={search_term_string}"},"query-input":{"@type":"PropertyValueSpecification","valueRequired":true,"valueName":"search_term_string"}}],"inLanguage":"pt-BR"},{"@type":"Organization","@id":"https:\/\/redenoticiaz.com.br\/litoralsp\/#organization","name":"Litoral SP","url":"https:\/\/redenoticiaz.com.br\/litoralsp\/","logo":{"@type":"ImageObject","inLanguage":"pt-BR","@id":"https:\/\/redenoticiaz.com.br\/litoralsp\/#\/schema\/logo\/image\/","url":"https:\/\/redenoticiaz.com.br\/litoralsp\/wp-content\/uploads\/sites\/3\/2020\/11\/logo.jpg","contentUrl":"https:\/\/redenoticiaz.com.br\/litoralsp\/wp-content\/uploads\/sites\/3\/2020\/11\/logo.jpg","width":400,"height":250,"caption":"Litoral SP"},"image":{"@id":"https:\/\/redenoticiaz.com.br\/litoralsp\/#\/schema\/logo\/image\/"}},{"@type":"Person","@id":"https:\/\/redenoticiaz.com.br\/litoralsp\/#\/schema\/person\/0f0b8a5bdafefe82841e07ae8d81ecb3","name":"Leonardo Francisco","image":{"@type":"ImageObject","inLanguage":"pt-BR","@id":"https:\/\/secure.gravatar.com\/avatar\/a7358cb406a99b682ec6df1e77e31ae82e63601f6784e8a3df411d72b37864da?s=96&d=mm&r=g","url":"https:\/\/secure.gravatar.com\/avatar\/a7358cb406a99b682ec6df1e77e31ae82e63601f6784e8a3df411d72b37864da?s=96&d=mm&r=g","contentUrl":"https:\/\/secure.gravatar.com\/avatar\/a7358cb406a99b682ec6df1e77e31ae82e63601f6784e8a3df411d72b37864da?s=96&d=mm&r=g","caption":"Leonardo Francisco"},"url":"https:\/\/redenoticiaz.com.br\/litoralsp\/author\/leonardo-francisco"}]}},"_links":{"self":[{"href":"https:\/\/redenoticiaz.com.br\/litoralsp\/wp-json\/wp\/v2\/posts\/102344","targetHints":{"allow":["GET"]}}],"collection":[{"href":"https:\/\/redenoticiaz.com.br\/litoralsp\/wp-json\/wp\/v2\/posts"}],"about":[{"href":"https:\/\/redenoticiaz.com.br\/litoralsp\/wp-json\/wp\/v2\/types\/post"}],"author":[{"embeddable":true,"href":"https:\/\/redenoticiaz.com.br\/litoralsp\/wp-json\/wp\/v2\/users\/6"}],"replies":[{"embeddable":true,"href":"https:\/\/redenoticiaz.com.br\/litoralsp\/wp-json\/wp\/v2\/comments?post=102344"}],"version-history":[{"count":1,"href":"https:\/\/redenoticiaz.com.br\/litoralsp\/wp-json\/wp\/v2\/posts\/102344\/revisions"}],"predecessor-version":[{"id":102346,"href":"https:\/\/redenoticiaz.com.br\/litoralsp\/wp-json\/wp\/v2\/posts\/102344\/revisions\/102346"}],"wp:featuredmedia":[{"embeddable":true,"href":"https:\/\/redenoticiaz.com.br\/litoralsp\/wp-json\/wp\/v2\/media\/102345"}],"wp:attachment":[{"href":"https:\/\/redenoticiaz.com.br\/litoralsp\/wp-json\/wp\/v2\/media?parent=102344"}],"wp:term":[{"taxonomy":"category","embeddable":true,"href":"https:\/\/redenoticiaz.com.br\/litoralsp\/wp-json\/wp\/v2\/categories?post=102344"},{"taxonomy":"post_tag","embeddable":true,"href":"https:\/\/redenoticiaz.com.br\/litoralsp\/wp-json\/wp\/v2\/tags?post=102344"}],"curies":[{"name":"wp","href":"https:\/\/api.w.org\/{rel}","templated":true}]}}