{"id":102356,"date":"2023-03-13T07:17:31","date_gmt":"2023-03-13T10:17:31","guid":{"rendered":"https:\/\/redenoticiaz.com.br\/litoralsp\/2023\/03\/13\/paredao-quadruplo-e-formado-no-bbb-23"},"modified":"2023-03-13T07:17:31","modified_gmt":"2023-03-13T10:17:31","slug":"paredao-quadruplo-e-formado-no-bbb-23","status":"publish","type":"post","link":"https:\/\/redenoticiaz.com.br\/litoralsp\/2023\/03\/13\/paredao-quadruplo-e-formado-no-bbb-23","title":{"rendered":"Pared\u00e3o qu\u00e1druplo \u00e9 formado no BBB 23"},"content":{"rendered":"<p>Pela segunda vez, o Big Brother Brasil 2023 tem um quarteto formando o Pared\u00e3o. Os quatro indicados para o <strong>nono Pared\u00e3o do BBB 23<\/strong> s\u00e3o Cezar, Domitila Barros, Larissa e Ricardo. Eles disputam a perman\u00eancia ap\u00f3s uma noite cheia de surpresas e reviravoltas para a forma\u00e7\u00e3o de mais uma berlinda.<\/p>\n<p>Tudo come\u00e7ou o Quarto Branco, quando Domitila perdeu a disputa para Fred. Ela foi mandada direta ao Pared\u00e3o. Depois, a dupla C\u00e9zar e Larissa, que venceram a Prova do Anjo, tiveram a escolha de algu\u00e9m para ser imunizada. Aline Wirley foi a beneficiada com a escolha.<\/p>\n<div id=\"chunk-5n9f5\">\n<div class=\"mc-column content-text active-extra-styles \" data-block-type=\"unstyled\" data-block-weight=\"37\" data-block-id=\"21\">\n<p class=\"content-text__container \" data-track-category=\"Link no Texto\" data-track-links=\"\">J\u00e1 o L\u00edder da semana, MC Guim\u00ea indicou Cezar ao Pared\u00e3o. O cantor lembrou da conversa que eles tiveram na \u00faltima festa, em que resolveu algumas quest\u00f5es com o enfermeiro, mas ressaltou que sua decis\u00e3o j\u00e1 estava tomada. &#8220;Ele foi influenciado por opini\u00f5es alheias sobre meu jogo, a minha pessoa, e fomos nos distanciando&#8221;, justificou.<\/p>\n<\/div>\n<\/div>\n<div id=\"chunk-b83ef\">\n<div class=\"mc-column content-text active-extra-styles \" data-block-type=\"unstyled\" data-block-weight=\"17\" data-block-id=\"22\">\n<p data-track-category=\"Link no Texto\" data-track-links=\"\">Por fim teve a escolha dos participantes, Eles foram divididos em dois grupos por sorteio. Cada grupo foi para um quarto e teve que votar em integrantes do outro quarto. Larissa e Marvilla foram os mais votados.<\/p>\n<h3 data-track-category=\"Link no Texto\">Contragolpe e Prova Bate-Volta<\/h3>\n<p>Aline Wirley concedeu o poder do contragolpe para Larissa e ela mandou Ricardo para ir ao Pared\u00e3o. A\u00ed o jeito para decidir os dois pr\u00f3ximos ao PAred\u00e3o foi na Prova Bate-Volta. Larissa, Marvvila e Ricardo disputaram a Prova. Quem encontrasse tr\u00eas letras &#8220;M&#8221; primeiro, vencia a disputa. Marvvila levou a melhor e escapou do Pared\u00e3o.<\/p>\n<p><strong>LEIA TAMB\u00c9M<\/strong><\/p>\n<p><a href=\"https:\/\/redenoticiaz.com.br\/blog\/2023\/03\/11\/bbb-23-cezar-e-larissa-vencem-a-prova-do-anjo\">BBB 23: C\u00e9zar e Larissa vencem a Prova do Anjo<\/a><\/p>\n<\/div>\n<\/div>\n","protected":false},"excerpt":{"rendered":"<p>Pela segunda vez, o Big Brother Brasil 2023 tem um quarteto formando o Pared\u00e3o. Os quatro indicados para o nono Pared\u00e3o do BBB 23 s\u00e3o Cezar, Domitila Barros, Larissa e Ricardo. Eles disputam a perman\u00eancia ap\u00f3s uma noite cheia de surpresas e reviravoltas para a forma\u00e7\u00e3o de mais uma berlinda. Tudo come\u00e7ou o Quarto Branco, &hellip;<\/p>\n","protected":false},"author":6,"featured_media":102357,"comment_status":"open","ping_status":"closed","sticky":false,"template":"","format":"standard","meta":{"footnotes":""},"categories":[170],"tags":[61866,12676,62981,62982,49963,63933,20032,63934,62961],"class_list":["post-102356","post","type-post","status-publish","format-standard","has-post-thumbnail","hentry","category-entretenimento","tag-bbb-23","tag-big-brother-brasil","tag-cezar","tag-domitila","tag-larissa","tag-nono-paredao","tag-paredao","tag-quarteto","tag-ricardo"],"yoast_head":"<!-- This site is optimized with the Yoast SEO plugin v27.5 - https:\/\/yoast.com\/product\/yoast-seo-wordpress\/ -->\n<title>Pared\u00e3o qu\u00e1druplo \u00e9 formado no BBB 23 - Litoral SP<\/title>\n<meta name=\"description\" content=\"Pela segunda vez, o Big Brother Brasil 2023 tem um quarteto formando o Pared\u00e3o. Os quatro indicados para o nono Pared\u00e3o do BBB 23 s\u00e3o\" \/>\n<meta name=\"robots\" content=\"index, follow, max-snippet:-1, max-image-preview:large, max-video-preview:-1\" \/>\n<link rel=\"canonical\" href=\"https:\/\/redenoticiaz.com.br\/litoralsp\/2023\/03\/13\/paredao-quadruplo-e-formado-no-bbb-23\" \/>\n<meta property=\"og:locale\" content=\"pt_BR\" \/>\n<meta property=\"og:type\" content=\"article\" \/>\n<meta property=\"og:title\" content=\"Pared\u00e3o qu\u00e1druplo \u00e9 formado no BBB 23 - Litoral SP\" \/>\n<meta property=\"og:description\" content=\"Pela segunda vez, o Big Brother Brasil 2023 tem um quarteto formando o Pared\u00e3o. Os quatro indicados para o nono Pared\u00e3o do BBB 23 s\u00e3o\" \/>\n<meta property=\"og:url\" content=\"https:\/\/redenoticiaz.com.br\/litoralsp\/2023\/03\/13\/paredao-quadruplo-e-formado-no-bbb-23\" \/>\n<meta property=\"og:site_name\" content=\"Litoral SP\" \/>\n<meta property=\"article:published_time\" content=\"2023-03-13T10:17:31+00:00\" \/>\n<meta name=\"author\" content=\"Leonardo Francisco\" \/>\n<meta name=\"twitter:card\" content=\"summary_large_image\" \/>\n<meta name=\"twitter:image\" content=\"https:\/\/redenoticiaz.com.br\/litoralsp\/wp-content\/uploads\/sites\/3\/2023\/03\/PAREDAO-IX.jpg?v=1678702602\" \/>\n<meta name=\"twitter:label1\" content=\"Escrito por\" \/>\n\t<meta name=\"twitter:data1\" content=\"Leonardo Francisco\" \/>\n\t<meta name=\"twitter:label2\" content=\"Est. tempo de leitura\" \/>\n\t<meta name=\"twitter:data2\" content=\"2 minutos\" \/>\n<script type=\"application\/ld+json\" class=\"yoast-schema-graph\">{\"@context\":\"https:\\\/\\\/schema.org\",\"@graph\":[{\"@type\":\"Article\",\"@id\":\"https:\\\/\\\/redenoticiaz.com.br\\\/litoralsp\\\/2023\\\/03\\\/13\\\/paredao-quadruplo-e-formado-no-bbb-23#article\",\"isPartOf\":{\"@id\":\"https:\\\/\\\/redenoticiaz.com.br\\\/litoralsp\\\/2023\\\/03\\\/13\\\/paredao-quadruplo-e-formado-no-bbb-23\"},\"author\":{\"name\":\"Leonardo Francisco\",\"@id\":\"https:\\\/\\\/redenoticiaz.com.br\\\/litoralsp\\\/#\\\/schema\\\/person\\\/0f0b8a5bdafefe82841e07ae8d81ecb3\"},\"headline\":\"Pared\u00e3o qu\u00e1druplo \u00e9 formado no BBB 23\",\"datePublished\":\"2023-03-13T10:17:31+00:00\",\"mainEntityOfPage\":{\"@id\":\"https:\\\/\\\/redenoticiaz.com.br\\\/litoralsp\\\/2023\\\/03\\\/13\\\/paredao-quadruplo-e-formado-no-bbb-23\"},\"wordCount\":285,\"commentCount\":0,\"publisher\":{\"@id\":\"https:\\\/\\\/redenoticiaz.com.br\\\/litoralsp\\\/#organization\"},\"image\":{\"@id\":\"https:\\\/\\\/redenoticiaz.com.br\\\/litoralsp\\\/2023\\\/03\\\/13\\\/paredao-quadruplo-e-formado-no-bbb-23#primaryimage\"},\"thumbnailUrl\":\"https:\\\/\\\/redenoticiaz.com.br\\\/litoralsp\\\/wp-content\\\/uploads\\\/sites\\\/3\\\/2023\\\/03\\\/PAREDAO-IX.jpg?v=1678702602\",\"keywords\":[\"BBB 23\",\"BIG BROTHER BRASIL\",\"C\u00c9ZAR\",\"DOMITILA\",\"LARISSA\",\"NONO PARED\u00c3O\",\"PARED\u00c3O\",\"QUARTETO\",\"RICARDO\"],\"articleSection\":[\"Entretenimento\"],\"inLanguage\":\"pt-BR\",\"potentialAction\":[{\"@type\":\"CommentAction\",\"name\":\"Comment\",\"target\":[\"https:\\\/\\\/redenoticiaz.com.br\\\/litoralsp\\\/2023\\\/03\\\/13\\\/paredao-quadruplo-e-formado-no-bbb-23#respond\"]}]},{\"@type\":\"WebPage\",\"@id\":\"https:\\\/\\\/redenoticiaz.com.br\\\/litoralsp\\\/2023\\\/03\\\/13\\\/paredao-quadruplo-e-formado-no-bbb-23\",\"url\":\"https:\\\/\\\/redenoticiaz.com.br\\\/litoralsp\\\/2023\\\/03\\\/13\\\/paredao-quadruplo-e-formado-no-bbb-23\",\"name\":\"Pared\u00e3o qu\u00e1druplo \u00e9 formado no BBB 23 - Litoral SP\",\"isPartOf\":{\"@id\":\"https:\\\/\\\/redenoticiaz.com.br\\\/litoralsp\\\/#website\"},\"primaryImageOfPage\":{\"@id\":\"https:\\\/\\\/redenoticiaz.com.br\\\/litoralsp\\\/2023\\\/03\\\/13\\\/paredao-quadruplo-e-formado-no-bbb-23#primaryimage\"},\"image\":{\"@id\":\"https:\\\/\\\/redenoticiaz.com.br\\\/litoralsp\\\/2023\\\/03\\\/13\\\/paredao-quadruplo-e-formado-no-bbb-23#primaryimage\"},\"thumbnailUrl\":\"https:\\\/\\\/redenoticiaz.com.br\\\/litoralsp\\\/wp-content\\\/uploads\\\/sites\\\/3\\\/2023\\\/03\\\/PAREDAO-IX.jpg?v=1678702602\",\"datePublished\":\"2023-03-13T10:17:31+00:00\",\"description\":\"Pela segunda vez, o Big Brother Brasil 2023 tem um quarteto formando o Pared\u00e3o. Os quatro indicados para o nono Pared\u00e3o do BBB 23 s\u00e3o\",\"inLanguage\":\"pt-BR\",\"potentialAction\":[{\"@type\":\"ReadAction\",\"target\":[\"https:\\\/\\\/redenoticiaz.com.br\\\/litoralsp\\\/2023\\\/03\\\/13\\\/paredao-quadruplo-e-formado-no-bbb-23\"]}]},{\"@type\":\"ImageObject\",\"inLanguage\":\"pt-BR\",\"@id\":\"https:\\\/\\\/redenoticiaz.com.br\\\/litoralsp\\\/2023\\\/03\\\/13\\\/paredao-quadruplo-e-formado-no-bbb-23#primaryimage\",\"url\":\"https:\\\/\\\/redenoticiaz.com.br\\\/litoralsp\\\/wp-content\\\/uploads\\\/sites\\\/3\\\/2023\\\/03\\\/PAREDAO-IX.jpg?v=1678702602\",\"contentUrl\":\"https:\\\/\\\/redenoticiaz.com.br\\\/litoralsp\\\/wp-content\\\/uploads\\\/sites\\\/3\\\/2023\\\/03\\\/PAREDAO-IX.jpg?v=1678702602\",\"width\":499,\"height\":223,\"caption\":\"Cr\u00e9ditos: Reprodu\u00e7\u00e3o\\\/TV Globo\"},{\"@type\":\"WebSite\",\"@id\":\"https:\\\/\\\/redenoticiaz.com.br\\\/litoralsp\\\/#website\",\"url\":\"https:\\\/\\\/redenoticiaz.com.br\\\/litoralsp\\\/\",\"name\":\"Litoral SP\",\"description\":\"Rede NoticiaZ\",\"publisher\":{\"@id\":\"https:\\\/\\\/redenoticiaz.com.br\\\/litoralsp\\\/#organization\"},\"potentialAction\":[{\"@type\":\"SearchAction\",\"target\":{\"@type\":\"EntryPoint\",\"urlTemplate\":\"https:\\\/\\\/redenoticiaz.com.br\\\/litoralsp\\\/?s={search_term_string}\"},\"query-input\":{\"@type\":\"PropertyValueSpecification\",\"valueRequired\":true,\"valueName\":\"search_term_string\"}}],\"inLanguage\":\"pt-BR\"},{\"@type\":\"Organization\",\"@id\":\"https:\\\/\\\/redenoticiaz.com.br\\\/litoralsp\\\/#organization\",\"name\":\"Litoral SP\",\"url\":\"https:\\\/\\\/redenoticiaz.com.br\\\/litoralsp\\\/\",\"logo\":{\"@type\":\"ImageObject\",\"inLanguage\":\"pt-BR\",\"@id\":\"https:\\\/\\\/redenoticiaz.com.br\\\/litoralsp\\\/#\\\/schema\\\/logo\\\/image\\\/\",\"url\":\"https:\\\/\\\/redenoticiaz.com.br\\\/litoralsp\\\/wp-content\\\/uploads\\\/sites\\\/3\\\/2020\\\/11\\\/logo.jpg\",\"contentUrl\":\"https:\\\/\\\/redenoticiaz.com.br\\\/litoralsp\\\/wp-content\\\/uploads\\\/sites\\\/3\\\/2020\\\/11\\\/logo.jpg\",\"width\":400,\"height\":250,\"caption\":\"Litoral SP\"},\"image\":{\"@id\":\"https:\\\/\\\/redenoticiaz.com.br\\\/litoralsp\\\/#\\\/schema\\\/logo\\\/image\\\/\"}},{\"@type\":\"Person\",\"@id\":\"https:\\\/\\\/redenoticiaz.com.br\\\/litoralsp\\\/#\\\/schema\\\/person\\\/0f0b8a5bdafefe82841e07ae8d81ecb3\",\"name\":\"Leonardo Francisco\",\"image\":{\"@type\":\"ImageObject\",\"inLanguage\":\"pt-BR\",\"@id\":\"https:\\\/\\\/secure.gravatar.com\\\/avatar\\\/a7358cb406a99b682ec6df1e77e31ae82e63601f6784e8a3df411d72b37864da?s=96&d=mm&r=g\",\"url\":\"https:\\\/\\\/secure.gravatar.com\\\/avatar\\\/a7358cb406a99b682ec6df1e77e31ae82e63601f6784e8a3df411d72b37864da?s=96&d=mm&r=g\",\"contentUrl\":\"https:\\\/\\\/secure.gravatar.com\\\/avatar\\\/a7358cb406a99b682ec6df1e77e31ae82e63601f6784e8a3df411d72b37864da?s=96&d=mm&r=g\",\"caption\":\"Leonardo Francisco\"},\"url\":\"https:\\\/\\\/redenoticiaz.com.br\\\/litoralsp\\\/author\\\/leonardo-francisco\"}]}<\/script>\n<!-- \/ Yoast SEO plugin. -->","yoast_head_json":{"title":"Pared\u00e3o qu\u00e1druplo \u00e9 formado no BBB 23 - Litoral SP","description":"Pela segunda vez, o Big Brother Brasil 2023 tem um quarteto formando o Pared\u00e3o. Os quatro indicados para o nono Pared\u00e3o do BBB 23 s\u00e3o","robots":{"index":"index","follow":"follow","max-snippet":"max-snippet:-1","max-image-preview":"max-image-preview:large","max-video-preview":"max-video-preview:-1"},"canonical":"https:\/\/redenoticiaz.com.br\/litoralsp\/2023\/03\/13\/paredao-quadruplo-e-formado-no-bbb-23","og_locale":"pt_BR","og_type":"article","og_title":"Pared\u00e3o qu\u00e1druplo \u00e9 formado no BBB 23 - Litoral SP","og_description":"Pela segunda vez, o Big Brother Brasil 2023 tem um quarteto formando o Pared\u00e3o. Os quatro indicados para o nono Pared\u00e3o do BBB 23 s\u00e3o","og_url":"https:\/\/redenoticiaz.com.br\/litoralsp\/2023\/03\/13\/paredao-quadruplo-e-formado-no-bbb-23","og_site_name":"Litoral SP","article_published_time":"2023-03-13T10:17:31+00:00","author":"Leonardo Francisco","twitter_card":"summary_large_image","twitter_image":"https:\/\/redenoticiaz.com.br\/litoralsp\/wp-content\/uploads\/sites\/3\/2023\/03\/PAREDAO-IX.jpg?v=1678702602","twitter_misc":{"Escrito por":"Leonardo Francisco","Est. tempo de leitura":"2 minutos"},"schema":{"@context":"https:\/\/schema.org","@graph":[{"@type":"Article","@id":"https:\/\/redenoticiaz.com.br\/litoralsp\/2023\/03\/13\/paredao-quadruplo-e-formado-no-bbb-23#article","isPartOf":{"@id":"https:\/\/redenoticiaz.com.br\/litoralsp\/2023\/03\/13\/paredao-quadruplo-e-formado-no-bbb-23"},"author":{"name":"Leonardo Francisco","@id":"https:\/\/redenoticiaz.com.br\/litoralsp\/#\/schema\/person\/0f0b8a5bdafefe82841e07ae8d81ecb3"},"headline":"Pared\u00e3o qu\u00e1druplo \u00e9 formado no BBB 23","datePublished":"2023-03-13T10:17:31+00:00","mainEntityOfPage":{"@id":"https:\/\/redenoticiaz.com.br\/litoralsp\/2023\/03\/13\/paredao-quadruplo-e-formado-no-bbb-23"},"wordCount":285,"commentCount":0,"publisher":{"@id":"https:\/\/redenoticiaz.com.br\/litoralsp\/#organization"},"image":{"@id":"https:\/\/redenoticiaz.com.br\/litoralsp\/2023\/03\/13\/paredao-quadruplo-e-formado-no-bbb-23#primaryimage"},"thumbnailUrl":"https:\/\/redenoticiaz.com.br\/litoralsp\/wp-content\/uploads\/sites\/3\/2023\/03\/PAREDAO-IX.jpg?v=1678702602","keywords":["BBB 23","BIG BROTHER BRASIL","C\u00c9ZAR","DOMITILA","LARISSA","NONO PARED\u00c3O","PARED\u00c3O","QUARTETO","RICARDO"],"articleSection":["Entretenimento"],"inLanguage":"pt-BR","potentialAction":[{"@type":"CommentAction","name":"Comment","target":["https:\/\/redenoticiaz.com.br\/litoralsp\/2023\/03\/13\/paredao-quadruplo-e-formado-no-bbb-23#respond"]}]},{"@type":"WebPage","@id":"https:\/\/redenoticiaz.com.br\/litoralsp\/2023\/03\/13\/paredao-quadruplo-e-formado-no-bbb-23","url":"https:\/\/redenoticiaz.com.br\/litoralsp\/2023\/03\/13\/paredao-quadruplo-e-formado-no-bbb-23","name":"Pared\u00e3o qu\u00e1druplo \u00e9 formado no BBB 23 - Litoral SP","isPartOf":{"@id":"https:\/\/redenoticiaz.com.br\/litoralsp\/#website"},"primaryImageOfPage":{"@id":"https:\/\/redenoticiaz.com.br\/litoralsp\/2023\/03\/13\/paredao-quadruplo-e-formado-no-bbb-23#primaryimage"},"image":{"@id":"https:\/\/redenoticiaz.com.br\/litoralsp\/2023\/03\/13\/paredao-quadruplo-e-formado-no-bbb-23#primaryimage"},"thumbnailUrl":"https:\/\/redenoticiaz.com.br\/litoralsp\/wp-content\/uploads\/sites\/3\/2023\/03\/PAREDAO-IX.jpg?v=1678702602","datePublished":"2023-03-13T10:17:31+00:00","description":"Pela segunda vez, o Big Brother Brasil 2023 tem um quarteto formando o Pared\u00e3o. Os quatro indicados para o nono Pared\u00e3o do BBB 23 s\u00e3o","inLanguage":"pt-BR","potentialAction":[{"@type":"ReadAction","target":["https:\/\/redenoticiaz.com.br\/litoralsp\/2023\/03\/13\/paredao-quadruplo-e-formado-no-bbb-23"]}]},{"@type":"ImageObject","inLanguage":"pt-BR","@id":"https:\/\/redenoticiaz.com.br\/litoralsp\/2023\/03\/13\/paredao-quadruplo-e-formado-no-bbb-23#primaryimage","url":"https:\/\/redenoticiaz.com.br\/litoralsp\/wp-content\/uploads\/sites\/3\/2023\/03\/PAREDAO-IX.jpg?v=1678702602","contentUrl":"https:\/\/redenoticiaz.com.br\/litoralsp\/wp-content\/uploads\/sites\/3\/2023\/03\/PAREDAO-IX.jpg?v=1678702602","width":499,"height":223,"caption":"Cr\u00e9ditos: Reprodu\u00e7\u00e3o\/TV Globo"},{"@type":"WebSite","@id":"https:\/\/redenoticiaz.com.br\/litoralsp\/#website","url":"https:\/\/redenoticiaz.com.br\/litoralsp\/","name":"Litoral SP","description":"Rede NoticiaZ","publisher":{"@id":"https:\/\/redenoticiaz.com.br\/litoralsp\/#organization"},"potentialAction":[{"@type":"SearchAction","target":{"@type":"EntryPoint","urlTemplate":"https:\/\/redenoticiaz.com.br\/litoralsp\/?s={search_term_string}"},"query-input":{"@type":"PropertyValueSpecification","valueRequired":true,"valueName":"search_term_string"}}],"inLanguage":"pt-BR"},{"@type":"Organization","@id":"https:\/\/redenoticiaz.com.br\/litoralsp\/#organization","name":"Litoral SP","url":"https:\/\/redenoticiaz.com.br\/litoralsp\/","logo":{"@type":"ImageObject","inLanguage":"pt-BR","@id":"https:\/\/redenoticiaz.com.br\/litoralsp\/#\/schema\/logo\/image\/","url":"https:\/\/redenoticiaz.com.br\/litoralsp\/wp-content\/uploads\/sites\/3\/2020\/11\/logo.jpg","contentUrl":"https:\/\/redenoticiaz.com.br\/litoralsp\/wp-content\/uploads\/sites\/3\/2020\/11\/logo.jpg","width":400,"height":250,"caption":"Litoral SP"},"image":{"@id":"https:\/\/redenoticiaz.com.br\/litoralsp\/#\/schema\/logo\/image\/"}},{"@type":"Person","@id":"https:\/\/redenoticiaz.com.br\/litoralsp\/#\/schema\/person\/0f0b8a5bdafefe82841e07ae8d81ecb3","name":"Leonardo Francisco","image":{"@type":"ImageObject","inLanguage":"pt-BR","@id":"https:\/\/secure.gravatar.com\/avatar\/a7358cb406a99b682ec6df1e77e31ae82e63601f6784e8a3df411d72b37864da?s=96&d=mm&r=g","url":"https:\/\/secure.gravatar.com\/avatar\/a7358cb406a99b682ec6df1e77e31ae82e63601f6784e8a3df411d72b37864da?s=96&d=mm&r=g","contentUrl":"https:\/\/secure.gravatar.com\/avatar\/a7358cb406a99b682ec6df1e77e31ae82e63601f6784e8a3df411d72b37864da?s=96&d=mm&r=g","caption":"Leonardo Francisco"},"url":"https:\/\/redenoticiaz.com.br\/litoralsp\/author\/leonardo-francisco"}]}},"_links":{"self":[{"href":"https:\/\/redenoticiaz.com.br\/litoralsp\/wp-json\/wp\/v2\/posts\/102356","targetHints":{"allow":["GET"]}}],"collection":[{"href":"https:\/\/redenoticiaz.com.br\/litoralsp\/wp-json\/wp\/v2\/posts"}],"about":[{"href":"https:\/\/redenoticiaz.com.br\/litoralsp\/wp-json\/wp\/v2\/types\/post"}],"author":[{"embeddable":true,"href":"https:\/\/redenoticiaz.com.br\/litoralsp\/wp-json\/wp\/v2\/users\/6"}],"replies":[{"embeddable":true,"href":"https:\/\/redenoticiaz.com.br\/litoralsp\/wp-json\/wp\/v2\/comments?post=102356"}],"version-history":[{"count":1,"href":"https:\/\/redenoticiaz.com.br\/litoralsp\/wp-json\/wp\/v2\/posts\/102356\/revisions"}],"predecessor-version":[{"id":102358,"href":"https:\/\/redenoticiaz.com.br\/litoralsp\/wp-json\/wp\/v2\/posts\/102356\/revisions\/102358"}],"wp:featuredmedia":[{"embeddable":true,"href":"https:\/\/redenoticiaz.com.br\/litoralsp\/wp-json\/wp\/v2\/media\/102357"}],"wp:attachment":[{"href":"https:\/\/redenoticiaz.com.br\/litoralsp\/wp-json\/wp\/v2\/media?parent=102356"}],"wp:term":[{"taxonomy":"category","embeddable":true,"href":"https:\/\/redenoticiaz.com.br\/litoralsp\/wp-json\/wp\/v2\/categories?post=102356"},{"taxonomy":"post_tag","embeddable":true,"href":"https:\/\/redenoticiaz.com.br\/litoralsp\/wp-json\/wp\/v2\/tags?post=102356"}],"curies":[{"name":"wp","href":"https:\/\/api.w.org\/{rel}","templated":true}]}}