{"id":102431,"date":"2023-03-13T22:50:00","date_gmt":"2023-03-14T01:50:00","guid":{"rendered":"https:\/\/redenoticiaz.com.br\/litoralsp\/2023\/03\/13\/sao-paulo-e-eliminado-do-paulistao-nos-penaltis-para-o-agua-santa"},"modified":"2023-03-13T22:50:00","modified_gmt":"2023-03-14T01:50:00","slug":"sao-paulo-e-eliminado-do-paulistao-nos-penaltis-para-o-agua-santa","status":"publish","type":"post","link":"https:\/\/redenoticiaz.com.br\/litoralsp\/2023\/03\/13\/sao-paulo-e-eliminado-do-paulistao-nos-penaltis-para-o-agua-santa","title":{"rendered":"S\u00e3o Paulo \u00e9 eliminado do Paulist\u00e3o nos p\u00eanaltis para o \u00c1gua Santa"},"content":{"rendered":"<p>Mais um gigante do futebol de S\u00e3o Paulo d\u00e1 adeus a chance de t\u00edtulo no Campeonato Paulista. Ap\u00f3s o Santos, na primeira fase e o Corinthians nas quartas de final, <strong>o S\u00e3o Paulo foi mais um a ser eliminado<\/strong> da competi\u00e7\u00e3o. Nesta segunda-feira (13), no Allianz Parque, o Tricolor encarou o \u00c1gua Santa e era apontado como favorito. Mas ap\u00f3s um empate sem gols, a equipe s\u00e3o-paulina foi derrotada nos p\u00eanaltis e deu adeus ap\u00f3s dois anos seguidos chegando \u00e0 final.<\/p>\n<p>Enquanto os quase 40\u00a0 mil tricolores, que foram ao Allianz Parque, ficaram decepcionados com a derrota, o Netuno fez hist\u00f3ria. Pela primeira vez em quatro participa\u00e7\u00f5es no Paulist\u00e3o, o \u00c1gua Santa chega \u00e0 uma semifinal, coroando uma grande campanha.<\/p>\n<p><span class=\"sc-dvXXZy epvZtk\">O primeiro tempo foi de dom\u00ednio intenso do S\u00e3o Paulo. Logo no come\u00e7o da partida, o atacante Galoppo sentiu um problema no joelho, praticamente sozinho, e saiu chorando de campo. O t\u00e9cnico Rog\u00e9rio Ceni colocou Erison na vaga do gringo, e o Tricolor manteve o ritmo de jogo criando boas chances de gol com Luan, Luciano e David.<\/span><\/p>\n<p><span class=\"sc-dvXXZy epvZtk\"> Ainda antes da metade do primeiro tempo, Joilson, do \u00c1gua Santa, tamb\u00e9m se machucou sozinho e precisou ser substitu\u00eddo. Nos minutos finais, o time de Diadema ensaiou uma press\u00e3o em uma sequ\u00eancia de escanteios, mas nada que realmente tirasse o sossego dos s\u00e3o-paulinos. <\/span><\/p>\n<h3>Segundo tempo<\/h3>\n<p>Na etapa final, o jogo ficou mais brigado e sem tantas oportunidades de gol. O S\u00e3o Paulo insistia, mas esbarrava na forte marca\u00e7\u00e3o do Netuno. As bolas cruzadas na \u00e1rea passaram a serem armas usadas pelas duas equipes, mas sem obrigar os goleiros a fazerem importantes defesas.<\/p>\n<p>Finaliza\u00e7\u00f5es mesmo somente no final do jogo. Primeiro com Nathan Mendes, que parou em boa defesa d<span class=\"sc-dvXXZy epvZtk\">o goleiro Ygor. Pablo Maia levou perigo em uma \u00f3tima finaliza\u00e7\u00e3o de tr\u00eas dedos e a bola triscou a trave. Alerta de p\u00eanaltis.<\/span><\/p>\n<h3>\u00c1gua Santa heroico<\/h3>\n<p>O Netuno acertou as quatro primeiras cobran\u00e7as, enquanto que o S\u00e3o Paulo errou com Alisson, que isolou a bola. S\u00f3 que na quinta cobran\u00e7a do \u00c1gua Santa, Gabriel Inoc\u00eancio parou no goleiro Rafael. Esperan\u00e7a Tricolor!<\/p>\n<p>Nas alternadas, a equipe de Diadema acertou as duas que teve, enquanto os s\u00e3o-paulinos acertaram uma com Rodrigo Nestor, mas Jhegson M\u00e9ndez parou no goleiro Ygor e assim o Tricolor deu adeus ao Campeonato Paulista.<\/p>\n<p>O \u00c1gua Santa ter\u00e1 o Red Bull Bragantino na semifinal do Paulist\u00e3o, enquanto o Palmeiras, \u00fanico dos grandes classificado, encara o Ituano. As datas dos jogos ser\u00e3o definidas em reuni\u00e3o da Federa\u00e7\u00e3o Paulista de Futebol (FPF).<\/p>\n<p><strong>LEIA TAMB\u00c9M<\/strong><\/p>\n<p><a href=\"https:\/\/redenoticiaz.com.br\/blog\/2023\/03\/13\/bragantino-vai-a-semifinal-o-paulistao-ao-vencer-o-botafogo-com-show-de-bruninho\">Bragantino vai \u00e0 semifinal o Paulist\u00e3o ao vencer o Botafogo com show de Bruninho<\/a><\/p>\n","protected":false},"excerpt":{"rendered":"<p>Mais um gigante do futebol de S\u00e3o Paulo d\u00e1 adeus a chance de t\u00edtulo no Campeonato Paulista. Ap\u00f3s o Santos, na primeira fase e o Corinthians nas quartas de final, o S\u00e3o Paulo foi mais um a ser eliminado da competi\u00e7\u00e3o. Nesta segunda-feira (13), no Allianz Parque, o Tricolor encarou o \u00c1gua Santa e era &hellip;<\/p>\n","protected":false},"author":6,"featured_media":102432,"comment_status":"open","ping_status":"closed","sticky":false,"template":"","format":"standard","meta":{"footnotes":""},"categories":[35],"tags":[40944,20729,3712,63961,60549,10557,63962],"class_list":["post-102431","post","type-post","status-publish","format-standard","has-post-thumbnail","hentry","category-esporte","tag-agua-santa","tag-allianz-parque","tag-campeonato-paulista","tag-netuno-classificado","tag-paulistao-2023","tag-sao-paulo-fc","tag-tricolor-eliminado"],"yoast_head":"<!-- This site is optimized with the Yoast SEO plugin v27.4 - https:\/\/yoast.com\/product\/yoast-seo-wordpress\/ -->\n<title>S\u00e3o Paulo \u00e9 eliminado do Paulist\u00e3o nos p\u00eanaltis para o \u00c1gua Santa - Litoral SP<\/title>\n<meta name=\"description\" content=\"de final, o S\u00e3o Paulo foi mais um a ser eliminado da competi\u00e7\u00e3o. Nesta segunda-feira (13), no Allianz Parque, o Tricolor encarou o \u00c1gua Santa\" \/>\n<meta name=\"robots\" content=\"index, follow, max-snippet:-1, max-image-preview:large, max-video-preview:-1\" \/>\n<link rel=\"canonical\" href=\"https:\/\/redenoticiaz.com.br\/litoralsp\/2023\/03\/13\/sao-paulo-e-eliminado-do-paulistao-nos-penaltis-para-o-agua-santa\" \/>\n<meta property=\"og:locale\" content=\"pt_BR\" \/>\n<meta property=\"og:type\" content=\"article\" \/>\n<meta property=\"og:title\" content=\"S\u00e3o Paulo \u00e9 eliminado do Paulist\u00e3o nos p\u00eanaltis para o \u00c1gua Santa - Litoral SP\" \/>\n<meta property=\"og:description\" content=\"de final, o S\u00e3o Paulo foi mais um a ser eliminado da competi\u00e7\u00e3o. Nesta segunda-feira (13), no Allianz Parque, o Tricolor encarou o \u00c1gua Santa\" \/>\n<meta property=\"og:url\" content=\"https:\/\/redenoticiaz.com.br\/litoralsp\/2023\/03\/13\/sao-paulo-e-eliminado-do-paulistao-nos-penaltis-para-o-agua-santa\" \/>\n<meta property=\"og:site_name\" content=\"Litoral SP\" \/>\n<meta property=\"article:published_time\" content=\"2023-03-14T01:50:00+00:00\" \/>\n<meta name=\"author\" content=\"Leonardo Francisco\" \/>\n<meta name=\"twitter:card\" content=\"summary_large_image\" \/>\n<meta name=\"twitter:image\" content=\"https:\/\/redenoticiaz.com.br\/litoralsp\/wp-content\/uploads\/sites\/3\/2023\/03\/SPXAGS-ALL.jpg?v=1678758435\" \/>\n<meta name=\"twitter:label1\" content=\"Escrito por\" \/>\n\t<meta name=\"twitter:data1\" content=\"Leonardo Francisco\" \/>\n\t<meta name=\"twitter:label2\" content=\"Est. tempo de leitura\" \/>\n\t<meta name=\"twitter:data2\" content=\"3 minutos\" \/>\n<script type=\"application\/ld+json\" class=\"yoast-schema-graph\">{\"@context\":\"https:\\\/\\\/schema.org\",\"@graph\":[{\"@type\":\"Article\",\"@id\":\"https:\\\/\\\/redenoticiaz.com.br\\\/litoralsp\\\/2023\\\/03\\\/13\\\/sao-paulo-e-eliminado-do-paulistao-nos-penaltis-para-o-agua-santa#article\",\"isPartOf\":{\"@id\":\"https:\\\/\\\/redenoticiaz.com.br\\\/litoralsp\\\/2023\\\/03\\\/13\\\/sao-paulo-e-eliminado-do-paulistao-nos-penaltis-para-o-agua-santa\"},\"author\":{\"name\":\"Leonardo Francisco\",\"@id\":\"https:\\\/\\\/redenoticiaz.com.br\\\/litoralsp\\\/#\\\/schema\\\/person\\\/0f0b8a5bdafefe82841e07ae8d81ecb3\"},\"headline\":\"S\u00e3o Paulo \u00e9 eliminado do Paulist\u00e3o nos p\u00eanaltis para o \u00c1gua Santa\",\"datePublished\":\"2023-03-14T01:50:00+00:00\",\"mainEntityOfPage\":{\"@id\":\"https:\\\/\\\/redenoticiaz.com.br\\\/litoralsp\\\/2023\\\/03\\\/13\\\/sao-paulo-e-eliminado-do-paulistao-nos-penaltis-para-o-agua-santa\"},\"wordCount\":484,\"commentCount\":0,\"publisher\":{\"@id\":\"https:\\\/\\\/redenoticiaz.com.br\\\/litoralsp\\\/#organization\"},\"image\":{\"@id\":\"https:\\\/\\\/redenoticiaz.com.br\\\/litoralsp\\\/2023\\\/03\\\/13\\\/sao-paulo-e-eliminado-do-paulistao-nos-penaltis-para-o-agua-santa#primaryimage\"},\"thumbnailUrl\":\"https:\\\/\\\/redenoticiaz.com.br\\\/litoralsp\\\/wp-content\\\/uploads\\\/sites\\\/3\\\/2023\\\/03\\\/SPXAGS-ALL.jpg?v=1678758435\",\"keywords\":[\"\u00c1GUA SANTA\",\"ALLIANZ PARQUE\",\"CAMPEONATO PAULISTA\",\"NETUNO CLASSIFICADO\",\"paulist\u00e3o 2023\",\"S\u00c3O PAULO FC\",\"TRICOLOR ELIMINADO\"],\"articleSection\":[\"Esporte\"],\"inLanguage\":\"pt-BR\",\"potentialAction\":[{\"@type\":\"CommentAction\",\"name\":\"Comment\",\"target\":[\"https:\\\/\\\/redenoticiaz.com.br\\\/litoralsp\\\/2023\\\/03\\\/13\\\/sao-paulo-e-eliminado-do-paulistao-nos-penaltis-para-o-agua-santa#respond\"]}]},{\"@type\":\"WebPage\",\"@id\":\"https:\\\/\\\/redenoticiaz.com.br\\\/litoralsp\\\/2023\\\/03\\\/13\\\/sao-paulo-e-eliminado-do-paulistao-nos-penaltis-para-o-agua-santa\",\"url\":\"https:\\\/\\\/redenoticiaz.com.br\\\/litoralsp\\\/2023\\\/03\\\/13\\\/sao-paulo-e-eliminado-do-paulistao-nos-penaltis-para-o-agua-santa\",\"name\":\"S\u00e3o Paulo \u00e9 eliminado do Paulist\u00e3o nos p\u00eanaltis para o \u00c1gua Santa - Litoral SP\",\"isPartOf\":{\"@id\":\"https:\\\/\\\/redenoticiaz.com.br\\\/litoralsp\\\/#website\"},\"primaryImageOfPage\":{\"@id\":\"https:\\\/\\\/redenoticiaz.com.br\\\/litoralsp\\\/2023\\\/03\\\/13\\\/sao-paulo-e-eliminado-do-paulistao-nos-penaltis-para-o-agua-santa#primaryimage\"},\"image\":{\"@id\":\"https:\\\/\\\/redenoticiaz.com.br\\\/litoralsp\\\/2023\\\/03\\\/13\\\/sao-paulo-e-eliminado-do-paulistao-nos-penaltis-para-o-agua-santa#primaryimage\"},\"thumbnailUrl\":\"https:\\\/\\\/redenoticiaz.com.br\\\/litoralsp\\\/wp-content\\\/uploads\\\/sites\\\/3\\\/2023\\\/03\\\/SPXAGS-ALL.jpg?v=1678758435\",\"datePublished\":\"2023-03-14T01:50:00+00:00\",\"description\":\"de final, o S\u00e3o Paulo foi mais um a ser eliminado da competi\u00e7\u00e3o. Nesta segunda-feira (13), no Allianz Parque, o Tricolor encarou o \u00c1gua Santa\",\"inLanguage\":\"pt-BR\",\"potentialAction\":[{\"@type\":\"ReadAction\",\"target\":[\"https:\\\/\\\/redenoticiaz.com.br\\\/litoralsp\\\/2023\\\/03\\\/13\\\/sao-paulo-e-eliminado-do-paulistao-nos-penaltis-para-o-agua-santa\"]}]},{\"@type\":\"ImageObject\",\"inLanguage\":\"pt-BR\",\"@id\":\"https:\\\/\\\/redenoticiaz.com.br\\\/litoralsp\\\/2023\\\/03\\\/13\\\/sao-paulo-e-eliminado-do-paulistao-nos-penaltis-para-o-agua-santa#primaryimage\",\"url\":\"https:\\\/\\\/redenoticiaz.com.br\\\/litoralsp\\\/wp-content\\\/uploads\\\/sites\\\/3\\\/2023\\\/03\\\/SPXAGS-ALL.jpg?v=1678758435\",\"contentUrl\":\"https:\\\/\\\/redenoticiaz.com.br\\\/litoralsp\\\/wp-content\\\/uploads\\\/sites\\\/3\\\/2023\\\/03\\\/SPXAGS-ALL.jpg?v=1678758435\",\"width\":692,\"height\":355,\"caption\":\"Pela primeira vez, equipe de Diadema chega \u00e0 uma semifinal. Cr\u00e9ditos: Reprodu\u00e7\u00e3o\"},{\"@type\":\"WebSite\",\"@id\":\"https:\\\/\\\/redenoticiaz.com.br\\\/litoralsp\\\/#website\",\"url\":\"https:\\\/\\\/redenoticiaz.com.br\\\/litoralsp\\\/\",\"name\":\"Litoral SP\",\"description\":\"Rede NoticiaZ\",\"publisher\":{\"@id\":\"https:\\\/\\\/redenoticiaz.com.br\\\/litoralsp\\\/#organization\"},\"potentialAction\":[{\"@type\":\"SearchAction\",\"target\":{\"@type\":\"EntryPoint\",\"urlTemplate\":\"https:\\\/\\\/redenoticiaz.com.br\\\/litoralsp\\\/?s={search_term_string}\"},\"query-input\":{\"@type\":\"PropertyValueSpecification\",\"valueRequired\":true,\"valueName\":\"search_term_string\"}}],\"inLanguage\":\"pt-BR\"},{\"@type\":\"Organization\",\"@id\":\"https:\\\/\\\/redenoticiaz.com.br\\\/litoralsp\\\/#organization\",\"name\":\"Litoral SP\",\"url\":\"https:\\\/\\\/redenoticiaz.com.br\\\/litoralsp\\\/\",\"logo\":{\"@type\":\"ImageObject\",\"inLanguage\":\"pt-BR\",\"@id\":\"https:\\\/\\\/redenoticiaz.com.br\\\/litoralsp\\\/#\\\/schema\\\/logo\\\/image\\\/\",\"url\":\"https:\\\/\\\/redenoticiaz.com.br\\\/litoralsp\\\/wp-content\\\/uploads\\\/sites\\\/3\\\/2020\\\/11\\\/logo.jpg\",\"contentUrl\":\"https:\\\/\\\/redenoticiaz.com.br\\\/litoralsp\\\/wp-content\\\/uploads\\\/sites\\\/3\\\/2020\\\/11\\\/logo.jpg\",\"width\":400,\"height\":250,\"caption\":\"Litoral SP\"},\"image\":{\"@id\":\"https:\\\/\\\/redenoticiaz.com.br\\\/litoralsp\\\/#\\\/schema\\\/logo\\\/image\\\/\"}},{\"@type\":\"Person\",\"@id\":\"https:\\\/\\\/redenoticiaz.com.br\\\/litoralsp\\\/#\\\/schema\\\/person\\\/0f0b8a5bdafefe82841e07ae8d81ecb3\",\"name\":\"Leonardo Francisco\",\"image\":{\"@type\":\"ImageObject\",\"inLanguage\":\"pt-BR\",\"@id\":\"https:\\\/\\\/secure.gravatar.com\\\/avatar\\\/a7358cb406a99b682ec6df1e77e31ae82e63601f6784e8a3df411d72b37864da?s=96&d=mm&r=g\",\"url\":\"https:\\\/\\\/secure.gravatar.com\\\/avatar\\\/a7358cb406a99b682ec6df1e77e31ae82e63601f6784e8a3df411d72b37864da?s=96&d=mm&r=g\",\"contentUrl\":\"https:\\\/\\\/secure.gravatar.com\\\/avatar\\\/a7358cb406a99b682ec6df1e77e31ae82e63601f6784e8a3df411d72b37864da?s=96&d=mm&r=g\",\"caption\":\"Leonardo Francisco\"},\"url\":\"https:\\\/\\\/redenoticiaz.com.br\\\/litoralsp\\\/author\\\/leonardo-francisco\"}]}<\/script>\n<!-- \/ Yoast SEO plugin. -->","yoast_head_json":{"title":"S\u00e3o Paulo \u00e9 eliminado do Paulist\u00e3o nos p\u00eanaltis para o \u00c1gua Santa - Litoral SP","description":"de final, o S\u00e3o Paulo foi mais um a ser eliminado da competi\u00e7\u00e3o. Nesta segunda-feira (13), no Allianz Parque, o Tricolor encarou o \u00c1gua Santa","robots":{"index":"index","follow":"follow","max-snippet":"max-snippet:-1","max-image-preview":"max-image-preview:large","max-video-preview":"max-video-preview:-1"},"canonical":"https:\/\/redenoticiaz.com.br\/litoralsp\/2023\/03\/13\/sao-paulo-e-eliminado-do-paulistao-nos-penaltis-para-o-agua-santa","og_locale":"pt_BR","og_type":"article","og_title":"S\u00e3o Paulo \u00e9 eliminado do Paulist\u00e3o nos p\u00eanaltis para o \u00c1gua Santa - Litoral SP","og_description":"de final, o S\u00e3o Paulo foi mais um a ser eliminado da competi\u00e7\u00e3o. Nesta segunda-feira (13), no Allianz Parque, o Tricolor encarou o \u00c1gua Santa","og_url":"https:\/\/redenoticiaz.com.br\/litoralsp\/2023\/03\/13\/sao-paulo-e-eliminado-do-paulistao-nos-penaltis-para-o-agua-santa","og_site_name":"Litoral SP","article_published_time":"2023-03-14T01:50:00+00:00","author":"Leonardo Francisco","twitter_card":"summary_large_image","twitter_image":"https:\/\/redenoticiaz.com.br\/litoralsp\/wp-content\/uploads\/sites\/3\/2023\/03\/SPXAGS-ALL.jpg?v=1678758435","twitter_misc":{"Escrito por":"Leonardo Francisco","Est. tempo de leitura":"3 minutos"},"schema":{"@context":"https:\/\/schema.org","@graph":[{"@type":"Article","@id":"https:\/\/redenoticiaz.com.br\/litoralsp\/2023\/03\/13\/sao-paulo-e-eliminado-do-paulistao-nos-penaltis-para-o-agua-santa#article","isPartOf":{"@id":"https:\/\/redenoticiaz.com.br\/litoralsp\/2023\/03\/13\/sao-paulo-e-eliminado-do-paulistao-nos-penaltis-para-o-agua-santa"},"author":{"name":"Leonardo Francisco","@id":"https:\/\/redenoticiaz.com.br\/litoralsp\/#\/schema\/person\/0f0b8a5bdafefe82841e07ae8d81ecb3"},"headline":"S\u00e3o Paulo \u00e9 eliminado do Paulist\u00e3o nos p\u00eanaltis para o \u00c1gua Santa","datePublished":"2023-03-14T01:50:00+00:00","mainEntityOfPage":{"@id":"https:\/\/redenoticiaz.com.br\/litoralsp\/2023\/03\/13\/sao-paulo-e-eliminado-do-paulistao-nos-penaltis-para-o-agua-santa"},"wordCount":484,"commentCount":0,"publisher":{"@id":"https:\/\/redenoticiaz.com.br\/litoralsp\/#organization"},"image":{"@id":"https:\/\/redenoticiaz.com.br\/litoralsp\/2023\/03\/13\/sao-paulo-e-eliminado-do-paulistao-nos-penaltis-para-o-agua-santa#primaryimage"},"thumbnailUrl":"https:\/\/redenoticiaz.com.br\/litoralsp\/wp-content\/uploads\/sites\/3\/2023\/03\/SPXAGS-ALL.jpg?v=1678758435","keywords":["\u00c1GUA SANTA","ALLIANZ PARQUE","CAMPEONATO PAULISTA","NETUNO CLASSIFICADO","paulist\u00e3o 2023","S\u00c3O PAULO FC","TRICOLOR ELIMINADO"],"articleSection":["Esporte"],"inLanguage":"pt-BR","potentialAction":[{"@type":"CommentAction","name":"Comment","target":["https:\/\/redenoticiaz.com.br\/litoralsp\/2023\/03\/13\/sao-paulo-e-eliminado-do-paulistao-nos-penaltis-para-o-agua-santa#respond"]}]},{"@type":"WebPage","@id":"https:\/\/redenoticiaz.com.br\/litoralsp\/2023\/03\/13\/sao-paulo-e-eliminado-do-paulistao-nos-penaltis-para-o-agua-santa","url":"https:\/\/redenoticiaz.com.br\/litoralsp\/2023\/03\/13\/sao-paulo-e-eliminado-do-paulistao-nos-penaltis-para-o-agua-santa","name":"S\u00e3o Paulo \u00e9 eliminado do Paulist\u00e3o nos p\u00eanaltis para o \u00c1gua Santa - Litoral SP","isPartOf":{"@id":"https:\/\/redenoticiaz.com.br\/litoralsp\/#website"},"primaryImageOfPage":{"@id":"https:\/\/redenoticiaz.com.br\/litoralsp\/2023\/03\/13\/sao-paulo-e-eliminado-do-paulistao-nos-penaltis-para-o-agua-santa#primaryimage"},"image":{"@id":"https:\/\/redenoticiaz.com.br\/litoralsp\/2023\/03\/13\/sao-paulo-e-eliminado-do-paulistao-nos-penaltis-para-o-agua-santa#primaryimage"},"thumbnailUrl":"https:\/\/redenoticiaz.com.br\/litoralsp\/wp-content\/uploads\/sites\/3\/2023\/03\/SPXAGS-ALL.jpg?v=1678758435","datePublished":"2023-03-14T01:50:00+00:00","description":"de final, o S\u00e3o Paulo foi mais um a ser eliminado da competi\u00e7\u00e3o. Nesta segunda-feira (13), no Allianz Parque, o Tricolor encarou o \u00c1gua Santa","inLanguage":"pt-BR","potentialAction":[{"@type":"ReadAction","target":["https:\/\/redenoticiaz.com.br\/litoralsp\/2023\/03\/13\/sao-paulo-e-eliminado-do-paulistao-nos-penaltis-para-o-agua-santa"]}]},{"@type":"ImageObject","inLanguage":"pt-BR","@id":"https:\/\/redenoticiaz.com.br\/litoralsp\/2023\/03\/13\/sao-paulo-e-eliminado-do-paulistao-nos-penaltis-para-o-agua-santa#primaryimage","url":"https:\/\/redenoticiaz.com.br\/litoralsp\/wp-content\/uploads\/sites\/3\/2023\/03\/SPXAGS-ALL.jpg?v=1678758435","contentUrl":"https:\/\/redenoticiaz.com.br\/litoralsp\/wp-content\/uploads\/sites\/3\/2023\/03\/SPXAGS-ALL.jpg?v=1678758435","width":692,"height":355,"caption":"Pela primeira vez, equipe de Diadema chega \u00e0 uma semifinal. Cr\u00e9ditos: Reprodu\u00e7\u00e3o"},{"@type":"WebSite","@id":"https:\/\/redenoticiaz.com.br\/litoralsp\/#website","url":"https:\/\/redenoticiaz.com.br\/litoralsp\/","name":"Litoral SP","description":"Rede NoticiaZ","publisher":{"@id":"https:\/\/redenoticiaz.com.br\/litoralsp\/#organization"},"potentialAction":[{"@type":"SearchAction","target":{"@type":"EntryPoint","urlTemplate":"https:\/\/redenoticiaz.com.br\/litoralsp\/?s={search_term_string}"},"query-input":{"@type":"PropertyValueSpecification","valueRequired":true,"valueName":"search_term_string"}}],"inLanguage":"pt-BR"},{"@type":"Organization","@id":"https:\/\/redenoticiaz.com.br\/litoralsp\/#organization","name":"Litoral SP","url":"https:\/\/redenoticiaz.com.br\/litoralsp\/","logo":{"@type":"ImageObject","inLanguage":"pt-BR","@id":"https:\/\/redenoticiaz.com.br\/litoralsp\/#\/schema\/logo\/image\/","url":"https:\/\/redenoticiaz.com.br\/litoralsp\/wp-content\/uploads\/sites\/3\/2020\/11\/logo.jpg","contentUrl":"https:\/\/redenoticiaz.com.br\/litoralsp\/wp-content\/uploads\/sites\/3\/2020\/11\/logo.jpg","width":400,"height":250,"caption":"Litoral SP"},"image":{"@id":"https:\/\/redenoticiaz.com.br\/litoralsp\/#\/schema\/logo\/image\/"}},{"@type":"Person","@id":"https:\/\/redenoticiaz.com.br\/litoralsp\/#\/schema\/person\/0f0b8a5bdafefe82841e07ae8d81ecb3","name":"Leonardo Francisco","image":{"@type":"ImageObject","inLanguage":"pt-BR","@id":"https:\/\/secure.gravatar.com\/avatar\/a7358cb406a99b682ec6df1e77e31ae82e63601f6784e8a3df411d72b37864da?s=96&d=mm&r=g","url":"https:\/\/secure.gravatar.com\/avatar\/a7358cb406a99b682ec6df1e77e31ae82e63601f6784e8a3df411d72b37864da?s=96&d=mm&r=g","contentUrl":"https:\/\/secure.gravatar.com\/avatar\/a7358cb406a99b682ec6df1e77e31ae82e63601f6784e8a3df411d72b37864da?s=96&d=mm&r=g","caption":"Leonardo Francisco"},"url":"https:\/\/redenoticiaz.com.br\/litoralsp\/author\/leonardo-francisco"}]}},"_links":{"self":[{"href":"https:\/\/redenoticiaz.com.br\/litoralsp\/wp-json\/wp\/v2\/posts\/102431","targetHints":{"allow":["GET"]}}],"collection":[{"href":"https:\/\/redenoticiaz.com.br\/litoralsp\/wp-json\/wp\/v2\/posts"}],"about":[{"href":"https:\/\/redenoticiaz.com.br\/litoralsp\/wp-json\/wp\/v2\/types\/post"}],"author":[{"embeddable":true,"href":"https:\/\/redenoticiaz.com.br\/litoralsp\/wp-json\/wp\/v2\/users\/6"}],"replies":[{"embeddable":true,"href":"https:\/\/redenoticiaz.com.br\/litoralsp\/wp-json\/wp\/v2\/comments?post=102431"}],"version-history":[{"count":0,"href":"https:\/\/redenoticiaz.com.br\/litoralsp\/wp-json\/wp\/v2\/posts\/102431\/revisions"}],"wp:featuredmedia":[{"embeddable":true,"href":"https:\/\/redenoticiaz.com.br\/litoralsp\/wp-json\/wp\/v2\/media\/102432"}],"wp:attachment":[{"href":"https:\/\/redenoticiaz.com.br\/litoralsp\/wp-json\/wp\/v2\/media?parent=102431"}],"wp:term":[{"taxonomy":"category","embeddable":true,"href":"https:\/\/redenoticiaz.com.br\/litoralsp\/wp-json\/wp\/v2\/categories?post=102431"},{"taxonomy":"post_tag","embeddable":true,"href":"https:\/\/redenoticiaz.com.br\/litoralsp\/wp-json\/wp\/v2\/tags?post=102431"}],"curies":[{"name":"wp","href":"https:\/\/api.w.org\/{rel}","templated":true}]}}