{"id":102475,"date":"2023-03-14T14:32:43","date_gmt":"2023-03-14T17:32:43","guid":{"rendered":"https:\/\/redenoticiaz.com.br\/litoralsp\/?p=102475"},"modified":"2023-03-14T14:32:43","modified_gmt":"2023-03-14T17:32:43","slug":"procon-guaruja-resolve-cerca-de-70-das-reclamacoes-registradas","status":"publish","type":"post","link":"https:\/\/redenoticiaz.com.br\/litoralsp\/2023\/03\/14\/procon-guaruja-resolve-cerca-de-70-das-reclamacoes-registradas","title":{"rendered":"Procon Guaruj\u00e1 resolve cerca de 70% das reclama\u00e7\u00f5es registradas"},"content":{"rendered":"<p class=\"v1MsoNormal\">As rela\u00e7\u00f5es de consumo fazem parte da vida de todo cidad\u00e3o. Seja na hora de comprar um produto, troc\u00e1-lo ou at\u00e9 mesmo contratar um servi\u00e7o. E o Procon Guaruj\u00e1 exerce um papel fundamental no amparo ao consumidor, no sentido de garantir os seus direitos. Neste dia 15 de mar\u00e7o, Dia Mundial do Consumidor, o \u00f3rg\u00e3o municipal celebra a data com 68% de resolutividade de reclama\u00e7\u00f5es registradas no ano passado. Ao todo, o Procon da Cidade realizou 3.751 atendimentos.<\/p>\n<p class=\"v1MsoNormal\">Desse total, 2.521 correspondem \u00e0s reclama\u00e7\u00f5es registradas envolvendo assuntos como alimentos, assuntos financeiros, habita\u00e7\u00e3o, produtos, sa\u00fade, servi\u00e7os essenciais e servi\u00e7os privados. J\u00e1 1.022 se referem \u00e0s audi\u00eancias conciliat\u00f3rias. Al\u00e9m disso, outras 208 a\u00e7\u00f5es de fiscaliza\u00e7\u00e3o foram desencadeadas. S\u00e3o elas as opera\u00e7\u00f5es como:\u00a0<i>Volta \u00e0s Aulas, Festa Junina, Dia das Crian\u00e7as, Dia das M\u00e3es, Dia dos Pais, Ceia de Natal, Black Friday\u00a0<\/i>e<i>\u00a0Opera\u00e7\u00e3o Ver\u00e3o<\/i>.<\/p>\n<p class=\"v1MsoNormal\">Neste montante, problemas envolvendo assuntos financeiros \u2013 a exemplo de cobran\u00e7as indevidas ou cancelamento de empr\u00e9stimos \u2013 figuram como a principal queixa por parte dos consumidores, feita ao longo de 2022.<\/p>\n<p class=\"v1MsoNormal\">Na sequ\u00eancia, est\u00e3o os transtornos com produtos, quando o item tem garantia, mas que apresenta defeito ou ainda a falta de assist\u00eancia t\u00e9cnica. A terceira coloca\u00e7\u00e3o do ranking de reclama\u00e7\u00f5es no Procon \u00e9 das queixas com servi\u00e7os essenciais, que englobam por exemplo \u00e1gua ou energia.<\/p>\n<p><strong>Leia mais<\/strong><\/p>\n<p><a href=\"https:\/\/redenoticiaz.com.br\/litoralsp\/2023\/03\/14\/faixa-de-pedestres-da-travessia-de-barcas-entre-santos-e-guaruja-e-reaberta-pela-spa\">Faixa de pedestres da travessia de barcas entre Santos e Guaruj\u00e1 \u00e9 reaberta pela SPA<\/a><\/p>\n","protected":false},"excerpt":{"rendered":"<p>As rela\u00e7\u00f5es de consumo fazem parte da vida de todo cidad\u00e3o. Seja na hora de comprar um produto, troc\u00e1-lo ou at\u00e9 mesmo contratar um servi\u00e7o. E o Procon Guaruj\u00e1 exerce um papel fundamental no amparo ao consumidor, no sentido de garantir os seus direitos. Neste dia 15 de mar\u00e7o, Dia Mundial do Consumidor, o \u00f3rg\u00e3o &hellip;<\/p>\n","protected":false},"author":12,"featured_media":99534,"comment_status":"open","ping_status":"closed","sticky":false,"template":"","format":"standard","meta":{"footnotes":""},"categories":[187],"tags":[63975,6426,1451,12967],"class_list":["post-102475","post","type-post","status-publish","format-standard","has-post-thumbnail","hentry","category-guaruja","tag-casos-resolvidos","tag-guaruja-2","tag-procon","tag-reclamacoes"],"yoast_head":"<!-- This site is optimized with the Yoast SEO plugin v27.5 - https:\/\/yoast.com\/product\/yoast-seo-wordpress\/ -->\n<title>Procon Guaruj\u00e1 resolve cerca de 70% das reclama\u00e7\u00f5es registradas - Litoral SP<\/title>\n<meta name=\"description\" content=\"As rela\u00e7\u00f5es de consumo fazem parte da vida de todo cidad\u00e3o. Seja na hora de comprar um produto, troc\u00e1-lo ou at\u00e9 mesmo contratar um servi\u00e7o.\" \/>\n<meta name=\"robots\" content=\"index, follow, max-snippet:-1, max-image-preview:large, max-video-preview:-1\" \/>\n<link rel=\"canonical\" href=\"https:\/\/redenoticiaz.com.br\/litoralsp\/2023\/03\/14\/procon-guaruja-resolve-cerca-de-70-das-reclamacoes-registradas\" \/>\n<meta property=\"og:locale\" content=\"pt_BR\" \/>\n<meta property=\"og:type\" content=\"article\" \/>\n<meta property=\"og:title\" content=\"Procon Guaruj\u00e1 resolve cerca de 70% das reclama\u00e7\u00f5es registradas - Litoral SP\" \/>\n<meta property=\"og:description\" content=\"As rela\u00e7\u00f5es de consumo fazem parte da vida de todo cidad\u00e3o. Seja na hora de comprar um produto, troc\u00e1-lo ou at\u00e9 mesmo contratar um servi\u00e7o.\" \/>\n<meta property=\"og:url\" content=\"https:\/\/redenoticiaz.com.br\/litoralsp\/2023\/03\/14\/procon-guaruja-resolve-cerca-de-70-das-reclamacoes-registradas\" \/>\n<meta property=\"og:site_name\" content=\"Litoral SP\" \/>\n<meta property=\"article:published_time\" content=\"2023-03-14T17:32:43+00:00\" \/>\n<meta property=\"og:image\" content=\"https:\/\/redenoticiaz.com.br\/litoralsp\/wp-content\/uploads\/sites\/3\/2023\/01\/52578305715_c8c199ae25_o-1000x600-1.jpg\" \/>\n\t<meta property=\"og:image:width\" content=\"1000\" \/>\n\t<meta property=\"og:image:height\" content=\"600\" \/>\n\t<meta property=\"og:image:type\" content=\"image\/jpeg\" \/>\n<meta name=\"author\" content=\"Gustavo Silva\" \/>\n<meta name=\"twitter:card\" content=\"summary_large_image\" \/>\n<meta name=\"twitter:label1\" content=\"Escrito por\" \/>\n\t<meta name=\"twitter:data1\" content=\"Gustavo Silva\" \/>\n\t<meta name=\"twitter:label2\" content=\"Est. tempo de leitura\" \/>\n\t<meta name=\"twitter:data2\" content=\"2 minutos\" \/>\n<script type=\"application\/ld+json\" class=\"yoast-schema-graph\">{\"@context\":\"https:\\\/\\\/schema.org\",\"@graph\":[{\"@type\":\"Article\",\"@id\":\"https:\\\/\\\/redenoticiaz.com.br\\\/litoralsp\\\/2023\\\/03\\\/14\\\/procon-guaruja-resolve-cerca-de-70-das-reclamacoes-registradas#article\",\"isPartOf\":{\"@id\":\"https:\\\/\\\/redenoticiaz.com.br\\\/litoralsp\\\/2023\\\/03\\\/14\\\/procon-guaruja-resolve-cerca-de-70-das-reclamacoes-registradas\"},\"author\":{\"name\":\"Gustavo Silva\",\"@id\":\"https:\\\/\\\/redenoticiaz.com.br\\\/litoralsp\\\/#\\\/schema\\\/person\\\/16057b37a3c0ee6b096d7f887c566e2e\"},\"headline\":\"Procon Guaruj\u00e1 resolve cerca de 70% das reclama\u00e7\u00f5es registradas\",\"datePublished\":\"2023-03-14T17:32:43+00:00\",\"mainEntityOfPage\":{\"@id\":\"https:\\\/\\\/redenoticiaz.com.br\\\/litoralsp\\\/2023\\\/03\\\/14\\\/procon-guaruja-resolve-cerca-de-70-das-reclamacoes-registradas\"},\"wordCount\":265,\"commentCount\":0,\"publisher\":{\"@id\":\"https:\\\/\\\/redenoticiaz.com.br\\\/litoralsp\\\/#organization\"},\"image\":{\"@id\":\"https:\\\/\\\/redenoticiaz.com.br\\\/litoralsp\\\/2023\\\/03\\\/14\\\/procon-guaruja-resolve-cerca-de-70-das-reclamacoes-registradas#primaryimage\"},\"thumbnailUrl\":\"https:\\\/\\\/redenoticiaz.com.br\\\/litoralsp\\\/wp-content\\\/uploads\\\/sites\\\/3\\\/2023\\\/01\\\/52578305715_c8c199ae25_o-1000x600-1.jpg\",\"keywords\":[\"casos resolvidos\",\"Guaruj\u00e1\",\"PROCON\",\"RECLAMA\u00c7\u00d5ES\"],\"articleSection\":[\"Guaruj\u00e1\"],\"inLanguage\":\"pt-BR\",\"potentialAction\":[{\"@type\":\"CommentAction\",\"name\":\"Comment\",\"target\":[\"https:\\\/\\\/redenoticiaz.com.br\\\/litoralsp\\\/2023\\\/03\\\/14\\\/procon-guaruja-resolve-cerca-de-70-das-reclamacoes-registradas#respond\"]}]},{\"@type\":\"WebPage\",\"@id\":\"https:\\\/\\\/redenoticiaz.com.br\\\/litoralsp\\\/2023\\\/03\\\/14\\\/procon-guaruja-resolve-cerca-de-70-das-reclamacoes-registradas\",\"url\":\"https:\\\/\\\/redenoticiaz.com.br\\\/litoralsp\\\/2023\\\/03\\\/14\\\/procon-guaruja-resolve-cerca-de-70-das-reclamacoes-registradas\",\"name\":\"Procon Guaruj\u00e1 resolve cerca de 70% das reclama\u00e7\u00f5es registradas - Litoral SP\",\"isPartOf\":{\"@id\":\"https:\\\/\\\/redenoticiaz.com.br\\\/litoralsp\\\/#website\"},\"primaryImageOfPage\":{\"@id\":\"https:\\\/\\\/redenoticiaz.com.br\\\/litoralsp\\\/2023\\\/03\\\/14\\\/procon-guaruja-resolve-cerca-de-70-das-reclamacoes-registradas#primaryimage\"},\"image\":{\"@id\":\"https:\\\/\\\/redenoticiaz.com.br\\\/litoralsp\\\/2023\\\/03\\\/14\\\/procon-guaruja-resolve-cerca-de-70-das-reclamacoes-registradas#primaryimage\"},\"thumbnailUrl\":\"https:\\\/\\\/redenoticiaz.com.br\\\/litoralsp\\\/wp-content\\\/uploads\\\/sites\\\/3\\\/2023\\\/01\\\/52578305715_c8c199ae25_o-1000x600-1.jpg\",\"datePublished\":\"2023-03-14T17:32:43+00:00\",\"description\":\"As rela\u00e7\u00f5es de consumo fazem parte da vida de todo cidad\u00e3o. Seja na hora de comprar um produto, troc\u00e1-lo ou at\u00e9 mesmo contratar um servi\u00e7o.\",\"inLanguage\":\"pt-BR\",\"potentialAction\":[{\"@type\":\"ReadAction\",\"target\":[\"https:\\\/\\\/redenoticiaz.com.br\\\/litoralsp\\\/2023\\\/03\\\/14\\\/procon-guaruja-resolve-cerca-de-70-das-reclamacoes-registradas\"]}]},{\"@type\":\"ImageObject\",\"inLanguage\":\"pt-BR\",\"@id\":\"https:\\\/\\\/redenoticiaz.com.br\\\/litoralsp\\\/2023\\\/03\\\/14\\\/procon-guaruja-resolve-cerca-de-70-das-reclamacoes-registradas#primaryimage\",\"url\":\"https:\\\/\\\/redenoticiaz.com.br\\\/litoralsp\\\/wp-content\\\/uploads\\\/sites\\\/3\\\/2023\\\/01\\\/52578305715_c8c199ae25_o-1000x600-1.jpg\",\"contentUrl\":\"https:\\\/\\\/redenoticiaz.com.br\\\/litoralsp\\\/wp-content\\\/uploads\\\/sites\\\/3\\\/2023\\\/01\\\/52578305715_c8c199ae25_o-1000x600-1.jpg\",\"width\":1000,\"height\":600,\"caption\":\"Procon de Guaruj\u00e1 entrega 40 c\u00f3digos do consumidor a quiosqueiros da Enseada\"},{\"@type\":\"WebSite\",\"@id\":\"https:\\\/\\\/redenoticiaz.com.br\\\/litoralsp\\\/#website\",\"url\":\"https:\\\/\\\/redenoticiaz.com.br\\\/litoralsp\\\/\",\"name\":\"Litoral SP\",\"description\":\"Rede NoticiaZ\",\"publisher\":{\"@id\":\"https:\\\/\\\/redenoticiaz.com.br\\\/litoralsp\\\/#organization\"},\"potentialAction\":[{\"@type\":\"SearchAction\",\"target\":{\"@type\":\"EntryPoint\",\"urlTemplate\":\"https:\\\/\\\/redenoticiaz.com.br\\\/litoralsp\\\/?s={search_term_string}\"},\"query-input\":{\"@type\":\"PropertyValueSpecification\",\"valueRequired\":true,\"valueName\":\"search_term_string\"}}],\"inLanguage\":\"pt-BR\"},{\"@type\":\"Organization\",\"@id\":\"https:\\\/\\\/redenoticiaz.com.br\\\/litoralsp\\\/#organization\",\"name\":\"Litoral SP\",\"url\":\"https:\\\/\\\/redenoticiaz.com.br\\\/litoralsp\\\/\",\"logo\":{\"@type\":\"ImageObject\",\"inLanguage\":\"pt-BR\",\"@id\":\"https:\\\/\\\/redenoticiaz.com.br\\\/litoralsp\\\/#\\\/schema\\\/logo\\\/image\\\/\",\"url\":\"https:\\\/\\\/redenoticiaz.com.br\\\/litoralsp\\\/wp-content\\\/uploads\\\/sites\\\/3\\\/2020\\\/11\\\/logo.jpg\",\"contentUrl\":\"https:\\\/\\\/redenoticiaz.com.br\\\/litoralsp\\\/wp-content\\\/uploads\\\/sites\\\/3\\\/2020\\\/11\\\/logo.jpg\",\"width\":400,\"height\":250,\"caption\":\"Litoral SP\"},\"image\":{\"@id\":\"https:\\\/\\\/redenoticiaz.com.br\\\/litoralsp\\\/#\\\/schema\\\/logo\\\/image\\\/\"}},{\"@type\":\"Person\",\"@id\":\"https:\\\/\\\/redenoticiaz.com.br\\\/litoralsp\\\/#\\\/schema\\\/person\\\/16057b37a3c0ee6b096d7f887c566e2e\",\"name\":\"Gustavo Silva\",\"image\":{\"@type\":\"ImageObject\",\"inLanguage\":\"pt-BR\",\"@id\":\"https:\\\/\\\/secure.gravatar.com\\\/avatar\\\/3ee4e82f93b26de0a7cf4ea5eb7893da637ed6bb0c9170c58065944c56e28a33?s=96&d=mm&r=g\",\"url\":\"https:\\\/\\\/secure.gravatar.com\\\/avatar\\\/3ee4e82f93b26de0a7cf4ea5eb7893da637ed6bb0c9170c58065944c56e28a33?s=96&d=mm&r=g\",\"contentUrl\":\"https:\\\/\\\/secure.gravatar.com\\\/avatar\\\/3ee4e82f93b26de0a7cf4ea5eb7893da637ed6bb0c9170c58065944c56e28a33?s=96&d=mm&r=g\",\"caption\":\"Gustavo Silva\"},\"url\":\"https:\\\/\\\/redenoticiaz.com.br\\\/litoralsp\\\/author\\\/gustavosilva\"}]}<\/script>\n<!-- \/ Yoast SEO plugin. -->","yoast_head_json":{"title":"Procon Guaruj\u00e1 resolve cerca de 70% das reclama\u00e7\u00f5es registradas - Litoral SP","description":"As rela\u00e7\u00f5es de consumo fazem parte da vida de todo cidad\u00e3o. Seja na hora de comprar um produto, troc\u00e1-lo ou at\u00e9 mesmo contratar um servi\u00e7o.","robots":{"index":"index","follow":"follow","max-snippet":"max-snippet:-1","max-image-preview":"max-image-preview:large","max-video-preview":"max-video-preview:-1"},"canonical":"https:\/\/redenoticiaz.com.br\/litoralsp\/2023\/03\/14\/procon-guaruja-resolve-cerca-de-70-das-reclamacoes-registradas","og_locale":"pt_BR","og_type":"article","og_title":"Procon Guaruj\u00e1 resolve cerca de 70% das reclama\u00e7\u00f5es registradas - Litoral SP","og_description":"As rela\u00e7\u00f5es de consumo fazem parte da vida de todo cidad\u00e3o. Seja na hora de comprar um produto, troc\u00e1-lo ou at\u00e9 mesmo contratar um servi\u00e7o.","og_url":"https:\/\/redenoticiaz.com.br\/litoralsp\/2023\/03\/14\/procon-guaruja-resolve-cerca-de-70-das-reclamacoes-registradas","og_site_name":"Litoral SP","article_published_time":"2023-03-14T17:32:43+00:00","og_image":[{"width":1000,"height":600,"url":"https:\/\/redenoticiaz.com.br\/litoralsp\/wp-content\/uploads\/sites\/3\/2023\/01\/52578305715_c8c199ae25_o-1000x600-1.jpg","type":"image\/jpeg"}],"author":"Gustavo Silva","twitter_card":"summary_large_image","twitter_misc":{"Escrito por":"Gustavo Silva","Est. tempo de leitura":"2 minutos"},"schema":{"@context":"https:\/\/schema.org","@graph":[{"@type":"Article","@id":"https:\/\/redenoticiaz.com.br\/litoralsp\/2023\/03\/14\/procon-guaruja-resolve-cerca-de-70-das-reclamacoes-registradas#article","isPartOf":{"@id":"https:\/\/redenoticiaz.com.br\/litoralsp\/2023\/03\/14\/procon-guaruja-resolve-cerca-de-70-das-reclamacoes-registradas"},"author":{"name":"Gustavo Silva","@id":"https:\/\/redenoticiaz.com.br\/litoralsp\/#\/schema\/person\/16057b37a3c0ee6b096d7f887c566e2e"},"headline":"Procon Guaruj\u00e1 resolve cerca de 70% das reclama\u00e7\u00f5es registradas","datePublished":"2023-03-14T17:32:43+00:00","mainEntityOfPage":{"@id":"https:\/\/redenoticiaz.com.br\/litoralsp\/2023\/03\/14\/procon-guaruja-resolve-cerca-de-70-das-reclamacoes-registradas"},"wordCount":265,"commentCount":0,"publisher":{"@id":"https:\/\/redenoticiaz.com.br\/litoralsp\/#organization"},"image":{"@id":"https:\/\/redenoticiaz.com.br\/litoralsp\/2023\/03\/14\/procon-guaruja-resolve-cerca-de-70-das-reclamacoes-registradas#primaryimage"},"thumbnailUrl":"https:\/\/redenoticiaz.com.br\/litoralsp\/wp-content\/uploads\/sites\/3\/2023\/01\/52578305715_c8c199ae25_o-1000x600-1.jpg","keywords":["casos resolvidos","Guaruj\u00e1","PROCON","RECLAMA\u00c7\u00d5ES"],"articleSection":["Guaruj\u00e1"],"inLanguage":"pt-BR","potentialAction":[{"@type":"CommentAction","name":"Comment","target":["https:\/\/redenoticiaz.com.br\/litoralsp\/2023\/03\/14\/procon-guaruja-resolve-cerca-de-70-das-reclamacoes-registradas#respond"]}]},{"@type":"WebPage","@id":"https:\/\/redenoticiaz.com.br\/litoralsp\/2023\/03\/14\/procon-guaruja-resolve-cerca-de-70-das-reclamacoes-registradas","url":"https:\/\/redenoticiaz.com.br\/litoralsp\/2023\/03\/14\/procon-guaruja-resolve-cerca-de-70-das-reclamacoes-registradas","name":"Procon Guaruj\u00e1 resolve cerca de 70% das reclama\u00e7\u00f5es registradas - Litoral SP","isPartOf":{"@id":"https:\/\/redenoticiaz.com.br\/litoralsp\/#website"},"primaryImageOfPage":{"@id":"https:\/\/redenoticiaz.com.br\/litoralsp\/2023\/03\/14\/procon-guaruja-resolve-cerca-de-70-das-reclamacoes-registradas#primaryimage"},"image":{"@id":"https:\/\/redenoticiaz.com.br\/litoralsp\/2023\/03\/14\/procon-guaruja-resolve-cerca-de-70-das-reclamacoes-registradas#primaryimage"},"thumbnailUrl":"https:\/\/redenoticiaz.com.br\/litoralsp\/wp-content\/uploads\/sites\/3\/2023\/01\/52578305715_c8c199ae25_o-1000x600-1.jpg","datePublished":"2023-03-14T17:32:43+00:00","description":"As rela\u00e7\u00f5es de consumo fazem parte da vida de todo cidad\u00e3o. Seja na hora de comprar um produto, troc\u00e1-lo ou at\u00e9 mesmo contratar um servi\u00e7o.","inLanguage":"pt-BR","potentialAction":[{"@type":"ReadAction","target":["https:\/\/redenoticiaz.com.br\/litoralsp\/2023\/03\/14\/procon-guaruja-resolve-cerca-de-70-das-reclamacoes-registradas"]}]},{"@type":"ImageObject","inLanguage":"pt-BR","@id":"https:\/\/redenoticiaz.com.br\/litoralsp\/2023\/03\/14\/procon-guaruja-resolve-cerca-de-70-das-reclamacoes-registradas#primaryimage","url":"https:\/\/redenoticiaz.com.br\/litoralsp\/wp-content\/uploads\/sites\/3\/2023\/01\/52578305715_c8c199ae25_o-1000x600-1.jpg","contentUrl":"https:\/\/redenoticiaz.com.br\/litoralsp\/wp-content\/uploads\/sites\/3\/2023\/01\/52578305715_c8c199ae25_o-1000x600-1.jpg","width":1000,"height":600,"caption":"Procon de Guaruj\u00e1 entrega 40 c\u00f3digos do consumidor a quiosqueiros da Enseada"},{"@type":"WebSite","@id":"https:\/\/redenoticiaz.com.br\/litoralsp\/#website","url":"https:\/\/redenoticiaz.com.br\/litoralsp\/","name":"Litoral SP","description":"Rede NoticiaZ","publisher":{"@id":"https:\/\/redenoticiaz.com.br\/litoralsp\/#organization"},"potentialAction":[{"@type":"SearchAction","target":{"@type":"EntryPoint","urlTemplate":"https:\/\/redenoticiaz.com.br\/litoralsp\/?s={search_term_string}"},"query-input":{"@type":"PropertyValueSpecification","valueRequired":true,"valueName":"search_term_string"}}],"inLanguage":"pt-BR"},{"@type":"Organization","@id":"https:\/\/redenoticiaz.com.br\/litoralsp\/#organization","name":"Litoral SP","url":"https:\/\/redenoticiaz.com.br\/litoralsp\/","logo":{"@type":"ImageObject","inLanguage":"pt-BR","@id":"https:\/\/redenoticiaz.com.br\/litoralsp\/#\/schema\/logo\/image\/","url":"https:\/\/redenoticiaz.com.br\/litoralsp\/wp-content\/uploads\/sites\/3\/2020\/11\/logo.jpg","contentUrl":"https:\/\/redenoticiaz.com.br\/litoralsp\/wp-content\/uploads\/sites\/3\/2020\/11\/logo.jpg","width":400,"height":250,"caption":"Litoral SP"},"image":{"@id":"https:\/\/redenoticiaz.com.br\/litoralsp\/#\/schema\/logo\/image\/"}},{"@type":"Person","@id":"https:\/\/redenoticiaz.com.br\/litoralsp\/#\/schema\/person\/16057b37a3c0ee6b096d7f887c566e2e","name":"Gustavo Silva","image":{"@type":"ImageObject","inLanguage":"pt-BR","@id":"https:\/\/secure.gravatar.com\/avatar\/3ee4e82f93b26de0a7cf4ea5eb7893da637ed6bb0c9170c58065944c56e28a33?s=96&d=mm&r=g","url":"https:\/\/secure.gravatar.com\/avatar\/3ee4e82f93b26de0a7cf4ea5eb7893da637ed6bb0c9170c58065944c56e28a33?s=96&d=mm&r=g","contentUrl":"https:\/\/secure.gravatar.com\/avatar\/3ee4e82f93b26de0a7cf4ea5eb7893da637ed6bb0c9170c58065944c56e28a33?s=96&d=mm&r=g","caption":"Gustavo Silva"},"url":"https:\/\/redenoticiaz.com.br\/litoralsp\/author\/gustavosilva"}]}},"_links":{"self":[{"href":"https:\/\/redenoticiaz.com.br\/litoralsp\/wp-json\/wp\/v2\/posts\/102475","targetHints":{"allow":["GET"]}}],"collection":[{"href":"https:\/\/redenoticiaz.com.br\/litoralsp\/wp-json\/wp\/v2\/posts"}],"about":[{"href":"https:\/\/redenoticiaz.com.br\/litoralsp\/wp-json\/wp\/v2\/types\/post"}],"author":[{"embeddable":true,"href":"https:\/\/redenoticiaz.com.br\/litoralsp\/wp-json\/wp\/v2\/users\/12"}],"replies":[{"embeddable":true,"href":"https:\/\/redenoticiaz.com.br\/litoralsp\/wp-json\/wp\/v2\/comments?post=102475"}],"version-history":[{"count":1,"href":"https:\/\/redenoticiaz.com.br\/litoralsp\/wp-json\/wp\/v2\/posts\/102475\/revisions"}],"predecessor-version":[{"id":102476,"href":"https:\/\/redenoticiaz.com.br\/litoralsp\/wp-json\/wp\/v2\/posts\/102475\/revisions\/102476"}],"wp:featuredmedia":[{"embeddable":true,"href":"https:\/\/redenoticiaz.com.br\/litoralsp\/wp-json\/wp\/v2\/media\/99534"}],"wp:attachment":[{"href":"https:\/\/redenoticiaz.com.br\/litoralsp\/wp-json\/wp\/v2\/media?parent=102475"}],"wp:term":[{"taxonomy":"category","embeddable":true,"href":"https:\/\/redenoticiaz.com.br\/litoralsp\/wp-json\/wp\/v2\/categories?post=102475"},{"taxonomy":"post_tag","embeddable":true,"href":"https:\/\/redenoticiaz.com.br\/litoralsp\/wp-json\/wp\/v2\/tags?post=102475"}],"curies":[{"name":"wp","href":"https:\/\/api.w.org\/{rel}","templated":true}]}}