{"id":102535,"date":"2023-03-15T15:00:58","date_gmt":"2023-03-15T18:00:58","guid":{"rendered":"https:\/\/redenoticiaz.com.br\/litoralsp\/?p=102535"},"modified":"2023-03-15T15:00:58","modified_gmt":"2023-03-15T18:00:58","slug":"adolescente-desaparece-em-rio-de-itanhaem-apos-tentar-salvar-amigo","status":"publish","type":"post","link":"https:\/\/redenoticiaz.com.br\/litoralsp\/2023\/03\/15\/adolescente-desaparece-em-rio-de-itanhaem-apos-tentar-salvar-amigo","title":{"rendered":"Adolescente desaparece em Rio de Itanha\u00e9m ap\u00f3s tentar salvar amigo"},"content":{"rendered":"<p>Um adolescente de 16 anos desapareceu em um Rio de Itanha\u00e9m ap\u00f3s tentar salvar amigo nesta \u00faltima ter\u00e7a-feira (14) a tarde.<\/p>\n<p>De acordo com as informa\u00e7\u00f5es, Kevin Orthmann viu um dos seus amigos que n\u00e3o sabe nadar afundando no rio, neste momento ele entrou na \u00e1gua para lev\u00e1-lo a superf\u00edcie.<\/p>\n<p>Ainda de acordo com as informa\u00e7\u00f5es, um homem teria visto a cena e pulado na \u00e1gua para ajudar ambos os garotos.<\/p>\n<p>Sendo assim, ele conseguiu salvar apenas um dos adolescentes, j\u00e1 que ap\u00f3s salvar o amigo de Kevin, retornou ao Rio e n\u00e3o o viu mais.<\/p>\n<p>O Grupamento de Bombeiros Mar\u00edtimos (GBMar) realiza as buscas que foram interrompidas a noite e retomadas na manh\u00e3 desta quarta-feira (15).<\/p>\n<div class=\"title\" data-block-type=\"title\" data-block-id=\"0\">\n<p class=\"content-head__title\"><strong>Leia mais<\/strong><\/p>\n<p><a href=\"https:\/\/redenoticiaz.com.br\/litoralsp\/2023\/03\/14\/dupla-e-presa-por-receptacao-de-carro-furtado-em-itanhaem\">Dupla \u00e9 presa por recepta\u00e7\u00e3o de carro furtado em Itanha\u00e9m<\/a><\/p>\n<\/div>\n","protected":false},"excerpt":{"rendered":"<p>Um adolescente de 16 anos desapareceu em um Rio de Itanha\u00e9m ap\u00f3s tentar salvar amigo nesta \u00faltima ter\u00e7a-feira (14) a tarde. De acordo com as informa\u00e7\u00f5es, Kevin Orthmann viu um dos seus amigos que n\u00e3o sabe nadar afundando no rio, neste momento ele entrou na \u00e1gua para lev\u00e1-lo a superf\u00edcie. Ainda de acordo com as &hellip;<\/p>\n","protected":false},"author":12,"featured_media":102536,"comment_status":"open","ping_status":"closed","sticky":false,"template":"","format":"standard","meta":{"footnotes":""},"categories":[184],"tags":[7779,63996,1068,10951],"class_list":["post-102535","post","type-post","status-publish","format-standard","has-post-thumbnail","hentry","category-itanhaem","tag-adolescente","tag-afologamento","tag-itanhaem","tag-rio-itanhaem"],"yoast_head":"<!-- This site is optimized with the Yoast SEO plugin v27.5 - https:\/\/yoast.com\/product\/yoast-seo-wordpress\/ -->\n<title>Adolescente desaparece em Rio de Itanha\u00e9m ap\u00f3s tentar salvar amigo - Litoral SP<\/title>\n<meta name=\"description\" content=\"Um adolescente de 16 anos desapareceu em um Rio de Itanha\u00e9m ap\u00f3s tentar salvar amigo nesta \u00faltima ter\u00e7a-feira (14) a tarde.\" \/>\n<meta name=\"robots\" content=\"index, follow, max-snippet:-1, max-image-preview:large, max-video-preview:-1\" \/>\n<link rel=\"canonical\" href=\"https:\/\/redenoticiaz.com.br\/litoralsp\/2023\/03\/15\/adolescente-desaparece-em-rio-de-itanhaem-apos-tentar-salvar-amigo\" \/>\n<meta property=\"og:locale\" content=\"pt_BR\" \/>\n<meta property=\"og:type\" content=\"article\" \/>\n<meta property=\"og:title\" content=\"Adolescente desaparece em Rio de Itanha\u00e9m ap\u00f3s tentar salvar amigo - Litoral SP\" \/>\n<meta property=\"og:description\" content=\"Um adolescente de 16 anos desapareceu em um Rio de Itanha\u00e9m ap\u00f3s tentar salvar amigo nesta \u00faltima ter\u00e7a-feira (14) a tarde.\" \/>\n<meta property=\"og:url\" content=\"https:\/\/redenoticiaz.com.br\/litoralsp\/2023\/03\/15\/adolescente-desaparece-em-rio-de-itanhaem-apos-tentar-salvar-amigo\" \/>\n<meta property=\"og:site_name\" content=\"Litoral SP\" \/>\n<meta property=\"article:published_time\" content=\"2023-03-15T18:00:58+00:00\" \/>\n<meta property=\"og:image\" content=\"https:\/\/redenoticiaz.com.br\/litoralsp\/wp-content\/uploads\/sites\/3\/2023\/03\/desaparecido-itanhaem.jpg\" \/>\n\t<meta property=\"og:image:width\" content=\"1000\" \/>\n\t<meta property=\"og:image:height\" content=\"603\" \/>\n\t<meta property=\"og:image:type\" content=\"image\/jpeg\" \/>\n<meta name=\"author\" content=\"Gustavo Silva\" \/>\n<meta name=\"twitter:card\" content=\"summary_large_image\" \/>\n<meta name=\"twitter:label1\" content=\"Escrito por\" \/>\n\t<meta name=\"twitter:data1\" content=\"Gustavo Silva\" \/>\n\t<meta name=\"twitter:label2\" content=\"Est. tempo de leitura\" \/>\n\t<meta name=\"twitter:data2\" content=\"1 minuto\" \/>\n<script type=\"application\/ld+json\" class=\"yoast-schema-graph\">{\"@context\":\"https:\\\/\\\/schema.org\",\"@graph\":[{\"@type\":\"Article\",\"@id\":\"https:\\\/\\\/redenoticiaz.com.br\\\/litoralsp\\\/2023\\\/03\\\/15\\\/adolescente-desaparece-em-rio-de-itanhaem-apos-tentar-salvar-amigo#article\",\"isPartOf\":{\"@id\":\"https:\\\/\\\/redenoticiaz.com.br\\\/litoralsp\\\/2023\\\/03\\\/15\\\/adolescente-desaparece-em-rio-de-itanhaem-apos-tentar-salvar-amigo\"},\"author\":{\"name\":\"Gustavo Silva\",\"@id\":\"https:\\\/\\\/redenoticiaz.com.br\\\/litoralsp\\\/#\\\/schema\\\/person\\\/16057b37a3c0ee6b096d7f887c566e2e\"},\"headline\":\"Adolescente desaparece em Rio de Itanha\u00e9m ap\u00f3s tentar salvar amigo\",\"datePublished\":\"2023-03-15T18:00:58+00:00\",\"mainEntityOfPage\":{\"@id\":\"https:\\\/\\\/redenoticiaz.com.br\\\/litoralsp\\\/2023\\\/03\\\/15\\\/adolescente-desaparece-em-rio-de-itanhaem-apos-tentar-salvar-amigo\"},\"wordCount\":150,\"commentCount\":0,\"publisher\":{\"@id\":\"https:\\\/\\\/redenoticiaz.com.br\\\/litoralsp\\\/#organization\"},\"image\":{\"@id\":\"https:\\\/\\\/redenoticiaz.com.br\\\/litoralsp\\\/2023\\\/03\\\/15\\\/adolescente-desaparece-em-rio-de-itanhaem-apos-tentar-salvar-amigo#primaryimage\"},\"thumbnailUrl\":\"https:\\\/\\\/redenoticiaz.com.br\\\/litoralsp\\\/wp-content\\\/uploads\\\/sites\\\/3\\\/2023\\\/03\\\/desaparecido-itanhaem.jpg\",\"keywords\":[\"ADOLESCENTE\",\"afologamento\",\"ITANHA\u00c9M\",\"RIO ITANHA\u00c9M\"],\"articleSection\":[\"Itanha\u00e9m\"],\"inLanguage\":\"pt-BR\",\"potentialAction\":[{\"@type\":\"CommentAction\",\"name\":\"Comment\",\"target\":[\"https:\\\/\\\/redenoticiaz.com.br\\\/litoralsp\\\/2023\\\/03\\\/15\\\/adolescente-desaparece-em-rio-de-itanhaem-apos-tentar-salvar-amigo#respond\"]}]},{\"@type\":\"WebPage\",\"@id\":\"https:\\\/\\\/redenoticiaz.com.br\\\/litoralsp\\\/2023\\\/03\\\/15\\\/adolescente-desaparece-em-rio-de-itanhaem-apos-tentar-salvar-amigo\",\"url\":\"https:\\\/\\\/redenoticiaz.com.br\\\/litoralsp\\\/2023\\\/03\\\/15\\\/adolescente-desaparece-em-rio-de-itanhaem-apos-tentar-salvar-amigo\",\"name\":\"Adolescente desaparece em Rio de Itanha\u00e9m ap\u00f3s tentar salvar amigo - Litoral SP\",\"isPartOf\":{\"@id\":\"https:\\\/\\\/redenoticiaz.com.br\\\/litoralsp\\\/#website\"},\"primaryImageOfPage\":{\"@id\":\"https:\\\/\\\/redenoticiaz.com.br\\\/litoralsp\\\/2023\\\/03\\\/15\\\/adolescente-desaparece-em-rio-de-itanhaem-apos-tentar-salvar-amigo#primaryimage\"},\"image\":{\"@id\":\"https:\\\/\\\/redenoticiaz.com.br\\\/litoralsp\\\/2023\\\/03\\\/15\\\/adolescente-desaparece-em-rio-de-itanhaem-apos-tentar-salvar-amigo#primaryimage\"},\"thumbnailUrl\":\"https:\\\/\\\/redenoticiaz.com.br\\\/litoralsp\\\/wp-content\\\/uploads\\\/sites\\\/3\\\/2023\\\/03\\\/desaparecido-itanhaem.jpg\",\"datePublished\":\"2023-03-15T18:00:58+00:00\",\"description\":\"Um adolescente de 16 anos desapareceu em um Rio de Itanha\u00e9m ap\u00f3s tentar salvar amigo nesta \u00faltima ter\u00e7a-feira (14) a tarde.\",\"inLanguage\":\"pt-BR\",\"potentialAction\":[{\"@type\":\"ReadAction\",\"target\":[\"https:\\\/\\\/redenoticiaz.com.br\\\/litoralsp\\\/2023\\\/03\\\/15\\\/adolescente-desaparece-em-rio-de-itanhaem-apos-tentar-salvar-amigo\"]}]},{\"@type\":\"ImageObject\",\"inLanguage\":\"pt-BR\",\"@id\":\"https:\\\/\\\/redenoticiaz.com.br\\\/litoralsp\\\/2023\\\/03\\\/15\\\/adolescente-desaparece-em-rio-de-itanhaem-apos-tentar-salvar-amigo#primaryimage\",\"url\":\"https:\\\/\\\/redenoticiaz.com.br\\\/litoralsp\\\/wp-content\\\/uploads\\\/sites\\\/3\\\/2023\\\/03\\\/desaparecido-itanhaem.jpg\",\"contentUrl\":\"https:\\\/\\\/redenoticiaz.com.br\\\/litoralsp\\\/wp-content\\\/uploads\\\/sites\\\/3\\\/2023\\\/03\\\/desaparecido-itanhaem.jpg\",\"width\":1000,\"height\":603,\"caption\":\"Adolescente desaparece em Rio de Itanha\u00e9m ap\u00f3s tentar salvar amigo\"},{\"@type\":\"WebSite\",\"@id\":\"https:\\\/\\\/redenoticiaz.com.br\\\/litoralsp\\\/#website\",\"url\":\"https:\\\/\\\/redenoticiaz.com.br\\\/litoralsp\\\/\",\"name\":\"Litoral SP\",\"description\":\"Rede NoticiaZ\",\"publisher\":{\"@id\":\"https:\\\/\\\/redenoticiaz.com.br\\\/litoralsp\\\/#organization\"},\"potentialAction\":[{\"@type\":\"SearchAction\",\"target\":{\"@type\":\"EntryPoint\",\"urlTemplate\":\"https:\\\/\\\/redenoticiaz.com.br\\\/litoralsp\\\/?s={search_term_string}\"},\"query-input\":{\"@type\":\"PropertyValueSpecification\",\"valueRequired\":true,\"valueName\":\"search_term_string\"}}],\"inLanguage\":\"pt-BR\"},{\"@type\":\"Organization\",\"@id\":\"https:\\\/\\\/redenoticiaz.com.br\\\/litoralsp\\\/#organization\",\"name\":\"Litoral SP\",\"url\":\"https:\\\/\\\/redenoticiaz.com.br\\\/litoralsp\\\/\",\"logo\":{\"@type\":\"ImageObject\",\"inLanguage\":\"pt-BR\",\"@id\":\"https:\\\/\\\/redenoticiaz.com.br\\\/litoralsp\\\/#\\\/schema\\\/logo\\\/image\\\/\",\"url\":\"https:\\\/\\\/redenoticiaz.com.br\\\/litoralsp\\\/wp-content\\\/uploads\\\/sites\\\/3\\\/2020\\\/11\\\/logo.jpg\",\"contentUrl\":\"https:\\\/\\\/redenoticiaz.com.br\\\/litoralsp\\\/wp-content\\\/uploads\\\/sites\\\/3\\\/2020\\\/11\\\/logo.jpg\",\"width\":400,\"height\":250,\"caption\":\"Litoral SP\"},\"image\":{\"@id\":\"https:\\\/\\\/redenoticiaz.com.br\\\/litoralsp\\\/#\\\/schema\\\/logo\\\/image\\\/\"}},{\"@type\":\"Person\",\"@id\":\"https:\\\/\\\/redenoticiaz.com.br\\\/litoralsp\\\/#\\\/schema\\\/person\\\/16057b37a3c0ee6b096d7f887c566e2e\",\"name\":\"Gustavo Silva\",\"image\":{\"@type\":\"ImageObject\",\"inLanguage\":\"pt-BR\",\"@id\":\"https:\\\/\\\/secure.gravatar.com\\\/avatar\\\/3ee4e82f93b26de0a7cf4ea5eb7893da637ed6bb0c9170c58065944c56e28a33?s=96&d=mm&r=g\",\"url\":\"https:\\\/\\\/secure.gravatar.com\\\/avatar\\\/3ee4e82f93b26de0a7cf4ea5eb7893da637ed6bb0c9170c58065944c56e28a33?s=96&d=mm&r=g\",\"contentUrl\":\"https:\\\/\\\/secure.gravatar.com\\\/avatar\\\/3ee4e82f93b26de0a7cf4ea5eb7893da637ed6bb0c9170c58065944c56e28a33?s=96&d=mm&r=g\",\"caption\":\"Gustavo Silva\"},\"url\":\"https:\\\/\\\/redenoticiaz.com.br\\\/litoralsp\\\/author\\\/gustavosilva\"}]}<\/script>\n<!-- \/ Yoast SEO plugin. -->","yoast_head_json":{"title":"Adolescente desaparece em Rio de Itanha\u00e9m ap\u00f3s tentar salvar amigo - Litoral SP","description":"Um adolescente de 16 anos desapareceu em um Rio de Itanha\u00e9m ap\u00f3s tentar salvar amigo nesta \u00faltima ter\u00e7a-feira (14) a tarde.","robots":{"index":"index","follow":"follow","max-snippet":"max-snippet:-1","max-image-preview":"max-image-preview:large","max-video-preview":"max-video-preview:-1"},"canonical":"https:\/\/redenoticiaz.com.br\/litoralsp\/2023\/03\/15\/adolescente-desaparece-em-rio-de-itanhaem-apos-tentar-salvar-amigo","og_locale":"pt_BR","og_type":"article","og_title":"Adolescente desaparece em Rio de Itanha\u00e9m ap\u00f3s tentar salvar amigo - Litoral SP","og_description":"Um adolescente de 16 anos desapareceu em um Rio de Itanha\u00e9m ap\u00f3s tentar salvar amigo nesta \u00faltima ter\u00e7a-feira (14) a tarde.","og_url":"https:\/\/redenoticiaz.com.br\/litoralsp\/2023\/03\/15\/adolescente-desaparece-em-rio-de-itanhaem-apos-tentar-salvar-amigo","og_site_name":"Litoral SP","article_published_time":"2023-03-15T18:00:58+00:00","og_image":[{"width":1000,"height":603,"url":"https:\/\/redenoticiaz.com.br\/litoralsp\/wp-content\/uploads\/sites\/3\/2023\/03\/desaparecido-itanhaem.jpg","type":"image\/jpeg"}],"author":"Gustavo Silva","twitter_card":"summary_large_image","twitter_misc":{"Escrito por":"Gustavo Silva","Est. tempo de leitura":"1 minuto"},"schema":{"@context":"https:\/\/schema.org","@graph":[{"@type":"Article","@id":"https:\/\/redenoticiaz.com.br\/litoralsp\/2023\/03\/15\/adolescente-desaparece-em-rio-de-itanhaem-apos-tentar-salvar-amigo#article","isPartOf":{"@id":"https:\/\/redenoticiaz.com.br\/litoralsp\/2023\/03\/15\/adolescente-desaparece-em-rio-de-itanhaem-apos-tentar-salvar-amigo"},"author":{"name":"Gustavo Silva","@id":"https:\/\/redenoticiaz.com.br\/litoralsp\/#\/schema\/person\/16057b37a3c0ee6b096d7f887c566e2e"},"headline":"Adolescente desaparece em Rio de Itanha\u00e9m ap\u00f3s tentar salvar amigo","datePublished":"2023-03-15T18:00:58+00:00","mainEntityOfPage":{"@id":"https:\/\/redenoticiaz.com.br\/litoralsp\/2023\/03\/15\/adolescente-desaparece-em-rio-de-itanhaem-apos-tentar-salvar-amigo"},"wordCount":150,"commentCount":0,"publisher":{"@id":"https:\/\/redenoticiaz.com.br\/litoralsp\/#organization"},"image":{"@id":"https:\/\/redenoticiaz.com.br\/litoralsp\/2023\/03\/15\/adolescente-desaparece-em-rio-de-itanhaem-apos-tentar-salvar-amigo#primaryimage"},"thumbnailUrl":"https:\/\/redenoticiaz.com.br\/litoralsp\/wp-content\/uploads\/sites\/3\/2023\/03\/desaparecido-itanhaem.jpg","keywords":["ADOLESCENTE","afologamento","ITANHA\u00c9M","RIO ITANHA\u00c9M"],"articleSection":["Itanha\u00e9m"],"inLanguage":"pt-BR","potentialAction":[{"@type":"CommentAction","name":"Comment","target":["https:\/\/redenoticiaz.com.br\/litoralsp\/2023\/03\/15\/adolescente-desaparece-em-rio-de-itanhaem-apos-tentar-salvar-amigo#respond"]}]},{"@type":"WebPage","@id":"https:\/\/redenoticiaz.com.br\/litoralsp\/2023\/03\/15\/adolescente-desaparece-em-rio-de-itanhaem-apos-tentar-salvar-amigo","url":"https:\/\/redenoticiaz.com.br\/litoralsp\/2023\/03\/15\/adolescente-desaparece-em-rio-de-itanhaem-apos-tentar-salvar-amigo","name":"Adolescente desaparece em Rio de Itanha\u00e9m ap\u00f3s tentar salvar amigo - Litoral SP","isPartOf":{"@id":"https:\/\/redenoticiaz.com.br\/litoralsp\/#website"},"primaryImageOfPage":{"@id":"https:\/\/redenoticiaz.com.br\/litoralsp\/2023\/03\/15\/adolescente-desaparece-em-rio-de-itanhaem-apos-tentar-salvar-amigo#primaryimage"},"image":{"@id":"https:\/\/redenoticiaz.com.br\/litoralsp\/2023\/03\/15\/adolescente-desaparece-em-rio-de-itanhaem-apos-tentar-salvar-amigo#primaryimage"},"thumbnailUrl":"https:\/\/redenoticiaz.com.br\/litoralsp\/wp-content\/uploads\/sites\/3\/2023\/03\/desaparecido-itanhaem.jpg","datePublished":"2023-03-15T18:00:58+00:00","description":"Um adolescente de 16 anos desapareceu em um Rio de Itanha\u00e9m ap\u00f3s tentar salvar amigo nesta \u00faltima ter\u00e7a-feira (14) a tarde.","inLanguage":"pt-BR","potentialAction":[{"@type":"ReadAction","target":["https:\/\/redenoticiaz.com.br\/litoralsp\/2023\/03\/15\/adolescente-desaparece-em-rio-de-itanhaem-apos-tentar-salvar-amigo"]}]},{"@type":"ImageObject","inLanguage":"pt-BR","@id":"https:\/\/redenoticiaz.com.br\/litoralsp\/2023\/03\/15\/adolescente-desaparece-em-rio-de-itanhaem-apos-tentar-salvar-amigo#primaryimage","url":"https:\/\/redenoticiaz.com.br\/litoralsp\/wp-content\/uploads\/sites\/3\/2023\/03\/desaparecido-itanhaem.jpg","contentUrl":"https:\/\/redenoticiaz.com.br\/litoralsp\/wp-content\/uploads\/sites\/3\/2023\/03\/desaparecido-itanhaem.jpg","width":1000,"height":603,"caption":"Adolescente desaparece em Rio de Itanha\u00e9m ap\u00f3s tentar salvar amigo"},{"@type":"WebSite","@id":"https:\/\/redenoticiaz.com.br\/litoralsp\/#website","url":"https:\/\/redenoticiaz.com.br\/litoralsp\/","name":"Litoral SP","description":"Rede NoticiaZ","publisher":{"@id":"https:\/\/redenoticiaz.com.br\/litoralsp\/#organization"},"potentialAction":[{"@type":"SearchAction","target":{"@type":"EntryPoint","urlTemplate":"https:\/\/redenoticiaz.com.br\/litoralsp\/?s={search_term_string}"},"query-input":{"@type":"PropertyValueSpecification","valueRequired":true,"valueName":"search_term_string"}}],"inLanguage":"pt-BR"},{"@type":"Organization","@id":"https:\/\/redenoticiaz.com.br\/litoralsp\/#organization","name":"Litoral SP","url":"https:\/\/redenoticiaz.com.br\/litoralsp\/","logo":{"@type":"ImageObject","inLanguage":"pt-BR","@id":"https:\/\/redenoticiaz.com.br\/litoralsp\/#\/schema\/logo\/image\/","url":"https:\/\/redenoticiaz.com.br\/litoralsp\/wp-content\/uploads\/sites\/3\/2020\/11\/logo.jpg","contentUrl":"https:\/\/redenoticiaz.com.br\/litoralsp\/wp-content\/uploads\/sites\/3\/2020\/11\/logo.jpg","width":400,"height":250,"caption":"Litoral SP"},"image":{"@id":"https:\/\/redenoticiaz.com.br\/litoralsp\/#\/schema\/logo\/image\/"}},{"@type":"Person","@id":"https:\/\/redenoticiaz.com.br\/litoralsp\/#\/schema\/person\/16057b37a3c0ee6b096d7f887c566e2e","name":"Gustavo Silva","image":{"@type":"ImageObject","inLanguage":"pt-BR","@id":"https:\/\/secure.gravatar.com\/avatar\/3ee4e82f93b26de0a7cf4ea5eb7893da637ed6bb0c9170c58065944c56e28a33?s=96&d=mm&r=g","url":"https:\/\/secure.gravatar.com\/avatar\/3ee4e82f93b26de0a7cf4ea5eb7893da637ed6bb0c9170c58065944c56e28a33?s=96&d=mm&r=g","contentUrl":"https:\/\/secure.gravatar.com\/avatar\/3ee4e82f93b26de0a7cf4ea5eb7893da637ed6bb0c9170c58065944c56e28a33?s=96&d=mm&r=g","caption":"Gustavo Silva"},"url":"https:\/\/redenoticiaz.com.br\/litoralsp\/author\/gustavosilva"}]}},"_links":{"self":[{"href":"https:\/\/redenoticiaz.com.br\/litoralsp\/wp-json\/wp\/v2\/posts\/102535","targetHints":{"allow":["GET"]}}],"collection":[{"href":"https:\/\/redenoticiaz.com.br\/litoralsp\/wp-json\/wp\/v2\/posts"}],"about":[{"href":"https:\/\/redenoticiaz.com.br\/litoralsp\/wp-json\/wp\/v2\/types\/post"}],"author":[{"embeddable":true,"href":"https:\/\/redenoticiaz.com.br\/litoralsp\/wp-json\/wp\/v2\/users\/12"}],"replies":[{"embeddable":true,"href":"https:\/\/redenoticiaz.com.br\/litoralsp\/wp-json\/wp\/v2\/comments?post=102535"}],"version-history":[{"count":1,"href":"https:\/\/redenoticiaz.com.br\/litoralsp\/wp-json\/wp\/v2\/posts\/102535\/revisions"}],"predecessor-version":[{"id":102537,"href":"https:\/\/redenoticiaz.com.br\/litoralsp\/wp-json\/wp\/v2\/posts\/102535\/revisions\/102537"}],"wp:featuredmedia":[{"embeddable":true,"href":"https:\/\/redenoticiaz.com.br\/litoralsp\/wp-json\/wp\/v2\/media\/102536"}],"wp:attachment":[{"href":"https:\/\/redenoticiaz.com.br\/litoralsp\/wp-json\/wp\/v2\/media?parent=102535"}],"wp:term":[{"taxonomy":"category","embeddable":true,"href":"https:\/\/redenoticiaz.com.br\/litoralsp\/wp-json\/wp\/v2\/categories?post=102535"},{"taxonomy":"post_tag","embeddable":true,"href":"https:\/\/redenoticiaz.com.br\/litoralsp\/wp-json\/wp\/v2\/tags?post=102535"}],"curies":[{"name":"wp","href":"https:\/\/api.w.org\/{rel}","templated":true}]}}