{"id":102567,"date":"2023-03-16T11:14:04","date_gmt":"2023-03-16T14:14:04","guid":{"rendered":"https:\/\/redenoticiaz.com.br\/litoralsp\/?p=102567"},"modified":"2023-03-16T11:14:04","modified_gmt":"2023-03-16T14:14:04","slug":"laudo-revela-que-procurador-acusado-de-agredir-procuradora-chefe-tem-esquizofrenia","status":"publish","type":"post","link":"https:\/\/redenoticiaz.com.br\/litoralsp\/2023\/03\/16\/laudo-revela-que-procurador-acusado-de-agredir-procuradora-chefe-tem-esquizofrenia","title":{"rendered":"Laudo revela que procurador acusado de agredir procuradora-chefe tem esquizofrenia"},"content":{"rendered":"<p>Um laudo do Instituto de Medicina Social e de Criminologia de S\u00e3o Paulo (IMESC) concluiu que o procurador que agrediu a procuradora-chefe durante expediente na Prefeitura de Registro<span class=\"highlight highlighted\"> apresenta quadro psiqui\u00e1trico compat\u00edvel com <\/span><strong><span class=\"highlight highlighted\">esquizofrenia paranoide<\/span><\/strong>. Um parecer elaborado pelo psiquiatra forense Guido Palomba j\u00e1 havia apontado o mesmo. Ele continua internado e sem previs\u00e3o de alta.<\/p>\n<p>No \u00faltimo dia 27 de fevereiro, Dem\u00e9trius Oliveira Macedo, de 35 anos, foi internado, ap\u00f3s apresentar &#8220;comportamento de personalidade narcisista e combativo&#8221;, conforme mostra o relat\u00f3rio m\u00e9dico da Secretaria de Administra\u00e7\u00e3o Penitenci\u00e1ria do Estado de S\u00e3o Paulo (SAP-SP). Antes da interna\u00e7\u00e3o, ele estava preso na Penitenci\u00e1ria de Tai\u00fava, Interior de S\u00e3o Paulo.<\/p>\n<div id=\"chunk-4arht\">\n<div class=\"mc-column content-text active-extra-styles \" data-block-type=\"unstyled\" data-block-weight=\"47\" data-block-id=\"7\">\n<p class=\"content-text__container \" data-track-category=\"Link no Texto\" data-track-links=\"\">S\u00f3 que al\u00e9m do <span class=\"highlight highlighted\">quadro de esquizofrenia paranoide<\/span>, os peritos do IMESC apontaram tamb\u00e9m que o procurador apresenta <span class=\"highlight highlighted\">capacidade de entendimento prejudicada e capacidade de determina\u00e7\u00e3o abolida \u00e0 \u00e9poca do crime<\/span> e \u00e9 <span class=\"highlight highlighted\">inimput\u00e1vel. Ou seja, <\/span><span class=\"highlight highlighted\">incapaz de entender o car\u00e1ter il\u00edcito do fato<\/span>.<\/p>\n<\/div>\n<\/div>\n<div id=\"chunk-1spdr\">\n<div class=\"mc-column content-text active-extra-styles \" data-block-type=\"unstyled\" data-block-weight=\"53\" data-block-id=\"8\">\n<p class=\"content-text__container \" data-track-category=\"Link no Texto\" data-track-links=\"\"><span class=\"highlight highlighted\">Os profissionais recomendaram <\/span><span class=\"highlight highlighted\">tratamento em regime de interna\u00e7\u00e3o<\/span><span class=\"highlight highlighted\"> pelo per\u00edodo m\u00ednimo de 3 anos<\/span>. Para os peritos, apesar de existir o suporte familiar, mesmo em contexto protegido e sob tratamento m\u00e9dico adequado, Dem\u00e9trius ainda n\u00e3o apresentou remiss\u00e3o dos sintomas, mant\u00e9m epis\u00f3dios psic\u00f3ticos, de altera\u00e7\u00e3o do comportamento e de frangofilia [Impulso de quebrar objetos].<\/p>\n<\/div>\n<\/div>\n<div id=\"chunk-89eqi\">\n<div class=\"mc-column content-text active-extra-styles \" data-block-type=\"unstyled\" data-block-weight=\"51\" data-block-id=\"9\">\n<p class=\"content-text__container \" data-track-category=\"Link no Texto\" data-track-links=\"\">De acordo com os peritos, a esquizofrenia paranoide e os sintomas apresentados por Dem\u00e9trius <span class=\"highlight highlighted\">prejudicam a capacidade cr\u00edtica e o pragmatismo dele<\/span>. &#8220;Tais sintomas que estavam presentes \u00e0 \u00e9poca dos fatos permitem concluir que a capacidade de entendimento encontrava-se prejudicada, enquanto a capacidade de determina\u00e7\u00e3o restava abolida&#8221;, consta do laudo.<\/p>\n<\/div>\n<\/div>\n<div class=\"mc-column content-text active-extra-styles\" data-block-type=\"raw\" data-block-weight=\"3\" data-block-id=\"10\">\n<div class=\"content-intertitle\">\n<h2>O que fala a defesa da procuradora<\/h2>\n<\/div>\n<\/div>\n<div id=\"chunk-2huj6\">\n<div class=\"mc-column content-text active-extra-styles \" data-block-type=\"unstyled\" data-block-weight=\"40\" data-block-id=\"11\">\n<p class=\"content-text__container \" data-track-category=\"Link no Texto\" data-track-links=\"\">O advogado da procuradora-geral Gabriela Samadello, Alberto Zacharias Toron disse que j\u00e1 manifestou-se favor\u00e1vel a homologa\u00e7\u00e3o do laudo. &#8220;N\u00f3s n\u00e3o impugnamos o laudo, n\u00f3s propusemos que seja homologado. As conclus\u00f5es, ao meu modo de ver, s\u00e3o irrefut\u00e1veis&#8221;.<\/p>\n<\/div>\n<\/div>\n<div id=\"chunk-9hoof\">\n<div class=\"mc-column content-text active-extra-styles \" data-block-type=\"unstyled\" data-block-weight=\"35\" data-block-id=\"12\">\n<p class=\"content-text__container \" data-track-category=\"Link no Texto\" data-track-links=\"\">&#8220;Apenas o Minist\u00e9rio P\u00fablico tem um assistente t\u00e9cnico e eles querem um pouco mais de tempo para se manifestar, mas eu tenho muita clareza de que, pelo menos, \u00e9 tudo muito correto&#8221;, disse Toron.<\/p>\n<p data-track-category=\"Link no Texto\" data-track-links=\"\">A defesa de Dem\u00e9trius n\u00e3o se manifestou sobre o caso at\u00e9 o momento.<\/p>\n<p data-track-category=\"Link no Texto\" data-track-links=\"\"><strong>LEIA TAMB\u00c9M<\/strong><\/p>\n<\/div>\n<\/div>\n<p><a href=\"https:\/\/redenoticiaz.com.br\/litoralsp\/2023\/03\/03\/procurador-preso-por-agredir-procuradora-chefe-e-internado\">Procurador preso por agredir procuradora-chefe \u00e9 internado<\/a><\/p>\n","protected":false},"excerpt":{"rendered":"<p>Um laudo do Instituto de Medicina Social e de Criminologia de S\u00e3o Paulo (IMESC) concluiu que o procurador que agrediu a procuradora-chefe durante expediente na Prefeitura de Registro apresenta quadro psiqui\u00e1trico compat\u00edvel com esquizofrenia paranoide. Um parecer elaborado pelo psiquiatra forense Guido Palomba j\u00e1 havia apontado o mesmo. Ele continua internado e sem previs\u00e3o de &hellip;<\/p>\n","protected":false},"author":6,"featured_media":95805,"comment_status":"open","ping_status":"closed","sticky":false,"template":"","format":"standard","meta":{"footnotes":""},"categories":[10,41091,23],"tags":[1544,64009,64010,63752,63753,27865,6733],"class_list":["post-102567","post","type-post","status-publish","format-standard","has-post-thumbnail","hentry","category-policia","category-registro","category-saude","tag-agressao","tag-esquizofrenia","tag-instituto-de-medicina-social-e-de-criminologia-de-sao-paulo","tag-procurador","tag-procuradora-chefe","tag-quadro-de-saude","tag-registro"],"yoast_head":"<!-- This site is optimized with the Yoast SEO plugin v27.4 - https:\/\/yoast.com\/product\/yoast-seo-wordpress\/ -->\n<title>Laudo revela que procurador acusado de agredir procuradora-chefe tem esquizofrenia - Litoral SP<\/title>\n<meta name=\"description\" content=\"agrediu a procuradora-chefe durante expediente na Prefeitura de Registro apresenta quadro psiqui\u00e1trico compat\u00edvel com esquizofrenia paranoide. Um\" \/>\n<meta name=\"robots\" content=\"index, follow, max-snippet:-1, max-image-preview:large, max-video-preview:-1\" \/>\n<link rel=\"canonical\" href=\"https:\/\/redenoticiaz.com.br\/litoralsp\/2023\/03\/16\/laudo-revela-que-procurador-acusado-de-agredir-procuradora-chefe-tem-esquizofrenia\" \/>\n<meta property=\"og:locale\" content=\"pt_BR\" \/>\n<meta property=\"og:type\" content=\"article\" \/>\n<meta property=\"og:title\" content=\"Laudo revela que procurador acusado de agredir procuradora-chefe tem esquizofrenia - Litoral SP\" \/>\n<meta property=\"og:description\" content=\"agrediu a procuradora-chefe durante expediente na Prefeitura de Registro apresenta quadro psiqui\u00e1trico compat\u00edvel com esquizofrenia paranoide. Um\" \/>\n<meta property=\"og:url\" content=\"https:\/\/redenoticiaz.com.br\/litoralsp\/2023\/03\/16\/laudo-revela-que-procurador-acusado-de-agredir-procuradora-chefe-tem-esquizofrenia\" \/>\n<meta property=\"og:site_name\" content=\"Litoral SP\" \/>\n<meta property=\"article:published_time\" content=\"2023-03-16T14:14:04+00:00\" \/>\n<meta property=\"og:image\" content=\"https:\/\/redenoticiaz.com.br\/litoralsp\/wp-content\/uploads\/sites\/3\/2022\/11\/agressor-procuradora.jpg\" \/>\n\t<meta property=\"og:image:width\" content=\"984\" \/>\n\t<meta property=\"og:image:height\" content=\"490\" \/>\n\t<meta property=\"og:image:type\" content=\"image\/jpeg\" \/>\n<meta name=\"author\" content=\"Leonardo Francisco\" \/>\n<meta name=\"twitter:card\" content=\"summary_large_image\" \/>\n<meta name=\"twitter:label1\" content=\"Escrito por\" \/>\n\t<meta name=\"twitter:data1\" content=\"Leonardo Francisco\" \/>\n\t<meta name=\"twitter:label2\" content=\"Est. tempo de leitura\" \/>\n\t<meta name=\"twitter:data2\" content=\"2 minutos\" \/>\n<script type=\"application\/ld+json\" class=\"yoast-schema-graph\">{\"@context\":\"https:\\\/\\\/schema.org\",\"@graph\":[{\"@type\":\"Article\",\"@id\":\"https:\\\/\\\/redenoticiaz.com.br\\\/litoralsp\\\/2023\\\/03\\\/16\\\/laudo-revela-que-procurador-acusado-de-agredir-procuradora-chefe-tem-esquizofrenia#article\",\"isPartOf\":{\"@id\":\"https:\\\/\\\/redenoticiaz.com.br\\\/litoralsp\\\/2023\\\/03\\\/16\\\/laudo-revela-que-procurador-acusado-de-agredir-procuradora-chefe-tem-esquizofrenia\"},\"author\":{\"name\":\"Leonardo Francisco\",\"@id\":\"https:\\\/\\\/redenoticiaz.com.br\\\/litoralsp\\\/#\\\/schema\\\/person\\\/0f0b8a5bdafefe82841e07ae8d81ecb3\"},\"headline\":\"Laudo revela que procurador acusado de agredir procuradora-chefe tem esquizofrenia\",\"datePublished\":\"2023-03-16T14:14:04+00:00\",\"mainEntityOfPage\":{\"@id\":\"https:\\\/\\\/redenoticiaz.com.br\\\/litoralsp\\\/2023\\\/03\\\/16\\\/laudo-revela-que-procurador-acusado-de-agredir-procuradora-chefe-tem-esquizofrenia\"},\"wordCount\":406,\"commentCount\":0,\"publisher\":{\"@id\":\"https:\\\/\\\/redenoticiaz.com.br\\\/litoralsp\\\/#organization\"},\"image\":{\"@id\":\"https:\\\/\\\/redenoticiaz.com.br\\\/litoralsp\\\/2023\\\/03\\\/16\\\/laudo-revela-que-procurador-acusado-de-agredir-procuradora-chefe-tem-esquizofrenia#primaryimage\"},\"thumbnailUrl\":\"https:\\\/\\\/redenoticiaz.com.br\\\/litoralsp\\\/wp-content\\\/uploads\\\/sites\\\/3\\\/2022\\\/11\\\/agressor-procuradora.jpg\",\"keywords\":[\"AGRESS\u00c3O\",\"ESQUIZOFRENIA\",\"INSTITUTO DE MEDICINA SOCIAL E DE CRIMINOLOGIA DE S\u00c3O PAULO\",\"procurador\",\"procuradora-chefe\",\"QUADRO DE SA\u00daDE\",\"REGISTRO\"],\"articleSection\":[\"Pol\u00edcia\",\"Registro\",\"Sa\u00fade\"],\"inLanguage\":\"pt-BR\",\"potentialAction\":[{\"@type\":\"CommentAction\",\"name\":\"Comment\",\"target\":[\"https:\\\/\\\/redenoticiaz.com.br\\\/litoralsp\\\/2023\\\/03\\\/16\\\/laudo-revela-que-procurador-acusado-de-agredir-procuradora-chefe-tem-esquizofrenia#respond\"]}]},{\"@type\":\"WebPage\",\"@id\":\"https:\\\/\\\/redenoticiaz.com.br\\\/litoralsp\\\/2023\\\/03\\\/16\\\/laudo-revela-que-procurador-acusado-de-agredir-procuradora-chefe-tem-esquizofrenia\",\"url\":\"https:\\\/\\\/redenoticiaz.com.br\\\/litoralsp\\\/2023\\\/03\\\/16\\\/laudo-revela-que-procurador-acusado-de-agredir-procuradora-chefe-tem-esquizofrenia\",\"name\":\"Laudo revela que procurador acusado de agredir procuradora-chefe tem esquizofrenia - Litoral SP\",\"isPartOf\":{\"@id\":\"https:\\\/\\\/redenoticiaz.com.br\\\/litoralsp\\\/#website\"},\"primaryImageOfPage\":{\"@id\":\"https:\\\/\\\/redenoticiaz.com.br\\\/litoralsp\\\/2023\\\/03\\\/16\\\/laudo-revela-que-procurador-acusado-de-agredir-procuradora-chefe-tem-esquizofrenia#primaryimage\"},\"image\":{\"@id\":\"https:\\\/\\\/redenoticiaz.com.br\\\/litoralsp\\\/2023\\\/03\\\/16\\\/laudo-revela-que-procurador-acusado-de-agredir-procuradora-chefe-tem-esquizofrenia#primaryimage\"},\"thumbnailUrl\":\"https:\\\/\\\/redenoticiaz.com.br\\\/litoralsp\\\/wp-content\\\/uploads\\\/sites\\\/3\\\/2022\\\/11\\\/agressor-procuradora.jpg\",\"datePublished\":\"2023-03-16T14:14:04+00:00\",\"description\":\"agrediu a procuradora-chefe durante expediente na Prefeitura de Registro apresenta quadro psiqui\u00e1trico compat\u00edvel com esquizofrenia paranoide. Um\",\"inLanguage\":\"pt-BR\",\"potentialAction\":[{\"@type\":\"ReadAction\",\"target\":[\"https:\\\/\\\/redenoticiaz.com.br\\\/litoralsp\\\/2023\\\/03\\\/16\\\/laudo-revela-que-procurador-acusado-de-agredir-procuradora-chefe-tem-esquizofrenia\"]}]},{\"@type\":\"ImageObject\",\"inLanguage\":\"pt-BR\",\"@id\":\"https:\\\/\\\/redenoticiaz.com.br\\\/litoralsp\\\/2023\\\/03\\\/16\\\/laudo-revela-que-procurador-acusado-de-agredir-procuradora-chefe-tem-esquizofrenia#primaryimage\",\"url\":\"https:\\\/\\\/redenoticiaz.com.br\\\/litoralsp\\\/wp-content\\\/uploads\\\/sites\\\/3\\\/2022\\\/11\\\/agressor-procuradora.jpg\",\"contentUrl\":\"https:\\\/\\\/redenoticiaz.com.br\\\/litoralsp\\\/wp-content\\\/uploads\\\/sites\\\/3\\\/2022\\\/11\\\/agressor-procuradora.jpg\",\"width\":984,\"height\":490,\"caption\":\"Cr\u00e9ditos: Reprodu\u00e7\u00e3o\"},{\"@type\":\"WebSite\",\"@id\":\"https:\\\/\\\/redenoticiaz.com.br\\\/litoralsp\\\/#website\",\"url\":\"https:\\\/\\\/redenoticiaz.com.br\\\/litoralsp\\\/\",\"name\":\"Litoral SP\",\"description\":\"Rede NoticiaZ\",\"publisher\":{\"@id\":\"https:\\\/\\\/redenoticiaz.com.br\\\/litoralsp\\\/#organization\"},\"potentialAction\":[{\"@type\":\"SearchAction\",\"target\":{\"@type\":\"EntryPoint\",\"urlTemplate\":\"https:\\\/\\\/redenoticiaz.com.br\\\/litoralsp\\\/?s={search_term_string}\"},\"query-input\":{\"@type\":\"PropertyValueSpecification\",\"valueRequired\":true,\"valueName\":\"search_term_string\"}}],\"inLanguage\":\"pt-BR\"},{\"@type\":\"Organization\",\"@id\":\"https:\\\/\\\/redenoticiaz.com.br\\\/litoralsp\\\/#organization\",\"name\":\"Litoral SP\",\"url\":\"https:\\\/\\\/redenoticiaz.com.br\\\/litoralsp\\\/\",\"logo\":{\"@type\":\"ImageObject\",\"inLanguage\":\"pt-BR\",\"@id\":\"https:\\\/\\\/redenoticiaz.com.br\\\/litoralsp\\\/#\\\/schema\\\/logo\\\/image\\\/\",\"url\":\"https:\\\/\\\/redenoticiaz.com.br\\\/litoralsp\\\/wp-content\\\/uploads\\\/sites\\\/3\\\/2020\\\/11\\\/logo.jpg\",\"contentUrl\":\"https:\\\/\\\/redenoticiaz.com.br\\\/litoralsp\\\/wp-content\\\/uploads\\\/sites\\\/3\\\/2020\\\/11\\\/logo.jpg\",\"width\":400,\"height\":250,\"caption\":\"Litoral SP\"},\"image\":{\"@id\":\"https:\\\/\\\/redenoticiaz.com.br\\\/litoralsp\\\/#\\\/schema\\\/logo\\\/image\\\/\"}},{\"@type\":\"Person\",\"@id\":\"https:\\\/\\\/redenoticiaz.com.br\\\/litoralsp\\\/#\\\/schema\\\/person\\\/0f0b8a5bdafefe82841e07ae8d81ecb3\",\"name\":\"Leonardo Francisco\",\"image\":{\"@type\":\"ImageObject\",\"inLanguage\":\"pt-BR\",\"@id\":\"https:\\\/\\\/secure.gravatar.com\\\/avatar\\\/a7358cb406a99b682ec6df1e77e31ae82e63601f6784e8a3df411d72b37864da?s=96&d=mm&r=g\",\"url\":\"https:\\\/\\\/secure.gravatar.com\\\/avatar\\\/a7358cb406a99b682ec6df1e77e31ae82e63601f6784e8a3df411d72b37864da?s=96&d=mm&r=g\",\"contentUrl\":\"https:\\\/\\\/secure.gravatar.com\\\/avatar\\\/a7358cb406a99b682ec6df1e77e31ae82e63601f6784e8a3df411d72b37864da?s=96&d=mm&r=g\",\"caption\":\"Leonardo Francisco\"},\"url\":\"https:\\\/\\\/redenoticiaz.com.br\\\/litoralsp\\\/author\\\/leonardo-francisco\"}]}<\/script>\n<!-- \/ Yoast SEO plugin. -->","yoast_head_json":{"title":"Laudo revela que procurador acusado de agredir procuradora-chefe tem esquizofrenia - Litoral SP","description":"agrediu a procuradora-chefe durante expediente na Prefeitura de Registro apresenta quadro psiqui\u00e1trico compat\u00edvel com esquizofrenia paranoide. Um","robots":{"index":"index","follow":"follow","max-snippet":"max-snippet:-1","max-image-preview":"max-image-preview:large","max-video-preview":"max-video-preview:-1"},"canonical":"https:\/\/redenoticiaz.com.br\/litoralsp\/2023\/03\/16\/laudo-revela-que-procurador-acusado-de-agredir-procuradora-chefe-tem-esquizofrenia","og_locale":"pt_BR","og_type":"article","og_title":"Laudo revela que procurador acusado de agredir procuradora-chefe tem esquizofrenia - Litoral SP","og_description":"agrediu a procuradora-chefe durante expediente na Prefeitura de Registro apresenta quadro psiqui\u00e1trico compat\u00edvel com esquizofrenia paranoide. Um","og_url":"https:\/\/redenoticiaz.com.br\/litoralsp\/2023\/03\/16\/laudo-revela-que-procurador-acusado-de-agredir-procuradora-chefe-tem-esquizofrenia","og_site_name":"Litoral SP","article_published_time":"2023-03-16T14:14:04+00:00","og_image":[{"width":984,"height":490,"url":"https:\/\/redenoticiaz.com.br\/litoralsp\/wp-content\/uploads\/sites\/3\/2022\/11\/agressor-procuradora.jpg","type":"image\/jpeg"}],"author":"Leonardo Francisco","twitter_card":"summary_large_image","twitter_misc":{"Escrito por":"Leonardo Francisco","Est. tempo de leitura":"2 minutos"},"schema":{"@context":"https:\/\/schema.org","@graph":[{"@type":"Article","@id":"https:\/\/redenoticiaz.com.br\/litoralsp\/2023\/03\/16\/laudo-revela-que-procurador-acusado-de-agredir-procuradora-chefe-tem-esquizofrenia#article","isPartOf":{"@id":"https:\/\/redenoticiaz.com.br\/litoralsp\/2023\/03\/16\/laudo-revela-que-procurador-acusado-de-agredir-procuradora-chefe-tem-esquizofrenia"},"author":{"name":"Leonardo Francisco","@id":"https:\/\/redenoticiaz.com.br\/litoralsp\/#\/schema\/person\/0f0b8a5bdafefe82841e07ae8d81ecb3"},"headline":"Laudo revela que procurador acusado de agredir procuradora-chefe tem esquizofrenia","datePublished":"2023-03-16T14:14:04+00:00","mainEntityOfPage":{"@id":"https:\/\/redenoticiaz.com.br\/litoralsp\/2023\/03\/16\/laudo-revela-que-procurador-acusado-de-agredir-procuradora-chefe-tem-esquizofrenia"},"wordCount":406,"commentCount":0,"publisher":{"@id":"https:\/\/redenoticiaz.com.br\/litoralsp\/#organization"},"image":{"@id":"https:\/\/redenoticiaz.com.br\/litoralsp\/2023\/03\/16\/laudo-revela-que-procurador-acusado-de-agredir-procuradora-chefe-tem-esquizofrenia#primaryimage"},"thumbnailUrl":"https:\/\/redenoticiaz.com.br\/litoralsp\/wp-content\/uploads\/sites\/3\/2022\/11\/agressor-procuradora.jpg","keywords":["AGRESS\u00c3O","ESQUIZOFRENIA","INSTITUTO DE MEDICINA SOCIAL E DE CRIMINOLOGIA DE S\u00c3O PAULO","procurador","procuradora-chefe","QUADRO DE SA\u00daDE","REGISTRO"],"articleSection":["Pol\u00edcia","Registro","Sa\u00fade"],"inLanguage":"pt-BR","potentialAction":[{"@type":"CommentAction","name":"Comment","target":["https:\/\/redenoticiaz.com.br\/litoralsp\/2023\/03\/16\/laudo-revela-que-procurador-acusado-de-agredir-procuradora-chefe-tem-esquizofrenia#respond"]}]},{"@type":"WebPage","@id":"https:\/\/redenoticiaz.com.br\/litoralsp\/2023\/03\/16\/laudo-revela-que-procurador-acusado-de-agredir-procuradora-chefe-tem-esquizofrenia","url":"https:\/\/redenoticiaz.com.br\/litoralsp\/2023\/03\/16\/laudo-revela-que-procurador-acusado-de-agredir-procuradora-chefe-tem-esquizofrenia","name":"Laudo revela que procurador acusado de agredir procuradora-chefe tem esquizofrenia - Litoral SP","isPartOf":{"@id":"https:\/\/redenoticiaz.com.br\/litoralsp\/#website"},"primaryImageOfPage":{"@id":"https:\/\/redenoticiaz.com.br\/litoralsp\/2023\/03\/16\/laudo-revela-que-procurador-acusado-de-agredir-procuradora-chefe-tem-esquizofrenia#primaryimage"},"image":{"@id":"https:\/\/redenoticiaz.com.br\/litoralsp\/2023\/03\/16\/laudo-revela-que-procurador-acusado-de-agredir-procuradora-chefe-tem-esquizofrenia#primaryimage"},"thumbnailUrl":"https:\/\/redenoticiaz.com.br\/litoralsp\/wp-content\/uploads\/sites\/3\/2022\/11\/agressor-procuradora.jpg","datePublished":"2023-03-16T14:14:04+00:00","description":"agrediu a procuradora-chefe durante expediente na Prefeitura de Registro apresenta quadro psiqui\u00e1trico compat\u00edvel com esquizofrenia paranoide. Um","inLanguage":"pt-BR","potentialAction":[{"@type":"ReadAction","target":["https:\/\/redenoticiaz.com.br\/litoralsp\/2023\/03\/16\/laudo-revela-que-procurador-acusado-de-agredir-procuradora-chefe-tem-esquizofrenia"]}]},{"@type":"ImageObject","inLanguage":"pt-BR","@id":"https:\/\/redenoticiaz.com.br\/litoralsp\/2023\/03\/16\/laudo-revela-que-procurador-acusado-de-agredir-procuradora-chefe-tem-esquizofrenia#primaryimage","url":"https:\/\/redenoticiaz.com.br\/litoralsp\/wp-content\/uploads\/sites\/3\/2022\/11\/agressor-procuradora.jpg","contentUrl":"https:\/\/redenoticiaz.com.br\/litoralsp\/wp-content\/uploads\/sites\/3\/2022\/11\/agressor-procuradora.jpg","width":984,"height":490,"caption":"Cr\u00e9ditos: Reprodu\u00e7\u00e3o"},{"@type":"WebSite","@id":"https:\/\/redenoticiaz.com.br\/litoralsp\/#website","url":"https:\/\/redenoticiaz.com.br\/litoralsp\/","name":"Litoral SP","description":"Rede NoticiaZ","publisher":{"@id":"https:\/\/redenoticiaz.com.br\/litoralsp\/#organization"},"potentialAction":[{"@type":"SearchAction","target":{"@type":"EntryPoint","urlTemplate":"https:\/\/redenoticiaz.com.br\/litoralsp\/?s={search_term_string}"},"query-input":{"@type":"PropertyValueSpecification","valueRequired":true,"valueName":"search_term_string"}}],"inLanguage":"pt-BR"},{"@type":"Organization","@id":"https:\/\/redenoticiaz.com.br\/litoralsp\/#organization","name":"Litoral SP","url":"https:\/\/redenoticiaz.com.br\/litoralsp\/","logo":{"@type":"ImageObject","inLanguage":"pt-BR","@id":"https:\/\/redenoticiaz.com.br\/litoralsp\/#\/schema\/logo\/image\/","url":"https:\/\/redenoticiaz.com.br\/litoralsp\/wp-content\/uploads\/sites\/3\/2020\/11\/logo.jpg","contentUrl":"https:\/\/redenoticiaz.com.br\/litoralsp\/wp-content\/uploads\/sites\/3\/2020\/11\/logo.jpg","width":400,"height":250,"caption":"Litoral SP"},"image":{"@id":"https:\/\/redenoticiaz.com.br\/litoralsp\/#\/schema\/logo\/image\/"}},{"@type":"Person","@id":"https:\/\/redenoticiaz.com.br\/litoralsp\/#\/schema\/person\/0f0b8a5bdafefe82841e07ae8d81ecb3","name":"Leonardo Francisco","image":{"@type":"ImageObject","inLanguage":"pt-BR","@id":"https:\/\/secure.gravatar.com\/avatar\/a7358cb406a99b682ec6df1e77e31ae82e63601f6784e8a3df411d72b37864da?s=96&d=mm&r=g","url":"https:\/\/secure.gravatar.com\/avatar\/a7358cb406a99b682ec6df1e77e31ae82e63601f6784e8a3df411d72b37864da?s=96&d=mm&r=g","contentUrl":"https:\/\/secure.gravatar.com\/avatar\/a7358cb406a99b682ec6df1e77e31ae82e63601f6784e8a3df411d72b37864da?s=96&d=mm&r=g","caption":"Leonardo Francisco"},"url":"https:\/\/redenoticiaz.com.br\/litoralsp\/author\/leonardo-francisco"}]}},"_links":{"self":[{"href":"https:\/\/redenoticiaz.com.br\/litoralsp\/wp-json\/wp\/v2\/posts\/102567","targetHints":{"allow":["GET"]}}],"collection":[{"href":"https:\/\/redenoticiaz.com.br\/litoralsp\/wp-json\/wp\/v2\/posts"}],"about":[{"href":"https:\/\/redenoticiaz.com.br\/litoralsp\/wp-json\/wp\/v2\/types\/post"}],"author":[{"embeddable":true,"href":"https:\/\/redenoticiaz.com.br\/litoralsp\/wp-json\/wp\/v2\/users\/6"}],"replies":[{"embeddable":true,"href":"https:\/\/redenoticiaz.com.br\/litoralsp\/wp-json\/wp\/v2\/comments?post=102567"}],"version-history":[{"count":1,"href":"https:\/\/redenoticiaz.com.br\/litoralsp\/wp-json\/wp\/v2\/posts\/102567\/revisions"}],"predecessor-version":[{"id":102568,"href":"https:\/\/redenoticiaz.com.br\/litoralsp\/wp-json\/wp\/v2\/posts\/102567\/revisions\/102568"}],"wp:featuredmedia":[{"embeddable":true,"href":"https:\/\/redenoticiaz.com.br\/litoralsp\/wp-json\/wp\/v2\/media\/95805"}],"wp:attachment":[{"href":"https:\/\/redenoticiaz.com.br\/litoralsp\/wp-json\/wp\/v2\/media?parent=102567"}],"wp:term":[{"taxonomy":"category","embeddable":true,"href":"https:\/\/redenoticiaz.com.br\/litoralsp\/wp-json\/wp\/v2\/categories?post=102567"},{"taxonomy":"post_tag","embeddable":true,"href":"https:\/\/redenoticiaz.com.br\/litoralsp\/wp-json\/wp\/v2\/tags?post=102567"}],"curies":[{"name":"wp","href":"https:\/\/api.w.org\/{rel}","templated":true}]}}