{"id":102655,"date":"2023-03-19T14:00:57","date_gmt":"2023-03-19T17:00:57","guid":{"rendered":"https:\/\/redenoticiaz.com.br\/litoralsp\/?p=102655"},"modified":"2023-03-17T11:48:17","modified_gmt":"2023-03-17T14:48:17","slug":"somente-em-2023-mais-de-500-vitimas-de-trabalho-analogo-a-escravidao-foram-resgatadas","status":"publish","type":"post","link":"https:\/\/redenoticiaz.com.br\/litoralsp\/2023\/03\/19\/somente-em-2023-mais-de-500-vitimas-de-trabalho-analogo-a-escravidao-foram-resgatadas","title":{"rendered":"Somente em 2023, mais de 500 v\u00edtimas de trabalho an\u00e1logo \u00e0 escravid\u00e3o foram resgatadas"},"content":{"rendered":"<p>Neste ano, em todo o Brasil, autoridades resgataram 523 v\u00edtimas de trabalho an\u00e1logo \u00e0 escravid\u00e3o. A informa\u00e7\u00e3o foi repassada, pelo Minist\u00e9rio do Trabalho e Emprego, \u00e0 <strong>Ag\u00eancia Brasil<\/strong>.<img decoding=\"async\" src=\"https:\/\/agenciabrasil.ebc.com.br\/ebc.png?id=1514693&amp;o=node\" \/><img decoding=\"async\" src=\"https:\/\/agenciabrasil.ebc.com.br\/ebc.gif?id=1514693&amp;o=node\" \/><\/p>\n<p>No estado de S\u00e3o Paulo, o primeiro caso do ano, ainda sob investiga\u00e7\u00e3o, foi registrado em 26 de janeiro. Segundo o Minist\u00e9rio P\u00fablico do Trabalho (MPT), 32 trabalhadores da cadeia de produ\u00e7\u00e3o de cana-de-a\u00e7\u00facar foram localizados nessa condi\u00e7\u00e3o.<\/p>\n<p>O resgate aconteceu a partir de uma opera\u00e7\u00e3o conjunta, do MPT, Minist\u00e9rio do Trabalho e Emprego, Defensoria P\u00fablica da Uni\u00e3o (DPU) e Pol\u00edcia Rodovi\u00e1ria Federal. As v\u00edtimas foram recrutadas por dois homens, conhecidos como &#8220;gatos&#8221;, nos munic\u00edpios de Francisco Badar\u00f3, Minas Novas, Turmalina, Jenipapo de Minas e Berilo, em Minas Gerais, para trabalhar em Pirangi, no noroeste paulista.<\/p>\n<h2>O que \u00e9 trabalho an\u00e1logo \u00e0 escravid\u00e3o?<\/h2>\n<p>A legisla\u00e7\u00e3o brasileira atual classifica como trabalho an\u00e1logo \u00e0 escravid\u00e3o toda atividade for\u00e7ada \u2013\u00a0quando a pessoa \u00e9 impedida de deixar seu local de trabalho \u2013\u00a0desenvolvida sob condi\u00e7\u00f5es degradantes ou em jornadas exaustivas. Tamb\u00e9m \u00e9 pass\u00edvel de den\u00fancia qualquer caso em que o funcion\u00e1rio seja vigiado constantemente, de forma ostensiva, por seu patr\u00e3o.<\/p>\n<p>O MPT disponibiliza, em seu site, um canal\u00a0<a href=\"https:\/\/mpt.mp.br\/pgt\/servicos\/servico-denuncie\" target=\"_blank\" rel=\"noopener\">para registro de den\u00fancias<\/a>\u00a0de crimes que atentem contra os direitos dos trabalhadores. A notifica\u00e7\u00e3o pode ser feita de forma an\u00f4nima.<\/p>\n<p>VEJA TAMB\u00c9M:\u00a0<a href=\"https:\/\/redenoticiaz.com.br\/barretos-regiao\/sp\/2023\/03\/16\/video-camera-registra-conversa-de-ex-mulher-com-advogado-momentos-antes-de-assassinato-e-suicidio\">V\u00cdDEO \u2013 C\u00e2mera registra conversa de ex-mulher com advogado momentos antes de assassinato e suic\u00eddio<\/a><\/p>\n","protected":false},"excerpt":{"rendered":"<p>Neste ano, em todo o Brasil, autoridades resgataram 523 v\u00edtimas de trabalho an\u00e1logo \u00e0 escravid\u00e3o. A informa\u00e7\u00e3o foi repassada, pelo Minist\u00e9rio do Trabalho e Emprego, \u00e0 Ag\u00eancia Brasil. No estado de S\u00e3o Paulo, o primeiro caso do ano, ainda sob investiga\u00e7\u00e3o, foi registrado em 26 de janeiro. Segundo o Minist\u00e9rio P\u00fablico do Trabalho (MPT), 32 &hellip;<\/p>\n","protected":false},"author":15,"featured_media":102656,"comment_status":"open","ping_status":"closed","sticky":false,"template":"","format":"standard","meta":{"footnotes":""},"categories":[1625,10],"tags":[9214,64044,64045,32645],"class_list":["post-102655","post","type-post","status-publish","format-standard","has-post-thumbnail","hentry","category-direitos-humanos","category-policia","tag-emprego","tag-resgatadas","tag-trabalho-analogo-a-escravidao","tag-vitimas"],"yoast_head":"<!-- This site is optimized with the Yoast SEO plugin v27.4 - https:\/\/yoast.com\/product\/yoast-seo-wordpress\/ -->\n<title>Somente em 2023, mais de 500 v\u00edtimas de trabalho an\u00e1logo \u00e0 escravid\u00e3o foram resgatadas - Litoral SP<\/title>\n<meta name=\"description\" content=\"Neste ano, em todo o Brasil, autoridades resgataram 523 v\u00edtimas de trabalho an\u00e1logo \u00e0 escravid\u00e3o. A informa\u00e7\u00e3o foi repassada, pelo Minist\u00e9rio\" \/>\n<meta name=\"robots\" content=\"index, follow, max-snippet:-1, max-image-preview:large, max-video-preview:-1\" \/>\n<link rel=\"canonical\" href=\"https:\/\/redenoticiaz.com.br\/litoralsp\/2023\/03\/19\/somente-em-2023-mais-de-500-vitimas-de-trabalho-analogo-a-escravidao-foram-resgatadas\" \/>\n<meta property=\"og:locale\" content=\"pt_BR\" \/>\n<meta property=\"og:type\" content=\"article\" \/>\n<meta property=\"og:title\" content=\"Somente em 2023, mais de 500 v\u00edtimas de trabalho an\u00e1logo \u00e0 escravid\u00e3o foram resgatadas - Litoral SP\" \/>\n<meta property=\"og:description\" content=\"Neste ano, em todo o Brasil, autoridades resgataram 523 v\u00edtimas de trabalho an\u00e1logo \u00e0 escravid\u00e3o. A informa\u00e7\u00e3o foi repassada, pelo Minist\u00e9rio\" \/>\n<meta property=\"og:url\" content=\"https:\/\/redenoticiaz.com.br\/litoralsp\/2023\/03\/19\/somente-em-2023-mais-de-500-vitimas-de-trabalho-analogo-a-escravidao-foram-resgatadas\" \/>\n<meta property=\"og:site_name\" content=\"Litoral SP\" \/>\n<meta property=\"article:published_time\" content=\"2023-03-19T17:00:57+00:00\" \/>\n<meta property=\"og:image\" content=\"https:\/\/redenoticiaz.com.br\/litoralsp\/wp-content\/uploads\/sites\/3\/2023\/03\/image_6487327_2.jpg\" \/>\n\t<meta property=\"og:image:width\" content=\"1170\" \/>\n\t<meta property=\"og:image:height\" content=\"700\" \/>\n\t<meta property=\"og:image:type\" content=\"image\/jpeg\" \/>\n<meta name=\"twitter:card\" content=\"summary_large_image\" \/>\n<meta name=\"twitter:label1\" content=\"Escrito por\" \/>\n\t<meta name=\"twitter:data1\" content=\"\" \/>\n\t<meta name=\"twitter:label2\" content=\"Est. tempo de leitura\" \/>\n\t<meta name=\"twitter:data2\" content=\"2 minutos\" \/>\n<script type=\"application\/ld+json\" class=\"yoast-schema-graph\">{\"@context\":\"https:\\\/\\\/schema.org\",\"@graph\":[{\"@type\":\"Article\",\"@id\":\"https:\\\/\\\/redenoticiaz.com.br\\\/litoralsp\\\/2023\\\/03\\\/19\\\/somente-em-2023-mais-de-500-vitimas-de-trabalho-analogo-a-escravidao-foram-resgatadas#article\",\"isPartOf\":{\"@id\":\"https:\\\/\\\/redenoticiaz.com.br\\\/litoralsp\\\/2023\\\/03\\\/19\\\/somente-em-2023-mais-de-500-vitimas-de-trabalho-analogo-a-escravidao-foram-resgatadas\"},\"author\":{\"name\":\"\",\"@id\":\"\"},\"headline\":\"Somente em 2023, mais de 500 v\u00edtimas de trabalho an\u00e1logo \u00e0 escravid\u00e3o foram resgatadas\",\"datePublished\":\"2023-03-19T17:00:57+00:00\",\"mainEntityOfPage\":{\"@id\":\"https:\\\/\\\/redenoticiaz.com.br\\\/litoralsp\\\/2023\\\/03\\\/19\\\/somente-em-2023-mais-de-500-vitimas-de-trabalho-analogo-a-escravidao-foram-resgatadas\"},\"wordCount\":272,\"commentCount\":0,\"publisher\":{\"@id\":\"https:\\\/\\\/redenoticiaz.com.br\\\/litoralsp\\\/#organization\"},\"image\":{\"@id\":\"https:\\\/\\\/redenoticiaz.com.br\\\/litoralsp\\\/2023\\\/03\\\/19\\\/somente-em-2023-mais-de-500-vitimas-de-trabalho-analogo-a-escravidao-foram-resgatadas#primaryimage\"},\"thumbnailUrl\":\"https:\\\/\\\/redenoticiaz.com.br\\\/litoralsp\\\/wp-content\\\/uploads\\\/sites\\\/3\\\/2023\\\/03\\\/image_6487327_2.jpg\",\"keywords\":[\"EMPREGO\",\"resgatadas\",\"trabalho an\u00e1logo \u00e1 escravid\u00e3o\",\"V\u00cdTIMAS\"],\"articleSection\":[\"Direitos Humanos\",\"Pol\u00edcia\"],\"inLanguage\":\"pt-BR\",\"potentialAction\":[{\"@type\":\"CommentAction\",\"name\":\"Comment\",\"target\":[\"https:\\\/\\\/redenoticiaz.com.br\\\/litoralsp\\\/2023\\\/03\\\/19\\\/somente-em-2023-mais-de-500-vitimas-de-trabalho-analogo-a-escravidao-foram-resgatadas#respond\"]}]},{\"@type\":\"WebPage\",\"@id\":\"https:\\\/\\\/redenoticiaz.com.br\\\/litoralsp\\\/2023\\\/03\\\/19\\\/somente-em-2023-mais-de-500-vitimas-de-trabalho-analogo-a-escravidao-foram-resgatadas\",\"url\":\"https:\\\/\\\/redenoticiaz.com.br\\\/litoralsp\\\/2023\\\/03\\\/19\\\/somente-em-2023-mais-de-500-vitimas-de-trabalho-analogo-a-escravidao-foram-resgatadas\",\"name\":\"Somente em 2023, mais de 500 v\u00edtimas de trabalho an\u00e1logo \u00e0 escravid\u00e3o foram resgatadas - Litoral SP\",\"isPartOf\":{\"@id\":\"https:\\\/\\\/redenoticiaz.com.br\\\/litoralsp\\\/#website\"},\"primaryImageOfPage\":{\"@id\":\"https:\\\/\\\/redenoticiaz.com.br\\\/litoralsp\\\/2023\\\/03\\\/19\\\/somente-em-2023-mais-de-500-vitimas-de-trabalho-analogo-a-escravidao-foram-resgatadas#primaryimage\"},\"image\":{\"@id\":\"https:\\\/\\\/redenoticiaz.com.br\\\/litoralsp\\\/2023\\\/03\\\/19\\\/somente-em-2023-mais-de-500-vitimas-de-trabalho-analogo-a-escravidao-foram-resgatadas#primaryimage\"},\"thumbnailUrl\":\"https:\\\/\\\/redenoticiaz.com.br\\\/litoralsp\\\/wp-content\\\/uploads\\\/sites\\\/3\\\/2023\\\/03\\\/image_6487327_2.jpg\",\"datePublished\":\"2023-03-19T17:00:57+00:00\",\"description\":\"Neste ano, em todo o Brasil, autoridades resgataram 523 v\u00edtimas de trabalho an\u00e1logo \u00e0 escravid\u00e3o. A informa\u00e7\u00e3o foi repassada, pelo Minist\u00e9rio\",\"inLanguage\":\"pt-BR\",\"potentialAction\":[{\"@type\":\"ReadAction\",\"target\":[\"https:\\\/\\\/redenoticiaz.com.br\\\/litoralsp\\\/2023\\\/03\\\/19\\\/somente-em-2023-mais-de-500-vitimas-de-trabalho-analogo-a-escravidao-foram-resgatadas\"]}]},{\"@type\":\"ImageObject\",\"inLanguage\":\"pt-BR\",\"@id\":\"https:\\\/\\\/redenoticiaz.com.br\\\/litoralsp\\\/2023\\\/03\\\/19\\\/somente-em-2023-mais-de-500-vitimas-de-trabalho-analogo-a-escravidao-foram-resgatadas#primaryimage\",\"url\":\"https:\\\/\\\/redenoticiaz.com.br\\\/litoralsp\\\/wp-content\\\/uploads\\\/sites\\\/3\\\/2023\\\/03\\\/image_6487327_2.jpg\",\"contentUrl\":\"https:\\\/\\\/redenoticiaz.com.br\\\/litoralsp\\\/wp-content\\\/uploads\\\/sites\\\/3\\\/2023\\\/03\\\/image_6487327_2.jpg\",\"width\":1170,\"height\":700,\"caption\":\"523 v\u00edtimas de trabalho an\u00e1logo \u00e0 escravid\u00e3o foram resgatadas. Cr\u00e9dito: Reprodu\u00e7\u00e3o\"},{\"@type\":\"WebSite\",\"@id\":\"https:\\\/\\\/redenoticiaz.com.br\\\/litoralsp\\\/#website\",\"url\":\"https:\\\/\\\/redenoticiaz.com.br\\\/litoralsp\\\/\",\"name\":\"Litoral SP\",\"description\":\"Rede NoticiaZ\",\"publisher\":{\"@id\":\"https:\\\/\\\/redenoticiaz.com.br\\\/litoralsp\\\/#organization\"},\"potentialAction\":[{\"@type\":\"SearchAction\",\"target\":{\"@type\":\"EntryPoint\",\"urlTemplate\":\"https:\\\/\\\/redenoticiaz.com.br\\\/litoralsp\\\/?s={search_term_string}\"},\"query-input\":{\"@type\":\"PropertyValueSpecification\",\"valueRequired\":true,\"valueName\":\"search_term_string\"}}],\"inLanguage\":\"pt-BR\"},{\"@type\":\"Organization\",\"@id\":\"https:\\\/\\\/redenoticiaz.com.br\\\/litoralsp\\\/#organization\",\"name\":\"Litoral SP\",\"url\":\"https:\\\/\\\/redenoticiaz.com.br\\\/litoralsp\\\/\",\"logo\":{\"@type\":\"ImageObject\",\"inLanguage\":\"pt-BR\",\"@id\":\"https:\\\/\\\/redenoticiaz.com.br\\\/litoralsp\\\/#\\\/schema\\\/logo\\\/image\\\/\",\"url\":\"https:\\\/\\\/redenoticiaz.com.br\\\/litoralsp\\\/wp-content\\\/uploads\\\/sites\\\/3\\\/2020\\\/11\\\/logo.jpg\",\"contentUrl\":\"https:\\\/\\\/redenoticiaz.com.br\\\/litoralsp\\\/wp-content\\\/uploads\\\/sites\\\/3\\\/2020\\\/11\\\/logo.jpg\",\"width\":400,\"height\":250,\"caption\":\"Litoral SP\"},\"image\":{\"@id\":\"https:\\\/\\\/redenoticiaz.com.br\\\/litoralsp\\\/#\\\/schema\\\/logo\\\/image\\\/\"}},{\"@type\":\"Person\",\"@id\":\"\",\"url\":\"https:\\\/\\\/redenoticiaz.com.br\\\/litoralsp\\\/author\"}]}<\/script>\n<!-- \/ Yoast SEO plugin. -->","yoast_head_json":{"title":"Somente em 2023, mais de 500 v\u00edtimas de trabalho an\u00e1logo \u00e0 escravid\u00e3o foram resgatadas - Litoral SP","description":"Neste ano, em todo o Brasil, autoridades resgataram 523 v\u00edtimas de trabalho an\u00e1logo \u00e0 escravid\u00e3o. A informa\u00e7\u00e3o foi repassada, pelo Minist\u00e9rio","robots":{"index":"index","follow":"follow","max-snippet":"max-snippet:-1","max-image-preview":"max-image-preview:large","max-video-preview":"max-video-preview:-1"},"canonical":"https:\/\/redenoticiaz.com.br\/litoralsp\/2023\/03\/19\/somente-em-2023-mais-de-500-vitimas-de-trabalho-analogo-a-escravidao-foram-resgatadas","og_locale":"pt_BR","og_type":"article","og_title":"Somente em 2023, mais de 500 v\u00edtimas de trabalho an\u00e1logo \u00e0 escravid\u00e3o foram resgatadas - Litoral SP","og_description":"Neste ano, em todo o Brasil, autoridades resgataram 523 v\u00edtimas de trabalho an\u00e1logo \u00e0 escravid\u00e3o. A informa\u00e7\u00e3o foi repassada, pelo Minist\u00e9rio","og_url":"https:\/\/redenoticiaz.com.br\/litoralsp\/2023\/03\/19\/somente-em-2023-mais-de-500-vitimas-de-trabalho-analogo-a-escravidao-foram-resgatadas","og_site_name":"Litoral SP","article_published_time":"2023-03-19T17:00:57+00:00","og_image":[{"width":1170,"height":700,"url":"https:\/\/redenoticiaz.com.br\/litoralsp\/wp-content\/uploads\/sites\/3\/2023\/03\/image_6487327_2.jpg","type":"image\/jpeg"}],"twitter_card":"summary_large_image","twitter_misc":{"Escrito por":"","Est. tempo de leitura":"2 minutos"},"schema":{"@context":"https:\/\/schema.org","@graph":[{"@type":"Article","@id":"https:\/\/redenoticiaz.com.br\/litoralsp\/2023\/03\/19\/somente-em-2023-mais-de-500-vitimas-de-trabalho-analogo-a-escravidao-foram-resgatadas#article","isPartOf":{"@id":"https:\/\/redenoticiaz.com.br\/litoralsp\/2023\/03\/19\/somente-em-2023-mais-de-500-vitimas-de-trabalho-analogo-a-escravidao-foram-resgatadas"},"author":{"name":"","@id":""},"headline":"Somente em 2023, mais de 500 v\u00edtimas de trabalho an\u00e1logo \u00e0 escravid\u00e3o foram resgatadas","datePublished":"2023-03-19T17:00:57+00:00","mainEntityOfPage":{"@id":"https:\/\/redenoticiaz.com.br\/litoralsp\/2023\/03\/19\/somente-em-2023-mais-de-500-vitimas-de-trabalho-analogo-a-escravidao-foram-resgatadas"},"wordCount":272,"commentCount":0,"publisher":{"@id":"https:\/\/redenoticiaz.com.br\/litoralsp\/#organization"},"image":{"@id":"https:\/\/redenoticiaz.com.br\/litoralsp\/2023\/03\/19\/somente-em-2023-mais-de-500-vitimas-de-trabalho-analogo-a-escravidao-foram-resgatadas#primaryimage"},"thumbnailUrl":"https:\/\/redenoticiaz.com.br\/litoralsp\/wp-content\/uploads\/sites\/3\/2023\/03\/image_6487327_2.jpg","keywords":["EMPREGO","resgatadas","trabalho an\u00e1logo \u00e1 escravid\u00e3o","V\u00cdTIMAS"],"articleSection":["Direitos Humanos","Pol\u00edcia"],"inLanguage":"pt-BR","potentialAction":[{"@type":"CommentAction","name":"Comment","target":["https:\/\/redenoticiaz.com.br\/litoralsp\/2023\/03\/19\/somente-em-2023-mais-de-500-vitimas-de-trabalho-analogo-a-escravidao-foram-resgatadas#respond"]}]},{"@type":"WebPage","@id":"https:\/\/redenoticiaz.com.br\/litoralsp\/2023\/03\/19\/somente-em-2023-mais-de-500-vitimas-de-trabalho-analogo-a-escravidao-foram-resgatadas","url":"https:\/\/redenoticiaz.com.br\/litoralsp\/2023\/03\/19\/somente-em-2023-mais-de-500-vitimas-de-trabalho-analogo-a-escravidao-foram-resgatadas","name":"Somente em 2023, mais de 500 v\u00edtimas de trabalho an\u00e1logo \u00e0 escravid\u00e3o foram resgatadas - Litoral SP","isPartOf":{"@id":"https:\/\/redenoticiaz.com.br\/litoralsp\/#website"},"primaryImageOfPage":{"@id":"https:\/\/redenoticiaz.com.br\/litoralsp\/2023\/03\/19\/somente-em-2023-mais-de-500-vitimas-de-trabalho-analogo-a-escravidao-foram-resgatadas#primaryimage"},"image":{"@id":"https:\/\/redenoticiaz.com.br\/litoralsp\/2023\/03\/19\/somente-em-2023-mais-de-500-vitimas-de-trabalho-analogo-a-escravidao-foram-resgatadas#primaryimage"},"thumbnailUrl":"https:\/\/redenoticiaz.com.br\/litoralsp\/wp-content\/uploads\/sites\/3\/2023\/03\/image_6487327_2.jpg","datePublished":"2023-03-19T17:00:57+00:00","description":"Neste ano, em todo o Brasil, autoridades resgataram 523 v\u00edtimas de trabalho an\u00e1logo \u00e0 escravid\u00e3o. A informa\u00e7\u00e3o foi repassada, pelo Minist\u00e9rio","inLanguage":"pt-BR","potentialAction":[{"@type":"ReadAction","target":["https:\/\/redenoticiaz.com.br\/litoralsp\/2023\/03\/19\/somente-em-2023-mais-de-500-vitimas-de-trabalho-analogo-a-escravidao-foram-resgatadas"]}]},{"@type":"ImageObject","inLanguage":"pt-BR","@id":"https:\/\/redenoticiaz.com.br\/litoralsp\/2023\/03\/19\/somente-em-2023-mais-de-500-vitimas-de-trabalho-analogo-a-escravidao-foram-resgatadas#primaryimage","url":"https:\/\/redenoticiaz.com.br\/litoralsp\/wp-content\/uploads\/sites\/3\/2023\/03\/image_6487327_2.jpg","contentUrl":"https:\/\/redenoticiaz.com.br\/litoralsp\/wp-content\/uploads\/sites\/3\/2023\/03\/image_6487327_2.jpg","width":1170,"height":700,"caption":"523 v\u00edtimas de trabalho an\u00e1logo \u00e0 escravid\u00e3o foram resgatadas. Cr\u00e9dito: Reprodu\u00e7\u00e3o"},{"@type":"WebSite","@id":"https:\/\/redenoticiaz.com.br\/litoralsp\/#website","url":"https:\/\/redenoticiaz.com.br\/litoralsp\/","name":"Litoral SP","description":"Rede NoticiaZ","publisher":{"@id":"https:\/\/redenoticiaz.com.br\/litoralsp\/#organization"},"potentialAction":[{"@type":"SearchAction","target":{"@type":"EntryPoint","urlTemplate":"https:\/\/redenoticiaz.com.br\/litoralsp\/?s={search_term_string}"},"query-input":{"@type":"PropertyValueSpecification","valueRequired":true,"valueName":"search_term_string"}}],"inLanguage":"pt-BR"},{"@type":"Organization","@id":"https:\/\/redenoticiaz.com.br\/litoralsp\/#organization","name":"Litoral SP","url":"https:\/\/redenoticiaz.com.br\/litoralsp\/","logo":{"@type":"ImageObject","inLanguage":"pt-BR","@id":"https:\/\/redenoticiaz.com.br\/litoralsp\/#\/schema\/logo\/image\/","url":"https:\/\/redenoticiaz.com.br\/litoralsp\/wp-content\/uploads\/sites\/3\/2020\/11\/logo.jpg","contentUrl":"https:\/\/redenoticiaz.com.br\/litoralsp\/wp-content\/uploads\/sites\/3\/2020\/11\/logo.jpg","width":400,"height":250,"caption":"Litoral SP"},"image":{"@id":"https:\/\/redenoticiaz.com.br\/litoralsp\/#\/schema\/logo\/image\/"}},{"@type":"Person","@id":"","url":"https:\/\/redenoticiaz.com.br\/litoralsp\/author"}]}},"_links":{"self":[{"href":"https:\/\/redenoticiaz.com.br\/litoralsp\/wp-json\/wp\/v2\/posts\/102655","targetHints":{"allow":["GET"]}}],"collection":[{"href":"https:\/\/redenoticiaz.com.br\/litoralsp\/wp-json\/wp\/v2\/posts"}],"about":[{"href":"https:\/\/redenoticiaz.com.br\/litoralsp\/wp-json\/wp\/v2\/types\/post"}],"author":[{"embeddable":true,"href":"https:\/\/redenoticiaz.com.br\/litoralsp\/wp-json\/wp\/v2\/users\/15"}],"replies":[{"embeddable":true,"href":"https:\/\/redenoticiaz.com.br\/litoralsp\/wp-json\/wp\/v2\/comments?post=102655"}],"version-history":[{"count":1,"href":"https:\/\/redenoticiaz.com.br\/litoralsp\/wp-json\/wp\/v2\/posts\/102655\/revisions"}],"predecessor-version":[{"id":102657,"href":"https:\/\/redenoticiaz.com.br\/litoralsp\/wp-json\/wp\/v2\/posts\/102655\/revisions\/102657"}],"wp:featuredmedia":[{"embeddable":true,"href":"https:\/\/redenoticiaz.com.br\/litoralsp\/wp-json\/wp\/v2\/media\/102656"}],"wp:attachment":[{"href":"https:\/\/redenoticiaz.com.br\/litoralsp\/wp-json\/wp\/v2\/media?parent=102655"}],"wp:term":[{"taxonomy":"category","embeddable":true,"href":"https:\/\/redenoticiaz.com.br\/litoralsp\/wp-json\/wp\/v2\/categories?post=102655"},{"taxonomy":"post_tag","embeddable":true,"href":"https:\/\/redenoticiaz.com.br\/litoralsp\/wp-json\/wp\/v2\/tags?post=102655"}],"curies":[{"name":"wp","href":"https:\/\/api.w.org\/{rel}","templated":true}]}}