{"id":102753,"date":"2023-03-20T11:39:40","date_gmt":"2023-03-20T14:39:40","guid":{"rendered":"https:\/\/redenoticiaz.com.br\/litoralsp\/?p=102753"},"modified":"2023-03-20T11:39:40","modified_gmt":"2023-03-20T14:39:40","slug":"bom-prato-do-centro-de-sao-vicente-muda-para-o-mexico-70","status":"publish","type":"post","link":"https:\/\/redenoticiaz.com.br\/litoralsp\/2023\/03\/20\/bom-prato-do-centro-de-sao-vicente-muda-para-o-mexico-70","title":{"rendered":"Bom Prato do Centro de S\u00e3o Vicente muda para o M\u00e9xico 70"},"content":{"rendered":"<div id=\"chunk-55lgm\">\n<div class=\"mc-column content-text active-extra-styles \" data-block-type=\"unstyled\" data-block-weight=\"48\" data-block-id=\"3\">\n<p class=\"content-text__container \" data-track-category=\"Link no Texto\" data-track-links=\"\">Usu\u00e1rios do restaurante Bom Prato de S\u00e3o Vicente tem uma mudan\u00e7a importante. A unidade que funciona no Centro de S\u00e3o Vicente deixa de funcionar e <strong>ela ser\u00e1 transferida para a comunidade do M\u00e9xico 70<\/strong>. Unidades m\u00f3veis ser\u00e3o disponibilizadas para atender a popula\u00e7\u00e3o que vive na comunidade, na Vila Margarida e no Parque Bitaru.<\/p>\n<p class=\"content-text__container \" data-track-category=\"Link no Texto\" data-track-links=\"\">A Prefeitura de S\u00e3o Vicente explicou que o motivo da mudan\u00e7a \u00e9 por conta de uma demanda antiga dos moradores e comerciantes da regi\u00e3o central.<\/p>\n<\/div>\n<\/div>\n<div class=\"wall protected-content\">\n<div id=\"chunk-9ojrl\">\n<div class=\"mc-column content-text active-extra-styles \" data-block-type=\"unstyled\" data-block-weight=\"66\" data-block-id=\"4\">\n<p class=\"content-text__container \" data-track-category=\"Link no Texto\" data-track-links=\"\">O novo restaurante fica localizado na Rua do Canal, n\u00ba 170, antiga ETECRI do M\u00e9xico 70. Mas, o local passar\u00e1 por obras. Durante esse per\u00edodo, a popula\u00e7\u00e3o ser\u00e1 atendida pelo Bom Prato M\u00f3vel, que funcionar\u00e1 na mesma via, por\u00e9m, na altura do numeral 582. Segundo a prefeitura, em 120 dias, a partir das 11h ser\u00e3o distribu\u00eddas 300 refei\u00e7\u00f5es por dia, a partir desta ter\u00e7a-feira (21).<\/p>\n<div id=\"chunk-arar3\">\n<div class=\"mc-column content-text active-extra-styles \" data-block-type=\"unstyled\" data-block-weight=\"46\" data-block-id=\"7\">\n<p class=\"content-text__container \" data-track-category=\"Link no Texto\" data-track-links=\"\">Ap\u00f3s a reforma do restaurante, o local deve voltar a funcionar de forma regular. O Bom Prato do Centro costuma vender cerca de mil refei\u00e7\u00f5es por dia, entre almo\u00e7o e jantar, ao pre\u00e7o de R$ 1, e o caf\u00e9 da manh\u00e3, que custa R$ 0,50.<\/p>\n<\/div>\n<\/div>\n<div id=\"chunk-flms7\">\n<div class=\"mc-column content-text active-extra-styles \" data-block-type=\"unstyled\" data-block-weight=\"43\" data-block-id=\"8\">\n<p class=\"content-text__container \" data-track-category=\"Link no Texto\" data-track-links=\"\">De acordo com a administra\u00e7\u00e3o municipal, a mudan\u00e7a de local faz parte de uma estrat\u00e9gia, em conjunto ao Governo do Estado, de levar o restaurante para regi\u00f5es com maior vulnerabilidade social e inseguran\u00e7a alimentar, como \u00e9 o caso da comunidade do M\u00e9xico 70.<\/p>\n<h3 data-track-category=\"Link no Texto\">E o Centro?<\/h3>\n<\/div>\n<\/div>\n<div id=\"chunk-9sidt\">\n<div class=\"mc-column content-text active-extra-styles \" data-block-type=\"unstyled\" data-block-weight=\"64\" data-block-id=\"9\">\n<p class=\"content-text__container \" data-track-category=\"Link no Texto\" data-track-links=\"\">A Prefeitura de S\u00e3o Vicente explicou, por meio de nota, que pessoas de baixa renda que usavam o Bom Prato do Centro, poder\u00e3o contar com a estrutura de refei\u00e7\u00e3o e alimenta\u00e7\u00e3o a pre\u00e7os variados.<\/p>\n<p class=\"content-text__container \" data-track-category=\"Link no Texto\" data-track-links=\"\">Ainda de acordo com o munic\u00edpio, no Centro Pop, localizado na Av. Capit\u00e3o-Mor Aguiar, 436, \u00e9 servido caf\u00e9 da manh\u00e3 diariamente aos moradores em situa\u00e7\u00e3o de rua.<\/p>\n<p data-track-category=\"Link no Texto\" data-track-links=\"\"><strong>LEIA TAMB\u00c9M<\/strong><\/p>\n<p data-track-category=\"Link no Texto\" data-track-links=\"\"><a href=\"https:\/\/redenoticiaz.com.br\/litoralsp\/2023\/03\/18\/dietas-restritivas-podem-gerar-perigo-para-a-saude\">Dietas restritivas podem gerar perigo para a sa\u00fade<\/a><\/p>\n<\/div>\n<\/div>\n<\/div>\n<\/div>\n<\/div>\n","protected":false},"excerpt":{"rendered":"<p>Usu\u00e1rios do restaurante Bom Prato de S\u00e3o Vicente tem uma mudan\u00e7a importante. A unidade que funciona no Centro de S\u00e3o Vicente deixa de funcionar e ela ser\u00e1 transferida para a comunidade do M\u00e9xico 70. Unidades m\u00f3veis ser\u00e3o disponibilizadas para atender a popula\u00e7\u00e3o que vive na comunidade, na Vila Margarida e no Parque Bitaru. A Prefeitura &hellip;<\/p>\n","protected":false},"author":6,"featured_media":102754,"comment_status":"open","ping_status":"closed","sticky":false,"template":"","format":"standard","meta":{"footnotes":""},"categories":[10278,181],"tags":[29097,43946,64077,33],"class_list":["post-102753","post","type-post","status-publish","format-standard","has-post-thumbnail","hentry","category-cidadania","category-sao-vicente","tag-centro-de-sao-vicente","tag-mexico-70","tag-restaurante-bom-prato","tag-sao-vicente"],"yoast_head":"<!-- This site is optimized with the Yoast SEO plugin v27.5 - https:\/\/yoast.com\/product\/yoast-seo-wordpress\/ -->\n<title>Bom Prato do Centro de S\u00e3o Vicente muda para o M\u00e9xico 70 - Litoral SP<\/title>\n<meta name=\"description\" content=\"Usu\u00e1rios do restaurante Bom Prato de S\u00e3o Vicente tem uma mudan\u00e7a importante. A unidade que funciona no Centro de S\u00e3o Vicente deixa\" \/>\n<meta name=\"robots\" content=\"index, follow, max-snippet:-1, max-image-preview:large, max-video-preview:-1\" \/>\n<link rel=\"canonical\" href=\"https:\/\/redenoticiaz.com.br\/litoralsp\/2023\/03\/20\/bom-prato-do-centro-de-sao-vicente-muda-para-o-mexico-70\" \/>\n<meta property=\"og:locale\" content=\"pt_BR\" \/>\n<meta property=\"og:type\" content=\"article\" \/>\n<meta property=\"og:title\" content=\"Bom Prato do Centro de S\u00e3o Vicente muda para o M\u00e9xico 70 - Litoral SP\" \/>\n<meta property=\"og:description\" content=\"Usu\u00e1rios do restaurante Bom Prato de S\u00e3o Vicente tem uma mudan\u00e7a importante. A unidade que funciona no Centro de S\u00e3o Vicente deixa\" \/>\n<meta property=\"og:url\" content=\"https:\/\/redenoticiaz.com.br\/litoralsp\/2023\/03\/20\/bom-prato-do-centro-de-sao-vicente-muda-para-o-mexico-70\" \/>\n<meta property=\"og:site_name\" content=\"Litoral SP\" \/>\n<meta property=\"article:published_time\" content=\"2023-03-20T14:39:40+00:00\" \/>\n<meta property=\"og:image\" content=\"https:\/\/redenoticiaz.com.br\/litoralsp\/wp-content\/uploads\/sites\/3\/2023\/03\/BOM-PRATO-MOVEL.jpg\" \/>\n\t<meta property=\"og:image:width\" content=\"542\" \/>\n\t<meta property=\"og:image:height\" content=\"368\" \/>\n\t<meta property=\"og:image:type\" content=\"image\/jpeg\" \/>\n<meta name=\"author\" content=\"Leonardo Francisco\" \/>\n<meta name=\"twitter:card\" content=\"summary_large_image\" \/>\n<meta name=\"twitter:label1\" content=\"Escrito por\" \/>\n\t<meta name=\"twitter:data1\" content=\"Leonardo Francisco\" \/>\n\t<meta name=\"twitter:label2\" content=\"Est. tempo de leitura\" \/>\n\t<meta name=\"twitter:data2\" content=\"2 minutos\" \/>\n<script type=\"application\/ld+json\" class=\"yoast-schema-graph\">{\"@context\":\"https:\\\/\\\/schema.org\",\"@graph\":[{\"@type\":\"Article\",\"@id\":\"https:\\\/\\\/redenoticiaz.com.br\\\/litoralsp\\\/2023\\\/03\\\/20\\\/bom-prato-do-centro-de-sao-vicente-muda-para-o-mexico-70#article\",\"isPartOf\":{\"@id\":\"https:\\\/\\\/redenoticiaz.com.br\\\/litoralsp\\\/2023\\\/03\\\/20\\\/bom-prato-do-centro-de-sao-vicente-muda-para-o-mexico-70\"},\"author\":{\"name\":\"Leonardo Francisco\",\"@id\":\"https:\\\/\\\/redenoticiaz.com.br\\\/litoralsp\\\/#\\\/schema\\\/person\\\/0f0b8a5bdafefe82841e07ae8d81ecb3\"},\"headline\":\"Bom Prato do Centro de S\u00e3o Vicente muda para o M\u00e9xico 70\",\"datePublished\":\"2023-03-20T14:39:40+00:00\",\"mainEntityOfPage\":{\"@id\":\"https:\\\/\\\/redenoticiaz.com.br\\\/litoralsp\\\/2023\\\/03\\\/20\\\/bom-prato-do-centro-de-sao-vicente-muda-para-o-mexico-70\"},\"wordCount\":344,\"commentCount\":0,\"publisher\":{\"@id\":\"https:\\\/\\\/redenoticiaz.com.br\\\/litoralsp\\\/#organization\"},\"image\":{\"@id\":\"https:\\\/\\\/redenoticiaz.com.br\\\/litoralsp\\\/2023\\\/03\\\/20\\\/bom-prato-do-centro-de-sao-vicente-muda-para-o-mexico-70#primaryimage\"},\"thumbnailUrl\":\"https:\\\/\\\/redenoticiaz.com.br\\\/litoralsp\\\/wp-content\\\/uploads\\\/sites\\\/3\\\/2023\\\/03\\\/BOM-PRATO-MOVEL.jpg\",\"keywords\":[\"CENTRO DE S\u00c3O VICENTE\",\"M\u00c9XICO 70\",\"RESTAURANTE BOM PRATO\",\"S\u00e3o Vicente\"],\"articleSection\":[\"Cidadania\",\"S\u00e3o Vicente\"],\"inLanguage\":\"pt-BR\",\"potentialAction\":[{\"@type\":\"CommentAction\",\"name\":\"Comment\",\"target\":[\"https:\\\/\\\/redenoticiaz.com.br\\\/litoralsp\\\/2023\\\/03\\\/20\\\/bom-prato-do-centro-de-sao-vicente-muda-para-o-mexico-70#respond\"]}]},{\"@type\":\"WebPage\",\"@id\":\"https:\\\/\\\/redenoticiaz.com.br\\\/litoralsp\\\/2023\\\/03\\\/20\\\/bom-prato-do-centro-de-sao-vicente-muda-para-o-mexico-70\",\"url\":\"https:\\\/\\\/redenoticiaz.com.br\\\/litoralsp\\\/2023\\\/03\\\/20\\\/bom-prato-do-centro-de-sao-vicente-muda-para-o-mexico-70\",\"name\":\"Bom Prato do Centro de S\u00e3o Vicente muda para o M\u00e9xico 70 - Litoral SP\",\"isPartOf\":{\"@id\":\"https:\\\/\\\/redenoticiaz.com.br\\\/litoralsp\\\/#website\"},\"primaryImageOfPage\":{\"@id\":\"https:\\\/\\\/redenoticiaz.com.br\\\/litoralsp\\\/2023\\\/03\\\/20\\\/bom-prato-do-centro-de-sao-vicente-muda-para-o-mexico-70#primaryimage\"},\"image\":{\"@id\":\"https:\\\/\\\/redenoticiaz.com.br\\\/litoralsp\\\/2023\\\/03\\\/20\\\/bom-prato-do-centro-de-sao-vicente-muda-para-o-mexico-70#primaryimage\"},\"thumbnailUrl\":\"https:\\\/\\\/redenoticiaz.com.br\\\/litoralsp\\\/wp-content\\\/uploads\\\/sites\\\/3\\\/2023\\\/03\\\/BOM-PRATO-MOVEL.jpg\",\"datePublished\":\"2023-03-20T14:39:40+00:00\",\"description\":\"Usu\u00e1rios do restaurante Bom Prato de S\u00e3o Vicente tem uma mudan\u00e7a importante. A unidade que funciona no Centro de S\u00e3o Vicente deixa\",\"inLanguage\":\"pt-BR\",\"potentialAction\":[{\"@type\":\"ReadAction\",\"target\":[\"https:\\\/\\\/redenoticiaz.com.br\\\/litoralsp\\\/2023\\\/03\\\/20\\\/bom-prato-do-centro-de-sao-vicente-muda-para-o-mexico-70\"]}]},{\"@type\":\"ImageObject\",\"inLanguage\":\"pt-BR\",\"@id\":\"https:\\\/\\\/redenoticiaz.com.br\\\/litoralsp\\\/2023\\\/03\\\/20\\\/bom-prato-do-centro-de-sao-vicente-muda-para-o-mexico-70#primaryimage\",\"url\":\"https:\\\/\\\/redenoticiaz.com.br\\\/litoralsp\\\/wp-content\\\/uploads\\\/sites\\\/3\\\/2023\\\/03\\\/BOM-PRATO-MOVEL.jpg\",\"contentUrl\":\"https:\\\/\\\/redenoticiaz.com.br\\\/litoralsp\\\/wp-content\\\/uploads\\\/sites\\\/3\\\/2023\\\/03\\\/BOM-PRATO-MOVEL.jpg\",\"width\":542,\"height\":368,\"caption\":\"Cr\u00e9ditos: Divulga\u00e7\u00e3o\\\/Prefeitura de S\u00e3o Vicente\"},{\"@type\":\"WebSite\",\"@id\":\"https:\\\/\\\/redenoticiaz.com.br\\\/litoralsp\\\/#website\",\"url\":\"https:\\\/\\\/redenoticiaz.com.br\\\/litoralsp\\\/\",\"name\":\"Litoral SP\",\"description\":\"Rede NoticiaZ\",\"publisher\":{\"@id\":\"https:\\\/\\\/redenoticiaz.com.br\\\/litoralsp\\\/#organization\"},\"potentialAction\":[{\"@type\":\"SearchAction\",\"target\":{\"@type\":\"EntryPoint\",\"urlTemplate\":\"https:\\\/\\\/redenoticiaz.com.br\\\/litoralsp\\\/?s={search_term_string}\"},\"query-input\":{\"@type\":\"PropertyValueSpecification\",\"valueRequired\":true,\"valueName\":\"search_term_string\"}}],\"inLanguage\":\"pt-BR\"},{\"@type\":\"Organization\",\"@id\":\"https:\\\/\\\/redenoticiaz.com.br\\\/litoralsp\\\/#organization\",\"name\":\"Litoral SP\",\"url\":\"https:\\\/\\\/redenoticiaz.com.br\\\/litoralsp\\\/\",\"logo\":{\"@type\":\"ImageObject\",\"inLanguage\":\"pt-BR\",\"@id\":\"https:\\\/\\\/redenoticiaz.com.br\\\/litoralsp\\\/#\\\/schema\\\/logo\\\/image\\\/\",\"url\":\"https:\\\/\\\/redenoticiaz.com.br\\\/litoralsp\\\/wp-content\\\/uploads\\\/sites\\\/3\\\/2020\\\/11\\\/logo.jpg\",\"contentUrl\":\"https:\\\/\\\/redenoticiaz.com.br\\\/litoralsp\\\/wp-content\\\/uploads\\\/sites\\\/3\\\/2020\\\/11\\\/logo.jpg\",\"width\":400,\"height\":250,\"caption\":\"Litoral SP\"},\"image\":{\"@id\":\"https:\\\/\\\/redenoticiaz.com.br\\\/litoralsp\\\/#\\\/schema\\\/logo\\\/image\\\/\"}},{\"@type\":\"Person\",\"@id\":\"https:\\\/\\\/redenoticiaz.com.br\\\/litoralsp\\\/#\\\/schema\\\/person\\\/0f0b8a5bdafefe82841e07ae8d81ecb3\",\"name\":\"Leonardo Francisco\",\"image\":{\"@type\":\"ImageObject\",\"inLanguage\":\"pt-BR\",\"@id\":\"https:\\\/\\\/secure.gravatar.com\\\/avatar\\\/a7358cb406a99b682ec6df1e77e31ae82e63601f6784e8a3df411d72b37864da?s=96&d=mm&r=g\",\"url\":\"https:\\\/\\\/secure.gravatar.com\\\/avatar\\\/a7358cb406a99b682ec6df1e77e31ae82e63601f6784e8a3df411d72b37864da?s=96&d=mm&r=g\",\"contentUrl\":\"https:\\\/\\\/secure.gravatar.com\\\/avatar\\\/a7358cb406a99b682ec6df1e77e31ae82e63601f6784e8a3df411d72b37864da?s=96&d=mm&r=g\",\"caption\":\"Leonardo Francisco\"},\"url\":\"https:\\\/\\\/redenoticiaz.com.br\\\/litoralsp\\\/author\\\/leonardo-francisco\"}]}<\/script>\n<!-- \/ Yoast SEO plugin. -->","yoast_head_json":{"title":"Bom Prato do Centro de S\u00e3o Vicente muda para o M\u00e9xico 70 - Litoral SP","description":"Usu\u00e1rios do restaurante Bom Prato de S\u00e3o Vicente tem uma mudan\u00e7a importante. A unidade que funciona no Centro de S\u00e3o Vicente deixa","robots":{"index":"index","follow":"follow","max-snippet":"max-snippet:-1","max-image-preview":"max-image-preview:large","max-video-preview":"max-video-preview:-1"},"canonical":"https:\/\/redenoticiaz.com.br\/litoralsp\/2023\/03\/20\/bom-prato-do-centro-de-sao-vicente-muda-para-o-mexico-70","og_locale":"pt_BR","og_type":"article","og_title":"Bom Prato do Centro de S\u00e3o Vicente muda para o M\u00e9xico 70 - Litoral SP","og_description":"Usu\u00e1rios do restaurante Bom Prato de S\u00e3o Vicente tem uma mudan\u00e7a importante. A unidade que funciona no Centro de S\u00e3o Vicente deixa","og_url":"https:\/\/redenoticiaz.com.br\/litoralsp\/2023\/03\/20\/bom-prato-do-centro-de-sao-vicente-muda-para-o-mexico-70","og_site_name":"Litoral SP","article_published_time":"2023-03-20T14:39:40+00:00","og_image":[{"width":542,"height":368,"url":"https:\/\/redenoticiaz.com.br\/litoralsp\/wp-content\/uploads\/sites\/3\/2023\/03\/BOM-PRATO-MOVEL.jpg","type":"image\/jpeg"}],"author":"Leonardo Francisco","twitter_card":"summary_large_image","twitter_misc":{"Escrito por":"Leonardo Francisco","Est. tempo de leitura":"2 minutos"},"schema":{"@context":"https:\/\/schema.org","@graph":[{"@type":"Article","@id":"https:\/\/redenoticiaz.com.br\/litoralsp\/2023\/03\/20\/bom-prato-do-centro-de-sao-vicente-muda-para-o-mexico-70#article","isPartOf":{"@id":"https:\/\/redenoticiaz.com.br\/litoralsp\/2023\/03\/20\/bom-prato-do-centro-de-sao-vicente-muda-para-o-mexico-70"},"author":{"name":"Leonardo Francisco","@id":"https:\/\/redenoticiaz.com.br\/litoralsp\/#\/schema\/person\/0f0b8a5bdafefe82841e07ae8d81ecb3"},"headline":"Bom Prato do Centro de S\u00e3o Vicente muda para o M\u00e9xico 70","datePublished":"2023-03-20T14:39:40+00:00","mainEntityOfPage":{"@id":"https:\/\/redenoticiaz.com.br\/litoralsp\/2023\/03\/20\/bom-prato-do-centro-de-sao-vicente-muda-para-o-mexico-70"},"wordCount":344,"commentCount":0,"publisher":{"@id":"https:\/\/redenoticiaz.com.br\/litoralsp\/#organization"},"image":{"@id":"https:\/\/redenoticiaz.com.br\/litoralsp\/2023\/03\/20\/bom-prato-do-centro-de-sao-vicente-muda-para-o-mexico-70#primaryimage"},"thumbnailUrl":"https:\/\/redenoticiaz.com.br\/litoralsp\/wp-content\/uploads\/sites\/3\/2023\/03\/BOM-PRATO-MOVEL.jpg","keywords":["CENTRO DE S\u00c3O VICENTE","M\u00c9XICO 70","RESTAURANTE BOM PRATO","S\u00e3o Vicente"],"articleSection":["Cidadania","S\u00e3o Vicente"],"inLanguage":"pt-BR","potentialAction":[{"@type":"CommentAction","name":"Comment","target":["https:\/\/redenoticiaz.com.br\/litoralsp\/2023\/03\/20\/bom-prato-do-centro-de-sao-vicente-muda-para-o-mexico-70#respond"]}]},{"@type":"WebPage","@id":"https:\/\/redenoticiaz.com.br\/litoralsp\/2023\/03\/20\/bom-prato-do-centro-de-sao-vicente-muda-para-o-mexico-70","url":"https:\/\/redenoticiaz.com.br\/litoralsp\/2023\/03\/20\/bom-prato-do-centro-de-sao-vicente-muda-para-o-mexico-70","name":"Bom Prato do Centro de S\u00e3o Vicente muda para o M\u00e9xico 70 - Litoral SP","isPartOf":{"@id":"https:\/\/redenoticiaz.com.br\/litoralsp\/#website"},"primaryImageOfPage":{"@id":"https:\/\/redenoticiaz.com.br\/litoralsp\/2023\/03\/20\/bom-prato-do-centro-de-sao-vicente-muda-para-o-mexico-70#primaryimage"},"image":{"@id":"https:\/\/redenoticiaz.com.br\/litoralsp\/2023\/03\/20\/bom-prato-do-centro-de-sao-vicente-muda-para-o-mexico-70#primaryimage"},"thumbnailUrl":"https:\/\/redenoticiaz.com.br\/litoralsp\/wp-content\/uploads\/sites\/3\/2023\/03\/BOM-PRATO-MOVEL.jpg","datePublished":"2023-03-20T14:39:40+00:00","description":"Usu\u00e1rios do restaurante Bom Prato de S\u00e3o Vicente tem uma mudan\u00e7a importante. A unidade que funciona no Centro de S\u00e3o Vicente deixa","inLanguage":"pt-BR","potentialAction":[{"@type":"ReadAction","target":["https:\/\/redenoticiaz.com.br\/litoralsp\/2023\/03\/20\/bom-prato-do-centro-de-sao-vicente-muda-para-o-mexico-70"]}]},{"@type":"ImageObject","inLanguage":"pt-BR","@id":"https:\/\/redenoticiaz.com.br\/litoralsp\/2023\/03\/20\/bom-prato-do-centro-de-sao-vicente-muda-para-o-mexico-70#primaryimage","url":"https:\/\/redenoticiaz.com.br\/litoralsp\/wp-content\/uploads\/sites\/3\/2023\/03\/BOM-PRATO-MOVEL.jpg","contentUrl":"https:\/\/redenoticiaz.com.br\/litoralsp\/wp-content\/uploads\/sites\/3\/2023\/03\/BOM-PRATO-MOVEL.jpg","width":542,"height":368,"caption":"Cr\u00e9ditos: Divulga\u00e7\u00e3o\/Prefeitura de S\u00e3o Vicente"},{"@type":"WebSite","@id":"https:\/\/redenoticiaz.com.br\/litoralsp\/#website","url":"https:\/\/redenoticiaz.com.br\/litoralsp\/","name":"Litoral SP","description":"Rede NoticiaZ","publisher":{"@id":"https:\/\/redenoticiaz.com.br\/litoralsp\/#organization"},"potentialAction":[{"@type":"SearchAction","target":{"@type":"EntryPoint","urlTemplate":"https:\/\/redenoticiaz.com.br\/litoralsp\/?s={search_term_string}"},"query-input":{"@type":"PropertyValueSpecification","valueRequired":true,"valueName":"search_term_string"}}],"inLanguage":"pt-BR"},{"@type":"Organization","@id":"https:\/\/redenoticiaz.com.br\/litoralsp\/#organization","name":"Litoral SP","url":"https:\/\/redenoticiaz.com.br\/litoralsp\/","logo":{"@type":"ImageObject","inLanguage":"pt-BR","@id":"https:\/\/redenoticiaz.com.br\/litoralsp\/#\/schema\/logo\/image\/","url":"https:\/\/redenoticiaz.com.br\/litoralsp\/wp-content\/uploads\/sites\/3\/2020\/11\/logo.jpg","contentUrl":"https:\/\/redenoticiaz.com.br\/litoralsp\/wp-content\/uploads\/sites\/3\/2020\/11\/logo.jpg","width":400,"height":250,"caption":"Litoral SP"},"image":{"@id":"https:\/\/redenoticiaz.com.br\/litoralsp\/#\/schema\/logo\/image\/"}},{"@type":"Person","@id":"https:\/\/redenoticiaz.com.br\/litoralsp\/#\/schema\/person\/0f0b8a5bdafefe82841e07ae8d81ecb3","name":"Leonardo Francisco","image":{"@type":"ImageObject","inLanguage":"pt-BR","@id":"https:\/\/secure.gravatar.com\/avatar\/a7358cb406a99b682ec6df1e77e31ae82e63601f6784e8a3df411d72b37864da?s=96&d=mm&r=g","url":"https:\/\/secure.gravatar.com\/avatar\/a7358cb406a99b682ec6df1e77e31ae82e63601f6784e8a3df411d72b37864da?s=96&d=mm&r=g","contentUrl":"https:\/\/secure.gravatar.com\/avatar\/a7358cb406a99b682ec6df1e77e31ae82e63601f6784e8a3df411d72b37864da?s=96&d=mm&r=g","caption":"Leonardo Francisco"},"url":"https:\/\/redenoticiaz.com.br\/litoralsp\/author\/leonardo-francisco"}]}},"_links":{"self":[{"href":"https:\/\/redenoticiaz.com.br\/litoralsp\/wp-json\/wp\/v2\/posts\/102753","targetHints":{"allow":["GET"]}}],"collection":[{"href":"https:\/\/redenoticiaz.com.br\/litoralsp\/wp-json\/wp\/v2\/posts"}],"about":[{"href":"https:\/\/redenoticiaz.com.br\/litoralsp\/wp-json\/wp\/v2\/types\/post"}],"author":[{"embeddable":true,"href":"https:\/\/redenoticiaz.com.br\/litoralsp\/wp-json\/wp\/v2\/users\/6"}],"replies":[{"embeddable":true,"href":"https:\/\/redenoticiaz.com.br\/litoralsp\/wp-json\/wp\/v2\/comments?post=102753"}],"version-history":[{"count":1,"href":"https:\/\/redenoticiaz.com.br\/litoralsp\/wp-json\/wp\/v2\/posts\/102753\/revisions"}],"predecessor-version":[{"id":102755,"href":"https:\/\/redenoticiaz.com.br\/litoralsp\/wp-json\/wp\/v2\/posts\/102753\/revisions\/102755"}],"wp:featuredmedia":[{"embeddable":true,"href":"https:\/\/redenoticiaz.com.br\/litoralsp\/wp-json\/wp\/v2\/media\/102754"}],"wp:attachment":[{"href":"https:\/\/redenoticiaz.com.br\/litoralsp\/wp-json\/wp\/v2\/media?parent=102753"}],"wp:term":[{"taxonomy":"category","embeddable":true,"href":"https:\/\/redenoticiaz.com.br\/litoralsp\/wp-json\/wp\/v2\/categories?post=102753"},{"taxonomy":"post_tag","embeddable":true,"href":"https:\/\/redenoticiaz.com.br\/litoralsp\/wp-json\/wp\/v2\/tags?post=102753"}],"curies":[{"name":"wp","href":"https:\/\/api.w.org\/{rel}","templated":true}]}}