{"id":102794,"date":"2023-03-21T08:38:44","date_gmt":"2023-03-21T11:38:44","guid":{"rendered":"https:\/\/redenoticiaz.com.br\/litoralsp\/?p=102794"},"modified":"2023-03-21T08:38:44","modified_gmt":"2023-03-21T11:38:44","slug":"assalto-durante-festa-em-bertioga-termina-com-bandido-morto","status":"publish","type":"post","link":"https:\/\/redenoticiaz.com.br\/litoralsp\/2023\/03\/21\/assalto-durante-festa-em-bertioga-termina-com-bandido-morto","title":{"rendered":"Assalto durante festa em Bertioga termina com bandido morto"},"content":{"rendered":"<div id=\"chunk-86hs6\">\n<div class=\"mc-column content-text active-extra-styles \" data-block-type=\"unstyled\" data-block-weight=\"69\" data-block-id=\"3\">\n<p class=\"content-text__container \" data-track-category=\"Link no Texto\" data-track-links=\"\">Tr\u00eas bandidos invadiram uma casa em Bertioga, enquanto ocorria uma festa. Houve confronto deles com o propriet\u00e1rio de 37 anos ap\u00f3s o an\u00fancio do assalto e um <strong>criminoso de 26 anos foi morto<\/strong> ao ser baleado no peito e o abd\u00f4men pelo dono da casa. Os outros dois acabaram fugindo.<\/p>\n<\/div>\n<\/div>\n<div class=\"wall protected-content\">\n<div id=\"chunk-de8hv\">\n<div class=\"mc-column content-text active-extra-styles \" data-block-type=\"unstyled\" data-block-weight=\"43\" data-block-id=\"4\">\n<p class=\"content-text__container \" data-track-category=\"Link no Texto\" data-track-links=\"\">Segundo a Pol\u00edcia Civil, o caso aconteceu no bairro S\u00e3o Jos\u00e9, pr\u00f3ximo da Rodovia C\u00f4nego Dom\u00eanico Rangoni, entre a noite de domingo (19) e madrugada de segunda-feira (20). Uma festa ocorria no local e segundo o Boletim de Ocorr\u00eancia (BO), o propriet\u00e1rio disse que a namorada, de 20 anos, sa\u00eda de moto da resid\u00eancia, quando foi abordada com uma arma apontada contra a cabe\u00e7a e for\u00e7ada a retornar.<\/p>\n<div id=\"chunk-9sl5v\">\n<div class=\"mc-column content-text active-extra-styles \" data-block-type=\"unstyled\" data-block-weight=\"52\" data-block-id=\"7\">\n<p class=\"content-text__container \" data-track-category=\"Link no Texto\" data-track-links=\"\">Ainda de acordo com o propriet\u00e1rio da casa, o trio invadiu o im\u00f3vel com a jovem e anunciou o assalto. O bandido de 26 anos decidiu abord\u00e1-lo e ambos entraram em luta corporal, quando a v\u00edtima conseguiu pegar a arma e atirou contra o criminoso, que morreu (leia mais ao final).<\/p>\n<\/div>\n<\/div>\n<div id=\"chunk-dpcqe\">\n<div class=\"mc-column content-text active-extra-styles \" data-block-type=\"unstyled\" data-block-weight=\"28\" data-block-id=\"8\">\n<p class=\"content-text__container \" data-track-category=\"Link no Texto\" data-track-links=\"\">Os outros dois tamb\u00e9m foram alvos de disparos, mas n\u00e3o foram atingidos e escaparam. O caso foi registrado como roubo e homic\u00eddio na Delegacia de Pol\u00edcia de Bertioga. Durante o levantamento de informa\u00e7\u00f5es para o BO os policiais constataram que havia um mandado de pris\u00e3o contra o criminoso baleado. O celular usado por ele e a arma do crime foram apreendidos e encaminhados \u00e0 per\u00edcia.<\/p>\n<p data-track-category=\"Link no Texto\" data-track-links=\"\">Tanto o propriet\u00e1rio da casa, como o bandido baleado foram atendidos pelo Corpo de Bombeiros, A v\u00edtima a tentativa de assalto teve ferimentos leves no cotovelo direito e n\u00e3o precisou de atendimento m\u00e9dico. Mas o criminoso foi encaminhado ao Hospital Regional de Bertioga, n\u00e3o resistiu e morreu na unidade.<\/p>\n<p data-track-category=\"Link no Texto\" data-track-links=\"\"><strong>LEIA TAMB\u00c9M<\/strong><\/p>\n<p data-track-category=\"Link no Texto\" data-track-links=\"\"><a href=\"https:\/\/redenoticiaz.com.br\/litoralsp\/2023\/03\/20\/adolescente-e-arrastado-por-correnteza-e-some-de-praia-do-guaruja\">Adolescente \u00e9 arrastado por correnteza e some de Praia do Guaruj\u00e1<\/a><\/p>\n<\/div>\n<\/div>\n<\/div>\n<\/div>\n<\/div>\n","protected":false},"excerpt":{"rendered":"<p>Tr\u00eas bandidos invadiram uma casa em Bertioga, enquanto ocorria uma festa. Houve confronto deles com o propriet\u00e1rio de 37 anos ap\u00f3s o an\u00fancio do assalto e um criminoso de 26 anos foi morto ao ser baleado no peito e o abd\u00f4men pelo dono da casa. Os outros dois acabaram fugindo. Segundo a Pol\u00edcia Civil, o &hellip;<\/p>\n","protected":false},"author":6,"featured_media":26013,"comment_status":"open","ping_status":"closed","sticky":false,"template":"","format":"standard","meta":{"footnotes":""},"categories":[1107,10],"tags":[64098,57277,1038,5316,27524,4773],"class_list":["post-102794","post","type-post","status-publish","format-standard","has-post-thumbnail","hentry","category-bertioga","category-policia","tag-bairro-sao-jose","tag-bandido-morto","tag-bertioga","tag-corpo-de-bombeiros","tag-festa","tag-policia-civil-2"],"yoast_head":"<!-- This site is optimized with the Yoast SEO plugin v27.5 - https:\/\/yoast.com\/product\/yoast-seo-wordpress\/ -->\n<title>Assalto durante festa em Bertioga termina com bandido morto - Litoral SP<\/title>\n<meta name=\"description\" content=\"uma casa em Bertioga, enquanto ocorria uma festa. Houve confronto deles com o propriet\u00e1rio de 37 anos ap\u00f3s o an\u00fancio do assalto\" \/>\n<meta name=\"robots\" content=\"index, follow, max-snippet:-1, max-image-preview:large, max-video-preview:-1\" \/>\n<link rel=\"canonical\" href=\"https:\/\/redenoticiaz.com.br\/litoralsp\/2023\/03\/21\/assalto-durante-festa-em-bertioga-termina-com-bandido-morto\" \/>\n<meta property=\"og:locale\" content=\"pt_BR\" \/>\n<meta property=\"og:type\" content=\"article\" \/>\n<meta property=\"og:title\" content=\"Assalto durante festa em Bertioga termina com bandido morto - Litoral SP\" \/>\n<meta property=\"og:description\" content=\"uma casa em Bertioga, enquanto ocorria uma festa. Houve confronto deles com o propriet\u00e1rio de 37 anos ap\u00f3s o an\u00fancio do assalto\" \/>\n<meta property=\"og:url\" content=\"https:\/\/redenoticiaz.com.br\/litoralsp\/2023\/03\/21\/assalto-durante-festa-em-bertioga-termina-com-bandido-morto\" \/>\n<meta property=\"og:site_name\" content=\"Litoral SP\" \/>\n<meta property=\"article:published_time\" content=\"2023-03-21T11:38:44+00:00\" \/>\n<meta property=\"og:image\" content=\"https:\/\/redenoticiaz.com.br\/litoralsp\/wp-content\/uploads\/sites\/3\/2022\/04\/delegacia-bertioga-03-cred-nair-bueno-dl-560600_1.jpg\" \/>\n\t<meta property=\"og:image:width\" content=\"900\" \/>\n\t<meta property=\"og:image:height\" content=\"415\" \/>\n\t<meta property=\"og:image:type\" content=\"image\/jpeg\" \/>\n<meta name=\"author\" content=\"Leonardo Francisco\" \/>\n<meta name=\"twitter:card\" content=\"summary_large_image\" \/>\n<meta name=\"twitter:label1\" content=\"Escrito por\" \/>\n\t<meta name=\"twitter:data1\" content=\"Leonardo Francisco\" \/>\n\t<meta name=\"twitter:label2\" content=\"Est. tempo de leitura\" \/>\n\t<meta name=\"twitter:data2\" content=\"2 minutos\" \/>\n<script type=\"application\/ld+json\" class=\"yoast-schema-graph\">{\"@context\":\"https:\\\/\\\/schema.org\",\"@graph\":[{\"@type\":\"Article\",\"@id\":\"https:\\\/\\\/redenoticiaz.com.br\\\/litoralsp\\\/2023\\\/03\\\/21\\\/assalto-durante-festa-em-bertioga-termina-com-bandido-morto#article\",\"isPartOf\":{\"@id\":\"https:\\\/\\\/redenoticiaz.com.br\\\/litoralsp\\\/2023\\\/03\\\/21\\\/assalto-durante-festa-em-bertioga-termina-com-bandido-morto\"},\"author\":{\"name\":\"Leonardo Francisco\",\"@id\":\"https:\\\/\\\/redenoticiaz.com.br\\\/litoralsp\\\/#\\\/schema\\\/person\\\/0f0b8a5bdafefe82841e07ae8d81ecb3\"},\"headline\":\"Assalto durante festa em Bertioga termina com bandido morto\",\"datePublished\":\"2023-03-21T11:38:44+00:00\",\"mainEntityOfPage\":{\"@id\":\"https:\\\/\\\/redenoticiaz.com.br\\\/litoralsp\\\/2023\\\/03\\\/21\\\/assalto-durante-festa-em-bertioga-termina-com-bandido-morto\"},\"wordCount\":330,\"commentCount\":0,\"publisher\":{\"@id\":\"https:\\\/\\\/redenoticiaz.com.br\\\/litoralsp\\\/#organization\"},\"image\":{\"@id\":\"https:\\\/\\\/redenoticiaz.com.br\\\/litoralsp\\\/2023\\\/03\\\/21\\\/assalto-durante-festa-em-bertioga-termina-com-bandido-morto#primaryimage\"},\"thumbnailUrl\":\"https:\\\/\\\/redenoticiaz.com.br\\\/litoralsp\\\/wp-content\\\/uploads\\\/sites\\\/3\\\/2022\\\/04\\\/delegacia-bertioga-03-cred-nair-bueno-dl-560600_1.jpg\",\"keywords\":[\"BAIRRO S\u00c3O JOS\u00c9\",\"BANDIDO MORTO\",\"BERTIOGA\",\"CORPO DE BOMBEIROS\",\"FESTA\",\"POL\u00cdCIA CIVIL\"],\"articleSection\":[\"Bertioga\",\"Pol\u00edcia\"],\"inLanguage\":\"pt-BR\",\"potentialAction\":[{\"@type\":\"CommentAction\",\"name\":\"Comment\",\"target\":[\"https:\\\/\\\/redenoticiaz.com.br\\\/litoralsp\\\/2023\\\/03\\\/21\\\/assalto-durante-festa-em-bertioga-termina-com-bandido-morto#respond\"]}]},{\"@type\":\"WebPage\",\"@id\":\"https:\\\/\\\/redenoticiaz.com.br\\\/litoralsp\\\/2023\\\/03\\\/21\\\/assalto-durante-festa-em-bertioga-termina-com-bandido-morto\",\"url\":\"https:\\\/\\\/redenoticiaz.com.br\\\/litoralsp\\\/2023\\\/03\\\/21\\\/assalto-durante-festa-em-bertioga-termina-com-bandido-morto\",\"name\":\"Assalto durante festa em Bertioga termina com bandido morto - Litoral SP\",\"isPartOf\":{\"@id\":\"https:\\\/\\\/redenoticiaz.com.br\\\/litoralsp\\\/#website\"},\"primaryImageOfPage\":{\"@id\":\"https:\\\/\\\/redenoticiaz.com.br\\\/litoralsp\\\/2023\\\/03\\\/21\\\/assalto-durante-festa-em-bertioga-termina-com-bandido-morto#primaryimage\"},\"image\":{\"@id\":\"https:\\\/\\\/redenoticiaz.com.br\\\/litoralsp\\\/2023\\\/03\\\/21\\\/assalto-durante-festa-em-bertioga-termina-com-bandido-morto#primaryimage\"},\"thumbnailUrl\":\"https:\\\/\\\/redenoticiaz.com.br\\\/litoralsp\\\/wp-content\\\/uploads\\\/sites\\\/3\\\/2022\\\/04\\\/delegacia-bertioga-03-cred-nair-bueno-dl-560600_1.jpg\",\"datePublished\":\"2023-03-21T11:38:44+00:00\",\"description\":\"uma casa em Bertioga, enquanto ocorria uma festa. Houve confronto deles com o propriet\u00e1rio de 37 anos ap\u00f3s o an\u00fancio do assalto\",\"inLanguage\":\"pt-BR\",\"potentialAction\":[{\"@type\":\"ReadAction\",\"target\":[\"https:\\\/\\\/redenoticiaz.com.br\\\/litoralsp\\\/2023\\\/03\\\/21\\\/assalto-durante-festa-em-bertioga-termina-com-bandido-morto\"]}]},{\"@type\":\"ImageObject\",\"inLanguage\":\"pt-BR\",\"@id\":\"https:\\\/\\\/redenoticiaz.com.br\\\/litoralsp\\\/2023\\\/03\\\/21\\\/assalto-durante-festa-em-bertioga-termina-com-bandido-morto#primaryimage\",\"url\":\"https:\\\/\\\/redenoticiaz.com.br\\\/litoralsp\\\/wp-content\\\/uploads\\\/sites\\\/3\\\/2022\\\/04\\\/delegacia-bertioga-03-cred-nair-bueno-dl-560600_1.jpg\",\"contentUrl\":\"https:\\\/\\\/redenoticiaz.com.br\\\/litoralsp\\\/wp-content\\\/uploads\\\/sites\\\/3\\\/2022\\\/04\\\/delegacia-bertioga-03-cred-nair-bueno-dl-560600_1.jpg\",\"width\":900,\"height\":415,\"caption\":\"Cr\u00e9ditos: Reprodu\u00e7\u00e3o.\"},{\"@type\":\"WebSite\",\"@id\":\"https:\\\/\\\/redenoticiaz.com.br\\\/litoralsp\\\/#website\",\"url\":\"https:\\\/\\\/redenoticiaz.com.br\\\/litoralsp\\\/\",\"name\":\"Litoral SP\",\"description\":\"Rede NoticiaZ\",\"publisher\":{\"@id\":\"https:\\\/\\\/redenoticiaz.com.br\\\/litoralsp\\\/#organization\"},\"potentialAction\":[{\"@type\":\"SearchAction\",\"target\":{\"@type\":\"EntryPoint\",\"urlTemplate\":\"https:\\\/\\\/redenoticiaz.com.br\\\/litoralsp\\\/?s={search_term_string}\"},\"query-input\":{\"@type\":\"PropertyValueSpecification\",\"valueRequired\":true,\"valueName\":\"search_term_string\"}}],\"inLanguage\":\"pt-BR\"},{\"@type\":\"Organization\",\"@id\":\"https:\\\/\\\/redenoticiaz.com.br\\\/litoralsp\\\/#organization\",\"name\":\"Litoral SP\",\"url\":\"https:\\\/\\\/redenoticiaz.com.br\\\/litoralsp\\\/\",\"logo\":{\"@type\":\"ImageObject\",\"inLanguage\":\"pt-BR\",\"@id\":\"https:\\\/\\\/redenoticiaz.com.br\\\/litoralsp\\\/#\\\/schema\\\/logo\\\/image\\\/\",\"url\":\"https:\\\/\\\/redenoticiaz.com.br\\\/litoralsp\\\/wp-content\\\/uploads\\\/sites\\\/3\\\/2020\\\/11\\\/logo.jpg\",\"contentUrl\":\"https:\\\/\\\/redenoticiaz.com.br\\\/litoralsp\\\/wp-content\\\/uploads\\\/sites\\\/3\\\/2020\\\/11\\\/logo.jpg\",\"width\":400,\"height\":250,\"caption\":\"Litoral SP\"},\"image\":{\"@id\":\"https:\\\/\\\/redenoticiaz.com.br\\\/litoralsp\\\/#\\\/schema\\\/logo\\\/image\\\/\"}},{\"@type\":\"Person\",\"@id\":\"https:\\\/\\\/redenoticiaz.com.br\\\/litoralsp\\\/#\\\/schema\\\/person\\\/0f0b8a5bdafefe82841e07ae8d81ecb3\",\"name\":\"Leonardo Francisco\",\"image\":{\"@type\":\"ImageObject\",\"inLanguage\":\"pt-BR\",\"@id\":\"https:\\\/\\\/secure.gravatar.com\\\/avatar\\\/a7358cb406a99b682ec6df1e77e31ae82e63601f6784e8a3df411d72b37864da?s=96&d=mm&r=g\",\"url\":\"https:\\\/\\\/secure.gravatar.com\\\/avatar\\\/a7358cb406a99b682ec6df1e77e31ae82e63601f6784e8a3df411d72b37864da?s=96&d=mm&r=g\",\"contentUrl\":\"https:\\\/\\\/secure.gravatar.com\\\/avatar\\\/a7358cb406a99b682ec6df1e77e31ae82e63601f6784e8a3df411d72b37864da?s=96&d=mm&r=g\",\"caption\":\"Leonardo Francisco\"},\"url\":\"https:\\\/\\\/redenoticiaz.com.br\\\/litoralsp\\\/author\\\/leonardo-francisco\"}]}<\/script>\n<!-- \/ Yoast SEO plugin. -->","yoast_head_json":{"title":"Assalto durante festa em Bertioga termina com bandido morto - Litoral SP","description":"uma casa em Bertioga, enquanto ocorria uma festa. Houve confronto deles com o propriet\u00e1rio de 37 anos ap\u00f3s o an\u00fancio do assalto","robots":{"index":"index","follow":"follow","max-snippet":"max-snippet:-1","max-image-preview":"max-image-preview:large","max-video-preview":"max-video-preview:-1"},"canonical":"https:\/\/redenoticiaz.com.br\/litoralsp\/2023\/03\/21\/assalto-durante-festa-em-bertioga-termina-com-bandido-morto","og_locale":"pt_BR","og_type":"article","og_title":"Assalto durante festa em Bertioga termina com bandido morto - Litoral SP","og_description":"uma casa em Bertioga, enquanto ocorria uma festa. Houve confronto deles com o propriet\u00e1rio de 37 anos ap\u00f3s o an\u00fancio do assalto","og_url":"https:\/\/redenoticiaz.com.br\/litoralsp\/2023\/03\/21\/assalto-durante-festa-em-bertioga-termina-com-bandido-morto","og_site_name":"Litoral SP","article_published_time":"2023-03-21T11:38:44+00:00","og_image":[{"width":900,"height":415,"url":"https:\/\/redenoticiaz.com.br\/litoralsp\/wp-content\/uploads\/sites\/3\/2022\/04\/delegacia-bertioga-03-cred-nair-bueno-dl-560600_1.jpg","type":"image\/jpeg"}],"author":"Leonardo Francisco","twitter_card":"summary_large_image","twitter_misc":{"Escrito por":"Leonardo Francisco","Est. tempo de leitura":"2 minutos"},"schema":{"@context":"https:\/\/schema.org","@graph":[{"@type":"Article","@id":"https:\/\/redenoticiaz.com.br\/litoralsp\/2023\/03\/21\/assalto-durante-festa-em-bertioga-termina-com-bandido-morto#article","isPartOf":{"@id":"https:\/\/redenoticiaz.com.br\/litoralsp\/2023\/03\/21\/assalto-durante-festa-em-bertioga-termina-com-bandido-morto"},"author":{"name":"Leonardo Francisco","@id":"https:\/\/redenoticiaz.com.br\/litoralsp\/#\/schema\/person\/0f0b8a5bdafefe82841e07ae8d81ecb3"},"headline":"Assalto durante festa em Bertioga termina com bandido morto","datePublished":"2023-03-21T11:38:44+00:00","mainEntityOfPage":{"@id":"https:\/\/redenoticiaz.com.br\/litoralsp\/2023\/03\/21\/assalto-durante-festa-em-bertioga-termina-com-bandido-morto"},"wordCount":330,"commentCount":0,"publisher":{"@id":"https:\/\/redenoticiaz.com.br\/litoralsp\/#organization"},"image":{"@id":"https:\/\/redenoticiaz.com.br\/litoralsp\/2023\/03\/21\/assalto-durante-festa-em-bertioga-termina-com-bandido-morto#primaryimage"},"thumbnailUrl":"https:\/\/redenoticiaz.com.br\/litoralsp\/wp-content\/uploads\/sites\/3\/2022\/04\/delegacia-bertioga-03-cred-nair-bueno-dl-560600_1.jpg","keywords":["BAIRRO S\u00c3O JOS\u00c9","BANDIDO MORTO","BERTIOGA","CORPO DE BOMBEIROS","FESTA","POL\u00cdCIA CIVIL"],"articleSection":["Bertioga","Pol\u00edcia"],"inLanguage":"pt-BR","potentialAction":[{"@type":"CommentAction","name":"Comment","target":["https:\/\/redenoticiaz.com.br\/litoralsp\/2023\/03\/21\/assalto-durante-festa-em-bertioga-termina-com-bandido-morto#respond"]}]},{"@type":"WebPage","@id":"https:\/\/redenoticiaz.com.br\/litoralsp\/2023\/03\/21\/assalto-durante-festa-em-bertioga-termina-com-bandido-morto","url":"https:\/\/redenoticiaz.com.br\/litoralsp\/2023\/03\/21\/assalto-durante-festa-em-bertioga-termina-com-bandido-morto","name":"Assalto durante festa em Bertioga termina com bandido morto - Litoral SP","isPartOf":{"@id":"https:\/\/redenoticiaz.com.br\/litoralsp\/#website"},"primaryImageOfPage":{"@id":"https:\/\/redenoticiaz.com.br\/litoralsp\/2023\/03\/21\/assalto-durante-festa-em-bertioga-termina-com-bandido-morto#primaryimage"},"image":{"@id":"https:\/\/redenoticiaz.com.br\/litoralsp\/2023\/03\/21\/assalto-durante-festa-em-bertioga-termina-com-bandido-morto#primaryimage"},"thumbnailUrl":"https:\/\/redenoticiaz.com.br\/litoralsp\/wp-content\/uploads\/sites\/3\/2022\/04\/delegacia-bertioga-03-cred-nair-bueno-dl-560600_1.jpg","datePublished":"2023-03-21T11:38:44+00:00","description":"uma casa em Bertioga, enquanto ocorria uma festa. Houve confronto deles com o propriet\u00e1rio de 37 anos ap\u00f3s o an\u00fancio do assalto","inLanguage":"pt-BR","potentialAction":[{"@type":"ReadAction","target":["https:\/\/redenoticiaz.com.br\/litoralsp\/2023\/03\/21\/assalto-durante-festa-em-bertioga-termina-com-bandido-morto"]}]},{"@type":"ImageObject","inLanguage":"pt-BR","@id":"https:\/\/redenoticiaz.com.br\/litoralsp\/2023\/03\/21\/assalto-durante-festa-em-bertioga-termina-com-bandido-morto#primaryimage","url":"https:\/\/redenoticiaz.com.br\/litoralsp\/wp-content\/uploads\/sites\/3\/2022\/04\/delegacia-bertioga-03-cred-nair-bueno-dl-560600_1.jpg","contentUrl":"https:\/\/redenoticiaz.com.br\/litoralsp\/wp-content\/uploads\/sites\/3\/2022\/04\/delegacia-bertioga-03-cred-nair-bueno-dl-560600_1.jpg","width":900,"height":415,"caption":"Cr\u00e9ditos: Reprodu\u00e7\u00e3o."},{"@type":"WebSite","@id":"https:\/\/redenoticiaz.com.br\/litoralsp\/#website","url":"https:\/\/redenoticiaz.com.br\/litoralsp\/","name":"Litoral SP","description":"Rede NoticiaZ","publisher":{"@id":"https:\/\/redenoticiaz.com.br\/litoralsp\/#organization"},"potentialAction":[{"@type":"SearchAction","target":{"@type":"EntryPoint","urlTemplate":"https:\/\/redenoticiaz.com.br\/litoralsp\/?s={search_term_string}"},"query-input":{"@type":"PropertyValueSpecification","valueRequired":true,"valueName":"search_term_string"}}],"inLanguage":"pt-BR"},{"@type":"Organization","@id":"https:\/\/redenoticiaz.com.br\/litoralsp\/#organization","name":"Litoral SP","url":"https:\/\/redenoticiaz.com.br\/litoralsp\/","logo":{"@type":"ImageObject","inLanguage":"pt-BR","@id":"https:\/\/redenoticiaz.com.br\/litoralsp\/#\/schema\/logo\/image\/","url":"https:\/\/redenoticiaz.com.br\/litoralsp\/wp-content\/uploads\/sites\/3\/2020\/11\/logo.jpg","contentUrl":"https:\/\/redenoticiaz.com.br\/litoralsp\/wp-content\/uploads\/sites\/3\/2020\/11\/logo.jpg","width":400,"height":250,"caption":"Litoral SP"},"image":{"@id":"https:\/\/redenoticiaz.com.br\/litoralsp\/#\/schema\/logo\/image\/"}},{"@type":"Person","@id":"https:\/\/redenoticiaz.com.br\/litoralsp\/#\/schema\/person\/0f0b8a5bdafefe82841e07ae8d81ecb3","name":"Leonardo Francisco","image":{"@type":"ImageObject","inLanguage":"pt-BR","@id":"https:\/\/secure.gravatar.com\/avatar\/a7358cb406a99b682ec6df1e77e31ae82e63601f6784e8a3df411d72b37864da?s=96&d=mm&r=g","url":"https:\/\/secure.gravatar.com\/avatar\/a7358cb406a99b682ec6df1e77e31ae82e63601f6784e8a3df411d72b37864da?s=96&d=mm&r=g","contentUrl":"https:\/\/secure.gravatar.com\/avatar\/a7358cb406a99b682ec6df1e77e31ae82e63601f6784e8a3df411d72b37864da?s=96&d=mm&r=g","caption":"Leonardo Francisco"},"url":"https:\/\/redenoticiaz.com.br\/litoralsp\/author\/leonardo-francisco"}]}},"_links":{"self":[{"href":"https:\/\/redenoticiaz.com.br\/litoralsp\/wp-json\/wp\/v2\/posts\/102794","targetHints":{"allow":["GET"]}}],"collection":[{"href":"https:\/\/redenoticiaz.com.br\/litoralsp\/wp-json\/wp\/v2\/posts"}],"about":[{"href":"https:\/\/redenoticiaz.com.br\/litoralsp\/wp-json\/wp\/v2\/types\/post"}],"author":[{"embeddable":true,"href":"https:\/\/redenoticiaz.com.br\/litoralsp\/wp-json\/wp\/v2\/users\/6"}],"replies":[{"embeddable":true,"href":"https:\/\/redenoticiaz.com.br\/litoralsp\/wp-json\/wp\/v2\/comments?post=102794"}],"version-history":[{"count":1,"href":"https:\/\/redenoticiaz.com.br\/litoralsp\/wp-json\/wp\/v2\/posts\/102794\/revisions"}],"predecessor-version":[{"id":102795,"href":"https:\/\/redenoticiaz.com.br\/litoralsp\/wp-json\/wp\/v2\/posts\/102794\/revisions\/102795"}],"wp:featuredmedia":[{"embeddable":true,"href":"https:\/\/redenoticiaz.com.br\/litoralsp\/wp-json\/wp\/v2\/media\/26013"}],"wp:attachment":[{"href":"https:\/\/redenoticiaz.com.br\/litoralsp\/wp-json\/wp\/v2\/media?parent=102794"}],"wp:term":[{"taxonomy":"category","embeddable":true,"href":"https:\/\/redenoticiaz.com.br\/litoralsp\/wp-json\/wp\/v2\/categories?post=102794"},{"taxonomy":"post_tag","embeddable":true,"href":"https:\/\/redenoticiaz.com.br\/litoralsp\/wp-json\/wp\/v2\/tags?post=102794"}],"curies":[{"name":"wp","href":"https:\/\/api.w.org\/{rel}","templated":true}]}}