{"id":102834,"date":"2023-03-21T15:46:11","date_gmt":"2023-03-21T18:46:11","guid":{"rendered":"https:\/\/redenoticiaz.com.br\/litoralsp\/?p=102834"},"modified":"2023-03-21T15:46:11","modified_gmt":"2023-03-21T18:46:11","slug":"mulher-perde-casa-com-tudo-dentro-depois-de-incendio-em-bertioga","status":"publish","type":"post","link":"https:\/\/redenoticiaz.com.br\/litoralsp\/2023\/03\/21\/mulher-perde-casa-com-tudo-dentro-depois-de-incendio-em-bertioga","title":{"rendered":"Mulher perde casa com tudo dentro depois de inc\u00eandio em Bertioga"},"content":{"rendered":"<div id=\"chunk-dt72b\">\n<div class=\"mc-column content-text active-extra-styles \" data-block-type=\"unstyled\" data-block-weight=\"92\" data-block-id=\"3\">\n<p data-track-category=\"Link no Texto\" data-track-links=\"\">Uma mulher perdeu sua casa com tudo dentro depois de um inc\u00eandio em Bertioga nesta \u00faltima sexta-feira (17).<\/p>\n<p data-track-category=\"Link no Texto\" data-track-links=\"\">De acordo com as informa\u00e7\u00f5es, Sinara Santos, de 29 anos, afirma que na data do inc\u00eandio, tinha acabado de ganhar alguns m\u00f3veis.<\/p>\n<p data-track-category=\"Link no Texto\" data-track-links=\"\">Ainda de acordo com a v\u00edtima, um amigo de seu ex teria visto os novos m\u00f3veis, entrado na casa e ateado fogo na cama, que alastrou para toda casa.<\/p>\n<p data-track-category=\"Link no Texto\" data-track-links=\"\">Sendo assim, ela acredita que o teria ficado nervoso ap\u00f3s ser notificado dias antes sobre uma medida protetiva, que o impediria de chegar pr\u00f3ximo de seus filhos.<\/p>\n<p data-track-category=\"Link no Texto\" data-track-links=\"\">Eles estavam juntos h\u00e1 sete anos e h\u00e1 tr\u00eas, teria comprado a casa, no bairro Vila Itapanha\u00fa. Ap\u00f3s o fim do relacionamento, ela afirma que o ex n\u00e3o &#8220;a deixava em paz&#8221;.<\/p>\n<p data-track-category=\"Link no Texto\" data-track-links=\"\">Por fim, a v\u00edtima ainda afirmou que o seu ex-companheiro \u00e9 usu\u00e1rio de drogas e sempre causou transtorno em casa.<\/p>\n<\/div>\n<\/div>\n<div class=\"wall protected-content\">\n<div id=\"chunk-3er8m\">\n<div class=\"mc-column content-text active-extra-styles \" data-block-type=\"unstyled\" data-block-weight=\"47\" data-block-id=\"4\">\n<div id=\"chunk-7ckeh\">\n<div class=\"mc-column content-text active-extra-styles \" data-block-type=\"unstyled\" data-block-weight=\"57\" data-block-id=\"8\">\n<p class=\"content-text__container \" data-track-category=\"Link no Texto\" data-track-links=\"\">O caso est\u00e1 sendo investigado, e tanto Sinaria quanto seus filhos, est\u00e3o morando com seus pais.<\/p>\n<\/div>\n<p data-track-category=\"Link no Texto\" data-track-links=\"\"><strong>Leia mais<\/strong><\/p>\n<p data-track-category=\"Link no Texto\" data-track-links=\"\"><a href=\"https:\/\/redenoticiaz.com.br\/litoralsp\/2023\/03\/21\/assalto-durante-festa-em-bertioga-termina-com-bandido-morto\">Assalto durante festa em Bertioga termina com bandido morto<\/a><\/p>\n<\/div>\n<\/div>\n<\/div>\n<\/div>\n","protected":false},"excerpt":{"rendered":"<p>Uma mulher perdeu sua casa com tudo dentro depois de um inc\u00eandio em Bertioga nesta \u00faltima sexta-feira (17). De acordo com as informa\u00e7\u00f5es, Sinara Santos, de 29 anos, afirma que na data do inc\u00eandio, tinha acabado de ganhar alguns m\u00f3veis. Ainda de acordo com a v\u00edtima, um amigo de seu ex teria visto os novos &hellip;<\/p>\n","protected":false},"author":12,"featured_media":102835,"comment_status":"open","ping_status":"closed","sticky":false,"template":"","format":"standard","meta":{"footnotes":""},"categories":[1],"tags":[1038,4039,64112],"class_list":["post-102834","post","type-post","status-publish","format-standard","has-post-thumbnail","hentry","category-sem","tag-bertioga","tag-incendio","tag-mulher-perde-tudo"],"yoast_head":"<!-- This site is optimized with the Yoast SEO plugin v27.5 - https:\/\/yoast.com\/product\/yoast-seo-wordpress\/ -->\n<title>Mulher perde casa com tudo dentro depois de inc\u00eandio em Bertioga - Litoral SP<\/title>\n<meta name=\"description\" content=\"Uma mulher perdeu sua casa com tudo dentro depois de um inc\u00eandio em Bertioga nesta \u00faltima sexta-feira (17).\" \/>\n<meta name=\"robots\" content=\"index, follow, max-snippet:-1, max-image-preview:large, max-video-preview:-1\" \/>\n<link rel=\"canonical\" href=\"https:\/\/redenoticiaz.com.br\/litoralsp\/2023\/03\/21\/mulher-perde-casa-com-tudo-dentro-depois-de-incendio-em-bertioga\" \/>\n<meta property=\"og:locale\" content=\"pt_BR\" \/>\n<meta property=\"og:type\" content=\"article\" \/>\n<meta property=\"og:title\" content=\"Mulher perde casa com tudo dentro depois de inc\u00eandio em Bertioga - Litoral SP\" \/>\n<meta property=\"og:description\" content=\"Uma mulher perdeu sua casa com tudo dentro depois de um inc\u00eandio em Bertioga nesta \u00faltima sexta-feira (17).\" \/>\n<meta property=\"og:url\" content=\"https:\/\/redenoticiaz.com.br\/litoralsp\/2023\/03\/21\/mulher-perde-casa-com-tudo-dentro-depois-de-incendio-em-bertioga\" \/>\n<meta property=\"og:site_name\" content=\"Litoral SP\" \/>\n<meta property=\"article:published_time\" content=\"2023-03-21T18:46:11+00:00\" \/>\n<meta property=\"og:image\" content=\"https:\/\/redenoticiaz.com.br\/litoralsp\/wp-content\/uploads\/sites\/3\/2023\/03\/incendio2.jpg\" \/>\n\t<meta property=\"og:image:width\" content=\"1000\" \/>\n\t<meta property=\"og:image:height\" content=\"535\" \/>\n\t<meta property=\"og:image:type\" content=\"image\/jpeg\" \/>\n<meta name=\"author\" content=\"Gustavo Silva\" \/>\n<meta name=\"twitter:card\" content=\"summary_large_image\" \/>\n<meta name=\"twitter:label1\" content=\"Escrito por\" \/>\n\t<meta name=\"twitter:data1\" content=\"Gustavo Silva\" \/>\n\t<meta name=\"twitter:label2\" content=\"Est. tempo de leitura\" \/>\n\t<meta name=\"twitter:data2\" content=\"1 minuto\" \/>\n<script type=\"application\/ld+json\" class=\"yoast-schema-graph\">{\"@context\":\"https:\\\/\\\/schema.org\",\"@graph\":[{\"@type\":\"Article\",\"@id\":\"https:\\\/\\\/redenoticiaz.com.br\\\/litoralsp\\\/2023\\\/03\\\/21\\\/mulher-perde-casa-com-tudo-dentro-depois-de-incendio-em-bertioga#article\",\"isPartOf\":{\"@id\":\"https:\\\/\\\/redenoticiaz.com.br\\\/litoralsp\\\/2023\\\/03\\\/21\\\/mulher-perde-casa-com-tudo-dentro-depois-de-incendio-em-bertioga\"},\"author\":{\"name\":\"Gustavo Silva\",\"@id\":\"https:\\\/\\\/redenoticiaz.com.br\\\/litoralsp\\\/#\\\/schema\\\/person\\\/16057b37a3c0ee6b096d7f887c566e2e\"},\"headline\":\"Mulher perde casa com tudo dentro depois de inc\u00eandio em Bertioga\",\"datePublished\":\"2023-03-21T18:46:11+00:00\",\"mainEntityOfPage\":{\"@id\":\"https:\\\/\\\/redenoticiaz.com.br\\\/litoralsp\\\/2023\\\/03\\\/21\\\/mulher-perde-casa-com-tudo-dentro-depois-de-incendio-em-bertioga\"},\"wordCount\":198,\"commentCount\":0,\"publisher\":{\"@id\":\"https:\\\/\\\/redenoticiaz.com.br\\\/litoralsp\\\/#organization\"},\"image\":{\"@id\":\"https:\\\/\\\/redenoticiaz.com.br\\\/litoralsp\\\/2023\\\/03\\\/21\\\/mulher-perde-casa-com-tudo-dentro-depois-de-incendio-em-bertioga#primaryimage\"},\"thumbnailUrl\":\"https:\\\/\\\/redenoticiaz.com.br\\\/litoralsp\\\/wp-content\\\/uploads\\\/sites\\\/3\\\/2023\\\/03\\\/incendio2.jpg\",\"keywords\":[\"BERTIOGA\",\"inc\u00eandio\",\"mulher perde tudo\"],\"articleSection\":[\"sem\"],\"inLanguage\":\"pt-BR\",\"potentialAction\":[{\"@type\":\"CommentAction\",\"name\":\"Comment\",\"target\":[\"https:\\\/\\\/redenoticiaz.com.br\\\/litoralsp\\\/2023\\\/03\\\/21\\\/mulher-perde-casa-com-tudo-dentro-depois-de-incendio-em-bertioga#respond\"]}]},{\"@type\":\"WebPage\",\"@id\":\"https:\\\/\\\/redenoticiaz.com.br\\\/litoralsp\\\/2023\\\/03\\\/21\\\/mulher-perde-casa-com-tudo-dentro-depois-de-incendio-em-bertioga\",\"url\":\"https:\\\/\\\/redenoticiaz.com.br\\\/litoralsp\\\/2023\\\/03\\\/21\\\/mulher-perde-casa-com-tudo-dentro-depois-de-incendio-em-bertioga\",\"name\":\"Mulher perde casa com tudo dentro depois de inc\u00eandio em Bertioga - Litoral SP\",\"isPartOf\":{\"@id\":\"https:\\\/\\\/redenoticiaz.com.br\\\/litoralsp\\\/#website\"},\"primaryImageOfPage\":{\"@id\":\"https:\\\/\\\/redenoticiaz.com.br\\\/litoralsp\\\/2023\\\/03\\\/21\\\/mulher-perde-casa-com-tudo-dentro-depois-de-incendio-em-bertioga#primaryimage\"},\"image\":{\"@id\":\"https:\\\/\\\/redenoticiaz.com.br\\\/litoralsp\\\/2023\\\/03\\\/21\\\/mulher-perde-casa-com-tudo-dentro-depois-de-incendio-em-bertioga#primaryimage\"},\"thumbnailUrl\":\"https:\\\/\\\/redenoticiaz.com.br\\\/litoralsp\\\/wp-content\\\/uploads\\\/sites\\\/3\\\/2023\\\/03\\\/incendio2.jpg\",\"datePublished\":\"2023-03-21T18:46:11+00:00\",\"description\":\"Uma mulher perdeu sua casa com tudo dentro depois de um inc\u00eandio em Bertioga nesta \u00faltima sexta-feira (17).\",\"inLanguage\":\"pt-BR\",\"potentialAction\":[{\"@type\":\"ReadAction\",\"target\":[\"https:\\\/\\\/redenoticiaz.com.br\\\/litoralsp\\\/2023\\\/03\\\/21\\\/mulher-perde-casa-com-tudo-dentro-depois-de-incendio-em-bertioga\"]}]},{\"@type\":\"ImageObject\",\"inLanguage\":\"pt-BR\",\"@id\":\"https:\\\/\\\/redenoticiaz.com.br\\\/litoralsp\\\/2023\\\/03\\\/21\\\/mulher-perde-casa-com-tudo-dentro-depois-de-incendio-em-bertioga#primaryimage\",\"url\":\"https:\\\/\\\/redenoticiaz.com.br\\\/litoralsp\\\/wp-content\\\/uploads\\\/sites\\\/3\\\/2023\\\/03\\\/incendio2.jpg\",\"contentUrl\":\"https:\\\/\\\/redenoticiaz.com.br\\\/litoralsp\\\/wp-content\\\/uploads\\\/sites\\\/3\\\/2023\\\/03\\\/incendio2.jpg\",\"width\":1000,\"height\":535,\"caption\":\"Mulher perde casa com tudo dentro depois de inc\u00eandio em Bertioga\"},{\"@type\":\"WebSite\",\"@id\":\"https:\\\/\\\/redenoticiaz.com.br\\\/litoralsp\\\/#website\",\"url\":\"https:\\\/\\\/redenoticiaz.com.br\\\/litoralsp\\\/\",\"name\":\"Litoral SP\",\"description\":\"Rede NoticiaZ\",\"publisher\":{\"@id\":\"https:\\\/\\\/redenoticiaz.com.br\\\/litoralsp\\\/#organization\"},\"potentialAction\":[{\"@type\":\"SearchAction\",\"target\":{\"@type\":\"EntryPoint\",\"urlTemplate\":\"https:\\\/\\\/redenoticiaz.com.br\\\/litoralsp\\\/?s={search_term_string}\"},\"query-input\":{\"@type\":\"PropertyValueSpecification\",\"valueRequired\":true,\"valueName\":\"search_term_string\"}}],\"inLanguage\":\"pt-BR\"},{\"@type\":\"Organization\",\"@id\":\"https:\\\/\\\/redenoticiaz.com.br\\\/litoralsp\\\/#organization\",\"name\":\"Litoral SP\",\"url\":\"https:\\\/\\\/redenoticiaz.com.br\\\/litoralsp\\\/\",\"logo\":{\"@type\":\"ImageObject\",\"inLanguage\":\"pt-BR\",\"@id\":\"https:\\\/\\\/redenoticiaz.com.br\\\/litoralsp\\\/#\\\/schema\\\/logo\\\/image\\\/\",\"url\":\"https:\\\/\\\/redenoticiaz.com.br\\\/litoralsp\\\/wp-content\\\/uploads\\\/sites\\\/3\\\/2020\\\/11\\\/logo.jpg\",\"contentUrl\":\"https:\\\/\\\/redenoticiaz.com.br\\\/litoralsp\\\/wp-content\\\/uploads\\\/sites\\\/3\\\/2020\\\/11\\\/logo.jpg\",\"width\":400,\"height\":250,\"caption\":\"Litoral SP\"},\"image\":{\"@id\":\"https:\\\/\\\/redenoticiaz.com.br\\\/litoralsp\\\/#\\\/schema\\\/logo\\\/image\\\/\"}},{\"@type\":\"Person\",\"@id\":\"https:\\\/\\\/redenoticiaz.com.br\\\/litoralsp\\\/#\\\/schema\\\/person\\\/16057b37a3c0ee6b096d7f887c566e2e\",\"name\":\"Gustavo Silva\",\"image\":{\"@type\":\"ImageObject\",\"inLanguage\":\"pt-BR\",\"@id\":\"https:\\\/\\\/secure.gravatar.com\\\/avatar\\\/3ee4e82f93b26de0a7cf4ea5eb7893da637ed6bb0c9170c58065944c56e28a33?s=96&d=mm&r=g\",\"url\":\"https:\\\/\\\/secure.gravatar.com\\\/avatar\\\/3ee4e82f93b26de0a7cf4ea5eb7893da637ed6bb0c9170c58065944c56e28a33?s=96&d=mm&r=g\",\"contentUrl\":\"https:\\\/\\\/secure.gravatar.com\\\/avatar\\\/3ee4e82f93b26de0a7cf4ea5eb7893da637ed6bb0c9170c58065944c56e28a33?s=96&d=mm&r=g\",\"caption\":\"Gustavo Silva\"},\"url\":\"https:\\\/\\\/redenoticiaz.com.br\\\/litoralsp\\\/author\\\/gustavosilva\"}]}<\/script>\n<!-- \/ Yoast SEO plugin. -->","yoast_head_json":{"title":"Mulher perde casa com tudo dentro depois de inc\u00eandio em Bertioga - Litoral SP","description":"Uma mulher perdeu sua casa com tudo dentro depois de um inc\u00eandio em Bertioga nesta \u00faltima sexta-feira (17).","robots":{"index":"index","follow":"follow","max-snippet":"max-snippet:-1","max-image-preview":"max-image-preview:large","max-video-preview":"max-video-preview:-1"},"canonical":"https:\/\/redenoticiaz.com.br\/litoralsp\/2023\/03\/21\/mulher-perde-casa-com-tudo-dentro-depois-de-incendio-em-bertioga","og_locale":"pt_BR","og_type":"article","og_title":"Mulher perde casa com tudo dentro depois de inc\u00eandio em Bertioga - Litoral SP","og_description":"Uma mulher perdeu sua casa com tudo dentro depois de um inc\u00eandio em Bertioga nesta \u00faltima sexta-feira (17).","og_url":"https:\/\/redenoticiaz.com.br\/litoralsp\/2023\/03\/21\/mulher-perde-casa-com-tudo-dentro-depois-de-incendio-em-bertioga","og_site_name":"Litoral SP","article_published_time":"2023-03-21T18:46:11+00:00","og_image":[{"width":1000,"height":535,"url":"https:\/\/redenoticiaz.com.br\/litoralsp\/wp-content\/uploads\/sites\/3\/2023\/03\/incendio2.jpg","type":"image\/jpeg"}],"author":"Gustavo Silva","twitter_card":"summary_large_image","twitter_misc":{"Escrito por":"Gustavo Silva","Est. tempo de leitura":"1 minuto"},"schema":{"@context":"https:\/\/schema.org","@graph":[{"@type":"Article","@id":"https:\/\/redenoticiaz.com.br\/litoralsp\/2023\/03\/21\/mulher-perde-casa-com-tudo-dentro-depois-de-incendio-em-bertioga#article","isPartOf":{"@id":"https:\/\/redenoticiaz.com.br\/litoralsp\/2023\/03\/21\/mulher-perde-casa-com-tudo-dentro-depois-de-incendio-em-bertioga"},"author":{"name":"Gustavo Silva","@id":"https:\/\/redenoticiaz.com.br\/litoralsp\/#\/schema\/person\/16057b37a3c0ee6b096d7f887c566e2e"},"headline":"Mulher perde casa com tudo dentro depois de inc\u00eandio em Bertioga","datePublished":"2023-03-21T18:46:11+00:00","mainEntityOfPage":{"@id":"https:\/\/redenoticiaz.com.br\/litoralsp\/2023\/03\/21\/mulher-perde-casa-com-tudo-dentro-depois-de-incendio-em-bertioga"},"wordCount":198,"commentCount":0,"publisher":{"@id":"https:\/\/redenoticiaz.com.br\/litoralsp\/#organization"},"image":{"@id":"https:\/\/redenoticiaz.com.br\/litoralsp\/2023\/03\/21\/mulher-perde-casa-com-tudo-dentro-depois-de-incendio-em-bertioga#primaryimage"},"thumbnailUrl":"https:\/\/redenoticiaz.com.br\/litoralsp\/wp-content\/uploads\/sites\/3\/2023\/03\/incendio2.jpg","keywords":["BERTIOGA","inc\u00eandio","mulher perde tudo"],"articleSection":["sem"],"inLanguage":"pt-BR","potentialAction":[{"@type":"CommentAction","name":"Comment","target":["https:\/\/redenoticiaz.com.br\/litoralsp\/2023\/03\/21\/mulher-perde-casa-com-tudo-dentro-depois-de-incendio-em-bertioga#respond"]}]},{"@type":"WebPage","@id":"https:\/\/redenoticiaz.com.br\/litoralsp\/2023\/03\/21\/mulher-perde-casa-com-tudo-dentro-depois-de-incendio-em-bertioga","url":"https:\/\/redenoticiaz.com.br\/litoralsp\/2023\/03\/21\/mulher-perde-casa-com-tudo-dentro-depois-de-incendio-em-bertioga","name":"Mulher perde casa com tudo dentro depois de inc\u00eandio em Bertioga - Litoral SP","isPartOf":{"@id":"https:\/\/redenoticiaz.com.br\/litoralsp\/#website"},"primaryImageOfPage":{"@id":"https:\/\/redenoticiaz.com.br\/litoralsp\/2023\/03\/21\/mulher-perde-casa-com-tudo-dentro-depois-de-incendio-em-bertioga#primaryimage"},"image":{"@id":"https:\/\/redenoticiaz.com.br\/litoralsp\/2023\/03\/21\/mulher-perde-casa-com-tudo-dentro-depois-de-incendio-em-bertioga#primaryimage"},"thumbnailUrl":"https:\/\/redenoticiaz.com.br\/litoralsp\/wp-content\/uploads\/sites\/3\/2023\/03\/incendio2.jpg","datePublished":"2023-03-21T18:46:11+00:00","description":"Uma mulher perdeu sua casa com tudo dentro depois de um inc\u00eandio em Bertioga nesta \u00faltima sexta-feira (17).","inLanguage":"pt-BR","potentialAction":[{"@type":"ReadAction","target":["https:\/\/redenoticiaz.com.br\/litoralsp\/2023\/03\/21\/mulher-perde-casa-com-tudo-dentro-depois-de-incendio-em-bertioga"]}]},{"@type":"ImageObject","inLanguage":"pt-BR","@id":"https:\/\/redenoticiaz.com.br\/litoralsp\/2023\/03\/21\/mulher-perde-casa-com-tudo-dentro-depois-de-incendio-em-bertioga#primaryimage","url":"https:\/\/redenoticiaz.com.br\/litoralsp\/wp-content\/uploads\/sites\/3\/2023\/03\/incendio2.jpg","contentUrl":"https:\/\/redenoticiaz.com.br\/litoralsp\/wp-content\/uploads\/sites\/3\/2023\/03\/incendio2.jpg","width":1000,"height":535,"caption":"Mulher perde casa com tudo dentro depois de inc\u00eandio em Bertioga"},{"@type":"WebSite","@id":"https:\/\/redenoticiaz.com.br\/litoralsp\/#website","url":"https:\/\/redenoticiaz.com.br\/litoralsp\/","name":"Litoral SP","description":"Rede NoticiaZ","publisher":{"@id":"https:\/\/redenoticiaz.com.br\/litoralsp\/#organization"},"potentialAction":[{"@type":"SearchAction","target":{"@type":"EntryPoint","urlTemplate":"https:\/\/redenoticiaz.com.br\/litoralsp\/?s={search_term_string}"},"query-input":{"@type":"PropertyValueSpecification","valueRequired":true,"valueName":"search_term_string"}}],"inLanguage":"pt-BR"},{"@type":"Organization","@id":"https:\/\/redenoticiaz.com.br\/litoralsp\/#organization","name":"Litoral SP","url":"https:\/\/redenoticiaz.com.br\/litoralsp\/","logo":{"@type":"ImageObject","inLanguage":"pt-BR","@id":"https:\/\/redenoticiaz.com.br\/litoralsp\/#\/schema\/logo\/image\/","url":"https:\/\/redenoticiaz.com.br\/litoralsp\/wp-content\/uploads\/sites\/3\/2020\/11\/logo.jpg","contentUrl":"https:\/\/redenoticiaz.com.br\/litoralsp\/wp-content\/uploads\/sites\/3\/2020\/11\/logo.jpg","width":400,"height":250,"caption":"Litoral SP"},"image":{"@id":"https:\/\/redenoticiaz.com.br\/litoralsp\/#\/schema\/logo\/image\/"}},{"@type":"Person","@id":"https:\/\/redenoticiaz.com.br\/litoralsp\/#\/schema\/person\/16057b37a3c0ee6b096d7f887c566e2e","name":"Gustavo Silva","image":{"@type":"ImageObject","inLanguage":"pt-BR","@id":"https:\/\/secure.gravatar.com\/avatar\/3ee4e82f93b26de0a7cf4ea5eb7893da637ed6bb0c9170c58065944c56e28a33?s=96&d=mm&r=g","url":"https:\/\/secure.gravatar.com\/avatar\/3ee4e82f93b26de0a7cf4ea5eb7893da637ed6bb0c9170c58065944c56e28a33?s=96&d=mm&r=g","contentUrl":"https:\/\/secure.gravatar.com\/avatar\/3ee4e82f93b26de0a7cf4ea5eb7893da637ed6bb0c9170c58065944c56e28a33?s=96&d=mm&r=g","caption":"Gustavo Silva"},"url":"https:\/\/redenoticiaz.com.br\/litoralsp\/author\/gustavosilva"}]}},"_links":{"self":[{"href":"https:\/\/redenoticiaz.com.br\/litoralsp\/wp-json\/wp\/v2\/posts\/102834","targetHints":{"allow":["GET"]}}],"collection":[{"href":"https:\/\/redenoticiaz.com.br\/litoralsp\/wp-json\/wp\/v2\/posts"}],"about":[{"href":"https:\/\/redenoticiaz.com.br\/litoralsp\/wp-json\/wp\/v2\/types\/post"}],"author":[{"embeddable":true,"href":"https:\/\/redenoticiaz.com.br\/litoralsp\/wp-json\/wp\/v2\/users\/12"}],"replies":[{"embeddable":true,"href":"https:\/\/redenoticiaz.com.br\/litoralsp\/wp-json\/wp\/v2\/comments?post=102834"}],"version-history":[{"count":1,"href":"https:\/\/redenoticiaz.com.br\/litoralsp\/wp-json\/wp\/v2\/posts\/102834\/revisions"}],"predecessor-version":[{"id":102836,"href":"https:\/\/redenoticiaz.com.br\/litoralsp\/wp-json\/wp\/v2\/posts\/102834\/revisions\/102836"}],"wp:featuredmedia":[{"embeddable":true,"href":"https:\/\/redenoticiaz.com.br\/litoralsp\/wp-json\/wp\/v2\/media\/102835"}],"wp:attachment":[{"href":"https:\/\/redenoticiaz.com.br\/litoralsp\/wp-json\/wp\/v2\/media?parent=102834"}],"wp:term":[{"taxonomy":"category","embeddable":true,"href":"https:\/\/redenoticiaz.com.br\/litoralsp\/wp-json\/wp\/v2\/categories?post=102834"},{"taxonomy":"post_tag","embeddable":true,"href":"https:\/\/redenoticiaz.com.br\/litoralsp\/wp-json\/wp\/v2\/tags?post=102834"}],"curies":[{"name":"wp","href":"https:\/\/api.w.org\/{rel}","templated":true}]}}