{"id":102912,"date":"2023-03-26T11:00:21","date_gmt":"2023-03-26T14:00:21","guid":{"rendered":"https:\/\/redenoticiaz.com.br\/litoralsp\/?p=102912"},"modified":"2023-03-22T21:24:35","modified_gmt":"2023-03-23T00:24:35","slug":"o-julgamento-indevido-de-pessoas-que-estudam-apos-os-40-anos","status":"publish","type":"post","link":"https:\/\/redenoticiaz.com.br\/litoralsp\/2023\/03\/26\/o-julgamento-indevido-de-pessoas-que-estudam-apos-os-40-anos","title":{"rendered":"O julgamento indevido de pessoas que estudam ap\u00f3s os 40 anos"},"content":{"rendered":"<p class=\"v1ql-align-justify\"><strong>Estudar depois dos 40, 50 ou 60 anos<\/strong> n\u00e3o deveria ser motivo de vergonha para ningu\u00e9m, pelo contr\u00e1rio. Alcan\u00e7ar uma gradua\u00e7\u00e3o ou terminar o ensino b\u00e1sico depois de uma vida dedicada \u00e0 fam\u00edlia \u00e9 motivo n\u00e3o apenas de orgulho mas sobretudo de inspira\u00e7\u00e3o para milhares de pessoas.<\/p>\n<p class=\"v1ql-align-justify\">O caso veio \u00e0 tona neste m\u00eas, depois que uma mulher com mais de 40 anos, foi humilhada por universit\u00e1rias jovens, em Bauru, Interior de S\u00e3o Paulo. O v\u00eddeo compartilhado nas redes sociais gerou cr\u00edticas e as estudantes que cometeram a ofensa, acabaram desistindo da faculdade.<\/p>\n<p class=\"v1ql-align-justify\">Se ter acesso a educa\u00e7\u00e3o \u00e9 um privil\u00e9gio ainda para poucos, por que julgamos quem se arrisca a faz\u00ea-lo em est\u00e1gios mais avan\u00e7ados da vida?<\/p>\n<p class=\"v1ql-align-justify\">Para a parceira cient\u00edfica do SUPERA \u2013 Gin\u00e1stica para o c\u00e9rebro e geront\u00f3loga da Universidade de S\u00e3o Paulo (USP), Thais Bento Lima, o preconceito enrustido que vem \u00e0 tona neste tipo de situa\u00e7\u00e3o est\u00e1 ligado a caracter\u00edsticas pr\u00f3prias desta sociedade que cultua a juventude eterna e tem medo de chegar a velhice.<\/p>\n<p class=\"v1ql-align-justify\">&#8220;Este comportamento \u00e9 influenciado por meio dos padr\u00f5es de est\u00e9tica e de beleza estabelecidos pela sociedade; pela m\u00eddia que representou muito muito tempo e ainda representa o envelhecer de forma negativa e cheia de estere\u00f3tipos que deve viver isolado socialmente, pois n\u00e3o \u00e9 capaz de produzir e colaborar para o desenvolvimento de uma cultura&#8221;, alertou.<\/p>\n<p class=\"v1ql-align-justify\">O preconceito que acontece na faculdade, com um aluno mais velho ou mesmo no trabalho tem nome: gerontofobia,\u00a0um comportamento que faz parte dos nossos tempos e que, muitas vezes est\u00e1 oculto atr\u00e1s de falas, elogios e brincadeiras carregadas de preconceito.<\/p>\n<h4 class=\"v1ql-align-justify\"><strong>\u00c9 poss\u00edvel aprender depois dos 40? <\/strong><\/h4>\n<p class=\"v1ql-align-justify\">A resposta \u00e9: sim. Algu\u00e9m mais maduro tem mais clareza no que \u00e9 importante e no que n\u00e3o \u00e9, o que \u00e9 uma compensa\u00e7\u00e3o muito positiva.<\/p>\n<p class=\"v1ql-align-justify\">Al\u00e9m disso, aprender \u00e9 um processo cont\u00ednuo e n\u00e3o est\u00e1 relacionado \u00e0 determinada fase da vida. Aprender, lembra a especialista do SUPERA \u2013 Gin\u00e1stica para o c\u00e9rebro, est\u00e1 relacionado \u00e0 promo\u00e7\u00e3o do envelhecimento saud\u00e1vel, a promo\u00e7\u00e3o de incentivo da aprendizagem ao longo da vida, com os direitos humanos, com a justi\u00e7a social e com a igualdade.<\/p>\n<h4 class=\"v1ql-align-justify\"><strong>Idadismo na faculdade <\/strong><\/h4>\n<p class=\"v1ql-align-justify\">A cena \u2013 com ampla repercuss\u00e3o \u2013 incluindo tr\u00eas universit\u00e1rias que ca\u00e7oaram de uma estudante de 40 anos \u00e9, na verdade, idadismo. A palavra idadismo \u00e9 uma adapta\u00e7\u00e3o para o portugu\u00eas da express\u00e3o em ingl\u00eas ageism, e segundo a Organiza\u00e7\u00e3o Mundial da Sa\u00fade (OMS), refere-se a pensamentos, sentimentos, a\u00e7\u00f5es e comportamentos, apresentados atrav\u00e9s de estere\u00f3tipos, preconceitos e discrimina\u00e7\u00e3o relacionados a idade.<\/p>\n<p class=\"v1ql-align-justify\">&#8220;Na grande maioria dos casos, homens e mulheres estudam depois dos 40 anos porque n\u00e3o tiveram oportunidades quando eram mais jovens o que torna qualquer cr\u00edtica ainda mais cruel. Precisamos lembrar que o \u00a0Brasil est\u00e1 envelhecendo em ritmo acelerado, com invers\u00e3o da pir\u00e2mide et\u00e1ria&#8221;, conta a professora \u2013 doutora Thais Bento Lima, parceira cient\u00edfica do SUPERA.<\/p>\n<p class=\"v1ql-align-justify\">&#8220;Ou seja: menos jovens e mais idosos com estimativa de que muitas cidades brasileiras em 2030 ter\u00e1 mais idosos do que jovens. Para combater o preconceito et\u00e1rio, assim como recomenda a OMS, precisamos combater estere\u00f3tipos e aumentar a discuss\u00e3o sobre temas pr\u00f3prios do envelhecimento, combatendo o preconceito et\u00e1rio, promovendo a sensibiliza\u00e7\u00e3o e a empatia; e que possam incentivar a realiza\u00e7\u00e3o de atividades entre as gera\u00e7\u00f5es&#8221;.<\/p>\n<p class=\"v1ql-align-justify\">Algumas diretrizes da Unesco para todos os pa\u00edses do mundo, com o objetivo de possibilitar que pessoas de diferentes idades tenham acesso \u00e0 educa\u00e7\u00e3o:<\/p>\n<ul>\n<li class=\"v1ql-align-justify\">Promover a aprendizagem inclusiva desde o ensino b\u00e1sico ao ensino superior;<\/li>\n<li class=\"v1ql-align-justify\">Revitalizar a aprendizagem nas fam\u00edlias e nas comunidades;<\/li>\n<li class=\"v1ql-align-justify\">Facilitar a aprendizagem para e no local de trabalho;<\/li>\n<li class=\"v1ql-align-justify\">Ampliar o uso das tecnologias modernas de aprendizagens;<\/li>\n<li class=\"v1ql-align-justify\">Melhorar a qualidade e a excel\u00eancia da aprendizagem;<\/li>\n<li class=\"v1ql-align-justify\">Fomentar a cultura de aprendizagem ao longo de toda a vida;<\/li>\n<li class=\"v1ql-align-justify\">Promover a aprendizagem inclusiva da educa\u00e7\u00e3o b\u00e1sica \u00e0 alta educa\u00e7\u00e3o.<\/li>\n<\/ul>\n<p class=\"v1ql-align-justify\">Al\u00e9m disso, o Estatuto do Idoso, tem a aprendizagem como um direito para que os cidad\u00e3os de 60 anos ou mais devem ter acesso \u00e0s pr\u00e1ticas educativas.<\/p>\n<p class=\"v1ql-align-justify\">&#8220;Na Gerontologia e nos estudos da Psicologia do envelhecimento, entendem que o indiv\u00edduo est\u00e1 se desenvolvendo em todas as fases do ciclo de vida, por isso n\u00e3o existe idade certa para aprender coisas novas, cada pessoa ter\u00e1 o seu tempo e o seu momento, para realizar sonhos, projetos e ter novas experi\u00eancias e oportunidades&#8221;, concluiu a professora doutora Thais Bento Lima.<\/p>\n<p><strong>LEIA TAMB\u00c9M<\/strong><\/p>\n<p><a href=\"https:\/\/redenoticiaz.com.br\/blog\/2023\/03\/22\/nove-sao-presos-em-operacao-da-pf-por-tentarem-matar-autoridades\">Nove s\u00e3o presos em opera\u00e7\u00e3o da PF por tentarem matar autoridades<\/a><\/p>\n","protected":false},"excerpt":{"rendered":"<p>Estudar depois dos 40, 50 ou 60 anos n\u00e3o deveria ser motivo de vergonha para ningu\u00e9m, pelo contr\u00e1rio. Alcan\u00e7ar uma gradua\u00e7\u00e3o ou terminar o ensino b\u00e1sico depois de uma vida dedicada \u00e0 fam\u00edlia \u00e9 motivo n\u00e3o apenas de orgulho mas sobretudo de inspira\u00e7\u00e3o para milhares de pessoas. O caso veio \u00e0 tona neste m\u00eas, depois &hellip;<\/p>\n","protected":false},"author":6,"featured_media":102913,"comment_status":"open","ping_status":"closed","sticky":false,"template":"","format":"standard","meta":{"footnotes":""},"categories":[44],"tags":[26175,38230,120,1720,58954],"class_list":["post-102912","post","type-post","status-publish","format-standard","has-post-thumbnail","hentry","category-educacao","tag-40-anos-ou-mais","tag-beneficios","tag-educacao","tag-estudo","tag-universidades"],"yoast_head":"<!-- This site is optimized with the Yoast SEO plugin v27.5 - https:\/\/yoast.com\/product\/yoast-seo-wordpress\/ -->\n<title>O julgamento indevido de pessoas que estudam ap\u00f3s os 40 anos - Litoral SP<\/title>\n<meta name=\"description\" content=\"Estudar depois dos 40, 50 ou 60 anos n\u00e3o deveria ser motivo de vergonha para ningu\u00e9m, pelo contr\u00e1rio. Alcan\u00e7ar uma gradua\u00e7\u00e3o ou terminar\" \/>\n<meta name=\"robots\" content=\"index, follow, max-snippet:-1, max-image-preview:large, max-video-preview:-1\" \/>\n<link rel=\"canonical\" href=\"https:\/\/redenoticiaz.com.br\/litoralsp\/2023\/03\/26\/o-julgamento-indevido-de-pessoas-que-estudam-apos-os-40-anos\" \/>\n<meta property=\"og:locale\" content=\"pt_BR\" \/>\n<meta property=\"og:type\" content=\"article\" \/>\n<meta property=\"og:title\" content=\"O julgamento indevido de pessoas que estudam ap\u00f3s os 40 anos - Litoral SP\" \/>\n<meta property=\"og:description\" content=\"Estudar depois dos 40, 50 ou 60 anos n\u00e3o deveria ser motivo de vergonha para ningu\u00e9m, pelo contr\u00e1rio. Alcan\u00e7ar uma gradua\u00e7\u00e3o ou terminar\" \/>\n<meta property=\"og:url\" content=\"https:\/\/redenoticiaz.com.br\/litoralsp\/2023\/03\/26\/o-julgamento-indevido-de-pessoas-que-estudam-apos-os-40-anos\" \/>\n<meta property=\"og:site_name\" content=\"Litoral SP\" \/>\n<meta property=\"article:published_time\" content=\"2023-03-26T14:00:21+00:00\" \/>\n<meta property=\"og:image\" content=\"https:\/\/redenoticiaz.com.br\/litoralsp\/wp-content\/uploads\/sites\/3\/2023\/05\/PIPOKINHA-CANCEL.jpg\" \/>\n\t<meta property=\"og:image:width\" content=\"860\" \/>\n\t<meta property=\"og:image:height\" content=\"457\" \/>\n\t<meta property=\"og:image:type\" content=\"image\/jpeg\" \/>\n<meta name=\"author\" content=\"Leonardo Francisco\" \/>\n<meta name=\"twitter:card\" content=\"summary_large_image\" \/>\n<meta name=\"twitter:label1\" content=\"Escrito por\" \/>\n\t<meta name=\"twitter:data1\" content=\"Leonardo Francisco\" \/>\n\t<meta name=\"twitter:label2\" content=\"Est. tempo de leitura\" \/>\n\t<meta name=\"twitter:data2\" content=\"4 minutos\" \/>\n<script type=\"application\/ld+json\" class=\"yoast-schema-graph\">{\"@context\":\"https:\\\/\\\/schema.org\",\"@graph\":[{\"@type\":\"Article\",\"@id\":\"https:\\\/\\\/redenoticiaz.com.br\\\/litoralsp\\\/2023\\\/03\\\/26\\\/o-julgamento-indevido-de-pessoas-que-estudam-apos-os-40-anos#article\",\"isPartOf\":{\"@id\":\"https:\\\/\\\/redenoticiaz.com.br\\\/litoralsp\\\/2023\\\/03\\\/26\\\/o-julgamento-indevido-de-pessoas-que-estudam-apos-os-40-anos\"},\"author\":{\"name\":\"Leonardo Francisco\",\"@id\":\"https:\\\/\\\/redenoticiaz.com.br\\\/litoralsp\\\/#\\\/schema\\\/person\\\/0f0b8a5bdafefe82841e07ae8d81ecb3\"},\"headline\":\"O julgamento indevido de pessoas que estudam ap\u00f3s os 40 anos\",\"datePublished\":\"2023-03-26T14:00:21+00:00\",\"mainEntityOfPage\":{\"@id\":\"https:\\\/\\\/redenoticiaz.com.br\\\/litoralsp\\\/2023\\\/03\\\/26\\\/o-julgamento-indevido-de-pessoas-que-estudam-apos-os-40-anos\"},\"wordCount\":798,\"commentCount\":0,\"publisher\":{\"@id\":\"https:\\\/\\\/redenoticiaz.com.br\\\/litoralsp\\\/#organization\"},\"image\":{\"@id\":\"https:\\\/\\\/redenoticiaz.com.br\\\/litoralsp\\\/2023\\\/03\\\/26\\\/o-julgamento-indevido-de-pessoas-que-estudam-apos-os-40-anos#primaryimage\"},\"thumbnailUrl\":\"https:\\\/\\\/redenoticiaz.com.br\\\/litoralsp\\\/wp-content\\\/uploads\\\/sites\\\/3\\\/2023\\\/03\\\/mulher-madura-le-livro-braille-no-sofa-estudo-e-relaxamento-conceito-de-pessoas-com-deficiencia-216648403.jpg?v=1679530890\",\"keywords\":[\"40 ANOS OU MAIS\",\"BENEF\u00cdCIOS\",\"educa\u00e7\u00e3o\",\"ESTUDO\",\"UNIVERSIDADES\"],\"articleSection\":[\"Educa\u00e7\u00e3o\"],\"inLanguage\":\"pt-BR\",\"potentialAction\":[{\"@type\":\"CommentAction\",\"name\":\"Comment\",\"target\":[\"https:\\\/\\\/redenoticiaz.com.br\\\/litoralsp\\\/2023\\\/03\\\/26\\\/o-julgamento-indevido-de-pessoas-que-estudam-apos-os-40-anos#respond\"]}]},{\"@type\":\"WebPage\",\"@id\":\"https:\\\/\\\/redenoticiaz.com.br\\\/litoralsp\\\/2023\\\/03\\\/26\\\/o-julgamento-indevido-de-pessoas-que-estudam-apos-os-40-anos\",\"url\":\"https:\\\/\\\/redenoticiaz.com.br\\\/litoralsp\\\/2023\\\/03\\\/26\\\/o-julgamento-indevido-de-pessoas-que-estudam-apos-os-40-anos\",\"name\":\"O julgamento indevido de pessoas que estudam ap\u00f3s os 40 anos - Litoral SP\",\"isPartOf\":{\"@id\":\"https:\\\/\\\/redenoticiaz.com.br\\\/litoralsp\\\/#website\"},\"primaryImageOfPage\":{\"@id\":\"https:\\\/\\\/redenoticiaz.com.br\\\/litoralsp\\\/2023\\\/03\\\/26\\\/o-julgamento-indevido-de-pessoas-que-estudam-apos-os-40-anos#primaryimage\"},\"image\":{\"@id\":\"https:\\\/\\\/redenoticiaz.com.br\\\/litoralsp\\\/2023\\\/03\\\/26\\\/o-julgamento-indevido-de-pessoas-que-estudam-apos-os-40-anos#primaryimage\"},\"thumbnailUrl\":\"https:\\\/\\\/redenoticiaz.com.br\\\/litoralsp\\\/wp-content\\\/uploads\\\/sites\\\/3\\\/2023\\\/03\\\/mulher-madura-le-livro-braille-no-sofa-estudo-e-relaxamento-conceito-de-pessoas-com-deficiencia-216648403.jpg?v=1679530890\",\"datePublished\":\"2023-03-26T14:00:21+00:00\",\"description\":\"Estudar depois dos 40, 50 ou 60 anos n\u00e3o deveria ser motivo de vergonha para ningu\u00e9m, pelo contr\u00e1rio. Alcan\u00e7ar uma gradua\u00e7\u00e3o ou terminar\",\"inLanguage\":\"pt-BR\",\"potentialAction\":[{\"@type\":\"ReadAction\",\"target\":[\"https:\\\/\\\/redenoticiaz.com.br\\\/litoralsp\\\/2023\\\/03\\\/26\\\/o-julgamento-indevido-de-pessoas-que-estudam-apos-os-40-anos\"]}]},{\"@type\":\"ImageObject\",\"inLanguage\":\"pt-BR\",\"@id\":\"https:\\\/\\\/redenoticiaz.com.br\\\/litoralsp\\\/2023\\\/03\\\/26\\\/o-julgamento-indevido-de-pessoas-que-estudam-apos-os-40-anos#primaryimage\",\"url\":\"https:\\\/\\\/redenoticiaz.com.br\\\/litoralsp\\\/wp-content\\\/uploads\\\/sites\\\/3\\\/2023\\\/03\\\/mulher-madura-le-livro-braille-no-sofa-estudo-e-relaxamento-conceito-de-pessoas-com-deficiencia-216648403.jpg?v=1679530890\",\"contentUrl\":\"https:\\\/\\\/redenoticiaz.com.br\\\/litoralsp\\\/wp-content\\\/uploads\\\/sites\\\/3\\\/2023\\\/03\\\/mulher-madura-le-livro-braille-no-sofa-estudo-e-relaxamento-conceito-de-pessoas-com-deficiencia-216648403.jpg?v=1679530890\",\"width\":800,\"height\":533,\"caption\":\"Cr\u00e9ditos: Reprodu\u00e7\u00e3o\"},{\"@type\":\"WebSite\",\"@id\":\"https:\\\/\\\/redenoticiaz.com.br\\\/litoralsp\\\/#website\",\"url\":\"https:\\\/\\\/redenoticiaz.com.br\\\/litoralsp\\\/\",\"name\":\"Litoral SP\",\"description\":\"Rede NoticiaZ\",\"publisher\":{\"@id\":\"https:\\\/\\\/redenoticiaz.com.br\\\/litoralsp\\\/#organization\"},\"potentialAction\":[{\"@type\":\"SearchAction\",\"target\":{\"@type\":\"EntryPoint\",\"urlTemplate\":\"https:\\\/\\\/redenoticiaz.com.br\\\/litoralsp\\\/?s={search_term_string}\"},\"query-input\":{\"@type\":\"PropertyValueSpecification\",\"valueRequired\":true,\"valueName\":\"search_term_string\"}}],\"inLanguage\":\"pt-BR\"},{\"@type\":\"Organization\",\"@id\":\"https:\\\/\\\/redenoticiaz.com.br\\\/litoralsp\\\/#organization\",\"name\":\"Litoral SP\",\"url\":\"https:\\\/\\\/redenoticiaz.com.br\\\/litoralsp\\\/\",\"logo\":{\"@type\":\"ImageObject\",\"inLanguage\":\"pt-BR\",\"@id\":\"https:\\\/\\\/redenoticiaz.com.br\\\/litoralsp\\\/#\\\/schema\\\/logo\\\/image\\\/\",\"url\":\"https:\\\/\\\/redenoticiaz.com.br\\\/litoralsp\\\/wp-content\\\/uploads\\\/sites\\\/3\\\/2020\\\/11\\\/logo.jpg\",\"contentUrl\":\"https:\\\/\\\/redenoticiaz.com.br\\\/litoralsp\\\/wp-content\\\/uploads\\\/sites\\\/3\\\/2020\\\/11\\\/logo.jpg\",\"width\":400,\"height\":250,\"caption\":\"Litoral SP\"},\"image\":{\"@id\":\"https:\\\/\\\/redenoticiaz.com.br\\\/litoralsp\\\/#\\\/schema\\\/logo\\\/image\\\/\"}},{\"@type\":\"Person\",\"@id\":\"https:\\\/\\\/redenoticiaz.com.br\\\/litoralsp\\\/#\\\/schema\\\/person\\\/0f0b8a5bdafefe82841e07ae8d81ecb3\",\"name\":\"Leonardo Francisco\",\"image\":{\"@type\":\"ImageObject\",\"inLanguage\":\"pt-BR\",\"@id\":\"https:\\\/\\\/secure.gravatar.com\\\/avatar\\\/a7358cb406a99b682ec6df1e77e31ae82e63601f6784e8a3df411d72b37864da?s=96&d=mm&r=g\",\"url\":\"https:\\\/\\\/secure.gravatar.com\\\/avatar\\\/a7358cb406a99b682ec6df1e77e31ae82e63601f6784e8a3df411d72b37864da?s=96&d=mm&r=g\",\"contentUrl\":\"https:\\\/\\\/secure.gravatar.com\\\/avatar\\\/a7358cb406a99b682ec6df1e77e31ae82e63601f6784e8a3df411d72b37864da?s=96&d=mm&r=g\",\"caption\":\"Leonardo Francisco\"},\"url\":\"https:\\\/\\\/redenoticiaz.com.br\\\/litoralsp\\\/author\\\/leonardo-francisco\"}]}<\/script>\n<!-- \/ Yoast SEO plugin. -->","yoast_head_json":{"title":"O julgamento indevido de pessoas que estudam ap\u00f3s os 40 anos - Litoral SP","description":"Estudar depois dos 40, 50 ou 60 anos n\u00e3o deveria ser motivo de vergonha para ningu\u00e9m, pelo contr\u00e1rio. Alcan\u00e7ar uma gradua\u00e7\u00e3o ou terminar","robots":{"index":"index","follow":"follow","max-snippet":"max-snippet:-1","max-image-preview":"max-image-preview:large","max-video-preview":"max-video-preview:-1"},"canonical":"https:\/\/redenoticiaz.com.br\/litoralsp\/2023\/03\/26\/o-julgamento-indevido-de-pessoas-que-estudam-apos-os-40-anos","og_locale":"pt_BR","og_type":"article","og_title":"O julgamento indevido de pessoas que estudam ap\u00f3s os 40 anos - Litoral SP","og_description":"Estudar depois dos 40, 50 ou 60 anos n\u00e3o deveria ser motivo de vergonha para ningu\u00e9m, pelo contr\u00e1rio. Alcan\u00e7ar uma gradua\u00e7\u00e3o ou terminar","og_url":"https:\/\/redenoticiaz.com.br\/litoralsp\/2023\/03\/26\/o-julgamento-indevido-de-pessoas-que-estudam-apos-os-40-anos","og_site_name":"Litoral SP","article_published_time":"2023-03-26T14:00:21+00:00","og_image":[{"width":860,"height":457,"url":"https:\/\/redenoticiaz.com.br\/litoralsp\/wp-content\/uploads\/sites\/3\/2023\/05\/PIPOKINHA-CANCEL.jpg","type":"image\/jpeg"}],"author":"Leonardo Francisco","twitter_card":"summary_large_image","twitter_misc":{"Escrito por":"Leonardo Francisco","Est. tempo de leitura":"4 minutos"},"schema":{"@context":"https:\/\/schema.org","@graph":[{"@type":"Article","@id":"https:\/\/redenoticiaz.com.br\/litoralsp\/2023\/03\/26\/o-julgamento-indevido-de-pessoas-que-estudam-apos-os-40-anos#article","isPartOf":{"@id":"https:\/\/redenoticiaz.com.br\/litoralsp\/2023\/03\/26\/o-julgamento-indevido-de-pessoas-que-estudam-apos-os-40-anos"},"author":{"name":"Leonardo Francisco","@id":"https:\/\/redenoticiaz.com.br\/litoralsp\/#\/schema\/person\/0f0b8a5bdafefe82841e07ae8d81ecb3"},"headline":"O julgamento indevido de pessoas que estudam ap\u00f3s os 40 anos","datePublished":"2023-03-26T14:00:21+00:00","mainEntityOfPage":{"@id":"https:\/\/redenoticiaz.com.br\/litoralsp\/2023\/03\/26\/o-julgamento-indevido-de-pessoas-que-estudam-apos-os-40-anos"},"wordCount":798,"commentCount":0,"publisher":{"@id":"https:\/\/redenoticiaz.com.br\/litoralsp\/#organization"},"image":{"@id":"https:\/\/redenoticiaz.com.br\/litoralsp\/2023\/03\/26\/o-julgamento-indevido-de-pessoas-que-estudam-apos-os-40-anos#primaryimage"},"thumbnailUrl":"https:\/\/redenoticiaz.com.br\/litoralsp\/wp-content\/uploads\/sites\/3\/2023\/03\/mulher-madura-le-livro-braille-no-sofa-estudo-e-relaxamento-conceito-de-pessoas-com-deficiencia-216648403.jpg?v=1679530890","keywords":["40 ANOS OU MAIS","BENEF\u00cdCIOS","educa\u00e7\u00e3o","ESTUDO","UNIVERSIDADES"],"articleSection":["Educa\u00e7\u00e3o"],"inLanguage":"pt-BR","potentialAction":[{"@type":"CommentAction","name":"Comment","target":["https:\/\/redenoticiaz.com.br\/litoralsp\/2023\/03\/26\/o-julgamento-indevido-de-pessoas-que-estudam-apos-os-40-anos#respond"]}]},{"@type":"WebPage","@id":"https:\/\/redenoticiaz.com.br\/litoralsp\/2023\/03\/26\/o-julgamento-indevido-de-pessoas-que-estudam-apos-os-40-anos","url":"https:\/\/redenoticiaz.com.br\/litoralsp\/2023\/03\/26\/o-julgamento-indevido-de-pessoas-que-estudam-apos-os-40-anos","name":"O julgamento indevido de pessoas que estudam ap\u00f3s os 40 anos - Litoral SP","isPartOf":{"@id":"https:\/\/redenoticiaz.com.br\/litoralsp\/#website"},"primaryImageOfPage":{"@id":"https:\/\/redenoticiaz.com.br\/litoralsp\/2023\/03\/26\/o-julgamento-indevido-de-pessoas-que-estudam-apos-os-40-anos#primaryimage"},"image":{"@id":"https:\/\/redenoticiaz.com.br\/litoralsp\/2023\/03\/26\/o-julgamento-indevido-de-pessoas-que-estudam-apos-os-40-anos#primaryimage"},"thumbnailUrl":"https:\/\/redenoticiaz.com.br\/litoralsp\/wp-content\/uploads\/sites\/3\/2023\/03\/mulher-madura-le-livro-braille-no-sofa-estudo-e-relaxamento-conceito-de-pessoas-com-deficiencia-216648403.jpg?v=1679530890","datePublished":"2023-03-26T14:00:21+00:00","description":"Estudar depois dos 40, 50 ou 60 anos n\u00e3o deveria ser motivo de vergonha para ningu\u00e9m, pelo contr\u00e1rio. Alcan\u00e7ar uma gradua\u00e7\u00e3o ou terminar","inLanguage":"pt-BR","potentialAction":[{"@type":"ReadAction","target":["https:\/\/redenoticiaz.com.br\/litoralsp\/2023\/03\/26\/o-julgamento-indevido-de-pessoas-que-estudam-apos-os-40-anos"]}]},{"@type":"ImageObject","inLanguage":"pt-BR","@id":"https:\/\/redenoticiaz.com.br\/litoralsp\/2023\/03\/26\/o-julgamento-indevido-de-pessoas-que-estudam-apos-os-40-anos#primaryimage","url":"https:\/\/redenoticiaz.com.br\/litoralsp\/wp-content\/uploads\/sites\/3\/2023\/03\/mulher-madura-le-livro-braille-no-sofa-estudo-e-relaxamento-conceito-de-pessoas-com-deficiencia-216648403.jpg?v=1679530890","contentUrl":"https:\/\/redenoticiaz.com.br\/litoralsp\/wp-content\/uploads\/sites\/3\/2023\/03\/mulher-madura-le-livro-braille-no-sofa-estudo-e-relaxamento-conceito-de-pessoas-com-deficiencia-216648403.jpg?v=1679530890","width":800,"height":533,"caption":"Cr\u00e9ditos: Reprodu\u00e7\u00e3o"},{"@type":"WebSite","@id":"https:\/\/redenoticiaz.com.br\/litoralsp\/#website","url":"https:\/\/redenoticiaz.com.br\/litoralsp\/","name":"Litoral SP","description":"Rede NoticiaZ","publisher":{"@id":"https:\/\/redenoticiaz.com.br\/litoralsp\/#organization"},"potentialAction":[{"@type":"SearchAction","target":{"@type":"EntryPoint","urlTemplate":"https:\/\/redenoticiaz.com.br\/litoralsp\/?s={search_term_string}"},"query-input":{"@type":"PropertyValueSpecification","valueRequired":true,"valueName":"search_term_string"}}],"inLanguage":"pt-BR"},{"@type":"Organization","@id":"https:\/\/redenoticiaz.com.br\/litoralsp\/#organization","name":"Litoral SP","url":"https:\/\/redenoticiaz.com.br\/litoralsp\/","logo":{"@type":"ImageObject","inLanguage":"pt-BR","@id":"https:\/\/redenoticiaz.com.br\/litoralsp\/#\/schema\/logo\/image\/","url":"https:\/\/redenoticiaz.com.br\/litoralsp\/wp-content\/uploads\/sites\/3\/2020\/11\/logo.jpg","contentUrl":"https:\/\/redenoticiaz.com.br\/litoralsp\/wp-content\/uploads\/sites\/3\/2020\/11\/logo.jpg","width":400,"height":250,"caption":"Litoral SP"},"image":{"@id":"https:\/\/redenoticiaz.com.br\/litoralsp\/#\/schema\/logo\/image\/"}},{"@type":"Person","@id":"https:\/\/redenoticiaz.com.br\/litoralsp\/#\/schema\/person\/0f0b8a5bdafefe82841e07ae8d81ecb3","name":"Leonardo Francisco","image":{"@type":"ImageObject","inLanguage":"pt-BR","@id":"https:\/\/secure.gravatar.com\/avatar\/a7358cb406a99b682ec6df1e77e31ae82e63601f6784e8a3df411d72b37864da?s=96&d=mm&r=g","url":"https:\/\/secure.gravatar.com\/avatar\/a7358cb406a99b682ec6df1e77e31ae82e63601f6784e8a3df411d72b37864da?s=96&d=mm&r=g","contentUrl":"https:\/\/secure.gravatar.com\/avatar\/a7358cb406a99b682ec6df1e77e31ae82e63601f6784e8a3df411d72b37864da?s=96&d=mm&r=g","caption":"Leonardo Francisco"},"url":"https:\/\/redenoticiaz.com.br\/litoralsp\/author\/leonardo-francisco"}]}},"_links":{"self":[{"href":"https:\/\/redenoticiaz.com.br\/litoralsp\/wp-json\/wp\/v2\/posts\/102912","targetHints":{"allow":["GET"]}}],"collection":[{"href":"https:\/\/redenoticiaz.com.br\/litoralsp\/wp-json\/wp\/v2\/posts"}],"about":[{"href":"https:\/\/redenoticiaz.com.br\/litoralsp\/wp-json\/wp\/v2\/types\/post"}],"author":[{"embeddable":true,"href":"https:\/\/redenoticiaz.com.br\/litoralsp\/wp-json\/wp\/v2\/users\/6"}],"replies":[{"embeddable":true,"href":"https:\/\/redenoticiaz.com.br\/litoralsp\/wp-json\/wp\/v2\/comments?post=102912"}],"version-history":[{"count":0,"href":"https:\/\/redenoticiaz.com.br\/litoralsp\/wp-json\/wp\/v2\/posts\/102912\/revisions"}],"wp:featuredmedia":[{"embeddable":true,"href":"https:\/\/redenoticiaz.com.br\/litoralsp\/wp-json\/wp\/v2\/media\/102913"}],"wp:attachment":[{"href":"https:\/\/redenoticiaz.com.br\/litoralsp\/wp-json\/wp\/v2\/media?parent=102912"}],"wp:term":[{"taxonomy":"category","embeddable":true,"href":"https:\/\/redenoticiaz.com.br\/litoralsp\/wp-json\/wp\/v2\/categories?post=102912"},{"taxonomy":"post_tag","embeddable":true,"href":"https:\/\/redenoticiaz.com.br\/litoralsp\/wp-json\/wp\/v2\/tags?post=102912"}],"curies":[{"name":"wp","href":"https:\/\/api.w.org\/{rel}","templated":true}]}}