{"id":102924,"date":"2023-03-23T08:09:08","date_gmt":"2023-03-23T11:09:08","guid":{"rendered":"https:\/\/redenoticiaz.com.br\/litoralsp\/2023\/03\/23\/greve-do-metro-de-sp-paralisa-quatro-linhas"},"modified":"2023-03-23T08:09:08","modified_gmt":"2023-03-23T11:09:08","slug":"greve-do-metro-de-sp-paralisa-quatro-linhas","status":"publish","type":"post","link":"https:\/\/redenoticiaz.com.br\/litoralsp\/2023\/03\/23\/greve-do-metro-de-sp-paralisa-quatro-linhas","title":{"rendered":"Greve do Metr\u00f4 de SP paralisa quatro linhas"},"content":{"rendered":"<div id=\"chunk-emseh\">\n<div class=\"mc-column content-text active-extra-styles \" data-block-type=\"unstyled\" data-block-weight=\"19\" data-block-id=\"3\">\n<p class=\"content-text__container \" data-track-category=\"Link no Texto\" data-track-links=\"\">Desde a meia-noite desta quinta-feira (23), as linhas <strong><span class=\"highlight highlighted\">1-Azul, 2-Verde, 3-Vermelha e 15-Prata<\/span><\/strong> do Metr\u00f4 de S\u00e3o Paulo est\u00e3o paralisadas. O motivo \u00e9 uma greve promovida pelos funcion\u00e1rios e inicialmente a paralisa\u00e7\u00e3o \u00e9 de 24 horas. O jeito para que moradores e trabalhadores da Capital Paulista e pessoas vindas de outras cidades do Estado \u00e9 usar as linhas <span class=\"highlight highlighted\">4-Amarela e 5-Lil\u00e1s<\/span> <span class=\"highlight highlighted\">do Metr\u00f4 e todas da CPTM ou o sistema Paese para se locomoverem, j\u00e1 que elas <\/span>funcionam normalmente.<\/p>\n<\/div>\n<\/div>\n<div class=\"wall protected-content\">\n<div id=\"chunk-7lc6a\">\n<div class=\"mc-column content-text active-extra-styles \" data-block-type=\"unstyled\" data-block-weight=\"24\" data-block-id=\"5\">\n<p class=\"content-text__container \" data-track-category=\"Link no Texto\" data-track-links=\"\"><span class=\"highlight highlighted\">De acordo com a companhia, as tr\u00eas linhas afetadas pela greve respondem por 90% dos 2,8 milh\u00f5es de passageiros<\/span> transportados por dia por todo o Metr\u00f4 de S\u00e3o Paulo.<\/p>\n<\/div>\n<\/div>\n<div id=\"chunk-9gg0a\">\n<div class=\"mc-column content-text active-extra-styles \" data-block-type=\"unstyled\" data-block-weight=\"33\" data-block-id=\"6\">\n<p class=\"content-text__container \" data-track-category=\"Link no Texto\" data-track-links=\"\">Apesar do aviso pr\u00e9vio, muitos usu\u00e1rios relatam que foram pegos de surpresa e se aglomeravam em frente as esta\u00e7\u00f5es. Por conta da paralisa\u00e7\u00e3o, a CPTM, que opera normalmente, registra lota\u00e7\u00e3o e longas filas para acessar as catracas.<\/p>\n<\/div>\n<\/div>\n<div id=\"chunk-141fd\">\n<div class=\"mc-column content-text active-extra-styles \" data-block-type=\"unstyled\" data-block-weight=\"18\" data-block-id=\"7\">\n<p class=\"content-text__container \" data-track-category=\"Link no Texto\" data-track-links=\"\">Al\u00e9m disso, a dificuldade tamb\u00e9m era para embarcar nos \u00f4nibus alternativos e ou conseguir solicitar um ve\u00edculo por aplicativo.<\/p>\n<div id=\"chunk-39r9i\">\n<div class=\"mc-column content-text active-extra-styles \" data-block-type=\"unstyled\" data-block-weight=\"25\" data-block-id=\"10\">\n<p class=\"content-text__container \" data-track-category=\"Link no Texto\" data-track-links=\"\"><span class=\"highlight highlighted\">Os trens da CPTM tamb\u00e9m est\u00e3o circulando<\/span>, segundo a companhia. S\u00f3 que as transfer\u00eancias para as linhas 1-Azul, 2-Verde e 3-Vermelha do Metr\u00f4 permanecer\u00e3o fechada. J\u00e1 as transfer\u00eancias com as linhas 4-Amarela e 8-Diamante funcionar\u00e3o normalmente nas esta\u00e7\u00f5es Luz e Barra Funda.<\/p>\n<\/div>\n<\/div>\n<div id=\"chunk-for9o\">\n<div class=\"mc-column content-text active-extra-styles \" data-block-type=\"unstyled\" data-block-weight=\"20\" data-block-id=\"12\">\n<p class=\"content-text__container \" data-track-category=\"Link no Texto\" data-track-links=\"\">A EMTU informou que as linhas operam normalmente e que vai refor\u00e7ar principalmente as integradas ao Metr\u00f4 e \u00e0 CPTM. O <span class=\"highlight highlighted\">rod\u00edzio municipal de ve\u00edculos foi suspenso<\/span>.<\/p>\n<h3 data-track-category=\"Link no Texto\">Motivo da greve<\/h3>\n<div id=\"chunk-55l0c\">\n<div class=\"mc-column content-text active-extra-styles \" data-block-type=\"unstyled\" data-block-weight=\"30\" data-block-id=\"30\">\n<p class=\"content-text__container \" data-track-category=\"Link no Texto\" data-track-links=\"\">Segundo o Sindicato dos Metrovi\u00e1rios, a categoria cobra o pagamento do abono, a revoga\u00e7\u00e3o de demiss\u00f5es por aposentadoria e outros desligamentos realizados em 2019, al\u00e9m de pedir novas contrata\u00e7\u00f5es.<\/p>\n<\/div>\n<\/div>\n<div id=\"chunk-bqicd\">\n<div class=\"mc-column content-text active-extra-styles \" data-block-type=\"unstyled\" data-block-weight=\"27\" data-block-id=\"31\">\n<p class=\"content-text__container \" data-track-category=\"Link no Texto\" data-track-links=\"\">Os grevistas chegaram a propor um dia de catraca livre como alternativa para n\u00e3o prejudicar a popula\u00e7\u00e3o, o que n\u00e3o foi aceito por quest\u00f5es de seguran\u00e7a.<\/p>\n<div id=\"chunk-8ojce\">\n<div class=\"mc-column content-text active-extra-styles \" data-block-type=\"unstyled\" data-block-weight=\"27\" data-block-id=\"33\">\n<p class=\"content-text__container \" data-track-category=\"Link no Texto\" data-track-links=\"\">Por meio de nota, o Metr\u00f4 disse &#8220;n\u00e3o h\u00e1 justificativa para que o Sindicato dos Metrovi\u00e1rios declare greve reivindicando o que j\u00e1 vem sendo cumprido pela empresa&#8221;.<\/p>\n<\/div>\n<\/div>\n<div id=\"chunk-2lph8\">\n<div class=\"mc-column content-text active-extra-styles \" data-block-type=\"unstyled\" data-block-weight=\"29\" data-block-id=\"34\">\n<p class=\"content-text__container \" data-track-category=\"Link no Texto\" data-track-links=\"\">A empresa disse que tamb\u00e9m empenhou esfor\u00e7os para atender os pleitos do sindicato, mas que a realidade econ\u00f4mica da companhia &#8220;n\u00e3o possibilita o pagamento de abono salarial neste momento&#8221;.<\/p>\n<\/div>\n<\/div>\n<div id=\"chunk-2slcn\">\n<div class=\"mc-column content-text active-extra-styles \" data-block-type=\"unstyled\" data-block-weight=\"28\" data-block-id=\"35\">\n<p class=\"content-text__container \" data-track-category=\"Link no Texto\" data-track-links=\"\">O Metr\u00f4 disse ainda que teve &#8220;significativas quedas de arrecada\u00e7\u00e3o pela pandemia e n\u00e3o teve ainda o retorno total da demanda de passageiros, se comparada a 2019&#8221;.<\/p>\n<p data-track-category=\"Link no Texto\" data-track-links=\"\"><strong>LEIA TAMB\u00c9M<\/strong><\/p>\n<p data-track-category=\"Link no Texto\" data-track-links=\"\"><a href=\"https:\/\/redenoticiaz.com.br\/blog\/2023\/03\/22\/mais-um-cleber-machado-e-demitido-da-rede-globo\">MAIS UM! Cleber Machado \u00e9 demitido da Rede Globo<\/a><\/p>\n<\/div>\n<\/div>\n<\/div>\n<\/div>\n<\/div>\n<\/div>\n<\/div>\n<\/div>\n<\/div>\n","protected":false},"excerpt":{"rendered":"<p>Desde a meia-noite desta quinta-feira (23), as linhas 1-Azul, 2-Verde, 3-Vermelha e 15-Prata do Metr\u00f4 de S\u00e3o Paulo est\u00e3o paralisadas. O motivo \u00e9 uma greve promovida pelos funcion\u00e1rios e inicialmente a paralisa\u00e7\u00e3o \u00e9 de 24 horas. O jeito para que moradores e trabalhadores da Capital Paulista e pessoas vindas de outras cidades do Estado \u00e9 &hellip;<\/p>\n","protected":false},"author":6,"featured_media":102925,"comment_status":"open","ping_status":"closed","sticky":false,"template":"","format":"standard","meta":{"footnotes":""},"categories":[88],"tags":[31008,1178,64146,63836,64147,64148,48443,65,64149],"class_list":["post-102924","post","type-post","status-publish","format-standard","has-post-thumbnail","hentry","category-transportes","tag-cptm","tag-greve","tag-linha-1-azul","tag-linha-15-prata","tag-linha-3-vermelha","tag-lunha-2-verde","tag-metro","tag-sao-paulo","tag-sindicato-dos-metroviarios"],"yoast_head":"<!-- This site is optimized with the Yoast SEO plugin v27.5 - https:\/\/yoast.com\/product\/yoast-seo-wordpress\/ -->\n<title>Greve do Metr\u00f4 de SP paralisa quatro linhas - Litoral SP<\/title>\n<meta name=\"description\" content=\"desta quinta-feira (23), as linhas 1-Azul, 2-Verde, 3-Vermelha e 15-Prata do Metr\u00f4 de S\u00e3o Paulo est\u00e3o paralisadas. O motivo \u00e9 uma greve\" \/>\n<meta name=\"robots\" content=\"index, follow, max-snippet:-1, max-image-preview:large, max-video-preview:-1\" \/>\n<link rel=\"canonical\" href=\"https:\/\/redenoticiaz.com.br\/litoralsp\/2023\/03\/23\/greve-do-metro-de-sp-paralisa-quatro-linhas\" \/>\n<meta property=\"og:locale\" content=\"pt_BR\" \/>\n<meta property=\"og:type\" content=\"article\" \/>\n<meta property=\"og:title\" content=\"Greve do Metr\u00f4 de SP paralisa quatro linhas - Litoral SP\" \/>\n<meta property=\"og:description\" content=\"desta quinta-feira (23), as linhas 1-Azul, 2-Verde, 3-Vermelha e 15-Prata do Metr\u00f4 de S\u00e3o Paulo est\u00e3o paralisadas. O motivo \u00e9 uma greve\" \/>\n<meta property=\"og:url\" content=\"https:\/\/redenoticiaz.com.br\/litoralsp\/2023\/03\/23\/greve-do-metro-de-sp-paralisa-quatro-linhas\" \/>\n<meta property=\"og:site_name\" content=\"Litoral SP\" \/>\n<meta property=\"article:published_time\" content=\"2023-03-23T11:09:08+00:00\" \/>\n<meta name=\"author\" content=\"Leonardo Francisco\" \/>\n<meta name=\"twitter:card\" content=\"summary_large_image\" \/>\n<meta name=\"twitter:image\" content=\"https:\/\/redenoticiaz.com.br\/litoralsp\/wp-content\/uploads\/sites\/3\/2023\/03\/metro-sp.jpg?v=1679569680\" \/>\n<meta name=\"twitter:label1\" content=\"Escrito por\" \/>\n\t<meta name=\"twitter:data1\" content=\"Leonardo Francisco\" \/>\n\t<meta name=\"twitter:label2\" content=\"Est. tempo de leitura\" \/>\n\t<meta name=\"twitter:data2\" content=\"3 minutos\" \/>\n<script type=\"application\/ld+json\" class=\"yoast-schema-graph\">{\"@context\":\"https:\\\/\\\/schema.org\",\"@graph\":[{\"@type\":\"Article\",\"@id\":\"https:\\\/\\\/redenoticiaz.com.br\\\/litoralsp\\\/2023\\\/03\\\/23\\\/greve-do-metro-de-sp-paralisa-quatro-linhas#article\",\"isPartOf\":{\"@id\":\"https:\\\/\\\/redenoticiaz.com.br\\\/litoralsp\\\/2023\\\/03\\\/23\\\/greve-do-metro-de-sp-paralisa-quatro-linhas\"},\"author\":{\"name\":\"Leonardo Francisco\",\"@id\":\"https:\\\/\\\/redenoticiaz.com.br\\\/litoralsp\\\/#\\\/schema\\\/person\\\/0f0b8a5bdafefe82841e07ae8d81ecb3\"},\"headline\":\"Greve do Metr\u00f4 de SP paralisa quatro linhas\",\"datePublished\":\"2023-03-23T11:09:08+00:00\",\"mainEntityOfPage\":{\"@id\":\"https:\\\/\\\/redenoticiaz.com.br\\\/litoralsp\\\/2023\\\/03\\\/23\\\/greve-do-metro-de-sp-paralisa-quatro-linhas\"},\"wordCount\":427,\"commentCount\":0,\"publisher\":{\"@id\":\"https:\\\/\\\/redenoticiaz.com.br\\\/litoralsp\\\/#organization\"},\"image\":{\"@id\":\"https:\\\/\\\/redenoticiaz.com.br\\\/litoralsp\\\/2023\\\/03\\\/23\\\/greve-do-metro-de-sp-paralisa-quatro-linhas#primaryimage\"},\"thumbnailUrl\":\"https:\\\/\\\/redenoticiaz.com.br\\\/litoralsp\\\/wp-content\\\/uploads\\\/sites\\\/3\\\/2023\\\/03\\\/metro-sp.jpg?v=1679569680\",\"keywords\":[\"cptm\",\"GREVE\",\"LINHA 1-AZUL\",\"LINHA 15-PRATA\",\"LINHA 3-VERMELHA\",\"LUNHA 2-VERDE\",\"metr\u00f4\",\"S\u00e3o Paulo\",\"SINDICATO DOS METROVI\u00c1RIOS\"],\"articleSection\":[\"Transportes\"],\"inLanguage\":\"pt-BR\",\"potentialAction\":[{\"@type\":\"CommentAction\",\"name\":\"Comment\",\"target\":[\"https:\\\/\\\/redenoticiaz.com.br\\\/litoralsp\\\/2023\\\/03\\\/23\\\/greve-do-metro-de-sp-paralisa-quatro-linhas#respond\"]}]},{\"@type\":\"WebPage\",\"@id\":\"https:\\\/\\\/redenoticiaz.com.br\\\/litoralsp\\\/2023\\\/03\\\/23\\\/greve-do-metro-de-sp-paralisa-quatro-linhas\",\"url\":\"https:\\\/\\\/redenoticiaz.com.br\\\/litoralsp\\\/2023\\\/03\\\/23\\\/greve-do-metro-de-sp-paralisa-quatro-linhas\",\"name\":\"Greve do Metr\u00f4 de SP paralisa quatro linhas - Litoral SP\",\"isPartOf\":{\"@id\":\"https:\\\/\\\/redenoticiaz.com.br\\\/litoralsp\\\/#website\"},\"primaryImageOfPage\":{\"@id\":\"https:\\\/\\\/redenoticiaz.com.br\\\/litoralsp\\\/2023\\\/03\\\/23\\\/greve-do-metro-de-sp-paralisa-quatro-linhas#primaryimage\"},\"image\":{\"@id\":\"https:\\\/\\\/redenoticiaz.com.br\\\/litoralsp\\\/2023\\\/03\\\/23\\\/greve-do-metro-de-sp-paralisa-quatro-linhas#primaryimage\"},\"thumbnailUrl\":\"https:\\\/\\\/redenoticiaz.com.br\\\/litoralsp\\\/wp-content\\\/uploads\\\/sites\\\/3\\\/2023\\\/03\\\/metro-sp.jpg?v=1679569680\",\"datePublished\":\"2023-03-23T11:09:08+00:00\",\"description\":\"desta quinta-feira (23), as linhas 1-Azul, 2-Verde, 3-Vermelha e 15-Prata do Metr\u00f4 de S\u00e3o Paulo est\u00e3o paralisadas. O motivo \u00e9 uma greve\",\"inLanguage\":\"pt-BR\",\"potentialAction\":[{\"@type\":\"ReadAction\",\"target\":[\"https:\\\/\\\/redenoticiaz.com.br\\\/litoralsp\\\/2023\\\/03\\\/23\\\/greve-do-metro-de-sp-paralisa-quatro-linhas\"]}]},{\"@type\":\"ImageObject\",\"inLanguage\":\"pt-BR\",\"@id\":\"https:\\\/\\\/redenoticiaz.com.br\\\/litoralsp\\\/2023\\\/03\\\/23\\\/greve-do-metro-de-sp-paralisa-quatro-linhas#primaryimage\",\"url\":\"https:\\\/\\\/redenoticiaz.com.br\\\/litoralsp\\\/wp-content\\\/uploads\\\/sites\\\/3\\\/2023\\\/03\\\/metro-sp.jpg?v=1679569680\",\"contentUrl\":\"https:\\\/\\\/redenoticiaz.com.br\\\/litoralsp\\\/wp-content\\\/uploads\\\/sites\\\/3\\\/2023\\\/03\\\/metro-sp.jpg?v=1679569680\",\"width\":800,\"height\":532,\"caption\":\"Paralisa\u00e7\u00e3o est\u00e1 prevista para durar 24 horas. Cr\u00e9ditos: Reprodu\u00e7\u00e3o\"},{\"@type\":\"WebSite\",\"@id\":\"https:\\\/\\\/redenoticiaz.com.br\\\/litoralsp\\\/#website\",\"url\":\"https:\\\/\\\/redenoticiaz.com.br\\\/litoralsp\\\/\",\"name\":\"Litoral SP\",\"description\":\"Rede NoticiaZ\",\"publisher\":{\"@id\":\"https:\\\/\\\/redenoticiaz.com.br\\\/litoralsp\\\/#organization\"},\"potentialAction\":[{\"@type\":\"SearchAction\",\"target\":{\"@type\":\"EntryPoint\",\"urlTemplate\":\"https:\\\/\\\/redenoticiaz.com.br\\\/litoralsp\\\/?s={search_term_string}\"},\"query-input\":{\"@type\":\"PropertyValueSpecification\",\"valueRequired\":true,\"valueName\":\"search_term_string\"}}],\"inLanguage\":\"pt-BR\"},{\"@type\":\"Organization\",\"@id\":\"https:\\\/\\\/redenoticiaz.com.br\\\/litoralsp\\\/#organization\",\"name\":\"Litoral SP\",\"url\":\"https:\\\/\\\/redenoticiaz.com.br\\\/litoralsp\\\/\",\"logo\":{\"@type\":\"ImageObject\",\"inLanguage\":\"pt-BR\",\"@id\":\"https:\\\/\\\/redenoticiaz.com.br\\\/litoralsp\\\/#\\\/schema\\\/logo\\\/image\\\/\",\"url\":\"https:\\\/\\\/redenoticiaz.com.br\\\/litoralsp\\\/wp-content\\\/uploads\\\/sites\\\/3\\\/2020\\\/11\\\/logo.jpg\",\"contentUrl\":\"https:\\\/\\\/redenoticiaz.com.br\\\/litoralsp\\\/wp-content\\\/uploads\\\/sites\\\/3\\\/2020\\\/11\\\/logo.jpg\",\"width\":400,\"height\":250,\"caption\":\"Litoral SP\"},\"image\":{\"@id\":\"https:\\\/\\\/redenoticiaz.com.br\\\/litoralsp\\\/#\\\/schema\\\/logo\\\/image\\\/\"}},{\"@type\":\"Person\",\"@id\":\"https:\\\/\\\/redenoticiaz.com.br\\\/litoralsp\\\/#\\\/schema\\\/person\\\/0f0b8a5bdafefe82841e07ae8d81ecb3\",\"name\":\"Leonardo Francisco\",\"image\":{\"@type\":\"ImageObject\",\"inLanguage\":\"pt-BR\",\"@id\":\"https:\\\/\\\/secure.gravatar.com\\\/avatar\\\/a7358cb406a99b682ec6df1e77e31ae82e63601f6784e8a3df411d72b37864da?s=96&d=mm&r=g\",\"url\":\"https:\\\/\\\/secure.gravatar.com\\\/avatar\\\/a7358cb406a99b682ec6df1e77e31ae82e63601f6784e8a3df411d72b37864da?s=96&d=mm&r=g\",\"contentUrl\":\"https:\\\/\\\/secure.gravatar.com\\\/avatar\\\/a7358cb406a99b682ec6df1e77e31ae82e63601f6784e8a3df411d72b37864da?s=96&d=mm&r=g\",\"caption\":\"Leonardo Francisco\"},\"url\":\"https:\\\/\\\/redenoticiaz.com.br\\\/litoralsp\\\/author\\\/leonardo-francisco\"}]}<\/script>\n<!-- \/ Yoast SEO plugin. -->","yoast_head_json":{"title":"Greve do Metr\u00f4 de SP paralisa quatro linhas - Litoral SP","description":"desta quinta-feira (23), as linhas 1-Azul, 2-Verde, 3-Vermelha e 15-Prata do Metr\u00f4 de S\u00e3o Paulo est\u00e3o paralisadas. O motivo \u00e9 uma greve","robots":{"index":"index","follow":"follow","max-snippet":"max-snippet:-1","max-image-preview":"max-image-preview:large","max-video-preview":"max-video-preview:-1"},"canonical":"https:\/\/redenoticiaz.com.br\/litoralsp\/2023\/03\/23\/greve-do-metro-de-sp-paralisa-quatro-linhas","og_locale":"pt_BR","og_type":"article","og_title":"Greve do Metr\u00f4 de SP paralisa quatro linhas - Litoral SP","og_description":"desta quinta-feira (23), as linhas 1-Azul, 2-Verde, 3-Vermelha e 15-Prata do Metr\u00f4 de S\u00e3o Paulo est\u00e3o paralisadas. O motivo \u00e9 uma greve","og_url":"https:\/\/redenoticiaz.com.br\/litoralsp\/2023\/03\/23\/greve-do-metro-de-sp-paralisa-quatro-linhas","og_site_name":"Litoral SP","article_published_time":"2023-03-23T11:09:08+00:00","author":"Leonardo Francisco","twitter_card":"summary_large_image","twitter_image":"https:\/\/redenoticiaz.com.br\/litoralsp\/wp-content\/uploads\/sites\/3\/2023\/03\/metro-sp.jpg?v=1679569680","twitter_misc":{"Escrito por":"Leonardo Francisco","Est. tempo de leitura":"3 minutos"},"schema":{"@context":"https:\/\/schema.org","@graph":[{"@type":"Article","@id":"https:\/\/redenoticiaz.com.br\/litoralsp\/2023\/03\/23\/greve-do-metro-de-sp-paralisa-quatro-linhas#article","isPartOf":{"@id":"https:\/\/redenoticiaz.com.br\/litoralsp\/2023\/03\/23\/greve-do-metro-de-sp-paralisa-quatro-linhas"},"author":{"name":"Leonardo Francisco","@id":"https:\/\/redenoticiaz.com.br\/litoralsp\/#\/schema\/person\/0f0b8a5bdafefe82841e07ae8d81ecb3"},"headline":"Greve do Metr\u00f4 de SP paralisa quatro linhas","datePublished":"2023-03-23T11:09:08+00:00","mainEntityOfPage":{"@id":"https:\/\/redenoticiaz.com.br\/litoralsp\/2023\/03\/23\/greve-do-metro-de-sp-paralisa-quatro-linhas"},"wordCount":427,"commentCount":0,"publisher":{"@id":"https:\/\/redenoticiaz.com.br\/litoralsp\/#organization"},"image":{"@id":"https:\/\/redenoticiaz.com.br\/litoralsp\/2023\/03\/23\/greve-do-metro-de-sp-paralisa-quatro-linhas#primaryimage"},"thumbnailUrl":"https:\/\/redenoticiaz.com.br\/litoralsp\/wp-content\/uploads\/sites\/3\/2023\/03\/metro-sp.jpg?v=1679569680","keywords":["cptm","GREVE","LINHA 1-AZUL","LINHA 15-PRATA","LINHA 3-VERMELHA","LUNHA 2-VERDE","metr\u00f4","S\u00e3o Paulo","SINDICATO DOS METROVI\u00c1RIOS"],"articleSection":["Transportes"],"inLanguage":"pt-BR","potentialAction":[{"@type":"CommentAction","name":"Comment","target":["https:\/\/redenoticiaz.com.br\/litoralsp\/2023\/03\/23\/greve-do-metro-de-sp-paralisa-quatro-linhas#respond"]}]},{"@type":"WebPage","@id":"https:\/\/redenoticiaz.com.br\/litoralsp\/2023\/03\/23\/greve-do-metro-de-sp-paralisa-quatro-linhas","url":"https:\/\/redenoticiaz.com.br\/litoralsp\/2023\/03\/23\/greve-do-metro-de-sp-paralisa-quatro-linhas","name":"Greve do Metr\u00f4 de SP paralisa quatro linhas - Litoral SP","isPartOf":{"@id":"https:\/\/redenoticiaz.com.br\/litoralsp\/#website"},"primaryImageOfPage":{"@id":"https:\/\/redenoticiaz.com.br\/litoralsp\/2023\/03\/23\/greve-do-metro-de-sp-paralisa-quatro-linhas#primaryimage"},"image":{"@id":"https:\/\/redenoticiaz.com.br\/litoralsp\/2023\/03\/23\/greve-do-metro-de-sp-paralisa-quatro-linhas#primaryimage"},"thumbnailUrl":"https:\/\/redenoticiaz.com.br\/litoralsp\/wp-content\/uploads\/sites\/3\/2023\/03\/metro-sp.jpg?v=1679569680","datePublished":"2023-03-23T11:09:08+00:00","description":"desta quinta-feira (23), as linhas 1-Azul, 2-Verde, 3-Vermelha e 15-Prata do Metr\u00f4 de S\u00e3o Paulo est\u00e3o paralisadas. O motivo \u00e9 uma greve","inLanguage":"pt-BR","potentialAction":[{"@type":"ReadAction","target":["https:\/\/redenoticiaz.com.br\/litoralsp\/2023\/03\/23\/greve-do-metro-de-sp-paralisa-quatro-linhas"]}]},{"@type":"ImageObject","inLanguage":"pt-BR","@id":"https:\/\/redenoticiaz.com.br\/litoralsp\/2023\/03\/23\/greve-do-metro-de-sp-paralisa-quatro-linhas#primaryimage","url":"https:\/\/redenoticiaz.com.br\/litoralsp\/wp-content\/uploads\/sites\/3\/2023\/03\/metro-sp.jpg?v=1679569680","contentUrl":"https:\/\/redenoticiaz.com.br\/litoralsp\/wp-content\/uploads\/sites\/3\/2023\/03\/metro-sp.jpg?v=1679569680","width":800,"height":532,"caption":"Paralisa\u00e7\u00e3o est\u00e1 prevista para durar 24 horas. Cr\u00e9ditos: Reprodu\u00e7\u00e3o"},{"@type":"WebSite","@id":"https:\/\/redenoticiaz.com.br\/litoralsp\/#website","url":"https:\/\/redenoticiaz.com.br\/litoralsp\/","name":"Litoral SP","description":"Rede NoticiaZ","publisher":{"@id":"https:\/\/redenoticiaz.com.br\/litoralsp\/#organization"},"potentialAction":[{"@type":"SearchAction","target":{"@type":"EntryPoint","urlTemplate":"https:\/\/redenoticiaz.com.br\/litoralsp\/?s={search_term_string}"},"query-input":{"@type":"PropertyValueSpecification","valueRequired":true,"valueName":"search_term_string"}}],"inLanguage":"pt-BR"},{"@type":"Organization","@id":"https:\/\/redenoticiaz.com.br\/litoralsp\/#organization","name":"Litoral SP","url":"https:\/\/redenoticiaz.com.br\/litoralsp\/","logo":{"@type":"ImageObject","inLanguage":"pt-BR","@id":"https:\/\/redenoticiaz.com.br\/litoralsp\/#\/schema\/logo\/image\/","url":"https:\/\/redenoticiaz.com.br\/litoralsp\/wp-content\/uploads\/sites\/3\/2020\/11\/logo.jpg","contentUrl":"https:\/\/redenoticiaz.com.br\/litoralsp\/wp-content\/uploads\/sites\/3\/2020\/11\/logo.jpg","width":400,"height":250,"caption":"Litoral SP"},"image":{"@id":"https:\/\/redenoticiaz.com.br\/litoralsp\/#\/schema\/logo\/image\/"}},{"@type":"Person","@id":"https:\/\/redenoticiaz.com.br\/litoralsp\/#\/schema\/person\/0f0b8a5bdafefe82841e07ae8d81ecb3","name":"Leonardo Francisco","image":{"@type":"ImageObject","inLanguage":"pt-BR","@id":"https:\/\/secure.gravatar.com\/avatar\/a7358cb406a99b682ec6df1e77e31ae82e63601f6784e8a3df411d72b37864da?s=96&d=mm&r=g","url":"https:\/\/secure.gravatar.com\/avatar\/a7358cb406a99b682ec6df1e77e31ae82e63601f6784e8a3df411d72b37864da?s=96&d=mm&r=g","contentUrl":"https:\/\/secure.gravatar.com\/avatar\/a7358cb406a99b682ec6df1e77e31ae82e63601f6784e8a3df411d72b37864da?s=96&d=mm&r=g","caption":"Leonardo Francisco"},"url":"https:\/\/redenoticiaz.com.br\/litoralsp\/author\/leonardo-francisco"}]}},"_links":{"self":[{"href":"https:\/\/redenoticiaz.com.br\/litoralsp\/wp-json\/wp\/v2\/posts\/102924","targetHints":{"allow":["GET"]}}],"collection":[{"href":"https:\/\/redenoticiaz.com.br\/litoralsp\/wp-json\/wp\/v2\/posts"}],"about":[{"href":"https:\/\/redenoticiaz.com.br\/litoralsp\/wp-json\/wp\/v2\/types\/post"}],"author":[{"embeddable":true,"href":"https:\/\/redenoticiaz.com.br\/litoralsp\/wp-json\/wp\/v2\/users\/6"}],"replies":[{"embeddable":true,"href":"https:\/\/redenoticiaz.com.br\/litoralsp\/wp-json\/wp\/v2\/comments?post=102924"}],"version-history":[{"count":1,"href":"https:\/\/redenoticiaz.com.br\/litoralsp\/wp-json\/wp\/v2\/posts\/102924\/revisions"}],"predecessor-version":[{"id":102926,"href":"https:\/\/redenoticiaz.com.br\/litoralsp\/wp-json\/wp\/v2\/posts\/102924\/revisions\/102926"}],"wp:featuredmedia":[{"embeddable":true,"href":"https:\/\/redenoticiaz.com.br\/litoralsp\/wp-json\/wp\/v2\/media\/102925"}],"wp:attachment":[{"href":"https:\/\/redenoticiaz.com.br\/litoralsp\/wp-json\/wp\/v2\/media?parent=102924"}],"wp:term":[{"taxonomy":"category","embeddable":true,"href":"https:\/\/redenoticiaz.com.br\/litoralsp\/wp-json\/wp\/v2\/categories?post=102924"},{"taxonomy":"post_tag","embeddable":true,"href":"https:\/\/redenoticiaz.com.br\/litoralsp\/wp-json\/wp\/v2\/tags?post=102924"}],"curies":[{"name":"wp","href":"https:\/\/api.w.org\/{rel}","templated":true}]}}