{"id":102969,"date":"2023-03-26T14:00:13","date_gmt":"2023-03-26T17:00:13","guid":{"rendered":"https:\/\/redenoticiaz.com.br\/litoralsp\/?p=102969"},"modified":"2023-03-24T18:06:47","modified_gmt":"2023-03-24T21:06:47","slug":"video-o-rei-da-tv-elenco-comenta-sobre-a-segunda-temporada","status":"publish","type":"post","link":"https:\/\/redenoticiaz.com.br\/litoralsp\/2023\/03\/26\/video-o-rei-da-tv-elenco-comenta-sobre-a-segunda-temporada","title":{"rendered":"V\u00eddeo \u2013 O Rei da TV elenco comenta sobre a segunda temporada"},"content":{"rendered":"<p class=\"v1MsoNormal\">Em novo v\u00eddeo exclusivo, divulgado pelo servi\u00e7o de streaming, os atores da s\u00e9rie O Rei da TV, falam sobre o que esperar dos novos epis\u00f3dios. Eles comentam, tamb\u00e9m, os principais temas da temporada, como o sequestro da filha de Silvio Santos, a briga por audi\u00eancia, a candidatura para presid\u00eancia, entre outros.<\/p>\n<p class=\"v1MsoBodyText\">&#8220;A s\u00e9rie mostra, em todos esses epis\u00f3dios, que ele procura de alguma forma salvar o seu nome, suas empresas, sua audi\u00eancia, seu canal. Ele tem um amor incondicional ao que ele construiu&#8221; afirma Jos\u00e9 Rubens Chach\u00e1, respons\u00e1vel por interpretar Silvio.<\/p>\n<h3 class=\"v1MsoBodyText\">Confira o v\u00eddeo completo:<b><\/b><\/h3>\n<div style=\"width: 640px;\" class=\"wp-video\"><video class=\"wp-video-shortcode\" id=\"video-102969-1\" width=\"640\" height=\"352\" preload=\"metadata\" controls=\"controls\"><source type=\"video\/mp4\" src=\"https:\/\/redenoticiaz.com.br\/litoralsp\/wp-content\/uploads\/sites\/3\/2023\/03\/WhatsApp-Video-2023-03-24-at-13.17.14.mp4?_=1\" \/><a href=\"https:\/\/redenoticiaz.com.br\/litoralsp\/wp-content\/uploads\/sites\/3\/2023\/03\/WhatsApp-Video-2023-03-24-at-13.17.14.mp4\">https:\/\/redenoticiaz.com.br\/litoralsp\/wp-content\/uploads\/sites\/3\/2023\/03\/WhatsApp-Video-2023-03-24-at-13.17.14.mp4<\/a><\/video><\/div>\n<p>&nbsp;<\/p>\n<p class=\"v1MsoBodyText\">Composta por oito epis\u00f3dios de 45 minutos cada, a nova temporada de\u00a0<b>\u201cO Rei da TV\u201d<\/b>\u00a0traz novos obst\u00e1culos, sucessos e tombos na trajet\u00f3ria do maior \u00edcone da televis\u00e3o brasileira na sua busca para se tornar o maior empres\u00e1rio e comunicador do Brasil.<\/p>\n<p class=\"v1MsoBodyText\">A hist\u00f3ria recome\u00e7a em 1989, quando Silvio se candidata \u00e0 Presid\u00eancia da Rep\u00fablica. Sua candidatura, por\u00e9m, n\u00e3o \u00e9 tolerada pelos advers\u00e1rios, e esse ressentimento serve de motiva\u00e7\u00e3o para transformar o SBT no canal mais assistido do pa\u00eds, numa grande batalha que marcou a hist\u00f3ria da televis\u00e3o brasileira. Homem de muitos neg\u00f3cios, enquanto Silvio se lan\u00e7a no ramo dos cosm\u00e9ticos, o esc\u00e2ndalo na administra\u00e7\u00e3o do banco PanAmericano amea\u00e7a destruir o imp\u00e9rio que empres\u00e1rio levou a vida inteira para construir.<\/p>\n<p class=\"v1MsoBodyText\">A vida pessoal tamb\u00e9m sofre as consequ\u00eancias do sucesso, quando os holofotes da m\u00eddia se viram sobre um dos momentos mais dram\u00e1ticos da fam\u00edlia Abravanel: o sequestro da filha Patr\u00edcia.<\/p>\n<p class=\"v1MsoBodyText\">Os novos epis\u00f3dios chegam dia 29 de mar\u00e7o no Star+, e a primeira temporada de \u201c<b>O Rei da TV<\/b>\u201d, um sucesso sem precedentes na plataforma, tamb\u00e9m est\u00e1 dispon\u00edvel na \u00edntegra.<\/p>\n<p>VEJA TAMB\u00c9M:\u00a0<a href=\"https:\/\/redenoticiaz.com.br\/barretos-regiao\/sp\/2023\/03\/18\/only-murders-in-the-building-descubra-o-segredo-da-terceira-temporada-assista-ao-trailer\">Only Murders in the Building \u2013 Descubra o segredo da terceira temporada, assista ao trailer<\/a><\/p>\n","protected":false},"excerpt":{"rendered":"<p>Em novo v\u00eddeo exclusivo, divulgado pelo servi\u00e7o de streaming, os atores da s\u00e9rie O Rei da TV, falam sobre o que esperar dos novos epis\u00f3dios. Eles comentam, tamb\u00e9m, os principais temas da temporada, como o sequestro da filha de Silvio Santos, a briga por audi\u00eancia, a candidatura para presid\u00eancia, entre outros. &#8220;A s\u00e9rie mostra, em &hellip;<\/p>\n","protected":false},"author":15,"featured_media":103043,"comment_status":"open","ping_status":"closed","sticky":false,"template":"","format":"standard","meta":{"footnotes":""},"categories":[62064,169,170],"tags":[64164,58078,59482,56812,9356],"class_list":["post-102969","post","type-post","status-publish","format-standard","has-post-thumbnail","hentry","category-cameraz","category-cultura","category-entretenimento","tag-elenco","tag-o-rei-da-tv","tag-segunda-temporada","tag-star","tag-video"],"yoast_head":"<!-- This site is optimized with the Yoast SEO plugin v27.5 - https:\/\/yoast.com\/product\/yoast-seo-wordpress\/ -->\n<title>V\u00eddeo \u2013 O Rei da TV elenco comenta sobre a segunda temporada - Litoral SP<\/title>\n<meta name=\"description\" content=\"Em novo v\u00eddeo exclusivo, divulgado pelo servi\u00e7o de streaming, os atores da s\u00e9rie O Rei da TV, falam sobre o que esperar dos novos epis\u00f3dios.\" \/>\n<meta name=\"robots\" content=\"index, follow, max-snippet:-1, max-image-preview:large, max-video-preview:-1\" \/>\n<link rel=\"canonical\" href=\"https:\/\/redenoticiaz.com.br\/litoralsp\/2023\/03\/26\/video-o-rei-da-tv-elenco-comenta-sobre-a-segunda-temporada\" \/>\n<meta property=\"og:locale\" content=\"pt_BR\" \/>\n<meta property=\"og:type\" content=\"article\" \/>\n<meta property=\"og:title\" content=\"V\u00eddeo \u2013 O Rei da TV elenco comenta sobre a segunda temporada - Litoral SP\" \/>\n<meta property=\"og:description\" content=\"Em novo v\u00eddeo exclusivo, divulgado pelo servi\u00e7o de streaming, os atores da s\u00e9rie O Rei da TV, falam sobre o que esperar dos novos epis\u00f3dios.\" \/>\n<meta property=\"og:url\" content=\"https:\/\/redenoticiaz.com.br\/litoralsp\/2023\/03\/26\/video-o-rei-da-tv-elenco-comenta-sobre-a-segunda-temporada\" \/>\n<meta property=\"og:site_name\" content=\"Litoral SP\" \/>\n<meta property=\"article:published_time\" content=\"2023-03-26T17:00:13+00:00\" \/>\n<meta property=\"og:image\" content=\"https:\/\/redenoticiaz.com.br\/litoralsp\/wp-content\/uploads\/sites\/3\/2023\/03\/Video-O-Rei-da-TV-elenco-comenta-sobre-a-segunda-temporada-1.jpg\" \/>\n\t<meta property=\"og:image:width\" content=\"1366\" \/>\n\t<meta property=\"og:image:height\" content=\"659\" \/>\n\t<meta property=\"og:image:type\" content=\"image\/jpeg\" \/>\n<meta name=\"twitter:card\" content=\"summary_large_image\" \/>\n<meta name=\"twitter:label1\" content=\"Escrito por\" \/>\n\t<meta name=\"twitter:data1\" content=\"\" \/>\n\t<meta name=\"twitter:label2\" content=\"Est. tempo de leitura\" \/>\n\t<meta name=\"twitter:data2\" content=\"2 minutos\" \/>\n<script type=\"application\/ld+json\" class=\"yoast-schema-graph\">{\"@context\":\"https:\\\/\\\/schema.org\",\"@graph\":[{\"@type\":\"Article\",\"@id\":\"https:\\\/\\\/redenoticiaz.com.br\\\/litoralsp\\\/2023\\\/03\\\/26\\\/video-o-rei-da-tv-elenco-comenta-sobre-a-segunda-temporada#article\",\"isPartOf\":{\"@id\":\"https:\\\/\\\/redenoticiaz.com.br\\\/litoralsp\\\/2023\\\/03\\\/26\\\/video-o-rei-da-tv-elenco-comenta-sobre-a-segunda-temporada\"},\"author\":{\"name\":\"\",\"@id\":\"\"},\"headline\":\"V\u00eddeo \u2013 O Rei da TV elenco comenta sobre a segunda temporada\",\"datePublished\":\"2023-03-26T17:00:13+00:00\",\"mainEntityOfPage\":{\"@id\":\"https:\\\/\\\/redenoticiaz.com.br\\\/litoralsp\\\/2023\\\/03\\\/26\\\/video-o-rei-da-tv-elenco-comenta-sobre-a-segunda-temporada\"},\"wordCount\":365,\"commentCount\":0,\"publisher\":{\"@id\":\"https:\\\/\\\/redenoticiaz.com.br\\\/litoralsp\\\/#organization\"},\"image\":{\"@id\":\"https:\\\/\\\/redenoticiaz.com.br\\\/litoralsp\\\/2023\\\/03\\\/26\\\/video-o-rei-da-tv-elenco-comenta-sobre-a-segunda-temporada#primaryimage\"},\"thumbnailUrl\":\"https:\\\/\\\/redenoticiaz.com.br\\\/litoralsp\\\/wp-content\\\/uploads\\\/sites\\\/3\\\/2023\\\/03\\\/Video-O-Rei-da-TV-elenco-comenta-sobre-a-segunda-temporada-1.jpg\",\"keywords\":[\"elenco\",\"O REI DA TV\",\"segunda temporada\",\"STAR+\",\"V\u00cdDEO\"],\"articleSection\":[\"C\u00e2mera Z\",\"Cultura\",\"Entretenimento\"],\"inLanguage\":\"pt-BR\",\"potentialAction\":[{\"@type\":\"CommentAction\",\"name\":\"Comment\",\"target\":[\"https:\\\/\\\/redenoticiaz.com.br\\\/litoralsp\\\/2023\\\/03\\\/26\\\/video-o-rei-da-tv-elenco-comenta-sobre-a-segunda-temporada#respond\"]}]},{\"@type\":\"WebPage\",\"@id\":\"https:\\\/\\\/redenoticiaz.com.br\\\/litoralsp\\\/2023\\\/03\\\/26\\\/video-o-rei-da-tv-elenco-comenta-sobre-a-segunda-temporada\",\"url\":\"https:\\\/\\\/redenoticiaz.com.br\\\/litoralsp\\\/2023\\\/03\\\/26\\\/video-o-rei-da-tv-elenco-comenta-sobre-a-segunda-temporada\",\"name\":\"V\u00eddeo \u2013 O Rei da TV elenco comenta sobre a segunda temporada - Litoral SP\",\"isPartOf\":{\"@id\":\"https:\\\/\\\/redenoticiaz.com.br\\\/litoralsp\\\/#website\"},\"primaryImageOfPage\":{\"@id\":\"https:\\\/\\\/redenoticiaz.com.br\\\/litoralsp\\\/2023\\\/03\\\/26\\\/video-o-rei-da-tv-elenco-comenta-sobre-a-segunda-temporada#primaryimage\"},\"image\":{\"@id\":\"https:\\\/\\\/redenoticiaz.com.br\\\/litoralsp\\\/2023\\\/03\\\/26\\\/video-o-rei-da-tv-elenco-comenta-sobre-a-segunda-temporada#primaryimage\"},\"thumbnailUrl\":\"https:\\\/\\\/redenoticiaz.com.br\\\/litoralsp\\\/wp-content\\\/uploads\\\/sites\\\/3\\\/2023\\\/03\\\/Video-O-Rei-da-TV-elenco-comenta-sobre-a-segunda-temporada-1.jpg\",\"datePublished\":\"2023-03-26T17:00:13+00:00\",\"description\":\"Em novo v\u00eddeo exclusivo, divulgado pelo servi\u00e7o de streaming, os atores da s\u00e9rie O Rei da TV, falam sobre o que esperar dos novos epis\u00f3dios.\",\"inLanguage\":\"pt-BR\",\"potentialAction\":[{\"@type\":\"ReadAction\",\"target\":[\"https:\\\/\\\/redenoticiaz.com.br\\\/litoralsp\\\/2023\\\/03\\\/26\\\/video-o-rei-da-tv-elenco-comenta-sobre-a-segunda-temporada\"]}]},{\"@type\":\"ImageObject\",\"inLanguage\":\"pt-BR\",\"@id\":\"https:\\\/\\\/redenoticiaz.com.br\\\/litoralsp\\\/2023\\\/03\\\/26\\\/video-o-rei-da-tv-elenco-comenta-sobre-a-segunda-temporada#primaryimage\",\"url\":\"https:\\\/\\\/redenoticiaz.com.br\\\/litoralsp\\\/wp-content\\\/uploads\\\/sites\\\/3\\\/2023\\\/03\\\/Video-O-Rei-da-TV-elenco-comenta-sobre-a-segunda-temporada-1.jpg\",\"contentUrl\":\"https:\\\/\\\/redenoticiaz.com.br\\\/litoralsp\\\/wp-content\\\/uploads\\\/sites\\\/3\\\/2023\\\/03\\\/Video-O-Rei-da-TV-elenco-comenta-sobre-a-segunda-temporada-1.jpg\",\"width\":1366,\"height\":659,\"caption\":\"Elenco da s\u00e9rie O Rei da Tv, fala sobre a segunda temporada. Cr\u00e9dito: Divulga\u00e7\u00e3o\\\/ Star+\"},{\"@type\":\"WebSite\",\"@id\":\"https:\\\/\\\/redenoticiaz.com.br\\\/litoralsp\\\/#website\",\"url\":\"https:\\\/\\\/redenoticiaz.com.br\\\/litoralsp\\\/\",\"name\":\"Litoral SP\",\"description\":\"Rede NoticiaZ\",\"publisher\":{\"@id\":\"https:\\\/\\\/redenoticiaz.com.br\\\/litoralsp\\\/#organization\"},\"potentialAction\":[{\"@type\":\"SearchAction\",\"target\":{\"@type\":\"EntryPoint\",\"urlTemplate\":\"https:\\\/\\\/redenoticiaz.com.br\\\/litoralsp\\\/?s={search_term_string}\"},\"query-input\":{\"@type\":\"PropertyValueSpecification\",\"valueRequired\":true,\"valueName\":\"search_term_string\"}}],\"inLanguage\":\"pt-BR\"},{\"@type\":\"Organization\",\"@id\":\"https:\\\/\\\/redenoticiaz.com.br\\\/litoralsp\\\/#organization\",\"name\":\"Litoral SP\",\"url\":\"https:\\\/\\\/redenoticiaz.com.br\\\/litoralsp\\\/\",\"logo\":{\"@type\":\"ImageObject\",\"inLanguage\":\"pt-BR\",\"@id\":\"https:\\\/\\\/redenoticiaz.com.br\\\/litoralsp\\\/#\\\/schema\\\/logo\\\/image\\\/\",\"url\":\"https:\\\/\\\/redenoticiaz.com.br\\\/litoralsp\\\/wp-content\\\/uploads\\\/sites\\\/3\\\/2020\\\/11\\\/logo.jpg\",\"contentUrl\":\"https:\\\/\\\/redenoticiaz.com.br\\\/litoralsp\\\/wp-content\\\/uploads\\\/sites\\\/3\\\/2020\\\/11\\\/logo.jpg\",\"width\":400,\"height\":250,\"caption\":\"Litoral SP\"},\"image\":{\"@id\":\"https:\\\/\\\/redenoticiaz.com.br\\\/litoralsp\\\/#\\\/schema\\\/logo\\\/image\\\/\"}},{\"@type\":\"Person\",\"@id\":\"\",\"url\":\"https:\\\/\\\/redenoticiaz.com.br\\\/litoralsp\\\/author\"}]}<\/script>\n<!-- \/ Yoast SEO plugin. -->","yoast_head_json":{"title":"V\u00eddeo \u2013 O Rei da TV elenco comenta sobre a segunda temporada - Litoral SP","description":"Em novo v\u00eddeo exclusivo, divulgado pelo servi\u00e7o de streaming, os atores da s\u00e9rie O Rei da TV, falam sobre o que esperar dos novos epis\u00f3dios.","robots":{"index":"index","follow":"follow","max-snippet":"max-snippet:-1","max-image-preview":"max-image-preview:large","max-video-preview":"max-video-preview:-1"},"canonical":"https:\/\/redenoticiaz.com.br\/litoralsp\/2023\/03\/26\/video-o-rei-da-tv-elenco-comenta-sobre-a-segunda-temporada","og_locale":"pt_BR","og_type":"article","og_title":"V\u00eddeo \u2013 O Rei da TV elenco comenta sobre a segunda temporada - Litoral SP","og_description":"Em novo v\u00eddeo exclusivo, divulgado pelo servi\u00e7o de streaming, os atores da s\u00e9rie O Rei da TV, falam sobre o que esperar dos novos epis\u00f3dios.","og_url":"https:\/\/redenoticiaz.com.br\/litoralsp\/2023\/03\/26\/video-o-rei-da-tv-elenco-comenta-sobre-a-segunda-temporada","og_site_name":"Litoral SP","article_published_time":"2023-03-26T17:00:13+00:00","og_image":[{"width":1366,"height":659,"url":"https:\/\/redenoticiaz.com.br\/litoralsp\/wp-content\/uploads\/sites\/3\/2023\/03\/Video-O-Rei-da-TV-elenco-comenta-sobre-a-segunda-temporada-1.jpg","type":"image\/jpeg"}],"twitter_card":"summary_large_image","twitter_misc":{"Escrito por":"","Est. tempo de leitura":"2 minutos"},"schema":{"@context":"https:\/\/schema.org","@graph":[{"@type":"Article","@id":"https:\/\/redenoticiaz.com.br\/litoralsp\/2023\/03\/26\/video-o-rei-da-tv-elenco-comenta-sobre-a-segunda-temporada#article","isPartOf":{"@id":"https:\/\/redenoticiaz.com.br\/litoralsp\/2023\/03\/26\/video-o-rei-da-tv-elenco-comenta-sobre-a-segunda-temporada"},"author":{"name":"","@id":""},"headline":"V\u00eddeo \u2013 O Rei da TV elenco comenta sobre a segunda temporada","datePublished":"2023-03-26T17:00:13+00:00","mainEntityOfPage":{"@id":"https:\/\/redenoticiaz.com.br\/litoralsp\/2023\/03\/26\/video-o-rei-da-tv-elenco-comenta-sobre-a-segunda-temporada"},"wordCount":365,"commentCount":0,"publisher":{"@id":"https:\/\/redenoticiaz.com.br\/litoralsp\/#organization"},"image":{"@id":"https:\/\/redenoticiaz.com.br\/litoralsp\/2023\/03\/26\/video-o-rei-da-tv-elenco-comenta-sobre-a-segunda-temporada#primaryimage"},"thumbnailUrl":"https:\/\/redenoticiaz.com.br\/litoralsp\/wp-content\/uploads\/sites\/3\/2023\/03\/Video-O-Rei-da-TV-elenco-comenta-sobre-a-segunda-temporada-1.jpg","keywords":["elenco","O REI DA TV","segunda temporada","STAR+","V\u00cdDEO"],"articleSection":["C\u00e2mera Z","Cultura","Entretenimento"],"inLanguage":"pt-BR","potentialAction":[{"@type":"CommentAction","name":"Comment","target":["https:\/\/redenoticiaz.com.br\/litoralsp\/2023\/03\/26\/video-o-rei-da-tv-elenco-comenta-sobre-a-segunda-temporada#respond"]}]},{"@type":"WebPage","@id":"https:\/\/redenoticiaz.com.br\/litoralsp\/2023\/03\/26\/video-o-rei-da-tv-elenco-comenta-sobre-a-segunda-temporada","url":"https:\/\/redenoticiaz.com.br\/litoralsp\/2023\/03\/26\/video-o-rei-da-tv-elenco-comenta-sobre-a-segunda-temporada","name":"V\u00eddeo \u2013 O Rei da TV elenco comenta sobre a segunda temporada - Litoral SP","isPartOf":{"@id":"https:\/\/redenoticiaz.com.br\/litoralsp\/#website"},"primaryImageOfPage":{"@id":"https:\/\/redenoticiaz.com.br\/litoralsp\/2023\/03\/26\/video-o-rei-da-tv-elenco-comenta-sobre-a-segunda-temporada#primaryimage"},"image":{"@id":"https:\/\/redenoticiaz.com.br\/litoralsp\/2023\/03\/26\/video-o-rei-da-tv-elenco-comenta-sobre-a-segunda-temporada#primaryimage"},"thumbnailUrl":"https:\/\/redenoticiaz.com.br\/litoralsp\/wp-content\/uploads\/sites\/3\/2023\/03\/Video-O-Rei-da-TV-elenco-comenta-sobre-a-segunda-temporada-1.jpg","datePublished":"2023-03-26T17:00:13+00:00","description":"Em novo v\u00eddeo exclusivo, divulgado pelo servi\u00e7o de streaming, os atores da s\u00e9rie O Rei da TV, falam sobre o que esperar dos novos epis\u00f3dios.","inLanguage":"pt-BR","potentialAction":[{"@type":"ReadAction","target":["https:\/\/redenoticiaz.com.br\/litoralsp\/2023\/03\/26\/video-o-rei-da-tv-elenco-comenta-sobre-a-segunda-temporada"]}]},{"@type":"ImageObject","inLanguage":"pt-BR","@id":"https:\/\/redenoticiaz.com.br\/litoralsp\/2023\/03\/26\/video-o-rei-da-tv-elenco-comenta-sobre-a-segunda-temporada#primaryimage","url":"https:\/\/redenoticiaz.com.br\/litoralsp\/wp-content\/uploads\/sites\/3\/2023\/03\/Video-O-Rei-da-TV-elenco-comenta-sobre-a-segunda-temporada-1.jpg","contentUrl":"https:\/\/redenoticiaz.com.br\/litoralsp\/wp-content\/uploads\/sites\/3\/2023\/03\/Video-O-Rei-da-TV-elenco-comenta-sobre-a-segunda-temporada-1.jpg","width":1366,"height":659,"caption":"Elenco da s\u00e9rie O Rei da Tv, fala sobre a segunda temporada. Cr\u00e9dito: Divulga\u00e7\u00e3o\/ Star+"},{"@type":"WebSite","@id":"https:\/\/redenoticiaz.com.br\/litoralsp\/#website","url":"https:\/\/redenoticiaz.com.br\/litoralsp\/","name":"Litoral SP","description":"Rede NoticiaZ","publisher":{"@id":"https:\/\/redenoticiaz.com.br\/litoralsp\/#organization"},"potentialAction":[{"@type":"SearchAction","target":{"@type":"EntryPoint","urlTemplate":"https:\/\/redenoticiaz.com.br\/litoralsp\/?s={search_term_string}"},"query-input":{"@type":"PropertyValueSpecification","valueRequired":true,"valueName":"search_term_string"}}],"inLanguage":"pt-BR"},{"@type":"Organization","@id":"https:\/\/redenoticiaz.com.br\/litoralsp\/#organization","name":"Litoral SP","url":"https:\/\/redenoticiaz.com.br\/litoralsp\/","logo":{"@type":"ImageObject","inLanguage":"pt-BR","@id":"https:\/\/redenoticiaz.com.br\/litoralsp\/#\/schema\/logo\/image\/","url":"https:\/\/redenoticiaz.com.br\/litoralsp\/wp-content\/uploads\/sites\/3\/2020\/11\/logo.jpg","contentUrl":"https:\/\/redenoticiaz.com.br\/litoralsp\/wp-content\/uploads\/sites\/3\/2020\/11\/logo.jpg","width":400,"height":250,"caption":"Litoral SP"},"image":{"@id":"https:\/\/redenoticiaz.com.br\/litoralsp\/#\/schema\/logo\/image\/"}},{"@type":"Person","@id":"","url":"https:\/\/redenoticiaz.com.br\/litoralsp\/author"}]}},"_links":{"self":[{"href":"https:\/\/redenoticiaz.com.br\/litoralsp\/wp-json\/wp\/v2\/posts\/102969","targetHints":{"allow":["GET"]}}],"collection":[{"href":"https:\/\/redenoticiaz.com.br\/litoralsp\/wp-json\/wp\/v2\/posts"}],"about":[{"href":"https:\/\/redenoticiaz.com.br\/litoralsp\/wp-json\/wp\/v2\/types\/post"}],"author":[{"embeddable":true,"href":"https:\/\/redenoticiaz.com.br\/litoralsp\/wp-json\/wp\/v2\/users\/15"}],"replies":[{"embeddable":true,"href":"https:\/\/redenoticiaz.com.br\/litoralsp\/wp-json\/wp\/v2\/comments?post=102969"}],"version-history":[{"count":2,"href":"https:\/\/redenoticiaz.com.br\/litoralsp\/wp-json\/wp\/v2\/posts\/102969\/revisions"}],"predecessor-version":[{"id":103044,"href":"https:\/\/redenoticiaz.com.br\/litoralsp\/wp-json\/wp\/v2\/posts\/102969\/revisions\/103044"}],"wp:featuredmedia":[{"embeddable":true,"href":"https:\/\/redenoticiaz.com.br\/litoralsp\/wp-json\/wp\/v2\/media\/103043"}],"wp:attachment":[{"href":"https:\/\/redenoticiaz.com.br\/litoralsp\/wp-json\/wp\/v2\/media?parent=102969"}],"wp:term":[{"taxonomy":"category","embeddable":true,"href":"https:\/\/redenoticiaz.com.br\/litoralsp\/wp-json\/wp\/v2\/categories?post=102969"},{"taxonomy":"post_tag","embeddable":true,"href":"https:\/\/redenoticiaz.com.br\/litoralsp\/wp-json\/wp\/v2\/tags?post=102969"}],"curies":[{"name":"wp","href":"https:\/\/api.w.org\/{rel}","templated":true}]}}