{"id":102998,"date":"2023-03-24T10:03:27","date_gmt":"2023-03-24T13:03:27","guid":{"rendered":"https:\/\/redenoticiaz.com.br\/litoralsp\/?p=102998"},"modified":"2023-03-24T10:03:27","modified_gmt":"2023-03-24T13:03:27","slug":"trio-e-preso-por-tentativa-de-furto-e-estelionato-em-santos","status":"publish","type":"post","link":"https:\/\/redenoticiaz.com.br\/litoralsp\/2023\/03\/24\/trio-e-preso-por-tentativa-de-furto-e-estelionato-em-santos","title":{"rendered":"Trio \u00e9 preso por tentativa de furto e estelionato em Santos"},"content":{"rendered":"<p>Tr\u00eas homens foram <strong>presos em flagrante acusados de tentativa de furto e estelionato<\/strong> em Santos. O crime aconteceu na quarta-feira (22), na orla da praia, quando eles queriam levar uma bicicleta que estava presa e ainda teriam tentado assaltar uma passageira.<\/p>\n<p>De acordo com a prefeitura, a Guarda Civil Municipal (GCM) de Santos foi acionada por volta das 23h, para uma ocorr\u00eancia de furto. Ao visualizarem as c\u00e2meras do Centro de Controle Operacional, os agentes visualizaram um homem em situa\u00e7\u00e3o de rua tentando romper o cadeado de uma bicicleta presa em um poste de sinaliza\u00e7\u00e3o, no ponto final dos \u00f4nibus que fica no Jos\u00e9 Menino, no limite com S\u00e3o Vicente.<\/p>\n<p>Com as caracter\u00edsticas f\u00edsicas repassadas pelo Centro de Controle Operacional (CCO), uma equipe da guarda municipal foi acionada e\u00a0 conseguiu capturar o acusado. Em confiss\u00e3o aos agentes, alegou ser viciado em drogas e que pretendia vender o ve\u00edculo para comprar pedras de crack. Segundo o boletim policial, a bicicleta pertencia a um motorista de \u00f4nibus.<\/p>\n<p>Uma\u00a0segunda\u00a0v\u00edtima informou aos guardas municipais que, minutos antes, o criminoso tentou furtar sua bolsa, enquanto aguardava o \u00f4nibus. O homem foi conduzido ao distrito policial e preso.<\/p>\n<p>\u00c0 tarde, outro indiv\u00edduo foi detido pela Guarda Municipal tamb\u00e9m tentando furtar uma bicicleta estacionada no Novo Quebra-Mar. O indiv\u00edduo foi preso ainda no interior do parque e encaminhado ao 7\u00ba Distrito Policial.<\/p>\n<h3>Estelionato<\/h3>\n<p>A segunda ocorr\u00eancia foi no Boqueir\u00e3o. Na ocasi\u00e3o, os guardas faziam patrulhamento \u00e0 tarde na praia do Boqueir\u00e3o, quando foram alertados por um representante da empresa de patinetes que atua na orla, de que um homem estava tentando liberar os ve\u00edculos utilizando documentos de terceiros.<\/p>\n<p>Os guardas o abordaram e, confrontando as informa\u00e7\u00f5es do aplicativo da empresa com os dados pessoais do acusado, verificaram diverg\u00eancias. Segundo o boletim policial, o propriet\u00e1rio da empresa vinha monitorando o suspeito em diversos golpes para liberar os ve\u00edculos por meio de cart\u00e3o de cr\u00e9dito de outras pessoas.<\/p>\n<p>O acusado foi levado \u00e0 delegacia e autuado por estelionato. Dois aparelhos celulares do suspeito tamb\u00e9m foram apreendidos para per\u00edcia policial.<\/p>\n<p><strong>LEIA TAMB\u00c9M<\/strong><\/p>\n<p><a href=\"https:\/\/redenoticiaz.com.br\/litoralsp\/2023\/03\/23\/pf-realiza-investigacao-contra-a-pornografia-infantil-em-bertioga\">PF realiza investiga\u00e7\u00e3o contra a pornografia infantil em Bertioga<\/a><\/p>\n","protected":false},"excerpt":{"rendered":"<p>Tr\u00eas homens foram presos em flagrante acusados de tentativa de furto e estelionato em Santos. O crime aconteceu na quarta-feira (22), na orla da praia, quando eles queriam levar uma bicicleta que estava presa e ainda teriam tentado assaltar uma passageira. De acordo com a prefeitura, a Guarda Civil Municipal (GCM) de Santos foi acionada &hellip;<\/p>\n","protected":false},"author":6,"featured_media":102999,"comment_status":"open","ping_status":"closed","sticky":false,"template":"","format":"standard","meta":{"footnotes":""},"categories":[10,180],"tags":[30249,43878,986,30517,27077],"class_list":["post-102998","post","type-post","status-publish","format-standard","has-post-thumbnail","hentry","category-policia","category-santos","tag-estelionato","tag-guarda-civil-municipal-de-santos","tag-santos","tag-tentativa-de-furto","tag-trio-preso"],"yoast_head":"<!-- This site is optimized with the Yoast SEO plugin v27.5 - https:\/\/yoast.com\/product\/yoast-seo-wordpress\/ -->\n<title>Trio \u00e9 preso por tentativa de furto e estelionato em Santos - Litoral SP<\/title>\n<meta name=\"description\" content=\"r\u00eas homens foram presos em flagrante acusados de tentativa de furto e estelionato em Santos. O crime aconteceu na quarta-\" \/>\n<meta name=\"robots\" content=\"index, follow, max-snippet:-1, max-image-preview:large, max-video-preview:-1\" \/>\n<link rel=\"canonical\" href=\"https:\/\/redenoticiaz.com.br\/litoralsp\/2023\/03\/24\/trio-e-preso-por-tentativa-de-furto-e-estelionato-em-santos\" \/>\n<meta property=\"og:locale\" content=\"pt_BR\" \/>\n<meta property=\"og:type\" content=\"article\" \/>\n<meta property=\"og:title\" content=\"Trio \u00e9 preso por tentativa de furto e estelionato em Santos - Litoral SP\" \/>\n<meta property=\"og:description\" content=\"r\u00eas homens foram presos em flagrante acusados de tentativa de furto e estelionato em Santos. O crime aconteceu na quarta-\" \/>\n<meta property=\"og:url\" content=\"https:\/\/redenoticiaz.com.br\/litoralsp\/2023\/03\/24\/trio-e-preso-por-tentativa-de-furto-e-estelionato-em-santos\" \/>\n<meta property=\"og:site_name\" content=\"Litoral SP\" \/>\n<meta property=\"article:published_time\" content=\"2023-03-24T13:03:27+00:00\" \/>\n<meta property=\"og:image\" content=\"https:\/\/redenoticiaz.com.br\/litoralsp\/wp-content\/uploads\/sites\/3\/2023\/03\/rouboest.jpg\" \/>\n\t<meta property=\"og:image:width\" content=\"900\" \/>\n\t<meta property=\"og:image:height\" content=\"600\" \/>\n\t<meta property=\"og:image:type\" content=\"image\/jpeg\" \/>\n<meta name=\"author\" content=\"Leonardo Francisco\" \/>\n<meta name=\"twitter:card\" content=\"summary_large_image\" \/>\n<meta name=\"twitter:label1\" content=\"Escrito por\" \/>\n\t<meta name=\"twitter:data1\" content=\"Leonardo Francisco\" \/>\n\t<meta name=\"twitter:label2\" content=\"Est. tempo de leitura\" \/>\n\t<meta name=\"twitter:data2\" content=\"2 minutos\" \/>\n<script type=\"application\/ld+json\" class=\"yoast-schema-graph\">{\"@context\":\"https:\\\/\\\/schema.org\",\"@graph\":[{\"@type\":\"Article\",\"@id\":\"https:\\\/\\\/redenoticiaz.com.br\\\/litoralsp\\\/2023\\\/03\\\/24\\\/trio-e-preso-por-tentativa-de-furto-e-estelionato-em-santos#article\",\"isPartOf\":{\"@id\":\"https:\\\/\\\/redenoticiaz.com.br\\\/litoralsp\\\/2023\\\/03\\\/24\\\/trio-e-preso-por-tentativa-de-furto-e-estelionato-em-santos\"},\"author\":{\"name\":\"Leonardo Francisco\",\"@id\":\"https:\\\/\\\/redenoticiaz.com.br\\\/litoralsp\\\/#\\\/schema\\\/person\\\/0f0b8a5bdafefe82841e07ae8d81ecb3\"},\"headline\":\"Trio \u00e9 preso por tentativa de furto e estelionato em Santos\",\"datePublished\":\"2023-03-24T13:03:27+00:00\",\"mainEntityOfPage\":{\"@id\":\"https:\\\/\\\/redenoticiaz.com.br\\\/litoralsp\\\/2023\\\/03\\\/24\\\/trio-e-preso-por-tentativa-de-furto-e-estelionato-em-santos\"},\"wordCount\":387,\"commentCount\":0,\"publisher\":{\"@id\":\"https:\\\/\\\/redenoticiaz.com.br\\\/litoralsp\\\/#organization\"},\"image\":{\"@id\":\"https:\\\/\\\/redenoticiaz.com.br\\\/litoralsp\\\/2023\\\/03\\\/24\\\/trio-e-preso-por-tentativa-de-furto-e-estelionato-em-santos#primaryimage\"},\"thumbnailUrl\":\"https:\\\/\\\/redenoticiaz.com.br\\\/litoralsp\\\/wp-content\\\/uploads\\\/sites\\\/3\\\/2023\\\/03\\\/rouboest.jpg\",\"keywords\":[\"ESTELIONATO\",\"GUARDA CIVIL MUNICIPAL DE SANTOS\",\"Santos\",\"TENTATIVA DE FURTO\",\"TRIO PRESO\"],\"articleSection\":[\"Pol\u00edcia\",\"Santos\"],\"inLanguage\":\"pt-BR\",\"potentialAction\":[{\"@type\":\"CommentAction\",\"name\":\"Comment\",\"target\":[\"https:\\\/\\\/redenoticiaz.com.br\\\/litoralsp\\\/2023\\\/03\\\/24\\\/trio-e-preso-por-tentativa-de-furto-e-estelionato-em-santos#respond\"]}]},{\"@type\":\"WebPage\",\"@id\":\"https:\\\/\\\/redenoticiaz.com.br\\\/litoralsp\\\/2023\\\/03\\\/24\\\/trio-e-preso-por-tentativa-de-furto-e-estelionato-em-santos\",\"url\":\"https:\\\/\\\/redenoticiaz.com.br\\\/litoralsp\\\/2023\\\/03\\\/24\\\/trio-e-preso-por-tentativa-de-furto-e-estelionato-em-santos\",\"name\":\"Trio \u00e9 preso por tentativa de furto e estelionato em Santos - Litoral SP\",\"isPartOf\":{\"@id\":\"https:\\\/\\\/redenoticiaz.com.br\\\/litoralsp\\\/#website\"},\"primaryImageOfPage\":{\"@id\":\"https:\\\/\\\/redenoticiaz.com.br\\\/litoralsp\\\/2023\\\/03\\\/24\\\/trio-e-preso-por-tentativa-de-furto-e-estelionato-em-santos#primaryimage\"},\"image\":{\"@id\":\"https:\\\/\\\/redenoticiaz.com.br\\\/litoralsp\\\/2023\\\/03\\\/24\\\/trio-e-preso-por-tentativa-de-furto-e-estelionato-em-santos#primaryimage\"},\"thumbnailUrl\":\"https:\\\/\\\/redenoticiaz.com.br\\\/litoralsp\\\/wp-content\\\/uploads\\\/sites\\\/3\\\/2023\\\/03\\\/rouboest.jpg\",\"datePublished\":\"2023-03-24T13:03:27+00:00\",\"description\":\"r\u00eas homens foram presos em flagrante acusados de tentativa de furto e estelionato em Santos. O crime aconteceu na quarta-\",\"inLanguage\":\"pt-BR\",\"potentialAction\":[{\"@type\":\"ReadAction\",\"target\":[\"https:\\\/\\\/redenoticiaz.com.br\\\/litoralsp\\\/2023\\\/03\\\/24\\\/trio-e-preso-por-tentativa-de-furto-e-estelionato-em-santos\"]}]},{\"@type\":\"ImageObject\",\"inLanguage\":\"pt-BR\",\"@id\":\"https:\\\/\\\/redenoticiaz.com.br\\\/litoralsp\\\/2023\\\/03\\\/24\\\/trio-e-preso-por-tentativa-de-furto-e-estelionato-em-santos#primaryimage\",\"url\":\"https:\\\/\\\/redenoticiaz.com.br\\\/litoralsp\\\/wp-content\\\/uploads\\\/sites\\\/3\\\/2023\\\/03\\\/rouboest.jpg\",\"contentUrl\":\"https:\\\/\\\/redenoticiaz.com.br\\\/litoralsp\\\/wp-content\\\/uploads\\\/sites\\\/3\\\/2023\\\/03\\\/rouboest.jpg\",\"width\":900,\"height\":600,\"caption\":\"Cr\u00e9ditos: Divulga\u00e7\u00e3o\\\/Prefeitura de Santos\"},{\"@type\":\"WebSite\",\"@id\":\"https:\\\/\\\/redenoticiaz.com.br\\\/litoralsp\\\/#website\",\"url\":\"https:\\\/\\\/redenoticiaz.com.br\\\/litoralsp\\\/\",\"name\":\"Litoral SP\",\"description\":\"Rede NoticiaZ\",\"publisher\":{\"@id\":\"https:\\\/\\\/redenoticiaz.com.br\\\/litoralsp\\\/#organization\"},\"potentialAction\":[{\"@type\":\"SearchAction\",\"target\":{\"@type\":\"EntryPoint\",\"urlTemplate\":\"https:\\\/\\\/redenoticiaz.com.br\\\/litoralsp\\\/?s={search_term_string}\"},\"query-input\":{\"@type\":\"PropertyValueSpecification\",\"valueRequired\":true,\"valueName\":\"search_term_string\"}}],\"inLanguage\":\"pt-BR\"},{\"@type\":\"Organization\",\"@id\":\"https:\\\/\\\/redenoticiaz.com.br\\\/litoralsp\\\/#organization\",\"name\":\"Litoral SP\",\"url\":\"https:\\\/\\\/redenoticiaz.com.br\\\/litoralsp\\\/\",\"logo\":{\"@type\":\"ImageObject\",\"inLanguage\":\"pt-BR\",\"@id\":\"https:\\\/\\\/redenoticiaz.com.br\\\/litoralsp\\\/#\\\/schema\\\/logo\\\/image\\\/\",\"url\":\"https:\\\/\\\/redenoticiaz.com.br\\\/litoralsp\\\/wp-content\\\/uploads\\\/sites\\\/3\\\/2020\\\/11\\\/logo.jpg\",\"contentUrl\":\"https:\\\/\\\/redenoticiaz.com.br\\\/litoralsp\\\/wp-content\\\/uploads\\\/sites\\\/3\\\/2020\\\/11\\\/logo.jpg\",\"width\":400,\"height\":250,\"caption\":\"Litoral SP\"},\"image\":{\"@id\":\"https:\\\/\\\/redenoticiaz.com.br\\\/litoralsp\\\/#\\\/schema\\\/logo\\\/image\\\/\"}},{\"@type\":\"Person\",\"@id\":\"https:\\\/\\\/redenoticiaz.com.br\\\/litoralsp\\\/#\\\/schema\\\/person\\\/0f0b8a5bdafefe82841e07ae8d81ecb3\",\"name\":\"Leonardo Francisco\",\"image\":{\"@type\":\"ImageObject\",\"inLanguage\":\"pt-BR\",\"@id\":\"https:\\\/\\\/secure.gravatar.com\\\/avatar\\\/a7358cb406a99b682ec6df1e77e31ae82e63601f6784e8a3df411d72b37864da?s=96&d=mm&r=g\",\"url\":\"https:\\\/\\\/secure.gravatar.com\\\/avatar\\\/a7358cb406a99b682ec6df1e77e31ae82e63601f6784e8a3df411d72b37864da?s=96&d=mm&r=g\",\"contentUrl\":\"https:\\\/\\\/secure.gravatar.com\\\/avatar\\\/a7358cb406a99b682ec6df1e77e31ae82e63601f6784e8a3df411d72b37864da?s=96&d=mm&r=g\",\"caption\":\"Leonardo Francisco\"},\"url\":\"https:\\\/\\\/redenoticiaz.com.br\\\/litoralsp\\\/author\\\/leonardo-francisco\"}]}<\/script>\n<!-- \/ Yoast SEO plugin. -->","yoast_head_json":{"title":"Trio \u00e9 preso por tentativa de furto e estelionato em Santos - Litoral SP","description":"r\u00eas homens foram presos em flagrante acusados de tentativa de furto e estelionato em Santos. O crime aconteceu na quarta-","robots":{"index":"index","follow":"follow","max-snippet":"max-snippet:-1","max-image-preview":"max-image-preview:large","max-video-preview":"max-video-preview:-1"},"canonical":"https:\/\/redenoticiaz.com.br\/litoralsp\/2023\/03\/24\/trio-e-preso-por-tentativa-de-furto-e-estelionato-em-santos","og_locale":"pt_BR","og_type":"article","og_title":"Trio \u00e9 preso por tentativa de furto e estelionato em Santos - Litoral SP","og_description":"r\u00eas homens foram presos em flagrante acusados de tentativa de furto e estelionato em Santos. O crime aconteceu na quarta-","og_url":"https:\/\/redenoticiaz.com.br\/litoralsp\/2023\/03\/24\/trio-e-preso-por-tentativa-de-furto-e-estelionato-em-santos","og_site_name":"Litoral SP","article_published_time":"2023-03-24T13:03:27+00:00","og_image":[{"width":900,"height":600,"url":"https:\/\/redenoticiaz.com.br\/litoralsp\/wp-content\/uploads\/sites\/3\/2023\/03\/rouboest.jpg","type":"image\/jpeg"}],"author":"Leonardo Francisco","twitter_card":"summary_large_image","twitter_misc":{"Escrito por":"Leonardo Francisco","Est. tempo de leitura":"2 minutos"},"schema":{"@context":"https:\/\/schema.org","@graph":[{"@type":"Article","@id":"https:\/\/redenoticiaz.com.br\/litoralsp\/2023\/03\/24\/trio-e-preso-por-tentativa-de-furto-e-estelionato-em-santos#article","isPartOf":{"@id":"https:\/\/redenoticiaz.com.br\/litoralsp\/2023\/03\/24\/trio-e-preso-por-tentativa-de-furto-e-estelionato-em-santos"},"author":{"name":"Leonardo Francisco","@id":"https:\/\/redenoticiaz.com.br\/litoralsp\/#\/schema\/person\/0f0b8a5bdafefe82841e07ae8d81ecb3"},"headline":"Trio \u00e9 preso por tentativa de furto e estelionato em Santos","datePublished":"2023-03-24T13:03:27+00:00","mainEntityOfPage":{"@id":"https:\/\/redenoticiaz.com.br\/litoralsp\/2023\/03\/24\/trio-e-preso-por-tentativa-de-furto-e-estelionato-em-santos"},"wordCount":387,"commentCount":0,"publisher":{"@id":"https:\/\/redenoticiaz.com.br\/litoralsp\/#organization"},"image":{"@id":"https:\/\/redenoticiaz.com.br\/litoralsp\/2023\/03\/24\/trio-e-preso-por-tentativa-de-furto-e-estelionato-em-santos#primaryimage"},"thumbnailUrl":"https:\/\/redenoticiaz.com.br\/litoralsp\/wp-content\/uploads\/sites\/3\/2023\/03\/rouboest.jpg","keywords":["ESTELIONATO","GUARDA CIVIL MUNICIPAL DE SANTOS","Santos","TENTATIVA DE FURTO","TRIO PRESO"],"articleSection":["Pol\u00edcia","Santos"],"inLanguage":"pt-BR","potentialAction":[{"@type":"CommentAction","name":"Comment","target":["https:\/\/redenoticiaz.com.br\/litoralsp\/2023\/03\/24\/trio-e-preso-por-tentativa-de-furto-e-estelionato-em-santos#respond"]}]},{"@type":"WebPage","@id":"https:\/\/redenoticiaz.com.br\/litoralsp\/2023\/03\/24\/trio-e-preso-por-tentativa-de-furto-e-estelionato-em-santos","url":"https:\/\/redenoticiaz.com.br\/litoralsp\/2023\/03\/24\/trio-e-preso-por-tentativa-de-furto-e-estelionato-em-santos","name":"Trio \u00e9 preso por tentativa de furto e estelionato em Santos - Litoral SP","isPartOf":{"@id":"https:\/\/redenoticiaz.com.br\/litoralsp\/#website"},"primaryImageOfPage":{"@id":"https:\/\/redenoticiaz.com.br\/litoralsp\/2023\/03\/24\/trio-e-preso-por-tentativa-de-furto-e-estelionato-em-santos#primaryimage"},"image":{"@id":"https:\/\/redenoticiaz.com.br\/litoralsp\/2023\/03\/24\/trio-e-preso-por-tentativa-de-furto-e-estelionato-em-santos#primaryimage"},"thumbnailUrl":"https:\/\/redenoticiaz.com.br\/litoralsp\/wp-content\/uploads\/sites\/3\/2023\/03\/rouboest.jpg","datePublished":"2023-03-24T13:03:27+00:00","description":"r\u00eas homens foram presos em flagrante acusados de tentativa de furto e estelionato em Santos. O crime aconteceu na quarta-","inLanguage":"pt-BR","potentialAction":[{"@type":"ReadAction","target":["https:\/\/redenoticiaz.com.br\/litoralsp\/2023\/03\/24\/trio-e-preso-por-tentativa-de-furto-e-estelionato-em-santos"]}]},{"@type":"ImageObject","inLanguage":"pt-BR","@id":"https:\/\/redenoticiaz.com.br\/litoralsp\/2023\/03\/24\/trio-e-preso-por-tentativa-de-furto-e-estelionato-em-santos#primaryimage","url":"https:\/\/redenoticiaz.com.br\/litoralsp\/wp-content\/uploads\/sites\/3\/2023\/03\/rouboest.jpg","contentUrl":"https:\/\/redenoticiaz.com.br\/litoralsp\/wp-content\/uploads\/sites\/3\/2023\/03\/rouboest.jpg","width":900,"height":600,"caption":"Cr\u00e9ditos: Divulga\u00e7\u00e3o\/Prefeitura de Santos"},{"@type":"WebSite","@id":"https:\/\/redenoticiaz.com.br\/litoralsp\/#website","url":"https:\/\/redenoticiaz.com.br\/litoralsp\/","name":"Litoral SP","description":"Rede NoticiaZ","publisher":{"@id":"https:\/\/redenoticiaz.com.br\/litoralsp\/#organization"},"potentialAction":[{"@type":"SearchAction","target":{"@type":"EntryPoint","urlTemplate":"https:\/\/redenoticiaz.com.br\/litoralsp\/?s={search_term_string}"},"query-input":{"@type":"PropertyValueSpecification","valueRequired":true,"valueName":"search_term_string"}}],"inLanguage":"pt-BR"},{"@type":"Organization","@id":"https:\/\/redenoticiaz.com.br\/litoralsp\/#organization","name":"Litoral SP","url":"https:\/\/redenoticiaz.com.br\/litoralsp\/","logo":{"@type":"ImageObject","inLanguage":"pt-BR","@id":"https:\/\/redenoticiaz.com.br\/litoralsp\/#\/schema\/logo\/image\/","url":"https:\/\/redenoticiaz.com.br\/litoralsp\/wp-content\/uploads\/sites\/3\/2020\/11\/logo.jpg","contentUrl":"https:\/\/redenoticiaz.com.br\/litoralsp\/wp-content\/uploads\/sites\/3\/2020\/11\/logo.jpg","width":400,"height":250,"caption":"Litoral SP"},"image":{"@id":"https:\/\/redenoticiaz.com.br\/litoralsp\/#\/schema\/logo\/image\/"}},{"@type":"Person","@id":"https:\/\/redenoticiaz.com.br\/litoralsp\/#\/schema\/person\/0f0b8a5bdafefe82841e07ae8d81ecb3","name":"Leonardo Francisco","image":{"@type":"ImageObject","inLanguage":"pt-BR","@id":"https:\/\/secure.gravatar.com\/avatar\/a7358cb406a99b682ec6df1e77e31ae82e63601f6784e8a3df411d72b37864da?s=96&d=mm&r=g","url":"https:\/\/secure.gravatar.com\/avatar\/a7358cb406a99b682ec6df1e77e31ae82e63601f6784e8a3df411d72b37864da?s=96&d=mm&r=g","contentUrl":"https:\/\/secure.gravatar.com\/avatar\/a7358cb406a99b682ec6df1e77e31ae82e63601f6784e8a3df411d72b37864da?s=96&d=mm&r=g","caption":"Leonardo Francisco"},"url":"https:\/\/redenoticiaz.com.br\/litoralsp\/author\/leonardo-francisco"}]}},"_links":{"self":[{"href":"https:\/\/redenoticiaz.com.br\/litoralsp\/wp-json\/wp\/v2\/posts\/102998","targetHints":{"allow":["GET"]}}],"collection":[{"href":"https:\/\/redenoticiaz.com.br\/litoralsp\/wp-json\/wp\/v2\/posts"}],"about":[{"href":"https:\/\/redenoticiaz.com.br\/litoralsp\/wp-json\/wp\/v2\/types\/post"}],"author":[{"embeddable":true,"href":"https:\/\/redenoticiaz.com.br\/litoralsp\/wp-json\/wp\/v2\/users\/6"}],"replies":[{"embeddable":true,"href":"https:\/\/redenoticiaz.com.br\/litoralsp\/wp-json\/wp\/v2\/comments?post=102998"}],"version-history":[{"count":2,"href":"https:\/\/redenoticiaz.com.br\/litoralsp\/wp-json\/wp\/v2\/posts\/102998\/revisions"}],"predecessor-version":[{"id":103001,"href":"https:\/\/redenoticiaz.com.br\/litoralsp\/wp-json\/wp\/v2\/posts\/102998\/revisions\/103001"}],"wp:featuredmedia":[{"embeddable":true,"href":"https:\/\/redenoticiaz.com.br\/litoralsp\/wp-json\/wp\/v2\/media\/102999"}],"wp:attachment":[{"href":"https:\/\/redenoticiaz.com.br\/litoralsp\/wp-json\/wp\/v2\/media?parent=102998"}],"wp:term":[{"taxonomy":"category","embeddable":true,"href":"https:\/\/redenoticiaz.com.br\/litoralsp\/wp-json\/wp\/v2\/categories?post=102998"},{"taxonomy":"post_tag","embeddable":true,"href":"https:\/\/redenoticiaz.com.br\/litoralsp\/wp-json\/wp\/v2\/tags?post=102998"}],"curies":[{"name":"wp","href":"https:\/\/api.w.org\/{rel}","templated":true}]}}