{"id":103144,"date":"2023-03-27T10:23:54","date_gmt":"2023-03-27T13:23:54","guid":{"rendered":"https:\/\/redenoticiaz.com.br\/litoralsp\/?p=103144"},"modified":"2023-03-27T10:23:54","modified_gmt":"2023-03-27T13:23:54","slug":"bronca-com-sabor-de-pizza-motivou-tiroteio-em-pizzaria-de-mongagua","status":"publish","type":"post","link":"https:\/\/redenoticiaz.com.br\/litoralsp\/2023\/03\/27\/bronca-com-sabor-de-pizza-motivou-tiroteio-em-pizzaria-de-mongagua","title":{"rendered":"Bronca com sabor de pizza motivou tiroteio em pizzaria de Mongagu\u00e1"},"content":{"rendered":"<div id=\"chunk-4c3od\">\n<div class=\"mc-column content-text active-extra-styles \" data-block-type=\"unstyled\" data-block-weight=\"39\" data-block-id=\"5\">\n<div id=\"chunk-8mt6g\">\n<div class=\"mc-column content-text active-extra-styles \" data-block-type=\"unstyled\" data-block-weight=\"64\" data-block-id=\"10\">\n<div id=\"chunk-f57ot\">\n<div class=\"mc-column content-text active-extra-styles \" data-block-type=\"unstyled\" data-block-weight=\"25\" data-block-id=\"15\">\n<p>Novas imagens mostraram detalhes do <strong>tiroteio ocorrido dentro de uma pizzaria<\/strong> em Mongagu\u00e1, no s\u00e1bado (25). Por causa do disparo, o gar\u00e7om de 26 anos, ficou ferido na virilha e lombar e precisou ser hospitalizado. O atirador foi preso em flagrante e a motiva\u00e7\u00e3o foi por conta de uma discuss\u00e3o envolvendo o <strong>sabor da pizza.<\/strong><\/p>\n<p>Segundo informa\u00e7\u00f5es, o atirador de 41 anos era cliente e reclamou com o sabor da pizza, que foi servido de maneira errada. Em seguida, a confus\u00e3o ocorrida na pizzaria localizada na Avenida Marina, no Centro. A v\u00edtima foi socorrida por testemunhas e levada \u00e0 unidade de sa\u00fade. J\u00e1 o atirador foi preso em flagrante por porte ilegal de arma e les\u00e3o corporal.<\/p>\n<p>De acordo com a Pol\u00edcia Militar, agentes da 1\u00aa Companhia do 29\u00ba Batalh\u00e3o de Pol\u00edcia Militar do Interior (BPMI) foram acionados por testemunhas. No local, os militares constaram que o cliente, autor dos disparos, estava acompanhado da esposa.<\/p>\n<p>O casal teria pedido um determinado sabor de pizza, mas ao ser servido pelo gar\u00e7om, o homem informou ao funcion\u00e1rio que aquele sabor n\u00e3o era o que ele havia pedido. Na sequ\u00eancia, segundo a PM, iniciou-se uma discuss\u00e3o entre o cliente e alguns funcion\u00e1rios. \u201cMomento em que o cliente, de posse de um rev\u00f3lver, efetuou alguns disparos na dire\u00e7\u00e3o dos funcion\u00e1rios\u201d, acrescentou a corpora\u00e7\u00e3o.<\/p>\n<h3>Detalhes<\/h3>\n<p>Nas imagens foi poss\u00edvel ver o cliente, de camiseta escura, e um funcion\u00e1rio usando uma camiseta branca, saindo da pizzaria trocando agress\u00f5es. Logo aparecem mais dois homens e uma mulher, que tentam separar a briga, afastando os homens aos socos.<\/p>\n<p>Neste momento, outro homem surge correndo e acerta um soco no rosto de Orlando, que estava preso contra um carro estacionado. Poucos segundos depois, inicia-se a correria dos clientes, que fugiram ao ouvir o barulho dos tiros.<\/p>\n<p>A Pol\u00edcia Militar informou que, al\u00e9m do autor dos disparos, tamb\u00e9m foram apreendidos o rev\u00f3lver dele de calibre 38, dez muni\u00e7\u00f5es intactas e um canivete.<\/p>\n<p data-track-category=\"Link no Texto\" data-track-links=\"\"><strong>LEIA TAMB\u00c9M<\/strong><\/p>\n<p data-track-category=\"Link no Texto\" data-track-links=\"\"><a href=\"https:\/\/redenoticiaz.com.br\/litoralsp\/2023\/03\/26\/video-tiroteio-dentro-de-pizzaria-de-mongagua-deixa-garcom-ferido\">V\u00cdDEO \u2013 Tiroteio dentro de pizzaria de Mongagu\u00e1 deixa gar\u00e7om ferido<\/a><\/p>\n<\/div>\n<\/div>\n<\/div>\n<\/div>\n<\/div>\n<\/div>\n","protected":false},"excerpt":{"rendered":"<p>Novas imagens mostraram detalhes do tiroteio ocorrido dentro de uma pizzaria em Mongagu\u00e1, no s\u00e1bado (25). Por causa do disparo, o gar\u00e7om de 26 anos, ficou ferido na virilha e lombar e precisou ser hospitalizado. O atirador foi preso em flagrante e a motiva\u00e7\u00e3o foi por conta de uma discuss\u00e3o envolvendo o sabor da pizza. &hellip;<\/p>\n","protected":false},"author":6,"featured_media":103145,"comment_status":"open","ping_status":"closed","sticky":false,"template":"","format":"standard","meta":{"footnotes":""},"categories":[183,10],"tags":[64206,1051,45019,64228,2806],"class_list":["post-103144","post","type-post","status-publish","format-standard","has-post-thumbnail","hentry","category-mongagua","category-policia","tag-garcom-ferido","tag-mongagua","tag-pizzaria","tag-sabor-de-pizza","tag-tiroteio"],"yoast_head":"<!-- This site is optimized with the Yoast SEO plugin v27.5 - https:\/\/yoast.com\/product\/yoast-seo-wordpress\/ -->\n<title>Bronca com sabor de pizza motivou tiroteio em pizzaria de Mongagu\u00e1 - Litoral SP<\/title>\n<meta name=\"description\" content=\"e precisou ser hospitalizado. O atirador foi preso em flagrante e a motiva\u00e7\u00e3o foi por conta de uma discuss\u00e3o envolvendo o sabor da pizza.\" \/>\n<meta name=\"robots\" content=\"index, follow, max-snippet:-1, max-image-preview:large, max-video-preview:-1\" \/>\n<link rel=\"canonical\" href=\"https:\/\/redenoticiaz.com.br\/litoralsp\/2023\/03\/27\/bronca-com-sabor-de-pizza-motivou-tiroteio-em-pizzaria-de-mongagua\" \/>\n<meta property=\"og:locale\" content=\"pt_BR\" \/>\n<meta property=\"og:type\" content=\"article\" \/>\n<meta property=\"og:title\" content=\"Bronca com sabor de pizza motivou tiroteio em pizzaria de Mongagu\u00e1 - Litoral SP\" \/>\n<meta property=\"og:description\" content=\"e precisou ser hospitalizado. O atirador foi preso em flagrante e a motiva\u00e7\u00e3o foi por conta de uma discuss\u00e3o envolvendo o sabor da pizza.\" \/>\n<meta property=\"og:url\" content=\"https:\/\/redenoticiaz.com.br\/litoralsp\/2023\/03\/27\/bronca-com-sabor-de-pizza-motivou-tiroteio-em-pizzaria-de-mongagua\" \/>\n<meta property=\"og:site_name\" content=\"Litoral SP\" \/>\n<meta property=\"article:published_time\" content=\"2023-03-27T13:23:54+00:00\" \/>\n<meta property=\"og:image\" content=\"https:\/\/redenoticiaz.com.br\/litoralsp\/wp-content\/uploads\/sites\/3\/2023\/03\/PIZZARIA-TIROS.jpg\" \/>\n\t<meta property=\"og:image:width\" content=\"519\" \/>\n\t<meta property=\"og:image:height\" content=\"293\" \/>\n\t<meta property=\"og:image:type\" content=\"image\/jpeg\" \/>\n<meta name=\"author\" content=\"Leonardo Francisco\" \/>\n<meta name=\"twitter:card\" content=\"summary_large_image\" \/>\n<meta name=\"twitter:label1\" content=\"Escrito por\" \/>\n\t<meta name=\"twitter:data1\" content=\"Leonardo Francisco\" \/>\n\t<meta name=\"twitter:label2\" content=\"Est. tempo de leitura\" \/>\n\t<meta name=\"twitter:data2\" content=\"2 minutos\" \/>\n<script type=\"application\/ld+json\" class=\"yoast-schema-graph\">{\"@context\":\"https:\\\/\\\/schema.org\",\"@graph\":[{\"@type\":\"Article\",\"@id\":\"https:\\\/\\\/redenoticiaz.com.br\\\/litoralsp\\\/2023\\\/03\\\/27\\\/bronca-com-sabor-de-pizza-motivou-tiroteio-em-pizzaria-de-mongagua#article\",\"isPartOf\":{\"@id\":\"https:\\\/\\\/redenoticiaz.com.br\\\/litoralsp\\\/2023\\\/03\\\/27\\\/bronca-com-sabor-de-pizza-motivou-tiroteio-em-pizzaria-de-mongagua\"},\"author\":{\"name\":\"Leonardo Francisco\",\"@id\":\"https:\\\/\\\/redenoticiaz.com.br\\\/litoralsp\\\/#\\\/schema\\\/person\\\/0f0b8a5bdafefe82841e07ae8d81ecb3\"},\"headline\":\"Bronca com sabor de pizza motivou tiroteio em pizzaria de Mongagu\u00e1\",\"datePublished\":\"2023-03-27T13:23:54+00:00\",\"mainEntityOfPage\":{\"@id\":\"https:\\\/\\\/redenoticiaz.com.br\\\/litoralsp\\\/2023\\\/03\\\/27\\\/bronca-com-sabor-de-pizza-motivou-tiroteio-em-pizzaria-de-mongagua\"},\"wordCount\":371,\"commentCount\":0,\"publisher\":{\"@id\":\"https:\\\/\\\/redenoticiaz.com.br\\\/litoralsp\\\/#organization\"},\"image\":{\"@id\":\"https:\\\/\\\/redenoticiaz.com.br\\\/litoralsp\\\/2023\\\/03\\\/27\\\/bronca-com-sabor-de-pizza-motivou-tiroteio-em-pizzaria-de-mongagua#primaryimage\"},\"thumbnailUrl\":\"https:\\\/\\\/redenoticiaz.com.br\\\/litoralsp\\\/wp-content\\\/uploads\\\/sites\\\/3\\\/2023\\\/03\\\/PIZZARIA-TIROS.jpg\",\"keywords\":[\"GAR\u00c7OM FERIDO\",\"MONGAGU\u00c1\",\"PIZZARIA\",\"SABOR DE PIZZA\",\"TIROTEIO\"],\"articleSection\":[\"Mongagu\u00e1\",\"Pol\u00edcia\"],\"inLanguage\":\"pt-BR\",\"potentialAction\":[{\"@type\":\"CommentAction\",\"name\":\"Comment\",\"target\":[\"https:\\\/\\\/redenoticiaz.com.br\\\/litoralsp\\\/2023\\\/03\\\/27\\\/bronca-com-sabor-de-pizza-motivou-tiroteio-em-pizzaria-de-mongagua#respond\"]}]},{\"@type\":\"WebPage\",\"@id\":\"https:\\\/\\\/redenoticiaz.com.br\\\/litoralsp\\\/2023\\\/03\\\/27\\\/bronca-com-sabor-de-pizza-motivou-tiroteio-em-pizzaria-de-mongagua\",\"url\":\"https:\\\/\\\/redenoticiaz.com.br\\\/litoralsp\\\/2023\\\/03\\\/27\\\/bronca-com-sabor-de-pizza-motivou-tiroteio-em-pizzaria-de-mongagua\",\"name\":\"Bronca com sabor de pizza motivou tiroteio em pizzaria de Mongagu\u00e1 - Litoral SP\",\"isPartOf\":{\"@id\":\"https:\\\/\\\/redenoticiaz.com.br\\\/litoralsp\\\/#website\"},\"primaryImageOfPage\":{\"@id\":\"https:\\\/\\\/redenoticiaz.com.br\\\/litoralsp\\\/2023\\\/03\\\/27\\\/bronca-com-sabor-de-pizza-motivou-tiroteio-em-pizzaria-de-mongagua#primaryimage\"},\"image\":{\"@id\":\"https:\\\/\\\/redenoticiaz.com.br\\\/litoralsp\\\/2023\\\/03\\\/27\\\/bronca-com-sabor-de-pizza-motivou-tiroteio-em-pizzaria-de-mongagua#primaryimage\"},\"thumbnailUrl\":\"https:\\\/\\\/redenoticiaz.com.br\\\/litoralsp\\\/wp-content\\\/uploads\\\/sites\\\/3\\\/2023\\\/03\\\/PIZZARIA-TIROS.jpg\",\"datePublished\":\"2023-03-27T13:23:54+00:00\",\"description\":\"e precisou ser hospitalizado. O atirador foi preso em flagrante e a motiva\u00e7\u00e3o foi por conta de uma discuss\u00e3o envolvendo o sabor da pizza.\",\"inLanguage\":\"pt-BR\",\"potentialAction\":[{\"@type\":\"ReadAction\",\"target\":[\"https:\\\/\\\/redenoticiaz.com.br\\\/litoralsp\\\/2023\\\/03\\\/27\\\/bronca-com-sabor-de-pizza-motivou-tiroteio-em-pizzaria-de-mongagua\"]}]},{\"@type\":\"ImageObject\",\"inLanguage\":\"pt-BR\",\"@id\":\"https:\\\/\\\/redenoticiaz.com.br\\\/litoralsp\\\/2023\\\/03\\\/27\\\/bronca-com-sabor-de-pizza-motivou-tiroteio-em-pizzaria-de-mongagua#primaryimage\",\"url\":\"https:\\\/\\\/redenoticiaz.com.br\\\/litoralsp\\\/wp-content\\\/uploads\\\/sites\\\/3\\\/2023\\\/03\\\/PIZZARIA-TIROS.jpg\",\"contentUrl\":\"https:\\\/\\\/redenoticiaz.com.br\\\/litoralsp\\\/wp-content\\\/uploads\\\/sites\\\/3\\\/2023\\\/03\\\/PIZZARIA-TIROS.jpg\",\"width\":519,\"height\":293,\"caption\":\"Cr\u00e9ditos: Reprodu\u00e7\u00e3o\"},{\"@type\":\"WebSite\",\"@id\":\"https:\\\/\\\/redenoticiaz.com.br\\\/litoralsp\\\/#website\",\"url\":\"https:\\\/\\\/redenoticiaz.com.br\\\/litoralsp\\\/\",\"name\":\"Litoral SP\",\"description\":\"Rede NoticiaZ\",\"publisher\":{\"@id\":\"https:\\\/\\\/redenoticiaz.com.br\\\/litoralsp\\\/#organization\"},\"potentialAction\":[{\"@type\":\"SearchAction\",\"target\":{\"@type\":\"EntryPoint\",\"urlTemplate\":\"https:\\\/\\\/redenoticiaz.com.br\\\/litoralsp\\\/?s={search_term_string}\"},\"query-input\":{\"@type\":\"PropertyValueSpecification\",\"valueRequired\":true,\"valueName\":\"search_term_string\"}}],\"inLanguage\":\"pt-BR\"},{\"@type\":\"Organization\",\"@id\":\"https:\\\/\\\/redenoticiaz.com.br\\\/litoralsp\\\/#organization\",\"name\":\"Litoral SP\",\"url\":\"https:\\\/\\\/redenoticiaz.com.br\\\/litoralsp\\\/\",\"logo\":{\"@type\":\"ImageObject\",\"inLanguage\":\"pt-BR\",\"@id\":\"https:\\\/\\\/redenoticiaz.com.br\\\/litoralsp\\\/#\\\/schema\\\/logo\\\/image\\\/\",\"url\":\"https:\\\/\\\/redenoticiaz.com.br\\\/litoralsp\\\/wp-content\\\/uploads\\\/sites\\\/3\\\/2020\\\/11\\\/logo.jpg\",\"contentUrl\":\"https:\\\/\\\/redenoticiaz.com.br\\\/litoralsp\\\/wp-content\\\/uploads\\\/sites\\\/3\\\/2020\\\/11\\\/logo.jpg\",\"width\":400,\"height\":250,\"caption\":\"Litoral SP\"},\"image\":{\"@id\":\"https:\\\/\\\/redenoticiaz.com.br\\\/litoralsp\\\/#\\\/schema\\\/logo\\\/image\\\/\"}},{\"@type\":\"Person\",\"@id\":\"https:\\\/\\\/redenoticiaz.com.br\\\/litoralsp\\\/#\\\/schema\\\/person\\\/0f0b8a5bdafefe82841e07ae8d81ecb3\",\"name\":\"Leonardo Francisco\",\"image\":{\"@type\":\"ImageObject\",\"inLanguage\":\"pt-BR\",\"@id\":\"https:\\\/\\\/secure.gravatar.com\\\/avatar\\\/a7358cb406a99b682ec6df1e77e31ae82e63601f6784e8a3df411d72b37864da?s=96&d=mm&r=g\",\"url\":\"https:\\\/\\\/secure.gravatar.com\\\/avatar\\\/a7358cb406a99b682ec6df1e77e31ae82e63601f6784e8a3df411d72b37864da?s=96&d=mm&r=g\",\"contentUrl\":\"https:\\\/\\\/secure.gravatar.com\\\/avatar\\\/a7358cb406a99b682ec6df1e77e31ae82e63601f6784e8a3df411d72b37864da?s=96&d=mm&r=g\",\"caption\":\"Leonardo Francisco\"},\"url\":\"https:\\\/\\\/redenoticiaz.com.br\\\/litoralsp\\\/author\\\/leonardo-francisco\"}]}<\/script>\n<!-- \/ Yoast SEO plugin. -->","yoast_head_json":{"title":"Bronca com sabor de pizza motivou tiroteio em pizzaria de Mongagu\u00e1 - Litoral SP","description":"e precisou ser hospitalizado. O atirador foi preso em flagrante e a motiva\u00e7\u00e3o foi por conta de uma discuss\u00e3o envolvendo o sabor da pizza.","robots":{"index":"index","follow":"follow","max-snippet":"max-snippet:-1","max-image-preview":"max-image-preview:large","max-video-preview":"max-video-preview:-1"},"canonical":"https:\/\/redenoticiaz.com.br\/litoralsp\/2023\/03\/27\/bronca-com-sabor-de-pizza-motivou-tiroteio-em-pizzaria-de-mongagua","og_locale":"pt_BR","og_type":"article","og_title":"Bronca com sabor de pizza motivou tiroteio em pizzaria de Mongagu\u00e1 - Litoral SP","og_description":"e precisou ser hospitalizado. O atirador foi preso em flagrante e a motiva\u00e7\u00e3o foi por conta de uma discuss\u00e3o envolvendo o sabor da pizza.","og_url":"https:\/\/redenoticiaz.com.br\/litoralsp\/2023\/03\/27\/bronca-com-sabor-de-pizza-motivou-tiroteio-em-pizzaria-de-mongagua","og_site_name":"Litoral SP","article_published_time":"2023-03-27T13:23:54+00:00","og_image":[{"width":519,"height":293,"url":"https:\/\/redenoticiaz.com.br\/litoralsp\/wp-content\/uploads\/sites\/3\/2023\/03\/PIZZARIA-TIROS.jpg","type":"image\/jpeg"}],"author":"Leonardo Francisco","twitter_card":"summary_large_image","twitter_misc":{"Escrito por":"Leonardo Francisco","Est. tempo de leitura":"2 minutos"},"schema":{"@context":"https:\/\/schema.org","@graph":[{"@type":"Article","@id":"https:\/\/redenoticiaz.com.br\/litoralsp\/2023\/03\/27\/bronca-com-sabor-de-pizza-motivou-tiroteio-em-pizzaria-de-mongagua#article","isPartOf":{"@id":"https:\/\/redenoticiaz.com.br\/litoralsp\/2023\/03\/27\/bronca-com-sabor-de-pizza-motivou-tiroteio-em-pizzaria-de-mongagua"},"author":{"name":"Leonardo Francisco","@id":"https:\/\/redenoticiaz.com.br\/litoralsp\/#\/schema\/person\/0f0b8a5bdafefe82841e07ae8d81ecb3"},"headline":"Bronca com sabor de pizza motivou tiroteio em pizzaria de Mongagu\u00e1","datePublished":"2023-03-27T13:23:54+00:00","mainEntityOfPage":{"@id":"https:\/\/redenoticiaz.com.br\/litoralsp\/2023\/03\/27\/bronca-com-sabor-de-pizza-motivou-tiroteio-em-pizzaria-de-mongagua"},"wordCount":371,"commentCount":0,"publisher":{"@id":"https:\/\/redenoticiaz.com.br\/litoralsp\/#organization"},"image":{"@id":"https:\/\/redenoticiaz.com.br\/litoralsp\/2023\/03\/27\/bronca-com-sabor-de-pizza-motivou-tiroteio-em-pizzaria-de-mongagua#primaryimage"},"thumbnailUrl":"https:\/\/redenoticiaz.com.br\/litoralsp\/wp-content\/uploads\/sites\/3\/2023\/03\/PIZZARIA-TIROS.jpg","keywords":["GAR\u00c7OM FERIDO","MONGAGU\u00c1","PIZZARIA","SABOR DE PIZZA","TIROTEIO"],"articleSection":["Mongagu\u00e1","Pol\u00edcia"],"inLanguage":"pt-BR","potentialAction":[{"@type":"CommentAction","name":"Comment","target":["https:\/\/redenoticiaz.com.br\/litoralsp\/2023\/03\/27\/bronca-com-sabor-de-pizza-motivou-tiroteio-em-pizzaria-de-mongagua#respond"]}]},{"@type":"WebPage","@id":"https:\/\/redenoticiaz.com.br\/litoralsp\/2023\/03\/27\/bronca-com-sabor-de-pizza-motivou-tiroteio-em-pizzaria-de-mongagua","url":"https:\/\/redenoticiaz.com.br\/litoralsp\/2023\/03\/27\/bronca-com-sabor-de-pizza-motivou-tiroteio-em-pizzaria-de-mongagua","name":"Bronca com sabor de pizza motivou tiroteio em pizzaria de Mongagu\u00e1 - Litoral SP","isPartOf":{"@id":"https:\/\/redenoticiaz.com.br\/litoralsp\/#website"},"primaryImageOfPage":{"@id":"https:\/\/redenoticiaz.com.br\/litoralsp\/2023\/03\/27\/bronca-com-sabor-de-pizza-motivou-tiroteio-em-pizzaria-de-mongagua#primaryimage"},"image":{"@id":"https:\/\/redenoticiaz.com.br\/litoralsp\/2023\/03\/27\/bronca-com-sabor-de-pizza-motivou-tiroteio-em-pizzaria-de-mongagua#primaryimage"},"thumbnailUrl":"https:\/\/redenoticiaz.com.br\/litoralsp\/wp-content\/uploads\/sites\/3\/2023\/03\/PIZZARIA-TIROS.jpg","datePublished":"2023-03-27T13:23:54+00:00","description":"e precisou ser hospitalizado. O atirador foi preso em flagrante e a motiva\u00e7\u00e3o foi por conta de uma discuss\u00e3o envolvendo o sabor da pizza.","inLanguage":"pt-BR","potentialAction":[{"@type":"ReadAction","target":["https:\/\/redenoticiaz.com.br\/litoralsp\/2023\/03\/27\/bronca-com-sabor-de-pizza-motivou-tiroteio-em-pizzaria-de-mongagua"]}]},{"@type":"ImageObject","inLanguage":"pt-BR","@id":"https:\/\/redenoticiaz.com.br\/litoralsp\/2023\/03\/27\/bronca-com-sabor-de-pizza-motivou-tiroteio-em-pizzaria-de-mongagua#primaryimage","url":"https:\/\/redenoticiaz.com.br\/litoralsp\/wp-content\/uploads\/sites\/3\/2023\/03\/PIZZARIA-TIROS.jpg","contentUrl":"https:\/\/redenoticiaz.com.br\/litoralsp\/wp-content\/uploads\/sites\/3\/2023\/03\/PIZZARIA-TIROS.jpg","width":519,"height":293,"caption":"Cr\u00e9ditos: Reprodu\u00e7\u00e3o"},{"@type":"WebSite","@id":"https:\/\/redenoticiaz.com.br\/litoralsp\/#website","url":"https:\/\/redenoticiaz.com.br\/litoralsp\/","name":"Litoral SP","description":"Rede NoticiaZ","publisher":{"@id":"https:\/\/redenoticiaz.com.br\/litoralsp\/#organization"},"potentialAction":[{"@type":"SearchAction","target":{"@type":"EntryPoint","urlTemplate":"https:\/\/redenoticiaz.com.br\/litoralsp\/?s={search_term_string}"},"query-input":{"@type":"PropertyValueSpecification","valueRequired":true,"valueName":"search_term_string"}}],"inLanguage":"pt-BR"},{"@type":"Organization","@id":"https:\/\/redenoticiaz.com.br\/litoralsp\/#organization","name":"Litoral SP","url":"https:\/\/redenoticiaz.com.br\/litoralsp\/","logo":{"@type":"ImageObject","inLanguage":"pt-BR","@id":"https:\/\/redenoticiaz.com.br\/litoralsp\/#\/schema\/logo\/image\/","url":"https:\/\/redenoticiaz.com.br\/litoralsp\/wp-content\/uploads\/sites\/3\/2020\/11\/logo.jpg","contentUrl":"https:\/\/redenoticiaz.com.br\/litoralsp\/wp-content\/uploads\/sites\/3\/2020\/11\/logo.jpg","width":400,"height":250,"caption":"Litoral SP"},"image":{"@id":"https:\/\/redenoticiaz.com.br\/litoralsp\/#\/schema\/logo\/image\/"}},{"@type":"Person","@id":"https:\/\/redenoticiaz.com.br\/litoralsp\/#\/schema\/person\/0f0b8a5bdafefe82841e07ae8d81ecb3","name":"Leonardo Francisco","image":{"@type":"ImageObject","inLanguage":"pt-BR","@id":"https:\/\/secure.gravatar.com\/avatar\/a7358cb406a99b682ec6df1e77e31ae82e63601f6784e8a3df411d72b37864da?s=96&d=mm&r=g","url":"https:\/\/secure.gravatar.com\/avatar\/a7358cb406a99b682ec6df1e77e31ae82e63601f6784e8a3df411d72b37864da?s=96&d=mm&r=g","contentUrl":"https:\/\/secure.gravatar.com\/avatar\/a7358cb406a99b682ec6df1e77e31ae82e63601f6784e8a3df411d72b37864da?s=96&d=mm&r=g","caption":"Leonardo Francisco"},"url":"https:\/\/redenoticiaz.com.br\/litoralsp\/author\/leonardo-francisco"}]}},"_links":{"self":[{"href":"https:\/\/redenoticiaz.com.br\/litoralsp\/wp-json\/wp\/v2\/posts\/103144","targetHints":{"allow":["GET"]}}],"collection":[{"href":"https:\/\/redenoticiaz.com.br\/litoralsp\/wp-json\/wp\/v2\/posts"}],"about":[{"href":"https:\/\/redenoticiaz.com.br\/litoralsp\/wp-json\/wp\/v2\/types\/post"}],"author":[{"embeddable":true,"href":"https:\/\/redenoticiaz.com.br\/litoralsp\/wp-json\/wp\/v2\/users\/6"}],"replies":[{"embeddable":true,"href":"https:\/\/redenoticiaz.com.br\/litoralsp\/wp-json\/wp\/v2\/comments?post=103144"}],"version-history":[{"count":1,"href":"https:\/\/redenoticiaz.com.br\/litoralsp\/wp-json\/wp\/v2\/posts\/103144\/revisions"}],"predecessor-version":[{"id":103146,"href":"https:\/\/redenoticiaz.com.br\/litoralsp\/wp-json\/wp\/v2\/posts\/103144\/revisions\/103146"}],"wp:featuredmedia":[{"embeddable":true,"href":"https:\/\/redenoticiaz.com.br\/litoralsp\/wp-json\/wp\/v2\/media\/103145"}],"wp:attachment":[{"href":"https:\/\/redenoticiaz.com.br\/litoralsp\/wp-json\/wp\/v2\/media?parent=103144"}],"wp:term":[{"taxonomy":"category","embeddable":true,"href":"https:\/\/redenoticiaz.com.br\/litoralsp\/wp-json\/wp\/v2\/categories?post=103144"},{"taxonomy":"post_tag","embeddable":true,"href":"https:\/\/redenoticiaz.com.br\/litoralsp\/wp-json\/wp\/v2\/tags?post=103144"}],"curies":[{"name":"wp","href":"https:\/\/api.w.org\/{rel}","templated":true}]}}