{"id":103184,"date":"2023-03-27T20:08:22","date_gmt":"2023-03-27T23:08:22","guid":{"rendered":"https:\/\/redenoticiaz.com.br\/litoralsp\/2023\/03\/27\/video-casal-pelado-invade-salao-de-beleza-e-vandalizam-local"},"modified":"2023-03-28T05:42:35","modified_gmt":"2023-03-28T08:42:35","slug":"video-casal-pelado-invade-salao-de-beleza-e-vandaliza-local","status":"publish","type":"post","link":"https:\/\/redenoticiaz.com.br\/litoralsp\/2023\/03\/27\/video-casal-pelado-invade-salao-de-beleza-e-vandaliza-local","title":{"rendered":"V\u00cdDEO \u2013 Casal pelado invade sal\u00e3o de beleza e vandaliza local"},"content":{"rendered":"<p>Um casal pelado foi filmado andando pelas ruas do Setor Sul de Goi\u00e2nia (GO) e ainda invadiram um sal\u00e3o de beleza e vandalizam o local, neste domingo (26).<\/p>\n<p>De acordo com as informa\u00e7\u00f5es, imagens mostram o casal andando pelas ruas tranquilamente de m\u00e3os dadas, mas em seguida, j\u00e1 aparecem atirando pedras contra um estabelecimento.<\/p>\n<p>Ainda de acordo com as informa\u00e7\u00f5es, eles n\u00e3o levaram nada do local, e vandalizaram a \u00e1rea interna do sal\u00e3o de beleza.<\/p>\n\n<p>Sendo assim, foi o 1\u00ba Comando de Policiamento da Capital da Pol\u00edcia Militar que divulgou as imagens do ocorrido em suas redes sociais.<\/p>\n<p>Por fim, segundo o Art. 233 do C\u00f3digo Penal brasileiro determina que \u201cpraticar ato obsceno em lugar p\u00fablico, ou aberto ou exposto ao p\u00fablico\u201d \u00e9 crime.<\/p>\n<p>A pena de deten\u00e7\u00e3o de tr\u00eas meses a um ano, ou multa. N\u00e3o h\u00e1 consenso de a nudez, sem pr\u00e1tica sexual, \u00e9 enquadrada pelo artigo.<\/p>\n<p><strong>Leia mais<\/strong><\/p>\n<p><a href=\"https:\/\/redenoticiaz.com.br\/blog\/2023\/03\/10\/video-apos-video-de-sexo-oral-mc-pipokinha-tem-show-cancelado\">V\u00cdDEO \u2013 Ap\u00f3s v\u00eddeo de sexo oral, MC Pipokinha tem show cancelado<\/a><\/p>\n<div class=\"m-banner-wrap m-banner-rectangle m-publicity-content-middle\">\n<div id=\"div-gpt-ad-brasil-quadrado-1\" class=\"ad-quadrado\" data-google-query-id=\"CPWk876b_f0CFZUN1AodS4wBCw\">\n<div class=\"teads-adCall\">\n<div id=\"taboola-mid-article\" class=\"TABOOLA trc_related_container trc_spotlight_widget trc_elastic trc_elastic_thumbnails-c-3x1 \" data-placement-name=\"Mid Article\" data-gtm-vis-has-fired-8752935_931=\"1\">\n<div class=\"trc_rbox_container\">\n<div>\n<div id=\"trc_wrapper_9003\" class=\"trc_rbox thumbnails-c-3x1 trc-content-sponsored \">\n<div id=\"trc_header_9003\" class=\"trc_rbox_header trc_rbox_border_elm\">\n<div class=\"trc_header_ext\"><\/div>\n<\/div>\n<\/div>\n<\/div>\n<\/div>\n<\/div>\n<\/div>\n<\/div>\n<\/div>\n","protected":false},"excerpt":{"rendered":"<p>Um casal pelado foi filmado andando pelas ruas do Setor Sul de Goi\u00e2nia (GO) e ainda invadiram um sal\u00e3o de beleza e vandalizam o local, neste domingo (26). De acordo com as informa\u00e7\u00f5es, imagens mostram o casal andando pelas ruas tranquilamente de m\u00e3os dadas, mas em seguida, j\u00e1 aparecem atirando pedras contra um estabelecimento. Ainda &hellip;<\/p>\n","protected":false},"author":12,"featured_media":103185,"comment_status":"open","ping_status":"closed","sticky":false,"template":"","format":"standard","meta":{"footnotes":""},"categories":[10],"tags":[64247,64248,25177,64249],"class_list":["post-103184","post","type-post","status-publish","format-standard","has-post-thumbnail","hentry","category-policia","tag-atentado-ao-pudor","tag-casal-pelado","tag-salao-de-beleza","tag-setor-sul-de-goiania"],"yoast_head":"<!-- This site is optimized with the Yoast SEO plugin v27.5 - https:\/\/yoast.com\/product\/yoast-seo-wordpress\/ -->\n<title>V\u00cdDEO \u2013 Casal pelado invade sal\u00e3o de beleza e vandaliza local - Litoral SP<\/title>\n<meta name=\"description\" content=\"Um casal pelado foi filmado andando pelas ruas do Setor Sul de Goi\u00e2nia (GO) e ainda invadiram um sal\u00e3o de beleza e vandalizam o local, neste domingo (26).\" \/>\n<meta name=\"robots\" content=\"index, follow, max-snippet:-1, max-image-preview:large, max-video-preview:-1\" \/>\n<link rel=\"canonical\" href=\"https:\/\/redenoticiaz.com.br\/litoralsp\/2023\/03\/27\/video-casal-pelado-invade-salao-de-beleza-e-vandalizam-local\" \/>\n<meta property=\"og:locale\" content=\"pt_BR\" \/>\n<meta property=\"og:type\" content=\"article\" \/>\n<meta property=\"og:title\" content=\"V\u00cdDEO \u2013 Casal pelado invade sal\u00e3o de beleza e vandaliza local - Litoral SP\" \/>\n<meta property=\"og:description\" content=\"Um casal pelado foi filmado andando pelas ruas do Setor Sul de Goi\u00e2nia (GO) e ainda invadiram um sal\u00e3o de beleza e vandalizam o local, neste domingo (26).\" \/>\n<meta property=\"og:url\" content=\"https:\/\/redenoticiaz.com.br\/litoralsp\/2023\/03\/27\/video-casal-pelado-invade-salao-de-beleza-e-vandalizam-local\" \/>\n<meta property=\"og:site_name\" content=\"Litoral SP\" \/>\n<meta property=\"article:published_time\" content=\"2023-03-27T23:08:22+00:00\" \/>\n<meta property=\"article:modified_time\" content=\"2023-03-28T08:42:35+00:00\" \/>\n<meta property=\"og:image\" content=\"https:\/\/redenoticiaz.com.br\/litoralsp\/wp-content\/uploads\/sites\/3\/2023\/03\/Frames-de-videos-do-casal-que-andou-nu-e-invadiu-salao-de-beleza-em-Goiania.jpg?v=1679958480\" \/>\n\t<meta property=\"og:image:width\" content=\"1200\" \/>\n\t<meta property=\"og:image:height\" content=\"800\" \/>\n\t<meta property=\"og:image:type\" content=\"image\/jpeg\" \/>\n<meta name=\"author\" content=\"Gustavo Silva\" \/>\n<meta name=\"twitter:card\" content=\"summary_large_image\" \/>\n<meta name=\"twitter:label1\" content=\"Escrito por\" \/>\n\t<meta name=\"twitter:data1\" content=\"Gustavo Silva\" \/>\n\t<meta name=\"twitter:label2\" content=\"Est. tempo de leitura\" \/>\n\t<meta name=\"twitter:data2\" content=\"1 minuto\" \/>\n<script type=\"application\/ld+json\" class=\"yoast-schema-graph\">{\"@context\":\"https:\\\/\\\/schema.org\",\"@graph\":[{\"@type\":\"Article\",\"@id\":\"https:\\\/\\\/redenoticiaz.com.br\\\/litoralsp\\\/2023\\\/03\\\/27\\\/video-casal-pelado-invade-salao-de-beleza-e-vandalizam-local#article\",\"isPartOf\":{\"@id\":\"https:\\\/\\\/redenoticiaz.com.br\\\/litoralsp\\\/2023\\\/03\\\/27\\\/video-casal-pelado-invade-salao-de-beleza-e-vandalizam-local\"},\"author\":{\"name\":\"Gustavo Silva\",\"@id\":\"https:\\\/\\\/redenoticiaz.com.br\\\/litoralsp\\\/#\\\/schema\\\/person\\\/16057b37a3c0ee6b096d7f887c566e2e\"},\"headline\":\"V\u00cdDEO \u2013 Casal pelado invade sal\u00e3o de beleza e vandaliza local\",\"datePublished\":\"2023-03-27T23:08:22+00:00\",\"dateModified\":\"2023-03-28T08:42:35+00:00\",\"mainEntityOfPage\":{\"@id\":\"https:\\\/\\\/redenoticiaz.com.br\\\/litoralsp\\\/2023\\\/03\\\/27\\\/video-casal-pelado-invade-salao-de-beleza-e-vandalizam-local\"},\"wordCount\":191,\"commentCount\":0,\"publisher\":{\"@id\":\"https:\\\/\\\/redenoticiaz.com.br\\\/litoralsp\\\/#organization\"},\"image\":{\"@id\":\"https:\\\/\\\/redenoticiaz.com.br\\\/litoralsp\\\/2023\\\/03\\\/27\\\/video-casal-pelado-invade-salao-de-beleza-e-vandalizam-local#primaryimage\"},\"thumbnailUrl\":\"https:\\\/\\\/redenoticiaz.com.br\\\/litoralsp\\\/wp-content\\\/uploads\\\/sites\\\/3\\\/2023\\\/03\\\/Frames-de-videos-do-casal-que-andou-nu-e-invadiu-salao-de-beleza-em-Goiania.jpg?v=1679958480\",\"keywords\":[\"atentado ao pudor\",\"casal pelado\",\"sal\u00e3o de beleza\",\"Setor Sul de Goi\u00e2nia\"],\"articleSection\":[\"Pol\u00edcia\"],\"inLanguage\":\"pt-BR\",\"potentialAction\":[{\"@type\":\"CommentAction\",\"name\":\"Comment\",\"target\":[\"https:\\\/\\\/redenoticiaz.com.br\\\/litoralsp\\\/2023\\\/03\\\/27\\\/video-casal-pelado-invade-salao-de-beleza-e-vandalizam-local#respond\"]}]},{\"@type\":\"WebPage\",\"@id\":\"https:\\\/\\\/redenoticiaz.com.br\\\/litoralsp\\\/2023\\\/03\\\/27\\\/video-casal-pelado-invade-salao-de-beleza-e-vandalizam-local\",\"url\":\"https:\\\/\\\/redenoticiaz.com.br\\\/litoralsp\\\/2023\\\/03\\\/27\\\/video-casal-pelado-invade-salao-de-beleza-e-vandalizam-local\",\"name\":\"V\u00cdDEO \u2013 Casal pelado invade sal\u00e3o de beleza e vandaliza local - Litoral SP\",\"isPartOf\":{\"@id\":\"https:\\\/\\\/redenoticiaz.com.br\\\/litoralsp\\\/#website\"},\"primaryImageOfPage\":{\"@id\":\"https:\\\/\\\/redenoticiaz.com.br\\\/litoralsp\\\/2023\\\/03\\\/27\\\/video-casal-pelado-invade-salao-de-beleza-e-vandalizam-local#primaryimage\"},\"image\":{\"@id\":\"https:\\\/\\\/redenoticiaz.com.br\\\/litoralsp\\\/2023\\\/03\\\/27\\\/video-casal-pelado-invade-salao-de-beleza-e-vandalizam-local#primaryimage\"},\"thumbnailUrl\":\"https:\\\/\\\/redenoticiaz.com.br\\\/litoralsp\\\/wp-content\\\/uploads\\\/sites\\\/3\\\/2023\\\/03\\\/Frames-de-videos-do-casal-que-andou-nu-e-invadiu-salao-de-beleza-em-Goiania.jpg?v=1679958480\",\"datePublished\":\"2023-03-27T23:08:22+00:00\",\"dateModified\":\"2023-03-28T08:42:35+00:00\",\"description\":\"Um casal pelado foi filmado andando pelas ruas do Setor Sul de Goi\u00e2nia (GO) e ainda invadiram um sal\u00e3o de beleza e vandalizam o local, neste domingo (26).\",\"inLanguage\":\"pt-BR\",\"potentialAction\":[{\"@type\":\"ReadAction\",\"target\":[\"https:\\\/\\\/redenoticiaz.com.br\\\/litoralsp\\\/2023\\\/03\\\/27\\\/video-casal-pelado-invade-salao-de-beleza-e-vandalizam-local\"]}]},{\"@type\":\"ImageObject\",\"inLanguage\":\"pt-BR\",\"@id\":\"https:\\\/\\\/redenoticiaz.com.br\\\/litoralsp\\\/2023\\\/03\\\/27\\\/video-casal-pelado-invade-salao-de-beleza-e-vandalizam-local#primaryimage\",\"url\":\"https:\\\/\\\/redenoticiaz.com.br\\\/litoralsp\\\/wp-content\\\/uploads\\\/sites\\\/3\\\/2023\\\/03\\\/Frames-de-videos-do-casal-que-andou-nu-e-invadiu-salao-de-beleza-em-Goiania.jpg?v=1679958480\",\"contentUrl\":\"https:\\\/\\\/redenoticiaz.com.br\\\/litoralsp\\\/wp-content\\\/uploads\\\/sites\\\/3\\\/2023\\\/03\\\/Frames-de-videos-do-casal-que-andou-nu-e-invadiu-salao-de-beleza-em-Goiania.jpg?v=1679958480\",\"width\":1200,\"height\":800,\"caption\":\"V\u00cdDEO - Casal pelado invade sal\u00e3o de beleza e vandalizam local\"},{\"@type\":\"WebSite\",\"@id\":\"https:\\\/\\\/redenoticiaz.com.br\\\/litoralsp\\\/#website\",\"url\":\"https:\\\/\\\/redenoticiaz.com.br\\\/litoralsp\\\/\",\"name\":\"Litoral SP\",\"description\":\"Rede NoticiaZ\",\"publisher\":{\"@id\":\"https:\\\/\\\/redenoticiaz.com.br\\\/litoralsp\\\/#organization\"},\"potentialAction\":[{\"@type\":\"SearchAction\",\"target\":{\"@type\":\"EntryPoint\",\"urlTemplate\":\"https:\\\/\\\/redenoticiaz.com.br\\\/litoralsp\\\/?s={search_term_string}\"},\"query-input\":{\"@type\":\"PropertyValueSpecification\",\"valueRequired\":true,\"valueName\":\"search_term_string\"}}],\"inLanguage\":\"pt-BR\"},{\"@type\":\"Organization\",\"@id\":\"https:\\\/\\\/redenoticiaz.com.br\\\/litoralsp\\\/#organization\",\"name\":\"Litoral SP\",\"url\":\"https:\\\/\\\/redenoticiaz.com.br\\\/litoralsp\\\/\",\"logo\":{\"@type\":\"ImageObject\",\"inLanguage\":\"pt-BR\",\"@id\":\"https:\\\/\\\/redenoticiaz.com.br\\\/litoralsp\\\/#\\\/schema\\\/logo\\\/image\\\/\",\"url\":\"https:\\\/\\\/redenoticiaz.com.br\\\/litoralsp\\\/wp-content\\\/uploads\\\/sites\\\/3\\\/2020\\\/11\\\/logo.jpg\",\"contentUrl\":\"https:\\\/\\\/redenoticiaz.com.br\\\/litoralsp\\\/wp-content\\\/uploads\\\/sites\\\/3\\\/2020\\\/11\\\/logo.jpg\",\"width\":400,\"height\":250,\"caption\":\"Litoral SP\"},\"image\":{\"@id\":\"https:\\\/\\\/redenoticiaz.com.br\\\/litoralsp\\\/#\\\/schema\\\/logo\\\/image\\\/\"}},{\"@type\":\"Person\",\"@id\":\"https:\\\/\\\/redenoticiaz.com.br\\\/litoralsp\\\/#\\\/schema\\\/person\\\/16057b37a3c0ee6b096d7f887c566e2e\",\"name\":\"Gustavo Silva\",\"image\":{\"@type\":\"ImageObject\",\"inLanguage\":\"pt-BR\",\"@id\":\"https:\\\/\\\/secure.gravatar.com\\\/avatar\\\/3ee4e82f93b26de0a7cf4ea5eb7893da637ed6bb0c9170c58065944c56e28a33?s=96&d=mm&r=g\",\"url\":\"https:\\\/\\\/secure.gravatar.com\\\/avatar\\\/3ee4e82f93b26de0a7cf4ea5eb7893da637ed6bb0c9170c58065944c56e28a33?s=96&d=mm&r=g\",\"contentUrl\":\"https:\\\/\\\/secure.gravatar.com\\\/avatar\\\/3ee4e82f93b26de0a7cf4ea5eb7893da637ed6bb0c9170c58065944c56e28a33?s=96&d=mm&r=g\",\"caption\":\"Gustavo Silva\"},\"url\":\"https:\\\/\\\/redenoticiaz.com.br\\\/litoralsp\\\/author\\\/gustavosilva\"}]}<\/script>\n<!-- \/ Yoast SEO plugin. -->","yoast_head_json":{"title":"V\u00cdDEO \u2013 Casal pelado invade sal\u00e3o de beleza e vandaliza local - Litoral SP","description":"Um casal pelado foi filmado andando pelas ruas do Setor Sul de Goi\u00e2nia (GO) e ainda invadiram um sal\u00e3o de beleza e vandalizam o local, neste domingo (26).","robots":{"index":"index","follow":"follow","max-snippet":"max-snippet:-1","max-image-preview":"max-image-preview:large","max-video-preview":"max-video-preview:-1"},"canonical":"https:\/\/redenoticiaz.com.br\/litoralsp\/2023\/03\/27\/video-casal-pelado-invade-salao-de-beleza-e-vandalizam-local","og_locale":"pt_BR","og_type":"article","og_title":"V\u00cdDEO \u2013 Casal pelado invade sal\u00e3o de beleza e vandaliza local - Litoral SP","og_description":"Um casal pelado foi filmado andando pelas ruas do Setor Sul de Goi\u00e2nia (GO) e ainda invadiram um sal\u00e3o de beleza e vandalizam o local, neste domingo (26).","og_url":"https:\/\/redenoticiaz.com.br\/litoralsp\/2023\/03\/27\/video-casal-pelado-invade-salao-de-beleza-e-vandalizam-local","og_site_name":"Litoral SP","article_published_time":"2023-03-27T23:08:22+00:00","article_modified_time":"2023-03-28T08:42:35+00:00","og_image":[{"width":1200,"height":800,"url":"https:\/\/redenoticiaz.com.br\/litoralsp\/wp-content\/uploads\/sites\/3\/2023\/03\/Frames-de-videos-do-casal-que-andou-nu-e-invadiu-salao-de-beleza-em-Goiania.jpg?v=1679958480","type":"image\/jpeg"}],"author":"Gustavo Silva","twitter_card":"summary_large_image","twitter_misc":{"Escrito por":"Gustavo Silva","Est. tempo de leitura":"1 minuto"},"schema":{"@context":"https:\/\/schema.org","@graph":[{"@type":"Article","@id":"https:\/\/redenoticiaz.com.br\/litoralsp\/2023\/03\/27\/video-casal-pelado-invade-salao-de-beleza-e-vandalizam-local#article","isPartOf":{"@id":"https:\/\/redenoticiaz.com.br\/litoralsp\/2023\/03\/27\/video-casal-pelado-invade-salao-de-beleza-e-vandalizam-local"},"author":{"name":"Gustavo Silva","@id":"https:\/\/redenoticiaz.com.br\/litoralsp\/#\/schema\/person\/16057b37a3c0ee6b096d7f887c566e2e"},"headline":"V\u00cdDEO \u2013 Casal pelado invade sal\u00e3o de beleza e vandaliza local","datePublished":"2023-03-27T23:08:22+00:00","dateModified":"2023-03-28T08:42:35+00:00","mainEntityOfPage":{"@id":"https:\/\/redenoticiaz.com.br\/litoralsp\/2023\/03\/27\/video-casal-pelado-invade-salao-de-beleza-e-vandalizam-local"},"wordCount":191,"commentCount":0,"publisher":{"@id":"https:\/\/redenoticiaz.com.br\/litoralsp\/#organization"},"image":{"@id":"https:\/\/redenoticiaz.com.br\/litoralsp\/2023\/03\/27\/video-casal-pelado-invade-salao-de-beleza-e-vandalizam-local#primaryimage"},"thumbnailUrl":"https:\/\/redenoticiaz.com.br\/litoralsp\/wp-content\/uploads\/sites\/3\/2023\/03\/Frames-de-videos-do-casal-que-andou-nu-e-invadiu-salao-de-beleza-em-Goiania.jpg?v=1679958480","keywords":["atentado ao pudor","casal pelado","sal\u00e3o de beleza","Setor Sul de Goi\u00e2nia"],"articleSection":["Pol\u00edcia"],"inLanguage":"pt-BR","potentialAction":[{"@type":"CommentAction","name":"Comment","target":["https:\/\/redenoticiaz.com.br\/litoralsp\/2023\/03\/27\/video-casal-pelado-invade-salao-de-beleza-e-vandalizam-local#respond"]}]},{"@type":"WebPage","@id":"https:\/\/redenoticiaz.com.br\/litoralsp\/2023\/03\/27\/video-casal-pelado-invade-salao-de-beleza-e-vandalizam-local","url":"https:\/\/redenoticiaz.com.br\/litoralsp\/2023\/03\/27\/video-casal-pelado-invade-salao-de-beleza-e-vandalizam-local","name":"V\u00cdDEO \u2013 Casal pelado invade sal\u00e3o de beleza e vandaliza local - Litoral SP","isPartOf":{"@id":"https:\/\/redenoticiaz.com.br\/litoralsp\/#website"},"primaryImageOfPage":{"@id":"https:\/\/redenoticiaz.com.br\/litoralsp\/2023\/03\/27\/video-casal-pelado-invade-salao-de-beleza-e-vandalizam-local#primaryimage"},"image":{"@id":"https:\/\/redenoticiaz.com.br\/litoralsp\/2023\/03\/27\/video-casal-pelado-invade-salao-de-beleza-e-vandalizam-local#primaryimage"},"thumbnailUrl":"https:\/\/redenoticiaz.com.br\/litoralsp\/wp-content\/uploads\/sites\/3\/2023\/03\/Frames-de-videos-do-casal-que-andou-nu-e-invadiu-salao-de-beleza-em-Goiania.jpg?v=1679958480","datePublished":"2023-03-27T23:08:22+00:00","dateModified":"2023-03-28T08:42:35+00:00","description":"Um casal pelado foi filmado andando pelas ruas do Setor Sul de Goi\u00e2nia (GO) e ainda invadiram um sal\u00e3o de beleza e vandalizam o local, neste domingo (26).","inLanguage":"pt-BR","potentialAction":[{"@type":"ReadAction","target":["https:\/\/redenoticiaz.com.br\/litoralsp\/2023\/03\/27\/video-casal-pelado-invade-salao-de-beleza-e-vandalizam-local"]}]},{"@type":"ImageObject","inLanguage":"pt-BR","@id":"https:\/\/redenoticiaz.com.br\/litoralsp\/2023\/03\/27\/video-casal-pelado-invade-salao-de-beleza-e-vandalizam-local#primaryimage","url":"https:\/\/redenoticiaz.com.br\/litoralsp\/wp-content\/uploads\/sites\/3\/2023\/03\/Frames-de-videos-do-casal-que-andou-nu-e-invadiu-salao-de-beleza-em-Goiania.jpg?v=1679958480","contentUrl":"https:\/\/redenoticiaz.com.br\/litoralsp\/wp-content\/uploads\/sites\/3\/2023\/03\/Frames-de-videos-do-casal-que-andou-nu-e-invadiu-salao-de-beleza-em-Goiania.jpg?v=1679958480","width":1200,"height":800,"caption":"V\u00cdDEO - Casal pelado invade sal\u00e3o de beleza e vandalizam local"},{"@type":"WebSite","@id":"https:\/\/redenoticiaz.com.br\/litoralsp\/#website","url":"https:\/\/redenoticiaz.com.br\/litoralsp\/","name":"Litoral SP","description":"Rede NoticiaZ","publisher":{"@id":"https:\/\/redenoticiaz.com.br\/litoralsp\/#organization"},"potentialAction":[{"@type":"SearchAction","target":{"@type":"EntryPoint","urlTemplate":"https:\/\/redenoticiaz.com.br\/litoralsp\/?s={search_term_string}"},"query-input":{"@type":"PropertyValueSpecification","valueRequired":true,"valueName":"search_term_string"}}],"inLanguage":"pt-BR"},{"@type":"Organization","@id":"https:\/\/redenoticiaz.com.br\/litoralsp\/#organization","name":"Litoral SP","url":"https:\/\/redenoticiaz.com.br\/litoralsp\/","logo":{"@type":"ImageObject","inLanguage":"pt-BR","@id":"https:\/\/redenoticiaz.com.br\/litoralsp\/#\/schema\/logo\/image\/","url":"https:\/\/redenoticiaz.com.br\/litoralsp\/wp-content\/uploads\/sites\/3\/2020\/11\/logo.jpg","contentUrl":"https:\/\/redenoticiaz.com.br\/litoralsp\/wp-content\/uploads\/sites\/3\/2020\/11\/logo.jpg","width":400,"height":250,"caption":"Litoral SP"},"image":{"@id":"https:\/\/redenoticiaz.com.br\/litoralsp\/#\/schema\/logo\/image\/"}},{"@type":"Person","@id":"https:\/\/redenoticiaz.com.br\/litoralsp\/#\/schema\/person\/16057b37a3c0ee6b096d7f887c566e2e","name":"Gustavo Silva","image":{"@type":"ImageObject","inLanguage":"pt-BR","@id":"https:\/\/secure.gravatar.com\/avatar\/3ee4e82f93b26de0a7cf4ea5eb7893da637ed6bb0c9170c58065944c56e28a33?s=96&d=mm&r=g","url":"https:\/\/secure.gravatar.com\/avatar\/3ee4e82f93b26de0a7cf4ea5eb7893da637ed6bb0c9170c58065944c56e28a33?s=96&d=mm&r=g","contentUrl":"https:\/\/secure.gravatar.com\/avatar\/3ee4e82f93b26de0a7cf4ea5eb7893da637ed6bb0c9170c58065944c56e28a33?s=96&d=mm&r=g","caption":"Gustavo Silva"},"url":"https:\/\/redenoticiaz.com.br\/litoralsp\/author\/gustavosilva"}]}},"_links":{"self":[{"href":"https:\/\/redenoticiaz.com.br\/litoralsp\/wp-json\/wp\/v2\/posts\/103184","targetHints":{"allow":["GET"]}}],"collection":[{"href":"https:\/\/redenoticiaz.com.br\/litoralsp\/wp-json\/wp\/v2\/posts"}],"about":[{"href":"https:\/\/redenoticiaz.com.br\/litoralsp\/wp-json\/wp\/v2\/types\/post"}],"author":[{"embeddable":true,"href":"https:\/\/redenoticiaz.com.br\/litoralsp\/wp-json\/wp\/v2\/users\/12"}],"replies":[{"embeddable":true,"href":"https:\/\/redenoticiaz.com.br\/litoralsp\/wp-json\/wp\/v2\/comments?post=103184"}],"version-history":[{"count":2,"href":"https:\/\/redenoticiaz.com.br\/litoralsp\/wp-json\/wp\/v2\/posts\/103184\/revisions"}],"predecessor-version":[{"id":103204,"href":"https:\/\/redenoticiaz.com.br\/litoralsp\/wp-json\/wp\/v2\/posts\/103184\/revisions\/103204"}],"wp:featuredmedia":[{"embeddable":true,"href":"https:\/\/redenoticiaz.com.br\/litoralsp\/wp-json\/wp\/v2\/media\/103185"}],"wp:attachment":[{"href":"https:\/\/redenoticiaz.com.br\/litoralsp\/wp-json\/wp\/v2\/media?parent=103184"}],"wp:term":[{"taxonomy":"category","embeddable":true,"href":"https:\/\/redenoticiaz.com.br\/litoralsp\/wp-json\/wp\/v2\/categories?post=103184"},{"taxonomy":"post_tag","embeddable":true,"href":"https:\/\/redenoticiaz.com.br\/litoralsp\/wp-json\/wp\/v2\/tags?post=103184"}],"curies":[{"name":"wp","href":"https:\/\/api.w.org\/{rel}","templated":true}]}}