{"id":103221,"date":"2023-03-28T11:20:17","date_gmt":"2023-03-28T14:20:17","guid":{"rendered":"https:\/\/redenoticiaz.com.br\/litoralsp\/?p=103221"},"modified":"2023-03-28T11:20:17","modified_gmt":"2023-03-28T14:20:17","slug":"covid-sao-vicente-inicia-aplicacao-da-vacina-bivalente-em-profissionais-da-saude-com-mais-de-50-anos","status":"publish","type":"post","link":"https:\/\/redenoticiaz.com.br\/litoralsp\/2023\/03\/28\/covid-sao-vicente-inicia-aplicacao-da-vacina-bivalente-em-profissionais-da-saude-com-mais-de-50-anos","title":{"rendered":"Covid: S\u00e3o Vicente inicia aplica\u00e7\u00e3o da vacina bivalente em profissionais da sa\u00fade com mais de 50 anos"},"content":{"rendered":"<div id=\"chunk-gu7e\">\n<div class=\"mc-column content-text active-extra-styles \" data-block-type=\"unstyled\" data-block-weight=\"44\" data-block-id=\"3\">\n<p class=\"content-text__container \" data-track-category=\"Link no Texto\" data-track-links=\"\">A partir desta quarta-feira (29), os profissionais da sa\u00fade com 50 anos ou mais de S\u00e3o Vicente, passam a receber a <strong>vacina bivalente contra a Covid-19<\/strong> e as variantes da \u00d4micron. Ser\u00e3o 27 postos de vacina\u00e7\u00e3o dispon\u00edveis para atender a este grupo e tamb\u00e9m os idosos com 60 anos ou mais e pessoas imunossuprimidas.<\/p>\n<\/div>\n<\/div>\n<div class=\"wall protected-content\">\n<div id=\"chunk-6vvdg\">\n<div class=\"mc-column content-text active-extra-styles \" data-block-type=\"unstyled\" data-block-weight=\"46\" data-block-id=\"4\">\n<p class=\"content-text__container \" data-track-category=\"Link no Texto\" data-track-links=\"\">Segundo a prefeitura, para receber o imunizante, o p\u00fablico espec\u00edfico precisa apresentar documento que comprove o exerc\u00edcio ativo na profiss\u00e3o, comprovante de resid\u00eancia com dados do munic\u00edpio, ter recebido, no m\u00ednimo, duas doses da vacina monovalente e respeitar o intervalo de 4 meses (122 dias) ap\u00f3s a \u00faltima dose.<\/p>\n<\/div>\n<\/div>\n<div id=\"chunk-1n1kt\">\n<div class=\"mc-column content-text active-extra-styles \" data-block-type=\"unstyled\" data-block-weight=\"50\" data-block-id=\"5\">\n<p class=\"content-text__container \" data-track-category=\"Link no Texto\" data-track-links=\"\">Os interessados devem procurar um dos 27 postos de vacina\u00e7\u00e3o dispon\u00edveis na cidade, de segunda a sexta-feira, das 9h \u00e0s 16h30. Al\u00e9m disso, a prefeitura vai oferecer a vacina tamb\u00e9m no posto fixo do Brisamar Shopping, que fica na Rua Frei Gaspar, 365, de segunda a s\u00e1bado, das 10h \u00e0s 19h.<\/p>\n<div class=\"mc-column content-text active-extra-styles\" data-block-type=\"raw\" data-block-weight=\"7\" data-block-id=\"7\">\n<div class=\"content-intertitle\">\n<h3>Veja quem pode tomar a vacina bivalente:<\/h3>\n<\/div>\n<\/div>\n<div class=\"mc-column content-text active-extra-styles\" data-block-type=\"raw\" data-block-weight=\"54\" data-block-id=\"8\">\n<ul class=\"content-unordered-list\">\n<li>Gr\u00e1vidas e pu\u00e9rperas<\/li>\n<li>Pessoas com defici\u00eancia permanente acima de 12 anos<\/li>\n<li>Pessoas acima de 60 anos<\/li>\n<li>Pessoas imunocomprometidas a partir de 12 anos com laudo<\/li>\n<li>Pessoas vivendo em Institui\u00e7\u00e3o de Longa Perman\u00eancia (ILPI) e seus trabalhadores<\/li>\n<li>Ind\u00edgenas (a partir de 12 anos)<\/li>\n<li>Ribeirinhos (a partir de 12 anos)<\/li>\n<li>Quilombolas (a partir de 12 anos)<\/li>\n<\/ul>\n<p><strong>LEIA TAMB\u00c9M<\/strong><\/p>\n<p><a href=\"https:\/\/redenoticiaz.com.br\/litoralsp\/2023\/03\/26\/profissionais-de-saude-com-mais-de-50-anos-devem-receber-a-vacina-bivalente-contra-a-covid-em-santos\">Profissionais de sa\u00fade com mais de 50 anos devem receber a vacina bivalente contra a Covid em Santos<\/a><\/p>\n<\/div>\n<\/div>\n<\/div>\n<\/div>\n","protected":false},"excerpt":{"rendered":"<p>A partir desta quarta-feira (29), os profissionais da sa\u00fade com 50 anos ou mais de S\u00e3o Vicente, passam a receber a vacina bivalente contra a Covid-19 e as variantes da \u00d4micron. Ser\u00e3o 27 postos de vacina\u00e7\u00e3o dispon\u00edveis para atender a este grupo e tamb\u00e9m os idosos com 60 anos ou mais e pessoas imunossuprimidas. Segundo &hellip;<\/p>\n","protected":false},"author":6,"featured_media":103222,"comment_status":"open","ping_status":"closed","sticky":false,"template":"","format":"standard","meta":{"footnotes":""},"categories":[181,23],"tags":[64217,9404,33,62903,18808],"class_list":["post-103221","post","type-post","status-publish","format-standard","has-post-thumbnail","hentry","category-sao-vicente","category-saude","tag-50-anos","tag-profissionais-da-saude","tag-sao-vicente","tag-vacina-bivalente","tag-vacina-contra-a-covid"],"yoast_head":"<!-- This site is optimized with the Yoast SEO plugin v27.5 - https:\/\/yoast.com\/product\/yoast-seo-wordpress\/ -->\n<title>Covid: S\u00e3o Vicente inicia aplica\u00e7\u00e3o da vacina bivalente em profissionais da sa\u00fade com mais de 50 anos - Litoral SP<\/title>\n<meta name=\"description\" content=\"desta quarta-feira (29), os profissionais da sa\u00fade com 50 anos ou mais de S\u00e3o Vicente, passam a receber a vacina bivalente contra a Covid-19 e as\" \/>\n<meta name=\"robots\" content=\"index, follow, max-snippet:-1, max-image-preview:large, max-video-preview:-1\" \/>\n<link rel=\"canonical\" href=\"https:\/\/redenoticiaz.com.br\/litoralsp\/2023\/03\/28\/covid-sao-vicente-inicia-aplicacao-da-vacina-bivalente-em-profissionais-da-saude-com-mais-de-50-anos\" \/>\n<meta property=\"og:locale\" content=\"pt_BR\" \/>\n<meta property=\"og:type\" content=\"article\" \/>\n<meta property=\"og:title\" content=\"Covid: S\u00e3o Vicente inicia aplica\u00e7\u00e3o da vacina bivalente em profissionais da sa\u00fade com mais de 50 anos - Litoral SP\" \/>\n<meta property=\"og:description\" content=\"desta quarta-feira (29), os profissionais da sa\u00fade com 50 anos ou mais de S\u00e3o Vicente, passam a receber a vacina bivalente contra a Covid-19 e as\" \/>\n<meta property=\"og:url\" content=\"https:\/\/redenoticiaz.com.br\/litoralsp\/2023\/03\/28\/covid-sao-vicente-inicia-aplicacao-da-vacina-bivalente-em-profissionais-da-saude-com-mais-de-50-anos\" \/>\n<meta property=\"og:site_name\" content=\"Litoral SP\" \/>\n<meta property=\"article:published_time\" content=\"2023-03-28T14:20:17+00:00\" \/>\n<meta property=\"og:image\" content=\"https:\/\/redenoticiaz.com.br\/litoralsp\/wp-content\/uploads\/sites\/3\/2023\/03\/VACINA-PROF-SAUDE.jpg\" \/>\n\t<meta property=\"og:image:width\" content=\"560\" \/>\n\t<meta property=\"og:image:height\" content=\"365\" \/>\n\t<meta property=\"og:image:type\" content=\"image\/jpeg\" \/>\n<meta name=\"author\" content=\"Leonardo Francisco\" \/>\n<meta name=\"twitter:card\" content=\"summary_large_image\" \/>\n<meta name=\"twitter:label1\" content=\"Escrito por\" \/>\n\t<meta name=\"twitter:data1\" content=\"Leonardo Francisco\" \/>\n\t<meta name=\"twitter:label2\" content=\"Est. tempo de leitura\" \/>\n\t<meta name=\"twitter:data2\" content=\"2 minutos\" \/>\n<script type=\"application\/ld+json\" class=\"yoast-schema-graph\">{\"@context\":\"https:\\\/\\\/schema.org\",\"@graph\":[{\"@type\":\"Article\",\"@id\":\"https:\\\/\\\/redenoticiaz.com.br\\\/litoralsp\\\/2023\\\/03\\\/28\\\/covid-sao-vicente-inicia-aplicacao-da-vacina-bivalente-em-profissionais-da-saude-com-mais-de-50-anos#article\",\"isPartOf\":{\"@id\":\"https:\\\/\\\/redenoticiaz.com.br\\\/litoralsp\\\/2023\\\/03\\\/28\\\/covid-sao-vicente-inicia-aplicacao-da-vacina-bivalente-em-profissionais-da-saude-com-mais-de-50-anos\"},\"author\":{\"name\":\"Leonardo Francisco\",\"@id\":\"https:\\\/\\\/redenoticiaz.com.br\\\/litoralsp\\\/#\\\/schema\\\/person\\\/0f0b8a5bdafefe82841e07ae8d81ecb3\"},\"headline\":\"Covid: S\u00e3o Vicente inicia aplica\u00e7\u00e3o da vacina bivalente em profissionais da sa\u00fade com mais de 50 anos\",\"datePublished\":\"2023-03-28T14:20:17+00:00\",\"mainEntityOfPage\":{\"@id\":\"https:\\\/\\\/redenoticiaz.com.br\\\/litoralsp\\\/2023\\\/03\\\/28\\\/covid-sao-vicente-inicia-aplicacao-da-vacina-bivalente-em-profissionais-da-saude-com-mais-de-50-anos\"},\"wordCount\":266,\"commentCount\":0,\"publisher\":{\"@id\":\"https:\\\/\\\/redenoticiaz.com.br\\\/litoralsp\\\/#organization\"},\"image\":{\"@id\":\"https:\\\/\\\/redenoticiaz.com.br\\\/litoralsp\\\/2023\\\/03\\\/28\\\/covid-sao-vicente-inicia-aplicacao-da-vacina-bivalente-em-profissionais-da-saude-com-mais-de-50-anos#primaryimage\"},\"thumbnailUrl\":\"https:\\\/\\\/redenoticiaz.com.br\\\/litoralsp\\\/wp-content\\\/uploads\\\/sites\\\/3\\\/2023\\\/03\\\/VACINA-PROF-SAUDE.jpg\",\"keywords\":[\"50 anos\",\"PROFISSIONAIS DA SA\u00daDE\",\"S\u00e3o Vicente\",\"vacina bivalente\",\"VACINA CONTRA A COVID\"],\"articleSection\":[\"S\u00e3o Vicente\",\"Sa\u00fade\"],\"inLanguage\":\"pt-BR\",\"potentialAction\":[{\"@type\":\"CommentAction\",\"name\":\"Comment\",\"target\":[\"https:\\\/\\\/redenoticiaz.com.br\\\/litoralsp\\\/2023\\\/03\\\/28\\\/covid-sao-vicente-inicia-aplicacao-da-vacina-bivalente-em-profissionais-da-saude-com-mais-de-50-anos#respond\"]}]},{\"@type\":\"WebPage\",\"@id\":\"https:\\\/\\\/redenoticiaz.com.br\\\/litoralsp\\\/2023\\\/03\\\/28\\\/covid-sao-vicente-inicia-aplicacao-da-vacina-bivalente-em-profissionais-da-saude-com-mais-de-50-anos\",\"url\":\"https:\\\/\\\/redenoticiaz.com.br\\\/litoralsp\\\/2023\\\/03\\\/28\\\/covid-sao-vicente-inicia-aplicacao-da-vacina-bivalente-em-profissionais-da-saude-com-mais-de-50-anos\",\"name\":\"Covid: S\u00e3o Vicente inicia aplica\u00e7\u00e3o da vacina bivalente em profissionais da sa\u00fade com mais de 50 anos - Litoral SP\",\"isPartOf\":{\"@id\":\"https:\\\/\\\/redenoticiaz.com.br\\\/litoralsp\\\/#website\"},\"primaryImageOfPage\":{\"@id\":\"https:\\\/\\\/redenoticiaz.com.br\\\/litoralsp\\\/2023\\\/03\\\/28\\\/covid-sao-vicente-inicia-aplicacao-da-vacina-bivalente-em-profissionais-da-saude-com-mais-de-50-anos#primaryimage\"},\"image\":{\"@id\":\"https:\\\/\\\/redenoticiaz.com.br\\\/litoralsp\\\/2023\\\/03\\\/28\\\/covid-sao-vicente-inicia-aplicacao-da-vacina-bivalente-em-profissionais-da-saude-com-mais-de-50-anos#primaryimage\"},\"thumbnailUrl\":\"https:\\\/\\\/redenoticiaz.com.br\\\/litoralsp\\\/wp-content\\\/uploads\\\/sites\\\/3\\\/2023\\\/03\\\/VACINA-PROF-SAUDE.jpg\",\"datePublished\":\"2023-03-28T14:20:17+00:00\",\"description\":\"desta quarta-feira (29), os profissionais da sa\u00fade com 50 anos ou mais de S\u00e3o Vicente, passam a receber a vacina bivalente contra a Covid-19 e as\",\"inLanguage\":\"pt-BR\",\"potentialAction\":[{\"@type\":\"ReadAction\",\"target\":[\"https:\\\/\\\/redenoticiaz.com.br\\\/litoralsp\\\/2023\\\/03\\\/28\\\/covid-sao-vicente-inicia-aplicacao-da-vacina-bivalente-em-profissionais-da-saude-com-mais-de-50-anos\"]}]},{\"@type\":\"ImageObject\",\"inLanguage\":\"pt-BR\",\"@id\":\"https:\\\/\\\/redenoticiaz.com.br\\\/litoralsp\\\/2023\\\/03\\\/28\\\/covid-sao-vicente-inicia-aplicacao-da-vacina-bivalente-em-profissionais-da-saude-com-mais-de-50-anos#primaryimage\",\"url\":\"https:\\\/\\\/redenoticiaz.com.br\\\/litoralsp\\\/wp-content\\\/uploads\\\/sites\\\/3\\\/2023\\\/03\\\/VACINA-PROF-SAUDE.jpg\",\"contentUrl\":\"https:\\\/\\\/redenoticiaz.com.br\\\/litoralsp\\\/wp-content\\\/uploads\\\/sites\\\/3\\\/2023\\\/03\\\/VACINA-PROF-SAUDE.jpg\",\"width\":560,\"height\":365,\"caption\":\"Cr\u00e9ditos: Divulga\u00e7\u00e3o\\\/Prefeitura de S\u00e3o Vicente\"},{\"@type\":\"WebSite\",\"@id\":\"https:\\\/\\\/redenoticiaz.com.br\\\/litoralsp\\\/#website\",\"url\":\"https:\\\/\\\/redenoticiaz.com.br\\\/litoralsp\\\/\",\"name\":\"Litoral SP\",\"description\":\"Rede NoticiaZ\",\"publisher\":{\"@id\":\"https:\\\/\\\/redenoticiaz.com.br\\\/litoralsp\\\/#organization\"},\"potentialAction\":[{\"@type\":\"SearchAction\",\"target\":{\"@type\":\"EntryPoint\",\"urlTemplate\":\"https:\\\/\\\/redenoticiaz.com.br\\\/litoralsp\\\/?s={search_term_string}\"},\"query-input\":{\"@type\":\"PropertyValueSpecification\",\"valueRequired\":true,\"valueName\":\"search_term_string\"}}],\"inLanguage\":\"pt-BR\"},{\"@type\":\"Organization\",\"@id\":\"https:\\\/\\\/redenoticiaz.com.br\\\/litoralsp\\\/#organization\",\"name\":\"Litoral SP\",\"url\":\"https:\\\/\\\/redenoticiaz.com.br\\\/litoralsp\\\/\",\"logo\":{\"@type\":\"ImageObject\",\"inLanguage\":\"pt-BR\",\"@id\":\"https:\\\/\\\/redenoticiaz.com.br\\\/litoralsp\\\/#\\\/schema\\\/logo\\\/image\\\/\",\"url\":\"https:\\\/\\\/redenoticiaz.com.br\\\/litoralsp\\\/wp-content\\\/uploads\\\/sites\\\/3\\\/2020\\\/11\\\/logo.jpg\",\"contentUrl\":\"https:\\\/\\\/redenoticiaz.com.br\\\/litoralsp\\\/wp-content\\\/uploads\\\/sites\\\/3\\\/2020\\\/11\\\/logo.jpg\",\"width\":400,\"height\":250,\"caption\":\"Litoral SP\"},\"image\":{\"@id\":\"https:\\\/\\\/redenoticiaz.com.br\\\/litoralsp\\\/#\\\/schema\\\/logo\\\/image\\\/\"}},{\"@type\":\"Person\",\"@id\":\"https:\\\/\\\/redenoticiaz.com.br\\\/litoralsp\\\/#\\\/schema\\\/person\\\/0f0b8a5bdafefe82841e07ae8d81ecb3\",\"name\":\"Leonardo Francisco\",\"image\":{\"@type\":\"ImageObject\",\"inLanguage\":\"pt-BR\",\"@id\":\"https:\\\/\\\/secure.gravatar.com\\\/avatar\\\/a7358cb406a99b682ec6df1e77e31ae82e63601f6784e8a3df411d72b37864da?s=96&d=mm&r=g\",\"url\":\"https:\\\/\\\/secure.gravatar.com\\\/avatar\\\/a7358cb406a99b682ec6df1e77e31ae82e63601f6784e8a3df411d72b37864da?s=96&d=mm&r=g\",\"contentUrl\":\"https:\\\/\\\/secure.gravatar.com\\\/avatar\\\/a7358cb406a99b682ec6df1e77e31ae82e63601f6784e8a3df411d72b37864da?s=96&d=mm&r=g\",\"caption\":\"Leonardo Francisco\"},\"url\":\"https:\\\/\\\/redenoticiaz.com.br\\\/litoralsp\\\/author\\\/leonardo-francisco\"}]}<\/script>\n<!-- \/ Yoast SEO plugin. -->","yoast_head_json":{"title":"Covid: S\u00e3o Vicente inicia aplica\u00e7\u00e3o da vacina bivalente em profissionais da sa\u00fade com mais de 50 anos - Litoral SP","description":"desta quarta-feira (29), os profissionais da sa\u00fade com 50 anos ou mais de S\u00e3o Vicente, passam a receber a vacina bivalente contra a Covid-19 e as","robots":{"index":"index","follow":"follow","max-snippet":"max-snippet:-1","max-image-preview":"max-image-preview:large","max-video-preview":"max-video-preview:-1"},"canonical":"https:\/\/redenoticiaz.com.br\/litoralsp\/2023\/03\/28\/covid-sao-vicente-inicia-aplicacao-da-vacina-bivalente-em-profissionais-da-saude-com-mais-de-50-anos","og_locale":"pt_BR","og_type":"article","og_title":"Covid: S\u00e3o Vicente inicia aplica\u00e7\u00e3o da vacina bivalente em profissionais da sa\u00fade com mais de 50 anos - Litoral SP","og_description":"desta quarta-feira (29), os profissionais da sa\u00fade com 50 anos ou mais de S\u00e3o Vicente, passam a receber a vacina bivalente contra a Covid-19 e as","og_url":"https:\/\/redenoticiaz.com.br\/litoralsp\/2023\/03\/28\/covid-sao-vicente-inicia-aplicacao-da-vacina-bivalente-em-profissionais-da-saude-com-mais-de-50-anos","og_site_name":"Litoral SP","article_published_time":"2023-03-28T14:20:17+00:00","og_image":[{"width":560,"height":365,"url":"https:\/\/redenoticiaz.com.br\/litoralsp\/wp-content\/uploads\/sites\/3\/2023\/03\/VACINA-PROF-SAUDE.jpg","type":"image\/jpeg"}],"author":"Leonardo Francisco","twitter_card":"summary_large_image","twitter_misc":{"Escrito por":"Leonardo Francisco","Est. tempo de leitura":"2 minutos"},"schema":{"@context":"https:\/\/schema.org","@graph":[{"@type":"Article","@id":"https:\/\/redenoticiaz.com.br\/litoralsp\/2023\/03\/28\/covid-sao-vicente-inicia-aplicacao-da-vacina-bivalente-em-profissionais-da-saude-com-mais-de-50-anos#article","isPartOf":{"@id":"https:\/\/redenoticiaz.com.br\/litoralsp\/2023\/03\/28\/covid-sao-vicente-inicia-aplicacao-da-vacina-bivalente-em-profissionais-da-saude-com-mais-de-50-anos"},"author":{"name":"Leonardo Francisco","@id":"https:\/\/redenoticiaz.com.br\/litoralsp\/#\/schema\/person\/0f0b8a5bdafefe82841e07ae8d81ecb3"},"headline":"Covid: S\u00e3o Vicente inicia aplica\u00e7\u00e3o da vacina bivalente em profissionais da sa\u00fade com mais de 50 anos","datePublished":"2023-03-28T14:20:17+00:00","mainEntityOfPage":{"@id":"https:\/\/redenoticiaz.com.br\/litoralsp\/2023\/03\/28\/covid-sao-vicente-inicia-aplicacao-da-vacina-bivalente-em-profissionais-da-saude-com-mais-de-50-anos"},"wordCount":266,"commentCount":0,"publisher":{"@id":"https:\/\/redenoticiaz.com.br\/litoralsp\/#organization"},"image":{"@id":"https:\/\/redenoticiaz.com.br\/litoralsp\/2023\/03\/28\/covid-sao-vicente-inicia-aplicacao-da-vacina-bivalente-em-profissionais-da-saude-com-mais-de-50-anos#primaryimage"},"thumbnailUrl":"https:\/\/redenoticiaz.com.br\/litoralsp\/wp-content\/uploads\/sites\/3\/2023\/03\/VACINA-PROF-SAUDE.jpg","keywords":["50 anos","PROFISSIONAIS DA SA\u00daDE","S\u00e3o Vicente","vacina bivalente","VACINA CONTRA A COVID"],"articleSection":["S\u00e3o Vicente","Sa\u00fade"],"inLanguage":"pt-BR","potentialAction":[{"@type":"CommentAction","name":"Comment","target":["https:\/\/redenoticiaz.com.br\/litoralsp\/2023\/03\/28\/covid-sao-vicente-inicia-aplicacao-da-vacina-bivalente-em-profissionais-da-saude-com-mais-de-50-anos#respond"]}]},{"@type":"WebPage","@id":"https:\/\/redenoticiaz.com.br\/litoralsp\/2023\/03\/28\/covid-sao-vicente-inicia-aplicacao-da-vacina-bivalente-em-profissionais-da-saude-com-mais-de-50-anos","url":"https:\/\/redenoticiaz.com.br\/litoralsp\/2023\/03\/28\/covid-sao-vicente-inicia-aplicacao-da-vacina-bivalente-em-profissionais-da-saude-com-mais-de-50-anos","name":"Covid: S\u00e3o Vicente inicia aplica\u00e7\u00e3o da vacina bivalente em profissionais da sa\u00fade com mais de 50 anos - Litoral SP","isPartOf":{"@id":"https:\/\/redenoticiaz.com.br\/litoralsp\/#website"},"primaryImageOfPage":{"@id":"https:\/\/redenoticiaz.com.br\/litoralsp\/2023\/03\/28\/covid-sao-vicente-inicia-aplicacao-da-vacina-bivalente-em-profissionais-da-saude-com-mais-de-50-anos#primaryimage"},"image":{"@id":"https:\/\/redenoticiaz.com.br\/litoralsp\/2023\/03\/28\/covid-sao-vicente-inicia-aplicacao-da-vacina-bivalente-em-profissionais-da-saude-com-mais-de-50-anos#primaryimage"},"thumbnailUrl":"https:\/\/redenoticiaz.com.br\/litoralsp\/wp-content\/uploads\/sites\/3\/2023\/03\/VACINA-PROF-SAUDE.jpg","datePublished":"2023-03-28T14:20:17+00:00","description":"desta quarta-feira (29), os profissionais da sa\u00fade com 50 anos ou mais de S\u00e3o Vicente, passam a receber a vacina bivalente contra a Covid-19 e as","inLanguage":"pt-BR","potentialAction":[{"@type":"ReadAction","target":["https:\/\/redenoticiaz.com.br\/litoralsp\/2023\/03\/28\/covid-sao-vicente-inicia-aplicacao-da-vacina-bivalente-em-profissionais-da-saude-com-mais-de-50-anos"]}]},{"@type":"ImageObject","inLanguage":"pt-BR","@id":"https:\/\/redenoticiaz.com.br\/litoralsp\/2023\/03\/28\/covid-sao-vicente-inicia-aplicacao-da-vacina-bivalente-em-profissionais-da-saude-com-mais-de-50-anos#primaryimage","url":"https:\/\/redenoticiaz.com.br\/litoralsp\/wp-content\/uploads\/sites\/3\/2023\/03\/VACINA-PROF-SAUDE.jpg","contentUrl":"https:\/\/redenoticiaz.com.br\/litoralsp\/wp-content\/uploads\/sites\/3\/2023\/03\/VACINA-PROF-SAUDE.jpg","width":560,"height":365,"caption":"Cr\u00e9ditos: Divulga\u00e7\u00e3o\/Prefeitura de S\u00e3o Vicente"},{"@type":"WebSite","@id":"https:\/\/redenoticiaz.com.br\/litoralsp\/#website","url":"https:\/\/redenoticiaz.com.br\/litoralsp\/","name":"Litoral SP","description":"Rede NoticiaZ","publisher":{"@id":"https:\/\/redenoticiaz.com.br\/litoralsp\/#organization"},"potentialAction":[{"@type":"SearchAction","target":{"@type":"EntryPoint","urlTemplate":"https:\/\/redenoticiaz.com.br\/litoralsp\/?s={search_term_string}"},"query-input":{"@type":"PropertyValueSpecification","valueRequired":true,"valueName":"search_term_string"}}],"inLanguage":"pt-BR"},{"@type":"Organization","@id":"https:\/\/redenoticiaz.com.br\/litoralsp\/#organization","name":"Litoral SP","url":"https:\/\/redenoticiaz.com.br\/litoralsp\/","logo":{"@type":"ImageObject","inLanguage":"pt-BR","@id":"https:\/\/redenoticiaz.com.br\/litoralsp\/#\/schema\/logo\/image\/","url":"https:\/\/redenoticiaz.com.br\/litoralsp\/wp-content\/uploads\/sites\/3\/2020\/11\/logo.jpg","contentUrl":"https:\/\/redenoticiaz.com.br\/litoralsp\/wp-content\/uploads\/sites\/3\/2020\/11\/logo.jpg","width":400,"height":250,"caption":"Litoral SP"},"image":{"@id":"https:\/\/redenoticiaz.com.br\/litoralsp\/#\/schema\/logo\/image\/"}},{"@type":"Person","@id":"https:\/\/redenoticiaz.com.br\/litoralsp\/#\/schema\/person\/0f0b8a5bdafefe82841e07ae8d81ecb3","name":"Leonardo Francisco","image":{"@type":"ImageObject","inLanguage":"pt-BR","@id":"https:\/\/secure.gravatar.com\/avatar\/a7358cb406a99b682ec6df1e77e31ae82e63601f6784e8a3df411d72b37864da?s=96&d=mm&r=g","url":"https:\/\/secure.gravatar.com\/avatar\/a7358cb406a99b682ec6df1e77e31ae82e63601f6784e8a3df411d72b37864da?s=96&d=mm&r=g","contentUrl":"https:\/\/secure.gravatar.com\/avatar\/a7358cb406a99b682ec6df1e77e31ae82e63601f6784e8a3df411d72b37864da?s=96&d=mm&r=g","caption":"Leonardo Francisco"},"url":"https:\/\/redenoticiaz.com.br\/litoralsp\/author\/leonardo-francisco"}]}},"_links":{"self":[{"href":"https:\/\/redenoticiaz.com.br\/litoralsp\/wp-json\/wp\/v2\/posts\/103221","targetHints":{"allow":["GET"]}}],"collection":[{"href":"https:\/\/redenoticiaz.com.br\/litoralsp\/wp-json\/wp\/v2\/posts"}],"about":[{"href":"https:\/\/redenoticiaz.com.br\/litoralsp\/wp-json\/wp\/v2\/types\/post"}],"author":[{"embeddable":true,"href":"https:\/\/redenoticiaz.com.br\/litoralsp\/wp-json\/wp\/v2\/users\/6"}],"replies":[{"embeddable":true,"href":"https:\/\/redenoticiaz.com.br\/litoralsp\/wp-json\/wp\/v2\/comments?post=103221"}],"version-history":[{"count":1,"href":"https:\/\/redenoticiaz.com.br\/litoralsp\/wp-json\/wp\/v2\/posts\/103221\/revisions"}],"predecessor-version":[{"id":103223,"href":"https:\/\/redenoticiaz.com.br\/litoralsp\/wp-json\/wp\/v2\/posts\/103221\/revisions\/103223"}],"wp:featuredmedia":[{"embeddable":true,"href":"https:\/\/redenoticiaz.com.br\/litoralsp\/wp-json\/wp\/v2\/media\/103222"}],"wp:attachment":[{"href":"https:\/\/redenoticiaz.com.br\/litoralsp\/wp-json\/wp\/v2\/media?parent=103221"}],"wp:term":[{"taxonomy":"category","embeddable":true,"href":"https:\/\/redenoticiaz.com.br\/litoralsp\/wp-json\/wp\/v2\/categories?post=103221"},{"taxonomy":"post_tag","embeddable":true,"href":"https:\/\/redenoticiaz.com.br\/litoralsp\/wp-json\/wp\/v2\/tags?post=103221"}],"curies":[{"name":"wp","href":"https:\/\/api.w.org\/{rel}","templated":true}]}}