{"id":103237,"date":"2023-03-28T14:31:42","date_gmt":"2023-03-28T17:31:42","guid":{"rendered":"https:\/\/redenoticiaz.com.br\/litoralsp\/?p=103237"},"modified":"2023-03-28T14:31:42","modified_gmt":"2023-03-28T17:31:42","slug":"gcm-de-sao-vicente-detem-individuo-por-porte-de-faca-e-objetos-roubados","status":"publish","type":"post","link":"https:\/\/redenoticiaz.com.br\/litoralsp\/2023\/03\/28\/gcm-de-sao-vicente-detem-individuo-por-porte-de-faca-e-objetos-roubados","title":{"rendered":"GCM de S\u00e3o Vicente det\u00e9m indiv\u00edduo por porte de faca e objetos roubados"},"content":{"rendered":"<div>A Guarda Civil Municipal de S\u00e3o Vicente (GCM-SV) atendeu a uma ocorr\u00eancia de roubo na Praia do Itarar\u00e9, detendo o infrator e recuperando os pertences das v\u00edtimas.<\/div>\n<div><\/div>\n<div>De acordo com as informa\u00e7\u00f5es, a equipe realizava patrulhamento pela orla do Itarar\u00e9, quando foi acionada por um mun\u00edcipe que alegava ter constatado roubo a um casal em um quiosque pr\u00f3ximo ao Telef\u00e9rico.<\/div>\n<div><\/div>\n<div>Ainda de acordo com as informa\u00e7\u00f5es, recebendo as descri\u00e7\u00f5es, prontamente os agentes iniciaram a opera\u00e7\u00e3o em busca do indiv\u00edduo, que, segundo a testemunha, estava de camiseta vermelha.<\/div>\n<div><\/div>\n<div>Sendo assim, na busca, os profissionais localizaram um homem que se enquadrava nas caracter\u00edsticas e ainda portava uma faca.<\/div>\n<div><\/div>\n<div>Por fim, ao perceber a viatura, empreendeu fuga de bicicleta, sendo acompanhado pela equipe, que, inicialmente, deu ordem de parada. O indiv\u00edduo n\u00e3o acatou a determina\u00e7\u00e3o e seguiu pedalando sentido Avenida Presidente Wilson, sendo assim preso.<\/div>\n<div><\/div>\n<div>Na abordagem, foi encontrada a presen\u00e7a de uma faca, um aparelho celular, um rel\u00f3gio e cart\u00f5es de banco em nomes de terceiros.<\/div>\n<div><\/div>\n<div>Em seu hist\u00f3rico, foram constatadas duas passagens em unidades policiais por tr\u00e1fico de entorpecentes. Diante dos fatos, o indiv\u00edduo foi encaminhado ao 1\u00b0 Distrito Policial (DP), ficando \u00e0 disposi\u00e7\u00e3o das autoridades.<\/div>\n<div><\/div>\n<div>Os pertences foram devolvidos \u00e0s v\u00edtimas (que preferem n\u00e3o revelar identifica\u00e7\u00e3o).O caso foi registrado no dia 21 de mar\u00e7o.<\/div>\n<div><\/div>\n<div><strong>Leia mais<\/strong><\/div>\n<div><a href=\"https:\/\/redenoticiaz.com.br\/litoralsp\/2023\/03\/28\/covid-sao-vicente-inicia-aplicacao-da-vacina-bivalente-em-profissionais-da-saude-com-mais-de-50-anos\">Covid: S\u00e3o Vicente inicia aplica\u00e7\u00e3o da vacina bivalente em profissionais da sa\u00fade com mais de 50 anos<\/a><\/div>\n","protected":false},"excerpt":{"rendered":"<p>A Guarda Civil Municipal de S\u00e3o Vicente (GCM-SV) atendeu a uma ocorr\u00eancia de roubo na Praia do Itarar\u00e9, detendo o infrator e recuperando os pertences das v\u00edtimas. De acordo com as informa\u00e7\u00f5es, a equipe realizava patrulhamento pela orla do Itarar\u00e9, quando foi acionada por um mun\u00edcipe que alegava ter constatado roubo a um casal em &hellip;<\/p>\n","protected":false},"author":12,"featured_media":103238,"comment_status":"open","ping_status":"closed","sticky":false,"template":"","format":"standard","meta":{"footnotes":""},"categories":[181],"tags":[60827,14403,4244,60826,3891,33],"class_list":["post-103237","post","type-post","status-publish","format-standard","has-post-thumbnail","hentry","category-sao-vicente","tag-1-distrito-policial","tag-avenida-presidente-wilson","tag-gcm","tag-gcm-sv","tag-guarda-civil-municipal","tag-sao-vicente"],"yoast_head":"<!-- This site is optimized with the Yoast SEO plugin v27.5 - https:\/\/yoast.com\/product\/yoast-seo-wordpress\/ -->\n<title>GCM de S\u00e3o Vicente det\u00e9m indiv\u00edduo por porte de faca e objetos roubados - Litoral SP<\/title>\n<meta name=\"description\" content=\"A Guarda Civil Municipal de S\u00e3o Vicente atendeu a uma ocorr\u00eancia de roubo na Praia do Itarar\u00e9, detendo o infrator e recuperando os pertences das v\u00edtimas.\u00a0\" \/>\n<meta name=\"robots\" content=\"index, follow, max-snippet:-1, max-image-preview:large, max-video-preview:-1\" \/>\n<link rel=\"canonical\" href=\"https:\/\/redenoticiaz.com.br\/litoralsp\/2023\/03\/28\/gcm-de-sao-vicente-detem-individuo-por-porte-de-faca-e-objetos-roubados\" \/>\n<meta property=\"og:locale\" content=\"pt_BR\" \/>\n<meta property=\"og:type\" content=\"article\" \/>\n<meta property=\"og:title\" content=\"GCM de S\u00e3o Vicente det\u00e9m indiv\u00edduo por porte de faca e objetos roubados - Litoral SP\" \/>\n<meta property=\"og:description\" content=\"A Guarda Civil Municipal de S\u00e3o Vicente atendeu a uma ocorr\u00eancia de roubo na Praia do Itarar\u00e9, detendo o infrator e recuperando os pertences das v\u00edtimas.\u00a0\" \/>\n<meta property=\"og:url\" content=\"https:\/\/redenoticiaz.com.br\/litoralsp\/2023\/03\/28\/gcm-de-sao-vicente-detem-individuo-por-porte-de-faca-e-objetos-roubados\" \/>\n<meta property=\"og:site_name\" content=\"Litoral SP\" \/>\n<meta property=\"article:published_time\" content=\"2023-03-28T17:31:42+00:00\" \/>\n<meta property=\"og:image\" content=\"https:\/\/redenoticiaz.com.br\/litoralsp\/wp-content\/uploads\/sites\/3\/2023\/03\/16216.jpg\" \/>\n\t<meta property=\"og:image:width\" content=\"915\" \/>\n\t<meta property=\"og:image:height\" content=\"609\" \/>\n\t<meta property=\"og:image:type\" content=\"image\/jpeg\" \/>\n<meta name=\"author\" content=\"Gustavo Silva\" \/>\n<meta name=\"twitter:card\" content=\"summary_large_image\" \/>\n<meta name=\"twitter:label1\" content=\"Escrito por\" \/>\n\t<meta name=\"twitter:data1\" content=\"Gustavo Silva\" \/>\n\t<meta name=\"twitter:label2\" content=\"Est. tempo de leitura\" \/>\n\t<meta name=\"twitter:data2\" content=\"2 minutos\" \/>\n<script type=\"application\/ld+json\" class=\"yoast-schema-graph\">{\"@context\":\"https:\\\/\\\/schema.org\",\"@graph\":[{\"@type\":\"Article\",\"@id\":\"https:\\\/\\\/redenoticiaz.com.br\\\/litoralsp\\\/2023\\\/03\\\/28\\\/gcm-de-sao-vicente-detem-individuo-por-porte-de-faca-e-objetos-roubados#article\",\"isPartOf\":{\"@id\":\"https:\\\/\\\/redenoticiaz.com.br\\\/litoralsp\\\/2023\\\/03\\\/28\\\/gcm-de-sao-vicente-detem-individuo-por-porte-de-faca-e-objetos-roubados\"},\"author\":{\"name\":\"Gustavo Silva\",\"@id\":\"https:\\\/\\\/redenoticiaz.com.br\\\/litoralsp\\\/#\\\/schema\\\/person\\\/16057b37a3c0ee6b096d7f887c566e2e\"},\"headline\":\"GCM de S\u00e3o Vicente det\u00e9m indiv\u00edduo por porte de faca e objetos roubados\",\"datePublished\":\"2023-03-28T17:31:42+00:00\",\"mainEntityOfPage\":{\"@id\":\"https:\\\/\\\/redenoticiaz.com.br\\\/litoralsp\\\/2023\\\/03\\\/28\\\/gcm-de-sao-vicente-detem-individuo-por-porte-de-faca-e-objetos-roubados\"},\"wordCount\":275,\"commentCount\":0,\"publisher\":{\"@id\":\"https:\\\/\\\/redenoticiaz.com.br\\\/litoralsp\\\/#organization\"},\"image\":{\"@id\":\"https:\\\/\\\/redenoticiaz.com.br\\\/litoralsp\\\/2023\\\/03\\\/28\\\/gcm-de-sao-vicente-detem-individuo-por-porte-de-faca-e-objetos-roubados#primaryimage\"},\"thumbnailUrl\":\"https:\\\/\\\/redenoticiaz.com.br\\\/litoralsp\\\/wp-content\\\/uploads\\\/sites\\\/3\\\/2023\\\/03\\\/16216.jpg\",\"keywords\":[\"1\u00b0 Distrito Policial\",\"AVENIDA PRESIDENTE WILSON\",\"GCM\",\"GCM-SV\",\"GUARDA CIVIL MUNICIPAL\",\"S\u00e3o Vicente\"],\"articleSection\":[\"S\u00e3o Vicente\"],\"inLanguage\":\"pt-BR\",\"potentialAction\":[{\"@type\":\"CommentAction\",\"name\":\"Comment\",\"target\":[\"https:\\\/\\\/redenoticiaz.com.br\\\/litoralsp\\\/2023\\\/03\\\/28\\\/gcm-de-sao-vicente-detem-individuo-por-porte-de-faca-e-objetos-roubados#respond\"]}]},{\"@type\":\"WebPage\",\"@id\":\"https:\\\/\\\/redenoticiaz.com.br\\\/litoralsp\\\/2023\\\/03\\\/28\\\/gcm-de-sao-vicente-detem-individuo-por-porte-de-faca-e-objetos-roubados\",\"url\":\"https:\\\/\\\/redenoticiaz.com.br\\\/litoralsp\\\/2023\\\/03\\\/28\\\/gcm-de-sao-vicente-detem-individuo-por-porte-de-faca-e-objetos-roubados\",\"name\":\"GCM de S\u00e3o Vicente det\u00e9m indiv\u00edduo por porte de faca e objetos roubados - Litoral SP\",\"isPartOf\":{\"@id\":\"https:\\\/\\\/redenoticiaz.com.br\\\/litoralsp\\\/#website\"},\"primaryImageOfPage\":{\"@id\":\"https:\\\/\\\/redenoticiaz.com.br\\\/litoralsp\\\/2023\\\/03\\\/28\\\/gcm-de-sao-vicente-detem-individuo-por-porte-de-faca-e-objetos-roubados#primaryimage\"},\"image\":{\"@id\":\"https:\\\/\\\/redenoticiaz.com.br\\\/litoralsp\\\/2023\\\/03\\\/28\\\/gcm-de-sao-vicente-detem-individuo-por-porte-de-faca-e-objetos-roubados#primaryimage\"},\"thumbnailUrl\":\"https:\\\/\\\/redenoticiaz.com.br\\\/litoralsp\\\/wp-content\\\/uploads\\\/sites\\\/3\\\/2023\\\/03\\\/16216.jpg\",\"datePublished\":\"2023-03-28T17:31:42+00:00\",\"description\":\"A Guarda Civil Municipal de S\u00e3o Vicente atendeu a uma ocorr\u00eancia de roubo na Praia do Itarar\u00e9, detendo o infrator e recuperando os pertences das v\u00edtimas.\u00a0\",\"inLanguage\":\"pt-BR\",\"potentialAction\":[{\"@type\":\"ReadAction\",\"target\":[\"https:\\\/\\\/redenoticiaz.com.br\\\/litoralsp\\\/2023\\\/03\\\/28\\\/gcm-de-sao-vicente-detem-individuo-por-porte-de-faca-e-objetos-roubados\"]}]},{\"@type\":\"ImageObject\",\"inLanguage\":\"pt-BR\",\"@id\":\"https:\\\/\\\/redenoticiaz.com.br\\\/litoralsp\\\/2023\\\/03\\\/28\\\/gcm-de-sao-vicente-detem-individuo-por-porte-de-faca-e-objetos-roubados#primaryimage\",\"url\":\"https:\\\/\\\/redenoticiaz.com.br\\\/litoralsp\\\/wp-content\\\/uploads\\\/sites\\\/3\\\/2023\\\/03\\\/16216.jpg\",\"contentUrl\":\"https:\\\/\\\/redenoticiaz.com.br\\\/litoralsp\\\/wp-content\\\/uploads\\\/sites\\\/3\\\/2023\\\/03\\\/16216.jpg\",\"width\":915,\"height\":609,\"caption\":\"GCM de S\u00e3o Vicente det\u00e9m indiv\u00edduo por porte de faca e objetos roubados\"},{\"@type\":\"WebSite\",\"@id\":\"https:\\\/\\\/redenoticiaz.com.br\\\/litoralsp\\\/#website\",\"url\":\"https:\\\/\\\/redenoticiaz.com.br\\\/litoralsp\\\/\",\"name\":\"Litoral SP\",\"description\":\"Rede NoticiaZ\",\"publisher\":{\"@id\":\"https:\\\/\\\/redenoticiaz.com.br\\\/litoralsp\\\/#organization\"},\"potentialAction\":[{\"@type\":\"SearchAction\",\"target\":{\"@type\":\"EntryPoint\",\"urlTemplate\":\"https:\\\/\\\/redenoticiaz.com.br\\\/litoralsp\\\/?s={search_term_string}\"},\"query-input\":{\"@type\":\"PropertyValueSpecification\",\"valueRequired\":true,\"valueName\":\"search_term_string\"}}],\"inLanguage\":\"pt-BR\"},{\"@type\":\"Organization\",\"@id\":\"https:\\\/\\\/redenoticiaz.com.br\\\/litoralsp\\\/#organization\",\"name\":\"Litoral SP\",\"url\":\"https:\\\/\\\/redenoticiaz.com.br\\\/litoralsp\\\/\",\"logo\":{\"@type\":\"ImageObject\",\"inLanguage\":\"pt-BR\",\"@id\":\"https:\\\/\\\/redenoticiaz.com.br\\\/litoralsp\\\/#\\\/schema\\\/logo\\\/image\\\/\",\"url\":\"https:\\\/\\\/redenoticiaz.com.br\\\/litoralsp\\\/wp-content\\\/uploads\\\/sites\\\/3\\\/2020\\\/11\\\/logo.jpg\",\"contentUrl\":\"https:\\\/\\\/redenoticiaz.com.br\\\/litoralsp\\\/wp-content\\\/uploads\\\/sites\\\/3\\\/2020\\\/11\\\/logo.jpg\",\"width\":400,\"height\":250,\"caption\":\"Litoral SP\"},\"image\":{\"@id\":\"https:\\\/\\\/redenoticiaz.com.br\\\/litoralsp\\\/#\\\/schema\\\/logo\\\/image\\\/\"}},{\"@type\":\"Person\",\"@id\":\"https:\\\/\\\/redenoticiaz.com.br\\\/litoralsp\\\/#\\\/schema\\\/person\\\/16057b37a3c0ee6b096d7f887c566e2e\",\"name\":\"Gustavo Silva\",\"image\":{\"@type\":\"ImageObject\",\"inLanguage\":\"pt-BR\",\"@id\":\"https:\\\/\\\/secure.gravatar.com\\\/avatar\\\/3ee4e82f93b26de0a7cf4ea5eb7893da637ed6bb0c9170c58065944c56e28a33?s=96&d=mm&r=g\",\"url\":\"https:\\\/\\\/secure.gravatar.com\\\/avatar\\\/3ee4e82f93b26de0a7cf4ea5eb7893da637ed6bb0c9170c58065944c56e28a33?s=96&d=mm&r=g\",\"contentUrl\":\"https:\\\/\\\/secure.gravatar.com\\\/avatar\\\/3ee4e82f93b26de0a7cf4ea5eb7893da637ed6bb0c9170c58065944c56e28a33?s=96&d=mm&r=g\",\"caption\":\"Gustavo Silva\"},\"url\":\"https:\\\/\\\/redenoticiaz.com.br\\\/litoralsp\\\/author\\\/gustavosilva\"}]}<\/script>\n<!-- \/ Yoast SEO plugin. -->","yoast_head_json":{"title":"GCM de S\u00e3o Vicente det\u00e9m indiv\u00edduo por porte de faca e objetos roubados - Litoral SP","description":"A Guarda Civil Municipal de S\u00e3o Vicente atendeu a uma ocorr\u00eancia de roubo na Praia do Itarar\u00e9, detendo o infrator e recuperando os pertences das v\u00edtimas.\u00a0","robots":{"index":"index","follow":"follow","max-snippet":"max-snippet:-1","max-image-preview":"max-image-preview:large","max-video-preview":"max-video-preview:-1"},"canonical":"https:\/\/redenoticiaz.com.br\/litoralsp\/2023\/03\/28\/gcm-de-sao-vicente-detem-individuo-por-porte-de-faca-e-objetos-roubados","og_locale":"pt_BR","og_type":"article","og_title":"GCM de S\u00e3o Vicente det\u00e9m indiv\u00edduo por porte de faca e objetos roubados - Litoral SP","og_description":"A Guarda Civil Municipal de S\u00e3o Vicente atendeu a uma ocorr\u00eancia de roubo na Praia do Itarar\u00e9, detendo o infrator e recuperando os pertences das v\u00edtimas.\u00a0","og_url":"https:\/\/redenoticiaz.com.br\/litoralsp\/2023\/03\/28\/gcm-de-sao-vicente-detem-individuo-por-porte-de-faca-e-objetos-roubados","og_site_name":"Litoral SP","article_published_time":"2023-03-28T17:31:42+00:00","og_image":[{"width":915,"height":609,"url":"https:\/\/redenoticiaz.com.br\/litoralsp\/wp-content\/uploads\/sites\/3\/2023\/03\/16216.jpg","type":"image\/jpeg"}],"author":"Gustavo Silva","twitter_card":"summary_large_image","twitter_misc":{"Escrito por":"Gustavo Silva","Est. tempo de leitura":"2 minutos"},"schema":{"@context":"https:\/\/schema.org","@graph":[{"@type":"Article","@id":"https:\/\/redenoticiaz.com.br\/litoralsp\/2023\/03\/28\/gcm-de-sao-vicente-detem-individuo-por-porte-de-faca-e-objetos-roubados#article","isPartOf":{"@id":"https:\/\/redenoticiaz.com.br\/litoralsp\/2023\/03\/28\/gcm-de-sao-vicente-detem-individuo-por-porte-de-faca-e-objetos-roubados"},"author":{"name":"Gustavo Silva","@id":"https:\/\/redenoticiaz.com.br\/litoralsp\/#\/schema\/person\/16057b37a3c0ee6b096d7f887c566e2e"},"headline":"GCM de S\u00e3o Vicente det\u00e9m indiv\u00edduo por porte de faca e objetos roubados","datePublished":"2023-03-28T17:31:42+00:00","mainEntityOfPage":{"@id":"https:\/\/redenoticiaz.com.br\/litoralsp\/2023\/03\/28\/gcm-de-sao-vicente-detem-individuo-por-porte-de-faca-e-objetos-roubados"},"wordCount":275,"commentCount":0,"publisher":{"@id":"https:\/\/redenoticiaz.com.br\/litoralsp\/#organization"},"image":{"@id":"https:\/\/redenoticiaz.com.br\/litoralsp\/2023\/03\/28\/gcm-de-sao-vicente-detem-individuo-por-porte-de-faca-e-objetos-roubados#primaryimage"},"thumbnailUrl":"https:\/\/redenoticiaz.com.br\/litoralsp\/wp-content\/uploads\/sites\/3\/2023\/03\/16216.jpg","keywords":["1\u00b0 Distrito Policial","AVENIDA PRESIDENTE WILSON","GCM","GCM-SV","GUARDA CIVIL MUNICIPAL","S\u00e3o Vicente"],"articleSection":["S\u00e3o Vicente"],"inLanguage":"pt-BR","potentialAction":[{"@type":"CommentAction","name":"Comment","target":["https:\/\/redenoticiaz.com.br\/litoralsp\/2023\/03\/28\/gcm-de-sao-vicente-detem-individuo-por-porte-de-faca-e-objetos-roubados#respond"]}]},{"@type":"WebPage","@id":"https:\/\/redenoticiaz.com.br\/litoralsp\/2023\/03\/28\/gcm-de-sao-vicente-detem-individuo-por-porte-de-faca-e-objetos-roubados","url":"https:\/\/redenoticiaz.com.br\/litoralsp\/2023\/03\/28\/gcm-de-sao-vicente-detem-individuo-por-porte-de-faca-e-objetos-roubados","name":"GCM de S\u00e3o Vicente det\u00e9m indiv\u00edduo por porte de faca e objetos roubados - Litoral SP","isPartOf":{"@id":"https:\/\/redenoticiaz.com.br\/litoralsp\/#website"},"primaryImageOfPage":{"@id":"https:\/\/redenoticiaz.com.br\/litoralsp\/2023\/03\/28\/gcm-de-sao-vicente-detem-individuo-por-porte-de-faca-e-objetos-roubados#primaryimage"},"image":{"@id":"https:\/\/redenoticiaz.com.br\/litoralsp\/2023\/03\/28\/gcm-de-sao-vicente-detem-individuo-por-porte-de-faca-e-objetos-roubados#primaryimage"},"thumbnailUrl":"https:\/\/redenoticiaz.com.br\/litoralsp\/wp-content\/uploads\/sites\/3\/2023\/03\/16216.jpg","datePublished":"2023-03-28T17:31:42+00:00","description":"A Guarda Civil Municipal de S\u00e3o Vicente atendeu a uma ocorr\u00eancia de roubo na Praia do Itarar\u00e9, detendo o infrator e recuperando os pertences das v\u00edtimas.\u00a0","inLanguage":"pt-BR","potentialAction":[{"@type":"ReadAction","target":["https:\/\/redenoticiaz.com.br\/litoralsp\/2023\/03\/28\/gcm-de-sao-vicente-detem-individuo-por-porte-de-faca-e-objetos-roubados"]}]},{"@type":"ImageObject","inLanguage":"pt-BR","@id":"https:\/\/redenoticiaz.com.br\/litoralsp\/2023\/03\/28\/gcm-de-sao-vicente-detem-individuo-por-porte-de-faca-e-objetos-roubados#primaryimage","url":"https:\/\/redenoticiaz.com.br\/litoralsp\/wp-content\/uploads\/sites\/3\/2023\/03\/16216.jpg","contentUrl":"https:\/\/redenoticiaz.com.br\/litoralsp\/wp-content\/uploads\/sites\/3\/2023\/03\/16216.jpg","width":915,"height":609,"caption":"GCM de S\u00e3o Vicente det\u00e9m indiv\u00edduo por porte de faca e objetos roubados"},{"@type":"WebSite","@id":"https:\/\/redenoticiaz.com.br\/litoralsp\/#website","url":"https:\/\/redenoticiaz.com.br\/litoralsp\/","name":"Litoral SP","description":"Rede NoticiaZ","publisher":{"@id":"https:\/\/redenoticiaz.com.br\/litoralsp\/#organization"},"potentialAction":[{"@type":"SearchAction","target":{"@type":"EntryPoint","urlTemplate":"https:\/\/redenoticiaz.com.br\/litoralsp\/?s={search_term_string}"},"query-input":{"@type":"PropertyValueSpecification","valueRequired":true,"valueName":"search_term_string"}}],"inLanguage":"pt-BR"},{"@type":"Organization","@id":"https:\/\/redenoticiaz.com.br\/litoralsp\/#organization","name":"Litoral SP","url":"https:\/\/redenoticiaz.com.br\/litoralsp\/","logo":{"@type":"ImageObject","inLanguage":"pt-BR","@id":"https:\/\/redenoticiaz.com.br\/litoralsp\/#\/schema\/logo\/image\/","url":"https:\/\/redenoticiaz.com.br\/litoralsp\/wp-content\/uploads\/sites\/3\/2020\/11\/logo.jpg","contentUrl":"https:\/\/redenoticiaz.com.br\/litoralsp\/wp-content\/uploads\/sites\/3\/2020\/11\/logo.jpg","width":400,"height":250,"caption":"Litoral SP"},"image":{"@id":"https:\/\/redenoticiaz.com.br\/litoralsp\/#\/schema\/logo\/image\/"}},{"@type":"Person","@id":"https:\/\/redenoticiaz.com.br\/litoralsp\/#\/schema\/person\/16057b37a3c0ee6b096d7f887c566e2e","name":"Gustavo Silva","image":{"@type":"ImageObject","inLanguage":"pt-BR","@id":"https:\/\/secure.gravatar.com\/avatar\/3ee4e82f93b26de0a7cf4ea5eb7893da637ed6bb0c9170c58065944c56e28a33?s=96&d=mm&r=g","url":"https:\/\/secure.gravatar.com\/avatar\/3ee4e82f93b26de0a7cf4ea5eb7893da637ed6bb0c9170c58065944c56e28a33?s=96&d=mm&r=g","contentUrl":"https:\/\/secure.gravatar.com\/avatar\/3ee4e82f93b26de0a7cf4ea5eb7893da637ed6bb0c9170c58065944c56e28a33?s=96&d=mm&r=g","caption":"Gustavo Silva"},"url":"https:\/\/redenoticiaz.com.br\/litoralsp\/author\/gustavosilva"}]}},"_links":{"self":[{"href":"https:\/\/redenoticiaz.com.br\/litoralsp\/wp-json\/wp\/v2\/posts\/103237","targetHints":{"allow":["GET"]}}],"collection":[{"href":"https:\/\/redenoticiaz.com.br\/litoralsp\/wp-json\/wp\/v2\/posts"}],"about":[{"href":"https:\/\/redenoticiaz.com.br\/litoralsp\/wp-json\/wp\/v2\/types\/post"}],"author":[{"embeddable":true,"href":"https:\/\/redenoticiaz.com.br\/litoralsp\/wp-json\/wp\/v2\/users\/12"}],"replies":[{"embeddable":true,"href":"https:\/\/redenoticiaz.com.br\/litoralsp\/wp-json\/wp\/v2\/comments?post=103237"}],"version-history":[{"count":1,"href":"https:\/\/redenoticiaz.com.br\/litoralsp\/wp-json\/wp\/v2\/posts\/103237\/revisions"}],"predecessor-version":[{"id":103239,"href":"https:\/\/redenoticiaz.com.br\/litoralsp\/wp-json\/wp\/v2\/posts\/103237\/revisions\/103239"}],"wp:featuredmedia":[{"embeddable":true,"href":"https:\/\/redenoticiaz.com.br\/litoralsp\/wp-json\/wp\/v2\/media\/103238"}],"wp:attachment":[{"href":"https:\/\/redenoticiaz.com.br\/litoralsp\/wp-json\/wp\/v2\/media?parent=103237"}],"wp:term":[{"taxonomy":"category","embeddable":true,"href":"https:\/\/redenoticiaz.com.br\/litoralsp\/wp-json\/wp\/v2\/categories?post=103237"},{"taxonomy":"post_tag","embeddable":true,"href":"https:\/\/redenoticiaz.com.br\/litoralsp\/wp-json\/wp\/v2\/tags?post=103237"}],"curies":[{"name":"wp","href":"https:\/\/api.w.org\/{rel}","templated":true}]}}