{"id":103261,"date":"2023-03-28T21:18:59","date_gmt":"2023-03-29T00:18:59","guid":{"rendered":"https:\/\/redenoticiaz.com.br\/litoralsp\/?p=103261"},"modified":"2023-03-28T21:20:23","modified_gmt":"2023-03-29T00:20:23","slug":"dois-veiculos-roubados-sao-recuperados-em-sao-vicente-pela-policia","status":"publish","type":"post","link":"https:\/\/redenoticiaz.com.br\/litoralsp\/2023\/03\/28\/dois-veiculos-roubados-sao-recuperados-em-sao-vicente-pela-policia","title":{"rendered":"Dois ve\u00edculos roubados s\u00e3o recuperados em S\u00e3o Vicente pela Pol\u00edcia"},"content":{"rendered":"<p>Dois ve\u00edculos roubados foram recuperados na cidade de S\u00e3o Vicente por policiais do 2\u00ba Distrito Policial nesta ter\u00e7a-feira (28).<\/p>\n<p>De acordo com as informa\u00e7\u00f5es, equipes realizavam dilig\u00eancias pela Rua Rio Panaro, na Vila Margarida, quando notaram um ve\u00edculo abandonado na rua.<\/p>\n<p>Ainda de acordo com as informa\u00e7\u00f5es, ap\u00f3s pesquisas no sistema, identificou-se que o ve\u00edculo estava com uma queixa de roubo.<\/p>\n<p>Sendo assim, o segundo ve\u00edculo foi encontrado nas proximidades da Avenida Brasil, no mesmo bairro. Era uma motocicleta vermelha.<\/p>\n<p><img loading=\"lazy\" decoding=\"async\" class=\"aligncenter wp-image-103263 size-large\" src=\"https:\/\/redenoticiaz.com.br\/litoralsp\/wp-content\/uploads\/sites\/3\/2023\/03\/WhatsApp-Image-2023-03-28-at-18.55.37-1024x768.jpeg\" alt=\"Dois ve\u00edculos roubados s\u00e3o recuperados em S\u00e3o Vicente pela Pol\u00edcia\" width=\"1024\" height=\"768\" srcset=\"https:\/\/redenoticiaz.com.br\/litoralsp\/wp-content\/uploads\/sites\/3\/2023\/03\/WhatsApp-Image-2023-03-28-at-18.55.37-1024x768.jpeg 1024w, https:\/\/redenoticiaz.com.br\/litoralsp\/wp-content\/uploads\/sites\/3\/2023\/03\/WhatsApp-Image-2023-03-28-at-18.55.37-300x225.jpeg 300w, https:\/\/redenoticiaz.com.br\/litoralsp\/wp-content\/uploads\/sites\/3\/2023\/03\/WhatsApp-Image-2023-03-28-at-18.55.37-768x576.jpeg 768w, https:\/\/redenoticiaz.com.br\/litoralsp\/wp-content\/uploads\/sites\/3\/2023\/03\/WhatsApp-Image-2023-03-28-at-18.55.37.jpeg 1280w\" sizes=\"auto, (max-width: 1024px) 100vw, 1024px\" \/><\/p>\n<p>Por fim, de acordo com o BO do roubo, o ve\u00edculo foi roubado por dois homens de bicicleta que abordaram a v\u00edtima em frente a uma faculdade na Rua Sorocabana.<\/p>\n<p>O primeiro ve\u00edculo ainda n\u00e3o foi entregue aos donos e a moto j\u00e1 foi restitu\u00edda ao propriet\u00e1rio.<\/p>\n<p><strong>Leia mais<\/strong><\/p>\n<p><a href=\"https:\/\/redenoticiaz.com.br\/litoralsp\/2023\/03\/28\/gcm-de-sao-vicente-detem-individuo-por-porte-de-faca-e-objetos-roubados\">GCM de S\u00e3o Vicente det\u00e9m indiv\u00edduo por porte de faca e objetos roubados<\/a><\/p>\n","protected":false},"excerpt":{"rendered":"<p>Dois ve\u00edculos roubados foram recuperados na cidade de S\u00e3o Vicente por policiais do 2\u00ba Distrito Policial nesta ter\u00e7a-feira (28). De acordo com as informa\u00e7\u00f5es, equipes realizavam dilig\u00eancias pela Rua Rio Panaro, na Vila Margarida, quando notaram um ve\u00edculo abandonado na rua. Ainda de acordo com as informa\u00e7\u00f5es, ap\u00f3s pesquisas no sistema, identificou-se que o ve\u00edculo &hellip;<\/p>\n","protected":false},"author":12,"featured_media":103262,"comment_status":"open","ping_status":"closed","sticky":false,"template":"","format":"standard","meta":{"footnotes":""},"categories":[181],"tags":[59917,9383,1973,64285,33],"class_list":["post-103261","post","type-post","status-publish","format-standard","has-post-thumbnail","hentry","category-sao-vicente","tag-avenida-brasil","tag-moto","tag-roubo","tag-rua-sorocabana","tag-sao-vicente"],"yoast_head":"<!-- This site is optimized with the Yoast SEO plugin v27.5 - https:\/\/yoast.com\/product\/yoast-seo-wordpress\/ -->\n<title>Dois ve\u00edculos roubados s\u00e3o recuperados em S\u00e3o Vicente pela Pol\u00edcia - Litoral SP<\/title>\n<meta name=\"description\" content=\"Dois ve\u00edculos roubados foram recuperados na cidade de S\u00e3o Vicente por policiais do 2\u00ba Distrito Policial nesta ter\u00e7a-feira (28).\" \/>\n<meta name=\"robots\" content=\"index, follow, max-snippet:-1, max-image-preview:large, max-video-preview:-1\" \/>\n<link rel=\"canonical\" href=\"https:\/\/redenoticiaz.com.br\/litoralsp\/2023\/03\/28\/dois-veiculos-roubados-sao-recuperados-em-sao-vicente-pela-policia\" \/>\n<meta property=\"og:locale\" content=\"pt_BR\" \/>\n<meta property=\"og:type\" content=\"article\" \/>\n<meta property=\"og:title\" content=\"Dois ve\u00edculos roubados s\u00e3o recuperados em S\u00e3o Vicente pela Pol\u00edcia - Litoral SP\" \/>\n<meta property=\"og:description\" content=\"Dois ve\u00edculos roubados foram recuperados na cidade de S\u00e3o Vicente por policiais do 2\u00ba Distrito Policial nesta ter\u00e7a-feira (28).\" \/>\n<meta property=\"og:url\" content=\"https:\/\/redenoticiaz.com.br\/litoralsp\/2023\/03\/28\/dois-veiculos-roubados-sao-recuperados-em-sao-vicente-pela-policia\" \/>\n<meta property=\"og:site_name\" content=\"Litoral SP\" \/>\n<meta property=\"article:published_time\" content=\"2023-03-29T00:18:59+00:00\" \/>\n<meta property=\"article:modified_time\" content=\"2023-03-29T00:20:23+00:00\" \/>\n<meta property=\"og:image\" content=\"https:\/\/redenoticiaz.com.br\/litoralsp\/wp-content\/uploads\/sites\/3\/2023\/03\/WhatsApp-Image-2023-03-28-at-18.56.11.jpeg\" \/>\n\t<meta property=\"og:image:width\" content=\"1440\" \/>\n\t<meta property=\"og:image:height\" content=\"1080\" \/>\n\t<meta property=\"og:image:type\" content=\"image\/jpeg\" \/>\n<meta name=\"author\" content=\"Gustavo Silva\" \/>\n<meta name=\"twitter:card\" content=\"summary_large_image\" \/>\n<meta name=\"twitter:label1\" content=\"Escrito por\" \/>\n\t<meta name=\"twitter:data1\" content=\"Gustavo Silva\" \/>\n\t<meta name=\"twitter:label2\" content=\"Est. tempo de leitura\" \/>\n\t<meta name=\"twitter:data2\" content=\"1 minuto\" \/>\n<script type=\"application\/ld+json\" class=\"yoast-schema-graph\">{\"@context\":\"https:\\\/\\\/schema.org\",\"@graph\":[{\"@type\":\"Article\",\"@id\":\"https:\\\/\\\/redenoticiaz.com.br\\\/litoralsp\\\/2023\\\/03\\\/28\\\/dois-veiculos-roubados-sao-recuperados-em-sao-vicente-pela-policia#article\",\"isPartOf\":{\"@id\":\"https:\\\/\\\/redenoticiaz.com.br\\\/litoralsp\\\/2023\\\/03\\\/28\\\/dois-veiculos-roubados-sao-recuperados-em-sao-vicente-pela-policia\"},\"author\":{\"name\":\"Gustavo Silva\",\"@id\":\"https:\\\/\\\/redenoticiaz.com.br\\\/litoralsp\\\/#\\\/schema\\\/person\\\/16057b37a3c0ee6b096d7f887c566e2e\"},\"headline\":\"Dois ve\u00edculos roubados s\u00e3o recuperados em S\u00e3o Vicente pela Pol\u00edcia\",\"datePublished\":\"2023-03-29T00:18:59+00:00\",\"dateModified\":\"2023-03-29T00:20:23+00:00\",\"mainEntityOfPage\":{\"@id\":\"https:\\\/\\\/redenoticiaz.com.br\\\/litoralsp\\\/2023\\\/03\\\/28\\\/dois-veiculos-roubados-sao-recuperados-em-sao-vicente-pela-policia\"},\"wordCount\":173,\"commentCount\":0,\"publisher\":{\"@id\":\"https:\\\/\\\/redenoticiaz.com.br\\\/litoralsp\\\/#organization\"},\"image\":{\"@id\":\"https:\\\/\\\/redenoticiaz.com.br\\\/litoralsp\\\/2023\\\/03\\\/28\\\/dois-veiculos-roubados-sao-recuperados-em-sao-vicente-pela-policia#primaryimage\"},\"thumbnailUrl\":\"https:\\\/\\\/redenoticiaz.com.br\\\/litoralsp\\\/wp-content\\\/uploads\\\/sites\\\/3\\\/2023\\\/03\\\/WhatsApp-Image-2023-03-28-at-18.56.11.jpeg\",\"keywords\":[\"Avenida Brasil\",\"MOTO\",\"roubo\",\"rua sorocabana\",\"S\u00e3o Vicente\"],\"articleSection\":[\"S\u00e3o Vicente\"],\"inLanguage\":\"pt-BR\",\"potentialAction\":[{\"@type\":\"CommentAction\",\"name\":\"Comment\",\"target\":[\"https:\\\/\\\/redenoticiaz.com.br\\\/litoralsp\\\/2023\\\/03\\\/28\\\/dois-veiculos-roubados-sao-recuperados-em-sao-vicente-pela-policia#respond\"]}]},{\"@type\":\"WebPage\",\"@id\":\"https:\\\/\\\/redenoticiaz.com.br\\\/litoralsp\\\/2023\\\/03\\\/28\\\/dois-veiculos-roubados-sao-recuperados-em-sao-vicente-pela-policia\",\"url\":\"https:\\\/\\\/redenoticiaz.com.br\\\/litoralsp\\\/2023\\\/03\\\/28\\\/dois-veiculos-roubados-sao-recuperados-em-sao-vicente-pela-policia\",\"name\":\"Dois ve\u00edculos roubados s\u00e3o recuperados em S\u00e3o Vicente pela Pol\u00edcia - Litoral SP\",\"isPartOf\":{\"@id\":\"https:\\\/\\\/redenoticiaz.com.br\\\/litoralsp\\\/#website\"},\"primaryImageOfPage\":{\"@id\":\"https:\\\/\\\/redenoticiaz.com.br\\\/litoralsp\\\/2023\\\/03\\\/28\\\/dois-veiculos-roubados-sao-recuperados-em-sao-vicente-pela-policia#primaryimage\"},\"image\":{\"@id\":\"https:\\\/\\\/redenoticiaz.com.br\\\/litoralsp\\\/2023\\\/03\\\/28\\\/dois-veiculos-roubados-sao-recuperados-em-sao-vicente-pela-policia#primaryimage\"},\"thumbnailUrl\":\"https:\\\/\\\/redenoticiaz.com.br\\\/litoralsp\\\/wp-content\\\/uploads\\\/sites\\\/3\\\/2023\\\/03\\\/WhatsApp-Image-2023-03-28-at-18.56.11.jpeg\",\"datePublished\":\"2023-03-29T00:18:59+00:00\",\"dateModified\":\"2023-03-29T00:20:23+00:00\",\"description\":\"Dois ve\u00edculos roubados foram recuperados na cidade de S\u00e3o Vicente por policiais do 2\u00ba Distrito Policial nesta ter\u00e7a-feira (28).\",\"inLanguage\":\"pt-BR\",\"potentialAction\":[{\"@type\":\"ReadAction\",\"target\":[\"https:\\\/\\\/redenoticiaz.com.br\\\/litoralsp\\\/2023\\\/03\\\/28\\\/dois-veiculos-roubados-sao-recuperados-em-sao-vicente-pela-policia\"]}]},{\"@type\":\"ImageObject\",\"inLanguage\":\"pt-BR\",\"@id\":\"https:\\\/\\\/redenoticiaz.com.br\\\/litoralsp\\\/2023\\\/03\\\/28\\\/dois-veiculos-roubados-sao-recuperados-em-sao-vicente-pela-policia#primaryimage\",\"url\":\"https:\\\/\\\/redenoticiaz.com.br\\\/litoralsp\\\/wp-content\\\/uploads\\\/sites\\\/3\\\/2023\\\/03\\\/WhatsApp-Image-2023-03-28-at-18.56.11.jpeg\",\"contentUrl\":\"https:\\\/\\\/redenoticiaz.com.br\\\/litoralsp\\\/wp-content\\\/uploads\\\/sites\\\/3\\\/2023\\\/03\\\/WhatsApp-Image-2023-03-28-at-18.56.11.jpeg\",\"width\":1440,\"height\":1080,\"caption\":\"Dois ve\u00edculos roubados s\u00e3o recuperados em S\u00e3o Vicente pela Pol\u00edcia\"},{\"@type\":\"WebSite\",\"@id\":\"https:\\\/\\\/redenoticiaz.com.br\\\/litoralsp\\\/#website\",\"url\":\"https:\\\/\\\/redenoticiaz.com.br\\\/litoralsp\\\/\",\"name\":\"Litoral SP\",\"description\":\"Rede NoticiaZ\",\"publisher\":{\"@id\":\"https:\\\/\\\/redenoticiaz.com.br\\\/litoralsp\\\/#organization\"},\"potentialAction\":[{\"@type\":\"SearchAction\",\"target\":{\"@type\":\"EntryPoint\",\"urlTemplate\":\"https:\\\/\\\/redenoticiaz.com.br\\\/litoralsp\\\/?s={search_term_string}\"},\"query-input\":{\"@type\":\"PropertyValueSpecification\",\"valueRequired\":true,\"valueName\":\"search_term_string\"}}],\"inLanguage\":\"pt-BR\"},{\"@type\":\"Organization\",\"@id\":\"https:\\\/\\\/redenoticiaz.com.br\\\/litoralsp\\\/#organization\",\"name\":\"Litoral SP\",\"url\":\"https:\\\/\\\/redenoticiaz.com.br\\\/litoralsp\\\/\",\"logo\":{\"@type\":\"ImageObject\",\"inLanguage\":\"pt-BR\",\"@id\":\"https:\\\/\\\/redenoticiaz.com.br\\\/litoralsp\\\/#\\\/schema\\\/logo\\\/image\\\/\",\"url\":\"https:\\\/\\\/redenoticiaz.com.br\\\/litoralsp\\\/wp-content\\\/uploads\\\/sites\\\/3\\\/2020\\\/11\\\/logo.jpg\",\"contentUrl\":\"https:\\\/\\\/redenoticiaz.com.br\\\/litoralsp\\\/wp-content\\\/uploads\\\/sites\\\/3\\\/2020\\\/11\\\/logo.jpg\",\"width\":400,\"height\":250,\"caption\":\"Litoral SP\"},\"image\":{\"@id\":\"https:\\\/\\\/redenoticiaz.com.br\\\/litoralsp\\\/#\\\/schema\\\/logo\\\/image\\\/\"}},{\"@type\":\"Person\",\"@id\":\"https:\\\/\\\/redenoticiaz.com.br\\\/litoralsp\\\/#\\\/schema\\\/person\\\/16057b37a3c0ee6b096d7f887c566e2e\",\"name\":\"Gustavo Silva\",\"image\":{\"@type\":\"ImageObject\",\"inLanguage\":\"pt-BR\",\"@id\":\"https:\\\/\\\/secure.gravatar.com\\\/avatar\\\/3ee4e82f93b26de0a7cf4ea5eb7893da637ed6bb0c9170c58065944c56e28a33?s=96&d=mm&r=g\",\"url\":\"https:\\\/\\\/secure.gravatar.com\\\/avatar\\\/3ee4e82f93b26de0a7cf4ea5eb7893da637ed6bb0c9170c58065944c56e28a33?s=96&d=mm&r=g\",\"contentUrl\":\"https:\\\/\\\/secure.gravatar.com\\\/avatar\\\/3ee4e82f93b26de0a7cf4ea5eb7893da637ed6bb0c9170c58065944c56e28a33?s=96&d=mm&r=g\",\"caption\":\"Gustavo Silva\"},\"url\":\"https:\\\/\\\/redenoticiaz.com.br\\\/litoralsp\\\/author\\\/gustavosilva\"}]}<\/script>\n<!-- \/ Yoast SEO plugin. -->","yoast_head_json":{"title":"Dois ve\u00edculos roubados s\u00e3o recuperados em S\u00e3o Vicente pela Pol\u00edcia - Litoral SP","description":"Dois ve\u00edculos roubados foram recuperados na cidade de S\u00e3o Vicente por policiais do 2\u00ba Distrito Policial nesta ter\u00e7a-feira (28).","robots":{"index":"index","follow":"follow","max-snippet":"max-snippet:-1","max-image-preview":"max-image-preview:large","max-video-preview":"max-video-preview:-1"},"canonical":"https:\/\/redenoticiaz.com.br\/litoralsp\/2023\/03\/28\/dois-veiculos-roubados-sao-recuperados-em-sao-vicente-pela-policia","og_locale":"pt_BR","og_type":"article","og_title":"Dois ve\u00edculos roubados s\u00e3o recuperados em S\u00e3o Vicente pela Pol\u00edcia - Litoral SP","og_description":"Dois ve\u00edculos roubados foram recuperados na cidade de S\u00e3o Vicente por policiais do 2\u00ba Distrito Policial nesta ter\u00e7a-feira (28).","og_url":"https:\/\/redenoticiaz.com.br\/litoralsp\/2023\/03\/28\/dois-veiculos-roubados-sao-recuperados-em-sao-vicente-pela-policia","og_site_name":"Litoral SP","article_published_time":"2023-03-29T00:18:59+00:00","article_modified_time":"2023-03-29T00:20:23+00:00","og_image":[{"width":1440,"height":1080,"url":"https:\/\/redenoticiaz.com.br\/litoralsp\/wp-content\/uploads\/sites\/3\/2023\/03\/WhatsApp-Image-2023-03-28-at-18.56.11.jpeg","type":"image\/jpeg"}],"author":"Gustavo Silva","twitter_card":"summary_large_image","twitter_misc":{"Escrito por":"Gustavo Silva","Est. tempo de leitura":"1 minuto"},"schema":{"@context":"https:\/\/schema.org","@graph":[{"@type":"Article","@id":"https:\/\/redenoticiaz.com.br\/litoralsp\/2023\/03\/28\/dois-veiculos-roubados-sao-recuperados-em-sao-vicente-pela-policia#article","isPartOf":{"@id":"https:\/\/redenoticiaz.com.br\/litoralsp\/2023\/03\/28\/dois-veiculos-roubados-sao-recuperados-em-sao-vicente-pela-policia"},"author":{"name":"Gustavo Silva","@id":"https:\/\/redenoticiaz.com.br\/litoralsp\/#\/schema\/person\/16057b37a3c0ee6b096d7f887c566e2e"},"headline":"Dois ve\u00edculos roubados s\u00e3o recuperados em S\u00e3o Vicente pela Pol\u00edcia","datePublished":"2023-03-29T00:18:59+00:00","dateModified":"2023-03-29T00:20:23+00:00","mainEntityOfPage":{"@id":"https:\/\/redenoticiaz.com.br\/litoralsp\/2023\/03\/28\/dois-veiculos-roubados-sao-recuperados-em-sao-vicente-pela-policia"},"wordCount":173,"commentCount":0,"publisher":{"@id":"https:\/\/redenoticiaz.com.br\/litoralsp\/#organization"},"image":{"@id":"https:\/\/redenoticiaz.com.br\/litoralsp\/2023\/03\/28\/dois-veiculos-roubados-sao-recuperados-em-sao-vicente-pela-policia#primaryimage"},"thumbnailUrl":"https:\/\/redenoticiaz.com.br\/litoralsp\/wp-content\/uploads\/sites\/3\/2023\/03\/WhatsApp-Image-2023-03-28-at-18.56.11.jpeg","keywords":["Avenida Brasil","MOTO","roubo","rua sorocabana","S\u00e3o Vicente"],"articleSection":["S\u00e3o Vicente"],"inLanguage":"pt-BR","potentialAction":[{"@type":"CommentAction","name":"Comment","target":["https:\/\/redenoticiaz.com.br\/litoralsp\/2023\/03\/28\/dois-veiculos-roubados-sao-recuperados-em-sao-vicente-pela-policia#respond"]}]},{"@type":"WebPage","@id":"https:\/\/redenoticiaz.com.br\/litoralsp\/2023\/03\/28\/dois-veiculos-roubados-sao-recuperados-em-sao-vicente-pela-policia","url":"https:\/\/redenoticiaz.com.br\/litoralsp\/2023\/03\/28\/dois-veiculos-roubados-sao-recuperados-em-sao-vicente-pela-policia","name":"Dois ve\u00edculos roubados s\u00e3o recuperados em S\u00e3o Vicente pela Pol\u00edcia - Litoral SP","isPartOf":{"@id":"https:\/\/redenoticiaz.com.br\/litoralsp\/#website"},"primaryImageOfPage":{"@id":"https:\/\/redenoticiaz.com.br\/litoralsp\/2023\/03\/28\/dois-veiculos-roubados-sao-recuperados-em-sao-vicente-pela-policia#primaryimage"},"image":{"@id":"https:\/\/redenoticiaz.com.br\/litoralsp\/2023\/03\/28\/dois-veiculos-roubados-sao-recuperados-em-sao-vicente-pela-policia#primaryimage"},"thumbnailUrl":"https:\/\/redenoticiaz.com.br\/litoralsp\/wp-content\/uploads\/sites\/3\/2023\/03\/WhatsApp-Image-2023-03-28-at-18.56.11.jpeg","datePublished":"2023-03-29T00:18:59+00:00","dateModified":"2023-03-29T00:20:23+00:00","description":"Dois ve\u00edculos roubados foram recuperados na cidade de S\u00e3o Vicente por policiais do 2\u00ba Distrito Policial nesta ter\u00e7a-feira (28).","inLanguage":"pt-BR","potentialAction":[{"@type":"ReadAction","target":["https:\/\/redenoticiaz.com.br\/litoralsp\/2023\/03\/28\/dois-veiculos-roubados-sao-recuperados-em-sao-vicente-pela-policia"]}]},{"@type":"ImageObject","inLanguage":"pt-BR","@id":"https:\/\/redenoticiaz.com.br\/litoralsp\/2023\/03\/28\/dois-veiculos-roubados-sao-recuperados-em-sao-vicente-pela-policia#primaryimage","url":"https:\/\/redenoticiaz.com.br\/litoralsp\/wp-content\/uploads\/sites\/3\/2023\/03\/WhatsApp-Image-2023-03-28-at-18.56.11.jpeg","contentUrl":"https:\/\/redenoticiaz.com.br\/litoralsp\/wp-content\/uploads\/sites\/3\/2023\/03\/WhatsApp-Image-2023-03-28-at-18.56.11.jpeg","width":1440,"height":1080,"caption":"Dois ve\u00edculos roubados s\u00e3o recuperados em S\u00e3o Vicente pela Pol\u00edcia"},{"@type":"WebSite","@id":"https:\/\/redenoticiaz.com.br\/litoralsp\/#website","url":"https:\/\/redenoticiaz.com.br\/litoralsp\/","name":"Litoral SP","description":"Rede NoticiaZ","publisher":{"@id":"https:\/\/redenoticiaz.com.br\/litoralsp\/#organization"},"potentialAction":[{"@type":"SearchAction","target":{"@type":"EntryPoint","urlTemplate":"https:\/\/redenoticiaz.com.br\/litoralsp\/?s={search_term_string}"},"query-input":{"@type":"PropertyValueSpecification","valueRequired":true,"valueName":"search_term_string"}}],"inLanguage":"pt-BR"},{"@type":"Organization","@id":"https:\/\/redenoticiaz.com.br\/litoralsp\/#organization","name":"Litoral SP","url":"https:\/\/redenoticiaz.com.br\/litoralsp\/","logo":{"@type":"ImageObject","inLanguage":"pt-BR","@id":"https:\/\/redenoticiaz.com.br\/litoralsp\/#\/schema\/logo\/image\/","url":"https:\/\/redenoticiaz.com.br\/litoralsp\/wp-content\/uploads\/sites\/3\/2020\/11\/logo.jpg","contentUrl":"https:\/\/redenoticiaz.com.br\/litoralsp\/wp-content\/uploads\/sites\/3\/2020\/11\/logo.jpg","width":400,"height":250,"caption":"Litoral SP"},"image":{"@id":"https:\/\/redenoticiaz.com.br\/litoralsp\/#\/schema\/logo\/image\/"}},{"@type":"Person","@id":"https:\/\/redenoticiaz.com.br\/litoralsp\/#\/schema\/person\/16057b37a3c0ee6b096d7f887c566e2e","name":"Gustavo Silva","image":{"@type":"ImageObject","inLanguage":"pt-BR","@id":"https:\/\/secure.gravatar.com\/avatar\/3ee4e82f93b26de0a7cf4ea5eb7893da637ed6bb0c9170c58065944c56e28a33?s=96&d=mm&r=g","url":"https:\/\/secure.gravatar.com\/avatar\/3ee4e82f93b26de0a7cf4ea5eb7893da637ed6bb0c9170c58065944c56e28a33?s=96&d=mm&r=g","contentUrl":"https:\/\/secure.gravatar.com\/avatar\/3ee4e82f93b26de0a7cf4ea5eb7893da637ed6bb0c9170c58065944c56e28a33?s=96&d=mm&r=g","caption":"Gustavo Silva"},"url":"https:\/\/redenoticiaz.com.br\/litoralsp\/author\/gustavosilva"}]}},"_links":{"self":[{"href":"https:\/\/redenoticiaz.com.br\/litoralsp\/wp-json\/wp\/v2\/posts\/103261","targetHints":{"allow":["GET"]}}],"collection":[{"href":"https:\/\/redenoticiaz.com.br\/litoralsp\/wp-json\/wp\/v2\/posts"}],"about":[{"href":"https:\/\/redenoticiaz.com.br\/litoralsp\/wp-json\/wp\/v2\/types\/post"}],"author":[{"embeddable":true,"href":"https:\/\/redenoticiaz.com.br\/litoralsp\/wp-json\/wp\/v2\/users\/12"}],"replies":[{"embeddable":true,"href":"https:\/\/redenoticiaz.com.br\/litoralsp\/wp-json\/wp\/v2\/comments?post=103261"}],"version-history":[{"count":1,"href":"https:\/\/redenoticiaz.com.br\/litoralsp\/wp-json\/wp\/v2\/posts\/103261\/revisions"}],"predecessor-version":[{"id":103264,"href":"https:\/\/redenoticiaz.com.br\/litoralsp\/wp-json\/wp\/v2\/posts\/103261\/revisions\/103264"}],"wp:featuredmedia":[{"embeddable":true,"href":"https:\/\/redenoticiaz.com.br\/litoralsp\/wp-json\/wp\/v2\/media\/103262"}],"wp:attachment":[{"href":"https:\/\/redenoticiaz.com.br\/litoralsp\/wp-json\/wp\/v2\/media?parent=103261"}],"wp:term":[{"taxonomy":"category","embeddable":true,"href":"https:\/\/redenoticiaz.com.br\/litoralsp\/wp-json\/wp\/v2\/categories?post=103261"},{"taxonomy":"post_tag","embeddable":true,"href":"https:\/\/redenoticiaz.com.br\/litoralsp\/wp-json\/wp\/v2\/tags?post=103261"}],"curies":[{"name":"wp","href":"https:\/\/api.w.org\/{rel}","templated":true}]}}