{"id":103276,"date":"2023-03-29T10:12:54","date_gmt":"2023-03-29T13:12:54","guid":{"rendered":"https:\/\/redenoticiaz.com.br\/litoralsp\/?p=103276"},"modified":"2023-03-29T10:12:54","modified_gmt":"2023-03-29T13:12:54","slug":"santos-exige-entrega-do-vlt-ate-comeco-de-2024-mas-construtora-da-prazo-diferente","status":"publish","type":"post","link":"https:\/\/redenoticiaz.com.br\/litoralsp\/2023\/03\/29\/santos-exige-entrega-do-vlt-ate-comeco-de-2024-mas-construtora-da-prazo-diferente","title":{"rendered":"Santos exige entrega do VLT at\u00e9 come\u00e7o de 2024, mas construtora d\u00e1 prazo diferente"},"content":{"rendered":"<p>Mais um cap\u00edtulo sobre as <strong>obras do segundo trecho do Ve\u00edculo Leve sobre Trilhos (VLT) de Santos<\/strong>. Agora o prefeito de Santos, Rog\u00e9rio Santos (PSDB) quer que os trabalhos estejam conclu\u00eddos at\u00e9 o come\u00e7o de 2024. S\u00f3 que a construtora Queiroz Galv\u00e3o, respons\u00e1vel pelos trabalhos, eles s\u00f3 devem estar prontos em julho do mesmo ano.<\/p>\n<p>Em entrevista para <em>A Tribuna<\/em>, o chefe do Executivo Santista falou sobre o tema. &#8220;Esse \u00e9 um prazo que eles deram, mas que n\u00e3o atende \u00e0 Cidade de Santos. Precisamos acelerar essa entrega, porque \u00e9 um investimento de R$ 230 milh\u00f5es&#8221;, detalha.<\/p>\n<p>&#8220;O Governo do Estado tem os recursos, a prefeitura tem feito de tudo para que a obra avance. A empresa encontrou grandes dificuldades, mas cabe a ela pensar nas solu\u00e7\u00f5es. \u00c9 isso que est\u00e1 no contrato&#8221;.<\/p>\n<p>Uma reuni\u00e3o est\u00e1 prevista para acontecer em abril e a proposta do prefeito Rog\u00e9rio Santos \u00e9 que seja feita uma maior mobiliza\u00e7\u00e3o de funcion\u00e1rios e at\u00e9 uma lei para que os trabalhos ocorram pela madrugada n\u00e3o est\u00e1 descartada.<\/p>\n<h3>EMTU<\/h3>\n<p>Em nota, a Empresa Metropolitana de Transportes Urbanos (EMTU) informou que o prazo da entrega do segundo trecho do VLT continua para julho de 2024. Desde o dia 17, as obras se concentram na instala\u00e7\u00e3o de trilhos na Rua da Constitui\u00e7\u00e3o, na regi\u00e3o da Esta\u00e7\u00e3o Universidade II, em frente \u00e0 Universidade Cat\u00f3lica de Santos (UniSantos).<\/p>\n<p>&#8220;Em maio, est\u00e1 previsto o in\u00edcio das atividades na regi\u00e3o da avenida Visconde de S\u00e3o Leopoldo, no Centro&#8221;, diz a nota. &#8220;\u00c9 uma obra que vai melhorar a mobilidade urbana, a integra\u00e7\u00e3o com S\u00e3o Vicente e as demais cidades. Vai ser a mola propulsora para o desenvolvimento do Centro, naquilo que queremos, com foco na habita\u00e7\u00e3o. Mas essa obra, como todas, causa grandes transtornos. E tem afetado, sobretudo, os comerciantes e prestadores de servi\u00e7os que atuam na regi\u00e3o central da cidade&#8221;.<\/p>\n<p><strong>LEIA TAMB\u00c9M<\/strong><\/p>\n<p><a href=\"https:\/\/redenoticiaz.com.br\/litoralsp\/2023\/01\/07\/obras-no-vlt-causam-a-interdicao-de-vias-na-cidade-de-santos\">Obras no VLT causam a interdi\u00e7\u00e3o de vias na cidade de Santos<\/a><\/p>\n","protected":false},"excerpt":{"rendered":"<p>Mais um cap\u00edtulo sobre as obras do segundo trecho do Ve\u00edculo Leve sobre Trilhos (VLT) de Santos. Agora o prefeito de Santos, Rog\u00e9rio Santos (PSDB) quer que os trabalhos estejam conclu\u00eddos at\u00e9 o come\u00e7o de 2024. S\u00f3 que a construtora Queiroz Galv\u00e3o, respons\u00e1vel pelos trabalhos, eles s\u00f3 devem estar prontos em julho do mesmo ano. &hellip;<\/p>\n","protected":false},"author":6,"featured_media":16981,"comment_status":"open","ping_status":"closed","sticky":false,"template":"","format":"standard","meta":{"footnotes":""},"categories":[1579,180,88],"tags":[7775,1948,7212,49351,986,64289,13255,1947],"class_list":["post-103276","post","type-post","status-publish","format-standard","has-post-thumbnail","hentry","category-obras","category-santos","category-transportes","tag-emtu","tag-obras","tag-prefeitura-de-santos","tag-queiroz-galvao","tag-santos","tag-segundo-trecho","tag-veiculo-leve-sobre-trilhos","tag-vlt"],"yoast_head":"<!-- This site is optimized with the Yoast SEO plugin v27.4 - https:\/\/yoast.com\/product\/yoast-seo-wordpress\/ -->\n<title>Santos exige entrega do VLT at\u00e9 come\u00e7o de 2024, mas construtora d\u00e1 prazo diferente - Litoral SP<\/title>\n<meta name=\"description\" content=\"ais um cap\u00edtulo sobre as obras do segundo trecho do Ve\u00edculo Leve sobre Trilhos (VLT) de Santos. Agora o prefeito de Santos,\" \/>\n<meta name=\"robots\" content=\"index, follow, max-snippet:-1, max-image-preview:large, max-video-preview:-1\" \/>\n<link rel=\"canonical\" href=\"https:\/\/redenoticiaz.com.br\/litoralsp\/2023\/03\/29\/santos-exige-entrega-do-vlt-ate-comeco-de-2024-mas-construtora-da-prazo-diferente\" \/>\n<meta property=\"og:locale\" content=\"pt_BR\" \/>\n<meta property=\"og:type\" content=\"article\" \/>\n<meta property=\"og:title\" content=\"Santos exige entrega do VLT at\u00e9 come\u00e7o de 2024, mas construtora d\u00e1 prazo diferente - Litoral SP\" \/>\n<meta property=\"og:description\" content=\"ais um cap\u00edtulo sobre as obras do segundo trecho do Ve\u00edculo Leve sobre Trilhos (VLT) de Santos. Agora o prefeito de Santos,\" \/>\n<meta property=\"og:url\" content=\"https:\/\/redenoticiaz.com.br\/litoralsp\/2023\/03\/29\/santos-exige-entrega-do-vlt-ate-comeco-de-2024-mas-construtora-da-prazo-diferente\" \/>\n<meta property=\"og:site_name\" content=\"Litoral SP\" \/>\n<meta property=\"article:published_time\" content=\"2023-03-29T13:12:54+00:00\" \/>\n<meta property=\"og:image\" content=\"https:\/\/redenoticiaz.com.br\/litoralsp\/wp-content\/uploads\/sites\/3\/2021\/10\/vlt.jpg\" \/>\n\t<meta property=\"og:image:width\" content=\"900\" \/>\n\t<meta property=\"og:image:height\" content=\"600\" \/>\n\t<meta property=\"og:image:type\" content=\"image\/jpeg\" \/>\n<meta name=\"author\" content=\"Leonardo Francisco\" \/>\n<meta name=\"twitter:card\" content=\"summary_large_image\" \/>\n<meta name=\"twitter:label1\" content=\"Escrito por\" \/>\n\t<meta name=\"twitter:data1\" content=\"Leonardo Francisco\" \/>\n\t<meta name=\"twitter:label2\" content=\"Est. tempo de leitura\" \/>\n\t<meta name=\"twitter:data2\" content=\"2 minutos\" \/>\n<script type=\"application\/ld+json\" class=\"yoast-schema-graph\">{\"@context\":\"https:\\\/\\\/schema.org\",\"@graph\":[{\"@type\":\"Article\",\"@id\":\"https:\\\/\\\/redenoticiaz.com.br\\\/litoralsp\\\/2023\\\/03\\\/29\\\/santos-exige-entrega-do-vlt-ate-comeco-de-2024-mas-construtora-da-prazo-diferente#article\",\"isPartOf\":{\"@id\":\"https:\\\/\\\/redenoticiaz.com.br\\\/litoralsp\\\/2023\\\/03\\\/29\\\/santos-exige-entrega-do-vlt-ate-comeco-de-2024-mas-construtora-da-prazo-diferente\"},\"author\":{\"name\":\"Leonardo Francisco\",\"@id\":\"https:\\\/\\\/redenoticiaz.com.br\\\/litoralsp\\\/#\\\/schema\\\/person\\\/0f0b8a5bdafefe82841e07ae8d81ecb3\"},\"headline\":\"Santos exige entrega do VLT at\u00e9 come\u00e7o de 2024, mas construtora d\u00e1 prazo diferente\",\"datePublished\":\"2023-03-29T13:12:54+00:00\",\"mainEntityOfPage\":{\"@id\":\"https:\\\/\\\/redenoticiaz.com.br\\\/litoralsp\\\/2023\\\/03\\\/29\\\/santos-exige-entrega-do-vlt-ate-comeco-de-2024-mas-construtora-da-prazo-diferente\"},\"wordCount\":355,\"commentCount\":0,\"publisher\":{\"@id\":\"https:\\\/\\\/redenoticiaz.com.br\\\/litoralsp\\\/#organization\"},\"image\":{\"@id\":\"https:\\\/\\\/redenoticiaz.com.br\\\/litoralsp\\\/2023\\\/03\\\/29\\\/santos-exige-entrega-do-vlt-ate-comeco-de-2024-mas-construtora-da-prazo-diferente#primaryimage\"},\"thumbnailUrl\":\"https:\\\/\\\/redenoticiaz.com.br\\\/litoralsp\\\/wp-content\\\/uploads\\\/sites\\\/3\\\/2021\\\/10\\\/vlt.jpg\",\"keywords\":[\"EMTU\",\"obras\",\"PREFEITURA DE SANTOS\",\"QUEIROZ GALV\u00c3O\",\"Santos\",\"SEGUNDO TRECHO\",\"VE\u00cdCULO LEVE SOBRE TRILHOS\",\"VLT\"],\"articleSection\":[\"Obras\",\"Santos\",\"Transportes\"],\"inLanguage\":\"pt-BR\",\"potentialAction\":[{\"@type\":\"CommentAction\",\"name\":\"Comment\",\"target\":[\"https:\\\/\\\/redenoticiaz.com.br\\\/litoralsp\\\/2023\\\/03\\\/29\\\/santos-exige-entrega-do-vlt-ate-comeco-de-2024-mas-construtora-da-prazo-diferente#respond\"]}]},{\"@type\":\"WebPage\",\"@id\":\"https:\\\/\\\/redenoticiaz.com.br\\\/litoralsp\\\/2023\\\/03\\\/29\\\/santos-exige-entrega-do-vlt-ate-comeco-de-2024-mas-construtora-da-prazo-diferente\",\"url\":\"https:\\\/\\\/redenoticiaz.com.br\\\/litoralsp\\\/2023\\\/03\\\/29\\\/santos-exige-entrega-do-vlt-ate-comeco-de-2024-mas-construtora-da-prazo-diferente\",\"name\":\"Santos exige entrega do VLT at\u00e9 come\u00e7o de 2024, mas construtora d\u00e1 prazo diferente - Litoral SP\",\"isPartOf\":{\"@id\":\"https:\\\/\\\/redenoticiaz.com.br\\\/litoralsp\\\/#website\"},\"primaryImageOfPage\":{\"@id\":\"https:\\\/\\\/redenoticiaz.com.br\\\/litoralsp\\\/2023\\\/03\\\/29\\\/santos-exige-entrega-do-vlt-ate-comeco-de-2024-mas-construtora-da-prazo-diferente#primaryimage\"},\"image\":{\"@id\":\"https:\\\/\\\/redenoticiaz.com.br\\\/litoralsp\\\/2023\\\/03\\\/29\\\/santos-exige-entrega-do-vlt-ate-comeco-de-2024-mas-construtora-da-prazo-diferente#primaryimage\"},\"thumbnailUrl\":\"https:\\\/\\\/redenoticiaz.com.br\\\/litoralsp\\\/wp-content\\\/uploads\\\/sites\\\/3\\\/2021\\\/10\\\/vlt.jpg\",\"datePublished\":\"2023-03-29T13:12:54+00:00\",\"description\":\"ais um cap\u00edtulo sobre as obras do segundo trecho do Ve\u00edculo Leve sobre Trilhos (VLT) de Santos. Agora o prefeito de Santos,\",\"inLanguage\":\"pt-BR\",\"potentialAction\":[{\"@type\":\"ReadAction\",\"target\":[\"https:\\\/\\\/redenoticiaz.com.br\\\/litoralsp\\\/2023\\\/03\\\/29\\\/santos-exige-entrega-do-vlt-ate-comeco-de-2024-mas-construtora-da-prazo-diferente\"]}]},{\"@type\":\"ImageObject\",\"inLanguage\":\"pt-BR\",\"@id\":\"https:\\\/\\\/redenoticiaz.com.br\\\/litoralsp\\\/2023\\\/03\\\/29\\\/santos-exige-entrega-do-vlt-ate-comeco-de-2024-mas-construtora-da-prazo-diferente#primaryimage\",\"url\":\"https:\\\/\\\/redenoticiaz.com.br\\\/litoralsp\\\/wp-content\\\/uploads\\\/sites\\\/3\\\/2021\\\/10\\\/vlt.jpg\",\"contentUrl\":\"https:\\\/\\\/redenoticiaz.com.br\\\/litoralsp\\\/wp-content\\\/uploads\\\/sites\\\/3\\\/2021\\\/10\\\/vlt.jpg\",\"width\":900,\"height\":600,\"caption\":\"Foto: Divulga\u00e7\u00e3o\"},{\"@type\":\"WebSite\",\"@id\":\"https:\\\/\\\/redenoticiaz.com.br\\\/litoralsp\\\/#website\",\"url\":\"https:\\\/\\\/redenoticiaz.com.br\\\/litoralsp\\\/\",\"name\":\"Litoral SP\",\"description\":\"Rede NoticiaZ\",\"publisher\":{\"@id\":\"https:\\\/\\\/redenoticiaz.com.br\\\/litoralsp\\\/#organization\"},\"potentialAction\":[{\"@type\":\"SearchAction\",\"target\":{\"@type\":\"EntryPoint\",\"urlTemplate\":\"https:\\\/\\\/redenoticiaz.com.br\\\/litoralsp\\\/?s={search_term_string}\"},\"query-input\":{\"@type\":\"PropertyValueSpecification\",\"valueRequired\":true,\"valueName\":\"search_term_string\"}}],\"inLanguage\":\"pt-BR\"},{\"@type\":\"Organization\",\"@id\":\"https:\\\/\\\/redenoticiaz.com.br\\\/litoralsp\\\/#organization\",\"name\":\"Litoral SP\",\"url\":\"https:\\\/\\\/redenoticiaz.com.br\\\/litoralsp\\\/\",\"logo\":{\"@type\":\"ImageObject\",\"inLanguage\":\"pt-BR\",\"@id\":\"https:\\\/\\\/redenoticiaz.com.br\\\/litoralsp\\\/#\\\/schema\\\/logo\\\/image\\\/\",\"url\":\"https:\\\/\\\/redenoticiaz.com.br\\\/litoralsp\\\/wp-content\\\/uploads\\\/sites\\\/3\\\/2020\\\/11\\\/logo.jpg\",\"contentUrl\":\"https:\\\/\\\/redenoticiaz.com.br\\\/litoralsp\\\/wp-content\\\/uploads\\\/sites\\\/3\\\/2020\\\/11\\\/logo.jpg\",\"width\":400,\"height\":250,\"caption\":\"Litoral SP\"},\"image\":{\"@id\":\"https:\\\/\\\/redenoticiaz.com.br\\\/litoralsp\\\/#\\\/schema\\\/logo\\\/image\\\/\"}},{\"@type\":\"Person\",\"@id\":\"https:\\\/\\\/redenoticiaz.com.br\\\/litoralsp\\\/#\\\/schema\\\/person\\\/0f0b8a5bdafefe82841e07ae8d81ecb3\",\"name\":\"Leonardo Francisco\",\"image\":{\"@type\":\"ImageObject\",\"inLanguage\":\"pt-BR\",\"@id\":\"https:\\\/\\\/secure.gravatar.com\\\/avatar\\\/a7358cb406a99b682ec6df1e77e31ae82e63601f6784e8a3df411d72b37864da?s=96&d=mm&r=g\",\"url\":\"https:\\\/\\\/secure.gravatar.com\\\/avatar\\\/a7358cb406a99b682ec6df1e77e31ae82e63601f6784e8a3df411d72b37864da?s=96&d=mm&r=g\",\"contentUrl\":\"https:\\\/\\\/secure.gravatar.com\\\/avatar\\\/a7358cb406a99b682ec6df1e77e31ae82e63601f6784e8a3df411d72b37864da?s=96&d=mm&r=g\",\"caption\":\"Leonardo Francisco\"},\"url\":\"https:\\\/\\\/redenoticiaz.com.br\\\/litoralsp\\\/author\\\/leonardo-francisco\"}]}<\/script>\n<!-- \/ Yoast SEO plugin. -->","yoast_head_json":{"title":"Santos exige entrega do VLT at\u00e9 come\u00e7o de 2024, mas construtora d\u00e1 prazo diferente - Litoral SP","description":"ais um cap\u00edtulo sobre as obras do segundo trecho do Ve\u00edculo Leve sobre Trilhos (VLT) de Santos. Agora o prefeito de Santos,","robots":{"index":"index","follow":"follow","max-snippet":"max-snippet:-1","max-image-preview":"max-image-preview:large","max-video-preview":"max-video-preview:-1"},"canonical":"https:\/\/redenoticiaz.com.br\/litoralsp\/2023\/03\/29\/santos-exige-entrega-do-vlt-ate-comeco-de-2024-mas-construtora-da-prazo-diferente","og_locale":"pt_BR","og_type":"article","og_title":"Santos exige entrega do VLT at\u00e9 come\u00e7o de 2024, mas construtora d\u00e1 prazo diferente - Litoral SP","og_description":"ais um cap\u00edtulo sobre as obras do segundo trecho do Ve\u00edculo Leve sobre Trilhos (VLT) de Santos. Agora o prefeito de Santos,","og_url":"https:\/\/redenoticiaz.com.br\/litoralsp\/2023\/03\/29\/santos-exige-entrega-do-vlt-ate-comeco-de-2024-mas-construtora-da-prazo-diferente","og_site_name":"Litoral SP","article_published_time":"2023-03-29T13:12:54+00:00","og_image":[{"width":900,"height":600,"url":"https:\/\/redenoticiaz.com.br\/litoralsp\/wp-content\/uploads\/sites\/3\/2021\/10\/vlt.jpg","type":"image\/jpeg"}],"author":"Leonardo Francisco","twitter_card":"summary_large_image","twitter_misc":{"Escrito por":"Leonardo Francisco","Est. tempo de leitura":"2 minutos"},"schema":{"@context":"https:\/\/schema.org","@graph":[{"@type":"Article","@id":"https:\/\/redenoticiaz.com.br\/litoralsp\/2023\/03\/29\/santos-exige-entrega-do-vlt-ate-comeco-de-2024-mas-construtora-da-prazo-diferente#article","isPartOf":{"@id":"https:\/\/redenoticiaz.com.br\/litoralsp\/2023\/03\/29\/santos-exige-entrega-do-vlt-ate-comeco-de-2024-mas-construtora-da-prazo-diferente"},"author":{"name":"Leonardo Francisco","@id":"https:\/\/redenoticiaz.com.br\/litoralsp\/#\/schema\/person\/0f0b8a5bdafefe82841e07ae8d81ecb3"},"headline":"Santos exige entrega do VLT at\u00e9 come\u00e7o de 2024, mas construtora d\u00e1 prazo diferente","datePublished":"2023-03-29T13:12:54+00:00","mainEntityOfPage":{"@id":"https:\/\/redenoticiaz.com.br\/litoralsp\/2023\/03\/29\/santos-exige-entrega-do-vlt-ate-comeco-de-2024-mas-construtora-da-prazo-diferente"},"wordCount":355,"commentCount":0,"publisher":{"@id":"https:\/\/redenoticiaz.com.br\/litoralsp\/#organization"},"image":{"@id":"https:\/\/redenoticiaz.com.br\/litoralsp\/2023\/03\/29\/santos-exige-entrega-do-vlt-ate-comeco-de-2024-mas-construtora-da-prazo-diferente#primaryimage"},"thumbnailUrl":"https:\/\/redenoticiaz.com.br\/litoralsp\/wp-content\/uploads\/sites\/3\/2021\/10\/vlt.jpg","keywords":["EMTU","obras","PREFEITURA DE SANTOS","QUEIROZ GALV\u00c3O","Santos","SEGUNDO TRECHO","VE\u00cdCULO LEVE SOBRE TRILHOS","VLT"],"articleSection":["Obras","Santos","Transportes"],"inLanguage":"pt-BR","potentialAction":[{"@type":"CommentAction","name":"Comment","target":["https:\/\/redenoticiaz.com.br\/litoralsp\/2023\/03\/29\/santos-exige-entrega-do-vlt-ate-comeco-de-2024-mas-construtora-da-prazo-diferente#respond"]}]},{"@type":"WebPage","@id":"https:\/\/redenoticiaz.com.br\/litoralsp\/2023\/03\/29\/santos-exige-entrega-do-vlt-ate-comeco-de-2024-mas-construtora-da-prazo-diferente","url":"https:\/\/redenoticiaz.com.br\/litoralsp\/2023\/03\/29\/santos-exige-entrega-do-vlt-ate-comeco-de-2024-mas-construtora-da-prazo-diferente","name":"Santos exige entrega do VLT at\u00e9 come\u00e7o de 2024, mas construtora d\u00e1 prazo diferente - Litoral SP","isPartOf":{"@id":"https:\/\/redenoticiaz.com.br\/litoralsp\/#website"},"primaryImageOfPage":{"@id":"https:\/\/redenoticiaz.com.br\/litoralsp\/2023\/03\/29\/santos-exige-entrega-do-vlt-ate-comeco-de-2024-mas-construtora-da-prazo-diferente#primaryimage"},"image":{"@id":"https:\/\/redenoticiaz.com.br\/litoralsp\/2023\/03\/29\/santos-exige-entrega-do-vlt-ate-comeco-de-2024-mas-construtora-da-prazo-diferente#primaryimage"},"thumbnailUrl":"https:\/\/redenoticiaz.com.br\/litoralsp\/wp-content\/uploads\/sites\/3\/2021\/10\/vlt.jpg","datePublished":"2023-03-29T13:12:54+00:00","description":"ais um cap\u00edtulo sobre as obras do segundo trecho do Ve\u00edculo Leve sobre Trilhos (VLT) de Santos. Agora o prefeito de Santos,","inLanguage":"pt-BR","potentialAction":[{"@type":"ReadAction","target":["https:\/\/redenoticiaz.com.br\/litoralsp\/2023\/03\/29\/santos-exige-entrega-do-vlt-ate-comeco-de-2024-mas-construtora-da-prazo-diferente"]}]},{"@type":"ImageObject","inLanguage":"pt-BR","@id":"https:\/\/redenoticiaz.com.br\/litoralsp\/2023\/03\/29\/santos-exige-entrega-do-vlt-ate-comeco-de-2024-mas-construtora-da-prazo-diferente#primaryimage","url":"https:\/\/redenoticiaz.com.br\/litoralsp\/wp-content\/uploads\/sites\/3\/2021\/10\/vlt.jpg","contentUrl":"https:\/\/redenoticiaz.com.br\/litoralsp\/wp-content\/uploads\/sites\/3\/2021\/10\/vlt.jpg","width":900,"height":600,"caption":"Foto: Divulga\u00e7\u00e3o"},{"@type":"WebSite","@id":"https:\/\/redenoticiaz.com.br\/litoralsp\/#website","url":"https:\/\/redenoticiaz.com.br\/litoralsp\/","name":"Litoral SP","description":"Rede NoticiaZ","publisher":{"@id":"https:\/\/redenoticiaz.com.br\/litoralsp\/#organization"},"potentialAction":[{"@type":"SearchAction","target":{"@type":"EntryPoint","urlTemplate":"https:\/\/redenoticiaz.com.br\/litoralsp\/?s={search_term_string}"},"query-input":{"@type":"PropertyValueSpecification","valueRequired":true,"valueName":"search_term_string"}}],"inLanguage":"pt-BR"},{"@type":"Organization","@id":"https:\/\/redenoticiaz.com.br\/litoralsp\/#organization","name":"Litoral SP","url":"https:\/\/redenoticiaz.com.br\/litoralsp\/","logo":{"@type":"ImageObject","inLanguage":"pt-BR","@id":"https:\/\/redenoticiaz.com.br\/litoralsp\/#\/schema\/logo\/image\/","url":"https:\/\/redenoticiaz.com.br\/litoralsp\/wp-content\/uploads\/sites\/3\/2020\/11\/logo.jpg","contentUrl":"https:\/\/redenoticiaz.com.br\/litoralsp\/wp-content\/uploads\/sites\/3\/2020\/11\/logo.jpg","width":400,"height":250,"caption":"Litoral SP"},"image":{"@id":"https:\/\/redenoticiaz.com.br\/litoralsp\/#\/schema\/logo\/image\/"}},{"@type":"Person","@id":"https:\/\/redenoticiaz.com.br\/litoralsp\/#\/schema\/person\/0f0b8a5bdafefe82841e07ae8d81ecb3","name":"Leonardo Francisco","image":{"@type":"ImageObject","inLanguage":"pt-BR","@id":"https:\/\/secure.gravatar.com\/avatar\/a7358cb406a99b682ec6df1e77e31ae82e63601f6784e8a3df411d72b37864da?s=96&d=mm&r=g","url":"https:\/\/secure.gravatar.com\/avatar\/a7358cb406a99b682ec6df1e77e31ae82e63601f6784e8a3df411d72b37864da?s=96&d=mm&r=g","contentUrl":"https:\/\/secure.gravatar.com\/avatar\/a7358cb406a99b682ec6df1e77e31ae82e63601f6784e8a3df411d72b37864da?s=96&d=mm&r=g","caption":"Leonardo Francisco"},"url":"https:\/\/redenoticiaz.com.br\/litoralsp\/author\/leonardo-francisco"}]}},"_links":{"self":[{"href":"https:\/\/redenoticiaz.com.br\/litoralsp\/wp-json\/wp\/v2\/posts\/103276","targetHints":{"allow":["GET"]}}],"collection":[{"href":"https:\/\/redenoticiaz.com.br\/litoralsp\/wp-json\/wp\/v2\/posts"}],"about":[{"href":"https:\/\/redenoticiaz.com.br\/litoralsp\/wp-json\/wp\/v2\/types\/post"}],"author":[{"embeddable":true,"href":"https:\/\/redenoticiaz.com.br\/litoralsp\/wp-json\/wp\/v2\/users\/6"}],"replies":[{"embeddable":true,"href":"https:\/\/redenoticiaz.com.br\/litoralsp\/wp-json\/wp\/v2\/comments?post=103276"}],"version-history":[{"count":1,"href":"https:\/\/redenoticiaz.com.br\/litoralsp\/wp-json\/wp\/v2\/posts\/103276\/revisions"}],"predecessor-version":[{"id":103277,"href":"https:\/\/redenoticiaz.com.br\/litoralsp\/wp-json\/wp\/v2\/posts\/103276\/revisions\/103277"}],"wp:featuredmedia":[{"embeddable":true,"href":"https:\/\/redenoticiaz.com.br\/litoralsp\/wp-json\/wp\/v2\/media\/16981"}],"wp:attachment":[{"href":"https:\/\/redenoticiaz.com.br\/litoralsp\/wp-json\/wp\/v2\/media?parent=103276"}],"wp:term":[{"taxonomy":"category","embeddable":true,"href":"https:\/\/redenoticiaz.com.br\/litoralsp\/wp-json\/wp\/v2\/categories?post=103276"},{"taxonomy":"post_tag","embeddable":true,"href":"https:\/\/redenoticiaz.com.br\/litoralsp\/wp-json\/wp\/v2\/tags?post=103276"}],"curies":[{"name":"wp","href":"https:\/\/api.w.org\/{rel}","templated":true}]}}