{"id":103281,"date":"2023-03-29T11:27:56","date_gmt":"2023-03-29T14:27:56","guid":{"rendered":"https:\/\/redenoticiaz.com.br\/litoralsp\/?p=103281"},"modified":"2023-03-29T11:27:56","modified_gmt":"2023-03-29T14:27:56","slug":"pf-realiza-combate-ao-trafico-internacional-de-drogas-em-santos","status":"publish","type":"post","link":"https:\/\/redenoticiaz.com.br\/litoralsp\/2023\/03\/29\/pf-realiza-combate-ao-trafico-internacional-de-drogas-em-santos","title":{"rendered":"PF realiza combate ao tr\u00e1fico internacional de drogas em Santos"},"content":{"rendered":"<p>Nesta quarta-feira (29), a Pol\u00edcia Federal (PF) est\u00e1 realizando uma a\u00e7\u00e3o de combate ao tr\u00e1fico internacional de drogas no Porto de Santos. Ela \u00e9 um desdobramento das investiga\u00e7\u00f5es ap\u00f3s <strong>172 kg de coca\u00edna<\/strong> serem encontrados em um cont\u00eainer.<\/p>\n<p>Segundo a corpora\u00e7\u00e3o, dois mandados de busca e apreens\u00e3o expedidos pela Justi\u00e7a Federal de Santos, foram cumpridos. A miss\u00e3o \u00e9 aprofundar a investiga\u00e7\u00e3o sobre a pr\u00e1tica do crime de tr\u00e1fico internacional de drogas no Porto.<\/p>\n<p>O crime que deu origem \u00e0 investiga\u00e7\u00e3o ocorreu atrav\u00e9s da contamina\u00e7\u00e3o de um cont\u00eainer com 172 kg de coca\u00edna. O cont\u00eainer possu\u00eda como carga original pisos de cer\u00e2mica e tinha como destino final o Porto de Luanda, na \u00c1frica do Sul.<\/p>\n<p><strong>LEIA TAMB\u00c9M<\/strong><\/p>\n<p><a href=\"https:\/\/redenoticiaz.com.br\/litoralsp\/2023\/03\/28\/dois-veiculos-roubados-sao-recuperados-em-sao-vicente-pela-policia\">Dois ve\u00edculos roubados s\u00e3o recuperados em S\u00e3o Vicente pela Pol\u00edcia<\/a><\/p>\n","protected":false},"excerpt":{"rendered":"<p>Nesta quarta-feira (29), a Pol\u00edcia Federal (PF) est\u00e1 realizando uma a\u00e7\u00e3o de combate ao tr\u00e1fico internacional de drogas no Porto de Santos. Ela \u00e9 um desdobramento das investiga\u00e7\u00f5es ap\u00f3s 172 kg de coca\u00edna serem encontrados em um cont\u00eainer. Segundo a corpora\u00e7\u00e3o, dois mandados de busca e apreens\u00e3o expedidos pela Justi\u00e7a Federal de Santos, foram cumpridos. &hellip;<\/p>\n","protected":false},"author":6,"featured_media":98966,"comment_status":"open","ping_status":"closed","sticky":false,"template":"","format":"standard","meta":{"footnotes":""},"categories":[10,18537,180],"tags":[28869,14,74,986,36498],"class_list":["post-103281","post","type-post","status-publish","format-standard","has-post-thumbnail","hentry","category-policia","category-porto","category-santos","tag-cocaina-apreendida","tag-policia-federal","tag-porto-de-santos","tag-santos","tag-trafico-internacional-de-drogas"],"yoast_head":"<!-- This site is optimized with the Yoast SEO plugin v27.5 - https:\/\/yoast.com\/product\/yoast-seo-wordpress\/ -->\n<title>PF realiza combate ao tr\u00e1fico internacional de drogas em Santos - Litoral SP<\/title>\n<meta name=\"description\" content=\"Nesta quarta-feira (29), a Pol\u00edcia Federal (PF) est\u00e1 realizando uma a\u00e7\u00e3o de combate ao tr\u00e1fico internacional de drogas no Porto de Santos. Ela\" \/>\n<meta name=\"robots\" content=\"index, follow, max-snippet:-1, max-image-preview:large, max-video-preview:-1\" \/>\n<link rel=\"canonical\" href=\"https:\/\/redenoticiaz.com.br\/litoralsp\/2023\/03\/29\/pf-realiza-combate-ao-trafico-internacional-de-drogas-em-santos\" \/>\n<meta property=\"og:locale\" content=\"pt_BR\" \/>\n<meta property=\"og:type\" content=\"article\" \/>\n<meta property=\"og:title\" content=\"PF realiza combate ao tr\u00e1fico internacional de drogas em Santos - Litoral SP\" \/>\n<meta property=\"og:description\" content=\"Nesta quarta-feira (29), a Pol\u00edcia Federal (PF) est\u00e1 realizando uma a\u00e7\u00e3o de combate ao tr\u00e1fico internacional de drogas no Porto de Santos. Ela\" \/>\n<meta property=\"og:url\" content=\"https:\/\/redenoticiaz.com.br\/litoralsp\/2023\/03\/29\/pf-realiza-combate-ao-trafico-internacional-de-drogas-em-santos\" \/>\n<meta property=\"og:site_name\" content=\"Litoral SP\" \/>\n<meta property=\"article:published_time\" content=\"2023-03-29T14:27:56+00:00\" \/>\n<meta property=\"og:image\" content=\"https:\/\/redenoticiaz.com.br\/litoralsp\/wp-content\/uploads\/sites\/3\/2023\/01\/VIATURA-PF.jpg\" \/>\n\t<meta property=\"og:image:width\" content=\"615\" \/>\n\t<meta property=\"og:image:height\" content=\"373\" \/>\n\t<meta property=\"og:image:type\" content=\"image\/jpeg\" \/>\n<meta name=\"author\" content=\"Leonardo Francisco\" \/>\n<meta name=\"twitter:card\" content=\"summary_large_image\" \/>\n<meta name=\"twitter:label1\" content=\"Escrito por\" \/>\n\t<meta name=\"twitter:data1\" content=\"Leonardo Francisco\" \/>\n\t<meta name=\"twitter:label2\" content=\"Est. tempo de leitura\" \/>\n\t<meta name=\"twitter:data2\" content=\"1 minuto\" \/>\n<script type=\"application\/ld+json\" class=\"yoast-schema-graph\">{\"@context\":\"https:\\\/\\\/schema.org\",\"@graph\":[{\"@type\":\"Article\",\"@id\":\"https:\\\/\\\/redenoticiaz.com.br\\\/litoralsp\\\/2023\\\/03\\\/29\\\/pf-realiza-combate-ao-trafico-internacional-de-drogas-em-santos#article\",\"isPartOf\":{\"@id\":\"https:\\\/\\\/redenoticiaz.com.br\\\/litoralsp\\\/2023\\\/03\\\/29\\\/pf-realiza-combate-ao-trafico-internacional-de-drogas-em-santos\"},\"author\":{\"name\":\"Leonardo Francisco\",\"@id\":\"https:\\\/\\\/redenoticiaz.com.br\\\/litoralsp\\\/#\\\/schema\\\/person\\\/0f0b8a5bdafefe82841e07ae8d81ecb3\"},\"headline\":\"PF realiza combate ao tr\u00e1fico internacional de drogas em Santos\",\"datePublished\":\"2023-03-29T14:27:56+00:00\",\"mainEntityOfPage\":{\"@id\":\"https:\\\/\\\/redenoticiaz.com.br\\\/litoralsp\\\/2023\\\/03\\\/29\\\/pf-realiza-combate-ao-trafico-internacional-de-drogas-em-santos\"},\"wordCount\":158,\"commentCount\":0,\"publisher\":{\"@id\":\"https:\\\/\\\/redenoticiaz.com.br\\\/litoralsp\\\/#organization\"},\"image\":{\"@id\":\"https:\\\/\\\/redenoticiaz.com.br\\\/litoralsp\\\/2023\\\/03\\\/29\\\/pf-realiza-combate-ao-trafico-internacional-de-drogas-em-santos#primaryimage\"},\"thumbnailUrl\":\"https:\\\/\\\/redenoticiaz.com.br\\\/litoralsp\\\/wp-content\\\/uploads\\\/sites\\\/3\\\/2023\\\/01\\\/VIATURA-PF.jpg\",\"keywords\":[\"COCA\u00cdNA APREENDIDA\",\"policia federal\",\"porto de santos\",\"Santos\",\"TR\u00c1FICO INTERNACIONAL DE DROGAS\"],\"articleSection\":[\"Pol\u00edcia\",\"Porto\",\"Santos\"],\"inLanguage\":\"pt-BR\",\"potentialAction\":[{\"@type\":\"CommentAction\",\"name\":\"Comment\",\"target\":[\"https:\\\/\\\/redenoticiaz.com.br\\\/litoralsp\\\/2023\\\/03\\\/29\\\/pf-realiza-combate-ao-trafico-internacional-de-drogas-em-santos#respond\"]}]},{\"@type\":\"WebPage\",\"@id\":\"https:\\\/\\\/redenoticiaz.com.br\\\/litoralsp\\\/2023\\\/03\\\/29\\\/pf-realiza-combate-ao-trafico-internacional-de-drogas-em-santos\",\"url\":\"https:\\\/\\\/redenoticiaz.com.br\\\/litoralsp\\\/2023\\\/03\\\/29\\\/pf-realiza-combate-ao-trafico-internacional-de-drogas-em-santos\",\"name\":\"PF realiza combate ao tr\u00e1fico internacional de drogas em Santos - Litoral SP\",\"isPartOf\":{\"@id\":\"https:\\\/\\\/redenoticiaz.com.br\\\/litoralsp\\\/#website\"},\"primaryImageOfPage\":{\"@id\":\"https:\\\/\\\/redenoticiaz.com.br\\\/litoralsp\\\/2023\\\/03\\\/29\\\/pf-realiza-combate-ao-trafico-internacional-de-drogas-em-santos#primaryimage\"},\"image\":{\"@id\":\"https:\\\/\\\/redenoticiaz.com.br\\\/litoralsp\\\/2023\\\/03\\\/29\\\/pf-realiza-combate-ao-trafico-internacional-de-drogas-em-santos#primaryimage\"},\"thumbnailUrl\":\"https:\\\/\\\/redenoticiaz.com.br\\\/litoralsp\\\/wp-content\\\/uploads\\\/sites\\\/3\\\/2023\\\/01\\\/VIATURA-PF.jpg\",\"datePublished\":\"2023-03-29T14:27:56+00:00\",\"description\":\"Nesta quarta-feira (29), a Pol\u00edcia Federal (PF) est\u00e1 realizando uma a\u00e7\u00e3o de combate ao tr\u00e1fico internacional de drogas no Porto de Santos. Ela\",\"inLanguage\":\"pt-BR\",\"potentialAction\":[{\"@type\":\"ReadAction\",\"target\":[\"https:\\\/\\\/redenoticiaz.com.br\\\/litoralsp\\\/2023\\\/03\\\/29\\\/pf-realiza-combate-ao-trafico-internacional-de-drogas-em-santos\"]}]},{\"@type\":\"ImageObject\",\"inLanguage\":\"pt-BR\",\"@id\":\"https:\\\/\\\/redenoticiaz.com.br\\\/litoralsp\\\/2023\\\/03\\\/29\\\/pf-realiza-combate-ao-trafico-internacional-de-drogas-em-santos#primaryimage\",\"url\":\"https:\\\/\\\/redenoticiaz.com.br\\\/litoralsp\\\/wp-content\\\/uploads\\\/sites\\\/3\\\/2023\\\/01\\\/VIATURA-PF.jpg\",\"contentUrl\":\"https:\\\/\\\/redenoticiaz.com.br\\\/litoralsp\\\/wp-content\\\/uploads\\\/sites\\\/3\\\/2023\\\/01\\\/VIATURA-PF.jpg\",\"width\":615,\"height\":373,\"caption\":\"Cr\u00e9ditos: Divulga\u00e7\u00e3o\\\/PF\"},{\"@type\":\"WebSite\",\"@id\":\"https:\\\/\\\/redenoticiaz.com.br\\\/litoralsp\\\/#website\",\"url\":\"https:\\\/\\\/redenoticiaz.com.br\\\/litoralsp\\\/\",\"name\":\"Litoral SP\",\"description\":\"Rede NoticiaZ\",\"publisher\":{\"@id\":\"https:\\\/\\\/redenoticiaz.com.br\\\/litoralsp\\\/#organization\"},\"potentialAction\":[{\"@type\":\"SearchAction\",\"target\":{\"@type\":\"EntryPoint\",\"urlTemplate\":\"https:\\\/\\\/redenoticiaz.com.br\\\/litoralsp\\\/?s={search_term_string}\"},\"query-input\":{\"@type\":\"PropertyValueSpecification\",\"valueRequired\":true,\"valueName\":\"search_term_string\"}}],\"inLanguage\":\"pt-BR\"},{\"@type\":\"Organization\",\"@id\":\"https:\\\/\\\/redenoticiaz.com.br\\\/litoralsp\\\/#organization\",\"name\":\"Litoral SP\",\"url\":\"https:\\\/\\\/redenoticiaz.com.br\\\/litoralsp\\\/\",\"logo\":{\"@type\":\"ImageObject\",\"inLanguage\":\"pt-BR\",\"@id\":\"https:\\\/\\\/redenoticiaz.com.br\\\/litoralsp\\\/#\\\/schema\\\/logo\\\/image\\\/\",\"url\":\"https:\\\/\\\/redenoticiaz.com.br\\\/litoralsp\\\/wp-content\\\/uploads\\\/sites\\\/3\\\/2020\\\/11\\\/logo.jpg\",\"contentUrl\":\"https:\\\/\\\/redenoticiaz.com.br\\\/litoralsp\\\/wp-content\\\/uploads\\\/sites\\\/3\\\/2020\\\/11\\\/logo.jpg\",\"width\":400,\"height\":250,\"caption\":\"Litoral SP\"},\"image\":{\"@id\":\"https:\\\/\\\/redenoticiaz.com.br\\\/litoralsp\\\/#\\\/schema\\\/logo\\\/image\\\/\"}},{\"@type\":\"Person\",\"@id\":\"https:\\\/\\\/redenoticiaz.com.br\\\/litoralsp\\\/#\\\/schema\\\/person\\\/0f0b8a5bdafefe82841e07ae8d81ecb3\",\"name\":\"Leonardo Francisco\",\"image\":{\"@type\":\"ImageObject\",\"inLanguage\":\"pt-BR\",\"@id\":\"https:\\\/\\\/secure.gravatar.com\\\/avatar\\\/a7358cb406a99b682ec6df1e77e31ae82e63601f6784e8a3df411d72b37864da?s=96&d=mm&r=g\",\"url\":\"https:\\\/\\\/secure.gravatar.com\\\/avatar\\\/a7358cb406a99b682ec6df1e77e31ae82e63601f6784e8a3df411d72b37864da?s=96&d=mm&r=g\",\"contentUrl\":\"https:\\\/\\\/secure.gravatar.com\\\/avatar\\\/a7358cb406a99b682ec6df1e77e31ae82e63601f6784e8a3df411d72b37864da?s=96&d=mm&r=g\",\"caption\":\"Leonardo Francisco\"},\"url\":\"https:\\\/\\\/redenoticiaz.com.br\\\/litoralsp\\\/author\\\/leonardo-francisco\"}]}<\/script>\n<!-- \/ Yoast SEO plugin. -->","yoast_head_json":{"title":"PF realiza combate ao tr\u00e1fico internacional de drogas em Santos - Litoral SP","description":"Nesta quarta-feira (29), a Pol\u00edcia Federal (PF) est\u00e1 realizando uma a\u00e7\u00e3o de combate ao tr\u00e1fico internacional de drogas no Porto de Santos. Ela","robots":{"index":"index","follow":"follow","max-snippet":"max-snippet:-1","max-image-preview":"max-image-preview:large","max-video-preview":"max-video-preview:-1"},"canonical":"https:\/\/redenoticiaz.com.br\/litoralsp\/2023\/03\/29\/pf-realiza-combate-ao-trafico-internacional-de-drogas-em-santos","og_locale":"pt_BR","og_type":"article","og_title":"PF realiza combate ao tr\u00e1fico internacional de drogas em Santos - Litoral SP","og_description":"Nesta quarta-feira (29), a Pol\u00edcia Federal (PF) est\u00e1 realizando uma a\u00e7\u00e3o de combate ao tr\u00e1fico internacional de drogas no Porto de Santos. Ela","og_url":"https:\/\/redenoticiaz.com.br\/litoralsp\/2023\/03\/29\/pf-realiza-combate-ao-trafico-internacional-de-drogas-em-santos","og_site_name":"Litoral SP","article_published_time":"2023-03-29T14:27:56+00:00","og_image":[{"width":615,"height":373,"url":"https:\/\/redenoticiaz.com.br\/litoralsp\/wp-content\/uploads\/sites\/3\/2023\/01\/VIATURA-PF.jpg","type":"image\/jpeg"}],"author":"Leonardo Francisco","twitter_card":"summary_large_image","twitter_misc":{"Escrito por":"Leonardo Francisco","Est. tempo de leitura":"1 minuto"},"schema":{"@context":"https:\/\/schema.org","@graph":[{"@type":"Article","@id":"https:\/\/redenoticiaz.com.br\/litoralsp\/2023\/03\/29\/pf-realiza-combate-ao-trafico-internacional-de-drogas-em-santos#article","isPartOf":{"@id":"https:\/\/redenoticiaz.com.br\/litoralsp\/2023\/03\/29\/pf-realiza-combate-ao-trafico-internacional-de-drogas-em-santos"},"author":{"name":"Leonardo Francisco","@id":"https:\/\/redenoticiaz.com.br\/litoralsp\/#\/schema\/person\/0f0b8a5bdafefe82841e07ae8d81ecb3"},"headline":"PF realiza combate ao tr\u00e1fico internacional de drogas em Santos","datePublished":"2023-03-29T14:27:56+00:00","mainEntityOfPage":{"@id":"https:\/\/redenoticiaz.com.br\/litoralsp\/2023\/03\/29\/pf-realiza-combate-ao-trafico-internacional-de-drogas-em-santos"},"wordCount":158,"commentCount":0,"publisher":{"@id":"https:\/\/redenoticiaz.com.br\/litoralsp\/#organization"},"image":{"@id":"https:\/\/redenoticiaz.com.br\/litoralsp\/2023\/03\/29\/pf-realiza-combate-ao-trafico-internacional-de-drogas-em-santos#primaryimage"},"thumbnailUrl":"https:\/\/redenoticiaz.com.br\/litoralsp\/wp-content\/uploads\/sites\/3\/2023\/01\/VIATURA-PF.jpg","keywords":["COCA\u00cdNA APREENDIDA","policia federal","porto de santos","Santos","TR\u00c1FICO INTERNACIONAL DE DROGAS"],"articleSection":["Pol\u00edcia","Porto","Santos"],"inLanguage":"pt-BR","potentialAction":[{"@type":"CommentAction","name":"Comment","target":["https:\/\/redenoticiaz.com.br\/litoralsp\/2023\/03\/29\/pf-realiza-combate-ao-trafico-internacional-de-drogas-em-santos#respond"]}]},{"@type":"WebPage","@id":"https:\/\/redenoticiaz.com.br\/litoralsp\/2023\/03\/29\/pf-realiza-combate-ao-trafico-internacional-de-drogas-em-santos","url":"https:\/\/redenoticiaz.com.br\/litoralsp\/2023\/03\/29\/pf-realiza-combate-ao-trafico-internacional-de-drogas-em-santos","name":"PF realiza combate ao tr\u00e1fico internacional de drogas em Santos - Litoral SP","isPartOf":{"@id":"https:\/\/redenoticiaz.com.br\/litoralsp\/#website"},"primaryImageOfPage":{"@id":"https:\/\/redenoticiaz.com.br\/litoralsp\/2023\/03\/29\/pf-realiza-combate-ao-trafico-internacional-de-drogas-em-santos#primaryimage"},"image":{"@id":"https:\/\/redenoticiaz.com.br\/litoralsp\/2023\/03\/29\/pf-realiza-combate-ao-trafico-internacional-de-drogas-em-santos#primaryimage"},"thumbnailUrl":"https:\/\/redenoticiaz.com.br\/litoralsp\/wp-content\/uploads\/sites\/3\/2023\/01\/VIATURA-PF.jpg","datePublished":"2023-03-29T14:27:56+00:00","description":"Nesta quarta-feira (29), a Pol\u00edcia Federal (PF) est\u00e1 realizando uma a\u00e7\u00e3o de combate ao tr\u00e1fico internacional de drogas no Porto de Santos. Ela","inLanguage":"pt-BR","potentialAction":[{"@type":"ReadAction","target":["https:\/\/redenoticiaz.com.br\/litoralsp\/2023\/03\/29\/pf-realiza-combate-ao-trafico-internacional-de-drogas-em-santos"]}]},{"@type":"ImageObject","inLanguage":"pt-BR","@id":"https:\/\/redenoticiaz.com.br\/litoralsp\/2023\/03\/29\/pf-realiza-combate-ao-trafico-internacional-de-drogas-em-santos#primaryimage","url":"https:\/\/redenoticiaz.com.br\/litoralsp\/wp-content\/uploads\/sites\/3\/2023\/01\/VIATURA-PF.jpg","contentUrl":"https:\/\/redenoticiaz.com.br\/litoralsp\/wp-content\/uploads\/sites\/3\/2023\/01\/VIATURA-PF.jpg","width":615,"height":373,"caption":"Cr\u00e9ditos: Divulga\u00e7\u00e3o\/PF"},{"@type":"WebSite","@id":"https:\/\/redenoticiaz.com.br\/litoralsp\/#website","url":"https:\/\/redenoticiaz.com.br\/litoralsp\/","name":"Litoral SP","description":"Rede NoticiaZ","publisher":{"@id":"https:\/\/redenoticiaz.com.br\/litoralsp\/#organization"},"potentialAction":[{"@type":"SearchAction","target":{"@type":"EntryPoint","urlTemplate":"https:\/\/redenoticiaz.com.br\/litoralsp\/?s={search_term_string}"},"query-input":{"@type":"PropertyValueSpecification","valueRequired":true,"valueName":"search_term_string"}}],"inLanguage":"pt-BR"},{"@type":"Organization","@id":"https:\/\/redenoticiaz.com.br\/litoralsp\/#organization","name":"Litoral SP","url":"https:\/\/redenoticiaz.com.br\/litoralsp\/","logo":{"@type":"ImageObject","inLanguage":"pt-BR","@id":"https:\/\/redenoticiaz.com.br\/litoralsp\/#\/schema\/logo\/image\/","url":"https:\/\/redenoticiaz.com.br\/litoralsp\/wp-content\/uploads\/sites\/3\/2020\/11\/logo.jpg","contentUrl":"https:\/\/redenoticiaz.com.br\/litoralsp\/wp-content\/uploads\/sites\/3\/2020\/11\/logo.jpg","width":400,"height":250,"caption":"Litoral SP"},"image":{"@id":"https:\/\/redenoticiaz.com.br\/litoralsp\/#\/schema\/logo\/image\/"}},{"@type":"Person","@id":"https:\/\/redenoticiaz.com.br\/litoralsp\/#\/schema\/person\/0f0b8a5bdafefe82841e07ae8d81ecb3","name":"Leonardo Francisco","image":{"@type":"ImageObject","inLanguage":"pt-BR","@id":"https:\/\/secure.gravatar.com\/avatar\/a7358cb406a99b682ec6df1e77e31ae82e63601f6784e8a3df411d72b37864da?s=96&d=mm&r=g","url":"https:\/\/secure.gravatar.com\/avatar\/a7358cb406a99b682ec6df1e77e31ae82e63601f6784e8a3df411d72b37864da?s=96&d=mm&r=g","contentUrl":"https:\/\/secure.gravatar.com\/avatar\/a7358cb406a99b682ec6df1e77e31ae82e63601f6784e8a3df411d72b37864da?s=96&d=mm&r=g","caption":"Leonardo Francisco"},"url":"https:\/\/redenoticiaz.com.br\/litoralsp\/author\/leonardo-francisco"}]}},"_links":{"self":[{"href":"https:\/\/redenoticiaz.com.br\/litoralsp\/wp-json\/wp\/v2\/posts\/103281","targetHints":{"allow":["GET"]}}],"collection":[{"href":"https:\/\/redenoticiaz.com.br\/litoralsp\/wp-json\/wp\/v2\/posts"}],"about":[{"href":"https:\/\/redenoticiaz.com.br\/litoralsp\/wp-json\/wp\/v2\/types\/post"}],"author":[{"embeddable":true,"href":"https:\/\/redenoticiaz.com.br\/litoralsp\/wp-json\/wp\/v2\/users\/6"}],"replies":[{"embeddable":true,"href":"https:\/\/redenoticiaz.com.br\/litoralsp\/wp-json\/wp\/v2\/comments?post=103281"}],"version-history":[{"count":2,"href":"https:\/\/redenoticiaz.com.br\/litoralsp\/wp-json\/wp\/v2\/posts\/103281\/revisions"}],"predecessor-version":[{"id":103283,"href":"https:\/\/redenoticiaz.com.br\/litoralsp\/wp-json\/wp\/v2\/posts\/103281\/revisions\/103283"}],"wp:featuredmedia":[{"embeddable":true,"href":"https:\/\/redenoticiaz.com.br\/litoralsp\/wp-json\/wp\/v2\/media\/98966"}],"wp:attachment":[{"href":"https:\/\/redenoticiaz.com.br\/litoralsp\/wp-json\/wp\/v2\/media?parent=103281"}],"wp:term":[{"taxonomy":"category","embeddable":true,"href":"https:\/\/redenoticiaz.com.br\/litoralsp\/wp-json\/wp\/v2\/categories?post=103281"},{"taxonomy":"post_tag","embeddable":true,"href":"https:\/\/redenoticiaz.com.br\/litoralsp\/wp-json\/wp\/v2\/tags?post=103281"}],"curies":[{"name":"wp","href":"https:\/\/api.w.org\/{rel}","templated":true}]}}