{"id":103309,"date":"2023-03-29T15:45:30","date_gmt":"2023-03-29T18:45:30","guid":{"rendered":"https:\/\/redenoticiaz.com.br\/litoralsp\/?p=103309"},"modified":"2023-03-29T15:45:49","modified_gmt":"2023-03-29T18:45:49","slug":"gcm-de-santos-prende-dois-homens-recupera-bicicleta-e-apreende-materiais-de-origem-ilicita","status":"publish","type":"post","link":"https:\/\/redenoticiaz.com.br\/litoralsp\/2023\/03\/29\/gcm-de-santos-prende-dois-homens-recupera-bicicleta-e-apreende-materiais-de-origem-ilicita","title":{"rendered":"GCM de Santos prende dois homens, recupera bicicleta e apreende materiais de origem il\u00edcita"},"content":{"rendered":"<p>Uma grande quantidade de joias, celulares e dinheiro, de origem il\u00edcita, foi apreendida na noite de ter\u00e7a-feira (28), por agentes da GCM. Dois homens foram presos.<\/p>\n<p>De acordo com as informa\u00e7\u00f5es, a recupera\u00e7\u00e3o dos objetos ocorreu ap\u00f3s um mun\u00edcipe acionar uma equipe da GCM por volta das 23h, informando que teve sua bicicleta furtada no per\u00edodo da tarde.<\/p>\n<p>Ainda de acordo com as informa\u00e7\u00f5es, horas depois, em pesquisa na internet, ele identificou seu ve\u00edculo \u00e0 venda em um site de compra e venda e fez contato com o &#8220;suposto&#8221; vendedor.<\/p>\n<p>Sendo assim, se passando por cliente, a v\u00edtima combinou o neg\u00f3cio na divisa de Santos com S\u00e3o Vicente.<\/p>\n<p>J\u00e1 no local, o jovem avisou uma guarni\u00e7\u00e3o sobre o caso, que conseguiu prender dois homens em um caminh\u00e3o.<\/p>\n<p>Por fim, al\u00e9m da bicicleta, foram encontradas diversas joias, tr\u00eas celulares, m\u00e1quinas de cart\u00e3o de cr\u00e9dito, drogas e a quantia de R$ 1.350,00 em dinheiro trocado, al\u00e9m de outros itens.<\/p>\n<p>Enfim, indagados pelos guardas municipais, os indiv\u00edduos n\u00e3o souberam responder a origem dos materiais apreendidos. Eles foram presos por recepta\u00e7\u00e3o e porte de drogas e encaminhados para o 1\u00ba Distrito Policial de S\u00e3o Vicente. A v\u00edtima reconheceu a bicicleta \u00e0 venda como de sua propriedade, sendo restitu\u00edda posteriormente.<\/p>\n<p><strong>Leia mais<\/strong><\/p>\n<p><a href=\"https:\/\/redenoticiaz.com.br\/litoralsp\/2023\/03\/29\/homem-acusado-de-estupro-de-vulneravel-e-preso-em-santos\">Homem acusado de estupro de vulner\u00e1vel \u00e9 preso em Santos<\/a><\/p>\n","protected":false},"excerpt":{"rendered":"<p>Uma grande quantidade de joias, celulares e dinheiro, de origem il\u00edcita, foi apreendida na noite de ter\u00e7a-feira (28), por agentes da GCM. Dois homens foram presos. De acordo com as informa\u00e7\u00f5es, a recupera\u00e7\u00e3o dos objetos ocorreu ap\u00f3s um mun\u00edcipe acionar uma equipe da GCM por volta das 23h, informando que teve sua bicicleta furtada no &hellip;<\/p>\n","protected":false},"author":12,"featured_media":103310,"comment_status":"open","ping_status":"closed","sticky":false,"template":"","format":"standard","meta":{"footnotes":""},"categories":[180],"tags":[4244,14529,986,33,13897],"class_list":["post-103309","post","type-post","status-publish","format-standard","has-post-thumbnail","hentry","category-santos","tag-gcm","tag-presos","tag-santos","tag-sao-vicente","tag-vendedor"],"yoast_head":"<!-- This site is optimized with the Yoast SEO plugin v27.5 - https:\/\/yoast.com\/product\/yoast-seo-wordpress\/ -->\n<title>GCM de Santos prende dois homens, recupera bicicleta e apreende materiais de origem il\u00edcita - Litoral SP<\/title>\n<meta name=\"description\" content=\"GCM de Santos prende dois homens, recupera bicicleta e apreende materiais de origem il\u00edcita\" \/>\n<meta name=\"robots\" content=\"index, follow, max-snippet:-1, max-image-preview:large, max-video-preview:-1\" \/>\n<link rel=\"canonical\" href=\"https:\/\/redenoticiaz.com.br\/litoralsp\/2023\/03\/29\/gcm-de-santos-prende-dois-homens-recupera-bicicleta-e-apreende-materiais-de-origem-ilicita\" \/>\n<meta property=\"og:locale\" content=\"pt_BR\" \/>\n<meta property=\"og:type\" content=\"article\" \/>\n<meta property=\"og:title\" content=\"GCM de Santos prende dois homens, recupera bicicleta e apreende materiais de origem il\u00edcita - Litoral SP\" \/>\n<meta property=\"og:description\" content=\"GCM de Santos prende dois homens, recupera bicicleta e apreende materiais de origem il\u00edcita\" \/>\n<meta property=\"og:url\" content=\"https:\/\/redenoticiaz.com.br\/litoralsp\/2023\/03\/29\/gcm-de-santos-prende-dois-homens-recupera-bicicleta-e-apreende-materiais-de-origem-ilicita\" \/>\n<meta property=\"og:site_name\" content=\"Litoral SP\" \/>\n<meta property=\"article:published_time\" content=\"2023-03-29T18:45:30+00:00\" \/>\n<meta property=\"article:modified_time\" content=\"2023-03-29T18:45:49+00:00\" \/>\n<meta property=\"og:image\" content=\"https:\/\/redenoticiaz.com.br\/litoralsp\/wp-content\/uploads\/sites\/3\/2023\/03\/GCM-de-Santos-prende-dois-homens-recupera-bicicleta-e-apreende-materiais-de-origem-ilicita-1.jpg\" \/>\n\t<meta property=\"og:image:width\" content=\"810\" \/>\n\t<meta property=\"og:image:height\" content=\"1080\" \/>\n\t<meta property=\"og:image:type\" content=\"image\/jpeg\" \/>\n<meta name=\"author\" content=\"Gustavo Silva\" \/>\n<meta name=\"twitter:card\" content=\"summary_large_image\" \/>\n<meta name=\"twitter:label1\" content=\"Escrito por\" \/>\n\t<meta name=\"twitter:data1\" content=\"Gustavo Silva\" \/>\n\t<meta name=\"twitter:label2\" content=\"Est. tempo de leitura\" \/>\n\t<meta name=\"twitter:data2\" content=\"2 minutos\" \/>\n<script type=\"application\/ld+json\" class=\"yoast-schema-graph\">{\"@context\":\"https:\\\/\\\/schema.org\",\"@graph\":[{\"@type\":\"Article\",\"@id\":\"https:\\\/\\\/redenoticiaz.com.br\\\/litoralsp\\\/2023\\\/03\\\/29\\\/gcm-de-santos-prende-dois-homens-recupera-bicicleta-e-apreende-materiais-de-origem-ilicita#article\",\"isPartOf\":{\"@id\":\"https:\\\/\\\/redenoticiaz.com.br\\\/litoralsp\\\/2023\\\/03\\\/29\\\/gcm-de-santos-prende-dois-homens-recupera-bicicleta-e-apreende-materiais-de-origem-ilicita\"},\"author\":{\"name\":\"Gustavo Silva\",\"@id\":\"https:\\\/\\\/redenoticiaz.com.br\\\/litoralsp\\\/#\\\/schema\\\/person\\\/16057b37a3c0ee6b096d7f887c566e2e\"},\"headline\":\"GCM de Santos prende dois homens, recupera bicicleta e apreende materiais de origem il\u00edcita\",\"datePublished\":\"2023-03-29T18:45:30+00:00\",\"dateModified\":\"2023-03-29T18:45:49+00:00\",\"mainEntityOfPage\":{\"@id\":\"https:\\\/\\\/redenoticiaz.com.br\\\/litoralsp\\\/2023\\\/03\\\/29\\\/gcm-de-santos-prende-dois-homens-recupera-bicicleta-e-apreende-materiais-de-origem-ilicita\"},\"wordCount\":253,\"commentCount\":0,\"publisher\":{\"@id\":\"https:\\\/\\\/redenoticiaz.com.br\\\/litoralsp\\\/#organization\"},\"image\":{\"@id\":\"https:\\\/\\\/redenoticiaz.com.br\\\/litoralsp\\\/2023\\\/03\\\/29\\\/gcm-de-santos-prende-dois-homens-recupera-bicicleta-e-apreende-materiais-de-origem-ilicita#primaryimage\"},\"thumbnailUrl\":\"https:\\\/\\\/redenoticiaz.com.br\\\/litoralsp\\\/wp-content\\\/uploads\\\/sites\\\/3\\\/2023\\\/03\\\/GCM-de-Santos-prende-dois-homens-recupera-bicicleta-e-apreende-materiais-de-origem-ilicita-1.jpg\",\"keywords\":[\"GCM\",\"PRESOS\",\"Santos\",\"S\u00e3o Vicente\",\"VENDEDOR\"],\"articleSection\":[\"Santos\"],\"inLanguage\":\"pt-BR\",\"potentialAction\":[{\"@type\":\"CommentAction\",\"name\":\"Comment\",\"target\":[\"https:\\\/\\\/redenoticiaz.com.br\\\/litoralsp\\\/2023\\\/03\\\/29\\\/gcm-de-santos-prende-dois-homens-recupera-bicicleta-e-apreende-materiais-de-origem-ilicita#respond\"]}]},{\"@type\":\"WebPage\",\"@id\":\"https:\\\/\\\/redenoticiaz.com.br\\\/litoralsp\\\/2023\\\/03\\\/29\\\/gcm-de-santos-prende-dois-homens-recupera-bicicleta-e-apreende-materiais-de-origem-ilicita\",\"url\":\"https:\\\/\\\/redenoticiaz.com.br\\\/litoralsp\\\/2023\\\/03\\\/29\\\/gcm-de-santos-prende-dois-homens-recupera-bicicleta-e-apreende-materiais-de-origem-ilicita\",\"name\":\"GCM de Santos prende dois homens, recupera bicicleta e apreende materiais de origem il\u00edcita - Litoral SP\",\"isPartOf\":{\"@id\":\"https:\\\/\\\/redenoticiaz.com.br\\\/litoralsp\\\/#website\"},\"primaryImageOfPage\":{\"@id\":\"https:\\\/\\\/redenoticiaz.com.br\\\/litoralsp\\\/2023\\\/03\\\/29\\\/gcm-de-santos-prende-dois-homens-recupera-bicicleta-e-apreende-materiais-de-origem-ilicita#primaryimage\"},\"image\":{\"@id\":\"https:\\\/\\\/redenoticiaz.com.br\\\/litoralsp\\\/2023\\\/03\\\/29\\\/gcm-de-santos-prende-dois-homens-recupera-bicicleta-e-apreende-materiais-de-origem-ilicita#primaryimage\"},\"thumbnailUrl\":\"https:\\\/\\\/redenoticiaz.com.br\\\/litoralsp\\\/wp-content\\\/uploads\\\/sites\\\/3\\\/2023\\\/03\\\/GCM-de-Santos-prende-dois-homens-recupera-bicicleta-e-apreende-materiais-de-origem-ilicita-1.jpg\",\"datePublished\":\"2023-03-29T18:45:30+00:00\",\"dateModified\":\"2023-03-29T18:45:49+00:00\",\"description\":\"GCM de Santos prende dois homens, recupera bicicleta e apreende materiais de origem il\u00edcita\",\"inLanguage\":\"pt-BR\",\"potentialAction\":[{\"@type\":\"ReadAction\",\"target\":[\"https:\\\/\\\/redenoticiaz.com.br\\\/litoralsp\\\/2023\\\/03\\\/29\\\/gcm-de-santos-prende-dois-homens-recupera-bicicleta-e-apreende-materiais-de-origem-ilicita\"]}]},{\"@type\":\"ImageObject\",\"inLanguage\":\"pt-BR\",\"@id\":\"https:\\\/\\\/redenoticiaz.com.br\\\/litoralsp\\\/2023\\\/03\\\/29\\\/gcm-de-santos-prende-dois-homens-recupera-bicicleta-e-apreende-materiais-de-origem-ilicita#primaryimage\",\"url\":\"https:\\\/\\\/redenoticiaz.com.br\\\/litoralsp\\\/wp-content\\\/uploads\\\/sites\\\/3\\\/2023\\\/03\\\/GCM-de-Santos-prende-dois-homens-recupera-bicicleta-e-apreende-materiais-de-origem-ilicita-1.jpg\",\"contentUrl\":\"https:\\\/\\\/redenoticiaz.com.br\\\/litoralsp\\\/wp-content\\\/uploads\\\/sites\\\/3\\\/2023\\\/03\\\/GCM-de-Santos-prende-dois-homens-recupera-bicicleta-e-apreende-materiais-de-origem-ilicita-1.jpg\",\"width\":810,\"height\":1080,\"caption\":\"GCM de Santos prende dois homens, recupera bicicleta e apreende materiais de origem il\u00edcita\"},{\"@type\":\"WebSite\",\"@id\":\"https:\\\/\\\/redenoticiaz.com.br\\\/litoralsp\\\/#website\",\"url\":\"https:\\\/\\\/redenoticiaz.com.br\\\/litoralsp\\\/\",\"name\":\"Litoral SP\",\"description\":\"Rede NoticiaZ\",\"publisher\":{\"@id\":\"https:\\\/\\\/redenoticiaz.com.br\\\/litoralsp\\\/#organization\"},\"potentialAction\":[{\"@type\":\"SearchAction\",\"target\":{\"@type\":\"EntryPoint\",\"urlTemplate\":\"https:\\\/\\\/redenoticiaz.com.br\\\/litoralsp\\\/?s={search_term_string}\"},\"query-input\":{\"@type\":\"PropertyValueSpecification\",\"valueRequired\":true,\"valueName\":\"search_term_string\"}}],\"inLanguage\":\"pt-BR\"},{\"@type\":\"Organization\",\"@id\":\"https:\\\/\\\/redenoticiaz.com.br\\\/litoralsp\\\/#organization\",\"name\":\"Litoral SP\",\"url\":\"https:\\\/\\\/redenoticiaz.com.br\\\/litoralsp\\\/\",\"logo\":{\"@type\":\"ImageObject\",\"inLanguage\":\"pt-BR\",\"@id\":\"https:\\\/\\\/redenoticiaz.com.br\\\/litoralsp\\\/#\\\/schema\\\/logo\\\/image\\\/\",\"url\":\"https:\\\/\\\/redenoticiaz.com.br\\\/litoralsp\\\/wp-content\\\/uploads\\\/sites\\\/3\\\/2020\\\/11\\\/logo.jpg\",\"contentUrl\":\"https:\\\/\\\/redenoticiaz.com.br\\\/litoralsp\\\/wp-content\\\/uploads\\\/sites\\\/3\\\/2020\\\/11\\\/logo.jpg\",\"width\":400,\"height\":250,\"caption\":\"Litoral SP\"},\"image\":{\"@id\":\"https:\\\/\\\/redenoticiaz.com.br\\\/litoralsp\\\/#\\\/schema\\\/logo\\\/image\\\/\"}},{\"@type\":\"Person\",\"@id\":\"https:\\\/\\\/redenoticiaz.com.br\\\/litoralsp\\\/#\\\/schema\\\/person\\\/16057b37a3c0ee6b096d7f887c566e2e\",\"name\":\"Gustavo Silva\",\"image\":{\"@type\":\"ImageObject\",\"inLanguage\":\"pt-BR\",\"@id\":\"https:\\\/\\\/secure.gravatar.com\\\/avatar\\\/3ee4e82f93b26de0a7cf4ea5eb7893da637ed6bb0c9170c58065944c56e28a33?s=96&d=mm&r=g\",\"url\":\"https:\\\/\\\/secure.gravatar.com\\\/avatar\\\/3ee4e82f93b26de0a7cf4ea5eb7893da637ed6bb0c9170c58065944c56e28a33?s=96&d=mm&r=g\",\"contentUrl\":\"https:\\\/\\\/secure.gravatar.com\\\/avatar\\\/3ee4e82f93b26de0a7cf4ea5eb7893da637ed6bb0c9170c58065944c56e28a33?s=96&d=mm&r=g\",\"caption\":\"Gustavo Silva\"},\"url\":\"https:\\\/\\\/redenoticiaz.com.br\\\/litoralsp\\\/author\\\/gustavosilva\"}]}<\/script>\n<!-- \/ Yoast SEO plugin. -->","yoast_head_json":{"title":"GCM de Santos prende dois homens, recupera bicicleta e apreende materiais de origem il\u00edcita - Litoral SP","description":"GCM de Santos prende dois homens, recupera bicicleta e apreende materiais de origem il\u00edcita","robots":{"index":"index","follow":"follow","max-snippet":"max-snippet:-1","max-image-preview":"max-image-preview:large","max-video-preview":"max-video-preview:-1"},"canonical":"https:\/\/redenoticiaz.com.br\/litoralsp\/2023\/03\/29\/gcm-de-santos-prende-dois-homens-recupera-bicicleta-e-apreende-materiais-de-origem-ilicita","og_locale":"pt_BR","og_type":"article","og_title":"GCM de Santos prende dois homens, recupera bicicleta e apreende materiais de origem il\u00edcita - Litoral SP","og_description":"GCM de Santos prende dois homens, recupera bicicleta e apreende materiais de origem il\u00edcita","og_url":"https:\/\/redenoticiaz.com.br\/litoralsp\/2023\/03\/29\/gcm-de-santos-prende-dois-homens-recupera-bicicleta-e-apreende-materiais-de-origem-ilicita","og_site_name":"Litoral SP","article_published_time":"2023-03-29T18:45:30+00:00","article_modified_time":"2023-03-29T18:45:49+00:00","og_image":[{"width":810,"height":1080,"url":"https:\/\/redenoticiaz.com.br\/litoralsp\/wp-content\/uploads\/sites\/3\/2023\/03\/GCM-de-Santos-prende-dois-homens-recupera-bicicleta-e-apreende-materiais-de-origem-ilicita-1.jpg","type":"image\/jpeg"}],"author":"Gustavo Silva","twitter_card":"summary_large_image","twitter_misc":{"Escrito por":"Gustavo Silva","Est. tempo de leitura":"2 minutos"},"schema":{"@context":"https:\/\/schema.org","@graph":[{"@type":"Article","@id":"https:\/\/redenoticiaz.com.br\/litoralsp\/2023\/03\/29\/gcm-de-santos-prende-dois-homens-recupera-bicicleta-e-apreende-materiais-de-origem-ilicita#article","isPartOf":{"@id":"https:\/\/redenoticiaz.com.br\/litoralsp\/2023\/03\/29\/gcm-de-santos-prende-dois-homens-recupera-bicicleta-e-apreende-materiais-de-origem-ilicita"},"author":{"name":"Gustavo Silva","@id":"https:\/\/redenoticiaz.com.br\/litoralsp\/#\/schema\/person\/16057b37a3c0ee6b096d7f887c566e2e"},"headline":"GCM de Santos prende dois homens, recupera bicicleta e apreende materiais de origem il\u00edcita","datePublished":"2023-03-29T18:45:30+00:00","dateModified":"2023-03-29T18:45:49+00:00","mainEntityOfPage":{"@id":"https:\/\/redenoticiaz.com.br\/litoralsp\/2023\/03\/29\/gcm-de-santos-prende-dois-homens-recupera-bicicleta-e-apreende-materiais-de-origem-ilicita"},"wordCount":253,"commentCount":0,"publisher":{"@id":"https:\/\/redenoticiaz.com.br\/litoralsp\/#organization"},"image":{"@id":"https:\/\/redenoticiaz.com.br\/litoralsp\/2023\/03\/29\/gcm-de-santos-prende-dois-homens-recupera-bicicleta-e-apreende-materiais-de-origem-ilicita#primaryimage"},"thumbnailUrl":"https:\/\/redenoticiaz.com.br\/litoralsp\/wp-content\/uploads\/sites\/3\/2023\/03\/GCM-de-Santos-prende-dois-homens-recupera-bicicleta-e-apreende-materiais-de-origem-ilicita-1.jpg","keywords":["GCM","PRESOS","Santos","S\u00e3o Vicente","VENDEDOR"],"articleSection":["Santos"],"inLanguage":"pt-BR","potentialAction":[{"@type":"CommentAction","name":"Comment","target":["https:\/\/redenoticiaz.com.br\/litoralsp\/2023\/03\/29\/gcm-de-santos-prende-dois-homens-recupera-bicicleta-e-apreende-materiais-de-origem-ilicita#respond"]}]},{"@type":"WebPage","@id":"https:\/\/redenoticiaz.com.br\/litoralsp\/2023\/03\/29\/gcm-de-santos-prende-dois-homens-recupera-bicicleta-e-apreende-materiais-de-origem-ilicita","url":"https:\/\/redenoticiaz.com.br\/litoralsp\/2023\/03\/29\/gcm-de-santos-prende-dois-homens-recupera-bicicleta-e-apreende-materiais-de-origem-ilicita","name":"GCM de Santos prende dois homens, recupera bicicleta e apreende materiais de origem il\u00edcita - Litoral SP","isPartOf":{"@id":"https:\/\/redenoticiaz.com.br\/litoralsp\/#website"},"primaryImageOfPage":{"@id":"https:\/\/redenoticiaz.com.br\/litoralsp\/2023\/03\/29\/gcm-de-santos-prende-dois-homens-recupera-bicicleta-e-apreende-materiais-de-origem-ilicita#primaryimage"},"image":{"@id":"https:\/\/redenoticiaz.com.br\/litoralsp\/2023\/03\/29\/gcm-de-santos-prende-dois-homens-recupera-bicicleta-e-apreende-materiais-de-origem-ilicita#primaryimage"},"thumbnailUrl":"https:\/\/redenoticiaz.com.br\/litoralsp\/wp-content\/uploads\/sites\/3\/2023\/03\/GCM-de-Santos-prende-dois-homens-recupera-bicicleta-e-apreende-materiais-de-origem-ilicita-1.jpg","datePublished":"2023-03-29T18:45:30+00:00","dateModified":"2023-03-29T18:45:49+00:00","description":"GCM de Santos prende dois homens, recupera bicicleta e apreende materiais de origem il\u00edcita","inLanguage":"pt-BR","potentialAction":[{"@type":"ReadAction","target":["https:\/\/redenoticiaz.com.br\/litoralsp\/2023\/03\/29\/gcm-de-santos-prende-dois-homens-recupera-bicicleta-e-apreende-materiais-de-origem-ilicita"]}]},{"@type":"ImageObject","inLanguage":"pt-BR","@id":"https:\/\/redenoticiaz.com.br\/litoralsp\/2023\/03\/29\/gcm-de-santos-prende-dois-homens-recupera-bicicleta-e-apreende-materiais-de-origem-ilicita#primaryimage","url":"https:\/\/redenoticiaz.com.br\/litoralsp\/wp-content\/uploads\/sites\/3\/2023\/03\/GCM-de-Santos-prende-dois-homens-recupera-bicicleta-e-apreende-materiais-de-origem-ilicita-1.jpg","contentUrl":"https:\/\/redenoticiaz.com.br\/litoralsp\/wp-content\/uploads\/sites\/3\/2023\/03\/GCM-de-Santos-prende-dois-homens-recupera-bicicleta-e-apreende-materiais-de-origem-ilicita-1.jpg","width":810,"height":1080,"caption":"GCM de Santos prende dois homens, recupera bicicleta e apreende materiais de origem il\u00edcita"},{"@type":"WebSite","@id":"https:\/\/redenoticiaz.com.br\/litoralsp\/#website","url":"https:\/\/redenoticiaz.com.br\/litoralsp\/","name":"Litoral SP","description":"Rede NoticiaZ","publisher":{"@id":"https:\/\/redenoticiaz.com.br\/litoralsp\/#organization"},"potentialAction":[{"@type":"SearchAction","target":{"@type":"EntryPoint","urlTemplate":"https:\/\/redenoticiaz.com.br\/litoralsp\/?s={search_term_string}"},"query-input":{"@type":"PropertyValueSpecification","valueRequired":true,"valueName":"search_term_string"}}],"inLanguage":"pt-BR"},{"@type":"Organization","@id":"https:\/\/redenoticiaz.com.br\/litoralsp\/#organization","name":"Litoral SP","url":"https:\/\/redenoticiaz.com.br\/litoralsp\/","logo":{"@type":"ImageObject","inLanguage":"pt-BR","@id":"https:\/\/redenoticiaz.com.br\/litoralsp\/#\/schema\/logo\/image\/","url":"https:\/\/redenoticiaz.com.br\/litoralsp\/wp-content\/uploads\/sites\/3\/2020\/11\/logo.jpg","contentUrl":"https:\/\/redenoticiaz.com.br\/litoralsp\/wp-content\/uploads\/sites\/3\/2020\/11\/logo.jpg","width":400,"height":250,"caption":"Litoral SP"},"image":{"@id":"https:\/\/redenoticiaz.com.br\/litoralsp\/#\/schema\/logo\/image\/"}},{"@type":"Person","@id":"https:\/\/redenoticiaz.com.br\/litoralsp\/#\/schema\/person\/16057b37a3c0ee6b096d7f887c566e2e","name":"Gustavo Silva","image":{"@type":"ImageObject","inLanguage":"pt-BR","@id":"https:\/\/secure.gravatar.com\/avatar\/3ee4e82f93b26de0a7cf4ea5eb7893da637ed6bb0c9170c58065944c56e28a33?s=96&d=mm&r=g","url":"https:\/\/secure.gravatar.com\/avatar\/3ee4e82f93b26de0a7cf4ea5eb7893da637ed6bb0c9170c58065944c56e28a33?s=96&d=mm&r=g","contentUrl":"https:\/\/secure.gravatar.com\/avatar\/3ee4e82f93b26de0a7cf4ea5eb7893da637ed6bb0c9170c58065944c56e28a33?s=96&d=mm&r=g","caption":"Gustavo Silva"},"url":"https:\/\/redenoticiaz.com.br\/litoralsp\/author\/gustavosilva"}]}},"_links":{"self":[{"href":"https:\/\/redenoticiaz.com.br\/litoralsp\/wp-json\/wp\/v2\/posts\/103309","targetHints":{"allow":["GET"]}}],"collection":[{"href":"https:\/\/redenoticiaz.com.br\/litoralsp\/wp-json\/wp\/v2\/posts"}],"about":[{"href":"https:\/\/redenoticiaz.com.br\/litoralsp\/wp-json\/wp\/v2\/types\/post"}],"author":[{"embeddable":true,"href":"https:\/\/redenoticiaz.com.br\/litoralsp\/wp-json\/wp\/v2\/users\/12"}],"replies":[{"embeddable":true,"href":"https:\/\/redenoticiaz.com.br\/litoralsp\/wp-json\/wp\/v2\/comments?post=103309"}],"version-history":[{"count":1,"href":"https:\/\/redenoticiaz.com.br\/litoralsp\/wp-json\/wp\/v2\/posts\/103309\/revisions"}],"predecessor-version":[{"id":103311,"href":"https:\/\/redenoticiaz.com.br\/litoralsp\/wp-json\/wp\/v2\/posts\/103309\/revisions\/103311"}],"wp:featuredmedia":[{"embeddable":true,"href":"https:\/\/redenoticiaz.com.br\/litoralsp\/wp-json\/wp\/v2\/media\/103310"}],"wp:attachment":[{"href":"https:\/\/redenoticiaz.com.br\/litoralsp\/wp-json\/wp\/v2\/media?parent=103309"}],"wp:term":[{"taxonomy":"category","embeddable":true,"href":"https:\/\/redenoticiaz.com.br\/litoralsp\/wp-json\/wp\/v2\/categories?post=103309"},{"taxonomy":"post_tag","embeddable":true,"href":"https:\/\/redenoticiaz.com.br\/litoralsp\/wp-json\/wp\/v2\/tags?post=103309"}],"curies":[{"name":"wp","href":"https:\/\/api.w.org\/{rel}","templated":true}]}}