{"id":10331,"date":"2021-06-20T11:36:00","date_gmt":"2021-06-20T14:36:00","guid":{"rendered":"https:\/\/redenoticiaz.com.br\/litoralsp\/?p=10331"},"modified":"2021-06-20T11:36:00","modified_gmt":"2021-06-20T14:36:00","slug":"186-casos-de-covid-e-9-mortes-em-24-hrs-na-baixada-santista","status":"publish","type":"post","link":"https:\/\/redenoticiaz.com.br\/litoralsp\/2021\/06\/20\/186-casos-de-covid-e-9-mortes-em-24-hrs-na-baixada-santista","title":{"rendered":"186 casos de Covid e 9 mortes em 24hrs na Baixada Santista"},"content":{"rendered":"<div class=\"mc-column content-text active-extra-styles \" data-block-type=\"unstyled\" data-block-weight=\"38\" data-block-id=\"2\">\n<p class=\"content-text__container \" data-track-category=\"Link no Texto\" data-track-links=\"\">A Baixada Santista, registrou <strong>186 novos casos de <a href=\"https:\/\/covid.saude.gov.br\/\">Covid-19<\/a> neste s\u00e1bado (19)<\/strong>. De acordo com os boletins epidemiol\u00f3gicos divulgados pelas prefeituras, a regi\u00e3o ainda somou nove mortes causadas pela doen\u00e7a no per\u00edodo de 24 horas.<\/p>\n<\/div>\n<div class=\"wall protected-content\">\n<div class=\"mc-column content-text active-extra-styles \" data-block-type=\"unstyled\" data-block-weight=\"43\" data-block-id=\"3\">\n<p class=\"content-text__container \" data-track-category=\"Link no Texto\" data-track-links=\"\">A regi\u00e3o soma\u00a0<strong>145.712\u00a0<\/strong>confirma\u00e7\u00f5es<strong>\u00a0<\/strong>e\u00a0<strong>5.794\u00a0<\/strong>mortes causadas pela Covid-19. Ao todo, h\u00e1\u00a0<strong>4.423\u00a0<\/strong>casos suspeitos,\u00a0<strong>275\u00a0<\/strong>\u00f3bitos sob investiga\u00e7\u00e3o e<strong>\u00a0125.733\u00a0<\/strong>pacientes recuperados. O n\u00famero de pacientes internados com sintomas da doen\u00e7a registrou queda na Baixada, passando de\u00a0<strong>540\u00a0<\/strong>para<strong>\u00a0512<\/strong>.<\/p>\n<\/div>\n<div class=\"mc-column content-text active-extra-styles \" data-block-type=\"unstyled\" data-block-weight=\"63\" data-block-id=\"5\">\n<p class=\"content-text__container \" data-track-category=\"Link no Texto\" data-track-links=\"\">Santos \u00e9 a cidade da Baixada Santista com o maior n\u00famero de interna\u00e7\u00f5es, por\u00e9m, registrou queda neste s\u00e1bado, passando de 477 para 456 pessoas pessoas hospitalizadas no munic\u00edpio. A taxa geral de ocupa\u00e7\u00e3o dos 754 leitos Covid-19 dispon\u00edveis est\u00e1 em 60%. Entre os 390 leitos de UTI, a ocupa\u00e7\u00e3o \u00e9 de 63%. Na rede SUS, a taxa \u00e9 de 57% e na rede privada, 71%.<\/p>\n<\/div>\n<div class=\"mc-column content-text active-extra-styles \" data-block-type=\"unstyled\" data-block-weight=\"23\" data-block-id=\"6\">\n<p class=\"content-text__container \" data-track-category=\"Link no Texto\" data-track-links=\"\">S\u00e3o Vicente e Peru\u00edbe contabilizaram novas mortes pela doen\u00e7a, nove ao todo. O n\u00famero de pacientes recuperados ultrapassou a marca de 125,7 mil.<\/p>\n<p data-track-category=\"Link no Texto\" data-track-links=\"\">LEIA TAMB\u00c9M<\/p>\n<p data-track-category=\"Link no Texto\" data-track-links=\"\"><a href=\"https:\/\/redenoticiaz.com.br\/litoralsp\/2021\/06\/20\/santos-antecipa-vacinacao-para-maiores-de-47-anos\">Santos antecipa vacina\u00e7\u00e3o para maiores de 47 anos<\/a><\/p>\n<\/div>\n<\/div>\n","protected":false},"excerpt":{"rendered":"<p>A Baixada Santista, registrou 186 novos casos de Covid-19 neste s\u00e1bado (19). De acordo com os boletins epidemiol\u00f3gicos divulgados pelas prefeituras, a regi\u00e3o ainda somou nove mortes causadas pela doen\u00e7a no per\u00edodo de 24 horas. A regi\u00e3o soma\u00a0145.712\u00a0confirma\u00e7\u00f5es\u00a0e\u00a05.794\u00a0mortes causadas pela Covid-19. Ao todo, h\u00e1\u00a04.423\u00a0casos suspeitos,\u00a0275\u00a0\u00f3bitos sob investiga\u00e7\u00e3o e\u00a0125.733\u00a0pacientes recuperados. O n\u00famero de pacientes internados com &hellip;<\/p>\n","protected":false},"author":11,"featured_media":8966,"comment_status":"open","ping_status":"closed","sticky":false,"template":"","format":"standard","meta":{"footnotes":""},"categories":[180],"tags":[1148,95,1006,10730,1101,986,33,2826],"class_list":["post-10331","post","type-post","status-publish","format-standard","has-post-thumbnail","hentry","category-santos","tag-baixada-santista","tag-coronavirus","tag-guaruja","tag-novos-casos","tag-praia-grande","tag-santos","tag-sao-vicente","tag-vacinacao"],"yoast_head":"<!-- This site is optimized with the Yoast SEO plugin v27.5 - https:\/\/yoast.com\/product\/yoast-seo-wordpress\/ -->\n<title>186 casos de Covid e 9 mortes em 24hrs na Baixada Santista - Litoral SP<\/title>\n<meta name=\"description\" content=\"A Baixada Santista, registrou 186 novos casos de Covid-19 e 9 mortes de acordo com os boletins epidemiol\u00f3gicos divulgados no per\u00edodo de 24 horas.\" \/>\n<meta name=\"robots\" content=\"index, follow, max-snippet:-1, max-image-preview:large, max-video-preview:-1\" \/>\n<link rel=\"canonical\" href=\"https:\/\/redenoticiaz.com.br\/litoralsp\/2021\/06\/20\/186-casos-de-covid-e-9-mortes-em-24-hrs-na-baixada-santista\" \/>\n<meta property=\"og:locale\" content=\"pt_BR\" \/>\n<meta property=\"og:type\" content=\"article\" \/>\n<meta property=\"og:title\" content=\"186 casos de Covid e 9 mortes em 24hrs na Baixada Santista - Litoral SP\" \/>\n<meta property=\"og:description\" content=\"A Baixada Santista, registrou 186 novos casos de Covid-19 e 9 mortes de acordo com os boletins epidemiol\u00f3gicos divulgados no per\u00edodo de 24 horas.\" \/>\n<meta property=\"og:url\" content=\"https:\/\/redenoticiaz.com.br\/litoralsp\/2021\/06\/20\/186-casos-de-covid-e-9-mortes-em-24-hrs-na-baixada-santista\" \/>\n<meta property=\"og:site_name\" content=\"Litoral SP\" \/>\n<meta property=\"article:published_time\" content=\"2021-06-20T14:36:00+00:00\" \/>\n<meta property=\"og:image\" content=\"https:\/\/redenoticiaz.com.br\/litoralsp\/wp-content\/uploads\/sites\/3\/2021\/05\/celulas-tronco-capa.jpg\" \/>\n\t<meta property=\"og:image:width\" content=\"1000\" \/>\n\t<meta property=\"og:image:height\" content=\"600\" \/>\n\t<meta property=\"og:image:type\" content=\"image\/jpeg\" \/>\n<meta name=\"twitter:card\" content=\"summary_large_image\" \/>\n<meta name=\"twitter:label1\" content=\"Escrito por\" \/>\n\t<meta name=\"twitter:data1\" content=\"\" \/>\n\t<meta name=\"twitter:label2\" content=\"Est. tempo de leitura\" \/>\n\t<meta name=\"twitter:data2\" content=\"1 minuto\" \/>\n<script type=\"application\/ld+json\" class=\"yoast-schema-graph\">{\"@context\":\"https:\\\/\\\/schema.org\",\"@graph\":[{\"@type\":\"Article\",\"@id\":\"https:\\\/\\\/redenoticiaz.com.br\\\/litoralsp\\\/2021\\\/06\\\/20\\\/186-casos-de-covid-e-9-mortes-em-24-hrs-na-baixada-santista#article\",\"isPartOf\":{\"@id\":\"https:\\\/\\\/redenoticiaz.com.br\\\/litoralsp\\\/2021\\\/06\\\/20\\\/186-casos-de-covid-e-9-mortes-em-24-hrs-na-baixada-santista\"},\"author\":{\"name\":\"\",\"@id\":\"\"},\"headline\":\"186 casos de Covid e 9 mortes em 24hrs na Baixada Santista\",\"datePublished\":\"2021-06-20T14:36:00+00:00\",\"mainEntityOfPage\":{\"@id\":\"https:\\\/\\\/redenoticiaz.com.br\\\/litoralsp\\\/2021\\\/06\\\/20\\\/186-casos-de-covid-e-9-mortes-em-24-hrs-na-baixada-santista\"},\"wordCount\":187,\"commentCount\":0,\"publisher\":{\"@id\":\"https:\\\/\\\/redenoticiaz.com.br\\\/litoralsp\\\/#organization\"},\"image\":{\"@id\":\"https:\\\/\\\/redenoticiaz.com.br\\\/litoralsp\\\/2021\\\/06\\\/20\\\/186-casos-de-covid-e-9-mortes-em-24-hrs-na-baixada-santista#primaryimage\"},\"thumbnailUrl\":\"https:\\\/\\\/redenoticiaz.com.br\\\/litoralsp\\\/wp-content\\\/uploads\\\/sites\\\/3\\\/2021\\\/05\\\/celulas-tronco-capa.jpg\",\"keywords\":[\"BAIXADA SANTISTA\",\"Coronav\u00edrus\",\"GUARUJ\u00c1\",\"NOVOS CASOS\",\"PRAIA GRANDE\",\"Santos\",\"S\u00e3o Vicente\",\"Vacina\u00e7\u00e3o\"],\"articleSection\":[\"Santos\"],\"inLanguage\":\"pt-BR\",\"potentialAction\":[{\"@type\":\"CommentAction\",\"name\":\"Comment\",\"target\":[\"https:\\\/\\\/redenoticiaz.com.br\\\/litoralsp\\\/2021\\\/06\\\/20\\\/186-casos-de-covid-e-9-mortes-em-24-hrs-na-baixada-santista#respond\"]}]},{\"@type\":\"WebPage\",\"@id\":\"https:\\\/\\\/redenoticiaz.com.br\\\/litoralsp\\\/2021\\\/06\\\/20\\\/186-casos-de-covid-e-9-mortes-em-24-hrs-na-baixada-santista\",\"url\":\"https:\\\/\\\/redenoticiaz.com.br\\\/litoralsp\\\/2021\\\/06\\\/20\\\/186-casos-de-covid-e-9-mortes-em-24-hrs-na-baixada-santista\",\"name\":\"186 casos de Covid e 9 mortes em 24hrs na Baixada Santista - Litoral SP\",\"isPartOf\":{\"@id\":\"https:\\\/\\\/redenoticiaz.com.br\\\/litoralsp\\\/#website\"},\"primaryImageOfPage\":{\"@id\":\"https:\\\/\\\/redenoticiaz.com.br\\\/litoralsp\\\/2021\\\/06\\\/20\\\/186-casos-de-covid-e-9-mortes-em-24-hrs-na-baixada-santista#primaryimage\"},\"image\":{\"@id\":\"https:\\\/\\\/redenoticiaz.com.br\\\/litoralsp\\\/2021\\\/06\\\/20\\\/186-casos-de-covid-e-9-mortes-em-24-hrs-na-baixada-santista#primaryimage\"},\"thumbnailUrl\":\"https:\\\/\\\/redenoticiaz.com.br\\\/litoralsp\\\/wp-content\\\/uploads\\\/sites\\\/3\\\/2021\\\/05\\\/celulas-tronco-capa.jpg\",\"datePublished\":\"2021-06-20T14:36:00+00:00\",\"description\":\"A Baixada Santista, registrou 186 novos casos de Covid-19 e 9 mortes de acordo com os boletins epidemiol\u00f3gicos divulgados no per\u00edodo de 24 horas.\",\"inLanguage\":\"pt-BR\",\"potentialAction\":[{\"@type\":\"ReadAction\",\"target\":[\"https:\\\/\\\/redenoticiaz.com.br\\\/litoralsp\\\/2021\\\/06\\\/20\\\/186-casos-de-covid-e-9-mortes-em-24-hrs-na-baixada-santista\"]}]},{\"@type\":\"ImageObject\",\"inLanguage\":\"pt-BR\",\"@id\":\"https:\\\/\\\/redenoticiaz.com.br\\\/litoralsp\\\/2021\\\/06\\\/20\\\/186-casos-de-covid-e-9-mortes-em-24-hrs-na-baixada-santista#primaryimage\",\"url\":\"https:\\\/\\\/redenoticiaz.com.br\\\/litoralsp\\\/wp-content\\\/uploads\\\/sites\\\/3\\\/2021\\\/05\\\/celulas-tronco-capa.jpg\",\"contentUrl\":\"https:\\\/\\\/redenoticiaz.com.br\\\/litoralsp\\\/wp-content\\\/uploads\\\/sites\\\/3\\\/2021\\\/05\\\/celulas-tronco-capa.jpg\",\"width\":1000,\"height\":600,\"caption\":\"186 novos casos de Covid-19 e 9 mortes em 24 horas\"},{\"@type\":\"WebSite\",\"@id\":\"https:\\\/\\\/redenoticiaz.com.br\\\/litoralsp\\\/#website\",\"url\":\"https:\\\/\\\/redenoticiaz.com.br\\\/litoralsp\\\/\",\"name\":\"Litoral SP\",\"description\":\"Rede NoticiaZ\",\"publisher\":{\"@id\":\"https:\\\/\\\/redenoticiaz.com.br\\\/litoralsp\\\/#organization\"},\"potentialAction\":[{\"@type\":\"SearchAction\",\"target\":{\"@type\":\"EntryPoint\",\"urlTemplate\":\"https:\\\/\\\/redenoticiaz.com.br\\\/litoralsp\\\/?s={search_term_string}\"},\"query-input\":{\"@type\":\"PropertyValueSpecification\",\"valueRequired\":true,\"valueName\":\"search_term_string\"}}],\"inLanguage\":\"pt-BR\"},{\"@type\":\"Organization\",\"@id\":\"https:\\\/\\\/redenoticiaz.com.br\\\/litoralsp\\\/#organization\",\"name\":\"Litoral SP\",\"url\":\"https:\\\/\\\/redenoticiaz.com.br\\\/litoralsp\\\/\",\"logo\":{\"@type\":\"ImageObject\",\"inLanguage\":\"pt-BR\",\"@id\":\"https:\\\/\\\/redenoticiaz.com.br\\\/litoralsp\\\/#\\\/schema\\\/logo\\\/image\\\/\",\"url\":\"https:\\\/\\\/redenoticiaz.com.br\\\/litoralsp\\\/wp-content\\\/uploads\\\/sites\\\/3\\\/2020\\\/11\\\/logo.jpg\",\"contentUrl\":\"https:\\\/\\\/redenoticiaz.com.br\\\/litoralsp\\\/wp-content\\\/uploads\\\/sites\\\/3\\\/2020\\\/11\\\/logo.jpg\",\"width\":400,\"height\":250,\"caption\":\"Litoral SP\"},\"image\":{\"@id\":\"https:\\\/\\\/redenoticiaz.com.br\\\/litoralsp\\\/#\\\/schema\\\/logo\\\/image\\\/\"}},{\"@type\":\"Person\",\"@id\":\"\",\"url\":\"https:\\\/\\\/redenoticiaz.com.br\\\/litoralsp\\\/author\"}]}<\/script>\n<!-- \/ Yoast SEO plugin. -->","yoast_head_json":{"title":"186 casos de Covid e 9 mortes em 24hrs na Baixada Santista - Litoral SP","description":"A Baixada Santista, registrou 186 novos casos de Covid-19 e 9 mortes de acordo com os boletins epidemiol\u00f3gicos divulgados no per\u00edodo de 24 horas.","robots":{"index":"index","follow":"follow","max-snippet":"max-snippet:-1","max-image-preview":"max-image-preview:large","max-video-preview":"max-video-preview:-1"},"canonical":"https:\/\/redenoticiaz.com.br\/litoralsp\/2021\/06\/20\/186-casos-de-covid-e-9-mortes-em-24-hrs-na-baixada-santista","og_locale":"pt_BR","og_type":"article","og_title":"186 casos de Covid e 9 mortes em 24hrs na Baixada Santista - Litoral SP","og_description":"A Baixada Santista, registrou 186 novos casos de Covid-19 e 9 mortes de acordo com os boletins epidemiol\u00f3gicos divulgados no per\u00edodo de 24 horas.","og_url":"https:\/\/redenoticiaz.com.br\/litoralsp\/2021\/06\/20\/186-casos-de-covid-e-9-mortes-em-24-hrs-na-baixada-santista","og_site_name":"Litoral SP","article_published_time":"2021-06-20T14:36:00+00:00","og_image":[{"width":1000,"height":600,"url":"https:\/\/redenoticiaz.com.br\/litoralsp\/wp-content\/uploads\/sites\/3\/2021\/05\/celulas-tronco-capa.jpg","type":"image\/jpeg"}],"twitter_card":"summary_large_image","twitter_misc":{"Escrito por":"","Est. tempo de leitura":"1 minuto"},"schema":{"@context":"https:\/\/schema.org","@graph":[{"@type":"Article","@id":"https:\/\/redenoticiaz.com.br\/litoralsp\/2021\/06\/20\/186-casos-de-covid-e-9-mortes-em-24-hrs-na-baixada-santista#article","isPartOf":{"@id":"https:\/\/redenoticiaz.com.br\/litoralsp\/2021\/06\/20\/186-casos-de-covid-e-9-mortes-em-24-hrs-na-baixada-santista"},"author":{"name":"","@id":""},"headline":"186 casos de Covid e 9 mortes em 24hrs na Baixada Santista","datePublished":"2021-06-20T14:36:00+00:00","mainEntityOfPage":{"@id":"https:\/\/redenoticiaz.com.br\/litoralsp\/2021\/06\/20\/186-casos-de-covid-e-9-mortes-em-24-hrs-na-baixada-santista"},"wordCount":187,"commentCount":0,"publisher":{"@id":"https:\/\/redenoticiaz.com.br\/litoralsp\/#organization"},"image":{"@id":"https:\/\/redenoticiaz.com.br\/litoralsp\/2021\/06\/20\/186-casos-de-covid-e-9-mortes-em-24-hrs-na-baixada-santista#primaryimage"},"thumbnailUrl":"https:\/\/redenoticiaz.com.br\/litoralsp\/wp-content\/uploads\/sites\/3\/2021\/05\/celulas-tronco-capa.jpg","keywords":["BAIXADA SANTISTA","Coronav\u00edrus","GUARUJ\u00c1","NOVOS CASOS","PRAIA GRANDE","Santos","S\u00e3o Vicente","Vacina\u00e7\u00e3o"],"articleSection":["Santos"],"inLanguage":"pt-BR","potentialAction":[{"@type":"CommentAction","name":"Comment","target":["https:\/\/redenoticiaz.com.br\/litoralsp\/2021\/06\/20\/186-casos-de-covid-e-9-mortes-em-24-hrs-na-baixada-santista#respond"]}]},{"@type":"WebPage","@id":"https:\/\/redenoticiaz.com.br\/litoralsp\/2021\/06\/20\/186-casos-de-covid-e-9-mortes-em-24-hrs-na-baixada-santista","url":"https:\/\/redenoticiaz.com.br\/litoralsp\/2021\/06\/20\/186-casos-de-covid-e-9-mortes-em-24-hrs-na-baixada-santista","name":"186 casos de Covid e 9 mortes em 24hrs na Baixada Santista - Litoral SP","isPartOf":{"@id":"https:\/\/redenoticiaz.com.br\/litoralsp\/#website"},"primaryImageOfPage":{"@id":"https:\/\/redenoticiaz.com.br\/litoralsp\/2021\/06\/20\/186-casos-de-covid-e-9-mortes-em-24-hrs-na-baixada-santista#primaryimage"},"image":{"@id":"https:\/\/redenoticiaz.com.br\/litoralsp\/2021\/06\/20\/186-casos-de-covid-e-9-mortes-em-24-hrs-na-baixada-santista#primaryimage"},"thumbnailUrl":"https:\/\/redenoticiaz.com.br\/litoralsp\/wp-content\/uploads\/sites\/3\/2021\/05\/celulas-tronco-capa.jpg","datePublished":"2021-06-20T14:36:00+00:00","description":"A Baixada Santista, registrou 186 novos casos de Covid-19 e 9 mortes de acordo com os boletins epidemiol\u00f3gicos divulgados no per\u00edodo de 24 horas.","inLanguage":"pt-BR","potentialAction":[{"@type":"ReadAction","target":["https:\/\/redenoticiaz.com.br\/litoralsp\/2021\/06\/20\/186-casos-de-covid-e-9-mortes-em-24-hrs-na-baixada-santista"]}]},{"@type":"ImageObject","inLanguage":"pt-BR","@id":"https:\/\/redenoticiaz.com.br\/litoralsp\/2021\/06\/20\/186-casos-de-covid-e-9-mortes-em-24-hrs-na-baixada-santista#primaryimage","url":"https:\/\/redenoticiaz.com.br\/litoralsp\/wp-content\/uploads\/sites\/3\/2021\/05\/celulas-tronco-capa.jpg","contentUrl":"https:\/\/redenoticiaz.com.br\/litoralsp\/wp-content\/uploads\/sites\/3\/2021\/05\/celulas-tronco-capa.jpg","width":1000,"height":600,"caption":"186 novos casos de Covid-19 e 9 mortes em 24 horas"},{"@type":"WebSite","@id":"https:\/\/redenoticiaz.com.br\/litoralsp\/#website","url":"https:\/\/redenoticiaz.com.br\/litoralsp\/","name":"Litoral SP","description":"Rede NoticiaZ","publisher":{"@id":"https:\/\/redenoticiaz.com.br\/litoralsp\/#organization"},"potentialAction":[{"@type":"SearchAction","target":{"@type":"EntryPoint","urlTemplate":"https:\/\/redenoticiaz.com.br\/litoralsp\/?s={search_term_string}"},"query-input":{"@type":"PropertyValueSpecification","valueRequired":true,"valueName":"search_term_string"}}],"inLanguage":"pt-BR"},{"@type":"Organization","@id":"https:\/\/redenoticiaz.com.br\/litoralsp\/#organization","name":"Litoral SP","url":"https:\/\/redenoticiaz.com.br\/litoralsp\/","logo":{"@type":"ImageObject","inLanguage":"pt-BR","@id":"https:\/\/redenoticiaz.com.br\/litoralsp\/#\/schema\/logo\/image\/","url":"https:\/\/redenoticiaz.com.br\/litoralsp\/wp-content\/uploads\/sites\/3\/2020\/11\/logo.jpg","contentUrl":"https:\/\/redenoticiaz.com.br\/litoralsp\/wp-content\/uploads\/sites\/3\/2020\/11\/logo.jpg","width":400,"height":250,"caption":"Litoral SP"},"image":{"@id":"https:\/\/redenoticiaz.com.br\/litoralsp\/#\/schema\/logo\/image\/"}},{"@type":"Person","@id":"","url":"https:\/\/redenoticiaz.com.br\/litoralsp\/author"}]}},"_links":{"self":[{"href":"https:\/\/redenoticiaz.com.br\/litoralsp\/wp-json\/wp\/v2\/posts\/10331","targetHints":{"allow":["GET"]}}],"collection":[{"href":"https:\/\/redenoticiaz.com.br\/litoralsp\/wp-json\/wp\/v2\/posts"}],"about":[{"href":"https:\/\/redenoticiaz.com.br\/litoralsp\/wp-json\/wp\/v2\/types\/post"}],"author":[{"embeddable":true,"href":"https:\/\/redenoticiaz.com.br\/litoralsp\/wp-json\/wp\/v2\/users\/11"}],"replies":[{"embeddable":true,"href":"https:\/\/redenoticiaz.com.br\/litoralsp\/wp-json\/wp\/v2\/comments?post=10331"}],"version-history":[{"count":1,"href":"https:\/\/redenoticiaz.com.br\/litoralsp\/wp-json\/wp\/v2\/posts\/10331\/revisions"}],"predecessor-version":[{"id":10335,"href":"https:\/\/redenoticiaz.com.br\/litoralsp\/wp-json\/wp\/v2\/posts\/10331\/revisions\/10335"}],"wp:featuredmedia":[{"embeddable":true,"href":"https:\/\/redenoticiaz.com.br\/litoralsp\/wp-json\/wp\/v2\/media\/8966"}],"wp:attachment":[{"href":"https:\/\/redenoticiaz.com.br\/litoralsp\/wp-json\/wp\/v2\/media?parent=10331"}],"wp:term":[{"taxonomy":"category","embeddable":true,"href":"https:\/\/redenoticiaz.com.br\/litoralsp\/wp-json\/wp\/v2\/categories?post=10331"},{"taxonomy":"post_tag","embeddable":true,"href":"https:\/\/redenoticiaz.com.br\/litoralsp\/wp-json\/wp\/v2\/tags?post=10331"}],"curies":[{"name":"wp","href":"https:\/\/api.w.org\/{rel}","templated":true}]}}