{"id":10332,"date":"2021-06-20T11:23:34","date_gmt":"2021-06-20T14:23:34","guid":{"rendered":"https:\/\/redenoticiaz.com.br\/litoralsp\/2021\/06\/20\/flamengo-tropeca-no-bragantino-que-cria-asas-e-dorme-na-ponta-do-brasileirao"},"modified":"2021-06-20T11:29:29","modified_gmt":"2021-06-20T14:29:29","slug":"flamengo-tropeca-no-bragantino-que-cria-asas-e-dorme-na-ponta-do-brasileirao","status":"publish","type":"post","link":"https:\/\/redenoticiaz.com.br\/litoralsp\/2021\/06\/20\/flamengo-tropeca-no-bragantino-que-cria-asas-e-dorme-na-ponta-do-brasileirao","title":{"rendered":"Flamengo trope\u00e7a no Bragantino que cria asas e dorme na ponta do Brasileir\u00e3o"},"content":{"rendered":"<p>E o <strong>Flamengo<\/strong> desfalcado <strong>trope\u00e7ou no Bragantino.<\/strong> A quinta rodada do Campeonato Brasileiro foi inaugurada com gola\u00e7os e uma partida decidida aos 52 minutos do segundo tempo. Neste s\u00e1bado (19), o Red Bull <a href=\"https:\/\/pt.wikipedia.org\/wiki\/Red_Bull_Bragantino\">Bragantino<\/a> superou o Flamengo por 3 a 2 no Maracan\u00e3, no Rio de Janeiro, em duelo marcado pelas obras de arte do lateral Aderlan, do Massa Bruta, e do atacante rubro-negro Rodrigo Muniz.<img decoding=\"async\" src=\"https:\/\/agenciabrasil.ebc.com.br\/ebc.png?id=1413133&amp;o=node\" \/><img decoding=\"async\" src=\"https:\/\/agenciabrasil.ebc.com.br\/ebc.gif?id=1413133&amp;o=node\" \/><\/p>\n<blockquote class=\"twitter-tweet\" data-width=\"500\" data-dnt=\"true\">\n<p lang=\"pt\" dir=\"ltr\">Pode parecer bobagem,<br \/>Um impulso infantil.<br \/>Meu amor n\u00e3o \u00e9 chantagem,<br \/>Mas voc\u00ea me seduziu&#8230; \ud83c\udfb5<\/p>\n<p>Em um jogo de gola\u00e7os, Chrigor marca no fim e o <a href=\"https:\/\/twitter.com\/RedBullBraga?ref_src=twsrc%5Etfw\">@RedBullBraga<\/a> vence no Maracan\u00e3! Que jogo&#8230; <a href=\"https:\/\/t.co\/mDJP9CapDW\">pic.twitter.com\/mDJP9CapDW<\/a><\/p>\n<p>&mdash; Brasileir\u00e3o (@Brasileirao) <a href=\"https:\/\/twitter.com\/Brasileirao\/status\/1406432449488461825?ref_src=twsrc%5Etfw\">June 20, 2021<\/a><\/p><\/blockquote>\n<p><script async src=\"https:\/\/platform.twitter.com\/widgets.js\" charset=\"utf-8\"><\/script><\/p>\n<div class=\"twitter-tweet twitter-tweet-rendered\"><\/div>\n<h4>O Flamengo na classifica\u00e7\u00e3o<\/h4>\n<p>O atual bicampe\u00e3o nacional passa a noite em nono lugar, com seis pontos em tr\u00eas jogos, mas deve perder posi\u00e7\u00f5es no fim de semana. Os paulistas, com 11 pontos, assumiram provisoriamente a lideran\u00e7a do Brasileiro, um ponto a frente do Fortaleza e dois de Athletico-PR e Atl\u00e9tico-MG, que ainda t\u00eam compromissos pela rodada.<\/p>\n<p>Os times foram a campo desfalcados. No Flamengo,\u00a0s\u00e3o quatro aus\u00eancias devido \u00e0 Copa Am\u00e9rica: o lateral Mauricio Isla, os meias Giorgian de Arrascaeta e Everton Ribeiro e o atacante Gabriel Barbosa. J\u00e1 o atacante Pedro, que havia testado positivo para o novo coronav\u00edrus (covid-19), segue os protocolos da Confedera\u00e7\u00e3o Brasileira de Futebol (CBF).<\/p>\n<p>No Bragantino, o meia Claudinho, principal nome da equipe, foi novamente poupado por desgaste f\u00edsico, enquanto o lateral Luan C\u00e2ndido se recupera de uma les\u00e3o no adutor da coxa esquerda. Com o t\u00e9cnico Maur\u00edcio Barbieri suspenso, o Massa Bruta foi dirigido pelo auxiliar\u00a0Claudio Maldonado. Ex-volante, o chileno foi campe\u00e3o nacional pelo Flamengo em 2009.<\/p>\n<p>Fazendo jus ao perfil ofensivo\u00a0de ambas as equipes, o duelo foi movimentado do in\u00edcio ao fim. Aos 11 minutos, o primeiro gola\u00e7o da noite: o atacante Helinho cobrou falta pela direita e Aderlan completou de chaleira, no \u00e2ngulo do goleiro Diego Alves. Dois minutos depois, o lateral quase faz outra pintura, acertando a trave em desvio de calcanhar, ap\u00f3s escanteio batido pelo atacante Artur.<\/p>\n<blockquote class=\"twitter-tweet\" data-width=\"500\" data-dnt=\"true\">\n<p lang=\"pt\" dir=\"ltr\">Voc\u00ea disse \u201cPuskas\u201d? \ud83e\udd28\ud83d\ude0e <a href=\"https:\/\/t.co\/lJUC5HqpJd\">pic.twitter.com\/lJUC5HqpJd<\/a><\/p>\n<p>&mdash; Red Bull Bragantino (@RedBullBraga) <a href=\"https:\/\/twitter.com\/RedBullBraga\/status\/1406439384929480705?ref_src=twsrc%5Etfw\">June 20, 2021<\/a><\/p><\/blockquote>\n<p><script async src=\"https:\/\/platform.twitter.com\/widgets.js\" charset=\"utf-8\"><\/script><\/p>\n<p>Em seguida, aos 14 minutos, o goleiro Cleiton evitou o empate em finaliza\u00e7\u00e3o de Rodrigo Muniz\u00a0dentro da \u00e1rea. O atacante, por\u00e9m, levaria a melhor aos 26 minutos, desviando para as redes um chute torto do atacante Michael, depois de um bate-rebate. O duelo particular entre Muniz e Cleiton n\u00e3o terminou a\u00ed. Aos 35, o arqueiro se esticou todo para salvar o arremate de fora da \u00e1rea do rival. Na sequ\u00eancia, o camisa 43 teve a chance da virada na sobra de um escanteio, na cara do gol, mas chutou por cima.<\/p>\n<h4>Segundo tempo<\/h4>\n<p>A partida seguiu intensa depois do intervalo. Aos 14 minutos, Rodrigo Muniz cabeceou perto da pequena \u00e1rea e Cleiton defendeu. Quatro minutos depois, foi a vez do jovem rubro-negro se dar bem, fazendo o segundo gola\u00e7o da noite. Ap\u00f3s cruzamento pela direita do lateral Matheuzinho, o atacante acertou uma bicicleta da marca do p\u00eanalti e virou para o Flamengo. Mas aos 23, depois de um chute de Artur desviar no lateral Filipe Lu\u00eds e no volante Gerson, a zaga parou e o meia Eric Ramires, substituto de Claudinho, deixou tudo igual de cabe\u00e7a.<\/p>\n<blockquote class=\"twitter-tweet\" data-width=\"500\" data-dnt=\"true\">\n<p lang=\"pt\" dir=\"ltr\">MEU DEUS DO C\u00c9U! ISSO \u00c9 MUNIZ, P&amp;$$#! QUE GOLA\u00c7O! MONSTRO! CRAQUEEEEEEE! EU T\u00d4 MUITO MUNIZADOOOOOOOOOOOOOO! MEU GAROTO DO NINHO! ARTILHEIROOOOOOOOO! O GOLA\u00c7O DE <a href=\"https:\/\/twitter.com\/RodrigoMuniz019?ref_src=twsrc%5Etfw\">@RodrigoMuniz019<\/a> PELAS LENTES DO ESTAGI\u00c1RIO! QUE COISA LINDA! ISSO \u00c9 MUNIZ! ISSO \u00c9 FLAMENGO! <a href=\"https:\/\/twitter.com\/hashtag\/FLAxBGT?src=hash&amp;ref_src=twsrc%5Etfw\">#FLAxBGT<\/a> <a href=\"https:\/\/twitter.com\/hashtag\/VamosFlamengo?src=hash&amp;ref_src=twsrc%5Etfw\">#VamosFlamengo<\/a> <a href=\"https:\/\/t.co\/N85RLt7iKU\">pic.twitter.com\/N85RLt7iKU<\/a><\/p>\n<p>&mdash; Flamengo (@Flamengo) <a href=\"https:\/\/twitter.com\/Flamengo\/status\/1406423765957873665?ref_src=twsrc%5Etfw\">June 20, 2021<\/a><\/p><\/blockquote>\n<p><script async src=\"https:\/\/platform.twitter.com\/widgets.js\" charset=\"utf-8\"><\/script><\/p>\n<p>As equipes sentiram o desgaste e os minutos finais da partida n\u00e3o tiveram a mesma intensidade, mas foram emocionantes. Aos 44 minutos, o atacante Bruno Henrique teve a chance da vit\u00f3ria em cabe\u00e7ada na pequena \u00e1rea, mas mandou por cima da meta de Cleiton. Quando o empate parecia decretado, Artur puxou contra-ataque na esquerda e cruzou para o atacante Chrigor, de cabe\u00e7a, garantir a vit\u00f3ria dos paulistas aos 52 minutos.<\/p>\n<h4>Pr\u00f3ximos jogos para Flamengo e Bragantino<\/h4>\n<p>Os dois times voltam a campo na quarta-feira (23), \u00e0s 19h (hor\u00e1rio de Bras\u00edlia), pela sexta rodada do Brasileiro. O Flamengo recebe o Fortaleza no Maracan\u00e3, enquanto o Bragantino tem outra pedreira pela frente: o Palmeiras, no est\u00e1dio Nabi Abi Chedid, em Bragan\u00e7a Paulista (SP). (agenciabrasil)<\/p>\n<p>&nbsp;<\/p>\n<p>LEIA TAMB\u00c9M<\/p>\n<p><a href=\"https:\/\/redenoticiaz.com.br\/blog\/2021\/06\/20\/o-fugitivo-lazaro-barbosa-continua-foragido\">O fugitivo L\u00e1zaro Barbosa continua foragido<\/a><\/p>\n","protected":false},"excerpt":{"rendered":"<p>E o Flamengo desfalcado trope\u00e7ou no Bragantino. A quinta rodada do Campeonato Brasileiro foi inaugurada com gola\u00e7os e uma partida decidida aos 52 minutos do segundo tempo. Neste s\u00e1bado (19), o Red Bull Bragantino superou o Flamengo por 3 a 2 no Maracan\u00e3, no Rio de Janeiro, em duelo marcado pelas obras de arte do &hellip;<\/p>\n","protected":false},"author":5,"featured_media":10333,"comment_status":"open","ping_status":"closed","sticky":false,"template":"","format":"standard","meta":{"footnotes":""},"categories":[35],"tags":[25899,25900,19735],"class_list":["post-10332","post","type-post","status-publish","format-standard","has-post-thumbnail","hentry","category-esporte","tag-bragantino-vence-flamengo","tag-flamengo-perde","tag-resultado-jogo-flamengo"],"yoast_head":"<!-- This site is optimized with the Yoast SEO plugin v27.5 - https:\/\/yoast.com\/product\/yoast-seo-wordpress\/ -->\n<title>Flamengo trope\u00e7a no Bragantino que cria asas e dorme na ponta do Brasileir\u00e3o - Litoral SP<\/title>\n<meta name=\"description\" content=\"E o Flamengo desfalcado trope\u00e7ou no Bragantino. A quinta rodada do Campeonato Brasileiro foi inaugurada com gola\u00e7os e uma partida decidida\" \/>\n<meta name=\"robots\" content=\"index, follow, max-snippet:-1, max-image-preview:large, max-video-preview:-1\" \/>\n<link rel=\"canonical\" href=\"https:\/\/redenoticiaz.com.br\/litoralsp\/2021\/06\/20\/flamengo-tropeca-no-bragantino-que-cria-asas-e-dorme-na-ponta-do-brasileirao\" \/>\n<meta property=\"og:locale\" content=\"pt_BR\" \/>\n<meta property=\"og:type\" content=\"article\" \/>\n<meta property=\"og:title\" content=\"Flamengo trope\u00e7a no Bragantino que cria asas e dorme na ponta do Brasileir\u00e3o - Litoral SP\" \/>\n<meta property=\"og:description\" content=\"E o Flamengo desfalcado trope\u00e7ou no Bragantino. A quinta rodada do Campeonato Brasileiro foi inaugurada com gola\u00e7os e uma partida decidida\" \/>\n<meta property=\"og:url\" content=\"https:\/\/redenoticiaz.com.br\/litoralsp\/2021\/06\/20\/flamengo-tropeca-no-bragantino-que-cria-asas-e-dorme-na-ponta-do-brasileirao\" \/>\n<meta property=\"og:site_name\" content=\"Litoral SP\" \/>\n<meta property=\"article:published_time\" content=\"2021-06-20T14:23:34+00:00\" \/>\n<meta property=\"article:modified_time\" content=\"2021-06-20T14:29:29+00:00\" \/>\n<meta property=\"og:image\" content=\"https:\/\/redenoticiaz.com.br\/litoralsp\/wp-content\/uploads\/sites\/3\/2021\/06\/bragantino.jpg\" \/>\n\t<meta property=\"og:image:width\" content=\"1170\" \/>\n\t<meta property=\"og:image:height\" content=\"700\" \/>\n\t<meta property=\"og:image:type\" content=\"image\/jpeg\" \/>\n<meta name=\"author\" content=\"Patr\u00edcia Prado\" \/>\n<meta name=\"twitter:card\" content=\"summary_large_image\" \/>\n<meta name=\"twitter:label1\" content=\"Escrito por\" \/>\n\t<meta name=\"twitter:data1\" content=\"Patr\u00edcia Prado\" \/>\n\t<meta name=\"twitter:label2\" content=\"Est. tempo de leitura\" \/>\n\t<meta name=\"twitter:data2\" content=\"3 minutos\" \/>\n<script type=\"application\/ld+json\" class=\"yoast-schema-graph\">{\"@context\":\"https:\\\/\\\/schema.org\",\"@graph\":[{\"@type\":\"Article\",\"@id\":\"https:\\\/\\\/redenoticiaz.com.br\\\/litoralsp\\\/2021\\\/06\\\/20\\\/flamengo-tropeca-no-bragantino-que-cria-asas-e-dorme-na-ponta-do-brasileirao#article\",\"isPartOf\":{\"@id\":\"https:\\\/\\\/redenoticiaz.com.br\\\/litoralsp\\\/2021\\\/06\\\/20\\\/flamengo-tropeca-no-bragantino-que-cria-asas-e-dorme-na-ponta-do-brasileirao\"},\"author\":{\"name\":\"Patr\u00edcia Prado\",\"@id\":\"https:\\\/\\\/redenoticiaz.com.br\\\/litoralsp\\\/#\\\/schema\\\/person\\\/e1b0bd8c2637e2c1b6ddcbc2c33b116f\"},\"headline\":\"Flamengo trope\u00e7a no Bragantino que cria asas e dorme na ponta do Brasileir\u00e3o\",\"datePublished\":\"2021-06-20T14:23:34+00:00\",\"dateModified\":\"2021-06-20T14:29:29+00:00\",\"mainEntityOfPage\":{\"@id\":\"https:\\\/\\\/redenoticiaz.com.br\\\/litoralsp\\\/2021\\\/06\\\/20\\\/flamengo-tropeca-no-bragantino-que-cria-asas-e-dorme-na-ponta-do-brasileirao\"},\"wordCount\":682,\"commentCount\":0,\"publisher\":{\"@id\":\"https:\\\/\\\/redenoticiaz.com.br\\\/litoralsp\\\/#organization\"},\"image\":{\"@id\":\"https:\\\/\\\/redenoticiaz.com.br\\\/litoralsp\\\/2021\\\/06\\\/20\\\/flamengo-tropeca-no-bragantino-que-cria-asas-e-dorme-na-ponta-do-brasileirao#primaryimage\"},\"thumbnailUrl\":\"https:\\\/\\\/redenoticiaz.com.br\\\/litoralsp\\\/wp-content\\\/uploads\\\/sites\\\/3\\\/2021\\\/06\\\/bragantino.jpg\",\"keywords\":[\"BRAGANTINO VENCE FLAMENGO\",\"FLAMENGO PERDE\",\"RESULTADO JOGO FLAMENGO\"],\"articleSection\":[\"Esporte\"],\"inLanguage\":\"pt-BR\",\"potentialAction\":[{\"@type\":\"CommentAction\",\"name\":\"Comment\",\"target\":[\"https:\\\/\\\/redenoticiaz.com.br\\\/litoralsp\\\/2021\\\/06\\\/20\\\/flamengo-tropeca-no-bragantino-que-cria-asas-e-dorme-na-ponta-do-brasileirao#respond\"]}]},{\"@type\":\"WebPage\",\"@id\":\"https:\\\/\\\/redenoticiaz.com.br\\\/litoralsp\\\/2021\\\/06\\\/20\\\/flamengo-tropeca-no-bragantino-que-cria-asas-e-dorme-na-ponta-do-brasileirao\",\"url\":\"https:\\\/\\\/redenoticiaz.com.br\\\/litoralsp\\\/2021\\\/06\\\/20\\\/flamengo-tropeca-no-bragantino-que-cria-asas-e-dorme-na-ponta-do-brasileirao\",\"name\":\"Flamengo trope\u00e7a no Bragantino que cria asas e dorme na ponta do Brasileir\u00e3o - Litoral SP\",\"isPartOf\":{\"@id\":\"https:\\\/\\\/redenoticiaz.com.br\\\/litoralsp\\\/#website\"},\"primaryImageOfPage\":{\"@id\":\"https:\\\/\\\/redenoticiaz.com.br\\\/litoralsp\\\/2021\\\/06\\\/20\\\/flamengo-tropeca-no-bragantino-que-cria-asas-e-dorme-na-ponta-do-brasileirao#primaryimage\"},\"image\":{\"@id\":\"https:\\\/\\\/redenoticiaz.com.br\\\/litoralsp\\\/2021\\\/06\\\/20\\\/flamengo-tropeca-no-bragantino-que-cria-asas-e-dorme-na-ponta-do-brasileirao#primaryimage\"},\"thumbnailUrl\":\"https:\\\/\\\/redenoticiaz.com.br\\\/litoralsp\\\/wp-content\\\/uploads\\\/sites\\\/3\\\/2021\\\/06\\\/bragantino.jpg\",\"datePublished\":\"2021-06-20T14:23:34+00:00\",\"dateModified\":\"2021-06-20T14:29:29+00:00\",\"description\":\"E o Flamengo desfalcado trope\u00e7ou no Bragantino. A quinta rodada do Campeonato Brasileiro foi inaugurada com gola\u00e7os e uma partida decidida\",\"inLanguage\":\"pt-BR\",\"potentialAction\":[{\"@type\":\"ReadAction\",\"target\":[\"https:\\\/\\\/redenoticiaz.com.br\\\/litoralsp\\\/2021\\\/06\\\/20\\\/flamengo-tropeca-no-bragantino-que-cria-asas-e-dorme-na-ponta-do-brasileirao\"]}]},{\"@type\":\"ImageObject\",\"inLanguage\":\"pt-BR\",\"@id\":\"https:\\\/\\\/redenoticiaz.com.br\\\/litoralsp\\\/2021\\\/06\\\/20\\\/flamengo-tropeca-no-bragantino-que-cria-asas-e-dorme-na-ponta-do-brasileirao#primaryimage\",\"url\":\"https:\\\/\\\/redenoticiaz.com.br\\\/litoralsp\\\/wp-content\\\/uploads\\\/sites\\\/3\\\/2021\\\/06\\\/bragantino.jpg\",\"contentUrl\":\"https:\\\/\\\/redenoticiaz.com.br\\\/litoralsp\\\/wp-content\\\/uploads\\\/sites\\\/3\\\/2021\\\/06\\\/bragantino.jpg\",\"width\":1170,\"height\":700,\"caption\":\"E o Flamengo desfalcado trope\u00e7ou no Bragantino. A quinta rodada do Campeonato Brasileiro foi inaugurada com gola\u00e7os e uma partida decidida aos 52 minutos\"},{\"@type\":\"WebSite\",\"@id\":\"https:\\\/\\\/redenoticiaz.com.br\\\/litoralsp\\\/#website\",\"url\":\"https:\\\/\\\/redenoticiaz.com.br\\\/litoralsp\\\/\",\"name\":\"Litoral SP\",\"description\":\"Rede NoticiaZ\",\"publisher\":{\"@id\":\"https:\\\/\\\/redenoticiaz.com.br\\\/litoralsp\\\/#organization\"},\"potentialAction\":[{\"@type\":\"SearchAction\",\"target\":{\"@type\":\"EntryPoint\",\"urlTemplate\":\"https:\\\/\\\/redenoticiaz.com.br\\\/litoralsp\\\/?s={search_term_string}\"},\"query-input\":{\"@type\":\"PropertyValueSpecification\",\"valueRequired\":true,\"valueName\":\"search_term_string\"}}],\"inLanguage\":\"pt-BR\"},{\"@type\":\"Organization\",\"@id\":\"https:\\\/\\\/redenoticiaz.com.br\\\/litoralsp\\\/#organization\",\"name\":\"Litoral SP\",\"url\":\"https:\\\/\\\/redenoticiaz.com.br\\\/litoralsp\\\/\",\"logo\":{\"@type\":\"ImageObject\",\"inLanguage\":\"pt-BR\",\"@id\":\"https:\\\/\\\/redenoticiaz.com.br\\\/litoralsp\\\/#\\\/schema\\\/logo\\\/image\\\/\",\"url\":\"https:\\\/\\\/redenoticiaz.com.br\\\/litoralsp\\\/wp-content\\\/uploads\\\/sites\\\/3\\\/2020\\\/11\\\/logo.jpg\",\"contentUrl\":\"https:\\\/\\\/redenoticiaz.com.br\\\/litoralsp\\\/wp-content\\\/uploads\\\/sites\\\/3\\\/2020\\\/11\\\/logo.jpg\",\"width\":400,\"height\":250,\"caption\":\"Litoral SP\"},\"image\":{\"@id\":\"https:\\\/\\\/redenoticiaz.com.br\\\/litoralsp\\\/#\\\/schema\\\/logo\\\/image\\\/\"}},{\"@type\":\"Person\",\"@id\":\"https:\\\/\\\/redenoticiaz.com.br\\\/litoralsp\\\/#\\\/schema\\\/person\\\/e1b0bd8c2637e2c1b6ddcbc2c33b116f\",\"name\":\"Patr\u00edcia Prado\",\"image\":{\"@type\":\"ImageObject\",\"inLanguage\":\"pt-BR\",\"@id\":\"https:\\\/\\\/secure.gravatar.com\\\/avatar\\\/92e358bef22cfcec15e054ae4d9fee04dadf0c772dc4a17b382b8a34a15354c2?s=96&d=mm&r=g\",\"url\":\"https:\\\/\\\/secure.gravatar.com\\\/avatar\\\/92e358bef22cfcec15e054ae4d9fee04dadf0c772dc4a17b382b8a34a15354c2?s=96&d=mm&r=g\",\"contentUrl\":\"https:\\\/\\\/secure.gravatar.com\\\/avatar\\\/92e358bef22cfcec15e054ae4d9fee04dadf0c772dc4a17b382b8a34a15354c2?s=96&d=mm&r=g\",\"caption\":\"Patr\u00edcia Prado\"},\"url\":\"https:\\\/\\\/redenoticiaz.com.br\\\/litoralsp\\\/author\\\/patricia-prado\"}]}<\/script>\n<!-- \/ Yoast SEO plugin. -->","yoast_head_json":{"title":"Flamengo trope\u00e7a no Bragantino que cria asas e dorme na ponta do Brasileir\u00e3o - Litoral SP","description":"E o Flamengo desfalcado trope\u00e7ou no Bragantino. A quinta rodada do Campeonato Brasileiro foi inaugurada com gola\u00e7os e uma partida decidida","robots":{"index":"index","follow":"follow","max-snippet":"max-snippet:-1","max-image-preview":"max-image-preview:large","max-video-preview":"max-video-preview:-1"},"canonical":"https:\/\/redenoticiaz.com.br\/litoralsp\/2021\/06\/20\/flamengo-tropeca-no-bragantino-que-cria-asas-e-dorme-na-ponta-do-brasileirao","og_locale":"pt_BR","og_type":"article","og_title":"Flamengo trope\u00e7a no Bragantino que cria asas e dorme na ponta do Brasileir\u00e3o - Litoral SP","og_description":"E o Flamengo desfalcado trope\u00e7ou no Bragantino. A quinta rodada do Campeonato Brasileiro foi inaugurada com gola\u00e7os e uma partida decidida","og_url":"https:\/\/redenoticiaz.com.br\/litoralsp\/2021\/06\/20\/flamengo-tropeca-no-bragantino-que-cria-asas-e-dorme-na-ponta-do-brasileirao","og_site_name":"Litoral SP","article_published_time":"2021-06-20T14:23:34+00:00","article_modified_time":"2021-06-20T14:29:29+00:00","og_image":[{"width":1170,"height":700,"url":"https:\/\/redenoticiaz.com.br\/litoralsp\/wp-content\/uploads\/sites\/3\/2021\/06\/bragantino.jpg","type":"image\/jpeg"}],"author":"Patr\u00edcia Prado","twitter_card":"summary_large_image","twitter_misc":{"Escrito por":"Patr\u00edcia Prado","Est. tempo de leitura":"3 minutos"},"schema":{"@context":"https:\/\/schema.org","@graph":[{"@type":"Article","@id":"https:\/\/redenoticiaz.com.br\/litoralsp\/2021\/06\/20\/flamengo-tropeca-no-bragantino-que-cria-asas-e-dorme-na-ponta-do-brasileirao#article","isPartOf":{"@id":"https:\/\/redenoticiaz.com.br\/litoralsp\/2021\/06\/20\/flamengo-tropeca-no-bragantino-que-cria-asas-e-dorme-na-ponta-do-brasileirao"},"author":{"name":"Patr\u00edcia Prado","@id":"https:\/\/redenoticiaz.com.br\/litoralsp\/#\/schema\/person\/e1b0bd8c2637e2c1b6ddcbc2c33b116f"},"headline":"Flamengo trope\u00e7a no Bragantino que cria asas e dorme na ponta do Brasileir\u00e3o","datePublished":"2021-06-20T14:23:34+00:00","dateModified":"2021-06-20T14:29:29+00:00","mainEntityOfPage":{"@id":"https:\/\/redenoticiaz.com.br\/litoralsp\/2021\/06\/20\/flamengo-tropeca-no-bragantino-que-cria-asas-e-dorme-na-ponta-do-brasileirao"},"wordCount":682,"commentCount":0,"publisher":{"@id":"https:\/\/redenoticiaz.com.br\/litoralsp\/#organization"},"image":{"@id":"https:\/\/redenoticiaz.com.br\/litoralsp\/2021\/06\/20\/flamengo-tropeca-no-bragantino-que-cria-asas-e-dorme-na-ponta-do-brasileirao#primaryimage"},"thumbnailUrl":"https:\/\/redenoticiaz.com.br\/litoralsp\/wp-content\/uploads\/sites\/3\/2021\/06\/bragantino.jpg","keywords":["BRAGANTINO VENCE FLAMENGO","FLAMENGO PERDE","RESULTADO JOGO FLAMENGO"],"articleSection":["Esporte"],"inLanguage":"pt-BR","potentialAction":[{"@type":"CommentAction","name":"Comment","target":["https:\/\/redenoticiaz.com.br\/litoralsp\/2021\/06\/20\/flamengo-tropeca-no-bragantino-que-cria-asas-e-dorme-na-ponta-do-brasileirao#respond"]}]},{"@type":"WebPage","@id":"https:\/\/redenoticiaz.com.br\/litoralsp\/2021\/06\/20\/flamengo-tropeca-no-bragantino-que-cria-asas-e-dorme-na-ponta-do-brasileirao","url":"https:\/\/redenoticiaz.com.br\/litoralsp\/2021\/06\/20\/flamengo-tropeca-no-bragantino-que-cria-asas-e-dorme-na-ponta-do-brasileirao","name":"Flamengo trope\u00e7a no Bragantino que cria asas e dorme na ponta do Brasileir\u00e3o - Litoral SP","isPartOf":{"@id":"https:\/\/redenoticiaz.com.br\/litoralsp\/#website"},"primaryImageOfPage":{"@id":"https:\/\/redenoticiaz.com.br\/litoralsp\/2021\/06\/20\/flamengo-tropeca-no-bragantino-que-cria-asas-e-dorme-na-ponta-do-brasileirao#primaryimage"},"image":{"@id":"https:\/\/redenoticiaz.com.br\/litoralsp\/2021\/06\/20\/flamengo-tropeca-no-bragantino-que-cria-asas-e-dorme-na-ponta-do-brasileirao#primaryimage"},"thumbnailUrl":"https:\/\/redenoticiaz.com.br\/litoralsp\/wp-content\/uploads\/sites\/3\/2021\/06\/bragantino.jpg","datePublished":"2021-06-20T14:23:34+00:00","dateModified":"2021-06-20T14:29:29+00:00","description":"E o Flamengo desfalcado trope\u00e7ou no Bragantino. A quinta rodada do Campeonato Brasileiro foi inaugurada com gola\u00e7os e uma partida decidida","inLanguage":"pt-BR","potentialAction":[{"@type":"ReadAction","target":["https:\/\/redenoticiaz.com.br\/litoralsp\/2021\/06\/20\/flamengo-tropeca-no-bragantino-que-cria-asas-e-dorme-na-ponta-do-brasileirao"]}]},{"@type":"ImageObject","inLanguage":"pt-BR","@id":"https:\/\/redenoticiaz.com.br\/litoralsp\/2021\/06\/20\/flamengo-tropeca-no-bragantino-que-cria-asas-e-dorme-na-ponta-do-brasileirao#primaryimage","url":"https:\/\/redenoticiaz.com.br\/litoralsp\/wp-content\/uploads\/sites\/3\/2021\/06\/bragantino.jpg","contentUrl":"https:\/\/redenoticiaz.com.br\/litoralsp\/wp-content\/uploads\/sites\/3\/2021\/06\/bragantino.jpg","width":1170,"height":700,"caption":"E o Flamengo desfalcado trope\u00e7ou no Bragantino. A quinta rodada do Campeonato Brasileiro foi inaugurada com gola\u00e7os e uma partida decidida aos 52 minutos"},{"@type":"WebSite","@id":"https:\/\/redenoticiaz.com.br\/litoralsp\/#website","url":"https:\/\/redenoticiaz.com.br\/litoralsp\/","name":"Litoral SP","description":"Rede NoticiaZ","publisher":{"@id":"https:\/\/redenoticiaz.com.br\/litoralsp\/#organization"},"potentialAction":[{"@type":"SearchAction","target":{"@type":"EntryPoint","urlTemplate":"https:\/\/redenoticiaz.com.br\/litoralsp\/?s={search_term_string}"},"query-input":{"@type":"PropertyValueSpecification","valueRequired":true,"valueName":"search_term_string"}}],"inLanguage":"pt-BR"},{"@type":"Organization","@id":"https:\/\/redenoticiaz.com.br\/litoralsp\/#organization","name":"Litoral SP","url":"https:\/\/redenoticiaz.com.br\/litoralsp\/","logo":{"@type":"ImageObject","inLanguage":"pt-BR","@id":"https:\/\/redenoticiaz.com.br\/litoralsp\/#\/schema\/logo\/image\/","url":"https:\/\/redenoticiaz.com.br\/litoralsp\/wp-content\/uploads\/sites\/3\/2020\/11\/logo.jpg","contentUrl":"https:\/\/redenoticiaz.com.br\/litoralsp\/wp-content\/uploads\/sites\/3\/2020\/11\/logo.jpg","width":400,"height":250,"caption":"Litoral SP"},"image":{"@id":"https:\/\/redenoticiaz.com.br\/litoralsp\/#\/schema\/logo\/image\/"}},{"@type":"Person","@id":"https:\/\/redenoticiaz.com.br\/litoralsp\/#\/schema\/person\/e1b0bd8c2637e2c1b6ddcbc2c33b116f","name":"Patr\u00edcia Prado","image":{"@type":"ImageObject","inLanguage":"pt-BR","@id":"https:\/\/secure.gravatar.com\/avatar\/92e358bef22cfcec15e054ae4d9fee04dadf0c772dc4a17b382b8a34a15354c2?s=96&d=mm&r=g","url":"https:\/\/secure.gravatar.com\/avatar\/92e358bef22cfcec15e054ae4d9fee04dadf0c772dc4a17b382b8a34a15354c2?s=96&d=mm&r=g","contentUrl":"https:\/\/secure.gravatar.com\/avatar\/92e358bef22cfcec15e054ae4d9fee04dadf0c772dc4a17b382b8a34a15354c2?s=96&d=mm&r=g","caption":"Patr\u00edcia Prado"},"url":"https:\/\/redenoticiaz.com.br\/litoralsp\/author\/patricia-prado"}]}},"_links":{"self":[{"href":"https:\/\/redenoticiaz.com.br\/litoralsp\/wp-json\/wp\/v2\/posts\/10332","targetHints":{"allow":["GET"]}}],"collection":[{"href":"https:\/\/redenoticiaz.com.br\/litoralsp\/wp-json\/wp\/v2\/posts"}],"about":[{"href":"https:\/\/redenoticiaz.com.br\/litoralsp\/wp-json\/wp\/v2\/types\/post"}],"author":[{"embeddable":true,"href":"https:\/\/redenoticiaz.com.br\/litoralsp\/wp-json\/wp\/v2\/users\/5"}],"replies":[{"embeddable":true,"href":"https:\/\/redenoticiaz.com.br\/litoralsp\/wp-json\/wp\/v2\/comments?post=10332"}],"version-history":[{"count":1,"href":"https:\/\/redenoticiaz.com.br\/litoralsp\/wp-json\/wp\/v2\/posts\/10332\/revisions"}],"predecessor-version":[{"id":10334,"href":"https:\/\/redenoticiaz.com.br\/litoralsp\/wp-json\/wp\/v2\/posts\/10332\/revisions\/10334"}],"wp:featuredmedia":[{"embeddable":true,"href":"https:\/\/redenoticiaz.com.br\/litoralsp\/wp-json\/wp\/v2\/media\/10333"}],"wp:attachment":[{"href":"https:\/\/redenoticiaz.com.br\/litoralsp\/wp-json\/wp\/v2\/media?parent=10332"}],"wp:term":[{"taxonomy":"category","embeddable":true,"href":"https:\/\/redenoticiaz.com.br\/litoralsp\/wp-json\/wp\/v2\/categories?post=10332"},{"taxonomy":"post_tag","embeddable":true,"href":"https:\/\/redenoticiaz.com.br\/litoralsp\/wp-json\/wp\/v2\/tags?post=10332"}],"curies":[{"name":"wp","href":"https:\/\/api.w.org\/{rel}","templated":true}]}}