{"id":103340,"date":"2023-03-30T09:38:07","date_gmt":"2023-03-30T12:38:07","guid":{"rendered":"https:\/\/redenoticiaz.com.br\/litoralsp\/?p=103340"},"modified":"2023-03-30T09:38:07","modified_gmt":"2023-03-30T12:38:07","slug":"procurador-que-espancou-chefe-vai-ser-internado-provisoriamente-determina-justica","status":"publish","type":"post","link":"https:\/\/redenoticiaz.com.br\/litoralsp\/2023\/03\/30\/procurador-que-espancou-chefe-vai-ser-internado-provisoriamente-determina-justica","title":{"rendered":"Procurador que espancou chefe vai ser internado provisoriamente, determina Justi\u00e7a"},"content":{"rendered":"<div id=\"chunk-anpfi\">\n<div class=\"mc-column content-text active-extra-styles \" data-block-type=\"unstyled\" data-block-weight=\"48\" data-block-id=\"3\"><\/div>\n<\/div>\n<div class=\"wall protected-content\">\n<div id=\"chunk-fqqpm\">\n<div class=\"mc-column content-text active-extra-styles \" data-block-type=\"unstyled\" data-block-weight=\"38\" data-block-id=\"5\">\n<div id=\"chunk-49fb7\">\n<div class=\"mc-column content-text active-extra-styles \" data-block-type=\"unstyled\" data-block-weight=\"46\" data-block-id=\"10\">\n<p>O procurador Dem\u00e9trius Oliveira de Macedo, de 35 anos, acusado de espancar a procuradora-geral Gabriela Samadello de Barros, de 39, durante expediente na Prefeitura de Registro, ser\u00e1 <strong>internado provisoriamente<\/strong>. A decis\u00e3o foi do juiz Raphael Ernane Neves e o acusado ter\u00e1 de permanecer em uma unidade hospitalar.<\/p>\n<p>Segundo o documento judicial, ficou reconhecido que Dem\u00e9trius est\u00e1 inimput\u00e1vel. Ou seja, \u00e9 incapaz de entender o car\u00e1ter il\u00edcito de um fato, a condi\u00e7\u00e3o de sa\u00fade mental. Ele foi diagnosticado com esquizofrenia paranoide, bem como a necessidade da manuten\u00e7\u00e3o da cautela processual.<\/p>\n<p>Um laudo do Instituto de Medicina Social e de Criminologia de S\u00e3o Paulo (Imesc) concluiu que o procurador apresenta quadro psiqui\u00e1trico compat\u00edvel com esquizofrenia paranoide. Um parecer elaborado pelo psiquiatra forense Guido Palomba j\u00e1 havia apontado o mesmo.<\/p>\n<p>Dessa forma, o juiz decidiu, no \u00faltimo dia 24, pelo encaminhamento do procurador \u00e0 interna\u00e7\u00e3o em uma unidade hospitalar sob a guarda do Estado, assim como foi requisitada e aprovada pelo Minist\u00e9rio P\u00fablico.<\/p>\n<p>Em nota, o advogado de Dem\u00e9trius, Marco Antonio Modesto, informou que o cliente foi transferido para a ala ambulatorial da Penitenci\u00e1ria Jos\u00e9 Aparecido Ribeiro, em Franco da Rocha, na Grande S\u00e3o Paulo, ap\u00f3s a decis\u00e3o do juiz Raphael Ernane Neves de mant\u00ea-lo em regime de interna\u00e7\u00e3o provis\u00f3ria, em unidade de cust\u00f3dia hospitalar, depois de atestada esquizofrenia paranoide no laudo pericial.<\/p>\n<p>&#8220;Trata-se de um transtorno mental cr\u00f4nico e incapacitante que requer acompanhamento, tratamento m\u00e9dico e manejo em ambiente hospitalar adequado. A necessidade de interna\u00e7\u00e3o psiqui\u00e1trica do Sr. Dem\u00e9trius j\u00e1 havia sido identificada e reportada em relat\u00f3rios m\u00e9dicos oficiais de outros psiquiatras do Estado e \u00e9 um direito de toda pessoa com transtorno desse tipo&#8221;, ressaltou.<\/p>\n<p>O advogado da procuradora Gabriela Samadello, Alberto Zacharias Toron, informou que Dem\u00e9trius j\u00e1 estava internado e, agora, o juiz homologou o laudo que o considera inimput\u00e1vel. Segundo ele, com essa decis\u00e3o, o procurador dever\u00e1 ficar internado pelo prazo m\u00ednimo de tr\u00eas anos.<\/p>\n<\/div>\n<\/div>\n<p data-track-category=\"Link no Texto\" data-track-links=\"\"><strong>LEIA TAMB\u00c9M<\/strong><\/p>\n<p data-track-category=\"Link no Texto\" data-track-links=\"\"><a href=\"https:\/\/redenoticiaz.com.br\/litoralsp\/2023\/03\/16\/laudo-revela-que-procurador-acusado-de-agredir-procuradora-chefe-tem-esquizofrenia\">Laudo revela que procurador acusado de agredir procuradora-chefe tem esquizofrenia<\/a><\/p>\n<\/div>\n<\/div>\n<\/div>\n","protected":false},"excerpt":{"rendered":"<p>O procurador Dem\u00e9trius Oliveira de Macedo, de 35 anos, acusado de espancar a procuradora-geral Gabriela Samadello de Barros, de 39, durante expediente na Prefeitura de Registro, ser\u00e1 internado provisoriamente. A decis\u00e3o foi do juiz Raphael Ernane Neves e o acusado ter\u00e1 de permanecer em uma unidade hospitalar. Segundo o documento judicial, ficou reconhecido que Dem\u00e9trius &hellip;<\/p>\n","protected":false},"author":6,"featured_media":95805,"comment_status":"open","ping_status":"closed","sticky":false,"template":"","format":"standard","meta":{"footnotes":""},"categories":[22,41091],"tags":[35081,64009,64307,63752,63753,6733],"class_list":["post-103340","post","type-post","status-publish","format-standard","has-post-thumbnail","hentry","category-justica","category-registro","tag-agressao-a-mulher","tag-esquizofrenia","tag-internacao-provisoria","tag-procurador","tag-procuradora-chefe","tag-registro"],"yoast_head":"<!-- This site is optimized with the Yoast SEO plugin v27.4 - https:\/\/yoast.com\/product\/yoast-seo-wordpress\/ -->\n<title>Procurador que espancou chefe vai ser internado provisoriamente, determina Justi\u00e7a - Litoral SP<\/title>\n<meta name=\"description\" content=\"Samadello de Barros, de 39, durante expediente na Prefeitura de Registro, ser\u00e1 internado provisoriamente. A decis\u00e3o foi do juiz\" \/>\n<meta name=\"robots\" content=\"index, follow, max-snippet:-1, max-image-preview:large, max-video-preview:-1\" \/>\n<link rel=\"canonical\" href=\"https:\/\/redenoticiaz.com.br\/litoralsp\/2023\/03\/30\/procurador-que-espancou-chefe-vai-ser-internado-provisoriamente-determina-justica\" \/>\n<meta property=\"og:locale\" content=\"pt_BR\" \/>\n<meta property=\"og:type\" content=\"article\" \/>\n<meta property=\"og:title\" content=\"Procurador que espancou chefe vai ser internado provisoriamente, determina Justi\u00e7a - Litoral SP\" \/>\n<meta property=\"og:description\" content=\"Samadello de Barros, de 39, durante expediente na Prefeitura de Registro, ser\u00e1 internado provisoriamente. A decis\u00e3o foi do juiz\" \/>\n<meta property=\"og:url\" content=\"https:\/\/redenoticiaz.com.br\/litoralsp\/2023\/03\/30\/procurador-que-espancou-chefe-vai-ser-internado-provisoriamente-determina-justica\" \/>\n<meta property=\"og:site_name\" content=\"Litoral SP\" \/>\n<meta property=\"article:published_time\" content=\"2023-03-30T12:38:07+00:00\" \/>\n<meta property=\"og:image\" content=\"https:\/\/redenoticiaz.com.br\/litoralsp\/wp-content\/uploads\/sites\/3\/2022\/11\/agressor-procuradora.jpg\" \/>\n\t<meta property=\"og:image:width\" content=\"984\" \/>\n\t<meta property=\"og:image:height\" content=\"490\" \/>\n\t<meta property=\"og:image:type\" content=\"image\/jpeg\" \/>\n<meta name=\"author\" content=\"Leonardo Francisco\" \/>\n<meta name=\"twitter:card\" content=\"summary_large_image\" \/>\n<meta name=\"twitter:label1\" content=\"Escrito por\" \/>\n\t<meta name=\"twitter:data1\" content=\"Leonardo Francisco\" \/>\n\t<meta name=\"twitter:label2\" content=\"Est. tempo de leitura\" \/>\n\t<meta name=\"twitter:data2\" content=\"2 minutos\" \/>\n<script type=\"application\/ld+json\" class=\"yoast-schema-graph\">{\"@context\":\"https:\\\/\\\/schema.org\",\"@graph\":[{\"@type\":\"Article\",\"@id\":\"https:\\\/\\\/redenoticiaz.com.br\\\/litoralsp\\\/2023\\\/03\\\/30\\\/procurador-que-espancou-chefe-vai-ser-internado-provisoriamente-determina-justica#article\",\"isPartOf\":{\"@id\":\"https:\\\/\\\/redenoticiaz.com.br\\\/litoralsp\\\/2023\\\/03\\\/30\\\/procurador-que-espancou-chefe-vai-ser-internado-provisoriamente-determina-justica\"},\"author\":{\"name\":\"Leonardo Francisco\",\"@id\":\"https:\\\/\\\/redenoticiaz.com.br\\\/litoralsp\\\/#\\\/schema\\\/person\\\/0f0b8a5bdafefe82841e07ae8d81ecb3\"},\"headline\":\"Procurador que espancou chefe vai ser internado provisoriamente, determina Justi\u00e7a\",\"datePublished\":\"2023-03-30T12:38:07+00:00\",\"mainEntityOfPage\":{\"@id\":\"https:\\\/\\\/redenoticiaz.com.br\\\/litoralsp\\\/2023\\\/03\\\/30\\\/procurador-que-espancou-chefe-vai-ser-internado-provisoriamente-determina-justica\"},\"wordCount\":370,\"commentCount\":0,\"publisher\":{\"@id\":\"https:\\\/\\\/redenoticiaz.com.br\\\/litoralsp\\\/#organization\"},\"image\":{\"@id\":\"https:\\\/\\\/redenoticiaz.com.br\\\/litoralsp\\\/2023\\\/03\\\/30\\\/procurador-que-espancou-chefe-vai-ser-internado-provisoriamente-determina-justica#primaryimage\"},\"thumbnailUrl\":\"https:\\\/\\\/redenoticiaz.com.br\\\/litoralsp\\\/wp-content\\\/uploads\\\/sites\\\/3\\\/2022\\\/11\\\/agressor-procuradora.jpg\",\"keywords\":[\"AGRESS\u00c3O A MULHER\",\"ESQUIZOFRENIA\",\"INTERNA\u00c7\u00c3O PROVIS\u00d3RIA\",\"procurador\",\"procuradora-chefe\",\"REGISTRO\"],\"articleSection\":[\"Justi\u00e7a\",\"Registro\"],\"inLanguage\":\"pt-BR\",\"potentialAction\":[{\"@type\":\"CommentAction\",\"name\":\"Comment\",\"target\":[\"https:\\\/\\\/redenoticiaz.com.br\\\/litoralsp\\\/2023\\\/03\\\/30\\\/procurador-que-espancou-chefe-vai-ser-internado-provisoriamente-determina-justica#respond\"]}]},{\"@type\":\"WebPage\",\"@id\":\"https:\\\/\\\/redenoticiaz.com.br\\\/litoralsp\\\/2023\\\/03\\\/30\\\/procurador-que-espancou-chefe-vai-ser-internado-provisoriamente-determina-justica\",\"url\":\"https:\\\/\\\/redenoticiaz.com.br\\\/litoralsp\\\/2023\\\/03\\\/30\\\/procurador-que-espancou-chefe-vai-ser-internado-provisoriamente-determina-justica\",\"name\":\"Procurador que espancou chefe vai ser internado provisoriamente, determina Justi\u00e7a - Litoral SP\",\"isPartOf\":{\"@id\":\"https:\\\/\\\/redenoticiaz.com.br\\\/litoralsp\\\/#website\"},\"primaryImageOfPage\":{\"@id\":\"https:\\\/\\\/redenoticiaz.com.br\\\/litoralsp\\\/2023\\\/03\\\/30\\\/procurador-que-espancou-chefe-vai-ser-internado-provisoriamente-determina-justica#primaryimage\"},\"image\":{\"@id\":\"https:\\\/\\\/redenoticiaz.com.br\\\/litoralsp\\\/2023\\\/03\\\/30\\\/procurador-que-espancou-chefe-vai-ser-internado-provisoriamente-determina-justica#primaryimage\"},\"thumbnailUrl\":\"https:\\\/\\\/redenoticiaz.com.br\\\/litoralsp\\\/wp-content\\\/uploads\\\/sites\\\/3\\\/2022\\\/11\\\/agressor-procuradora.jpg\",\"datePublished\":\"2023-03-30T12:38:07+00:00\",\"description\":\"Samadello de Barros, de 39, durante expediente na Prefeitura de Registro, ser\u00e1 internado provisoriamente. A decis\u00e3o foi do juiz\",\"inLanguage\":\"pt-BR\",\"potentialAction\":[{\"@type\":\"ReadAction\",\"target\":[\"https:\\\/\\\/redenoticiaz.com.br\\\/litoralsp\\\/2023\\\/03\\\/30\\\/procurador-que-espancou-chefe-vai-ser-internado-provisoriamente-determina-justica\"]}]},{\"@type\":\"ImageObject\",\"inLanguage\":\"pt-BR\",\"@id\":\"https:\\\/\\\/redenoticiaz.com.br\\\/litoralsp\\\/2023\\\/03\\\/30\\\/procurador-que-espancou-chefe-vai-ser-internado-provisoriamente-determina-justica#primaryimage\",\"url\":\"https:\\\/\\\/redenoticiaz.com.br\\\/litoralsp\\\/wp-content\\\/uploads\\\/sites\\\/3\\\/2022\\\/11\\\/agressor-procuradora.jpg\",\"contentUrl\":\"https:\\\/\\\/redenoticiaz.com.br\\\/litoralsp\\\/wp-content\\\/uploads\\\/sites\\\/3\\\/2022\\\/11\\\/agressor-procuradora.jpg\",\"width\":984,\"height\":490,\"caption\":\"Cr\u00e9ditos: Reprodu\u00e7\u00e3o\"},{\"@type\":\"WebSite\",\"@id\":\"https:\\\/\\\/redenoticiaz.com.br\\\/litoralsp\\\/#website\",\"url\":\"https:\\\/\\\/redenoticiaz.com.br\\\/litoralsp\\\/\",\"name\":\"Litoral SP\",\"description\":\"Rede NoticiaZ\",\"publisher\":{\"@id\":\"https:\\\/\\\/redenoticiaz.com.br\\\/litoralsp\\\/#organization\"},\"potentialAction\":[{\"@type\":\"SearchAction\",\"target\":{\"@type\":\"EntryPoint\",\"urlTemplate\":\"https:\\\/\\\/redenoticiaz.com.br\\\/litoralsp\\\/?s={search_term_string}\"},\"query-input\":{\"@type\":\"PropertyValueSpecification\",\"valueRequired\":true,\"valueName\":\"search_term_string\"}}],\"inLanguage\":\"pt-BR\"},{\"@type\":\"Organization\",\"@id\":\"https:\\\/\\\/redenoticiaz.com.br\\\/litoralsp\\\/#organization\",\"name\":\"Litoral SP\",\"url\":\"https:\\\/\\\/redenoticiaz.com.br\\\/litoralsp\\\/\",\"logo\":{\"@type\":\"ImageObject\",\"inLanguage\":\"pt-BR\",\"@id\":\"https:\\\/\\\/redenoticiaz.com.br\\\/litoralsp\\\/#\\\/schema\\\/logo\\\/image\\\/\",\"url\":\"https:\\\/\\\/redenoticiaz.com.br\\\/litoralsp\\\/wp-content\\\/uploads\\\/sites\\\/3\\\/2020\\\/11\\\/logo.jpg\",\"contentUrl\":\"https:\\\/\\\/redenoticiaz.com.br\\\/litoralsp\\\/wp-content\\\/uploads\\\/sites\\\/3\\\/2020\\\/11\\\/logo.jpg\",\"width\":400,\"height\":250,\"caption\":\"Litoral SP\"},\"image\":{\"@id\":\"https:\\\/\\\/redenoticiaz.com.br\\\/litoralsp\\\/#\\\/schema\\\/logo\\\/image\\\/\"}},{\"@type\":\"Person\",\"@id\":\"https:\\\/\\\/redenoticiaz.com.br\\\/litoralsp\\\/#\\\/schema\\\/person\\\/0f0b8a5bdafefe82841e07ae8d81ecb3\",\"name\":\"Leonardo Francisco\",\"image\":{\"@type\":\"ImageObject\",\"inLanguage\":\"pt-BR\",\"@id\":\"https:\\\/\\\/secure.gravatar.com\\\/avatar\\\/a7358cb406a99b682ec6df1e77e31ae82e63601f6784e8a3df411d72b37864da?s=96&d=mm&r=g\",\"url\":\"https:\\\/\\\/secure.gravatar.com\\\/avatar\\\/a7358cb406a99b682ec6df1e77e31ae82e63601f6784e8a3df411d72b37864da?s=96&d=mm&r=g\",\"contentUrl\":\"https:\\\/\\\/secure.gravatar.com\\\/avatar\\\/a7358cb406a99b682ec6df1e77e31ae82e63601f6784e8a3df411d72b37864da?s=96&d=mm&r=g\",\"caption\":\"Leonardo Francisco\"},\"url\":\"https:\\\/\\\/redenoticiaz.com.br\\\/litoralsp\\\/author\\\/leonardo-francisco\"}]}<\/script>\n<!-- \/ Yoast SEO plugin. -->","yoast_head_json":{"title":"Procurador que espancou chefe vai ser internado provisoriamente, determina Justi\u00e7a - Litoral SP","description":"Samadello de Barros, de 39, durante expediente na Prefeitura de Registro, ser\u00e1 internado provisoriamente. A decis\u00e3o foi do juiz","robots":{"index":"index","follow":"follow","max-snippet":"max-snippet:-1","max-image-preview":"max-image-preview:large","max-video-preview":"max-video-preview:-1"},"canonical":"https:\/\/redenoticiaz.com.br\/litoralsp\/2023\/03\/30\/procurador-que-espancou-chefe-vai-ser-internado-provisoriamente-determina-justica","og_locale":"pt_BR","og_type":"article","og_title":"Procurador que espancou chefe vai ser internado provisoriamente, determina Justi\u00e7a - Litoral SP","og_description":"Samadello de Barros, de 39, durante expediente na Prefeitura de Registro, ser\u00e1 internado provisoriamente. A decis\u00e3o foi do juiz","og_url":"https:\/\/redenoticiaz.com.br\/litoralsp\/2023\/03\/30\/procurador-que-espancou-chefe-vai-ser-internado-provisoriamente-determina-justica","og_site_name":"Litoral SP","article_published_time":"2023-03-30T12:38:07+00:00","og_image":[{"width":984,"height":490,"url":"https:\/\/redenoticiaz.com.br\/litoralsp\/wp-content\/uploads\/sites\/3\/2022\/11\/agressor-procuradora.jpg","type":"image\/jpeg"}],"author":"Leonardo Francisco","twitter_card":"summary_large_image","twitter_misc":{"Escrito por":"Leonardo Francisco","Est. tempo de leitura":"2 minutos"},"schema":{"@context":"https:\/\/schema.org","@graph":[{"@type":"Article","@id":"https:\/\/redenoticiaz.com.br\/litoralsp\/2023\/03\/30\/procurador-que-espancou-chefe-vai-ser-internado-provisoriamente-determina-justica#article","isPartOf":{"@id":"https:\/\/redenoticiaz.com.br\/litoralsp\/2023\/03\/30\/procurador-que-espancou-chefe-vai-ser-internado-provisoriamente-determina-justica"},"author":{"name":"Leonardo Francisco","@id":"https:\/\/redenoticiaz.com.br\/litoralsp\/#\/schema\/person\/0f0b8a5bdafefe82841e07ae8d81ecb3"},"headline":"Procurador que espancou chefe vai ser internado provisoriamente, determina Justi\u00e7a","datePublished":"2023-03-30T12:38:07+00:00","mainEntityOfPage":{"@id":"https:\/\/redenoticiaz.com.br\/litoralsp\/2023\/03\/30\/procurador-que-espancou-chefe-vai-ser-internado-provisoriamente-determina-justica"},"wordCount":370,"commentCount":0,"publisher":{"@id":"https:\/\/redenoticiaz.com.br\/litoralsp\/#organization"},"image":{"@id":"https:\/\/redenoticiaz.com.br\/litoralsp\/2023\/03\/30\/procurador-que-espancou-chefe-vai-ser-internado-provisoriamente-determina-justica#primaryimage"},"thumbnailUrl":"https:\/\/redenoticiaz.com.br\/litoralsp\/wp-content\/uploads\/sites\/3\/2022\/11\/agressor-procuradora.jpg","keywords":["AGRESS\u00c3O A MULHER","ESQUIZOFRENIA","INTERNA\u00c7\u00c3O PROVIS\u00d3RIA","procurador","procuradora-chefe","REGISTRO"],"articleSection":["Justi\u00e7a","Registro"],"inLanguage":"pt-BR","potentialAction":[{"@type":"CommentAction","name":"Comment","target":["https:\/\/redenoticiaz.com.br\/litoralsp\/2023\/03\/30\/procurador-que-espancou-chefe-vai-ser-internado-provisoriamente-determina-justica#respond"]}]},{"@type":"WebPage","@id":"https:\/\/redenoticiaz.com.br\/litoralsp\/2023\/03\/30\/procurador-que-espancou-chefe-vai-ser-internado-provisoriamente-determina-justica","url":"https:\/\/redenoticiaz.com.br\/litoralsp\/2023\/03\/30\/procurador-que-espancou-chefe-vai-ser-internado-provisoriamente-determina-justica","name":"Procurador que espancou chefe vai ser internado provisoriamente, determina Justi\u00e7a - Litoral SP","isPartOf":{"@id":"https:\/\/redenoticiaz.com.br\/litoralsp\/#website"},"primaryImageOfPage":{"@id":"https:\/\/redenoticiaz.com.br\/litoralsp\/2023\/03\/30\/procurador-que-espancou-chefe-vai-ser-internado-provisoriamente-determina-justica#primaryimage"},"image":{"@id":"https:\/\/redenoticiaz.com.br\/litoralsp\/2023\/03\/30\/procurador-que-espancou-chefe-vai-ser-internado-provisoriamente-determina-justica#primaryimage"},"thumbnailUrl":"https:\/\/redenoticiaz.com.br\/litoralsp\/wp-content\/uploads\/sites\/3\/2022\/11\/agressor-procuradora.jpg","datePublished":"2023-03-30T12:38:07+00:00","description":"Samadello de Barros, de 39, durante expediente na Prefeitura de Registro, ser\u00e1 internado provisoriamente. A decis\u00e3o foi do juiz","inLanguage":"pt-BR","potentialAction":[{"@type":"ReadAction","target":["https:\/\/redenoticiaz.com.br\/litoralsp\/2023\/03\/30\/procurador-que-espancou-chefe-vai-ser-internado-provisoriamente-determina-justica"]}]},{"@type":"ImageObject","inLanguage":"pt-BR","@id":"https:\/\/redenoticiaz.com.br\/litoralsp\/2023\/03\/30\/procurador-que-espancou-chefe-vai-ser-internado-provisoriamente-determina-justica#primaryimage","url":"https:\/\/redenoticiaz.com.br\/litoralsp\/wp-content\/uploads\/sites\/3\/2022\/11\/agressor-procuradora.jpg","contentUrl":"https:\/\/redenoticiaz.com.br\/litoralsp\/wp-content\/uploads\/sites\/3\/2022\/11\/agressor-procuradora.jpg","width":984,"height":490,"caption":"Cr\u00e9ditos: Reprodu\u00e7\u00e3o"},{"@type":"WebSite","@id":"https:\/\/redenoticiaz.com.br\/litoralsp\/#website","url":"https:\/\/redenoticiaz.com.br\/litoralsp\/","name":"Litoral SP","description":"Rede NoticiaZ","publisher":{"@id":"https:\/\/redenoticiaz.com.br\/litoralsp\/#organization"},"potentialAction":[{"@type":"SearchAction","target":{"@type":"EntryPoint","urlTemplate":"https:\/\/redenoticiaz.com.br\/litoralsp\/?s={search_term_string}"},"query-input":{"@type":"PropertyValueSpecification","valueRequired":true,"valueName":"search_term_string"}}],"inLanguage":"pt-BR"},{"@type":"Organization","@id":"https:\/\/redenoticiaz.com.br\/litoralsp\/#organization","name":"Litoral SP","url":"https:\/\/redenoticiaz.com.br\/litoralsp\/","logo":{"@type":"ImageObject","inLanguage":"pt-BR","@id":"https:\/\/redenoticiaz.com.br\/litoralsp\/#\/schema\/logo\/image\/","url":"https:\/\/redenoticiaz.com.br\/litoralsp\/wp-content\/uploads\/sites\/3\/2020\/11\/logo.jpg","contentUrl":"https:\/\/redenoticiaz.com.br\/litoralsp\/wp-content\/uploads\/sites\/3\/2020\/11\/logo.jpg","width":400,"height":250,"caption":"Litoral SP"},"image":{"@id":"https:\/\/redenoticiaz.com.br\/litoralsp\/#\/schema\/logo\/image\/"}},{"@type":"Person","@id":"https:\/\/redenoticiaz.com.br\/litoralsp\/#\/schema\/person\/0f0b8a5bdafefe82841e07ae8d81ecb3","name":"Leonardo Francisco","image":{"@type":"ImageObject","inLanguage":"pt-BR","@id":"https:\/\/secure.gravatar.com\/avatar\/a7358cb406a99b682ec6df1e77e31ae82e63601f6784e8a3df411d72b37864da?s=96&d=mm&r=g","url":"https:\/\/secure.gravatar.com\/avatar\/a7358cb406a99b682ec6df1e77e31ae82e63601f6784e8a3df411d72b37864da?s=96&d=mm&r=g","contentUrl":"https:\/\/secure.gravatar.com\/avatar\/a7358cb406a99b682ec6df1e77e31ae82e63601f6784e8a3df411d72b37864da?s=96&d=mm&r=g","caption":"Leonardo Francisco"},"url":"https:\/\/redenoticiaz.com.br\/litoralsp\/author\/leonardo-francisco"}]}},"_links":{"self":[{"href":"https:\/\/redenoticiaz.com.br\/litoralsp\/wp-json\/wp\/v2\/posts\/103340","targetHints":{"allow":["GET"]}}],"collection":[{"href":"https:\/\/redenoticiaz.com.br\/litoralsp\/wp-json\/wp\/v2\/posts"}],"about":[{"href":"https:\/\/redenoticiaz.com.br\/litoralsp\/wp-json\/wp\/v2\/types\/post"}],"author":[{"embeddable":true,"href":"https:\/\/redenoticiaz.com.br\/litoralsp\/wp-json\/wp\/v2\/users\/6"}],"replies":[{"embeddable":true,"href":"https:\/\/redenoticiaz.com.br\/litoralsp\/wp-json\/wp\/v2\/comments?post=103340"}],"version-history":[{"count":1,"href":"https:\/\/redenoticiaz.com.br\/litoralsp\/wp-json\/wp\/v2\/posts\/103340\/revisions"}],"predecessor-version":[{"id":103341,"href":"https:\/\/redenoticiaz.com.br\/litoralsp\/wp-json\/wp\/v2\/posts\/103340\/revisions\/103341"}],"wp:featuredmedia":[{"embeddable":true,"href":"https:\/\/redenoticiaz.com.br\/litoralsp\/wp-json\/wp\/v2\/media\/95805"}],"wp:attachment":[{"href":"https:\/\/redenoticiaz.com.br\/litoralsp\/wp-json\/wp\/v2\/media?parent=103340"}],"wp:term":[{"taxonomy":"category","embeddable":true,"href":"https:\/\/redenoticiaz.com.br\/litoralsp\/wp-json\/wp\/v2\/categories?post=103340"},{"taxonomy":"post_tag","embeddable":true,"href":"https:\/\/redenoticiaz.com.br\/litoralsp\/wp-json\/wp\/v2\/tags?post=103340"}],"curies":[{"name":"wp","href":"https:\/\/api.w.org\/{rel}","templated":true}]}}