{"id":103375,"date":"2023-03-30T16:01:09","date_gmt":"2023-03-30T19:01:09","guid":{"rendered":"https:\/\/redenoticiaz.com.br\/litoralsp\/?p=103375"},"modified":"2023-03-30T16:01:09","modified_gmt":"2023-03-30T19:01:09","slug":"dono-de-loja-de-aparelho-eletronico-e-preso-pelo-crime-de-receptacao","status":"publish","type":"post","link":"https:\/\/redenoticiaz.com.br\/litoralsp\/2023\/03\/30\/dono-de-loja-de-aparelho-eletronico-e-preso-pelo-crime-de-receptacao","title":{"rendered":"Dono de loja de aparelho eletr\u00f4nico \u00e9 preso pelo crime de recepta\u00e7\u00e3o"},"content":{"rendered":"<p>O dono de uma loja de aparelho eletr\u00f4nico foi preso por policiais do 7\u00ba Distrito Policial de Santos crime de recepta\u00e7\u00e3o em Santos nesta quarta-feira (29).<\/p>\n<p>A loja do qual ele \u00e9 dono, localizada na Rua Pereira Barreto, no bairro Gonzaga estava vendendo um celular roubado, avaliado em R$ 11.500,00.<\/p>\n<p>Ainda de acordo com as informa\u00e7\u00f5es, o aparelho estava sendo rastreado e foi localizado nas proximidades de uma loja de comercializa\u00e7\u00e3o de aparelhos celulares, inclusive usados.<\/p>\n<p>Sendo assim, as autoridades foram at\u00e9 o local e o propriet\u00e1rio da loja afirmou ter recebido o aparelho para &#8220;reset\u00e1-lo&#8221;. Ele n\u00e3o informou quem deixou o aparelho no local.<\/p>\n<p>Por fim, o\u00a0aparelho subtra\u00eddo foi encontrado dentro do banheiro do estabelecimento, separado dos demais telefones que ali existiam.<\/p>\n<p>Diante dos fatos, foi dada voz de pris\u00e3o ao indiv\u00edduo por recepta\u00e7\u00e3o qualificada.<\/p>\n<p><strong>Leia mais<\/strong><\/p>\n<p><a href=\"https:\/\/redenoticiaz.com.br\/litoralsp\/2023\/03\/29\/empresa-e-multada-por-descarte-irregular-na-rede-de-esgoto-em-santos\">Empresa \u00e9 multada por descarte irregular na rede de esgoto em Santos<\/a><\/p>\n","protected":false},"excerpt":{"rendered":"<p>O dono de uma loja de aparelho eletr\u00f4nico foi preso por policiais do 7\u00ba Distrito Policial de Santos crime de recepta\u00e7\u00e3o em Santos nesta quarta-feira (29). A loja do qual ele \u00e9 dono, localizada na Rua Pereira Barreto, no bairro Gonzaga estava vendendo um celular roubado, avaliado em R$ 11.500,00. Ainda de acordo com as &hellip;<\/p>\n","protected":false},"author":12,"featured_media":103378,"comment_status":"open","ping_status":"closed","sticky":false,"template":"","format":"standard","meta":{"footnotes":""},"categories":[180],"tags":[9873,9470,64324,23143],"class_list":["post-103375","post","type-post","status-publish","format-standard","has-post-thumbnail","hentry","category-santos","tag-celular","tag-gonzaga","tag-loja-de-celulares","tag-policia-2"],"yoast_head":"<!-- This site is optimized with the Yoast SEO plugin v27.4 - https:\/\/yoast.com\/product\/yoast-seo-wordpress\/ -->\n<title>Dono de loja de aparelho eletr\u00f4nico \u00e9 preso pelo crime de recepta\u00e7\u00e3o - Litoral SP<\/title>\n<meta name=\"description\" content=\"O dono de uma loja de aparelho eletr\u00f4nico foi preso por policiais do 7\u00ba Distrito Policial de Santos crime de recepta\u00e7\u00e3o em Santos nesta quarta-feira (29).\" \/>\n<meta name=\"robots\" content=\"index, follow, max-snippet:-1, max-image-preview:large, max-video-preview:-1\" \/>\n<link rel=\"canonical\" href=\"https:\/\/redenoticiaz.com.br\/litoralsp\/2023\/03\/30\/dono-de-loja-de-aparelho-eletronico-e-preso-pelo-crime-de-receptacao\" \/>\n<meta property=\"og:locale\" content=\"pt_BR\" \/>\n<meta property=\"og:type\" content=\"article\" \/>\n<meta property=\"og:title\" content=\"Dono de loja de aparelho eletr\u00f4nico \u00e9 preso pelo crime de recepta\u00e7\u00e3o - Litoral SP\" \/>\n<meta property=\"og:description\" content=\"O dono de uma loja de aparelho eletr\u00f4nico foi preso por policiais do 7\u00ba Distrito Policial de Santos crime de recepta\u00e7\u00e3o em Santos nesta quarta-feira (29).\" \/>\n<meta property=\"og:url\" content=\"https:\/\/redenoticiaz.com.br\/litoralsp\/2023\/03\/30\/dono-de-loja-de-aparelho-eletronico-e-preso-pelo-crime-de-receptacao\" \/>\n<meta property=\"og:site_name\" content=\"Litoral SP\" \/>\n<meta property=\"article:published_time\" content=\"2023-03-30T19:01:09+00:00\" \/>\n<meta property=\"og:image\" content=\"https:\/\/redenoticiaz.com.br\/litoralsp\/wp-content\/uploads\/sites\/3\/2023\/03\/WhatsApp-Image-2023-03-30-at-15.43.31.jpeg\" \/>\n\t<meta property=\"og:image:width\" content=\"791\" \/>\n\t<meta property=\"og:image:height\" content=\"1080\" \/>\n\t<meta property=\"og:image:type\" content=\"image\/jpeg\" \/>\n<meta name=\"author\" content=\"Gustavo Silva\" \/>\n<meta name=\"twitter:card\" content=\"summary_large_image\" \/>\n<meta name=\"twitter:label1\" content=\"Escrito por\" \/>\n\t<meta name=\"twitter:data1\" content=\"Gustavo Silva\" \/>\n\t<meta name=\"twitter:label2\" content=\"Est. tempo de leitura\" \/>\n\t<meta name=\"twitter:data2\" content=\"1 minuto\" \/>\n<script type=\"application\/ld+json\" class=\"yoast-schema-graph\">{\"@context\":\"https:\\\/\\\/schema.org\",\"@graph\":[{\"@type\":\"Article\",\"@id\":\"https:\\\/\\\/redenoticiaz.com.br\\\/litoralsp\\\/2023\\\/03\\\/30\\\/dono-de-loja-de-aparelho-eletronico-e-preso-pelo-crime-de-receptacao#article\",\"isPartOf\":{\"@id\":\"https:\\\/\\\/redenoticiaz.com.br\\\/litoralsp\\\/2023\\\/03\\\/30\\\/dono-de-loja-de-aparelho-eletronico-e-preso-pelo-crime-de-receptacao\"},\"author\":{\"name\":\"Gustavo Silva\",\"@id\":\"https:\\\/\\\/redenoticiaz.com.br\\\/litoralsp\\\/#\\\/schema\\\/person\\\/16057b37a3c0ee6b096d7f887c566e2e\"},\"headline\":\"Dono de loja de aparelho eletr\u00f4nico \u00e9 preso pelo crime de recepta\u00e7\u00e3o\",\"datePublished\":\"2023-03-30T19:01:09+00:00\",\"mainEntityOfPage\":{\"@id\":\"https:\\\/\\\/redenoticiaz.com.br\\\/litoralsp\\\/2023\\\/03\\\/30\\\/dono-de-loja-de-aparelho-eletronico-e-preso-pelo-crime-de-receptacao\"},\"wordCount\":170,\"commentCount\":0,\"publisher\":{\"@id\":\"https:\\\/\\\/redenoticiaz.com.br\\\/litoralsp\\\/#organization\"},\"image\":{\"@id\":\"https:\\\/\\\/redenoticiaz.com.br\\\/litoralsp\\\/2023\\\/03\\\/30\\\/dono-de-loja-de-aparelho-eletronico-e-preso-pelo-crime-de-receptacao#primaryimage\"},\"thumbnailUrl\":\"https:\\\/\\\/redenoticiaz.com.br\\\/litoralsp\\\/wp-content\\\/uploads\\\/sites\\\/3\\\/2023\\\/03\\\/WhatsApp-Image-2023-03-30-at-15.43.31.jpeg\",\"keywords\":[\"CELULAR\",\"GONZAGA\",\"loja de celulares\",\"POL\u00cdCIA\"],\"articleSection\":[\"Santos\"],\"inLanguage\":\"pt-BR\",\"potentialAction\":[{\"@type\":\"CommentAction\",\"name\":\"Comment\",\"target\":[\"https:\\\/\\\/redenoticiaz.com.br\\\/litoralsp\\\/2023\\\/03\\\/30\\\/dono-de-loja-de-aparelho-eletronico-e-preso-pelo-crime-de-receptacao#respond\"]}]},{\"@type\":\"WebPage\",\"@id\":\"https:\\\/\\\/redenoticiaz.com.br\\\/litoralsp\\\/2023\\\/03\\\/30\\\/dono-de-loja-de-aparelho-eletronico-e-preso-pelo-crime-de-receptacao\",\"url\":\"https:\\\/\\\/redenoticiaz.com.br\\\/litoralsp\\\/2023\\\/03\\\/30\\\/dono-de-loja-de-aparelho-eletronico-e-preso-pelo-crime-de-receptacao\",\"name\":\"Dono de loja de aparelho eletr\u00f4nico \u00e9 preso pelo crime de recepta\u00e7\u00e3o - Litoral SP\",\"isPartOf\":{\"@id\":\"https:\\\/\\\/redenoticiaz.com.br\\\/litoralsp\\\/#website\"},\"primaryImageOfPage\":{\"@id\":\"https:\\\/\\\/redenoticiaz.com.br\\\/litoralsp\\\/2023\\\/03\\\/30\\\/dono-de-loja-de-aparelho-eletronico-e-preso-pelo-crime-de-receptacao#primaryimage\"},\"image\":{\"@id\":\"https:\\\/\\\/redenoticiaz.com.br\\\/litoralsp\\\/2023\\\/03\\\/30\\\/dono-de-loja-de-aparelho-eletronico-e-preso-pelo-crime-de-receptacao#primaryimage\"},\"thumbnailUrl\":\"https:\\\/\\\/redenoticiaz.com.br\\\/litoralsp\\\/wp-content\\\/uploads\\\/sites\\\/3\\\/2023\\\/03\\\/WhatsApp-Image-2023-03-30-at-15.43.31.jpeg\",\"datePublished\":\"2023-03-30T19:01:09+00:00\",\"description\":\"O dono de uma loja de aparelho eletr\u00f4nico foi preso por policiais do 7\u00ba Distrito Policial de Santos crime de recepta\u00e7\u00e3o em Santos nesta quarta-feira (29).\",\"inLanguage\":\"pt-BR\",\"potentialAction\":[{\"@type\":\"ReadAction\",\"target\":[\"https:\\\/\\\/redenoticiaz.com.br\\\/litoralsp\\\/2023\\\/03\\\/30\\\/dono-de-loja-de-aparelho-eletronico-e-preso-pelo-crime-de-receptacao\"]}]},{\"@type\":\"ImageObject\",\"inLanguage\":\"pt-BR\",\"@id\":\"https:\\\/\\\/redenoticiaz.com.br\\\/litoralsp\\\/2023\\\/03\\\/30\\\/dono-de-loja-de-aparelho-eletronico-e-preso-pelo-crime-de-receptacao#primaryimage\",\"url\":\"https:\\\/\\\/redenoticiaz.com.br\\\/litoralsp\\\/wp-content\\\/uploads\\\/sites\\\/3\\\/2023\\\/03\\\/WhatsApp-Image-2023-03-30-at-15.43.31.jpeg\",\"contentUrl\":\"https:\\\/\\\/redenoticiaz.com.br\\\/litoralsp\\\/wp-content\\\/uploads\\\/sites\\\/3\\\/2023\\\/03\\\/WhatsApp-Image-2023-03-30-at-15.43.31.jpeg\",\"width\":791,\"height\":1080,\"caption\":\"Dono de loja de aparelho eletr\u00f4nico \u00e9 preso pelo crime de recepta\u00e7\u00e3o\"},{\"@type\":\"WebSite\",\"@id\":\"https:\\\/\\\/redenoticiaz.com.br\\\/litoralsp\\\/#website\",\"url\":\"https:\\\/\\\/redenoticiaz.com.br\\\/litoralsp\\\/\",\"name\":\"Litoral SP\",\"description\":\"Rede NoticiaZ\",\"publisher\":{\"@id\":\"https:\\\/\\\/redenoticiaz.com.br\\\/litoralsp\\\/#organization\"},\"potentialAction\":[{\"@type\":\"SearchAction\",\"target\":{\"@type\":\"EntryPoint\",\"urlTemplate\":\"https:\\\/\\\/redenoticiaz.com.br\\\/litoralsp\\\/?s={search_term_string}\"},\"query-input\":{\"@type\":\"PropertyValueSpecification\",\"valueRequired\":true,\"valueName\":\"search_term_string\"}}],\"inLanguage\":\"pt-BR\"},{\"@type\":\"Organization\",\"@id\":\"https:\\\/\\\/redenoticiaz.com.br\\\/litoralsp\\\/#organization\",\"name\":\"Litoral SP\",\"url\":\"https:\\\/\\\/redenoticiaz.com.br\\\/litoralsp\\\/\",\"logo\":{\"@type\":\"ImageObject\",\"inLanguage\":\"pt-BR\",\"@id\":\"https:\\\/\\\/redenoticiaz.com.br\\\/litoralsp\\\/#\\\/schema\\\/logo\\\/image\\\/\",\"url\":\"https:\\\/\\\/redenoticiaz.com.br\\\/litoralsp\\\/wp-content\\\/uploads\\\/sites\\\/3\\\/2020\\\/11\\\/logo.jpg\",\"contentUrl\":\"https:\\\/\\\/redenoticiaz.com.br\\\/litoralsp\\\/wp-content\\\/uploads\\\/sites\\\/3\\\/2020\\\/11\\\/logo.jpg\",\"width\":400,\"height\":250,\"caption\":\"Litoral SP\"},\"image\":{\"@id\":\"https:\\\/\\\/redenoticiaz.com.br\\\/litoralsp\\\/#\\\/schema\\\/logo\\\/image\\\/\"}},{\"@type\":\"Person\",\"@id\":\"https:\\\/\\\/redenoticiaz.com.br\\\/litoralsp\\\/#\\\/schema\\\/person\\\/16057b37a3c0ee6b096d7f887c566e2e\",\"name\":\"Gustavo Silva\",\"image\":{\"@type\":\"ImageObject\",\"inLanguage\":\"pt-BR\",\"@id\":\"https:\\\/\\\/secure.gravatar.com\\\/avatar\\\/3ee4e82f93b26de0a7cf4ea5eb7893da637ed6bb0c9170c58065944c56e28a33?s=96&d=mm&r=g\",\"url\":\"https:\\\/\\\/secure.gravatar.com\\\/avatar\\\/3ee4e82f93b26de0a7cf4ea5eb7893da637ed6bb0c9170c58065944c56e28a33?s=96&d=mm&r=g\",\"contentUrl\":\"https:\\\/\\\/secure.gravatar.com\\\/avatar\\\/3ee4e82f93b26de0a7cf4ea5eb7893da637ed6bb0c9170c58065944c56e28a33?s=96&d=mm&r=g\",\"caption\":\"Gustavo Silva\"},\"url\":\"https:\\\/\\\/redenoticiaz.com.br\\\/litoralsp\\\/author\\\/gustavosilva\"}]}<\/script>\n<!-- \/ Yoast SEO plugin. -->","yoast_head_json":{"title":"Dono de loja de aparelho eletr\u00f4nico \u00e9 preso pelo crime de recepta\u00e7\u00e3o - Litoral SP","description":"O dono de uma loja de aparelho eletr\u00f4nico foi preso por policiais do 7\u00ba Distrito Policial de Santos crime de recepta\u00e7\u00e3o em Santos nesta quarta-feira (29).","robots":{"index":"index","follow":"follow","max-snippet":"max-snippet:-1","max-image-preview":"max-image-preview:large","max-video-preview":"max-video-preview:-1"},"canonical":"https:\/\/redenoticiaz.com.br\/litoralsp\/2023\/03\/30\/dono-de-loja-de-aparelho-eletronico-e-preso-pelo-crime-de-receptacao","og_locale":"pt_BR","og_type":"article","og_title":"Dono de loja de aparelho eletr\u00f4nico \u00e9 preso pelo crime de recepta\u00e7\u00e3o - Litoral SP","og_description":"O dono de uma loja de aparelho eletr\u00f4nico foi preso por policiais do 7\u00ba Distrito Policial de Santos crime de recepta\u00e7\u00e3o em Santos nesta quarta-feira (29).","og_url":"https:\/\/redenoticiaz.com.br\/litoralsp\/2023\/03\/30\/dono-de-loja-de-aparelho-eletronico-e-preso-pelo-crime-de-receptacao","og_site_name":"Litoral SP","article_published_time":"2023-03-30T19:01:09+00:00","og_image":[{"width":791,"height":1080,"url":"https:\/\/redenoticiaz.com.br\/litoralsp\/wp-content\/uploads\/sites\/3\/2023\/03\/WhatsApp-Image-2023-03-30-at-15.43.31.jpeg","type":"image\/jpeg"}],"author":"Gustavo Silva","twitter_card":"summary_large_image","twitter_misc":{"Escrito por":"Gustavo Silva","Est. tempo de leitura":"1 minuto"},"schema":{"@context":"https:\/\/schema.org","@graph":[{"@type":"Article","@id":"https:\/\/redenoticiaz.com.br\/litoralsp\/2023\/03\/30\/dono-de-loja-de-aparelho-eletronico-e-preso-pelo-crime-de-receptacao#article","isPartOf":{"@id":"https:\/\/redenoticiaz.com.br\/litoralsp\/2023\/03\/30\/dono-de-loja-de-aparelho-eletronico-e-preso-pelo-crime-de-receptacao"},"author":{"name":"Gustavo Silva","@id":"https:\/\/redenoticiaz.com.br\/litoralsp\/#\/schema\/person\/16057b37a3c0ee6b096d7f887c566e2e"},"headline":"Dono de loja de aparelho eletr\u00f4nico \u00e9 preso pelo crime de recepta\u00e7\u00e3o","datePublished":"2023-03-30T19:01:09+00:00","mainEntityOfPage":{"@id":"https:\/\/redenoticiaz.com.br\/litoralsp\/2023\/03\/30\/dono-de-loja-de-aparelho-eletronico-e-preso-pelo-crime-de-receptacao"},"wordCount":170,"commentCount":0,"publisher":{"@id":"https:\/\/redenoticiaz.com.br\/litoralsp\/#organization"},"image":{"@id":"https:\/\/redenoticiaz.com.br\/litoralsp\/2023\/03\/30\/dono-de-loja-de-aparelho-eletronico-e-preso-pelo-crime-de-receptacao#primaryimage"},"thumbnailUrl":"https:\/\/redenoticiaz.com.br\/litoralsp\/wp-content\/uploads\/sites\/3\/2023\/03\/WhatsApp-Image-2023-03-30-at-15.43.31.jpeg","keywords":["CELULAR","GONZAGA","loja de celulares","POL\u00cdCIA"],"articleSection":["Santos"],"inLanguage":"pt-BR","potentialAction":[{"@type":"CommentAction","name":"Comment","target":["https:\/\/redenoticiaz.com.br\/litoralsp\/2023\/03\/30\/dono-de-loja-de-aparelho-eletronico-e-preso-pelo-crime-de-receptacao#respond"]}]},{"@type":"WebPage","@id":"https:\/\/redenoticiaz.com.br\/litoralsp\/2023\/03\/30\/dono-de-loja-de-aparelho-eletronico-e-preso-pelo-crime-de-receptacao","url":"https:\/\/redenoticiaz.com.br\/litoralsp\/2023\/03\/30\/dono-de-loja-de-aparelho-eletronico-e-preso-pelo-crime-de-receptacao","name":"Dono de loja de aparelho eletr\u00f4nico \u00e9 preso pelo crime de recepta\u00e7\u00e3o - Litoral SP","isPartOf":{"@id":"https:\/\/redenoticiaz.com.br\/litoralsp\/#website"},"primaryImageOfPage":{"@id":"https:\/\/redenoticiaz.com.br\/litoralsp\/2023\/03\/30\/dono-de-loja-de-aparelho-eletronico-e-preso-pelo-crime-de-receptacao#primaryimage"},"image":{"@id":"https:\/\/redenoticiaz.com.br\/litoralsp\/2023\/03\/30\/dono-de-loja-de-aparelho-eletronico-e-preso-pelo-crime-de-receptacao#primaryimage"},"thumbnailUrl":"https:\/\/redenoticiaz.com.br\/litoralsp\/wp-content\/uploads\/sites\/3\/2023\/03\/WhatsApp-Image-2023-03-30-at-15.43.31.jpeg","datePublished":"2023-03-30T19:01:09+00:00","description":"O dono de uma loja de aparelho eletr\u00f4nico foi preso por policiais do 7\u00ba Distrito Policial de Santos crime de recepta\u00e7\u00e3o em Santos nesta quarta-feira (29).","inLanguage":"pt-BR","potentialAction":[{"@type":"ReadAction","target":["https:\/\/redenoticiaz.com.br\/litoralsp\/2023\/03\/30\/dono-de-loja-de-aparelho-eletronico-e-preso-pelo-crime-de-receptacao"]}]},{"@type":"ImageObject","inLanguage":"pt-BR","@id":"https:\/\/redenoticiaz.com.br\/litoralsp\/2023\/03\/30\/dono-de-loja-de-aparelho-eletronico-e-preso-pelo-crime-de-receptacao#primaryimage","url":"https:\/\/redenoticiaz.com.br\/litoralsp\/wp-content\/uploads\/sites\/3\/2023\/03\/WhatsApp-Image-2023-03-30-at-15.43.31.jpeg","contentUrl":"https:\/\/redenoticiaz.com.br\/litoralsp\/wp-content\/uploads\/sites\/3\/2023\/03\/WhatsApp-Image-2023-03-30-at-15.43.31.jpeg","width":791,"height":1080,"caption":"Dono de loja de aparelho eletr\u00f4nico \u00e9 preso pelo crime de recepta\u00e7\u00e3o"},{"@type":"WebSite","@id":"https:\/\/redenoticiaz.com.br\/litoralsp\/#website","url":"https:\/\/redenoticiaz.com.br\/litoralsp\/","name":"Litoral SP","description":"Rede NoticiaZ","publisher":{"@id":"https:\/\/redenoticiaz.com.br\/litoralsp\/#organization"},"potentialAction":[{"@type":"SearchAction","target":{"@type":"EntryPoint","urlTemplate":"https:\/\/redenoticiaz.com.br\/litoralsp\/?s={search_term_string}"},"query-input":{"@type":"PropertyValueSpecification","valueRequired":true,"valueName":"search_term_string"}}],"inLanguage":"pt-BR"},{"@type":"Organization","@id":"https:\/\/redenoticiaz.com.br\/litoralsp\/#organization","name":"Litoral SP","url":"https:\/\/redenoticiaz.com.br\/litoralsp\/","logo":{"@type":"ImageObject","inLanguage":"pt-BR","@id":"https:\/\/redenoticiaz.com.br\/litoralsp\/#\/schema\/logo\/image\/","url":"https:\/\/redenoticiaz.com.br\/litoralsp\/wp-content\/uploads\/sites\/3\/2020\/11\/logo.jpg","contentUrl":"https:\/\/redenoticiaz.com.br\/litoralsp\/wp-content\/uploads\/sites\/3\/2020\/11\/logo.jpg","width":400,"height":250,"caption":"Litoral SP"},"image":{"@id":"https:\/\/redenoticiaz.com.br\/litoralsp\/#\/schema\/logo\/image\/"}},{"@type":"Person","@id":"https:\/\/redenoticiaz.com.br\/litoralsp\/#\/schema\/person\/16057b37a3c0ee6b096d7f887c566e2e","name":"Gustavo Silva","image":{"@type":"ImageObject","inLanguage":"pt-BR","@id":"https:\/\/secure.gravatar.com\/avatar\/3ee4e82f93b26de0a7cf4ea5eb7893da637ed6bb0c9170c58065944c56e28a33?s=96&d=mm&r=g","url":"https:\/\/secure.gravatar.com\/avatar\/3ee4e82f93b26de0a7cf4ea5eb7893da637ed6bb0c9170c58065944c56e28a33?s=96&d=mm&r=g","contentUrl":"https:\/\/secure.gravatar.com\/avatar\/3ee4e82f93b26de0a7cf4ea5eb7893da637ed6bb0c9170c58065944c56e28a33?s=96&d=mm&r=g","caption":"Gustavo Silva"},"url":"https:\/\/redenoticiaz.com.br\/litoralsp\/author\/gustavosilva"}]}},"_links":{"self":[{"href":"https:\/\/redenoticiaz.com.br\/litoralsp\/wp-json\/wp\/v2\/posts\/103375","targetHints":{"allow":["GET"]}}],"collection":[{"href":"https:\/\/redenoticiaz.com.br\/litoralsp\/wp-json\/wp\/v2\/posts"}],"about":[{"href":"https:\/\/redenoticiaz.com.br\/litoralsp\/wp-json\/wp\/v2\/types\/post"}],"author":[{"embeddable":true,"href":"https:\/\/redenoticiaz.com.br\/litoralsp\/wp-json\/wp\/v2\/users\/12"}],"replies":[{"embeddable":true,"href":"https:\/\/redenoticiaz.com.br\/litoralsp\/wp-json\/wp\/v2\/comments?post=103375"}],"version-history":[{"count":1,"href":"https:\/\/redenoticiaz.com.br\/litoralsp\/wp-json\/wp\/v2\/posts\/103375\/revisions"}],"predecessor-version":[{"id":103379,"href":"https:\/\/redenoticiaz.com.br\/litoralsp\/wp-json\/wp\/v2\/posts\/103375\/revisions\/103379"}],"wp:featuredmedia":[{"embeddable":true,"href":"https:\/\/redenoticiaz.com.br\/litoralsp\/wp-json\/wp\/v2\/media\/103378"}],"wp:attachment":[{"href":"https:\/\/redenoticiaz.com.br\/litoralsp\/wp-json\/wp\/v2\/media?parent=103375"}],"wp:term":[{"taxonomy":"category","embeddable":true,"href":"https:\/\/redenoticiaz.com.br\/litoralsp\/wp-json\/wp\/v2\/categories?post=103375"},{"taxonomy":"post_tag","embeddable":true,"href":"https:\/\/redenoticiaz.com.br\/litoralsp\/wp-json\/wp\/v2\/tags?post=103375"}],"curies":[{"name":"wp","href":"https:\/\/api.w.org\/{rel}","templated":true}]}}