{"id":103384,"date":"2023-04-02T11:00:42","date_gmt":"2023-04-02T14:00:42","guid":{"rendered":"https:\/\/redenoticiaz.com.br\/litoralsp\/?p=103384"},"modified":"2023-03-30T17:50:40","modified_gmt":"2023-03-30T20:50:40","slug":"video-conheca-a-nova-serie-de-espionagem-citadel-estrelada-por-richard-madden","status":"publish","type":"post","link":"https:\/\/redenoticiaz.com.br\/litoralsp\/2023\/04\/02\/video-conheca-a-nova-serie-de-espionagem-citadel-estrelada-por-richard-madden","title":{"rendered":"V\u00eddeo \u2013 Conhe\u00e7a a nova s\u00e9rie de espionagem \u201cCitadel\u201d, estrelada por Richard Madden"},"content":{"rendered":"<p>A Prime V\u00eddeo anunciou a nova s\u00e9rie de drama e espionagem <i>Citadel<\/i>. A primeira temporada ter\u00e1 seis epis\u00f3dios. Dois estreando em 28 de abril no Prime Video, seguidos de novos epis\u00f3dios semanais toda sexta-feira, at\u00e9 26 de maio.<\/p>\n<p>Tudo come\u00e7a a oito anos atr\u00e1s, quando Citadel cai. A ag\u00eancia de espionagem global e independente &#8211; encarregada de garantir a seguran\u00e7a de todas as pessoas &#8211; foi destru\u00edda por agentes da Manticore, um poderoso sindicato que manipula o mundo das sombras.<\/p>\n<p>Com a queda de Citadel, os agentes de elite Mason Kane (Richard Madden) e Nadia Sinh (Priyanka Chopra Jonas) tiveram suas mem\u00f3rias apagadas enquanto lutavam para escapar com vida. Eles permaneceram escondidos desde ent\u00e3o, construindo novas vidas com novas identidades, sem saber sobre o passado.<\/p>\n<p>Mas, em uma noite, quando Mason \u00e9 localizado por seu ex-colega da Citadel, Bernard Orlick (Stanley Tucci), que precisa desesperadamente de sua ajuda para impedir que a Manticore estabele\u00e7a uma nova ordem mundial. Mason procura sua ex-parceira, Nadia, e os dois espi\u00f5es embarcam em uma miss\u00e3o que os levam ao redor do mundo em um esfor\u00e7o para parar a Manticore, enquanto lutam com um relacionamento constru\u00eddo com segredos, mentiras e um amor perigoso, mas eterno.<\/p>\n<h3>Saiba mais assistindo ao trailer:<\/h3>\n<p>&nbsp;<\/p>\n<p><iframe loading=\"lazy\" title=\"Citadel \u2013 Temporada 1 | Trailer Oficial | Prime Video\" width=\"500\" height=\"281\" src=\"https:\/\/www.youtube.com\/embed\/MkaawhXHrTw?feature=oembed\" frameborder=\"0\" allow=\"accelerometer; autoplay; clipboard-write; encrypted-media; gyroscope; picture-in-picture; web-share\" referrerpolicy=\"strict-origin-when-cross-origin\" allowfullscreen><\/iframe><\/p>\n<p>VEJA TAMB\u00c9M:\u00a0<a href=\"https:\/\/redenoticiaz.com.br\/barretos-regiao\/sp\/2023\/03\/11\/as-tartarugas-ninja-caos-mutante-ganha-trailer-cheio-de-acao-e-humor\">\u00a0\u201cAs Tartarugas Ninja: Caos Mutante\u201d ganha trailer cheio de a\u00e7\u00e3o e humor, confira<\/a><\/p>\n","protected":false},"excerpt":{"rendered":"<p>A Prime V\u00eddeo anunciou a nova s\u00e9rie de drama e espionagem Citadel. A primeira temporada ter\u00e1 seis epis\u00f3dios. Dois estreando em 28 de abril no Prime Video, seguidos de novos epis\u00f3dios semanais toda sexta-feira, at\u00e9 26 de maio. Tudo come\u00e7a a oito anos atr\u00e1s, quando Citadel cai. A ag\u00eancia de espionagem global e independente &#8211; &hellip;<\/p>\n","protected":false},"author":15,"featured_media":103385,"comment_status":"open","ping_status":"closed","sticky":false,"template":"","format":"standard","meta":{"footnotes":""},"categories":[62064,169,170],"tags":[64325,9236,64326,55279,4756],"class_list":["post-103384","post","type-post","status-publish","format-standard","has-post-thumbnail","hentry","category-cameraz","category-cultura","category-entretenimento","tag-citadel","tag-drama","tag-espionagem","tag-prime-video","tag-serie"],"yoast_head":"<!-- This site is optimized with the Yoast SEO plugin v27.5 - https:\/\/yoast.com\/product\/yoast-seo-wordpress\/ -->\n<title>V\u00eddeo \u2013 Conhe\u00e7a a nova s\u00e9rie de espionagem \u201cCitadel\u201d, estrelada por Richard Madden - Litoral SP<\/title>\n<meta name=\"description\" content=\"A Prime V\u00eddeo anunciou a nova s\u00e9rie de drama e espionagem Citadel. A primeira temporada ter\u00e1 seis epis\u00f3dios. Dois estreando em 28 de abril\" \/>\n<meta name=\"robots\" content=\"index, follow, max-snippet:-1, max-image-preview:large, max-video-preview:-1\" \/>\n<link rel=\"canonical\" href=\"https:\/\/redenoticiaz.com.br\/litoralsp\/2023\/04\/02\/video-conheca-a-nova-serie-de-espionagem-citadel-estrelada-por-richard-madden\" \/>\n<meta property=\"og:locale\" content=\"pt_BR\" \/>\n<meta property=\"og:type\" content=\"article\" \/>\n<meta property=\"og:title\" content=\"V\u00eddeo \u2013 Conhe\u00e7a a nova s\u00e9rie de espionagem \u201cCitadel\u201d, estrelada por Richard Madden - Litoral SP\" \/>\n<meta property=\"og:description\" content=\"A Prime V\u00eddeo anunciou a nova s\u00e9rie de drama e espionagem Citadel. A primeira temporada ter\u00e1 seis epis\u00f3dios. Dois estreando em 28 de abril\" \/>\n<meta property=\"og:url\" content=\"https:\/\/redenoticiaz.com.br\/litoralsp\/2023\/04\/02\/video-conheca-a-nova-serie-de-espionagem-citadel-estrelada-por-richard-madden\" \/>\n<meta property=\"og:site_name\" content=\"Litoral SP\" \/>\n<meta property=\"article:published_time\" content=\"2023-04-02T14:00:42+00:00\" \/>\n<meta property=\"og:image\" content=\"https:\/\/redenoticiaz.com.br\/litoralsp\/wp-content\/uploads\/sites\/3\/2023\/03\/Novo-Trailer-da-Serie-Global-de-Espionagem-Citadel.jpg\" \/>\n\t<meta property=\"og:image:width\" content=\"422\" \/>\n\t<meta property=\"og:image:height\" content=\"243\" \/>\n\t<meta property=\"og:image:type\" content=\"image\/jpeg\" \/>\n<meta name=\"twitter:card\" content=\"summary_large_image\" \/>\n<meta name=\"twitter:label1\" content=\"Escrito por\" \/>\n\t<meta name=\"twitter:data1\" content=\"\" \/>\n\t<meta name=\"twitter:label2\" content=\"Est. tempo de leitura\" \/>\n\t<meta name=\"twitter:data2\" content=\"2 minutos\" \/>\n<script type=\"application\/ld+json\" class=\"yoast-schema-graph\">{\"@context\":\"https:\\\/\\\/schema.org\",\"@graph\":[{\"@type\":\"Article\",\"@id\":\"https:\\\/\\\/redenoticiaz.com.br\\\/litoralsp\\\/2023\\\/04\\\/02\\\/video-conheca-a-nova-serie-de-espionagem-citadel-estrelada-por-richard-madden#article\",\"isPartOf\":{\"@id\":\"https:\\\/\\\/redenoticiaz.com.br\\\/litoralsp\\\/2023\\\/04\\\/02\\\/video-conheca-a-nova-serie-de-espionagem-citadel-estrelada-por-richard-madden\"},\"author\":{\"name\":\"\",\"@id\":\"\"},\"headline\":\"V\u00eddeo \u2013 Conhe\u00e7a a nova s\u00e9rie de espionagem \u201cCitadel\u201d, estrelada por Richard Madden\",\"datePublished\":\"2023-04-02T14:00:42+00:00\",\"mainEntityOfPage\":{\"@id\":\"https:\\\/\\\/redenoticiaz.com.br\\\/litoralsp\\\/2023\\\/04\\\/02\\\/video-conheca-a-nova-serie-de-espionagem-citadel-estrelada-por-richard-madden\"},\"wordCount\":258,\"commentCount\":0,\"publisher\":{\"@id\":\"https:\\\/\\\/redenoticiaz.com.br\\\/litoralsp\\\/#organization\"},\"image\":{\"@id\":\"https:\\\/\\\/redenoticiaz.com.br\\\/litoralsp\\\/2023\\\/04\\\/02\\\/video-conheca-a-nova-serie-de-espionagem-citadel-estrelada-por-richard-madden#primaryimage\"},\"thumbnailUrl\":\"https:\\\/\\\/redenoticiaz.com.br\\\/litoralsp\\\/wp-content\\\/uploads\\\/sites\\\/3\\\/2023\\\/03\\\/Novo-Trailer-da-Serie-Global-de-Espionagem-Citadel.jpg\",\"keywords\":[\"Citadel\",\"drama\",\"espionagem\",\"PRIME VIDEO\",\"S\u00c9RIE\"],\"articleSection\":[\"C\u00e2mera Z\",\"Cultura\",\"Entretenimento\"],\"inLanguage\":\"pt-BR\",\"potentialAction\":[{\"@type\":\"CommentAction\",\"name\":\"Comment\",\"target\":[\"https:\\\/\\\/redenoticiaz.com.br\\\/litoralsp\\\/2023\\\/04\\\/02\\\/video-conheca-a-nova-serie-de-espionagem-citadel-estrelada-por-richard-madden#respond\"]}]},{\"@type\":\"WebPage\",\"@id\":\"https:\\\/\\\/redenoticiaz.com.br\\\/litoralsp\\\/2023\\\/04\\\/02\\\/video-conheca-a-nova-serie-de-espionagem-citadel-estrelada-por-richard-madden\",\"url\":\"https:\\\/\\\/redenoticiaz.com.br\\\/litoralsp\\\/2023\\\/04\\\/02\\\/video-conheca-a-nova-serie-de-espionagem-citadel-estrelada-por-richard-madden\",\"name\":\"V\u00eddeo \u2013 Conhe\u00e7a a nova s\u00e9rie de espionagem \u201cCitadel\u201d, estrelada por Richard Madden - Litoral SP\",\"isPartOf\":{\"@id\":\"https:\\\/\\\/redenoticiaz.com.br\\\/litoralsp\\\/#website\"},\"primaryImageOfPage\":{\"@id\":\"https:\\\/\\\/redenoticiaz.com.br\\\/litoralsp\\\/2023\\\/04\\\/02\\\/video-conheca-a-nova-serie-de-espionagem-citadel-estrelada-por-richard-madden#primaryimage\"},\"image\":{\"@id\":\"https:\\\/\\\/redenoticiaz.com.br\\\/litoralsp\\\/2023\\\/04\\\/02\\\/video-conheca-a-nova-serie-de-espionagem-citadel-estrelada-por-richard-madden#primaryimage\"},\"thumbnailUrl\":\"https:\\\/\\\/redenoticiaz.com.br\\\/litoralsp\\\/wp-content\\\/uploads\\\/sites\\\/3\\\/2023\\\/03\\\/Novo-Trailer-da-Serie-Global-de-Espionagem-Citadel.jpg\",\"datePublished\":\"2023-04-02T14:00:42+00:00\",\"description\":\"A Prime V\u00eddeo anunciou a nova s\u00e9rie de drama e espionagem Citadel. A primeira temporada ter\u00e1 seis epis\u00f3dios. Dois estreando em 28 de abril\",\"inLanguage\":\"pt-BR\",\"potentialAction\":[{\"@type\":\"ReadAction\",\"target\":[\"https:\\\/\\\/redenoticiaz.com.br\\\/litoralsp\\\/2023\\\/04\\\/02\\\/video-conheca-a-nova-serie-de-espionagem-citadel-estrelada-por-richard-madden\"]}]},{\"@type\":\"ImageObject\",\"inLanguage\":\"pt-BR\",\"@id\":\"https:\\\/\\\/redenoticiaz.com.br\\\/litoralsp\\\/2023\\\/04\\\/02\\\/video-conheca-a-nova-serie-de-espionagem-citadel-estrelada-por-richard-madden#primaryimage\",\"url\":\"https:\\\/\\\/redenoticiaz.com.br\\\/litoralsp\\\/wp-content\\\/uploads\\\/sites\\\/3\\\/2023\\\/03\\\/Novo-Trailer-da-Serie-Global-de-Espionagem-Citadel.jpg\",\"contentUrl\":\"https:\\\/\\\/redenoticiaz.com.br\\\/litoralsp\\\/wp-content\\\/uploads\\\/sites\\\/3\\\/2023\\\/03\\\/Novo-Trailer-da-Serie-Global-de-Espionagem-Citadel.jpg\",\"width\":422,\"height\":243,\"caption\":\"S\u00e9rie Citadel. Cr\u00e9dito: Divulga\u00e7\u00e3o\\\/ Prime Video\"},{\"@type\":\"WebSite\",\"@id\":\"https:\\\/\\\/redenoticiaz.com.br\\\/litoralsp\\\/#website\",\"url\":\"https:\\\/\\\/redenoticiaz.com.br\\\/litoralsp\\\/\",\"name\":\"Litoral SP\",\"description\":\"Rede NoticiaZ\",\"publisher\":{\"@id\":\"https:\\\/\\\/redenoticiaz.com.br\\\/litoralsp\\\/#organization\"},\"potentialAction\":[{\"@type\":\"SearchAction\",\"target\":{\"@type\":\"EntryPoint\",\"urlTemplate\":\"https:\\\/\\\/redenoticiaz.com.br\\\/litoralsp\\\/?s={search_term_string}\"},\"query-input\":{\"@type\":\"PropertyValueSpecification\",\"valueRequired\":true,\"valueName\":\"search_term_string\"}}],\"inLanguage\":\"pt-BR\"},{\"@type\":\"Organization\",\"@id\":\"https:\\\/\\\/redenoticiaz.com.br\\\/litoralsp\\\/#organization\",\"name\":\"Litoral SP\",\"url\":\"https:\\\/\\\/redenoticiaz.com.br\\\/litoralsp\\\/\",\"logo\":{\"@type\":\"ImageObject\",\"inLanguage\":\"pt-BR\",\"@id\":\"https:\\\/\\\/redenoticiaz.com.br\\\/litoralsp\\\/#\\\/schema\\\/logo\\\/image\\\/\",\"url\":\"https:\\\/\\\/redenoticiaz.com.br\\\/litoralsp\\\/wp-content\\\/uploads\\\/sites\\\/3\\\/2020\\\/11\\\/logo.jpg\",\"contentUrl\":\"https:\\\/\\\/redenoticiaz.com.br\\\/litoralsp\\\/wp-content\\\/uploads\\\/sites\\\/3\\\/2020\\\/11\\\/logo.jpg\",\"width\":400,\"height\":250,\"caption\":\"Litoral SP\"},\"image\":{\"@id\":\"https:\\\/\\\/redenoticiaz.com.br\\\/litoralsp\\\/#\\\/schema\\\/logo\\\/image\\\/\"}},{\"@type\":\"Person\",\"@id\":\"\",\"url\":\"https:\\\/\\\/redenoticiaz.com.br\\\/litoralsp\\\/author\"}]}<\/script>\n<!-- \/ Yoast SEO plugin. -->","yoast_head_json":{"title":"V\u00eddeo \u2013 Conhe\u00e7a a nova s\u00e9rie de espionagem \u201cCitadel\u201d, estrelada por Richard Madden - Litoral SP","description":"A Prime V\u00eddeo anunciou a nova s\u00e9rie de drama e espionagem Citadel. A primeira temporada ter\u00e1 seis epis\u00f3dios. Dois estreando em 28 de abril","robots":{"index":"index","follow":"follow","max-snippet":"max-snippet:-1","max-image-preview":"max-image-preview:large","max-video-preview":"max-video-preview:-1"},"canonical":"https:\/\/redenoticiaz.com.br\/litoralsp\/2023\/04\/02\/video-conheca-a-nova-serie-de-espionagem-citadel-estrelada-por-richard-madden","og_locale":"pt_BR","og_type":"article","og_title":"V\u00eddeo \u2013 Conhe\u00e7a a nova s\u00e9rie de espionagem \u201cCitadel\u201d, estrelada por Richard Madden - Litoral SP","og_description":"A Prime V\u00eddeo anunciou a nova s\u00e9rie de drama e espionagem Citadel. A primeira temporada ter\u00e1 seis epis\u00f3dios. Dois estreando em 28 de abril","og_url":"https:\/\/redenoticiaz.com.br\/litoralsp\/2023\/04\/02\/video-conheca-a-nova-serie-de-espionagem-citadel-estrelada-por-richard-madden","og_site_name":"Litoral SP","article_published_time":"2023-04-02T14:00:42+00:00","og_image":[{"width":422,"height":243,"url":"https:\/\/redenoticiaz.com.br\/litoralsp\/wp-content\/uploads\/sites\/3\/2023\/03\/Novo-Trailer-da-Serie-Global-de-Espionagem-Citadel.jpg","type":"image\/jpeg"}],"twitter_card":"summary_large_image","twitter_misc":{"Escrito por":"","Est. tempo de leitura":"2 minutos"},"schema":{"@context":"https:\/\/schema.org","@graph":[{"@type":"Article","@id":"https:\/\/redenoticiaz.com.br\/litoralsp\/2023\/04\/02\/video-conheca-a-nova-serie-de-espionagem-citadel-estrelada-por-richard-madden#article","isPartOf":{"@id":"https:\/\/redenoticiaz.com.br\/litoralsp\/2023\/04\/02\/video-conheca-a-nova-serie-de-espionagem-citadel-estrelada-por-richard-madden"},"author":{"name":"","@id":""},"headline":"V\u00eddeo \u2013 Conhe\u00e7a a nova s\u00e9rie de espionagem \u201cCitadel\u201d, estrelada por Richard Madden","datePublished":"2023-04-02T14:00:42+00:00","mainEntityOfPage":{"@id":"https:\/\/redenoticiaz.com.br\/litoralsp\/2023\/04\/02\/video-conheca-a-nova-serie-de-espionagem-citadel-estrelada-por-richard-madden"},"wordCount":258,"commentCount":0,"publisher":{"@id":"https:\/\/redenoticiaz.com.br\/litoralsp\/#organization"},"image":{"@id":"https:\/\/redenoticiaz.com.br\/litoralsp\/2023\/04\/02\/video-conheca-a-nova-serie-de-espionagem-citadel-estrelada-por-richard-madden#primaryimage"},"thumbnailUrl":"https:\/\/redenoticiaz.com.br\/litoralsp\/wp-content\/uploads\/sites\/3\/2023\/03\/Novo-Trailer-da-Serie-Global-de-Espionagem-Citadel.jpg","keywords":["Citadel","drama","espionagem","PRIME VIDEO","S\u00c9RIE"],"articleSection":["C\u00e2mera Z","Cultura","Entretenimento"],"inLanguage":"pt-BR","potentialAction":[{"@type":"CommentAction","name":"Comment","target":["https:\/\/redenoticiaz.com.br\/litoralsp\/2023\/04\/02\/video-conheca-a-nova-serie-de-espionagem-citadel-estrelada-por-richard-madden#respond"]}]},{"@type":"WebPage","@id":"https:\/\/redenoticiaz.com.br\/litoralsp\/2023\/04\/02\/video-conheca-a-nova-serie-de-espionagem-citadel-estrelada-por-richard-madden","url":"https:\/\/redenoticiaz.com.br\/litoralsp\/2023\/04\/02\/video-conheca-a-nova-serie-de-espionagem-citadel-estrelada-por-richard-madden","name":"V\u00eddeo \u2013 Conhe\u00e7a a nova s\u00e9rie de espionagem \u201cCitadel\u201d, estrelada por Richard Madden - Litoral SP","isPartOf":{"@id":"https:\/\/redenoticiaz.com.br\/litoralsp\/#website"},"primaryImageOfPage":{"@id":"https:\/\/redenoticiaz.com.br\/litoralsp\/2023\/04\/02\/video-conheca-a-nova-serie-de-espionagem-citadel-estrelada-por-richard-madden#primaryimage"},"image":{"@id":"https:\/\/redenoticiaz.com.br\/litoralsp\/2023\/04\/02\/video-conheca-a-nova-serie-de-espionagem-citadel-estrelada-por-richard-madden#primaryimage"},"thumbnailUrl":"https:\/\/redenoticiaz.com.br\/litoralsp\/wp-content\/uploads\/sites\/3\/2023\/03\/Novo-Trailer-da-Serie-Global-de-Espionagem-Citadel.jpg","datePublished":"2023-04-02T14:00:42+00:00","description":"A Prime V\u00eddeo anunciou a nova s\u00e9rie de drama e espionagem Citadel. A primeira temporada ter\u00e1 seis epis\u00f3dios. Dois estreando em 28 de abril","inLanguage":"pt-BR","potentialAction":[{"@type":"ReadAction","target":["https:\/\/redenoticiaz.com.br\/litoralsp\/2023\/04\/02\/video-conheca-a-nova-serie-de-espionagem-citadel-estrelada-por-richard-madden"]}]},{"@type":"ImageObject","inLanguage":"pt-BR","@id":"https:\/\/redenoticiaz.com.br\/litoralsp\/2023\/04\/02\/video-conheca-a-nova-serie-de-espionagem-citadel-estrelada-por-richard-madden#primaryimage","url":"https:\/\/redenoticiaz.com.br\/litoralsp\/wp-content\/uploads\/sites\/3\/2023\/03\/Novo-Trailer-da-Serie-Global-de-Espionagem-Citadel.jpg","contentUrl":"https:\/\/redenoticiaz.com.br\/litoralsp\/wp-content\/uploads\/sites\/3\/2023\/03\/Novo-Trailer-da-Serie-Global-de-Espionagem-Citadel.jpg","width":422,"height":243,"caption":"S\u00e9rie Citadel. Cr\u00e9dito: Divulga\u00e7\u00e3o\/ Prime Video"},{"@type":"WebSite","@id":"https:\/\/redenoticiaz.com.br\/litoralsp\/#website","url":"https:\/\/redenoticiaz.com.br\/litoralsp\/","name":"Litoral SP","description":"Rede NoticiaZ","publisher":{"@id":"https:\/\/redenoticiaz.com.br\/litoralsp\/#organization"},"potentialAction":[{"@type":"SearchAction","target":{"@type":"EntryPoint","urlTemplate":"https:\/\/redenoticiaz.com.br\/litoralsp\/?s={search_term_string}"},"query-input":{"@type":"PropertyValueSpecification","valueRequired":true,"valueName":"search_term_string"}}],"inLanguage":"pt-BR"},{"@type":"Organization","@id":"https:\/\/redenoticiaz.com.br\/litoralsp\/#organization","name":"Litoral SP","url":"https:\/\/redenoticiaz.com.br\/litoralsp\/","logo":{"@type":"ImageObject","inLanguage":"pt-BR","@id":"https:\/\/redenoticiaz.com.br\/litoralsp\/#\/schema\/logo\/image\/","url":"https:\/\/redenoticiaz.com.br\/litoralsp\/wp-content\/uploads\/sites\/3\/2020\/11\/logo.jpg","contentUrl":"https:\/\/redenoticiaz.com.br\/litoralsp\/wp-content\/uploads\/sites\/3\/2020\/11\/logo.jpg","width":400,"height":250,"caption":"Litoral SP"},"image":{"@id":"https:\/\/redenoticiaz.com.br\/litoralsp\/#\/schema\/logo\/image\/"}},{"@type":"Person","@id":"","url":"https:\/\/redenoticiaz.com.br\/litoralsp\/author"}]}},"_links":{"self":[{"href":"https:\/\/redenoticiaz.com.br\/litoralsp\/wp-json\/wp\/v2\/posts\/103384","targetHints":{"allow":["GET"]}}],"collection":[{"href":"https:\/\/redenoticiaz.com.br\/litoralsp\/wp-json\/wp\/v2\/posts"}],"about":[{"href":"https:\/\/redenoticiaz.com.br\/litoralsp\/wp-json\/wp\/v2\/types\/post"}],"author":[{"embeddable":true,"href":"https:\/\/redenoticiaz.com.br\/litoralsp\/wp-json\/wp\/v2\/users\/15"}],"replies":[{"embeddable":true,"href":"https:\/\/redenoticiaz.com.br\/litoralsp\/wp-json\/wp\/v2\/comments?post=103384"}],"version-history":[{"count":1,"href":"https:\/\/redenoticiaz.com.br\/litoralsp\/wp-json\/wp\/v2\/posts\/103384\/revisions"}],"predecessor-version":[{"id":103386,"href":"https:\/\/redenoticiaz.com.br\/litoralsp\/wp-json\/wp\/v2\/posts\/103384\/revisions\/103386"}],"wp:featuredmedia":[{"embeddable":true,"href":"https:\/\/redenoticiaz.com.br\/litoralsp\/wp-json\/wp\/v2\/media\/103385"}],"wp:attachment":[{"href":"https:\/\/redenoticiaz.com.br\/litoralsp\/wp-json\/wp\/v2\/media?parent=103384"}],"wp:term":[{"taxonomy":"category","embeddable":true,"href":"https:\/\/redenoticiaz.com.br\/litoralsp\/wp-json\/wp\/v2\/categories?post=103384"},{"taxonomy":"post_tag","embeddable":true,"href":"https:\/\/redenoticiaz.com.br\/litoralsp\/wp-json\/wp\/v2\/tags?post=103384"}],"curies":[{"name":"wp","href":"https:\/\/api.w.org\/{rel}","templated":true}]}}