{"id":103489,"date":"2023-04-02T15:34:04","date_gmt":"2023-04-02T18:34:04","guid":{"rendered":"https:\/\/redenoticiaz.com.br\/litoralsp\/?p=103489"},"modified":"2023-04-02T15:34:04","modified_gmt":"2023-04-02T18:34:04","slug":"video-ressaca-pega-banhistas-de-surpresa-em-praia-de-guaruja","status":"publish","type":"post","link":"https:\/\/redenoticiaz.com.br\/litoralsp\/2023\/04\/02\/video-ressaca-pega-banhistas-de-surpresa-em-praia-de-guaruja","title":{"rendered":"V\u00cdDEO &#8211; Ressaca pega banhistas de surpresa em Praia de Guaruj\u00e1"},"content":{"rendered":"<p>Uma ressaca pegou banhistas de surpresa na Praia da Enseada, em Guaruj\u00e1 no inicio da tarde deste domingo e todos tiveram que deixar o local ap\u00f3s cadeiras e guarda-s\u00f3is serem arrastados.<\/p>\n<p>De acordo com as imagens, algumas crian\u00e7as estavam no local acompanhadas do pai e tiveram que ser levantadas pelos respons\u00e1veis.<\/p>\n<div class=\"wp-playlist wp-video-playlist wp-playlist-light\">\n\t\t<video controls=\"controls\" preload=\"none\" width=\"640\"\n\t\t height=\"1131\"\t><\/video>\n\t<div class=\"wp-playlist-next\"><\/div>\n\t<div class=\"wp-playlist-prev\"><\/div>\n\t<noscript>\n\t<ol>\n\t\t<li><a href='https:\/\/redenoticiaz.com.br\/litoralsp\/wp-content\/uploads\/sites\/3\/2023\/04\/WhatsApp-Video-2023-04-02-at-15.24.00-1.mp4'>WhatsApp Video 2023-04-02 at 15.24.00 (1)<\/a><\/li>\t<\/ol>\n\t<\/noscript>\n\t<script type=\"application\/json\" class=\"wp-playlist-script\">{\"type\":\"video\",\"tracklist\":true,\"tracknumbers\":true,\"images\":true,\"artists\":true,\"tracks\":[{\"src\":\"https:\/\/redenoticiaz.com.br\/litoralsp\/wp-content\/uploads\/sites\/3\/2023\/04\/WhatsApp-Video-2023-04-02-at-15.24.00-1.mp4\",\"type\":\"video\/mp4\",\"title\":\"WhatsApp Video 2023-04-02 at 15.24.00 (1)\",\"caption\":\"\",\"description\":\"\",\"meta\":{\"length_formatted\":\"1:06\"},\"dimensions\":{\"original\":{\"width\":480,\"height\":848},\"resized\":{\"width\":640,\"height\":1131}},\"image\":{\"src\":\"https:\/\/redenoticiaz.com.br\/litoralsp\/wp-includes\/images\/media\/video.svg\",\"width\":48,\"height\":64},\"thumb\":{\"src\":\"https:\/\/redenoticiaz.com.br\/litoralsp\/wp-includes\/images\/media\/video.svg\",\"width\":48,\"height\":64}}]}<\/script>\n<\/div>\n\t\n<p>Ainda de acordo com as imagens, algumas cadeiras n\u00e3o foram recuperadas pelos donos dos quiosques que chegaram a correr no local.<\/p>\n<p>A mudan\u00e7a no tempo j\u00e1 estava prevista pela defesa civil do estado de s\u00e3o paulo, em Santos, a mar\u00e9 poder\u00e1 ultrapassar 1,9m na Ba\u00eda de Santos.<\/p>\n<h4 id=\"menu1\">Esta de observa\u00e7\u00e3o<\/h4>\n<p>A Defesa Civil Municipal, colocou os morros de Santos est\u00e3o em estado de observa\u00e7\u00e3o. Moradores destas \u00e1reas devem ficar atentos aos sinais de perigo.<\/p>\n<p>Trincas nas paredes ou no terreno da moradia, rachaduras no solo, inclina\u00e7\u00f5es de \u00e1rvores e postes, estalos nas paredes e muros estufados, ficam de alerta.<\/p>\n<p><strong>Leia mais<\/strong><\/p>\n<p><a href=\"https:\/\/redenoticiaz.com.br\/litoralsp\/2023\/03\/31\/video-navio-encalha-proximo-a-comunidade-de-guaruja\">Homem \u00e9 informado que est\u00e1 morto ao ir em Cart\u00f3rio de Guaruj\u00e1<\/a><\/p>\n","protected":false},"excerpt":{"rendered":"<p>Uma ressaca pegou banhistas de surpresa na Praia da Enseada, em Guaruj\u00e1 no inicio da tarde deste domingo e todos tiveram que deixar o local ap\u00f3s cadeiras e guarda-s\u00f3is serem arrastados. De acordo com as imagens, algumas crian\u00e7as estavam no local acompanhadas do pai e tiveram que ser levantadas pelos respons\u00e1veis. Ainda de acordo com &hellip;<\/p>\n","protected":false},"author":12,"featured_media":103491,"comment_status":"open","ping_status":"closed","sticky":false,"template":"","format":"standard","meta":{"footnotes":""},"categories":[187,180],"tags":[1151,9606,6426,8373,10995],"class_list":["post-103489","post","type-post","status-publish","format-standard","has-post-thumbnail","hentry","category-guaruja","category-santos","tag-defesa-civil","tag-enseada","tag-guaruja-2","tag-praia","tag-ressaca"],"yoast_head":"<!-- This site is optimized with the Yoast SEO plugin v27.5 - https:\/\/yoast.com\/product\/yoast-seo-wordpress\/ -->\n<title>V\u00cdDEO &#8211; Ressaca pega banhistas de surpresa em Praia de Guaruj\u00e1 - Litoral SP<\/title>\n<meta name=\"description\" content=\"Uma ressaca pegou banhistas de surpresa na Praia da Enseada, em Guaruj\u00e1 no inicio da tarde deste domingo e todos tiveram que deixar o local ap\u00f3s cadeiras e guarda-s\u00f3is serem arrastados.\" \/>\n<meta name=\"robots\" content=\"index, follow, max-snippet:-1, max-image-preview:large, max-video-preview:-1\" \/>\n<link rel=\"canonical\" href=\"https:\/\/redenoticiaz.com.br\/litoralsp\/2023\/04\/02\/video-ressaca-pega-banhistas-de-surpresa-em-praia-de-guaruja\" \/>\n<meta property=\"og:locale\" content=\"pt_BR\" \/>\n<meta property=\"og:type\" content=\"article\" \/>\n<meta property=\"og:title\" content=\"V\u00cdDEO &#8211; Ressaca pega banhistas de surpresa em Praia de Guaruj\u00e1 - Litoral SP\" \/>\n<meta property=\"og:description\" content=\"Uma ressaca pegou banhistas de surpresa na Praia da Enseada, em Guaruj\u00e1 no inicio da tarde deste domingo e todos tiveram que deixar o local ap\u00f3s cadeiras e guarda-s\u00f3is serem arrastados.\" \/>\n<meta property=\"og:url\" content=\"https:\/\/redenoticiaz.com.br\/litoralsp\/2023\/04\/02\/video-ressaca-pega-banhistas-de-surpresa-em-praia-de-guaruja\" \/>\n<meta property=\"og:site_name\" content=\"Litoral SP\" \/>\n<meta property=\"article:published_time\" content=\"2023-04-02T18:34:04+00:00\" \/>\n<meta property=\"og:image\" content=\"https:\/\/redenoticiaz.com.br\/litoralsp\/wp-content\/uploads\/sites\/3\/2023\/04\/WhatsApp-Image-2023-04-02-at-15.31.19.jpeg\" \/>\n\t<meta property=\"og:image:width\" content=\"828\" \/>\n\t<meta property=\"og:image:height\" content=\"705\" \/>\n\t<meta property=\"og:image:type\" content=\"image\/jpeg\" \/>\n<meta name=\"author\" content=\"Gustavo Silva\" \/>\n<meta name=\"twitter:card\" content=\"summary_large_image\" \/>\n<meta name=\"twitter:label1\" content=\"Escrito por\" \/>\n\t<meta name=\"twitter:data1\" content=\"Gustavo Silva\" \/>\n\t<meta name=\"twitter:label2\" content=\"Est. tempo de leitura\" \/>\n\t<meta name=\"twitter:data2\" content=\"1 minuto\" \/>\n<script type=\"application\/ld+json\" class=\"yoast-schema-graph\">{\"@context\":\"https:\\\/\\\/schema.org\",\"@graph\":[{\"@type\":\"Article\",\"@id\":\"https:\\\/\\\/redenoticiaz.com.br\\\/litoralsp\\\/2023\\\/04\\\/02\\\/video-ressaca-pega-banhistas-de-surpresa-em-praia-de-guaruja#article\",\"isPartOf\":{\"@id\":\"https:\\\/\\\/redenoticiaz.com.br\\\/litoralsp\\\/2023\\\/04\\\/02\\\/video-ressaca-pega-banhistas-de-surpresa-em-praia-de-guaruja\"},\"author\":{\"name\":\"Gustavo Silva\",\"@id\":\"https:\\\/\\\/redenoticiaz.com.br\\\/litoralsp\\\/#\\\/schema\\\/person\\\/16057b37a3c0ee6b096d7f887c566e2e\"},\"headline\":\"V\u00cdDEO &#8211; Ressaca pega banhistas de surpresa em Praia de Guaruj\u00e1\",\"datePublished\":\"2023-04-02T18:34:04+00:00\",\"mainEntityOfPage\":{\"@id\":\"https:\\\/\\\/redenoticiaz.com.br\\\/litoralsp\\\/2023\\\/04\\\/02\\\/video-ressaca-pega-banhistas-de-surpresa-em-praia-de-guaruja\"},\"wordCount\":191,\"commentCount\":0,\"publisher\":{\"@id\":\"https:\\\/\\\/redenoticiaz.com.br\\\/litoralsp\\\/#organization\"},\"image\":{\"@id\":\"https:\\\/\\\/redenoticiaz.com.br\\\/litoralsp\\\/2023\\\/04\\\/02\\\/video-ressaca-pega-banhistas-de-surpresa-em-praia-de-guaruja#primaryimage\"},\"thumbnailUrl\":\"https:\\\/\\\/redenoticiaz.com.br\\\/litoralsp\\\/wp-content\\\/uploads\\\/sites\\\/3\\\/2023\\\/04\\\/WhatsApp-Image-2023-04-02-at-15.31.19.jpeg\",\"keywords\":[\"DEFESA CIVIL\",\"ENSEADA\",\"Guaruj\u00e1\",\"PRAIA\",\"RESSACA\"],\"articleSection\":[\"Guaruj\u00e1\",\"Santos\"],\"inLanguage\":\"pt-BR\",\"potentialAction\":[{\"@type\":\"CommentAction\",\"name\":\"Comment\",\"target\":[\"https:\\\/\\\/redenoticiaz.com.br\\\/litoralsp\\\/2023\\\/04\\\/02\\\/video-ressaca-pega-banhistas-de-surpresa-em-praia-de-guaruja#respond\"]}]},{\"@type\":\"WebPage\",\"@id\":\"https:\\\/\\\/redenoticiaz.com.br\\\/litoralsp\\\/2023\\\/04\\\/02\\\/video-ressaca-pega-banhistas-de-surpresa-em-praia-de-guaruja\",\"url\":\"https:\\\/\\\/redenoticiaz.com.br\\\/litoralsp\\\/2023\\\/04\\\/02\\\/video-ressaca-pega-banhistas-de-surpresa-em-praia-de-guaruja\",\"name\":\"V\u00cdDEO &#8211; Ressaca pega banhistas de surpresa em Praia de Guaruj\u00e1 - Litoral SP\",\"isPartOf\":{\"@id\":\"https:\\\/\\\/redenoticiaz.com.br\\\/litoralsp\\\/#website\"},\"primaryImageOfPage\":{\"@id\":\"https:\\\/\\\/redenoticiaz.com.br\\\/litoralsp\\\/2023\\\/04\\\/02\\\/video-ressaca-pega-banhistas-de-surpresa-em-praia-de-guaruja#primaryimage\"},\"image\":{\"@id\":\"https:\\\/\\\/redenoticiaz.com.br\\\/litoralsp\\\/2023\\\/04\\\/02\\\/video-ressaca-pega-banhistas-de-surpresa-em-praia-de-guaruja#primaryimage\"},\"thumbnailUrl\":\"https:\\\/\\\/redenoticiaz.com.br\\\/litoralsp\\\/wp-content\\\/uploads\\\/sites\\\/3\\\/2023\\\/04\\\/WhatsApp-Image-2023-04-02-at-15.31.19.jpeg\",\"datePublished\":\"2023-04-02T18:34:04+00:00\",\"description\":\"Uma ressaca pegou banhistas de surpresa na Praia da Enseada, em Guaruj\u00e1 no inicio da tarde deste domingo e todos tiveram que deixar o local ap\u00f3s cadeiras e guarda-s\u00f3is serem arrastados.\",\"inLanguage\":\"pt-BR\",\"potentialAction\":[{\"@type\":\"ReadAction\",\"target\":[\"https:\\\/\\\/redenoticiaz.com.br\\\/litoralsp\\\/2023\\\/04\\\/02\\\/video-ressaca-pega-banhistas-de-surpresa-em-praia-de-guaruja\"]}]},{\"@type\":\"ImageObject\",\"inLanguage\":\"pt-BR\",\"@id\":\"https:\\\/\\\/redenoticiaz.com.br\\\/litoralsp\\\/2023\\\/04\\\/02\\\/video-ressaca-pega-banhistas-de-surpresa-em-praia-de-guaruja#primaryimage\",\"url\":\"https:\\\/\\\/redenoticiaz.com.br\\\/litoralsp\\\/wp-content\\\/uploads\\\/sites\\\/3\\\/2023\\\/04\\\/WhatsApp-Image-2023-04-02-at-15.31.19.jpeg\",\"contentUrl\":\"https:\\\/\\\/redenoticiaz.com.br\\\/litoralsp\\\/wp-content\\\/uploads\\\/sites\\\/3\\\/2023\\\/04\\\/WhatsApp-Image-2023-04-02-at-15.31.19.jpeg\",\"width\":828,\"height\":705,\"caption\":\"V\u00cdDEO - Ressaca pega banhistas de surpresa em Praia de Guaruj\u00e1\"},{\"@type\":\"WebSite\",\"@id\":\"https:\\\/\\\/redenoticiaz.com.br\\\/litoralsp\\\/#website\",\"url\":\"https:\\\/\\\/redenoticiaz.com.br\\\/litoralsp\\\/\",\"name\":\"Litoral SP\",\"description\":\"Rede NoticiaZ\",\"publisher\":{\"@id\":\"https:\\\/\\\/redenoticiaz.com.br\\\/litoralsp\\\/#organization\"},\"potentialAction\":[{\"@type\":\"SearchAction\",\"target\":{\"@type\":\"EntryPoint\",\"urlTemplate\":\"https:\\\/\\\/redenoticiaz.com.br\\\/litoralsp\\\/?s={search_term_string}\"},\"query-input\":{\"@type\":\"PropertyValueSpecification\",\"valueRequired\":true,\"valueName\":\"search_term_string\"}}],\"inLanguage\":\"pt-BR\"},{\"@type\":\"Organization\",\"@id\":\"https:\\\/\\\/redenoticiaz.com.br\\\/litoralsp\\\/#organization\",\"name\":\"Litoral SP\",\"url\":\"https:\\\/\\\/redenoticiaz.com.br\\\/litoralsp\\\/\",\"logo\":{\"@type\":\"ImageObject\",\"inLanguage\":\"pt-BR\",\"@id\":\"https:\\\/\\\/redenoticiaz.com.br\\\/litoralsp\\\/#\\\/schema\\\/logo\\\/image\\\/\",\"url\":\"https:\\\/\\\/redenoticiaz.com.br\\\/litoralsp\\\/wp-content\\\/uploads\\\/sites\\\/3\\\/2020\\\/11\\\/logo.jpg\",\"contentUrl\":\"https:\\\/\\\/redenoticiaz.com.br\\\/litoralsp\\\/wp-content\\\/uploads\\\/sites\\\/3\\\/2020\\\/11\\\/logo.jpg\",\"width\":400,\"height\":250,\"caption\":\"Litoral SP\"},\"image\":{\"@id\":\"https:\\\/\\\/redenoticiaz.com.br\\\/litoralsp\\\/#\\\/schema\\\/logo\\\/image\\\/\"}},{\"@type\":\"Person\",\"@id\":\"https:\\\/\\\/redenoticiaz.com.br\\\/litoralsp\\\/#\\\/schema\\\/person\\\/16057b37a3c0ee6b096d7f887c566e2e\",\"name\":\"Gustavo Silva\",\"image\":{\"@type\":\"ImageObject\",\"inLanguage\":\"pt-BR\",\"@id\":\"https:\\\/\\\/secure.gravatar.com\\\/avatar\\\/3ee4e82f93b26de0a7cf4ea5eb7893da637ed6bb0c9170c58065944c56e28a33?s=96&d=mm&r=g\",\"url\":\"https:\\\/\\\/secure.gravatar.com\\\/avatar\\\/3ee4e82f93b26de0a7cf4ea5eb7893da637ed6bb0c9170c58065944c56e28a33?s=96&d=mm&r=g\",\"contentUrl\":\"https:\\\/\\\/secure.gravatar.com\\\/avatar\\\/3ee4e82f93b26de0a7cf4ea5eb7893da637ed6bb0c9170c58065944c56e28a33?s=96&d=mm&r=g\",\"caption\":\"Gustavo Silva\"},\"url\":\"https:\\\/\\\/redenoticiaz.com.br\\\/litoralsp\\\/author\\\/gustavosilva\"}]}<\/script>\n<!-- \/ Yoast SEO plugin. -->","yoast_head_json":{"title":"V\u00cdDEO &#8211; Ressaca pega banhistas de surpresa em Praia de Guaruj\u00e1 - Litoral SP","description":"Uma ressaca pegou banhistas de surpresa na Praia da Enseada, em Guaruj\u00e1 no inicio da tarde deste domingo e todos tiveram que deixar o local ap\u00f3s cadeiras e guarda-s\u00f3is serem arrastados.","robots":{"index":"index","follow":"follow","max-snippet":"max-snippet:-1","max-image-preview":"max-image-preview:large","max-video-preview":"max-video-preview:-1"},"canonical":"https:\/\/redenoticiaz.com.br\/litoralsp\/2023\/04\/02\/video-ressaca-pega-banhistas-de-surpresa-em-praia-de-guaruja","og_locale":"pt_BR","og_type":"article","og_title":"V\u00cdDEO &#8211; Ressaca pega banhistas de surpresa em Praia de Guaruj\u00e1 - Litoral SP","og_description":"Uma ressaca pegou banhistas de surpresa na Praia da Enseada, em Guaruj\u00e1 no inicio da tarde deste domingo e todos tiveram que deixar o local ap\u00f3s cadeiras e guarda-s\u00f3is serem arrastados.","og_url":"https:\/\/redenoticiaz.com.br\/litoralsp\/2023\/04\/02\/video-ressaca-pega-banhistas-de-surpresa-em-praia-de-guaruja","og_site_name":"Litoral SP","article_published_time":"2023-04-02T18:34:04+00:00","og_image":[{"width":828,"height":705,"url":"https:\/\/redenoticiaz.com.br\/litoralsp\/wp-content\/uploads\/sites\/3\/2023\/04\/WhatsApp-Image-2023-04-02-at-15.31.19.jpeg","type":"image\/jpeg"}],"author":"Gustavo Silva","twitter_card":"summary_large_image","twitter_misc":{"Escrito por":"Gustavo Silva","Est. tempo de leitura":"1 minuto"},"schema":{"@context":"https:\/\/schema.org","@graph":[{"@type":"Article","@id":"https:\/\/redenoticiaz.com.br\/litoralsp\/2023\/04\/02\/video-ressaca-pega-banhistas-de-surpresa-em-praia-de-guaruja#article","isPartOf":{"@id":"https:\/\/redenoticiaz.com.br\/litoralsp\/2023\/04\/02\/video-ressaca-pega-banhistas-de-surpresa-em-praia-de-guaruja"},"author":{"name":"Gustavo Silva","@id":"https:\/\/redenoticiaz.com.br\/litoralsp\/#\/schema\/person\/16057b37a3c0ee6b096d7f887c566e2e"},"headline":"V\u00cdDEO &#8211; Ressaca pega banhistas de surpresa em Praia de Guaruj\u00e1","datePublished":"2023-04-02T18:34:04+00:00","mainEntityOfPage":{"@id":"https:\/\/redenoticiaz.com.br\/litoralsp\/2023\/04\/02\/video-ressaca-pega-banhistas-de-surpresa-em-praia-de-guaruja"},"wordCount":191,"commentCount":0,"publisher":{"@id":"https:\/\/redenoticiaz.com.br\/litoralsp\/#organization"},"image":{"@id":"https:\/\/redenoticiaz.com.br\/litoralsp\/2023\/04\/02\/video-ressaca-pega-banhistas-de-surpresa-em-praia-de-guaruja#primaryimage"},"thumbnailUrl":"https:\/\/redenoticiaz.com.br\/litoralsp\/wp-content\/uploads\/sites\/3\/2023\/04\/WhatsApp-Image-2023-04-02-at-15.31.19.jpeg","keywords":["DEFESA CIVIL","ENSEADA","Guaruj\u00e1","PRAIA","RESSACA"],"articleSection":["Guaruj\u00e1","Santos"],"inLanguage":"pt-BR","potentialAction":[{"@type":"CommentAction","name":"Comment","target":["https:\/\/redenoticiaz.com.br\/litoralsp\/2023\/04\/02\/video-ressaca-pega-banhistas-de-surpresa-em-praia-de-guaruja#respond"]}]},{"@type":"WebPage","@id":"https:\/\/redenoticiaz.com.br\/litoralsp\/2023\/04\/02\/video-ressaca-pega-banhistas-de-surpresa-em-praia-de-guaruja","url":"https:\/\/redenoticiaz.com.br\/litoralsp\/2023\/04\/02\/video-ressaca-pega-banhistas-de-surpresa-em-praia-de-guaruja","name":"V\u00cdDEO &#8211; Ressaca pega banhistas de surpresa em Praia de Guaruj\u00e1 - Litoral SP","isPartOf":{"@id":"https:\/\/redenoticiaz.com.br\/litoralsp\/#website"},"primaryImageOfPage":{"@id":"https:\/\/redenoticiaz.com.br\/litoralsp\/2023\/04\/02\/video-ressaca-pega-banhistas-de-surpresa-em-praia-de-guaruja#primaryimage"},"image":{"@id":"https:\/\/redenoticiaz.com.br\/litoralsp\/2023\/04\/02\/video-ressaca-pega-banhistas-de-surpresa-em-praia-de-guaruja#primaryimage"},"thumbnailUrl":"https:\/\/redenoticiaz.com.br\/litoralsp\/wp-content\/uploads\/sites\/3\/2023\/04\/WhatsApp-Image-2023-04-02-at-15.31.19.jpeg","datePublished":"2023-04-02T18:34:04+00:00","description":"Uma ressaca pegou banhistas de surpresa na Praia da Enseada, em Guaruj\u00e1 no inicio da tarde deste domingo e todos tiveram que deixar o local ap\u00f3s cadeiras e guarda-s\u00f3is serem arrastados.","inLanguage":"pt-BR","potentialAction":[{"@type":"ReadAction","target":["https:\/\/redenoticiaz.com.br\/litoralsp\/2023\/04\/02\/video-ressaca-pega-banhistas-de-surpresa-em-praia-de-guaruja"]}]},{"@type":"ImageObject","inLanguage":"pt-BR","@id":"https:\/\/redenoticiaz.com.br\/litoralsp\/2023\/04\/02\/video-ressaca-pega-banhistas-de-surpresa-em-praia-de-guaruja#primaryimage","url":"https:\/\/redenoticiaz.com.br\/litoralsp\/wp-content\/uploads\/sites\/3\/2023\/04\/WhatsApp-Image-2023-04-02-at-15.31.19.jpeg","contentUrl":"https:\/\/redenoticiaz.com.br\/litoralsp\/wp-content\/uploads\/sites\/3\/2023\/04\/WhatsApp-Image-2023-04-02-at-15.31.19.jpeg","width":828,"height":705,"caption":"V\u00cdDEO - Ressaca pega banhistas de surpresa em Praia de Guaruj\u00e1"},{"@type":"WebSite","@id":"https:\/\/redenoticiaz.com.br\/litoralsp\/#website","url":"https:\/\/redenoticiaz.com.br\/litoralsp\/","name":"Litoral SP","description":"Rede NoticiaZ","publisher":{"@id":"https:\/\/redenoticiaz.com.br\/litoralsp\/#organization"},"potentialAction":[{"@type":"SearchAction","target":{"@type":"EntryPoint","urlTemplate":"https:\/\/redenoticiaz.com.br\/litoralsp\/?s={search_term_string}"},"query-input":{"@type":"PropertyValueSpecification","valueRequired":true,"valueName":"search_term_string"}}],"inLanguage":"pt-BR"},{"@type":"Organization","@id":"https:\/\/redenoticiaz.com.br\/litoralsp\/#organization","name":"Litoral SP","url":"https:\/\/redenoticiaz.com.br\/litoralsp\/","logo":{"@type":"ImageObject","inLanguage":"pt-BR","@id":"https:\/\/redenoticiaz.com.br\/litoralsp\/#\/schema\/logo\/image\/","url":"https:\/\/redenoticiaz.com.br\/litoralsp\/wp-content\/uploads\/sites\/3\/2020\/11\/logo.jpg","contentUrl":"https:\/\/redenoticiaz.com.br\/litoralsp\/wp-content\/uploads\/sites\/3\/2020\/11\/logo.jpg","width":400,"height":250,"caption":"Litoral SP"},"image":{"@id":"https:\/\/redenoticiaz.com.br\/litoralsp\/#\/schema\/logo\/image\/"}},{"@type":"Person","@id":"https:\/\/redenoticiaz.com.br\/litoralsp\/#\/schema\/person\/16057b37a3c0ee6b096d7f887c566e2e","name":"Gustavo Silva","image":{"@type":"ImageObject","inLanguage":"pt-BR","@id":"https:\/\/secure.gravatar.com\/avatar\/3ee4e82f93b26de0a7cf4ea5eb7893da637ed6bb0c9170c58065944c56e28a33?s=96&d=mm&r=g","url":"https:\/\/secure.gravatar.com\/avatar\/3ee4e82f93b26de0a7cf4ea5eb7893da637ed6bb0c9170c58065944c56e28a33?s=96&d=mm&r=g","contentUrl":"https:\/\/secure.gravatar.com\/avatar\/3ee4e82f93b26de0a7cf4ea5eb7893da637ed6bb0c9170c58065944c56e28a33?s=96&d=mm&r=g","caption":"Gustavo Silva"},"url":"https:\/\/redenoticiaz.com.br\/litoralsp\/author\/gustavosilva"}]}},"_links":{"self":[{"href":"https:\/\/redenoticiaz.com.br\/litoralsp\/wp-json\/wp\/v2\/posts\/103489","targetHints":{"allow":["GET"]}}],"collection":[{"href":"https:\/\/redenoticiaz.com.br\/litoralsp\/wp-json\/wp\/v2\/posts"}],"about":[{"href":"https:\/\/redenoticiaz.com.br\/litoralsp\/wp-json\/wp\/v2\/types\/post"}],"author":[{"embeddable":true,"href":"https:\/\/redenoticiaz.com.br\/litoralsp\/wp-json\/wp\/v2\/users\/12"}],"replies":[{"embeddable":true,"href":"https:\/\/redenoticiaz.com.br\/litoralsp\/wp-json\/wp\/v2\/comments?post=103489"}],"version-history":[{"count":1,"href":"https:\/\/redenoticiaz.com.br\/litoralsp\/wp-json\/wp\/v2\/posts\/103489\/revisions"}],"predecessor-version":[{"id":103492,"href":"https:\/\/redenoticiaz.com.br\/litoralsp\/wp-json\/wp\/v2\/posts\/103489\/revisions\/103492"}],"wp:featuredmedia":[{"embeddable":true,"href":"https:\/\/redenoticiaz.com.br\/litoralsp\/wp-json\/wp\/v2\/media\/103491"}],"wp:attachment":[{"href":"https:\/\/redenoticiaz.com.br\/litoralsp\/wp-json\/wp\/v2\/media?parent=103489"}],"wp:term":[{"taxonomy":"category","embeddable":true,"href":"https:\/\/redenoticiaz.com.br\/litoralsp\/wp-json\/wp\/v2\/categories?post=103489"},{"taxonomy":"post_tag","embeddable":true,"href":"https:\/\/redenoticiaz.com.br\/litoralsp\/wp-json\/wp\/v2\/tags?post=103489"}],"curies":[{"name":"wp","href":"https:\/\/api.w.org\/{rel}","templated":true}]}}