{"id":103493,"date":"2023-04-02T15:37:48","date_gmt":"2023-04-02T18:37:48","guid":{"rendered":"https:\/\/redenoticiaz.com.br\/litoralsp\/?p=103493"},"modified":"2023-04-02T15:41:47","modified_gmt":"2023-04-02T18:41:47","slug":"papa-celebra-missa-do-domingo-de-ramos","status":"publish","type":"post","link":"https:\/\/redenoticiaz.com.br\/litoralsp\/2023\/04\/02\/papa-celebra-missa-do-domingo-de-ramos","title":{"rendered":"Papa celebra missa do Domingo de Ramos"},"content":{"rendered":"<p>O papa Francisco participou hoje (2) da missa do Domingo de Ramos, cerim\u00f4nia que d\u00e1 in\u00edcio \u00e0 Semana Santa. A celebra\u00e7\u00e3o foi Pra\u00e7a S\u00e3o Pedro, no Vaticano, com a tradicional e solene prociss\u00e3o de ramos<\/p>\n<p>Francisco conclamou os presentes \u00e0 cerim\u00f4nia, estimados em 50 mil, a cuidar das pessoas abandonadas, que, segundo ele, est\u00e3o com Cristo. Conforme a tradi\u00e7\u00e3o, a maioria dos fi\u00e9is portava ramos de oliveira provenientes da regi\u00e3o italiana da \u00dambria.<\/p>\n<p>Francisco, ainda falou sobre aqueles que precisam de cuidados e interna\u00e7\u00e3o.<\/p>\n<blockquote><p>\u201cH\u00e1 povos inteiros explorados e deixados \u00e0 pr\u00f3pria sorte; h\u00e1 pobres que vivem nas encruzilhadas das nossas estradas e cujo olhar n\u00e3o temos a coragem de fixar; migrantes, que j\u00e1 n\u00e3o s\u00e3o rostos, mas n\u00fameros; reclusos rejeitados, pessoas catalogadas como problemas. Mas h\u00e1 tamb\u00e9m muitos cristos abandonados invis\u00edveis, escondidos, que s\u00e3o descartados de forma \u2018elegante\u2019: crian\u00e7as nascituras, idosos deixados sozinhos, doentes n\u00e3o visitados, pessoas portadoras de defici\u00eancia ignoradas, jovens que sentem dentro um grande vazio sem que ningu\u00e9m escute verdadeiramente o seu grito de dor\u201d<\/p><\/blockquote>\n<p>O pont\u00edfice\u00a0<a href=\"https:\/\/agenciabrasil.ebc.com.br\/internacional\/noticia\/2023-04\/papa-francisco-recebe-alta-hospitalar-e-retorna-ao-vaticano\" target=\"_blank\" rel=\"noopener\">teve alta<\/a>\u00a0e saiu do Hospital Gemelli, em Roma, na manh\u00e3 de s\u00e1bado (1\u00ba), ap\u00f3s tr\u00eas dias de interna\u00e7\u00e3o por causa uma infec\u00e7\u00e3o respirat\u00f3ria.<\/p>\n<p><strong>Leia mais<\/strong><\/p>\n<p><a href=\"https:\/\/redenoticiaz.com.br\/litoralsp\/2023\/03\/30\/papa-francisco-e-hospitalizado-apos-sofrer-infeccao-respiratoria\">Papa Francisco \u00e9 hospitalizado ap\u00f3s sofrer infec\u00e7\u00e3o respirat\u00f3ria<\/a><\/p>\n","protected":false},"excerpt":{"rendered":"<p>O papa Francisco participou hoje (2) da missa do Domingo de Ramos, cerim\u00f4nia que d\u00e1 in\u00edcio \u00e0 Semana Santa. A celebra\u00e7\u00e3o foi Pra\u00e7a S\u00e3o Pedro, no Vaticano, com a tradicional e solene prociss\u00e3o de ramos Francisco conclamou os presentes \u00e0 cerim\u00f4nia, estimados em 50 mil, a cuidar das pessoas abandonadas, que, segundo ele, est\u00e3o com &hellip;<\/p>\n","protected":false},"author":12,"featured_media":103494,"comment_status":"open","ping_status":"closed","sticky":false,"template":"","format":"standard","meta":{"footnotes":""},"categories":[84],"tags":[64362,58968,17319,64361,23718],"class_list":["post-103493","post","type-post","status-publish","format-standard","has-post-thumbnail","hentry","category-mundo","tag-domingo-de-ramos","tag-papa","tag-pascoa","tag-ramos","tag-vaticano"],"yoast_head":"<!-- This site is optimized with the Yoast SEO plugin v27.4 - https:\/\/yoast.com\/product\/yoast-seo-wordpress\/ -->\n<title>Papa celebra missa do Domingo de Ramos - Litoral SP<\/title>\n<meta name=\"description\" content=\"O papa Francisco participou hoje (2) da missa do Domingo de Ramos, cerim\u00f4nia que d\u00e1 in\u00edcio \u00e0 Semana Santa. A celebra\u00e7\u00e3o foi Pra\u00e7a S\u00e3o Pedro, no Vaticano, com a tradicional e solene prociss\u00e3o de ramos\" \/>\n<meta name=\"robots\" content=\"index, follow, max-snippet:-1, max-image-preview:large, max-video-preview:-1\" \/>\n<link rel=\"canonical\" href=\"https:\/\/redenoticiaz.com.br\/litoralsp\/2023\/04\/02\/papa-celebra-missa-do-domingo-de-ramos\" \/>\n<meta property=\"og:locale\" content=\"pt_BR\" \/>\n<meta property=\"og:type\" content=\"article\" \/>\n<meta property=\"og:title\" content=\"Papa celebra missa do Domingo de Ramos - Litoral SP\" \/>\n<meta property=\"og:description\" content=\"O papa Francisco participou hoje (2) da missa do Domingo de Ramos, cerim\u00f4nia que d\u00e1 in\u00edcio \u00e0 Semana Santa. A celebra\u00e7\u00e3o foi Pra\u00e7a S\u00e3o Pedro, no Vaticano, com a tradicional e solene prociss\u00e3o de ramos\" \/>\n<meta property=\"og:url\" content=\"https:\/\/redenoticiaz.com.br\/litoralsp\/2023\/04\/02\/papa-celebra-missa-do-domingo-de-ramos\" \/>\n<meta property=\"og:site_name\" content=\"Litoral SP\" \/>\n<meta property=\"article:published_time\" content=\"2023-04-02T18:37:48+00:00\" \/>\n<meta property=\"article:modified_time\" content=\"2023-04-02T18:41:47+00:00\" \/>\n<meta property=\"og:image\" content=\"https:\/\/redenoticiaz.com.br\/litoralsp\/wp-content\/uploads\/sites\/3\/2023\/04\/cq5dam.web_.800.8002.jpg\" \/>\n\t<meta property=\"og:image:width\" content=\"1170\" \/>\n\t<meta property=\"og:image:height\" content=\"700\" \/>\n\t<meta property=\"og:image:type\" content=\"image\/jpeg\" \/>\n<meta name=\"author\" content=\"Gustavo Silva\" \/>\n<meta name=\"twitter:card\" content=\"summary_large_image\" \/>\n<meta name=\"twitter:label1\" content=\"Escrito por\" \/>\n\t<meta name=\"twitter:data1\" content=\"Gustavo Silva\" \/>\n\t<meta name=\"twitter:label2\" content=\"Est. tempo de leitura\" \/>\n\t<meta name=\"twitter:data2\" content=\"2 minutos\" \/>\n<script type=\"application\/ld+json\" class=\"yoast-schema-graph\">{\"@context\":\"https:\\\/\\\/schema.org\",\"@graph\":[{\"@type\":\"Article\",\"@id\":\"https:\\\/\\\/redenoticiaz.com.br\\\/litoralsp\\\/2023\\\/04\\\/02\\\/papa-celebra-missa-do-domingo-de-ramos#article\",\"isPartOf\":{\"@id\":\"https:\\\/\\\/redenoticiaz.com.br\\\/litoralsp\\\/2023\\\/04\\\/02\\\/papa-celebra-missa-do-domingo-de-ramos\"},\"author\":{\"name\":\"Gustavo Silva\",\"@id\":\"https:\\\/\\\/redenoticiaz.com.br\\\/litoralsp\\\/#\\\/schema\\\/person\\\/16057b37a3c0ee6b096d7f887c566e2e\"},\"headline\":\"Papa celebra missa do Domingo de Ramos\",\"datePublished\":\"2023-04-02T18:37:48+00:00\",\"dateModified\":\"2023-04-02T18:41:47+00:00\",\"mainEntityOfPage\":{\"@id\":\"https:\\\/\\\/redenoticiaz.com.br\\\/litoralsp\\\/2023\\\/04\\\/02\\\/papa-celebra-missa-do-domingo-de-ramos\"},\"wordCount\":239,\"commentCount\":0,\"publisher\":{\"@id\":\"https:\\\/\\\/redenoticiaz.com.br\\\/litoralsp\\\/#organization\"},\"image\":{\"@id\":\"https:\\\/\\\/redenoticiaz.com.br\\\/litoralsp\\\/2023\\\/04\\\/02\\\/papa-celebra-missa-do-domingo-de-ramos#primaryimage\"},\"thumbnailUrl\":\"https:\\\/\\\/redenoticiaz.com.br\\\/litoralsp\\\/wp-content\\\/uploads\\\/sites\\\/3\\\/2023\\\/04\\\/cq5dam.web_.800.8002.jpg\",\"keywords\":[\"domingo de ramos\",\"papa\",\"P\u00c1SCOA\",\"ramos\",\"VATICANO\"],\"articleSection\":[\"Mundo\"],\"inLanguage\":\"pt-BR\",\"potentialAction\":[{\"@type\":\"CommentAction\",\"name\":\"Comment\",\"target\":[\"https:\\\/\\\/redenoticiaz.com.br\\\/litoralsp\\\/2023\\\/04\\\/02\\\/papa-celebra-missa-do-domingo-de-ramos#respond\"]}]},{\"@type\":\"WebPage\",\"@id\":\"https:\\\/\\\/redenoticiaz.com.br\\\/litoralsp\\\/2023\\\/04\\\/02\\\/papa-celebra-missa-do-domingo-de-ramos\",\"url\":\"https:\\\/\\\/redenoticiaz.com.br\\\/litoralsp\\\/2023\\\/04\\\/02\\\/papa-celebra-missa-do-domingo-de-ramos\",\"name\":\"Papa celebra missa do Domingo de Ramos - Litoral SP\",\"isPartOf\":{\"@id\":\"https:\\\/\\\/redenoticiaz.com.br\\\/litoralsp\\\/#website\"},\"primaryImageOfPage\":{\"@id\":\"https:\\\/\\\/redenoticiaz.com.br\\\/litoralsp\\\/2023\\\/04\\\/02\\\/papa-celebra-missa-do-domingo-de-ramos#primaryimage\"},\"image\":{\"@id\":\"https:\\\/\\\/redenoticiaz.com.br\\\/litoralsp\\\/2023\\\/04\\\/02\\\/papa-celebra-missa-do-domingo-de-ramos#primaryimage\"},\"thumbnailUrl\":\"https:\\\/\\\/redenoticiaz.com.br\\\/litoralsp\\\/wp-content\\\/uploads\\\/sites\\\/3\\\/2023\\\/04\\\/cq5dam.web_.800.8002.jpg\",\"datePublished\":\"2023-04-02T18:37:48+00:00\",\"dateModified\":\"2023-04-02T18:41:47+00:00\",\"description\":\"O papa Francisco participou hoje (2) da missa do Domingo de Ramos, cerim\u00f4nia que d\u00e1 in\u00edcio \u00e0 Semana Santa. A celebra\u00e7\u00e3o foi Pra\u00e7a S\u00e3o Pedro, no Vaticano, com a tradicional e solene prociss\u00e3o de ramos\",\"inLanguage\":\"pt-BR\",\"potentialAction\":[{\"@type\":\"ReadAction\",\"target\":[\"https:\\\/\\\/redenoticiaz.com.br\\\/litoralsp\\\/2023\\\/04\\\/02\\\/papa-celebra-missa-do-domingo-de-ramos\"]}]},{\"@type\":\"ImageObject\",\"inLanguage\":\"pt-BR\",\"@id\":\"https:\\\/\\\/redenoticiaz.com.br\\\/litoralsp\\\/2023\\\/04\\\/02\\\/papa-celebra-missa-do-domingo-de-ramos#primaryimage\",\"url\":\"https:\\\/\\\/redenoticiaz.com.br\\\/litoralsp\\\/wp-content\\\/uploads\\\/sites\\\/3\\\/2023\\\/04\\\/cq5dam.web_.800.8002.jpg\",\"contentUrl\":\"https:\\\/\\\/redenoticiaz.com.br\\\/litoralsp\\\/wp-content\\\/uploads\\\/sites\\\/3\\\/2023\\\/04\\\/cq5dam.web_.800.8002.jpg\",\"width\":1170,\"height\":700,\"caption\":\"Papa celebra missa do Domingo de Ramos\"},{\"@type\":\"WebSite\",\"@id\":\"https:\\\/\\\/redenoticiaz.com.br\\\/litoralsp\\\/#website\",\"url\":\"https:\\\/\\\/redenoticiaz.com.br\\\/litoralsp\\\/\",\"name\":\"Litoral SP\",\"description\":\"Rede NoticiaZ\",\"publisher\":{\"@id\":\"https:\\\/\\\/redenoticiaz.com.br\\\/litoralsp\\\/#organization\"},\"potentialAction\":[{\"@type\":\"SearchAction\",\"target\":{\"@type\":\"EntryPoint\",\"urlTemplate\":\"https:\\\/\\\/redenoticiaz.com.br\\\/litoralsp\\\/?s={search_term_string}\"},\"query-input\":{\"@type\":\"PropertyValueSpecification\",\"valueRequired\":true,\"valueName\":\"search_term_string\"}}],\"inLanguage\":\"pt-BR\"},{\"@type\":\"Organization\",\"@id\":\"https:\\\/\\\/redenoticiaz.com.br\\\/litoralsp\\\/#organization\",\"name\":\"Litoral SP\",\"url\":\"https:\\\/\\\/redenoticiaz.com.br\\\/litoralsp\\\/\",\"logo\":{\"@type\":\"ImageObject\",\"inLanguage\":\"pt-BR\",\"@id\":\"https:\\\/\\\/redenoticiaz.com.br\\\/litoralsp\\\/#\\\/schema\\\/logo\\\/image\\\/\",\"url\":\"https:\\\/\\\/redenoticiaz.com.br\\\/litoralsp\\\/wp-content\\\/uploads\\\/sites\\\/3\\\/2020\\\/11\\\/logo.jpg\",\"contentUrl\":\"https:\\\/\\\/redenoticiaz.com.br\\\/litoralsp\\\/wp-content\\\/uploads\\\/sites\\\/3\\\/2020\\\/11\\\/logo.jpg\",\"width\":400,\"height\":250,\"caption\":\"Litoral SP\"},\"image\":{\"@id\":\"https:\\\/\\\/redenoticiaz.com.br\\\/litoralsp\\\/#\\\/schema\\\/logo\\\/image\\\/\"}},{\"@type\":\"Person\",\"@id\":\"https:\\\/\\\/redenoticiaz.com.br\\\/litoralsp\\\/#\\\/schema\\\/person\\\/16057b37a3c0ee6b096d7f887c566e2e\",\"name\":\"Gustavo Silva\",\"image\":{\"@type\":\"ImageObject\",\"inLanguage\":\"pt-BR\",\"@id\":\"https:\\\/\\\/secure.gravatar.com\\\/avatar\\\/3ee4e82f93b26de0a7cf4ea5eb7893da637ed6bb0c9170c58065944c56e28a33?s=96&d=mm&r=g\",\"url\":\"https:\\\/\\\/secure.gravatar.com\\\/avatar\\\/3ee4e82f93b26de0a7cf4ea5eb7893da637ed6bb0c9170c58065944c56e28a33?s=96&d=mm&r=g\",\"contentUrl\":\"https:\\\/\\\/secure.gravatar.com\\\/avatar\\\/3ee4e82f93b26de0a7cf4ea5eb7893da637ed6bb0c9170c58065944c56e28a33?s=96&d=mm&r=g\",\"caption\":\"Gustavo Silva\"},\"url\":\"https:\\\/\\\/redenoticiaz.com.br\\\/litoralsp\\\/author\\\/gustavosilva\"}]}<\/script>\n<!-- \/ Yoast SEO plugin. -->","yoast_head_json":{"title":"Papa celebra missa do Domingo de Ramos - Litoral SP","description":"O papa Francisco participou hoje (2) da missa do Domingo de Ramos, cerim\u00f4nia que d\u00e1 in\u00edcio \u00e0 Semana Santa. A celebra\u00e7\u00e3o foi Pra\u00e7a S\u00e3o Pedro, no Vaticano, com a tradicional e solene prociss\u00e3o de ramos","robots":{"index":"index","follow":"follow","max-snippet":"max-snippet:-1","max-image-preview":"max-image-preview:large","max-video-preview":"max-video-preview:-1"},"canonical":"https:\/\/redenoticiaz.com.br\/litoralsp\/2023\/04\/02\/papa-celebra-missa-do-domingo-de-ramos","og_locale":"pt_BR","og_type":"article","og_title":"Papa celebra missa do Domingo de Ramos - Litoral SP","og_description":"O papa Francisco participou hoje (2) da missa do Domingo de Ramos, cerim\u00f4nia que d\u00e1 in\u00edcio \u00e0 Semana Santa. A celebra\u00e7\u00e3o foi Pra\u00e7a S\u00e3o Pedro, no Vaticano, com a tradicional e solene prociss\u00e3o de ramos","og_url":"https:\/\/redenoticiaz.com.br\/litoralsp\/2023\/04\/02\/papa-celebra-missa-do-domingo-de-ramos","og_site_name":"Litoral SP","article_published_time":"2023-04-02T18:37:48+00:00","article_modified_time":"2023-04-02T18:41:47+00:00","og_image":[{"width":1170,"height":700,"url":"https:\/\/redenoticiaz.com.br\/litoralsp\/wp-content\/uploads\/sites\/3\/2023\/04\/cq5dam.web_.800.8002.jpg","type":"image\/jpeg"}],"author":"Gustavo Silva","twitter_card":"summary_large_image","twitter_misc":{"Escrito por":"Gustavo Silva","Est. tempo de leitura":"2 minutos"},"schema":{"@context":"https:\/\/schema.org","@graph":[{"@type":"Article","@id":"https:\/\/redenoticiaz.com.br\/litoralsp\/2023\/04\/02\/papa-celebra-missa-do-domingo-de-ramos#article","isPartOf":{"@id":"https:\/\/redenoticiaz.com.br\/litoralsp\/2023\/04\/02\/papa-celebra-missa-do-domingo-de-ramos"},"author":{"name":"Gustavo Silva","@id":"https:\/\/redenoticiaz.com.br\/litoralsp\/#\/schema\/person\/16057b37a3c0ee6b096d7f887c566e2e"},"headline":"Papa celebra missa do Domingo de Ramos","datePublished":"2023-04-02T18:37:48+00:00","dateModified":"2023-04-02T18:41:47+00:00","mainEntityOfPage":{"@id":"https:\/\/redenoticiaz.com.br\/litoralsp\/2023\/04\/02\/papa-celebra-missa-do-domingo-de-ramos"},"wordCount":239,"commentCount":0,"publisher":{"@id":"https:\/\/redenoticiaz.com.br\/litoralsp\/#organization"},"image":{"@id":"https:\/\/redenoticiaz.com.br\/litoralsp\/2023\/04\/02\/papa-celebra-missa-do-domingo-de-ramos#primaryimage"},"thumbnailUrl":"https:\/\/redenoticiaz.com.br\/litoralsp\/wp-content\/uploads\/sites\/3\/2023\/04\/cq5dam.web_.800.8002.jpg","keywords":["domingo de ramos","papa","P\u00c1SCOA","ramos","VATICANO"],"articleSection":["Mundo"],"inLanguage":"pt-BR","potentialAction":[{"@type":"CommentAction","name":"Comment","target":["https:\/\/redenoticiaz.com.br\/litoralsp\/2023\/04\/02\/papa-celebra-missa-do-domingo-de-ramos#respond"]}]},{"@type":"WebPage","@id":"https:\/\/redenoticiaz.com.br\/litoralsp\/2023\/04\/02\/papa-celebra-missa-do-domingo-de-ramos","url":"https:\/\/redenoticiaz.com.br\/litoralsp\/2023\/04\/02\/papa-celebra-missa-do-domingo-de-ramos","name":"Papa celebra missa do Domingo de Ramos - Litoral SP","isPartOf":{"@id":"https:\/\/redenoticiaz.com.br\/litoralsp\/#website"},"primaryImageOfPage":{"@id":"https:\/\/redenoticiaz.com.br\/litoralsp\/2023\/04\/02\/papa-celebra-missa-do-domingo-de-ramos#primaryimage"},"image":{"@id":"https:\/\/redenoticiaz.com.br\/litoralsp\/2023\/04\/02\/papa-celebra-missa-do-domingo-de-ramos#primaryimage"},"thumbnailUrl":"https:\/\/redenoticiaz.com.br\/litoralsp\/wp-content\/uploads\/sites\/3\/2023\/04\/cq5dam.web_.800.8002.jpg","datePublished":"2023-04-02T18:37:48+00:00","dateModified":"2023-04-02T18:41:47+00:00","description":"O papa Francisco participou hoje (2) da missa do Domingo de Ramos, cerim\u00f4nia que d\u00e1 in\u00edcio \u00e0 Semana Santa. A celebra\u00e7\u00e3o foi Pra\u00e7a S\u00e3o Pedro, no Vaticano, com a tradicional e solene prociss\u00e3o de ramos","inLanguage":"pt-BR","potentialAction":[{"@type":"ReadAction","target":["https:\/\/redenoticiaz.com.br\/litoralsp\/2023\/04\/02\/papa-celebra-missa-do-domingo-de-ramos"]}]},{"@type":"ImageObject","inLanguage":"pt-BR","@id":"https:\/\/redenoticiaz.com.br\/litoralsp\/2023\/04\/02\/papa-celebra-missa-do-domingo-de-ramos#primaryimage","url":"https:\/\/redenoticiaz.com.br\/litoralsp\/wp-content\/uploads\/sites\/3\/2023\/04\/cq5dam.web_.800.8002.jpg","contentUrl":"https:\/\/redenoticiaz.com.br\/litoralsp\/wp-content\/uploads\/sites\/3\/2023\/04\/cq5dam.web_.800.8002.jpg","width":1170,"height":700,"caption":"Papa celebra missa do Domingo de Ramos"},{"@type":"WebSite","@id":"https:\/\/redenoticiaz.com.br\/litoralsp\/#website","url":"https:\/\/redenoticiaz.com.br\/litoralsp\/","name":"Litoral SP","description":"Rede NoticiaZ","publisher":{"@id":"https:\/\/redenoticiaz.com.br\/litoralsp\/#organization"},"potentialAction":[{"@type":"SearchAction","target":{"@type":"EntryPoint","urlTemplate":"https:\/\/redenoticiaz.com.br\/litoralsp\/?s={search_term_string}"},"query-input":{"@type":"PropertyValueSpecification","valueRequired":true,"valueName":"search_term_string"}}],"inLanguage":"pt-BR"},{"@type":"Organization","@id":"https:\/\/redenoticiaz.com.br\/litoralsp\/#organization","name":"Litoral SP","url":"https:\/\/redenoticiaz.com.br\/litoralsp\/","logo":{"@type":"ImageObject","inLanguage":"pt-BR","@id":"https:\/\/redenoticiaz.com.br\/litoralsp\/#\/schema\/logo\/image\/","url":"https:\/\/redenoticiaz.com.br\/litoralsp\/wp-content\/uploads\/sites\/3\/2020\/11\/logo.jpg","contentUrl":"https:\/\/redenoticiaz.com.br\/litoralsp\/wp-content\/uploads\/sites\/3\/2020\/11\/logo.jpg","width":400,"height":250,"caption":"Litoral SP"},"image":{"@id":"https:\/\/redenoticiaz.com.br\/litoralsp\/#\/schema\/logo\/image\/"}},{"@type":"Person","@id":"https:\/\/redenoticiaz.com.br\/litoralsp\/#\/schema\/person\/16057b37a3c0ee6b096d7f887c566e2e","name":"Gustavo Silva","image":{"@type":"ImageObject","inLanguage":"pt-BR","@id":"https:\/\/secure.gravatar.com\/avatar\/3ee4e82f93b26de0a7cf4ea5eb7893da637ed6bb0c9170c58065944c56e28a33?s=96&d=mm&r=g","url":"https:\/\/secure.gravatar.com\/avatar\/3ee4e82f93b26de0a7cf4ea5eb7893da637ed6bb0c9170c58065944c56e28a33?s=96&d=mm&r=g","contentUrl":"https:\/\/secure.gravatar.com\/avatar\/3ee4e82f93b26de0a7cf4ea5eb7893da637ed6bb0c9170c58065944c56e28a33?s=96&d=mm&r=g","caption":"Gustavo Silva"},"url":"https:\/\/redenoticiaz.com.br\/litoralsp\/author\/gustavosilva"}]}},"_links":{"self":[{"href":"https:\/\/redenoticiaz.com.br\/litoralsp\/wp-json\/wp\/v2\/posts\/103493","targetHints":{"allow":["GET"]}}],"collection":[{"href":"https:\/\/redenoticiaz.com.br\/litoralsp\/wp-json\/wp\/v2\/posts"}],"about":[{"href":"https:\/\/redenoticiaz.com.br\/litoralsp\/wp-json\/wp\/v2\/types\/post"}],"author":[{"embeddable":true,"href":"https:\/\/redenoticiaz.com.br\/litoralsp\/wp-json\/wp\/v2\/users\/12"}],"replies":[{"embeddable":true,"href":"https:\/\/redenoticiaz.com.br\/litoralsp\/wp-json\/wp\/v2\/comments?post=103493"}],"version-history":[{"count":1,"href":"https:\/\/redenoticiaz.com.br\/litoralsp\/wp-json\/wp\/v2\/posts\/103493\/revisions"}],"predecessor-version":[{"id":103495,"href":"https:\/\/redenoticiaz.com.br\/litoralsp\/wp-json\/wp\/v2\/posts\/103493\/revisions\/103495"}],"wp:featuredmedia":[{"embeddable":true,"href":"https:\/\/redenoticiaz.com.br\/litoralsp\/wp-json\/wp\/v2\/media\/103494"}],"wp:attachment":[{"href":"https:\/\/redenoticiaz.com.br\/litoralsp\/wp-json\/wp\/v2\/media?parent=103493"}],"wp:term":[{"taxonomy":"category","embeddable":true,"href":"https:\/\/redenoticiaz.com.br\/litoralsp\/wp-json\/wp\/v2\/categories?post=103493"},{"taxonomy":"post_tag","embeddable":true,"href":"https:\/\/redenoticiaz.com.br\/litoralsp\/wp-json\/wp\/v2\/tags?post=103493"}],"curies":[{"name":"wp","href":"https:\/\/api.w.org\/{rel}","templated":true}]}}