{"id":103645,"date":"2023-04-05T12:09:03","date_gmt":"2023-04-05T15:09:03","guid":{"rendered":"https:\/\/redenoticiaz.com.br\/litoralsp\/?p=103645"},"modified":"2023-04-05T12:09:03","modified_gmt":"2023-04-05T15:09:03","slug":"mercado-de-peixes-e-alvo-de-fiscalizacao","status":"publish","type":"post","link":"https:\/\/redenoticiaz.com.br\/litoralsp\/2023\/04\/05\/mercado-de-peixes-e-alvo-de-fiscalizacao","title":{"rendered":"Mercado de Peixes \u00e9 alvo de fiscaliza\u00e7\u00e3o"},"content":{"rendered":"<p>O Mercado de Peixes, na Ponta da Praia, em Santos, certamente ter\u00e1 um movimento intenso de clientes, em raz\u00e3o da Semana Santa e da P\u00e1scoa. Por isso, a miss\u00e3o \u00e9 garantir que os peixes, pescados e demais alimentos estejam bem conservados. A Secretaria Municipal de Sa\u00fade, por meio das se\u00e7\u00f5es de Vigil\u00e2ncia Sanit\u00e1ria e de Controle de Vetores, realizaram uma <strong>for\u00e7a-tarefa<\/strong>, na manh\u00e3 desta ter\u00e7a-feira (4).<\/p>\n<p>Na a\u00e7\u00e3o, de acordo com a pasta, foram analisados documentos, a higiene e a qualidade dos pescados. Nenhuma irregularidade foi encontrada durante a a\u00e7\u00e3o.<\/p>\n<p>De acordo com a prefeitura, os fiscais visitaram os 20 boxes e observaram quest\u00f5es ligadas \u00e0 vig\u00eancia de alvar\u00e1 de funcionamento, licen\u00e7a sanit\u00e1ria e curso de manipula\u00e7\u00e3o de alimentos.<\/p>\n<p>Al\u00e9m disso, avaliaram o estado de conserva\u00e7\u00e3o e limpeza de t\u00e1buas de cortes, lixeiras, uniforme dos funcion\u00e1rios, armazenamento de produtos, quantidade de gelo nos locais de exposi\u00e7\u00e3o e limpeza de caixa de \u00e1gua.<\/p>\n<p>Em nota, a chefe do Departamento de Vigil\u00e2ncia em Sa\u00fade, Ana Paula Valeiras, disse que a fiscaliza\u00e7\u00e3o foi realizada para que a popula\u00e7\u00e3o se sinta segura para o consumo dos pescados. &#8220;Nenhuma autua\u00e7\u00e3o foi feita, portanto, quem for fazer compras poder\u00e1 vir com total seguran\u00e7a das condi\u00e7\u00f5es sanit\u00e1rias&#8221;.<\/p>\n<p><strong>LEIA TAMB\u00c9M<\/strong><\/p>\n<p><a href=\"https:\/\/redenoticiaz.com.br\/litoralsp\/2023\/04\/04\/hoteis-do-litoral-paulista-tem-expectativa-de-75-de-ocupacao-no-proximo-feriado\">Hot\u00e9is do Litoral Paulista tem expectativa de 75% de ocupa\u00e7\u00e3o no pr\u00f3ximo feriado<\/a><\/p>\n","protected":false},"excerpt":{"rendered":"<p>O Mercado de Peixes, na Ponta da Praia, em Santos, certamente ter\u00e1 um movimento intenso de clientes, em raz\u00e3o da Semana Santa e da P\u00e1scoa. Por isso, a miss\u00e3o \u00e9 garantir que os peixes, pescados e demais alimentos estejam bem conservados. A Secretaria Municipal de Sa\u00fade, por meio das se\u00e7\u00f5es de Vigil\u00e2ncia Sanit\u00e1ria e de &hellip;<\/p>\n","protected":false},"author":6,"featured_media":103647,"comment_status":"open","ping_status":"closed","sticky":false,"template":"","format":"standard","meta":{"footnotes":""},"categories":[3385,180,23],"tags":[1452,18846,4732,14648,986,17318],"class_list":["post-103645","post","type-post","status-publish","format-standard","has-post-thumbnail","hentry","category-gastronomia","category-santos","category-saude","tag-fiscalizacao","tag-mercado-de-peixes","tag-peixes","tag-pescados","tag-santos","tag-semana-santa"],"yoast_head":"<!-- This site is optimized with the Yoast SEO plugin v27.5 - https:\/\/yoast.com\/product\/yoast-seo-wordpress\/ -->\n<title>Mercado de Peixes \u00e9 alvo de fiscaliza\u00e7\u00e3o - Litoral SP<\/title>\n<meta name=\"description\" content=\"O Mercado de Peixes, na Ponta da Praia, em Santos, certamente ter\u00e1 um movimento intenso de clientes, em raz\u00e3o da Semana Santa e da P\u00e1scoa\" \/>\n<meta name=\"robots\" content=\"index, follow, max-snippet:-1, max-image-preview:large, max-video-preview:-1\" \/>\n<link rel=\"canonical\" href=\"https:\/\/redenoticiaz.com.br\/litoralsp\/2023\/04\/05\/mercado-de-peixes-e-alvo-de-fiscalizacao\" \/>\n<meta property=\"og:locale\" content=\"pt_BR\" \/>\n<meta property=\"og:type\" content=\"article\" \/>\n<meta property=\"og:title\" content=\"Mercado de Peixes \u00e9 alvo de fiscaliza\u00e7\u00e3o - Litoral SP\" \/>\n<meta property=\"og:description\" content=\"O Mercado de Peixes, na Ponta da Praia, em Santos, certamente ter\u00e1 um movimento intenso de clientes, em raz\u00e3o da Semana Santa e da P\u00e1scoa\" \/>\n<meta property=\"og:url\" content=\"https:\/\/redenoticiaz.com.br\/litoralsp\/2023\/04\/05\/mercado-de-peixes-e-alvo-de-fiscalizacao\" \/>\n<meta property=\"og:site_name\" content=\"Litoral SP\" \/>\n<meta property=\"article:published_time\" content=\"2023-04-05T15:09:03+00:00\" \/>\n<meta property=\"og:image\" content=\"https:\/\/redenoticiaz.com.br\/litoralsp\/wp-content\/uploads\/sites\/3\/2023\/04\/vigilancia-mercado.jpg\" \/>\n\t<meta property=\"og:image:width\" content=\"927\" \/>\n\t<meta property=\"og:image:height\" content=\"618\" \/>\n\t<meta property=\"og:image:type\" content=\"image\/jpeg\" \/>\n<meta name=\"author\" content=\"Leonardo Francisco\" \/>\n<meta name=\"twitter:card\" content=\"summary_large_image\" \/>\n<meta name=\"twitter:label1\" content=\"Escrito por\" \/>\n\t<meta name=\"twitter:data1\" content=\"Leonardo Francisco\" \/>\n\t<meta name=\"twitter:label2\" content=\"Est. tempo de leitura\" \/>\n\t<meta name=\"twitter:data2\" content=\"2 minutos\" \/>\n<script type=\"application\/ld+json\" class=\"yoast-schema-graph\">{\"@context\":\"https:\\\/\\\/schema.org\",\"@graph\":[{\"@type\":\"Article\",\"@id\":\"https:\\\/\\\/redenoticiaz.com.br\\\/litoralsp\\\/2023\\\/04\\\/05\\\/mercado-de-peixes-e-alvo-de-fiscalizacao#article\",\"isPartOf\":{\"@id\":\"https:\\\/\\\/redenoticiaz.com.br\\\/litoralsp\\\/2023\\\/04\\\/05\\\/mercado-de-peixes-e-alvo-de-fiscalizacao\"},\"author\":{\"name\":\"Leonardo Francisco\",\"@id\":\"https:\\\/\\\/redenoticiaz.com.br\\\/litoralsp\\\/#\\\/schema\\\/person\\\/0f0b8a5bdafefe82841e07ae8d81ecb3\"},\"headline\":\"Mercado de Peixes \u00e9 alvo de fiscaliza\u00e7\u00e3o\",\"datePublished\":\"2023-04-05T15:09:03+00:00\",\"mainEntityOfPage\":{\"@id\":\"https:\\\/\\\/redenoticiaz.com.br\\\/litoralsp\\\/2023\\\/04\\\/05\\\/mercado-de-peixes-e-alvo-de-fiscalizacao\"},\"wordCount\":250,\"commentCount\":0,\"publisher\":{\"@id\":\"https:\\\/\\\/redenoticiaz.com.br\\\/litoralsp\\\/#organization\"},\"image\":{\"@id\":\"https:\\\/\\\/redenoticiaz.com.br\\\/litoralsp\\\/2023\\\/04\\\/05\\\/mercado-de-peixes-e-alvo-de-fiscalizacao#primaryimage\"},\"thumbnailUrl\":\"https:\\\/\\\/redenoticiaz.com.br\\\/litoralsp\\\/wp-content\\\/uploads\\\/sites\\\/3\\\/2023\\\/04\\\/vigilancia-mercado.jpg\",\"keywords\":[\"FISCALIZA\u00c7\u00c3O\",\"MERCADO DE PEIXES\",\"PEIXES\",\"PESCADOS\",\"Santos\",\"SEMANA SANTA\"],\"articleSection\":[\"Gastronomia\",\"Santos\",\"Sa\u00fade\"],\"inLanguage\":\"pt-BR\",\"potentialAction\":[{\"@type\":\"CommentAction\",\"name\":\"Comment\",\"target\":[\"https:\\\/\\\/redenoticiaz.com.br\\\/litoralsp\\\/2023\\\/04\\\/05\\\/mercado-de-peixes-e-alvo-de-fiscalizacao#respond\"]}]},{\"@type\":\"WebPage\",\"@id\":\"https:\\\/\\\/redenoticiaz.com.br\\\/litoralsp\\\/2023\\\/04\\\/05\\\/mercado-de-peixes-e-alvo-de-fiscalizacao\",\"url\":\"https:\\\/\\\/redenoticiaz.com.br\\\/litoralsp\\\/2023\\\/04\\\/05\\\/mercado-de-peixes-e-alvo-de-fiscalizacao\",\"name\":\"Mercado de Peixes \u00e9 alvo de fiscaliza\u00e7\u00e3o - Litoral SP\",\"isPartOf\":{\"@id\":\"https:\\\/\\\/redenoticiaz.com.br\\\/litoralsp\\\/#website\"},\"primaryImageOfPage\":{\"@id\":\"https:\\\/\\\/redenoticiaz.com.br\\\/litoralsp\\\/2023\\\/04\\\/05\\\/mercado-de-peixes-e-alvo-de-fiscalizacao#primaryimage\"},\"image\":{\"@id\":\"https:\\\/\\\/redenoticiaz.com.br\\\/litoralsp\\\/2023\\\/04\\\/05\\\/mercado-de-peixes-e-alvo-de-fiscalizacao#primaryimage\"},\"thumbnailUrl\":\"https:\\\/\\\/redenoticiaz.com.br\\\/litoralsp\\\/wp-content\\\/uploads\\\/sites\\\/3\\\/2023\\\/04\\\/vigilancia-mercado.jpg\",\"datePublished\":\"2023-04-05T15:09:03+00:00\",\"description\":\"O Mercado de Peixes, na Ponta da Praia, em Santos, certamente ter\u00e1 um movimento intenso de clientes, em raz\u00e3o da Semana Santa e da P\u00e1scoa\",\"inLanguage\":\"pt-BR\",\"potentialAction\":[{\"@type\":\"ReadAction\",\"target\":[\"https:\\\/\\\/redenoticiaz.com.br\\\/litoralsp\\\/2023\\\/04\\\/05\\\/mercado-de-peixes-e-alvo-de-fiscalizacao\"]}]},{\"@type\":\"ImageObject\",\"inLanguage\":\"pt-BR\",\"@id\":\"https:\\\/\\\/redenoticiaz.com.br\\\/litoralsp\\\/2023\\\/04\\\/05\\\/mercado-de-peixes-e-alvo-de-fiscalizacao#primaryimage\",\"url\":\"https:\\\/\\\/redenoticiaz.com.br\\\/litoralsp\\\/wp-content\\\/uploads\\\/sites\\\/3\\\/2023\\\/04\\\/vigilancia-mercado.jpg\",\"contentUrl\":\"https:\\\/\\\/redenoticiaz.com.br\\\/litoralsp\\\/wp-content\\\/uploads\\\/sites\\\/3\\\/2023\\\/04\\\/vigilancia-mercado.jpg\",\"width\":927,\"height\":618,\"caption\":\"Cr\u00e9ditos: Divulga\u00e7\u00e3o\\\/Prefeitura de Santos\"},{\"@type\":\"WebSite\",\"@id\":\"https:\\\/\\\/redenoticiaz.com.br\\\/litoralsp\\\/#website\",\"url\":\"https:\\\/\\\/redenoticiaz.com.br\\\/litoralsp\\\/\",\"name\":\"Litoral SP\",\"description\":\"Rede NoticiaZ\",\"publisher\":{\"@id\":\"https:\\\/\\\/redenoticiaz.com.br\\\/litoralsp\\\/#organization\"},\"potentialAction\":[{\"@type\":\"SearchAction\",\"target\":{\"@type\":\"EntryPoint\",\"urlTemplate\":\"https:\\\/\\\/redenoticiaz.com.br\\\/litoralsp\\\/?s={search_term_string}\"},\"query-input\":{\"@type\":\"PropertyValueSpecification\",\"valueRequired\":true,\"valueName\":\"search_term_string\"}}],\"inLanguage\":\"pt-BR\"},{\"@type\":\"Organization\",\"@id\":\"https:\\\/\\\/redenoticiaz.com.br\\\/litoralsp\\\/#organization\",\"name\":\"Litoral SP\",\"url\":\"https:\\\/\\\/redenoticiaz.com.br\\\/litoralsp\\\/\",\"logo\":{\"@type\":\"ImageObject\",\"inLanguage\":\"pt-BR\",\"@id\":\"https:\\\/\\\/redenoticiaz.com.br\\\/litoralsp\\\/#\\\/schema\\\/logo\\\/image\\\/\",\"url\":\"https:\\\/\\\/redenoticiaz.com.br\\\/litoralsp\\\/wp-content\\\/uploads\\\/sites\\\/3\\\/2020\\\/11\\\/logo.jpg\",\"contentUrl\":\"https:\\\/\\\/redenoticiaz.com.br\\\/litoralsp\\\/wp-content\\\/uploads\\\/sites\\\/3\\\/2020\\\/11\\\/logo.jpg\",\"width\":400,\"height\":250,\"caption\":\"Litoral SP\"},\"image\":{\"@id\":\"https:\\\/\\\/redenoticiaz.com.br\\\/litoralsp\\\/#\\\/schema\\\/logo\\\/image\\\/\"}},{\"@type\":\"Person\",\"@id\":\"https:\\\/\\\/redenoticiaz.com.br\\\/litoralsp\\\/#\\\/schema\\\/person\\\/0f0b8a5bdafefe82841e07ae8d81ecb3\",\"name\":\"Leonardo Francisco\",\"image\":{\"@type\":\"ImageObject\",\"inLanguage\":\"pt-BR\",\"@id\":\"https:\\\/\\\/secure.gravatar.com\\\/avatar\\\/a7358cb406a99b682ec6df1e77e31ae82e63601f6784e8a3df411d72b37864da?s=96&d=mm&r=g\",\"url\":\"https:\\\/\\\/secure.gravatar.com\\\/avatar\\\/a7358cb406a99b682ec6df1e77e31ae82e63601f6784e8a3df411d72b37864da?s=96&d=mm&r=g\",\"contentUrl\":\"https:\\\/\\\/secure.gravatar.com\\\/avatar\\\/a7358cb406a99b682ec6df1e77e31ae82e63601f6784e8a3df411d72b37864da?s=96&d=mm&r=g\",\"caption\":\"Leonardo Francisco\"},\"url\":\"https:\\\/\\\/redenoticiaz.com.br\\\/litoralsp\\\/author\\\/leonardo-francisco\"}]}<\/script>\n<!-- \/ Yoast SEO plugin. -->","yoast_head_json":{"title":"Mercado de Peixes \u00e9 alvo de fiscaliza\u00e7\u00e3o - Litoral SP","description":"O Mercado de Peixes, na Ponta da Praia, em Santos, certamente ter\u00e1 um movimento intenso de clientes, em raz\u00e3o da Semana Santa e da P\u00e1scoa","robots":{"index":"index","follow":"follow","max-snippet":"max-snippet:-1","max-image-preview":"max-image-preview:large","max-video-preview":"max-video-preview:-1"},"canonical":"https:\/\/redenoticiaz.com.br\/litoralsp\/2023\/04\/05\/mercado-de-peixes-e-alvo-de-fiscalizacao","og_locale":"pt_BR","og_type":"article","og_title":"Mercado de Peixes \u00e9 alvo de fiscaliza\u00e7\u00e3o - Litoral SP","og_description":"O Mercado de Peixes, na Ponta da Praia, em Santos, certamente ter\u00e1 um movimento intenso de clientes, em raz\u00e3o da Semana Santa e da P\u00e1scoa","og_url":"https:\/\/redenoticiaz.com.br\/litoralsp\/2023\/04\/05\/mercado-de-peixes-e-alvo-de-fiscalizacao","og_site_name":"Litoral SP","article_published_time":"2023-04-05T15:09:03+00:00","og_image":[{"width":927,"height":618,"url":"https:\/\/redenoticiaz.com.br\/litoralsp\/wp-content\/uploads\/sites\/3\/2023\/04\/vigilancia-mercado.jpg","type":"image\/jpeg"}],"author":"Leonardo Francisco","twitter_card":"summary_large_image","twitter_misc":{"Escrito por":"Leonardo Francisco","Est. tempo de leitura":"2 minutos"},"schema":{"@context":"https:\/\/schema.org","@graph":[{"@type":"Article","@id":"https:\/\/redenoticiaz.com.br\/litoralsp\/2023\/04\/05\/mercado-de-peixes-e-alvo-de-fiscalizacao#article","isPartOf":{"@id":"https:\/\/redenoticiaz.com.br\/litoralsp\/2023\/04\/05\/mercado-de-peixes-e-alvo-de-fiscalizacao"},"author":{"name":"Leonardo Francisco","@id":"https:\/\/redenoticiaz.com.br\/litoralsp\/#\/schema\/person\/0f0b8a5bdafefe82841e07ae8d81ecb3"},"headline":"Mercado de Peixes \u00e9 alvo de fiscaliza\u00e7\u00e3o","datePublished":"2023-04-05T15:09:03+00:00","mainEntityOfPage":{"@id":"https:\/\/redenoticiaz.com.br\/litoralsp\/2023\/04\/05\/mercado-de-peixes-e-alvo-de-fiscalizacao"},"wordCount":250,"commentCount":0,"publisher":{"@id":"https:\/\/redenoticiaz.com.br\/litoralsp\/#organization"},"image":{"@id":"https:\/\/redenoticiaz.com.br\/litoralsp\/2023\/04\/05\/mercado-de-peixes-e-alvo-de-fiscalizacao#primaryimage"},"thumbnailUrl":"https:\/\/redenoticiaz.com.br\/litoralsp\/wp-content\/uploads\/sites\/3\/2023\/04\/vigilancia-mercado.jpg","keywords":["FISCALIZA\u00c7\u00c3O","MERCADO DE PEIXES","PEIXES","PESCADOS","Santos","SEMANA SANTA"],"articleSection":["Gastronomia","Santos","Sa\u00fade"],"inLanguage":"pt-BR","potentialAction":[{"@type":"CommentAction","name":"Comment","target":["https:\/\/redenoticiaz.com.br\/litoralsp\/2023\/04\/05\/mercado-de-peixes-e-alvo-de-fiscalizacao#respond"]}]},{"@type":"WebPage","@id":"https:\/\/redenoticiaz.com.br\/litoralsp\/2023\/04\/05\/mercado-de-peixes-e-alvo-de-fiscalizacao","url":"https:\/\/redenoticiaz.com.br\/litoralsp\/2023\/04\/05\/mercado-de-peixes-e-alvo-de-fiscalizacao","name":"Mercado de Peixes \u00e9 alvo de fiscaliza\u00e7\u00e3o - Litoral SP","isPartOf":{"@id":"https:\/\/redenoticiaz.com.br\/litoralsp\/#website"},"primaryImageOfPage":{"@id":"https:\/\/redenoticiaz.com.br\/litoralsp\/2023\/04\/05\/mercado-de-peixes-e-alvo-de-fiscalizacao#primaryimage"},"image":{"@id":"https:\/\/redenoticiaz.com.br\/litoralsp\/2023\/04\/05\/mercado-de-peixes-e-alvo-de-fiscalizacao#primaryimage"},"thumbnailUrl":"https:\/\/redenoticiaz.com.br\/litoralsp\/wp-content\/uploads\/sites\/3\/2023\/04\/vigilancia-mercado.jpg","datePublished":"2023-04-05T15:09:03+00:00","description":"O Mercado de Peixes, na Ponta da Praia, em Santos, certamente ter\u00e1 um movimento intenso de clientes, em raz\u00e3o da Semana Santa e da P\u00e1scoa","inLanguage":"pt-BR","potentialAction":[{"@type":"ReadAction","target":["https:\/\/redenoticiaz.com.br\/litoralsp\/2023\/04\/05\/mercado-de-peixes-e-alvo-de-fiscalizacao"]}]},{"@type":"ImageObject","inLanguage":"pt-BR","@id":"https:\/\/redenoticiaz.com.br\/litoralsp\/2023\/04\/05\/mercado-de-peixes-e-alvo-de-fiscalizacao#primaryimage","url":"https:\/\/redenoticiaz.com.br\/litoralsp\/wp-content\/uploads\/sites\/3\/2023\/04\/vigilancia-mercado.jpg","contentUrl":"https:\/\/redenoticiaz.com.br\/litoralsp\/wp-content\/uploads\/sites\/3\/2023\/04\/vigilancia-mercado.jpg","width":927,"height":618,"caption":"Cr\u00e9ditos: Divulga\u00e7\u00e3o\/Prefeitura de Santos"},{"@type":"WebSite","@id":"https:\/\/redenoticiaz.com.br\/litoralsp\/#website","url":"https:\/\/redenoticiaz.com.br\/litoralsp\/","name":"Litoral SP","description":"Rede NoticiaZ","publisher":{"@id":"https:\/\/redenoticiaz.com.br\/litoralsp\/#organization"},"potentialAction":[{"@type":"SearchAction","target":{"@type":"EntryPoint","urlTemplate":"https:\/\/redenoticiaz.com.br\/litoralsp\/?s={search_term_string}"},"query-input":{"@type":"PropertyValueSpecification","valueRequired":true,"valueName":"search_term_string"}}],"inLanguage":"pt-BR"},{"@type":"Organization","@id":"https:\/\/redenoticiaz.com.br\/litoralsp\/#organization","name":"Litoral SP","url":"https:\/\/redenoticiaz.com.br\/litoralsp\/","logo":{"@type":"ImageObject","inLanguage":"pt-BR","@id":"https:\/\/redenoticiaz.com.br\/litoralsp\/#\/schema\/logo\/image\/","url":"https:\/\/redenoticiaz.com.br\/litoralsp\/wp-content\/uploads\/sites\/3\/2020\/11\/logo.jpg","contentUrl":"https:\/\/redenoticiaz.com.br\/litoralsp\/wp-content\/uploads\/sites\/3\/2020\/11\/logo.jpg","width":400,"height":250,"caption":"Litoral SP"},"image":{"@id":"https:\/\/redenoticiaz.com.br\/litoralsp\/#\/schema\/logo\/image\/"}},{"@type":"Person","@id":"https:\/\/redenoticiaz.com.br\/litoralsp\/#\/schema\/person\/0f0b8a5bdafefe82841e07ae8d81ecb3","name":"Leonardo Francisco","image":{"@type":"ImageObject","inLanguage":"pt-BR","@id":"https:\/\/secure.gravatar.com\/avatar\/a7358cb406a99b682ec6df1e77e31ae82e63601f6784e8a3df411d72b37864da?s=96&d=mm&r=g","url":"https:\/\/secure.gravatar.com\/avatar\/a7358cb406a99b682ec6df1e77e31ae82e63601f6784e8a3df411d72b37864da?s=96&d=mm&r=g","contentUrl":"https:\/\/secure.gravatar.com\/avatar\/a7358cb406a99b682ec6df1e77e31ae82e63601f6784e8a3df411d72b37864da?s=96&d=mm&r=g","caption":"Leonardo Francisco"},"url":"https:\/\/redenoticiaz.com.br\/litoralsp\/author\/leonardo-francisco"}]}},"_links":{"self":[{"href":"https:\/\/redenoticiaz.com.br\/litoralsp\/wp-json\/wp\/v2\/posts\/103645","targetHints":{"allow":["GET"]}}],"collection":[{"href":"https:\/\/redenoticiaz.com.br\/litoralsp\/wp-json\/wp\/v2\/posts"}],"about":[{"href":"https:\/\/redenoticiaz.com.br\/litoralsp\/wp-json\/wp\/v2\/types\/post"}],"author":[{"embeddable":true,"href":"https:\/\/redenoticiaz.com.br\/litoralsp\/wp-json\/wp\/v2\/users\/6"}],"replies":[{"embeddable":true,"href":"https:\/\/redenoticiaz.com.br\/litoralsp\/wp-json\/wp\/v2\/comments?post=103645"}],"version-history":[{"count":1,"href":"https:\/\/redenoticiaz.com.br\/litoralsp\/wp-json\/wp\/v2\/posts\/103645\/revisions"}],"predecessor-version":[{"id":103646,"href":"https:\/\/redenoticiaz.com.br\/litoralsp\/wp-json\/wp\/v2\/posts\/103645\/revisions\/103646"}],"wp:featuredmedia":[{"embeddable":true,"href":"https:\/\/redenoticiaz.com.br\/litoralsp\/wp-json\/wp\/v2\/media\/103647"}],"wp:attachment":[{"href":"https:\/\/redenoticiaz.com.br\/litoralsp\/wp-json\/wp\/v2\/media?parent=103645"}],"wp:term":[{"taxonomy":"category","embeddable":true,"href":"https:\/\/redenoticiaz.com.br\/litoralsp\/wp-json\/wp\/v2\/categories?post=103645"},{"taxonomy":"post_tag","embeddable":true,"href":"https:\/\/redenoticiaz.com.br\/litoralsp\/wp-json\/wp\/v2\/tags?post=103645"}],"curies":[{"name":"wp","href":"https:\/\/api.w.org\/{rel}","templated":true}]}}