{"id":103752,"date":"2023-04-09T13:00:46","date_gmt":"2023-04-09T16:00:46","guid":{"rendered":"https:\/\/redenoticiaz.com.br\/litoralsp\/?p=103752"},"modified":"2023-04-06T21:52:50","modified_gmt":"2023-04-07T00:52:50","slug":"governo-estuda-criar-disque-denuncia-contra-violencia-nas-escolas","status":"publish","type":"post","link":"https:\/\/redenoticiaz.com.br\/litoralsp\/2023\/04\/09\/governo-estuda-criar-disque-denuncia-contra-violencia-nas-escolas","title":{"rendered":"Governo estuda criar disque den\u00fancia contra viol\u00eancia nas escolas"},"content":{"rendered":"<p>A primeira reuni\u00e3o do grupo de trabalho interministerial criado para propor pol\u00edticas p\u00fablicas de preven\u00e7\u00e3o e enfrentamento da viol\u00eancia nas escolas foi realizada na manh\u00e3 desta quinta-feira (6), na sede do Minist\u00e9rio da Educa\u00e7\u00e3o (MEC).<\/p>\n<p>A reuni\u00e3o ocorreu um dia ap\u00f3s o\u00a0<a href=\"https:\/\/agenciabrasil.ebc.com.br\/geral\/noticia\/2023-04\/homem-invade-creche-em-blumenau-e-mata-quatro-criancas\" target=\"_blank\" rel=\"noopener\">ataque \u00e0 creche privada Cantinho Bom Pastor<\/a>, em Blumenau (SC), em que quatro crian\u00e7as morreram.<\/p>\n<p>Ap\u00f3s a reuni\u00e3o do grupo, em Bras\u00edlia, os ministros anunciaram, em coletiva \u00e0 imprensa, que foram discutidas a\u00e7\u00f5es imediatas e outras a serem adotadas em\u00a0m\u00e9dio e longo prazos para combater o problema.<\/p>\n<h2>Primeiras propostas<\/h2>\n<p>De acordo com o ministro da Educa\u00e7\u00e3o, Camilo Santana, que coordena o grupo de trabalho, a primeira proposta \u00e9 a cria\u00e7\u00e3o de um disque den\u00fancia \u2013 um\u00a0canal telef\u00f4nico direto e espec\u00edfico para relatos de\u00a0casos suspeitos de ataques a institui\u00e7\u00f5es de ensino. \u201c\u00c9 importante as pessoas se anteciparem, se notarem um epis\u00f3dio suspeito em rela\u00e7\u00e3o a um colega de sala de aula, a\u00a0alguma pessoa na rua, no bairro. Ent\u00e3o, queremos ver a viabilidade de criar esse canal de den\u00fancia de viol\u00eancias nas escolas o mais r\u00e1pido poss\u00edvel e ter esse canal mais \u00e1gil\u201d, destacou Camilo Santana.<\/p>\n<p>A proposta \u00e9 que o novo servi\u00e7o funcione nos moldes de duas centrais telef\u00f4nicas do governo federal:\u00a0o\u00a0Disque 100, coordenado pelo Minist\u00e9rio dos Direitos Humanos e da Cidadania, e o Ligue 180, coordenado pelo Minist\u00e9rio das Mulheres.<\/p>\n<p>O governo federal tamb\u00e9m vai elaborar um protocolo de emerg\u00eancia para orientar as escolas p\u00fablicas e privadas e os profissionais de educa\u00e7\u00e3o sobre como agir em caso de novos ataques.<\/p>\n<p>O ministro da Educa\u00e7\u00e3o disse que, em outra frente, o Minist\u00e9rio dos Direitos Humanos e da Cidadania, que j\u00e1 vinha fazendo um trabalho de combate ao \u00f3dio, \u00e0 intoler\u00e2ncia e \u00e0 radicaliza\u00e7\u00e3o de grupos, agora, deve antecipar o relat\u00f3rio que que trata especificamente desta quest\u00e3o vivida no ambiente escolar.<\/p>\n<p>Pelo MEC, o governo federal ainda pretende destinar recursos financeiros ao Programa Dinheiro Direto na Escola (PDDE), gerido pelo Fundo Nacional de Desenvolvimento da Educa\u00e7\u00e3o (FNDE) para repassar recursos para media\u00e7\u00e3o de conflitos dentro das unidades escolares.<\/p>\n<p><strong>Leia mais<\/strong><\/p>\n<p><a href=\"https:\/\/redenoticiaz.com.br\/blog\/2023\/04\/06\/prefeitura-de-itupeva-cria-grupo-de-trabalho-de-prevencao-a-violencia-nas-escolas\">Prefeitura de Itupeva cria Grupo de Trabalho de preven\u00e7\u00e3o \u00e0 viol\u00eancia nas escolas<\/a><\/p>\n","protected":false},"excerpt":{"rendered":"<p>A primeira reuni\u00e3o do grupo de trabalho interministerial criado para propor pol\u00edticas p\u00fablicas de preven\u00e7\u00e3o e enfrentamento da viol\u00eancia nas escolas foi realizada na manh\u00e3 desta quinta-feira (6), na sede do Minist\u00e9rio da Educa\u00e7\u00e3o (MEC). A reuni\u00e3o ocorreu um dia ap\u00f3s o\u00a0ataque \u00e0 creche privada Cantinho Bom Pastor, em Blumenau (SC), em que quatro crian\u00e7as &hellip;<\/p>\n","protected":false},"author":12,"featured_media":103753,"comment_status":"open","ping_status":"closed","sticky":false,"template":"","format":"standard","meta":{"footnotes":""},"categories":[10],"tags":[64465,2232,1664,17213],"class_list":["post-103752","post","type-post","status-publish","format-standard","has-post-thumbnail","hentry","category-policia","tag-cantinho-bom-pastor","tag-escolas","tag-massacre","tag-violencia"],"yoast_head":"<!-- This site is optimized with the Yoast SEO plugin v27.5 - https:\/\/yoast.com\/product\/yoast-seo-wordpress\/ -->\n<title>Governo estuda criar disque den\u00fancia contra viol\u00eancia nas escolas - Litoral SP<\/title>\n<meta name=\"description\" content=\"A reuni\u00e3o ocorreu um dia ap\u00f3s o\u00a0ataque \u00e0 creche privada Cantinho Bom Pastor, em Blumenau (SC), em que quatro crian\u00e7as morreram.\" \/>\n<meta name=\"robots\" content=\"index, follow, max-snippet:-1, max-image-preview:large, max-video-preview:-1\" \/>\n<link rel=\"canonical\" href=\"https:\/\/redenoticiaz.com.br\/litoralsp\/2023\/04\/09\/governo-estuda-criar-disque-denuncia-contra-violencia-nas-escolas\" \/>\n<meta property=\"og:locale\" content=\"pt_BR\" \/>\n<meta property=\"og:type\" content=\"article\" \/>\n<meta property=\"og:title\" content=\"Governo estuda criar disque den\u00fancia contra viol\u00eancia nas escolas - Litoral SP\" \/>\n<meta property=\"og:description\" content=\"A reuni\u00e3o ocorreu um dia ap\u00f3s o\u00a0ataque \u00e0 creche privada Cantinho Bom Pastor, em Blumenau (SC), em que quatro crian\u00e7as morreram.\" \/>\n<meta property=\"og:url\" content=\"https:\/\/redenoticiaz.com.br\/litoralsp\/2023\/04\/09\/governo-estuda-criar-disque-denuncia-contra-violencia-nas-escolas\" \/>\n<meta property=\"og:site_name\" content=\"Litoral SP\" \/>\n<meta property=\"article:published_time\" content=\"2023-04-09T16:00:46+00:00\" \/>\n<meta property=\"og:image\" content=\"https:\/\/redenoticiaz.com.br\/litoralsp\/wp-content\/uploads\/sites\/3\/2023\/04\/colorado.jpg?v=1669057613\" \/>\n\t<meta property=\"og:image:width\" content=\"984\" \/>\n\t<meta property=\"og:image:height\" content=\"654\" \/>\n\t<meta property=\"og:image:type\" content=\"image\/jpeg\" \/>\n<meta name=\"author\" content=\"Gustavo Silva\" \/>\n<meta name=\"twitter:card\" content=\"summary_large_image\" \/>\n<meta name=\"twitter:label1\" content=\"Escrito por\" \/>\n\t<meta name=\"twitter:data1\" content=\"Gustavo Silva\" \/>\n\t<meta name=\"twitter:label2\" content=\"Est. tempo de leitura\" \/>\n\t<meta name=\"twitter:data2\" content=\"2 minutos\" \/>\n<script type=\"application\/ld+json\" class=\"yoast-schema-graph\">{\"@context\":\"https:\\\/\\\/schema.org\",\"@graph\":[{\"@type\":\"Article\",\"@id\":\"https:\\\/\\\/redenoticiaz.com.br\\\/litoralsp\\\/2023\\\/04\\\/09\\\/governo-estuda-criar-disque-denuncia-contra-violencia-nas-escolas#article\",\"isPartOf\":{\"@id\":\"https:\\\/\\\/redenoticiaz.com.br\\\/litoralsp\\\/2023\\\/04\\\/09\\\/governo-estuda-criar-disque-denuncia-contra-violencia-nas-escolas\"},\"author\":{\"name\":\"Gustavo Silva\",\"@id\":\"https:\\\/\\\/redenoticiaz.com.br\\\/litoralsp\\\/#\\\/schema\\\/person\\\/16057b37a3c0ee6b096d7f887c566e2e\"},\"headline\":\"Governo estuda criar disque den\u00fancia contra viol\u00eancia nas escolas\",\"datePublished\":\"2023-04-09T16:00:46+00:00\",\"mainEntityOfPage\":{\"@id\":\"https:\\\/\\\/redenoticiaz.com.br\\\/litoralsp\\\/2023\\\/04\\\/09\\\/governo-estuda-criar-disque-denuncia-contra-violencia-nas-escolas\"},\"wordCount\":404,\"commentCount\":0,\"publisher\":{\"@id\":\"https:\\\/\\\/redenoticiaz.com.br\\\/litoralsp\\\/#organization\"},\"image\":{\"@id\":\"https:\\\/\\\/redenoticiaz.com.br\\\/litoralsp\\\/2023\\\/04\\\/09\\\/governo-estuda-criar-disque-denuncia-contra-violencia-nas-escolas#primaryimage\"},\"thumbnailUrl\":\"https:\\\/\\\/redenoticiaz.com.br\\\/litoralsp\\\/wp-content\\\/uploads\\\/sites\\\/3\\\/2023\\\/04\\\/colorado.jpg?v=1669057613\",\"keywords\":[\"cantinho bom pastor\",\"ESCOLAS\",\"MASSACRE\",\"VIOL\u00caNCIA\"],\"articleSection\":[\"Pol\u00edcia\"],\"inLanguage\":\"pt-BR\",\"potentialAction\":[{\"@type\":\"CommentAction\",\"name\":\"Comment\",\"target\":[\"https:\\\/\\\/redenoticiaz.com.br\\\/litoralsp\\\/2023\\\/04\\\/09\\\/governo-estuda-criar-disque-denuncia-contra-violencia-nas-escolas#respond\"]}]},{\"@type\":\"WebPage\",\"@id\":\"https:\\\/\\\/redenoticiaz.com.br\\\/litoralsp\\\/2023\\\/04\\\/09\\\/governo-estuda-criar-disque-denuncia-contra-violencia-nas-escolas\",\"url\":\"https:\\\/\\\/redenoticiaz.com.br\\\/litoralsp\\\/2023\\\/04\\\/09\\\/governo-estuda-criar-disque-denuncia-contra-violencia-nas-escolas\",\"name\":\"Governo estuda criar disque den\u00fancia contra viol\u00eancia nas escolas - Litoral SP\",\"isPartOf\":{\"@id\":\"https:\\\/\\\/redenoticiaz.com.br\\\/litoralsp\\\/#website\"},\"primaryImageOfPage\":{\"@id\":\"https:\\\/\\\/redenoticiaz.com.br\\\/litoralsp\\\/2023\\\/04\\\/09\\\/governo-estuda-criar-disque-denuncia-contra-violencia-nas-escolas#primaryimage\"},\"image\":{\"@id\":\"https:\\\/\\\/redenoticiaz.com.br\\\/litoralsp\\\/2023\\\/04\\\/09\\\/governo-estuda-criar-disque-denuncia-contra-violencia-nas-escolas#primaryimage\"},\"thumbnailUrl\":\"https:\\\/\\\/redenoticiaz.com.br\\\/litoralsp\\\/wp-content\\\/uploads\\\/sites\\\/3\\\/2023\\\/04\\\/colorado.jpg?v=1669057613\",\"datePublished\":\"2023-04-09T16:00:46+00:00\",\"description\":\"A reuni\u00e3o ocorreu um dia ap\u00f3s o\u00a0ataque \u00e0 creche privada Cantinho Bom Pastor, em Blumenau (SC), em que quatro crian\u00e7as morreram.\",\"inLanguage\":\"pt-BR\",\"potentialAction\":[{\"@type\":\"ReadAction\",\"target\":[\"https:\\\/\\\/redenoticiaz.com.br\\\/litoralsp\\\/2023\\\/04\\\/09\\\/governo-estuda-criar-disque-denuncia-contra-violencia-nas-escolas\"]}]},{\"@type\":\"ImageObject\",\"inLanguage\":\"pt-BR\",\"@id\":\"https:\\\/\\\/redenoticiaz.com.br\\\/litoralsp\\\/2023\\\/04\\\/09\\\/governo-estuda-criar-disque-denuncia-contra-violencia-nas-escolas#primaryimage\",\"url\":\"https:\\\/\\\/redenoticiaz.com.br\\\/litoralsp\\\/wp-content\\\/uploads\\\/sites\\\/3\\\/2023\\\/04\\\/colorado.jpg?v=1669057613\",\"contentUrl\":\"https:\\\/\\\/redenoticiaz.com.br\\\/litoralsp\\\/wp-content\\\/uploads\\\/sites\\\/3\\\/2023\\\/04\\\/colorado.jpg?v=1669057613\",\"width\":984,\"height\":654,\"caption\":\"Atirador \u00e9 detido ap\u00f3s massacre em bar gay nos Estados Unidos\"},{\"@type\":\"WebSite\",\"@id\":\"https:\\\/\\\/redenoticiaz.com.br\\\/litoralsp\\\/#website\",\"url\":\"https:\\\/\\\/redenoticiaz.com.br\\\/litoralsp\\\/\",\"name\":\"Litoral SP\",\"description\":\"Rede NoticiaZ\",\"publisher\":{\"@id\":\"https:\\\/\\\/redenoticiaz.com.br\\\/litoralsp\\\/#organization\"},\"potentialAction\":[{\"@type\":\"SearchAction\",\"target\":{\"@type\":\"EntryPoint\",\"urlTemplate\":\"https:\\\/\\\/redenoticiaz.com.br\\\/litoralsp\\\/?s={search_term_string}\"},\"query-input\":{\"@type\":\"PropertyValueSpecification\",\"valueRequired\":true,\"valueName\":\"search_term_string\"}}],\"inLanguage\":\"pt-BR\"},{\"@type\":\"Organization\",\"@id\":\"https:\\\/\\\/redenoticiaz.com.br\\\/litoralsp\\\/#organization\",\"name\":\"Litoral SP\",\"url\":\"https:\\\/\\\/redenoticiaz.com.br\\\/litoralsp\\\/\",\"logo\":{\"@type\":\"ImageObject\",\"inLanguage\":\"pt-BR\",\"@id\":\"https:\\\/\\\/redenoticiaz.com.br\\\/litoralsp\\\/#\\\/schema\\\/logo\\\/image\\\/\",\"url\":\"https:\\\/\\\/redenoticiaz.com.br\\\/litoralsp\\\/wp-content\\\/uploads\\\/sites\\\/3\\\/2020\\\/11\\\/logo.jpg\",\"contentUrl\":\"https:\\\/\\\/redenoticiaz.com.br\\\/litoralsp\\\/wp-content\\\/uploads\\\/sites\\\/3\\\/2020\\\/11\\\/logo.jpg\",\"width\":400,\"height\":250,\"caption\":\"Litoral SP\"},\"image\":{\"@id\":\"https:\\\/\\\/redenoticiaz.com.br\\\/litoralsp\\\/#\\\/schema\\\/logo\\\/image\\\/\"}},{\"@type\":\"Person\",\"@id\":\"https:\\\/\\\/redenoticiaz.com.br\\\/litoralsp\\\/#\\\/schema\\\/person\\\/16057b37a3c0ee6b096d7f887c566e2e\",\"name\":\"Gustavo Silva\",\"image\":{\"@type\":\"ImageObject\",\"inLanguage\":\"pt-BR\",\"@id\":\"https:\\\/\\\/secure.gravatar.com\\\/avatar\\\/3ee4e82f93b26de0a7cf4ea5eb7893da637ed6bb0c9170c58065944c56e28a33?s=96&d=mm&r=g\",\"url\":\"https:\\\/\\\/secure.gravatar.com\\\/avatar\\\/3ee4e82f93b26de0a7cf4ea5eb7893da637ed6bb0c9170c58065944c56e28a33?s=96&d=mm&r=g\",\"contentUrl\":\"https:\\\/\\\/secure.gravatar.com\\\/avatar\\\/3ee4e82f93b26de0a7cf4ea5eb7893da637ed6bb0c9170c58065944c56e28a33?s=96&d=mm&r=g\",\"caption\":\"Gustavo Silva\"},\"url\":\"https:\\\/\\\/redenoticiaz.com.br\\\/litoralsp\\\/author\\\/gustavosilva\"}]}<\/script>\n<!-- \/ Yoast SEO plugin. -->","yoast_head_json":{"title":"Governo estuda criar disque den\u00fancia contra viol\u00eancia nas escolas - Litoral SP","description":"A reuni\u00e3o ocorreu um dia ap\u00f3s o\u00a0ataque \u00e0 creche privada Cantinho Bom Pastor, em Blumenau (SC), em que quatro crian\u00e7as morreram.","robots":{"index":"index","follow":"follow","max-snippet":"max-snippet:-1","max-image-preview":"max-image-preview:large","max-video-preview":"max-video-preview:-1"},"canonical":"https:\/\/redenoticiaz.com.br\/litoralsp\/2023\/04\/09\/governo-estuda-criar-disque-denuncia-contra-violencia-nas-escolas","og_locale":"pt_BR","og_type":"article","og_title":"Governo estuda criar disque den\u00fancia contra viol\u00eancia nas escolas - Litoral SP","og_description":"A reuni\u00e3o ocorreu um dia ap\u00f3s o\u00a0ataque \u00e0 creche privada Cantinho Bom Pastor, em Blumenau (SC), em que quatro crian\u00e7as morreram.","og_url":"https:\/\/redenoticiaz.com.br\/litoralsp\/2023\/04\/09\/governo-estuda-criar-disque-denuncia-contra-violencia-nas-escolas","og_site_name":"Litoral SP","article_published_time":"2023-04-09T16:00:46+00:00","og_image":[{"width":984,"height":654,"url":"https:\/\/redenoticiaz.com.br\/litoralsp\/wp-content\/uploads\/sites\/3\/2023\/04\/colorado.jpg?v=1669057613","type":"image\/jpeg"}],"author":"Gustavo Silva","twitter_card":"summary_large_image","twitter_misc":{"Escrito por":"Gustavo Silva","Est. tempo de leitura":"2 minutos"},"schema":{"@context":"https:\/\/schema.org","@graph":[{"@type":"Article","@id":"https:\/\/redenoticiaz.com.br\/litoralsp\/2023\/04\/09\/governo-estuda-criar-disque-denuncia-contra-violencia-nas-escolas#article","isPartOf":{"@id":"https:\/\/redenoticiaz.com.br\/litoralsp\/2023\/04\/09\/governo-estuda-criar-disque-denuncia-contra-violencia-nas-escolas"},"author":{"name":"Gustavo Silva","@id":"https:\/\/redenoticiaz.com.br\/litoralsp\/#\/schema\/person\/16057b37a3c0ee6b096d7f887c566e2e"},"headline":"Governo estuda criar disque den\u00fancia contra viol\u00eancia nas escolas","datePublished":"2023-04-09T16:00:46+00:00","mainEntityOfPage":{"@id":"https:\/\/redenoticiaz.com.br\/litoralsp\/2023\/04\/09\/governo-estuda-criar-disque-denuncia-contra-violencia-nas-escolas"},"wordCount":404,"commentCount":0,"publisher":{"@id":"https:\/\/redenoticiaz.com.br\/litoralsp\/#organization"},"image":{"@id":"https:\/\/redenoticiaz.com.br\/litoralsp\/2023\/04\/09\/governo-estuda-criar-disque-denuncia-contra-violencia-nas-escolas#primaryimage"},"thumbnailUrl":"https:\/\/redenoticiaz.com.br\/litoralsp\/wp-content\/uploads\/sites\/3\/2023\/04\/colorado.jpg?v=1669057613","keywords":["cantinho bom pastor","ESCOLAS","MASSACRE","VIOL\u00caNCIA"],"articleSection":["Pol\u00edcia"],"inLanguage":"pt-BR","potentialAction":[{"@type":"CommentAction","name":"Comment","target":["https:\/\/redenoticiaz.com.br\/litoralsp\/2023\/04\/09\/governo-estuda-criar-disque-denuncia-contra-violencia-nas-escolas#respond"]}]},{"@type":"WebPage","@id":"https:\/\/redenoticiaz.com.br\/litoralsp\/2023\/04\/09\/governo-estuda-criar-disque-denuncia-contra-violencia-nas-escolas","url":"https:\/\/redenoticiaz.com.br\/litoralsp\/2023\/04\/09\/governo-estuda-criar-disque-denuncia-contra-violencia-nas-escolas","name":"Governo estuda criar disque den\u00fancia contra viol\u00eancia nas escolas - Litoral SP","isPartOf":{"@id":"https:\/\/redenoticiaz.com.br\/litoralsp\/#website"},"primaryImageOfPage":{"@id":"https:\/\/redenoticiaz.com.br\/litoralsp\/2023\/04\/09\/governo-estuda-criar-disque-denuncia-contra-violencia-nas-escolas#primaryimage"},"image":{"@id":"https:\/\/redenoticiaz.com.br\/litoralsp\/2023\/04\/09\/governo-estuda-criar-disque-denuncia-contra-violencia-nas-escolas#primaryimage"},"thumbnailUrl":"https:\/\/redenoticiaz.com.br\/litoralsp\/wp-content\/uploads\/sites\/3\/2023\/04\/colorado.jpg?v=1669057613","datePublished":"2023-04-09T16:00:46+00:00","description":"A reuni\u00e3o ocorreu um dia ap\u00f3s o\u00a0ataque \u00e0 creche privada Cantinho Bom Pastor, em Blumenau (SC), em que quatro crian\u00e7as morreram.","inLanguage":"pt-BR","potentialAction":[{"@type":"ReadAction","target":["https:\/\/redenoticiaz.com.br\/litoralsp\/2023\/04\/09\/governo-estuda-criar-disque-denuncia-contra-violencia-nas-escolas"]}]},{"@type":"ImageObject","inLanguage":"pt-BR","@id":"https:\/\/redenoticiaz.com.br\/litoralsp\/2023\/04\/09\/governo-estuda-criar-disque-denuncia-contra-violencia-nas-escolas#primaryimage","url":"https:\/\/redenoticiaz.com.br\/litoralsp\/wp-content\/uploads\/sites\/3\/2023\/04\/colorado.jpg?v=1669057613","contentUrl":"https:\/\/redenoticiaz.com.br\/litoralsp\/wp-content\/uploads\/sites\/3\/2023\/04\/colorado.jpg?v=1669057613","width":984,"height":654,"caption":"Atirador \u00e9 detido ap\u00f3s massacre em bar gay nos Estados Unidos"},{"@type":"WebSite","@id":"https:\/\/redenoticiaz.com.br\/litoralsp\/#website","url":"https:\/\/redenoticiaz.com.br\/litoralsp\/","name":"Litoral SP","description":"Rede NoticiaZ","publisher":{"@id":"https:\/\/redenoticiaz.com.br\/litoralsp\/#organization"},"potentialAction":[{"@type":"SearchAction","target":{"@type":"EntryPoint","urlTemplate":"https:\/\/redenoticiaz.com.br\/litoralsp\/?s={search_term_string}"},"query-input":{"@type":"PropertyValueSpecification","valueRequired":true,"valueName":"search_term_string"}}],"inLanguage":"pt-BR"},{"@type":"Organization","@id":"https:\/\/redenoticiaz.com.br\/litoralsp\/#organization","name":"Litoral SP","url":"https:\/\/redenoticiaz.com.br\/litoralsp\/","logo":{"@type":"ImageObject","inLanguage":"pt-BR","@id":"https:\/\/redenoticiaz.com.br\/litoralsp\/#\/schema\/logo\/image\/","url":"https:\/\/redenoticiaz.com.br\/litoralsp\/wp-content\/uploads\/sites\/3\/2020\/11\/logo.jpg","contentUrl":"https:\/\/redenoticiaz.com.br\/litoralsp\/wp-content\/uploads\/sites\/3\/2020\/11\/logo.jpg","width":400,"height":250,"caption":"Litoral SP"},"image":{"@id":"https:\/\/redenoticiaz.com.br\/litoralsp\/#\/schema\/logo\/image\/"}},{"@type":"Person","@id":"https:\/\/redenoticiaz.com.br\/litoralsp\/#\/schema\/person\/16057b37a3c0ee6b096d7f887c566e2e","name":"Gustavo Silva","image":{"@type":"ImageObject","inLanguage":"pt-BR","@id":"https:\/\/secure.gravatar.com\/avatar\/3ee4e82f93b26de0a7cf4ea5eb7893da637ed6bb0c9170c58065944c56e28a33?s=96&d=mm&r=g","url":"https:\/\/secure.gravatar.com\/avatar\/3ee4e82f93b26de0a7cf4ea5eb7893da637ed6bb0c9170c58065944c56e28a33?s=96&d=mm&r=g","contentUrl":"https:\/\/secure.gravatar.com\/avatar\/3ee4e82f93b26de0a7cf4ea5eb7893da637ed6bb0c9170c58065944c56e28a33?s=96&d=mm&r=g","caption":"Gustavo Silva"},"url":"https:\/\/redenoticiaz.com.br\/litoralsp\/author\/gustavosilva"}]}},"_links":{"self":[{"href":"https:\/\/redenoticiaz.com.br\/litoralsp\/wp-json\/wp\/v2\/posts\/103752","targetHints":{"allow":["GET"]}}],"collection":[{"href":"https:\/\/redenoticiaz.com.br\/litoralsp\/wp-json\/wp\/v2\/posts"}],"about":[{"href":"https:\/\/redenoticiaz.com.br\/litoralsp\/wp-json\/wp\/v2\/types\/post"}],"author":[{"embeddable":true,"href":"https:\/\/redenoticiaz.com.br\/litoralsp\/wp-json\/wp\/v2\/users\/12"}],"replies":[{"embeddable":true,"href":"https:\/\/redenoticiaz.com.br\/litoralsp\/wp-json\/wp\/v2\/comments?post=103752"}],"version-history":[{"count":0,"href":"https:\/\/redenoticiaz.com.br\/litoralsp\/wp-json\/wp\/v2\/posts\/103752\/revisions"}],"wp:featuredmedia":[{"embeddable":true,"href":"https:\/\/redenoticiaz.com.br\/litoralsp\/wp-json\/wp\/v2\/media\/103753"}],"wp:attachment":[{"href":"https:\/\/redenoticiaz.com.br\/litoralsp\/wp-json\/wp\/v2\/media?parent=103752"}],"wp:term":[{"taxonomy":"category","embeddable":true,"href":"https:\/\/redenoticiaz.com.br\/litoralsp\/wp-json\/wp\/v2\/categories?post=103752"},{"taxonomy":"post_tag","embeddable":true,"href":"https:\/\/redenoticiaz.com.br\/litoralsp\/wp-json\/wp\/v2\/tags?post=103752"}],"curies":[{"name":"wp","href":"https:\/\/api.w.org\/{rel}","templated":true}]}}