{"id":103779,"date":"2023-04-07T11:38:59","date_gmt":"2023-04-07T14:38:59","guid":{"rendered":"https:\/\/redenoticiaz.com.br\/litoralsp\/?p=103779"},"modified":"2023-04-07T11:38:59","modified_gmt":"2023-04-07T14:38:59","slug":"adolescente-e-flagrado-traficando-drogas-em-mongagua","status":"publish","type":"post","link":"https:\/\/redenoticiaz.com.br\/litoralsp\/2023\/04\/07\/adolescente-e-flagrado-traficando-drogas-em-mongagua","title":{"rendered":"Adolescente \u00e9 flagrado traficando drogas em Mongagu\u00e1"},"content":{"rendered":"<p>Um adolescente de 17 anos foi <strong>apreendido sob acusa\u00e7\u00e3o de tr\u00e1fico de drogas<\/strong> em Mongagu\u00e1. A apreens\u00e3o foi em flagrante na quinta-feira (6), j\u00e1 que o menor foi visto comercializando os entorpecentes na Vila Atl\u00e2ntica.<\/p>\n<p>Segundo a Pol\u00edcia Civil, uma equipe foi at\u00e9 \u00e0 Rua Washington Lu\u00eds para apura\u00e7\u00e3o da ocorr\u00eancia de tr\u00e1fico de drogas. Ao chegarem, os policiais fizeram um cerco, pois havia possibilidade de fuga do indiv\u00edduo atrav\u00e9s de um matagal que d\u00e1 acesso a um canal, localizado no final da rua.<\/p>\n<p>Os policiais visualizaram o adolescente em atitude suspeita e efetuaram a sua abordagem. Ele tentou fugir, mas foi contido pela equipe que j\u00e1 estava posicionada. Com ele foram encontradas 53 pedras de crack, 30 por\u00e7\u00f5es de coca\u00edna, 17 por\u00e7\u00f5es de maconha, 15 por\u00e7\u00f5es de skunk e 4 por\u00e7\u00f5es de k2.<\/p>\n<p>O adolescente foi apreendido e conduzido \u00e0 unidade policial onde foi elaborado ato infracional an\u00e1logo ao crime de tr\u00e1fico de drogas.<\/p>\n<p><strong>LEIA TAMB\u00c9M<\/strong><\/p>\n<p><a href=\"https:\/\/redenoticiaz.com.br\/litoralsp\/2023\/04\/06\/cco-recebe-denuncia-e-gcm-detem-individuo-por-trafico-de-drogas-na-praca-22-de-janeiro\">CCO recebe den\u00fancia e GCM det\u00e9m indiv\u00edduo por tr\u00e1fico de drogas na Pra\u00e7a 22 de Janeiro<\/a><\/p>\n","protected":false},"excerpt":{"rendered":"<p>Um adolescente de 17 anos foi apreendido sob acusa\u00e7\u00e3o de tr\u00e1fico de drogas em Mongagu\u00e1. A apreens\u00e3o foi em flagrante na quinta-feira (6), j\u00e1 que o menor foi visto comercializando os entorpecentes na Vila Atl\u00e2ntica. Segundo a Pol\u00edcia Civil, uma equipe foi at\u00e9 \u00e0 Rua Washington Lu\u00eds para apura\u00e7\u00e3o da ocorr\u00eancia de tr\u00e1fico de drogas. &hellip;<\/p>\n","protected":false},"author":6,"featured_media":103780,"comment_status":"open","ping_status":"closed","sticky":false,"template":"","format":"standard","meta":{"footnotes":""},"categories":[183,10],"tags":[64475,1051,61,64474],"class_list":["post-103779","post","type-post","status-publish","format-standard","has-post-thumbnail","hentry","category-mongagua","category-policia","tag-adoelscente-apreendido","tag-mongagua","tag-trafico-de-drogas","tag-vila-atlantica"],"yoast_head":"<!-- This site is optimized with the Yoast SEO plugin v27.5 - https:\/\/yoast.com\/product\/yoast-seo-wordpress\/ -->\n<title>Adolescente \u00e9 flagrado traficando drogas em Mongagu\u00e1 - Litoral SP<\/title>\n<meta name=\"description\" content=\"Um adolescente de 17 anos foi apreendido sob acusa\u00e7\u00e3o de tr\u00e1fico de drogas em Mongagu\u00e1. A apreens\u00e3o foi em flagrante na quinta-feira\" \/>\n<meta name=\"robots\" content=\"index, follow, max-snippet:-1, max-image-preview:large, max-video-preview:-1\" \/>\n<link rel=\"canonical\" href=\"https:\/\/redenoticiaz.com.br\/litoralsp\/2023\/04\/07\/adolescente-e-flagrado-traficando-drogas-em-mongagua\" \/>\n<meta property=\"og:locale\" content=\"pt_BR\" \/>\n<meta property=\"og:type\" content=\"article\" \/>\n<meta property=\"og:title\" content=\"Adolescente \u00e9 flagrado traficando drogas em Mongagu\u00e1 - Litoral SP\" \/>\n<meta property=\"og:description\" content=\"Um adolescente de 17 anos foi apreendido sob acusa\u00e7\u00e3o de tr\u00e1fico de drogas em Mongagu\u00e1. A apreens\u00e3o foi em flagrante na quinta-feira\" \/>\n<meta property=\"og:url\" content=\"https:\/\/redenoticiaz.com.br\/litoralsp\/2023\/04\/07\/adolescente-e-flagrado-traficando-drogas-em-mongagua\" \/>\n<meta property=\"og:site_name\" content=\"Litoral SP\" \/>\n<meta property=\"article:published_time\" content=\"2023-04-07T14:38:59+00:00\" \/>\n<meta property=\"og:image\" content=\"https:\/\/redenoticiaz.com.br\/litoralsp\/wp-content\/uploads\/sites\/3\/2023\/04\/WhatsApp-Image-2023-04-07-at-09.42.02.jpeg\" \/>\n\t<meta property=\"og:image:width\" content=\"717\" \/>\n\t<meta property=\"og:image:height\" content=\"1080\" \/>\n\t<meta property=\"og:image:type\" content=\"image\/jpeg\" \/>\n<meta name=\"author\" content=\"Leonardo Francisco\" \/>\n<meta name=\"twitter:card\" content=\"summary_large_image\" \/>\n<meta name=\"twitter:label1\" content=\"Escrito por\" \/>\n\t<meta name=\"twitter:data1\" content=\"Leonardo Francisco\" \/>\n\t<meta name=\"twitter:label2\" content=\"Est. tempo de leitura\" \/>\n\t<meta name=\"twitter:data2\" content=\"1 minuto\" \/>\n<script type=\"application\/ld+json\" class=\"yoast-schema-graph\">{\"@context\":\"https:\\\/\\\/schema.org\",\"@graph\":[{\"@type\":\"Article\",\"@id\":\"https:\\\/\\\/redenoticiaz.com.br\\\/litoralsp\\\/2023\\\/04\\\/07\\\/adolescente-e-flagrado-traficando-drogas-em-mongagua#article\",\"isPartOf\":{\"@id\":\"https:\\\/\\\/redenoticiaz.com.br\\\/litoralsp\\\/2023\\\/04\\\/07\\\/adolescente-e-flagrado-traficando-drogas-em-mongagua\"},\"author\":{\"name\":\"Leonardo Francisco\",\"@id\":\"https:\\\/\\\/redenoticiaz.com.br\\\/litoralsp\\\/#\\\/schema\\\/person\\\/0f0b8a5bdafefe82841e07ae8d81ecb3\"},\"headline\":\"Adolescente \u00e9 flagrado traficando drogas em Mongagu\u00e1\",\"datePublished\":\"2023-04-07T14:38:59+00:00\",\"mainEntityOfPage\":{\"@id\":\"https:\\\/\\\/redenoticiaz.com.br\\\/litoralsp\\\/2023\\\/04\\\/07\\\/adolescente-e-flagrado-traficando-drogas-em-mongagua\"},\"wordCount\":193,\"commentCount\":0,\"publisher\":{\"@id\":\"https:\\\/\\\/redenoticiaz.com.br\\\/litoralsp\\\/#organization\"},\"image\":{\"@id\":\"https:\\\/\\\/redenoticiaz.com.br\\\/litoralsp\\\/2023\\\/04\\\/07\\\/adolescente-e-flagrado-traficando-drogas-em-mongagua#primaryimage\"},\"thumbnailUrl\":\"https:\\\/\\\/redenoticiaz.com.br\\\/litoralsp\\\/wp-content\\\/uploads\\\/sites\\\/3\\\/2023\\\/04\\\/WhatsApp-Image-2023-04-07-at-09.42.02.jpeg\",\"keywords\":[\"ADOELSCENTE APREENDIDO\",\"MONGAGU\u00c1\",\"TR\u00c1FICO DE DROGAS\",\"VILA ATL\u00c2NTICA\"],\"articleSection\":[\"Mongagu\u00e1\",\"Pol\u00edcia\"],\"inLanguage\":\"pt-BR\",\"potentialAction\":[{\"@type\":\"CommentAction\",\"name\":\"Comment\",\"target\":[\"https:\\\/\\\/redenoticiaz.com.br\\\/litoralsp\\\/2023\\\/04\\\/07\\\/adolescente-e-flagrado-traficando-drogas-em-mongagua#respond\"]}]},{\"@type\":\"WebPage\",\"@id\":\"https:\\\/\\\/redenoticiaz.com.br\\\/litoralsp\\\/2023\\\/04\\\/07\\\/adolescente-e-flagrado-traficando-drogas-em-mongagua\",\"url\":\"https:\\\/\\\/redenoticiaz.com.br\\\/litoralsp\\\/2023\\\/04\\\/07\\\/adolescente-e-flagrado-traficando-drogas-em-mongagua\",\"name\":\"Adolescente \u00e9 flagrado traficando drogas em Mongagu\u00e1 - Litoral SP\",\"isPartOf\":{\"@id\":\"https:\\\/\\\/redenoticiaz.com.br\\\/litoralsp\\\/#website\"},\"primaryImageOfPage\":{\"@id\":\"https:\\\/\\\/redenoticiaz.com.br\\\/litoralsp\\\/2023\\\/04\\\/07\\\/adolescente-e-flagrado-traficando-drogas-em-mongagua#primaryimage\"},\"image\":{\"@id\":\"https:\\\/\\\/redenoticiaz.com.br\\\/litoralsp\\\/2023\\\/04\\\/07\\\/adolescente-e-flagrado-traficando-drogas-em-mongagua#primaryimage\"},\"thumbnailUrl\":\"https:\\\/\\\/redenoticiaz.com.br\\\/litoralsp\\\/wp-content\\\/uploads\\\/sites\\\/3\\\/2023\\\/04\\\/WhatsApp-Image-2023-04-07-at-09.42.02.jpeg\",\"datePublished\":\"2023-04-07T14:38:59+00:00\",\"description\":\"Um adolescente de 17 anos foi apreendido sob acusa\u00e7\u00e3o de tr\u00e1fico de drogas em Mongagu\u00e1. A apreens\u00e3o foi em flagrante na quinta-feira\",\"inLanguage\":\"pt-BR\",\"potentialAction\":[{\"@type\":\"ReadAction\",\"target\":[\"https:\\\/\\\/redenoticiaz.com.br\\\/litoralsp\\\/2023\\\/04\\\/07\\\/adolescente-e-flagrado-traficando-drogas-em-mongagua\"]}]},{\"@type\":\"ImageObject\",\"inLanguage\":\"pt-BR\",\"@id\":\"https:\\\/\\\/redenoticiaz.com.br\\\/litoralsp\\\/2023\\\/04\\\/07\\\/adolescente-e-flagrado-traficando-drogas-em-mongagua#primaryimage\",\"url\":\"https:\\\/\\\/redenoticiaz.com.br\\\/litoralsp\\\/wp-content\\\/uploads\\\/sites\\\/3\\\/2023\\\/04\\\/WhatsApp-Image-2023-04-07-at-09.42.02.jpeg\",\"contentUrl\":\"https:\\\/\\\/redenoticiaz.com.br\\\/litoralsp\\\/wp-content\\\/uploads\\\/sites\\\/3\\\/2023\\\/04\\\/WhatsApp-Image-2023-04-07-at-09.42.02.jpeg\",\"width\":717,\"height\":1080,\"caption\":\"Cr\u00e9ditos: Divulga\u00e7\u00e3o\\\/Pol\u00edcia Civil\"},{\"@type\":\"WebSite\",\"@id\":\"https:\\\/\\\/redenoticiaz.com.br\\\/litoralsp\\\/#website\",\"url\":\"https:\\\/\\\/redenoticiaz.com.br\\\/litoralsp\\\/\",\"name\":\"Litoral SP\",\"description\":\"Rede NoticiaZ\",\"publisher\":{\"@id\":\"https:\\\/\\\/redenoticiaz.com.br\\\/litoralsp\\\/#organization\"},\"potentialAction\":[{\"@type\":\"SearchAction\",\"target\":{\"@type\":\"EntryPoint\",\"urlTemplate\":\"https:\\\/\\\/redenoticiaz.com.br\\\/litoralsp\\\/?s={search_term_string}\"},\"query-input\":{\"@type\":\"PropertyValueSpecification\",\"valueRequired\":true,\"valueName\":\"search_term_string\"}}],\"inLanguage\":\"pt-BR\"},{\"@type\":\"Organization\",\"@id\":\"https:\\\/\\\/redenoticiaz.com.br\\\/litoralsp\\\/#organization\",\"name\":\"Litoral SP\",\"url\":\"https:\\\/\\\/redenoticiaz.com.br\\\/litoralsp\\\/\",\"logo\":{\"@type\":\"ImageObject\",\"inLanguage\":\"pt-BR\",\"@id\":\"https:\\\/\\\/redenoticiaz.com.br\\\/litoralsp\\\/#\\\/schema\\\/logo\\\/image\\\/\",\"url\":\"https:\\\/\\\/redenoticiaz.com.br\\\/litoralsp\\\/wp-content\\\/uploads\\\/sites\\\/3\\\/2020\\\/11\\\/logo.jpg\",\"contentUrl\":\"https:\\\/\\\/redenoticiaz.com.br\\\/litoralsp\\\/wp-content\\\/uploads\\\/sites\\\/3\\\/2020\\\/11\\\/logo.jpg\",\"width\":400,\"height\":250,\"caption\":\"Litoral SP\"},\"image\":{\"@id\":\"https:\\\/\\\/redenoticiaz.com.br\\\/litoralsp\\\/#\\\/schema\\\/logo\\\/image\\\/\"}},{\"@type\":\"Person\",\"@id\":\"https:\\\/\\\/redenoticiaz.com.br\\\/litoralsp\\\/#\\\/schema\\\/person\\\/0f0b8a5bdafefe82841e07ae8d81ecb3\",\"name\":\"Leonardo Francisco\",\"image\":{\"@type\":\"ImageObject\",\"inLanguage\":\"pt-BR\",\"@id\":\"https:\\\/\\\/secure.gravatar.com\\\/avatar\\\/a7358cb406a99b682ec6df1e77e31ae82e63601f6784e8a3df411d72b37864da?s=96&d=mm&r=g\",\"url\":\"https:\\\/\\\/secure.gravatar.com\\\/avatar\\\/a7358cb406a99b682ec6df1e77e31ae82e63601f6784e8a3df411d72b37864da?s=96&d=mm&r=g\",\"contentUrl\":\"https:\\\/\\\/secure.gravatar.com\\\/avatar\\\/a7358cb406a99b682ec6df1e77e31ae82e63601f6784e8a3df411d72b37864da?s=96&d=mm&r=g\",\"caption\":\"Leonardo Francisco\"},\"url\":\"https:\\\/\\\/redenoticiaz.com.br\\\/litoralsp\\\/author\\\/leonardo-francisco\"}]}<\/script>\n<!-- \/ Yoast SEO plugin. -->","yoast_head_json":{"title":"Adolescente \u00e9 flagrado traficando drogas em Mongagu\u00e1 - Litoral SP","description":"Um adolescente de 17 anos foi apreendido sob acusa\u00e7\u00e3o de tr\u00e1fico de drogas em Mongagu\u00e1. A apreens\u00e3o foi em flagrante na quinta-feira","robots":{"index":"index","follow":"follow","max-snippet":"max-snippet:-1","max-image-preview":"max-image-preview:large","max-video-preview":"max-video-preview:-1"},"canonical":"https:\/\/redenoticiaz.com.br\/litoralsp\/2023\/04\/07\/adolescente-e-flagrado-traficando-drogas-em-mongagua","og_locale":"pt_BR","og_type":"article","og_title":"Adolescente \u00e9 flagrado traficando drogas em Mongagu\u00e1 - Litoral SP","og_description":"Um adolescente de 17 anos foi apreendido sob acusa\u00e7\u00e3o de tr\u00e1fico de drogas em Mongagu\u00e1. A apreens\u00e3o foi em flagrante na quinta-feira","og_url":"https:\/\/redenoticiaz.com.br\/litoralsp\/2023\/04\/07\/adolescente-e-flagrado-traficando-drogas-em-mongagua","og_site_name":"Litoral SP","article_published_time":"2023-04-07T14:38:59+00:00","og_image":[{"width":717,"height":1080,"url":"https:\/\/redenoticiaz.com.br\/litoralsp\/wp-content\/uploads\/sites\/3\/2023\/04\/WhatsApp-Image-2023-04-07-at-09.42.02.jpeg","type":"image\/jpeg"}],"author":"Leonardo Francisco","twitter_card":"summary_large_image","twitter_misc":{"Escrito por":"Leonardo Francisco","Est. tempo de leitura":"1 minuto"},"schema":{"@context":"https:\/\/schema.org","@graph":[{"@type":"Article","@id":"https:\/\/redenoticiaz.com.br\/litoralsp\/2023\/04\/07\/adolescente-e-flagrado-traficando-drogas-em-mongagua#article","isPartOf":{"@id":"https:\/\/redenoticiaz.com.br\/litoralsp\/2023\/04\/07\/adolescente-e-flagrado-traficando-drogas-em-mongagua"},"author":{"name":"Leonardo Francisco","@id":"https:\/\/redenoticiaz.com.br\/litoralsp\/#\/schema\/person\/0f0b8a5bdafefe82841e07ae8d81ecb3"},"headline":"Adolescente \u00e9 flagrado traficando drogas em Mongagu\u00e1","datePublished":"2023-04-07T14:38:59+00:00","mainEntityOfPage":{"@id":"https:\/\/redenoticiaz.com.br\/litoralsp\/2023\/04\/07\/adolescente-e-flagrado-traficando-drogas-em-mongagua"},"wordCount":193,"commentCount":0,"publisher":{"@id":"https:\/\/redenoticiaz.com.br\/litoralsp\/#organization"},"image":{"@id":"https:\/\/redenoticiaz.com.br\/litoralsp\/2023\/04\/07\/adolescente-e-flagrado-traficando-drogas-em-mongagua#primaryimage"},"thumbnailUrl":"https:\/\/redenoticiaz.com.br\/litoralsp\/wp-content\/uploads\/sites\/3\/2023\/04\/WhatsApp-Image-2023-04-07-at-09.42.02.jpeg","keywords":["ADOELSCENTE APREENDIDO","MONGAGU\u00c1","TR\u00c1FICO DE DROGAS","VILA ATL\u00c2NTICA"],"articleSection":["Mongagu\u00e1","Pol\u00edcia"],"inLanguage":"pt-BR","potentialAction":[{"@type":"CommentAction","name":"Comment","target":["https:\/\/redenoticiaz.com.br\/litoralsp\/2023\/04\/07\/adolescente-e-flagrado-traficando-drogas-em-mongagua#respond"]}]},{"@type":"WebPage","@id":"https:\/\/redenoticiaz.com.br\/litoralsp\/2023\/04\/07\/adolescente-e-flagrado-traficando-drogas-em-mongagua","url":"https:\/\/redenoticiaz.com.br\/litoralsp\/2023\/04\/07\/adolescente-e-flagrado-traficando-drogas-em-mongagua","name":"Adolescente \u00e9 flagrado traficando drogas em Mongagu\u00e1 - Litoral SP","isPartOf":{"@id":"https:\/\/redenoticiaz.com.br\/litoralsp\/#website"},"primaryImageOfPage":{"@id":"https:\/\/redenoticiaz.com.br\/litoralsp\/2023\/04\/07\/adolescente-e-flagrado-traficando-drogas-em-mongagua#primaryimage"},"image":{"@id":"https:\/\/redenoticiaz.com.br\/litoralsp\/2023\/04\/07\/adolescente-e-flagrado-traficando-drogas-em-mongagua#primaryimage"},"thumbnailUrl":"https:\/\/redenoticiaz.com.br\/litoralsp\/wp-content\/uploads\/sites\/3\/2023\/04\/WhatsApp-Image-2023-04-07-at-09.42.02.jpeg","datePublished":"2023-04-07T14:38:59+00:00","description":"Um adolescente de 17 anos foi apreendido sob acusa\u00e7\u00e3o de tr\u00e1fico de drogas em Mongagu\u00e1. A apreens\u00e3o foi em flagrante na quinta-feira","inLanguage":"pt-BR","potentialAction":[{"@type":"ReadAction","target":["https:\/\/redenoticiaz.com.br\/litoralsp\/2023\/04\/07\/adolescente-e-flagrado-traficando-drogas-em-mongagua"]}]},{"@type":"ImageObject","inLanguage":"pt-BR","@id":"https:\/\/redenoticiaz.com.br\/litoralsp\/2023\/04\/07\/adolescente-e-flagrado-traficando-drogas-em-mongagua#primaryimage","url":"https:\/\/redenoticiaz.com.br\/litoralsp\/wp-content\/uploads\/sites\/3\/2023\/04\/WhatsApp-Image-2023-04-07-at-09.42.02.jpeg","contentUrl":"https:\/\/redenoticiaz.com.br\/litoralsp\/wp-content\/uploads\/sites\/3\/2023\/04\/WhatsApp-Image-2023-04-07-at-09.42.02.jpeg","width":717,"height":1080,"caption":"Cr\u00e9ditos: Divulga\u00e7\u00e3o\/Pol\u00edcia Civil"},{"@type":"WebSite","@id":"https:\/\/redenoticiaz.com.br\/litoralsp\/#website","url":"https:\/\/redenoticiaz.com.br\/litoralsp\/","name":"Litoral SP","description":"Rede NoticiaZ","publisher":{"@id":"https:\/\/redenoticiaz.com.br\/litoralsp\/#organization"},"potentialAction":[{"@type":"SearchAction","target":{"@type":"EntryPoint","urlTemplate":"https:\/\/redenoticiaz.com.br\/litoralsp\/?s={search_term_string}"},"query-input":{"@type":"PropertyValueSpecification","valueRequired":true,"valueName":"search_term_string"}}],"inLanguage":"pt-BR"},{"@type":"Organization","@id":"https:\/\/redenoticiaz.com.br\/litoralsp\/#organization","name":"Litoral SP","url":"https:\/\/redenoticiaz.com.br\/litoralsp\/","logo":{"@type":"ImageObject","inLanguage":"pt-BR","@id":"https:\/\/redenoticiaz.com.br\/litoralsp\/#\/schema\/logo\/image\/","url":"https:\/\/redenoticiaz.com.br\/litoralsp\/wp-content\/uploads\/sites\/3\/2020\/11\/logo.jpg","contentUrl":"https:\/\/redenoticiaz.com.br\/litoralsp\/wp-content\/uploads\/sites\/3\/2020\/11\/logo.jpg","width":400,"height":250,"caption":"Litoral SP"},"image":{"@id":"https:\/\/redenoticiaz.com.br\/litoralsp\/#\/schema\/logo\/image\/"}},{"@type":"Person","@id":"https:\/\/redenoticiaz.com.br\/litoralsp\/#\/schema\/person\/0f0b8a5bdafefe82841e07ae8d81ecb3","name":"Leonardo Francisco","image":{"@type":"ImageObject","inLanguage":"pt-BR","@id":"https:\/\/secure.gravatar.com\/avatar\/a7358cb406a99b682ec6df1e77e31ae82e63601f6784e8a3df411d72b37864da?s=96&d=mm&r=g","url":"https:\/\/secure.gravatar.com\/avatar\/a7358cb406a99b682ec6df1e77e31ae82e63601f6784e8a3df411d72b37864da?s=96&d=mm&r=g","contentUrl":"https:\/\/secure.gravatar.com\/avatar\/a7358cb406a99b682ec6df1e77e31ae82e63601f6784e8a3df411d72b37864da?s=96&d=mm&r=g","caption":"Leonardo Francisco"},"url":"https:\/\/redenoticiaz.com.br\/litoralsp\/author\/leonardo-francisco"}]}},"_links":{"self":[{"href":"https:\/\/redenoticiaz.com.br\/litoralsp\/wp-json\/wp\/v2\/posts\/103779","targetHints":{"allow":["GET"]}}],"collection":[{"href":"https:\/\/redenoticiaz.com.br\/litoralsp\/wp-json\/wp\/v2\/posts"}],"about":[{"href":"https:\/\/redenoticiaz.com.br\/litoralsp\/wp-json\/wp\/v2\/types\/post"}],"author":[{"embeddable":true,"href":"https:\/\/redenoticiaz.com.br\/litoralsp\/wp-json\/wp\/v2\/users\/6"}],"replies":[{"embeddable":true,"href":"https:\/\/redenoticiaz.com.br\/litoralsp\/wp-json\/wp\/v2\/comments?post=103779"}],"version-history":[{"count":1,"href":"https:\/\/redenoticiaz.com.br\/litoralsp\/wp-json\/wp\/v2\/posts\/103779\/revisions"}],"predecessor-version":[{"id":103781,"href":"https:\/\/redenoticiaz.com.br\/litoralsp\/wp-json\/wp\/v2\/posts\/103779\/revisions\/103781"}],"wp:featuredmedia":[{"embeddable":true,"href":"https:\/\/redenoticiaz.com.br\/litoralsp\/wp-json\/wp\/v2\/media\/103780"}],"wp:attachment":[{"href":"https:\/\/redenoticiaz.com.br\/litoralsp\/wp-json\/wp\/v2\/media?parent=103779"}],"wp:term":[{"taxonomy":"category","embeddable":true,"href":"https:\/\/redenoticiaz.com.br\/litoralsp\/wp-json\/wp\/v2\/categories?post=103779"},{"taxonomy":"post_tag","embeddable":true,"href":"https:\/\/redenoticiaz.com.br\/litoralsp\/wp-json\/wp\/v2\/tags?post=103779"}],"curies":[{"name":"wp","href":"https:\/\/api.w.org\/{rel}","templated":true}]}}