{"id":103808,"date":"2023-04-07T15:26:48","date_gmt":"2023-04-07T18:26:48","guid":{"rendered":"https:\/\/redenoticiaz.com.br\/litoralsp\/?p=103808"},"modified":"2023-04-07T15:26:48","modified_gmt":"2023-04-07T18:26:48","slug":"vacinacao-contra-a-gripe-sera-realizada-na-proxima-semana-em-santos","status":"publish","type":"post","link":"https:\/\/redenoticiaz.com.br\/litoralsp\/2023\/04\/07\/vacinacao-contra-a-gripe-sera-realizada-na-proxima-semana-em-santos","title":{"rendered":"Vacina\u00e7\u00e3o contra a gripe ser\u00e1 realizada na pr\u00f3xima semana em Santos"},"content":{"rendered":"<p>Santos come\u00e7a a campanha de vacina\u00e7\u00e3o contra a gripe 2023 nesta pr\u00f3xima segunda-feira (10) com objetivo de vacinar pessoas a partir de 60 anos.<\/p>\n<p>O imunizante estar\u00e1 dispon\u00edvel nas policl\u00ednicas de segunda a sexta-feira, das 8h \u00e0s 16h, e aos finais de semana, das 9h \u00e0s 15h30.<\/p>\n<p>De acordo com as informa\u00e7\u00f5es da Prefeitura, nas unidades Caruara e Monte Cabr\u00e3o, a vacina\u00e7\u00e3o contra a gripe iniciar\u00e1 na ter\u00e7a (11).<\/p>\n<p>Ainda de acordo com as informa\u00e7\u00f5es, o imunizante protege contra tr\u00eas variantes do v\u00edrus Influenza (A H1N1, A H3N2 e B).<\/p>\n<p>A vacina pode ser aplicado no mesmo dia de outras vacinas, como a bivalente contra a covid-19, que tamb\u00e9m est\u00e1 dispon\u00edvel a este p\u00fablico. Gradativamente, outros p\u00fablicos passar\u00e3o a ser contemplados pela campanha na Cidade.<\/p>\n<h2>Documentos<\/h2>\n<p>Para ter acesso \u00e0 vacina contra a gripe, \u00e9 necess\u00e1rio apresentar documento com foto e comprovante de resid\u00eancia de Santos.<\/p>\n<h3>Acamados<\/h3>\n<p>Pessoas acamadas que fazem parte do grupo contemplado nesta fase da campanha de vacina\u00e7\u00e3o devem encaminhar um representante (fam\u00edlia ou cuidador) \u00e0 policl\u00ednica de refer\u00eancia do seu endere\u00e7o com documentos pessoais (CPF, comprovante de resid\u00eancia) para efetuar cadastro.<\/p>\n<p>Leia mais<\/p>\n<p><a href=\"https:\/\/redenoticiaz.com.br\/litoralsp\/2023\/04\/05\/vacinacao-e-interrompida-em-santos-durante-feriado-da-semana-santa\">Vacina\u00e7\u00e3o \u00e9 interrompida em Santos durante feriado da Semana Santa<\/a><\/p>\n","protected":false},"excerpt":{"rendered":"<p>Santos come\u00e7a a campanha de vacina\u00e7\u00e3o contra a gripe 2023 nesta pr\u00f3xima segunda-feira (10) com objetivo de vacinar pessoas a partir de 60 anos. O imunizante estar\u00e1 dispon\u00edvel nas policl\u00ednicas de segunda a sexta-feira, das 8h \u00e0s 16h, e aos finais de semana, das 9h \u00e0s 15h30. De acordo com as informa\u00e7\u00f5es da Prefeitura, nas &hellip;<\/p>\n","protected":false},"author":12,"featured_media":86737,"comment_status":"open","ping_status":"closed","sticky":false,"template":"","format":"standard","meta":{"footnotes":""},"categories":[180],"tags":[36,27029,986,87,2826],"class_list":["post-103808","post","type-post","status-publish","format-standard","has-post-thumbnail","hentry","category-santos","tag-covid-19","tag-gripe","tag-santos","tag-vacina","tag-vacinacao"],"yoast_head":"<!-- This site is optimized with the Yoast SEO plugin v27.5 - https:\/\/yoast.com\/product\/yoast-seo-wordpress\/ -->\n<title>Vacina\u00e7\u00e3o contra a gripe ser\u00e1 realizada na pr\u00f3xima semana em Santos - Litoral SP<\/title>\n<meta name=\"description\" content=\"Santos come\u00e7a a campanha de vacina\u00e7\u00e3o contra a gripe 2023 nesta pr\u00f3xima segunda-feira (10) com objetivo de vacinar pessoas a partir de 60 anos.\" \/>\n<meta name=\"robots\" content=\"index, follow, max-snippet:-1, max-image-preview:large, max-video-preview:-1\" \/>\n<link rel=\"canonical\" href=\"https:\/\/redenoticiaz.com.br\/litoralsp\/2023\/04\/07\/vacinacao-contra-a-gripe-sera-realizada-na-proxima-semana-em-santos\" \/>\n<meta property=\"og:locale\" content=\"pt_BR\" \/>\n<meta property=\"og:type\" content=\"article\" \/>\n<meta property=\"og:title\" content=\"Vacina\u00e7\u00e3o contra a gripe ser\u00e1 realizada na pr\u00f3xima semana em Santos - Litoral SP\" \/>\n<meta property=\"og:description\" content=\"Santos come\u00e7a a campanha de vacina\u00e7\u00e3o contra a gripe 2023 nesta pr\u00f3xima segunda-feira (10) com objetivo de vacinar pessoas a partir de 60 anos.\" \/>\n<meta property=\"og:url\" content=\"https:\/\/redenoticiaz.com.br\/litoralsp\/2023\/04\/07\/vacinacao-contra-a-gripe-sera-realizada-na-proxima-semana-em-santos\" \/>\n<meta property=\"og:site_name\" content=\"Litoral SP\" \/>\n<meta property=\"article:published_time\" content=\"2023-04-07T18:26:48+00:00\" \/>\n<meta property=\"og:image\" content=\"https:\/\/redenoticiaz.com.br\/litoralsp\/wp-content\/uploads\/sites\/3\/2022\/06\/vacinacao-gripe.jpeg\" \/>\n\t<meta property=\"og:image:width\" content=\"1280\" \/>\n\t<meta property=\"og:image:height\" content=\"853\" \/>\n\t<meta property=\"og:image:type\" content=\"image\/jpeg\" \/>\n<meta name=\"author\" content=\"Gustavo Silva\" \/>\n<meta name=\"twitter:card\" content=\"summary_large_image\" \/>\n<meta name=\"twitter:label1\" content=\"Escrito por\" \/>\n\t<meta name=\"twitter:data1\" content=\"Gustavo Silva\" \/>\n\t<meta name=\"twitter:label2\" content=\"Est. tempo de leitura\" \/>\n\t<meta name=\"twitter:data2\" content=\"2 minutos\" \/>\n<script type=\"application\/ld+json\" class=\"yoast-schema-graph\">{\"@context\":\"https:\\\/\\\/schema.org\",\"@graph\":[{\"@type\":\"Article\",\"@id\":\"https:\\\/\\\/redenoticiaz.com.br\\\/litoralsp\\\/2023\\\/04\\\/07\\\/vacinacao-contra-a-gripe-sera-realizada-na-proxima-semana-em-santos#article\",\"isPartOf\":{\"@id\":\"https:\\\/\\\/redenoticiaz.com.br\\\/litoralsp\\\/2023\\\/04\\\/07\\\/vacinacao-contra-a-gripe-sera-realizada-na-proxima-semana-em-santos\"},\"author\":{\"name\":\"Gustavo Silva\",\"@id\":\"https:\\\/\\\/redenoticiaz.com.br\\\/litoralsp\\\/#\\\/schema\\\/person\\\/16057b37a3c0ee6b096d7f887c566e2e\"},\"headline\":\"Vacina\u00e7\u00e3o contra a gripe ser\u00e1 realizada na pr\u00f3xima semana em Santos\",\"datePublished\":\"2023-04-07T18:26:48+00:00\",\"mainEntityOfPage\":{\"@id\":\"https:\\\/\\\/redenoticiaz.com.br\\\/litoralsp\\\/2023\\\/04\\\/07\\\/vacinacao-contra-a-gripe-sera-realizada-na-proxima-semana-em-santos\"},\"wordCount\":230,\"commentCount\":0,\"publisher\":{\"@id\":\"https:\\\/\\\/redenoticiaz.com.br\\\/litoralsp\\\/#organization\"},\"image\":{\"@id\":\"https:\\\/\\\/redenoticiaz.com.br\\\/litoralsp\\\/2023\\\/04\\\/07\\\/vacinacao-contra-a-gripe-sera-realizada-na-proxima-semana-em-santos#primaryimage\"},\"thumbnailUrl\":\"https:\\\/\\\/redenoticiaz.com.br\\\/litoralsp\\\/wp-content\\\/uploads\\\/sites\\\/3\\\/2022\\\/06\\\/vacinacao-gripe.jpeg\",\"keywords\":[\"Covid-19\",\"GRIPE\",\"Santos\",\"vacina\",\"Vacina\u00e7\u00e3o\"],\"articleSection\":[\"Santos\"],\"inLanguage\":\"pt-BR\",\"potentialAction\":[{\"@type\":\"CommentAction\",\"name\":\"Comment\",\"target\":[\"https:\\\/\\\/redenoticiaz.com.br\\\/litoralsp\\\/2023\\\/04\\\/07\\\/vacinacao-contra-a-gripe-sera-realizada-na-proxima-semana-em-santos#respond\"]}]},{\"@type\":\"WebPage\",\"@id\":\"https:\\\/\\\/redenoticiaz.com.br\\\/litoralsp\\\/2023\\\/04\\\/07\\\/vacinacao-contra-a-gripe-sera-realizada-na-proxima-semana-em-santos\",\"url\":\"https:\\\/\\\/redenoticiaz.com.br\\\/litoralsp\\\/2023\\\/04\\\/07\\\/vacinacao-contra-a-gripe-sera-realizada-na-proxima-semana-em-santos\",\"name\":\"Vacina\u00e7\u00e3o contra a gripe ser\u00e1 realizada na pr\u00f3xima semana em Santos - Litoral SP\",\"isPartOf\":{\"@id\":\"https:\\\/\\\/redenoticiaz.com.br\\\/litoralsp\\\/#website\"},\"primaryImageOfPage\":{\"@id\":\"https:\\\/\\\/redenoticiaz.com.br\\\/litoralsp\\\/2023\\\/04\\\/07\\\/vacinacao-contra-a-gripe-sera-realizada-na-proxima-semana-em-santos#primaryimage\"},\"image\":{\"@id\":\"https:\\\/\\\/redenoticiaz.com.br\\\/litoralsp\\\/2023\\\/04\\\/07\\\/vacinacao-contra-a-gripe-sera-realizada-na-proxima-semana-em-santos#primaryimage\"},\"thumbnailUrl\":\"https:\\\/\\\/redenoticiaz.com.br\\\/litoralsp\\\/wp-content\\\/uploads\\\/sites\\\/3\\\/2022\\\/06\\\/vacinacao-gripe.jpeg\",\"datePublished\":\"2023-04-07T18:26:48+00:00\",\"description\":\"Santos come\u00e7a a campanha de vacina\u00e7\u00e3o contra a gripe 2023 nesta pr\u00f3xima segunda-feira (10) com objetivo de vacinar pessoas a partir de 60 anos.\",\"inLanguage\":\"pt-BR\",\"potentialAction\":[{\"@type\":\"ReadAction\",\"target\":[\"https:\\\/\\\/redenoticiaz.com.br\\\/litoralsp\\\/2023\\\/04\\\/07\\\/vacinacao-contra-a-gripe-sera-realizada-na-proxima-semana-em-santos\"]}]},{\"@type\":\"ImageObject\",\"inLanguage\":\"pt-BR\",\"@id\":\"https:\\\/\\\/redenoticiaz.com.br\\\/litoralsp\\\/2023\\\/04\\\/07\\\/vacinacao-contra-a-gripe-sera-realizada-na-proxima-semana-em-santos#primaryimage\",\"url\":\"https:\\\/\\\/redenoticiaz.com.br\\\/litoralsp\\\/wp-content\\\/uploads\\\/sites\\\/3\\\/2022\\\/06\\\/vacinacao-gripe.jpeg\",\"contentUrl\":\"https:\\\/\\\/redenoticiaz.com.br\\\/litoralsp\\\/wp-content\\\/uploads\\\/sites\\\/3\\\/2022\\\/06\\\/vacinacao-gripe.jpeg\",\"width\":1280,\"height\":853,\"caption\":\"Cr\u00e9ditos: Divulga\u00e7\u00e3o\\\/Prefeitura de Bertioga\"},{\"@type\":\"WebSite\",\"@id\":\"https:\\\/\\\/redenoticiaz.com.br\\\/litoralsp\\\/#website\",\"url\":\"https:\\\/\\\/redenoticiaz.com.br\\\/litoralsp\\\/\",\"name\":\"Litoral SP\",\"description\":\"Rede NoticiaZ\",\"publisher\":{\"@id\":\"https:\\\/\\\/redenoticiaz.com.br\\\/litoralsp\\\/#organization\"},\"potentialAction\":[{\"@type\":\"SearchAction\",\"target\":{\"@type\":\"EntryPoint\",\"urlTemplate\":\"https:\\\/\\\/redenoticiaz.com.br\\\/litoralsp\\\/?s={search_term_string}\"},\"query-input\":{\"@type\":\"PropertyValueSpecification\",\"valueRequired\":true,\"valueName\":\"search_term_string\"}}],\"inLanguage\":\"pt-BR\"},{\"@type\":\"Organization\",\"@id\":\"https:\\\/\\\/redenoticiaz.com.br\\\/litoralsp\\\/#organization\",\"name\":\"Litoral SP\",\"url\":\"https:\\\/\\\/redenoticiaz.com.br\\\/litoralsp\\\/\",\"logo\":{\"@type\":\"ImageObject\",\"inLanguage\":\"pt-BR\",\"@id\":\"https:\\\/\\\/redenoticiaz.com.br\\\/litoralsp\\\/#\\\/schema\\\/logo\\\/image\\\/\",\"url\":\"https:\\\/\\\/redenoticiaz.com.br\\\/litoralsp\\\/wp-content\\\/uploads\\\/sites\\\/3\\\/2020\\\/11\\\/logo.jpg\",\"contentUrl\":\"https:\\\/\\\/redenoticiaz.com.br\\\/litoralsp\\\/wp-content\\\/uploads\\\/sites\\\/3\\\/2020\\\/11\\\/logo.jpg\",\"width\":400,\"height\":250,\"caption\":\"Litoral SP\"},\"image\":{\"@id\":\"https:\\\/\\\/redenoticiaz.com.br\\\/litoralsp\\\/#\\\/schema\\\/logo\\\/image\\\/\"}},{\"@type\":\"Person\",\"@id\":\"https:\\\/\\\/redenoticiaz.com.br\\\/litoralsp\\\/#\\\/schema\\\/person\\\/16057b37a3c0ee6b096d7f887c566e2e\",\"name\":\"Gustavo Silva\",\"image\":{\"@type\":\"ImageObject\",\"inLanguage\":\"pt-BR\",\"@id\":\"https:\\\/\\\/secure.gravatar.com\\\/avatar\\\/3ee4e82f93b26de0a7cf4ea5eb7893da637ed6bb0c9170c58065944c56e28a33?s=96&d=mm&r=g\",\"url\":\"https:\\\/\\\/secure.gravatar.com\\\/avatar\\\/3ee4e82f93b26de0a7cf4ea5eb7893da637ed6bb0c9170c58065944c56e28a33?s=96&d=mm&r=g\",\"contentUrl\":\"https:\\\/\\\/secure.gravatar.com\\\/avatar\\\/3ee4e82f93b26de0a7cf4ea5eb7893da637ed6bb0c9170c58065944c56e28a33?s=96&d=mm&r=g\",\"caption\":\"Gustavo Silva\"},\"url\":\"https:\\\/\\\/redenoticiaz.com.br\\\/litoralsp\\\/author\\\/gustavosilva\"}]}<\/script>\n<!-- \/ Yoast SEO plugin. -->","yoast_head_json":{"title":"Vacina\u00e7\u00e3o contra a gripe ser\u00e1 realizada na pr\u00f3xima semana em Santos - Litoral SP","description":"Santos come\u00e7a a campanha de vacina\u00e7\u00e3o contra a gripe 2023 nesta pr\u00f3xima segunda-feira (10) com objetivo de vacinar pessoas a partir de 60 anos.","robots":{"index":"index","follow":"follow","max-snippet":"max-snippet:-1","max-image-preview":"max-image-preview:large","max-video-preview":"max-video-preview:-1"},"canonical":"https:\/\/redenoticiaz.com.br\/litoralsp\/2023\/04\/07\/vacinacao-contra-a-gripe-sera-realizada-na-proxima-semana-em-santos","og_locale":"pt_BR","og_type":"article","og_title":"Vacina\u00e7\u00e3o contra a gripe ser\u00e1 realizada na pr\u00f3xima semana em Santos - Litoral SP","og_description":"Santos come\u00e7a a campanha de vacina\u00e7\u00e3o contra a gripe 2023 nesta pr\u00f3xima segunda-feira (10) com objetivo de vacinar pessoas a partir de 60 anos.","og_url":"https:\/\/redenoticiaz.com.br\/litoralsp\/2023\/04\/07\/vacinacao-contra-a-gripe-sera-realizada-na-proxima-semana-em-santos","og_site_name":"Litoral SP","article_published_time":"2023-04-07T18:26:48+00:00","og_image":[{"width":1280,"height":853,"url":"https:\/\/redenoticiaz.com.br\/litoralsp\/wp-content\/uploads\/sites\/3\/2022\/06\/vacinacao-gripe.jpeg","type":"image\/jpeg"}],"author":"Gustavo Silva","twitter_card":"summary_large_image","twitter_misc":{"Escrito por":"Gustavo Silva","Est. tempo de leitura":"2 minutos"},"schema":{"@context":"https:\/\/schema.org","@graph":[{"@type":"Article","@id":"https:\/\/redenoticiaz.com.br\/litoralsp\/2023\/04\/07\/vacinacao-contra-a-gripe-sera-realizada-na-proxima-semana-em-santos#article","isPartOf":{"@id":"https:\/\/redenoticiaz.com.br\/litoralsp\/2023\/04\/07\/vacinacao-contra-a-gripe-sera-realizada-na-proxima-semana-em-santos"},"author":{"name":"Gustavo Silva","@id":"https:\/\/redenoticiaz.com.br\/litoralsp\/#\/schema\/person\/16057b37a3c0ee6b096d7f887c566e2e"},"headline":"Vacina\u00e7\u00e3o contra a gripe ser\u00e1 realizada na pr\u00f3xima semana em Santos","datePublished":"2023-04-07T18:26:48+00:00","mainEntityOfPage":{"@id":"https:\/\/redenoticiaz.com.br\/litoralsp\/2023\/04\/07\/vacinacao-contra-a-gripe-sera-realizada-na-proxima-semana-em-santos"},"wordCount":230,"commentCount":0,"publisher":{"@id":"https:\/\/redenoticiaz.com.br\/litoralsp\/#organization"},"image":{"@id":"https:\/\/redenoticiaz.com.br\/litoralsp\/2023\/04\/07\/vacinacao-contra-a-gripe-sera-realizada-na-proxima-semana-em-santos#primaryimage"},"thumbnailUrl":"https:\/\/redenoticiaz.com.br\/litoralsp\/wp-content\/uploads\/sites\/3\/2022\/06\/vacinacao-gripe.jpeg","keywords":["Covid-19","GRIPE","Santos","vacina","Vacina\u00e7\u00e3o"],"articleSection":["Santos"],"inLanguage":"pt-BR","potentialAction":[{"@type":"CommentAction","name":"Comment","target":["https:\/\/redenoticiaz.com.br\/litoralsp\/2023\/04\/07\/vacinacao-contra-a-gripe-sera-realizada-na-proxima-semana-em-santos#respond"]}]},{"@type":"WebPage","@id":"https:\/\/redenoticiaz.com.br\/litoralsp\/2023\/04\/07\/vacinacao-contra-a-gripe-sera-realizada-na-proxima-semana-em-santos","url":"https:\/\/redenoticiaz.com.br\/litoralsp\/2023\/04\/07\/vacinacao-contra-a-gripe-sera-realizada-na-proxima-semana-em-santos","name":"Vacina\u00e7\u00e3o contra a gripe ser\u00e1 realizada na pr\u00f3xima semana em Santos - Litoral SP","isPartOf":{"@id":"https:\/\/redenoticiaz.com.br\/litoralsp\/#website"},"primaryImageOfPage":{"@id":"https:\/\/redenoticiaz.com.br\/litoralsp\/2023\/04\/07\/vacinacao-contra-a-gripe-sera-realizada-na-proxima-semana-em-santos#primaryimage"},"image":{"@id":"https:\/\/redenoticiaz.com.br\/litoralsp\/2023\/04\/07\/vacinacao-contra-a-gripe-sera-realizada-na-proxima-semana-em-santos#primaryimage"},"thumbnailUrl":"https:\/\/redenoticiaz.com.br\/litoralsp\/wp-content\/uploads\/sites\/3\/2022\/06\/vacinacao-gripe.jpeg","datePublished":"2023-04-07T18:26:48+00:00","description":"Santos come\u00e7a a campanha de vacina\u00e7\u00e3o contra a gripe 2023 nesta pr\u00f3xima segunda-feira (10) com objetivo de vacinar pessoas a partir de 60 anos.","inLanguage":"pt-BR","potentialAction":[{"@type":"ReadAction","target":["https:\/\/redenoticiaz.com.br\/litoralsp\/2023\/04\/07\/vacinacao-contra-a-gripe-sera-realizada-na-proxima-semana-em-santos"]}]},{"@type":"ImageObject","inLanguage":"pt-BR","@id":"https:\/\/redenoticiaz.com.br\/litoralsp\/2023\/04\/07\/vacinacao-contra-a-gripe-sera-realizada-na-proxima-semana-em-santos#primaryimage","url":"https:\/\/redenoticiaz.com.br\/litoralsp\/wp-content\/uploads\/sites\/3\/2022\/06\/vacinacao-gripe.jpeg","contentUrl":"https:\/\/redenoticiaz.com.br\/litoralsp\/wp-content\/uploads\/sites\/3\/2022\/06\/vacinacao-gripe.jpeg","width":1280,"height":853,"caption":"Cr\u00e9ditos: Divulga\u00e7\u00e3o\/Prefeitura de Bertioga"},{"@type":"WebSite","@id":"https:\/\/redenoticiaz.com.br\/litoralsp\/#website","url":"https:\/\/redenoticiaz.com.br\/litoralsp\/","name":"Litoral SP","description":"Rede NoticiaZ","publisher":{"@id":"https:\/\/redenoticiaz.com.br\/litoralsp\/#organization"},"potentialAction":[{"@type":"SearchAction","target":{"@type":"EntryPoint","urlTemplate":"https:\/\/redenoticiaz.com.br\/litoralsp\/?s={search_term_string}"},"query-input":{"@type":"PropertyValueSpecification","valueRequired":true,"valueName":"search_term_string"}}],"inLanguage":"pt-BR"},{"@type":"Organization","@id":"https:\/\/redenoticiaz.com.br\/litoralsp\/#organization","name":"Litoral SP","url":"https:\/\/redenoticiaz.com.br\/litoralsp\/","logo":{"@type":"ImageObject","inLanguage":"pt-BR","@id":"https:\/\/redenoticiaz.com.br\/litoralsp\/#\/schema\/logo\/image\/","url":"https:\/\/redenoticiaz.com.br\/litoralsp\/wp-content\/uploads\/sites\/3\/2020\/11\/logo.jpg","contentUrl":"https:\/\/redenoticiaz.com.br\/litoralsp\/wp-content\/uploads\/sites\/3\/2020\/11\/logo.jpg","width":400,"height":250,"caption":"Litoral SP"},"image":{"@id":"https:\/\/redenoticiaz.com.br\/litoralsp\/#\/schema\/logo\/image\/"}},{"@type":"Person","@id":"https:\/\/redenoticiaz.com.br\/litoralsp\/#\/schema\/person\/16057b37a3c0ee6b096d7f887c566e2e","name":"Gustavo Silva","image":{"@type":"ImageObject","inLanguage":"pt-BR","@id":"https:\/\/secure.gravatar.com\/avatar\/3ee4e82f93b26de0a7cf4ea5eb7893da637ed6bb0c9170c58065944c56e28a33?s=96&d=mm&r=g","url":"https:\/\/secure.gravatar.com\/avatar\/3ee4e82f93b26de0a7cf4ea5eb7893da637ed6bb0c9170c58065944c56e28a33?s=96&d=mm&r=g","contentUrl":"https:\/\/secure.gravatar.com\/avatar\/3ee4e82f93b26de0a7cf4ea5eb7893da637ed6bb0c9170c58065944c56e28a33?s=96&d=mm&r=g","caption":"Gustavo Silva"},"url":"https:\/\/redenoticiaz.com.br\/litoralsp\/author\/gustavosilva"}]}},"_links":{"self":[{"href":"https:\/\/redenoticiaz.com.br\/litoralsp\/wp-json\/wp\/v2\/posts\/103808","targetHints":{"allow":["GET"]}}],"collection":[{"href":"https:\/\/redenoticiaz.com.br\/litoralsp\/wp-json\/wp\/v2\/posts"}],"about":[{"href":"https:\/\/redenoticiaz.com.br\/litoralsp\/wp-json\/wp\/v2\/types\/post"}],"author":[{"embeddable":true,"href":"https:\/\/redenoticiaz.com.br\/litoralsp\/wp-json\/wp\/v2\/users\/12"}],"replies":[{"embeddable":true,"href":"https:\/\/redenoticiaz.com.br\/litoralsp\/wp-json\/wp\/v2\/comments?post=103808"}],"version-history":[{"count":1,"href":"https:\/\/redenoticiaz.com.br\/litoralsp\/wp-json\/wp\/v2\/posts\/103808\/revisions"}],"predecessor-version":[{"id":103809,"href":"https:\/\/redenoticiaz.com.br\/litoralsp\/wp-json\/wp\/v2\/posts\/103808\/revisions\/103809"}],"wp:featuredmedia":[{"embeddable":true,"href":"https:\/\/redenoticiaz.com.br\/litoralsp\/wp-json\/wp\/v2\/media\/86737"}],"wp:attachment":[{"href":"https:\/\/redenoticiaz.com.br\/litoralsp\/wp-json\/wp\/v2\/media?parent=103808"}],"wp:term":[{"taxonomy":"category","embeddable":true,"href":"https:\/\/redenoticiaz.com.br\/litoralsp\/wp-json\/wp\/v2\/categories?post=103808"},{"taxonomy":"post_tag","embeddable":true,"href":"https:\/\/redenoticiaz.com.br\/litoralsp\/wp-json\/wp\/v2\/tags?post=103808"}],"curies":[{"name":"wp","href":"https:\/\/api.w.org\/{rel}","templated":true}]}}