{"id":103830,"date":"2023-04-09T10:34:57","date_gmt":"2023-04-09T13:34:57","guid":{"rendered":"https:\/\/redenoticiaz.com.br\/litoralsp\/?p=103830"},"modified":"2023-04-09T10:34:57","modified_gmt":"2023-04-09T13:34:57","slug":"destrocos-do-barco-que-naufragou-em-bertioga-sao-encontrados","status":"publish","type":"post","link":"https:\/\/redenoticiaz.com.br\/litoralsp\/2023\/04\/09\/destrocos-do-barco-que-naufragou-em-bertioga-sao-encontrados","title":{"rendered":"Destro\u00e7os do barco que naufragou em Bertioga s\u00e3o encontrados"},"content":{"rendered":"<div id=\"chunk-6aie5\">\n<div class=\"mc-column content-text active-extra-styles \" data-block-type=\"unstyled\" data-block-weight=\"77\" data-block-id=\"3\"><\/div>\n<\/div>\n<div class=\"wall protected-content\">\n<div id=\"chunk-4vj1s\">\n<div class=\"mc-column content-text active-extra-styles \" data-block-type=\"unstyled\" data-block-weight=\"39\" data-block-id=\"4\">\n<div class=\"mc-column content-text active-extra-styles\" data-block-type=\"raw\" data-block-weight=\"46\" data-block-id=\"16\">\n<p>Os <strong>destro\u00e7os da embarca\u00e7\u00e3o<\/strong> que naufragou em uma praia de Bertioga foram encontrados. Agora a Marinha do Brasil come\u00e7a neste domingo (9) a realiza\u00e7\u00e3o da per\u00edcia nos destro\u00e7os da embarca\u00e7\u00e3o que afundou com 12 pessoas a bordo. Uma pessoa de 68 anos morreu e outras duas, de 64 e 65, continuam desaparecidas. As outras nove conseguiram ser salvas com vida.<\/p>\n<p>Segundo a Marinha do Brasil, o Grupamento de Bombeiros Mar\u00edtimo (GBMar) fez o comunicado de que uma embarca\u00e7\u00e3o havia naufragado pr\u00f3ximo \u00e0 sa\u00edda do Canal de Bertioga. Diante da situa\u00e7\u00e3o, come\u00e7aram as buscas pelos desaparecidos, que permanece com profissionais da Marinha, GBMar, al\u00e9m de pescadores locais.<\/p>\n<p>Peda\u00e7os de madeiras que pertenciam a embarca\u00e7\u00e3o chamada de Lobo do Mar, se espalharam pela Praia da Enseada, em Bertioga. Os restos do barco foram levados pela mar\u00e9 at\u00e9 a faixa de areia, e foram vistoriados pela Marinha do Brasil no in\u00edcio da tarde deste s\u00e1bado (8).<\/p>\n<p>Ainda segundo a Marinha, um inqu\u00e9rito administrativo ser\u00e1 instaurado para apurar as causas e poss\u00edveis respons\u00e1veis pelo incidente, e que est\u00e1 dando prioridade para as buscas e o salvamento dos desaparecidos. Sendo assim, detalhes sobre a per\u00edcia ser\u00e3o informados ap\u00f3s o t\u00e9rmino das investiga\u00e7\u00f5es.<\/p>\n<p>\u201cAlerta-se aos navegantes que consultem as informa\u00e7\u00f5es meteorol\u00f3gicas antes de se fazerem ao mar e solicita-se ampla divulga\u00e7\u00e3o \u00e0s comunidades de pesca e esporte e recreio. A Marinha do Brasil incentiva a participa\u00e7\u00e3o da popula\u00e7\u00e3o e disponibiliza o telefone 185 para emerg\u00eancias n\u00e1uticas\u201d, acrescentou em nota.<\/p>\n<p><strong>LEIA TAMB\u00c9M<\/strong><\/p>\n<p><a href=\"https:\/\/redenoticiaz.com.br\/litoralsp\/2023\/04\/08\/naufragio-mata-uma-pessoa-e-outras-duas-desaparecem-em-sp\">Naufr\u00e1gio mata uma pessoa e outras duas desaparecem em SP<\/a><\/p>\n<\/div>\n<\/div>\n<\/div>\n<\/div>\n<div data-block-type=\"raw\" data-block-weight=\"46\" data-block-id=\"16\"><\/div>\n","protected":false},"excerpt":{"rendered":"<p>Os destro\u00e7os da embarca\u00e7\u00e3o que naufragou em uma praia de Bertioga foram encontrados. Agora a Marinha do Brasil come\u00e7a neste domingo (9) a realiza\u00e7\u00e3o da per\u00edcia nos destro\u00e7os da embarca\u00e7\u00e3o que afundou com 12 pessoas a bordo. Uma pessoa de 68 anos morreu e outras duas, de 64 e 65, continuam desaparecidas. As outras nove &hellip;<\/p>\n","protected":false},"author":6,"featured_media":102743,"comment_status":"open","ping_status":"closed","sticky":false,"template":"","format":"standard","meta":{"footnotes":""},"categories":[1107,10,45592],"tags":[1038,21519,6768,10574,13171,21059,8547],"class_list":["post-103830","post","type-post","status-publish","format-standard","has-post-thumbnail","hentry","category-bertioga","category-policia","category-praia","tag-bertioga","tag-destrocos","tag-embarcacao","tag-grupamento-de-bombeiros-maritimos","tag-marinha-do-brasil","tag-naufragio","tag-praia-da-enseada"],"yoast_head":"<!-- This site is optimized with the Yoast SEO plugin v27.5 - https:\/\/yoast.com\/product\/yoast-seo-wordpress\/ -->\n<title>Destro\u00e7os do barco que naufragou em Bertioga s\u00e3o encontrados - Litoral SP<\/title>\n<meta name=\"description\" content=\"Os destro\u00e7os da embarca\u00e7\u00e3o que naufragou em uma praia de Bertioga foram encontrados. Agora a Marinha do Brasil come\u00e7a neste\" \/>\n<meta name=\"robots\" content=\"index, follow, max-snippet:-1, max-image-preview:large, max-video-preview:-1\" \/>\n<link rel=\"canonical\" href=\"https:\/\/redenoticiaz.com.br\/litoralsp\/2023\/04\/09\/destrocos-do-barco-que-naufragou-em-bertioga-sao-encontrados\" \/>\n<meta property=\"og:locale\" content=\"pt_BR\" \/>\n<meta property=\"og:type\" content=\"article\" \/>\n<meta property=\"og:title\" content=\"Destro\u00e7os do barco que naufragou em Bertioga s\u00e3o encontrados - Litoral SP\" \/>\n<meta property=\"og:description\" content=\"Os destro\u00e7os da embarca\u00e7\u00e3o que naufragou em uma praia de Bertioga foram encontrados. Agora a Marinha do Brasil come\u00e7a neste\" \/>\n<meta property=\"og:url\" content=\"https:\/\/redenoticiaz.com.br\/litoralsp\/2023\/04\/09\/destrocos-do-barco-que-naufragou-em-bertioga-sao-encontrados\" \/>\n<meta property=\"og:site_name\" content=\"Litoral SP\" \/>\n<meta property=\"article:published_time\" content=\"2023-04-09T13:34:57+00:00\" \/>\n<meta property=\"og:image\" content=\"https:\/\/redenoticiaz.com.br\/litoralsp\/wp-content\/uploads\/sites\/3\/2023\/03\/BUSCA-ADOLESCENTE.jpg\" \/>\n\t<meta property=\"og:image:width\" content=\"554\" \/>\n\t<meta property=\"og:image:height\" content=\"409\" \/>\n\t<meta property=\"og:image:type\" content=\"image\/jpeg\" \/>\n<meta name=\"author\" content=\"Leonardo Francisco\" \/>\n<meta name=\"twitter:card\" content=\"summary_large_image\" \/>\n<meta name=\"twitter:label1\" content=\"Escrito por\" \/>\n\t<meta name=\"twitter:data1\" content=\"Leonardo Francisco\" \/>\n\t<meta name=\"twitter:label2\" content=\"Est. tempo de leitura\" \/>\n\t<meta name=\"twitter:data2\" content=\"2 minutos\" \/>\n<script type=\"application\/ld+json\" class=\"yoast-schema-graph\">{\"@context\":\"https:\\\/\\\/schema.org\",\"@graph\":[{\"@type\":\"Article\",\"@id\":\"https:\\\/\\\/redenoticiaz.com.br\\\/litoralsp\\\/2023\\\/04\\\/09\\\/destrocos-do-barco-que-naufragou-em-bertioga-sao-encontrados#article\",\"isPartOf\":{\"@id\":\"https:\\\/\\\/redenoticiaz.com.br\\\/litoralsp\\\/2023\\\/04\\\/09\\\/destrocos-do-barco-que-naufragou-em-bertioga-sao-encontrados\"},\"author\":{\"name\":\"Leonardo Francisco\",\"@id\":\"https:\\\/\\\/redenoticiaz.com.br\\\/litoralsp\\\/#\\\/schema\\\/person\\\/0f0b8a5bdafefe82841e07ae8d81ecb3\"},\"headline\":\"Destro\u00e7os do barco que naufragou em Bertioga s\u00e3o encontrados\",\"datePublished\":\"2023-04-09T13:34:57+00:00\",\"mainEntityOfPage\":{\"@id\":\"https:\\\/\\\/redenoticiaz.com.br\\\/litoralsp\\\/2023\\\/04\\\/09\\\/destrocos-do-barco-que-naufragou-em-bertioga-sao-encontrados\"},\"wordCount\":293,\"commentCount\":0,\"publisher\":{\"@id\":\"https:\\\/\\\/redenoticiaz.com.br\\\/litoralsp\\\/#organization\"},\"image\":{\"@id\":\"https:\\\/\\\/redenoticiaz.com.br\\\/litoralsp\\\/2023\\\/04\\\/09\\\/destrocos-do-barco-que-naufragou-em-bertioga-sao-encontrados#primaryimage\"},\"thumbnailUrl\":\"https:\\\/\\\/redenoticiaz.com.br\\\/litoralsp\\\/wp-content\\\/uploads\\\/sites\\\/3\\\/2023\\\/03\\\/BUSCA-ADOLESCENTE.jpg\",\"keywords\":[\"BERTIOGA\",\"DESTRO\u00c7OS\",\"embarca\u00e7\u00e3o\",\"GRUPAMENTO DE BOMBEIROS MAR\u00cdTIMOS\",\"MARINHA DO BRASIL\",\"NAUFR\u00c1GIO\",\"PRAIA DA ENSEADA\"],\"articleSection\":[\"Bertioga\",\"Pol\u00edcia\",\"Praia\"],\"inLanguage\":\"pt-BR\",\"potentialAction\":[{\"@type\":\"CommentAction\",\"name\":\"Comment\",\"target\":[\"https:\\\/\\\/redenoticiaz.com.br\\\/litoralsp\\\/2023\\\/04\\\/09\\\/destrocos-do-barco-que-naufragou-em-bertioga-sao-encontrados#respond\"]}]},{\"@type\":\"WebPage\",\"@id\":\"https:\\\/\\\/redenoticiaz.com.br\\\/litoralsp\\\/2023\\\/04\\\/09\\\/destrocos-do-barco-que-naufragou-em-bertioga-sao-encontrados\",\"url\":\"https:\\\/\\\/redenoticiaz.com.br\\\/litoralsp\\\/2023\\\/04\\\/09\\\/destrocos-do-barco-que-naufragou-em-bertioga-sao-encontrados\",\"name\":\"Destro\u00e7os do barco que naufragou em Bertioga s\u00e3o encontrados - Litoral SP\",\"isPartOf\":{\"@id\":\"https:\\\/\\\/redenoticiaz.com.br\\\/litoralsp\\\/#website\"},\"primaryImageOfPage\":{\"@id\":\"https:\\\/\\\/redenoticiaz.com.br\\\/litoralsp\\\/2023\\\/04\\\/09\\\/destrocos-do-barco-que-naufragou-em-bertioga-sao-encontrados#primaryimage\"},\"image\":{\"@id\":\"https:\\\/\\\/redenoticiaz.com.br\\\/litoralsp\\\/2023\\\/04\\\/09\\\/destrocos-do-barco-que-naufragou-em-bertioga-sao-encontrados#primaryimage\"},\"thumbnailUrl\":\"https:\\\/\\\/redenoticiaz.com.br\\\/litoralsp\\\/wp-content\\\/uploads\\\/sites\\\/3\\\/2023\\\/03\\\/BUSCA-ADOLESCENTE.jpg\",\"datePublished\":\"2023-04-09T13:34:57+00:00\",\"description\":\"Os destro\u00e7os da embarca\u00e7\u00e3o que naufragou em uma praia de Bertioga foram encontrados. Agora a Marinha do Brasil come\u00e7a neste\",\"inLanguage\":\"pt-BR\",\"potentialAction\":[{\"@type\":\"ReadAction\",\"target\":[\"https:\\\/\\\/redenoticiaz.com.br\\\/litoralsp\\\/2023\\\/04\\\/09\\\/destrocos-do-barco-que-naufragou-em-bertioga-sao-encontrados\"]}]},{\"@type\":\"ImageObject\",\"inLanguage\":\"pt-BR\",\"@id\":\"https:\\\/\\\/redenoticiaz.com.br\\\/litoralsp\\\/2023\\\/04\\\/09\\\/destrocos-do-barco-que-naufragou-em-bertioga-sao-encontrados#primaryimage\",\"url\":\"https:\\\/\\\/redenoticiaz.com.br\\\/litoralsp\\\/wp-content\\\/uploads\\\/sites\\\/3\\\/2023\\\/03\\\/BUSCA-ADOLESCENTE.jpg\",\"contentUrl\":\"https:\\\/\\\/redenoticiaz.com.br\\\/litoralsp\\\/wp-content\\\/uploads\\\/sites\\\/3\\\/2023\\\/03\\\/BUSCA-ADOLESCENTE.jpg\",\"width\":554,\"height\":409,\"caption\":\"Cr\u00e9ditos: Divulga\u00e7\u00e3o\\\/GBMar\"},{\"@type\":\"WebSite\",\"@id\":\"https:\\\/\\\/redenoticiaz.com.br\\\/litoralsp\\\/#website\",\"url\":\"https:\\\/\\\/redenoticiaz.com.br\\\/litoralsp\\\/\",\"name\":\"Litoral SP\",\"description\":\"Rede NoticiaZ\",\"publisher\":{\"@id\":\"https:\\\/\\\/redenoticiaz.com.br\\\/litoralsp\\\/#organization\"},\"potentialAction\":[{\"@type\":\"SearchAction\",\"target\":{\"@type\":\"EntryPoint\",\"urlTemplate\":\"https:\\\/\\\/redenoticiaz.com.br\\\/litoralsp\\\/?s={search_term_string}\"},\"query-input\":{\"@type\":\"PropertyValueSpecification\",\"valueRequired\":true,\"valueName\":\"search_term_string\"}}],\"inLanguage\":\"pt-BR\"},{\"@type\":\"Organization\",\"@id\":\"https:\\\/\\\/redenoticiaz.com.br\\\/litoralsp\\\/#organization\",\"name\":\"Litoral SP\",\"url\":\"https:\\\/\\\/redenoticiaz.com.br\\\/litoralsp\\\/\",\"logo\":{\"@type\":\"ImageObject\",\"inLanguage\":\"pt-BR\",\"@id\":\"https:\\\/\\\/redenoticiaz.com.br\\\/litoralsp\\\/#\\\/schema\\\/logo\\\/image\\\/\",\"url\":\"https:\\\/\\\/redenoticiaz.com.br\\\/litoralsp\\\/wp-content\\\/uploads\\\/sites\\\/3\\\/2020\\\/11\\\/logo.jpg\",\"contentUrl\":\"https:\\\/\\\/redenoticiaz.com.br\\\/litoralsp\\\/wp-content\\\/uploads\\\/sites\\\/3\\\/2020\\\/11\\\/logo.jpg\",\"width\":400,\"height\":250,\"caption\":\"Litoral SP\"},\"image\":{\"@id\":\"https:\\\/\\\/redenoticiaz.com.br\\\/litoralsp\\\/#\\\/schema\\\/logo\\\/image\\\/\"}},{\"@type\":\"Person\",\"@id\":\"https:\\\/\\\/redenoticiaz.com.br\\\/litoralsp\\\/#\\\/schema\\\/person\\\/0f0b8a5bdafefe82841e07ae8d81ecb3\",\"name\":\"Leonardo Francisco\",\"image\":{\"@type\":\"ImageObject\",\"inLanguage\":\"pt-BR\",\"@id\":\"https:\\\/\\\/secure.gravatar.com\\\/avatar\\\/a7358cb406a99b682ec6df1e77e31ae82e63601f6784e8a3df411d72b37864da?s=96&d=mm&r=g\",\"url\":\"https:\\\/\\\/secure.gravatar.com\\\/avatar\\\/a7358cb406a99b682ec6df1e77e31ae82e63601f6784e8a3df411d72b37864da?s=96&d=mm&r=g\",\"contentUrl\":\"https:\\\/\\\/secure.gravatar.com\\\/avatar\\\/a7358cb406a99b682ec6df1e77e31ae82e63601f6784e8a3df411d72b37864da?s=96&d=mm&r=g\",\"caption\":\"Leonardo Francisco\"},\"url\":\"https:\\\/\\\/redenoticiaz.com.br\\\/litoralsp\\\/author\\\/leonardo-francisco\"}]}<\/script>\n<!-- \/ Yoast SEO plugin. -->","yoast_head_json":{"title":"Destro\u00e7os do barco que naufragou em Bertioga s\u00e3o encontrados - Litoral SP","description":"Os destro\u00e7os da embarca\u00e7\u00e3o que naufragou em uma praia de Bertioga foram encontrados. Agora a Marinha do Brasil come\u00e7a neste","robots":{"index":"index","follow":"follow","max-snippet":"max-snippet:-1","max-image-preview":"max-image-preview:large","max-video-preview":"max-video-preview:-1"},"canonical":"https:\/\/redenoticiaz.com.br\/litoralsp\/2023\/04\/09\/destrocos-do-barco-que-naufragou-em-bertioga-sao-encontrados","og_locale":"pt_BR","og_type":"article","og_title":"Destro\u00e7os do barco que naufragou em Bertioga s\u00e3o encontrados - Litoral SP","og_description":"Os destro\u00e7os da embarca\u00e7\u00e3o que naufragou em uma praia de Bertioga foram encontrados. Agora a Marinha do Brasil come\u00e7a neste","og_url":"https:\/\/redenoticiaz.com.br\/litoralsp\/2023\/04\/09\/destrocos-do-barco-que-naufragou-em-bertioga-sao-encontrados","og_site_name":"Litoral SP","article_published_time":"2023-04-09T13:34:57+00:00","og_image":[{"width":554,"height":409,"url":"https:\/\/redenoticiaz.com.br\/litoralsp\/wp-content\/uploads\/sites\/3\/2023\/03\/BUSCA-ADOLESCENTE.jpg","type":"image\/jpeg"}],"author":"Leonardo Francisco","twitter_card":"summary_large_image","twitter_misc":{"Escrito por":"Leonardo Francisco","Est. tempo de leitura":"2 minutos"},"schema":{"@context":"https:\/\/schema.org","@graph":[{"@type":"Article","@id":"https:\/\/redenoticiaz.com.br\/litoralsp\/2023\/04\/09\/destrocos-do-barco-que-naufragou-em-bertioga-sao-encontrados#article","isPartOf":{"@id":"https:\/\/redenoticiaz.com.br\/litoralsp\/2023\/04\/09\/destrocos-do-barco-que-naufragou-em-bertioga-sao-encontrados"},"author":{"name":"Leonardo Francisco","@id":"https:\/\/redenoticiaz.com.br\/litoralsp\/#\/schema\/person\/0f0b8a5bdafefe82841e07ae8d81ecb3"},"headline":"Destro\u00e7os do barco que naufragou em Bertioga s\u00e3o encontrados","datePublished":"2023-04-09T13:34:57+00:00","mainEntityOfPage":{"@id":"https:\/\/redenoticiaz.com.br\/litoralsp\/2023\/04\/09\/destrocos-do-barco-que-naufragou-em-bertioga-sao-encontrados"},"wordCount":293,"commentCount":0,"publisher":{"@id":"https:\/\/redenoticiaz.com.br\/litoralsp\/#organization"},"image":{"@id":"https:\/\/redenoticiaz.com.br\/litoralsp\/2023\/04\/09\/destrocos-do-barco-que-naufragou-em-bertioga-sao-encontrados#primaryimage"},"thumbnailUrl":"https:\/\/redenoticiaz.com.br\/litoralsp\/wp-content\/uploads\/sites\/3\/2023\/03\/BUSCA-ADOLESCENTE.jpg","keywords":["BERTIOGA","DESTRO\u00c7OS","embarca\u00e7\u00e3o","GRUPAMENTO DE BOMBEIROS MAR\u00cdTIMOS","MARINHA DO BRASIL","NAUFR\u00c1GIO","PRAIA DA ENSEADA"],"articleSection":["Bertioga","Pol\u00edcia","Praia"],"inLanguage":"pt-BR","potentialAction":[{"@type":"CommentAction","name":"Comment","target":["https:\/\/redenoticiaz.com.br\/litoralsp\/2023\/04\/09\/destrocos-do-barco-que-naufragou-em-bertioga-sao-encontrados#respond"]}]},{"@type":"WebPage","@id":"https:\/\/redenoticiaz.com.br\/litoralsp\/2023\/04\/09\/destrocos-do-barco-que-naufragou-em-bertioga-sao-encontrados","url":"https:\/\/redenoticiaz.com.br\/litoralsp\/2023\/04\/09\/destrocos-do-barco-que-naufragou-em-bertioga-sao-encontrados","name":"Destro\u00e7os do barco que naufragou em Bertioga s\u00e3o encontrados - Litoral SP","isPartOf":{"@id":"https:\/\/redenoticiaz.com.br\/litoralsp\/#website"},"primaryImageOfPage":{"@id":"https:\/\/redenoticiaz.com.br\/litoralsp\/2023\/04\/09\/destrocos-do-barco-que-naufragou-em-bertioga-sao-encontrados#primaryimage"},"image":{"@id":"https:\/\/redenoticiaz.com.br\/litoralsp\/2023\/04\/09\/destrocos-do-barco-que-naufragou-em-bertioga-sao-encontrados#primaryimage"},"thumbnailUrl":"https:\/\/redenoticiaz.com.br\/litoralsp\/wp-content\/uploads\/sites\/3\/2023\/03\/BUSCA-ADOLESCENTE.jpg","datePublished":"2023-04-09T13:34:57+00:00","description":"Os destro\u00e7os da embarca\u00e7\u00e3o que naufragou em uma praia de Bertioga foram encontrados. Agora a Marinha do Brasil come\u00e7a neste","inLanguage":"pt-BR","potentialAction":[{"@type":"ReadAction","target":["https:\/\/redenoticiaz.com.br\/litoralsp\/2023\/04\/09\/destrocos-do-barco-que-naufragou-em-bertioga-sao-encontrados"]}]},{"@type":"ImageObject","inLanguage":"pt-BR","@id":"https:\/\/redenoticiaz.com.br\/litoralsp\/2023\/04\/09\/destrocos-do-barco-que-naufragou-em-bertioga-sao-encontrados#primaryimage","url":"https:\/\/redenoticiaz.com.br\/litoralsp\/wp-content\/uploads\/sites\/3\/2023\/03\/BUSCA-ADOLESCENTE.jpg","contentUrl":"https:\/\/redenoticiaz.com.br\/litoralsp\/wp-content\/uploads\/sites\/3\/2023\/03\/BUSCA-ADOLESCENTE.jpg","width":554,"height":409,"caption":"Cr\u00e9ditos: Divulga\u00e7\u00e3o\/GBMar"},{"@type":"WebSite","@id":"https:\/\/redenoticiaz.com.br\/litoralsp\/#website","url":"https:\/\/redenoticiaz.com.br\/litoralsp\/","name":"Litoral SP","description":"Rede NoticiaZ","publisher":{"@id":"https:\/\/redenoticiaz.com.br\/litoralsp\/#organization"},"potentialAction":[{"@type":"SearchAction","target":{"@type":"EntryPoint","urlTemplate":"https:\/\/redenoticiaz.com.br\/litoralsp\/?s={search_term_string}"},"query-input":{"@type":"PropertyValueSpecification","valueRequired":true,"valueName":"search_term_string"}}],"inLanguage":"pt-BR"},{"@type":"Organization","@id":"https:\/\/redenoticiaz.com.br\/litoralsp\/#organization","name":"Litoral SP","url":"https:\/\/redenoticiaz.com.br\/litoralsp\/","logo":{"@type":"ImageObject","inLanguage":"pt-BR","@id":"https:\/\/redenoticiaz.com.br\/litoralsp\/#\/schema\/logo\/image\/","url":"https:\/\/redenoticiaz.com.br\/litoralsp\/wp-content\/uploads\/sites\/3\/2020\/11\/logo.jpg","contentUrl":"https:\/\/redenoticiaz.com.br\/litoralsp\/wp-content\/uploads\/sites\/3\/2020\/11\/logo.jpg","width":400,"height":250,"caption":"Litoral SP"},"image":{"@id":"https:\/\/redenoticiaz.com.br\/litoralsp\/#\/schema\/logo\/image\/"}},{"@type":"Person","@id":"https:\/\/redenoticiaz.com.br\/litoralsp\/#\/schema\/person\/0f0b8a5bdafefe82841e07ae8d81ecb3","name":"Leonardo Francisco","image":{"@type":"ImageObject","inLanguage":"pt-BR","@id":"https:\/\/secure.gravatar.com\/avatar\/a7358cb406a99b682ec6df1e77e31ae82e63601f6784e8a3df411d72b37864da?s=96&d=mm&r=g","url":"https:\/\/secure.gravatar.com\/avatar\/a7358cb406a99b682ec6df1e77e31ae82e63601f6784e8a3df411d72b37864da?s=96&d=mm&r=g","contentUrl":"https:\/\/secure.gravatar.com\/avatar\/a7358cb406a99b682ec6df1e77e31ae82e63601f6784e8a3df411d72b37864da?s=96&d=mm&r=g","caption":"Leonardo Francisco"},"url":"https:\/\/redenoticiaz.com.br\/litoralsp\/author\/leonardo-francisco"}]}},"_links":{"self":[{"href":"https:\/\/redenoticiaz.com.br\/litoralsp\/wp-json\/wp\/v2\/posts\/103830","targetHints":{"allow":["GET"]}}],"collection":[{"href":"https:\/\/redenoticiaz.com.br\/litoralsp\/wp-json\/wp\/v2\/posts"}],"about":[{"href":"https:\/\/redenoticiaz.com.br\/litoralsp\/wp-json\/wp\/v2\/types\/post"}],"author":[{"embeddable":true,"href":"https:\/\/redenoticiaz.com.br\/litoralsp\/wp-json\/wp\/v2\/users\/6"}],"replies":[{"embeddable":true,"href":"https:\/\/redenoticiaz.com.br\/litoralsp\/wp-json\/wp\/v2\/comments?post=103830"}],"version-history":[{"count":2,"href":"https:\/\/redenoticiaz.com.br\/litoralsp\/wp-json\/wp\/v2\/posts\/103830\/revisions"}],"predecessor-version":[{"id":103832,"href":"https:\/\/redenoticiaz.com.br\/litoralsp\/wp-json\/wp\/v2\/posts\/103830\/revisions\/103832"}],"wp:featuredmedia":[{"embeddable":true,"href":"https:\/\/redenoticiaz.com.br\/litoralsp\/wp-json\/wp\/v2\/media\/102743"}],"wp:attachment":[{"href":"https:\/\/redenoticiaz.com.br\/litoralsp\/wp-json\/wp\/v2\/media?parent=103830"}],"wp:term":[{"taxonomy":"category","embeddable":true,"href":"https:\/\/redenoticiaz.com.br\/litoralsp\/wp-json\/wp\/v2\/categories?post=103830"},{"taxonomy":"post_tag","embeddable":true,"href":"https:\/\/redenoticiaz.com.br\/litoralsp\/wp-json\/wp\/v2\/tags?post=103830"}],"curies":[{"name":"wp","href":"https:\/\/api.w.org\/{rel}","templated":true}]}}