{"id":103857,"date":"2023-04-10T08:19:04","date_gmt":"2023-04-10T11:19:04","guid":{"rendered":"https:\/\/redenoticiaz.com.br\/litoralsp\/?p=103857"},"modified":"2023-04-10T08:19:04","modified_gmt":"2023-04-10T11:19:04","slug":"sao-vicente-vai-reforcar-a-seguranca-nas-escolas","status":"publish","type":"post","link":"https:\/\/redenoticiaz.com.br\/litoralsp\/2023\/04\/10\/sao-vicente-vai-reforcar-a-seguranca-nas-escolas","title":{"rendered":"S\u00e3o Vicente vai refor\u00e7ar a seguran\u00e7a nas escolas"},"content":{"rendered":"<p>As \u00faltimas semanas ficaram marcadas pelos terr\u00edveis ataques que causaram mortes em uma escola de S\u00e3o Paulo e em uma creche em Santa Catarina. Temendo que este cen\u00e1rio ocorra em S\u00e3o Vicente, o prefeito Kayo Amado (Podemos), anunciou no s\u00e1bado (8), um <strong>pacote de medidas com o objetivo de garantir mais seguran\u00e7a nas unidades de ensino<\/strong> do munic\u00edpio.<\/p>\n<p>De acordo com a administra\u00e7\u00e3o, os trabalhos come\u00e7am j\u00e1 nesta segunda-feira (11), com o n\u00famero de viaturas que realizam o Patrulhamento Comunit\u00e1rio Escolar da Guarda Civil Municipal (GCM) ser\u00e1 triplicado. Al\u00e9m disso, o prefeito salienta que haver\u00e1 a contrata\u00e7\u00e3o de novas c\u00e2meras que ser\u00e3o instaladas nas unidades de ensino e integradas ao Centro de Controle Operacional (CCO), garantindo monitoramento 24h com agentes da Pol\u00edcia Militar (PM) e Guarda Civil Municipal (GCM).<\/p>\n<p>Em 2022, a Prefeitura contratou controladores de acesso nas unidades, que a partir de agora receber\u00e3o forma\u00e7\u00e3o espec\u00edfica para lidar em situa\u00e7\u00f5es de crise. Esta capacita\u00e7\u00e3o tamb\u00e9m ser\u00e1 dada aos demais profissionais das escolas do Munic\u00edpio.<\/p>\n<h3>Aten\u00e7\u00e3o psicol\u00f3gica<\/h3>\n<p>Outra importante medida j\u00e1 adotada pela Secretaria de Educa\u00e7\u00e3o (Seduc) em janeiro deste ano, e que ser\u00e1 intensificada neste m\u00eas de abril, \u00e9 a do programa de psic\u00f3logo nas unidades escolares, tendo em vista que, os atentados cometidos nos ambientes escolares t\u00eam, em muitas vezes, quest\u00f5es relacionadas \u00e0 sa\u00fade mental, como pano de fundo.<\/p>\n<p>&#8220;\u00c9 hora de fortalecermos a seguran\u00e7a nas escolas. Pais e m\u00e3es, sei que est\u00e3o aflitos neste momento. Por isso, estamos tomando medidas preventivas a fim de evitar os tristes casos que temos acompanhado pelo Brasil. Sempre bati na tecla de que a crian\u00e7ada \u00e9 prioridade em nosso governo. N\u00e3o mediremos esfor\u00e7os para zelar pela vida dos nossos pequenos&#8221;, ressaltou o prefeito Kayo Amado.<\/p>\n<p><strong>LEIA TAMB\u00c9M<\/strong><\/p>\n<p><a href=\"https:\/\/redenoticiaz.com.br\/litoralsp\/2023\/04\/08\/guarda-municipal-de-santos-reforca-a-seguranca-nas-escolas\">Guarda Municipal de Santos refor\u00e7a a seguran\u00e7a nas escolas<\/a><\/p>\n","protected":false},"excerpt":{"rendered":"<p>As \u00faltimas semanas ficaram marcadas pelos terr\u00edveis ataques que causaram mortes em uma escola de S\u00e3o Paulo e em uma creche em Santa Catarina. Temendo que este cen\u00e1rio ocorra em S\u00e3o Vicente, o prefeito Kayo Amado (Podemos), anunciou no s\u00e1bado (8), um pacote de medidas com o objetivo de garantir mais seguran\u00e7a nas unidades de &hellip;<\/p>\n","protected":false},"author":6,"featured_media":103720,"comment_status":"open","ping_status":"closed","sticky":false,"template":"","format":"standard","meta":{"footnotes":""},"categories":[44,10,181],"tags":[64508,18102,120,2232,45294,33],"class_list":["post-103857","post","type-post","status-publish","format-standard","has-post-thumbnail","hentry","category-educacao","category-policia","category-sao-vicente","tag-ataques-nas-escolas","tag-atendimento-psicologico","tag-educacao","tag-escolas","tag-reforco-na-seguranca","tag-sao-vicente"],"yoast_head":"<!-- This site is optimized with the Yoast SEO plugin v27.5 - https:\/\/yoast.com\/product\/yoast-seo-wordpress\/ -->\n<title>S\u00e3o Vicente vai refor\u00e7ar a seguran\u00e7a nas escolas - Litoral SP<\/title>\n<meta name=\"description\" content=\"(Podemos), anunciou no s\u00e1bado (8), um pacote de medidas com o objetivo de garantir mais seguran\u00e7a nas unidades de ensino\" \/>\n<meta name=\"robots\" content=\"index, follow, max-snippet:-1, max-image-preview:large, max-video-preview:-1\" \/>\n<link rel=\"canonical\" href=\"https:\/\/redenoticiaz.com.br\/litoralsp\/2023\/04\/10\/sao-vicente-vai-reforcar-a-seguranca-nas-escolas\" \/>\n<meta property=\"og:locale\" content=\"pt_BR\" \/>\n<meta property=\"og:type\" content=\"article\" \/>\n<meta property=\"og:title\" content=\"S\u00e3o Vicente vai refor\u00e7ar a seguran\u00e7a nas escolas - Litoral SP\" \/>\n<meta property=\"og:description\" content=\"(Podemos), anunciou no s\u00e1bado (8), um pacote de medidas com o objetivo de garantir mais seguran\u00e7a nas unidades de ensino\" \/>\n<meta property=\"og:url\" content=\"https:\/\/redenoticiaz.com.br\/litoralsp\/2023\/04\/10\/sao-vicente-vai-reforcar-a-seguranca-nas-escolas\" \/>\n<meta property=\"og:site_name\" content=\"Litoral SP\" \/>\n<meta property=\"article:published_time\" content=\"2023-04-10T11:19:04+00:00\" \/>\n<meta property=\"og:image\" content=\"https:\/\/redenoticiaz.com.br\/litoralsp\/wp-content\/uploads\/sites\/3\/2023\/04\/16455.jpg\" \/>\n\t<meta property=\"og:image:width\" content=\"915\" \/>\n\t<meta property=\"og:image:height\" content=\"609\" \/>\n\t<meta property=\"og:image:type\" content=\"image\/jpeg\" \/>\n<meta name=\"author\" content=\"Leonardo Francisco\" \/>\n<meta name=\"twitter:card\" content=\"summary_large_image\" \/>\n<meta name=\"twitter:label1\" content=\"Escrito por\" \/>\n\t<meta name=\"twitter:data1\" content=\"Leonardo Francisco\" \/>\n\t<meta name=\"twitter:label2\" content=\"Est. tempo de leitura\" \/>\n\t<meta name=\"twitter:data2\" content=\"2 minutos\" \/>\n<script type=\"application\/ld+json\" class=\"yoast-schema-graph\">{\"@context\":\"https:\\\/\\\/schema.org\",\"@graph\":[{\"@type\":\"Article\",\"@id\":\"https:\\\/\\\/redenoticiaz.com.br\\\/litoralsp\\\/2023\\\/04\\\/10\\\/sao-vicente-vai-reforcar-a-seguranca-nas-escolas#article\",\"isPartOf\":{\"@id\":\"https:\\\/\\\/redenoticiaz.com.br\\\/litoralsp\\\/2023\\\/04\\\/10\\\/sao-vicente-vai-reforcar-a-seguranca-nas-escolas\"},\"author\":{\"name\":\"Leonardo Francisco\",\"@id\":\"https:\\\/\\\/redenoticiaz.com.br\\\/litoralsp\\\/#\\\/schema\\\/person\\\/0f0b8a5bdafefe82841e07ae8d81ecb3\"},\"headline\":\"S\u00e3o Vicente vai refor\u00e7ar a seguran\u00e7a nas escolas\",\"datePublished\":\"2023-04-10T11:19:04+00:00\",\"mainEntityOfPage\":{\"@id\":\"https:\\\/\\\/redenoticiaz.com.br\\\/litoralsp\\\/2023\\\/04\\\/10\\\/sao-vicente-vai-reforcar-a-seguranca-nas-escolas\"},\"wordCount\":339,\"commentCount\":0,\"publisher\":{\"@id\":\"https:\\\/\\\/redenoticiaz.com.br\\\/litoralsp\\\/#organization\"},\"image\":{\"@id\":\"https:\\\/\\\/redenoticiaz.com.br\\\/litoralsp\\\/2023\\\/04\\\/10\\\/sao-vicente-vai-reforcar-a-seguranca-nas-escolas#primaryimage\"},\"thumbnailUrl\":\"https:\\\/\\\/redenoticiaz.com.br\\\/litoralsp\\\/wp-content\\\/uploads\\\/sites\\\/3\\\/2023\\\/04\\\/16455.jpg\",\"keywords\":[\"ATAQUES NAS ESCOLAS\",\"ATENDIMENTO PSICOL[OGICO\",\"educa\u00e7\u00e3o\",\"ESCOLAS\",\"REFOR\u00c7O NA SEGURAN\u00c7A\",\"S\u00e3o Vicente\"],\"articleSection\":[\"Educa\u00e7\u00e3o\",\"Pol\u00edcia\",\"S\u00e3o Vicente\"],\"inLanguage\":\"pt-BR\",\"potentialAction\":[{\"@type\":\"CommentAction\",\"name\":\"Comment\",\"target\":[\"https:\\\/\\\/redenoticiaz.com.br\\\/litoralsp\\\/2023\\\/04\\\/10\\\/sao-vicente-vai-reforcar-a-seguranca-nas-escolas#respond\"]}]},{\"@type\":\"WebPage\",\"@id\":\"https:\\\/\\\/redenoticiaz.com.br\\\/litoralsp\\\/2023\\\/04\\\/10\\\/sao-vicente-vai-reforcar-a-seguranca-nas-escolas\",\"url\":\"https:\\\/\\\/redenoticiaz.com.br\\\/litoralsp\\\/2023\\\/04\\\/10\\\/sao-vicente-vai-reforcar-a-seguranca-nas-escolas\",\"name\":\"S\u00e3o Vicente vai refor\u00e7ar a seguran\u00e7a nas escolas - Litoral SP\",\"isPartOf\":{\"@id\":\"https:\\\/\\\/redenoticiaz.com.br\\\/litoralsp\\\/#website\"},\"primaryImageOfPage\":{\"@id\":\"https:\\\/\\\/redenoticiaz.com.br\\\/litoralsp\\\/2023\\\/04\\\/10\\\/sao-vicente-vai-reforcar-a-seguranca-nas-escolas#primaryimage\"},\"image\":{\"@id\":\"https:\\\/\\\/redenoticiaz.com.br\\\/litoralsp\\\/2023\\\/04\\\/10\\\/sao-vicente-vai-reforcar-a-seguranca-nas-escolas#primaryimage\"},\"thumbnailUrl\":\"https:\\\/\\\/redenoticiaz.com.br\\\/litoralsp\\\/wp-content\\\/uploads\\\/sites\\\/3\\\/2023\\\/04\\\/16455.jpg\",\"datePublished\":\"2023-04-10T11:19:04+00:00\",\"description\":\"(Podemos), anunciou no s\u00e1bado (8), um pacote de medidas com o objetivo de garantir mais seguran\u00e7a nas unidades de ensino\",\"inLanguage\":\"pt-BR\",\"potentialAction\":[{\"@type\":\"ReadAction\",\"target\":[\"https:\\\/\\\/redenoticiaz.com.br\\\/litoralsp\\\/2023\\\/04\\\/10\\\/sao-vicente-vai-reforcar-a-seguranca-nas-escolas\"]}]},{\"@type\":\"ImageObject\",\"inLanguage\":\"pt-BR\",\"@id\":\"https:\\\/\\\/redenoticiaz.com.br\\\/litoralsp\\\/2023\\\/04\\\/10\\\/sao-vicente-vai-reforcar-a-seguranca-nas-escolas#primaryimage\",\"url\":\"https:\\\/\\\/redenoticiaz.com.br\\\/litoralsp\\\/wp-content\\\/uploads\\\/sites\\\/3\\\/2023\\\/04\\\/16455.jpg\",\"contentUrl\":\"https:\\\/\\\/redenoticiaz.com.br\\\/litoralsp\\\/wp-content\\\/uploads\\\/sites\\\/3\\\/2023\\\/04\\\/16455.jpg\",\"width\":915,\"height\":609},{\"@type\":\"WebSite\",\"@id\":\"https:\\\/\\\/redenoticiaz.com.br\\\/litoralsp\\\/#website\",\"url\":\"https:\\\/\\\/redenoticiaz.com.br\\\/litoralsp\\\/\",\"name\":\"Litoral SP\",\"description\":\"Rede NoticiaZ\",\"publisher\":{\"@id\":\"https:\\\/\\\/redenoticiaz.com.br\\\/litoralsp\\\/#organization\"},\"potentialAction\":[{\"@type\":\"SearchAction\",\"target\":{\"@type\":\"EntryPoint\",\"urlTemplate\":\"https:\\\/\\\/redenoticiaz.com.br\\\/litoralsp\\\/?s={search_term_string}\"},\"query-input\":{\"@type\":\"PropertyValueSpecification\",\"valueRequired\":true,\"valueName\":\"search_term_string\"}}],\"inLanguage\":\"pt-BR\"},{\"@type\":\"Organization\",\"@id\":\"https:\\\/\\\/redenoticiaz.com.br\\\/litoralsp\\\/#organization\",\"name\":\"Litoral SP\",\"url\":\"https:\\\/\\\/redenoticiaz.com.br\\\/litoralsp\\\/\",\"logo\":{\"@type\":\"ImageObject\",\"inLanguage\":\"pt-BR\",\"@id\":\"https:\\\/\\\/redenoticiaz.com.br\\\/litoralsp\\\/#\\\/schema\\\/logo\\\/image\\\/\",\"url\":\"https:\\\/\\\/redenoticiaz.com.br\\\/litoralsp\\\/wp-content\\\/uploads\\\/sites\\\/3\\\/2020\\\/11\\\/logo.jpg\",\"contentUrl\":\"https:\\\/\\\/redenoticiaz.com.br\\\/litoralsp\\\/wp-content\\\/uploads\\\/sites\\\/3\\\/2020\\\/11\\\/logo.jpg\",\"width\":400,\"height\":250,\"caption\":\"Litoral SP\"},\"image\":{\"@id\":\"https:\\\/\\\/redenoticiaz.com.br\\\/litoralsp\\\/#\\\/schema\\\/logo\\\/image\\\/\"}},{\"@type\":\"Person\",\"@id\":\"https:\\\/\\\/redenoticiaz.com.br\\\/litoralsp\\\/#\\\/schema\\\/person\\\/0f0b8a5bdafefe82841e07ae8d81ecb3\",\"name\":\"Leonardo Francisco\",\"image\":{\"@type\":\"ImageObject\",\"inLanguage\":\"pt-BR\",\"@id\":\"https:\\\/\\\/secure.gravatar.com\\\/avatar\\\/a7358cb406a99b682ec6df1e77e31ae82e63601f6784e8a3df411d72b37864da?s=96&d=mm&r=g\",\"url\":\"https:\\\/\\\/secure.gravatar.com\\\/avatar\\\/a7358cb406a99b682ec6df1e77e31ae82e63601f6784e8a3df411d72b37864da?s=96&d=mm&r=g\",\"contentUrl\":\"https:\\\/\\\/secure.gravatar.com\\\/avatar\\\/a7358cb406a99b682ec6df1e77e31ae82e63601f6784e8a3df411d72b37864da?s=96&d=mm&r=g\",\"caption\":\"Leonardo Francisco\"},\"url\":\"https:\\\/\\\/redenoticiaz.com.br\\\/litoralsp\\\/author\\\/leonardo-francisco\"}]}<\/script>\n<!-- \/ Yoast SEO plugin. -->","yoast_head_json":{"title":"S\u00e3o Vicente vai refor\u00e7ar a seguran\u00e7a nas escolas - Litoral SP","description":"(Podemos), anunciou no s\u00e1bado (8), um pacote de medidas com o objetivo de garantir mais seguran\u00e7a nas unidades de ensino","robots":{"index":"index","follow":"follow","max-snippet":"max-snippet:-1","max-image-preview":"max-image-preview:large","max-video-preview":"max-video-preview:-1"},"canonical":"https:\/\/redenoticiaz.com.br\/litoralsp\/2023\/04\/10\/sao-vicente-vai-reforcar-a-seguranca-nas-escolas","og_locale":"pt_BR","og_type":"article","og_title":"S\u00e3o Vicente vai refor\u00e7ar a seguran\u00e7a nas escolas - Litoral SP","og_description":"(Podemos), anunciou no s\u00e1bado (8), um pacote de medidas com o objetivo de garantir mais seguran\u00e7a nas unidades de ensino","og_url":"https:\/\/redenoticiaz.com.br\/litoralsp\/2023\/04\/10\/sao-vicente-vai-reforcar-a-seguranca-nas-escolas","og_site_name":"Litoral SP","article_published_time":"2023-04-10T11:19:04+00:00","og_image":[{"width":915,"height":609,"url":"https:\/\/redenoticiaz.com.br\/litoralsp\/wp-content\/uploads\/sites\/3\/2023\/04\/16455.jpg","type":"image\/jpeg"}],"author":"Leonardo Francisco","twitter_card":"summary_large_image","twitter_misc":{"Escrito por":"Leonardo Francisco","Est. tempo de leitura":"2 minutos"},"schema":{"@context":"https:\/\/schema.org","@graph":[{"@type":"Article","@id":"https:\/\/redenoticiaz.com.br\/litoralsp\/2023\/04\/10\/sao-vicente-vai-reforcar-a-seguranca-nas-escolas#article","isPartOf":{"@id":"https:\/\/redenoticiaz.com.br\/litoralsp\/2023\/04\/10\/sao-vicente-vai-reforcar-a-seguranca-nas-escolas"},"author":{"name":"Leonardo Francisco","@id":"https:\/\/redenoticiaz.com.br\/litoralsp\/#\/schema\/person\/0f0b8a5bdafefe82841e07ae8d81ecb3"},"headline":"S\u00e3o Vicente vai refor\u00e7ar a seguran\u00e7a nas escolas","datePublished":"2023-04-10T11:19:04+00:00","mainEntityOfPage":{"@id":"https:\/\/redenoticiaz.com.br\/litoralsp\/2023\/04\/10\/sao-vicente-vai-reforcar-a-seguranca-nas-escolas"},"wordCount":339,"commentCount":0,"publisher":{"@id":"https:\/\/redenoticiaz.com.br\/litoralsp\/#organization"},"image":{"@id":"https:\/\/redenoticiaz.com.br\/litoralsp\/2023\/04\/10\/sao-vicente-vai-reforcar-a-seguranca-nas-escolas#primaryimage"},"thumbnailUrl":"https:\/\/redenoticiaz.com.br\/litoralsp\/wp-content\/uploads\/sites\/3\/2023\/04\/16455.jpg","keywords":["ATAQUES NAS ESCOLAS","ATENDIMENTO PSICOL[OGICO","educa\u00e7\u00e3o","ESCOLAS","REFOR\u00c7O NA SEGURAN\u00c7A","S\u00e3o Vicente"],"articleSection":["Educa\u00e7\u00e3o","Pol\u00edcia","S\u00e3o Vicente"],"inLanguage":"pt-BR","potentialAction":[{"@type":"CommentAction","name":"Comment","target":["https:\/\/redenoticiaz.com.br\/litoralsp\/2023\/04\/10\/sao-vicente-vai-reforcar-a-seguranca-nas-escolas#respond"]}]},{"@type":"WebPage","@id":"https:\/\/redenoticiaz.com.br\/litoralsp\/2023\/04\/10\/sao-vicente-vai-reforcar-a-seguranca-nas-escolas","url":"https:\/\/redenoticiaz.com.br\/litoralsp\/2023\/04\/10\/sao-vicente-vai-reforcar-a-seguranca-nas-escolas","name":"S\u00e3o Vicente vai refor\u00e7ar a seguran\u00e7a nas escolas - Litoral SP","isPartOf":{"@id":"https:\/\/redenoticiaz.com.br\/litoralsp\/#website"},"primaryImageOfPage":{"@id":"https:\/\/redenoticiaz.com.br\/litoralsp\/2023\/04\/10\/sao-vicente-vai-reforcar-a-seguranca-nas-escolas#primaryimage"},"image":{"@id":"https:\/\/redenoticiaz.com.br\/litoralsp\/2023\/04\/10\/sao-vicente-vai-reforcar-a-seguranca-nas-escolas#primaryimage"},"thumbnailUrl":"https:\/\/redenoticiaz.com.br\/litoralsp\/wp-content\/uploads\/sites\/3\/2023\/04\/16455.jpg","datePublished":"2023-04-10T11:19:04+00:00","description":"(Podemos), anunciou no s\u00e1bado (8), um pacote de medidas com o objetivo de garantir mais seguran\u00e7a nas unidades de ensino","inLanguage":"pt-BR","potentialAction":[{"@type":"ReadAction","target":["https:\/\/redenoticiaz.com.br\/litoralsp\/2023\/04\/10\/sao-vicente-vai-reforcar-a-seguranca-nas-escolas"]}]},{"@type":"ImageObject","inLanguage":"pt-BR","@id":"https:\/\/redenoticiaz.com.br\/litoralsp\/2023\/04\/10\/sao-vicente-vai-reforcar-a-seguranca-nas-escolas#primaryimage","url":"https:\/\/redenoticiaz.com.br\/litoralsp\/wp-content\/uploads\/sites\/3\/2023\/04\/16455.jpg","contentUrl":"https:\/\/redenoticiaz.com.br\/litoralsp\/wp-content\/uploads\/sites\/3\/2023\/04\/16455.jpg","width":915,"height":609},{"@type":"WebSite","@id":"https:\/\/redenoticiaz.com.br\/litoralsp\/#website","url":"https:\/\/redenoticiaz.com.br\/litoralsp\/","name":"Litoral SP","description":"Rede NoticiaZ","publisher":{"@id":"https:\/\/redenoticiaz.com.br\/litoralsp\/#organization"},"potentialAction":[{"@type":"SearchAction","target":{"@type":"EntryPoint","urlTemplate":"https:\/\/redenoticiaz.com.br\/litoralsp\/?s={search_term_string}"},"query-input":{"@type":"PropertyValueSpecification","valueRequired":true,"valueName":"search_term_string"}}],"inLanguage":"pt-BR"},{"@type":"Organization","@id":"https:\/\/redenoticiaz.com.br\/litoralsp\/#organization","name":"Litoral SP","url":"https:\/\/redenoticiaz.com.br\/litoralsp\/","logo":{"@type":"ImageObject","inLanguage":"pt-BR","@id":"https:\/\/redenoticiaz.com.br\/litoralsp\/#\/schema\/logo\/image\/","url":"https:\/\/redenoticiaz.com.br\/litoralsp\/wp-content\/uploads\/sites\/3\/2020\/11\/logo.jpg","contentUrl":"https:\/\/redenoticiaz.com.br\/litoralsp\/wp-content\/uploads\/sites\/3\/2020\/11\/logo.jpg","width":400,"height":250,"caption":"Litoral SP"},"image":{"@id":"https:\/\/redenoticiaz.com.br\/litoralsp\/#\/schema\/logo\/image\/"}},{"@type":"Person","@id":"https:\/\/redenoticiaz.com.br\/litoralsp\/#\/schema\/person\/0f0b8a5bdafefe82841e07ae8d81ecb3","name":"Leonardo Francisco","image":{"@type":"ImageObject","inLanguage":"pt-BR","@id":"https:\/\/secure.gravatar.com\/avatar\/a7358cb406a99b682ec6df1e77e31ae82e63601f6784e8a3df411d72b37864da?s=96&d=mm&r=g","url":"https:\/\/secure.gravatar.com\/avatar\/a7358cb406a99b682ec6df1e77e31ae82e63601f6784e8a3df411d72b37864da?s=96&d=mm&r=g","contentUrl":"https:\/\/secure.gravatar.com\/avatar\/a7358cb406a99b682ec6df1e77e31ae82e63601f6784e8a3df411d72b37864da?s=96&d=mm&r=g","caption":"Leonardo Francisco"},"url":"https:\/\/redenoticiaz.com.br\/litoralsp\/author\/leonardo-francisco"}]}},"_links":{"self":[{"href":"https:\/\/redenoticiaz.com.br\/litoralsp\/wp-json\/wp\/v2\/posts\/103857","targetHints":{"allow":["GET"]}}],"collection":[{"href":"https:\/\/redenoticiaz.com.br\/litoralsp\/wp-json\/wp\/v2\/posts"}],"about":[{"href":"https:\/\/redenoticiaz.com.br\/litoralsp\/wp-json\/wp\/v2\/types\/post"}],"author":[{"embeddable":true,"href":"https:\/\/redenoticiaz.com.br\/litoralsp\/wp-json\/wp\/v2\/users\/6"}],"replies":[{"embeddable":true,"href":"https:\/\/redenoticiaz.com.br\/litoralsp\/wp-json\/wp\/v2\/comments?post=103857"}],"version-history":[{"count":2,"href":"https:\/\/redenoticiaz.com.br\/litoralsp\/wp-json\/wp\/v2\/posts\/103857\/revisions"}],"predecessor-version":[{"id":103859,"href":"https:\/\/redenoticiaz.com.br\/litoralsp\/wp-json\/wp\/v2\/posts\/103857\/revisions\/103859"}],"wp:featuredmedia":[{"embeddable":true,"href":"https:\/\/redenoticiaz.com.br\/litoralsp\/wp-json\/wp\/v2\/media\/103720"}],"wp:attachment":[{"href":"https:\/\/redenoticiaz.com.br\/litoralsp\/wp-json\/wp\/v2\/media?parent=103857"}],"wp:term":[{"taxonomy":"category","embeddable":true,"href":"https:\/\/redenoticiaz.com.br\/litoralsp\/wp-json\/wp\/v2\/categories?post=103857"},{"taxonomy":"post_tag","embeddable":true,"href":"https:\/\/redenoticiaz.com.br\/litoralsp\/wp-json\/wp\/v2\/tags?post=103857"}],"curies":[{"name":"wp","href":"https:\/\/api.w.org\/{rel}","templated":true}]}}