{"id":103875,"date":"2023-04-11T11:15:45","date_gmt":"2023-04-11T14:15:45","guid":{"rendered":"https:\/\/redenoticiaz.com.br\/litoralsp\/?p=103875"},"modified":"2023-04-11T11:28:37","modified_gmt":"2023-04-11T14:28:37","slug":"tecnico-vitor-pereira-e-demitido-do-flamengo","status":"publish","type":"post","link":"https:\/\/redenoticiaz.com.br\/litoralsp\/2023\/04\/11\/tecnico-vitor-pereira-e-demitido-do-flamengo","title":{"rendered":"T\u00e9cnico V\u00edtor Pereira \u00e9 demitido do Flamengo"},"content":{"rendered":"<p>Fim da linha para o t\u00e9cnico<strong> V\u00edtor Pereira<\/strong>. O treinador est\u00e1 demitido do Flamengo ap\u00f3s an\u00fancio oficial do clube nesta ter\u00e7a-feira (11). Al\u00e9m dele, toda a comiss\u00e3o t\u00e9cnica tamb\u00e9m foram dispensados. O portugu\u00eas, que havia trocado o Corinthians pelo Flamengo sai com cinco competi\u00e7\u00f5es disputadas, quatro vice-campeonatos e uma elimina\u00e7\u00e3o precoce no Mundial de Clubes.<\/p>\n<p>O t\u00e9cnico foi demitido pelo clube com apenas 20 partidas \u00e0 frente do Rubro-Negro. Ao todo foram onze vit\u00f3rias, dois empates e sete derrotas no clube da G\u00e1vea. Mas os vices da Supercopa do Brasil, Recopa Sul-americana, Ta\u00e7a Guanabara e do Campeonato Carioca, com direito a goleada de 4 a 1 aplicada pelo Fluminense, campe\u00e3o da competi\u00e7\u00e3o. Al\u00e9m disso, tamb\u00e9m teve a derrota na semifinal do Mundial de Clubes, para o Al Hilal, custaram demais a perman\u00eancia dele.<\/p>\n<p>O portugu\u00eas se tornou o oitavo treinador do time carioca sob a gest\u00e3o de Rodolfo Landim, iniciada em janeiro de 2019. Com todas estas rescis\u00f5es, o Flamengo gastou R$ 37,1 milh\u00f5es. Deste total, R$ 15 milh\u00f5es v\u00e3o para o V\u00edtor Pereira, que era o valor da rescis\u00e3o.<\/p>\n<p>Nomes de novos t\u00e9cnicos est\u00e3o sendo cogitados. Os favoritos s\u00e3o Jorge Jesus, campe\u00e3o da Libertadores da Am\u00e9rica e do Brasileir\u00e3o de 2019 e Jorge Sampaoli, que dirigiu o Santos e Atl\u00e9tico-MG no Brasil.<\/p>\n<p><strong>LEIA TAMB\u00c9M<\/strong><\/p>\n<p><a href=\"https:\/\/redenoticiaz.com.br\/litoralsp\/2023\/04\/11\/stephanie-soares-vai-jogar-a-wnba-ao-ser-a-primeira-escolhida-diretamente-da-universidade-no-draft\">Stephanie Soares vai jogar a WNBA ao ser a primeira escolhida diretamente da universidade no Draft<\/a><\/p>\n","protected":false},"excerpt":{"rendered":"<p>Fim da linha para o t\u00e9cnico V\u00edtor Pereira. O treinador est\u00e1 demitido do Flamengo ap\u00f3s an\u00fancio oficial do clube nesta ter\u00e7a-feira (11). Al\u00e9m dele, toda a comiss\u00e3o t\u00e9cnica tamb\u00e9m foram dispensados. O portugu\u00eas, que havia trocado o Corinthians pelo Flamengo sai com cinco competi\u00e7\u00f5es disputadas, quatro vice-campeonatos e uma elimina\u00e7\u00e3o precoce no Mundial de Clubes. &hellip;<\/p>\n","protected":false},"author":6,"featured_media":103876,"comment_status":"open","ping_status":"closed","sticky":false,"template":"","format":"standard","meta":{"footnotes":""},"categories":[35],"tags":[63,64522,50905,64521],"class_list":["post-103875","post","type-post","status-publish","format-standard","has-post-thumbnail","hentry","category-esporte","tag-flamengo","tag-tecnico-vitor-pereira","tag-vitor-pereira","tag-vp-demitido"],"yoast_head":"<!-- This site is optimized with the Yoast SEO plugin v27.5 - https:\/\/yoast.com\/product\/yoast-seo-wordpress\/ -->\n<title>T\u00e9cnico V\u00edtor Pereira \u00e9 demitido do Flamengo - Litoral SP<\/title>\n<meta name=\"description\" content=\"Fim da linha para o t\u00e9cnico V\u00edtor Pereira. O treinador est\u00e1 demitido do Flamengo ap\u00f3s an\u00fancio oficial do clube nesta ter\u00e7a-feira (11).\" \/>\n<meta name=\"robots\" content=\"index, follow, max-snippet:-1, max-image-preview:large, max-video-preview:-1\" \/>\n<link rel=\"canonical\" href=\"https:\/\/redenoticiaz.com.br\/litoralsp\/2023\/04\/11\/tecnico-vitor-pereira-e-demitido-do-flamengo\" \/>\n<meta property=\"og:locale\" content=\"pt_BR\" \/>\n<meta property=\"og:type\" content=\"article\" \/>\n<meta property=\"og:title\" content=\"T\u00e9cnico V\u00edtor Pereira \u00e9 demitido do Flamengo - Litoral SP\" \/>\n<meta property=\"og:description\" content=\"Fim da linha para o t\u00e9cnico V\u00edtor Pereira. O treinador est\u00e1 demitido do Flamengo ap\u00f3s an\u00fancio oficial do clube nesta ter\u00e7a-feira (11).\" \/>\n<meta property=\"og:url\" content=\"https:\/\/redenoticiaz.com.br\/litoralsp\/2023\/04\/11\/tecnico-vitor-pereira-e-demitido-do-flamengo\" \/>\n<meta property=\"og:site_name\" content=\"Litoral SP\" \/>\n<meta property=\"article:published_time\" content=\"2023-04-11T14:15:45+00:00\" \/>\n<meta property=\"article:modified_time\" content=\"2023-04-11T14:28:37+00:00\" \/>\n<meta property=\"og:image\" content=\"https:\/\/redenoticiaz.com.br\/litoralsp\/wp-content\/uploads\/sites\/3\/2023\/04\/VP-FLA.jpg\" \/>\n\t<meta property=\"og:image:width\" content=\"470\" \/>\n\t<meta property=\"og:image:height\" content=\"352\" \/>\n\t<meta property=\"og:image:type\" content=\"image\/jpeg\" \/>\n<meta name=\"author\" content=\"Leonardo Francisco\" \/>\n<meta name=\"twitter:card\" content=\"summary_large_image\" \/>\n<meta name=\"twitter:label1\" content=\"Escrito por\" \/>\n\t<meta name=\"twitter:data1\" content=\"Leonardo Francisco\" \/>\n\t<meta name=\"twitter:label2\" content=\"Est. tempo de leitura\" \/>\n\t<meta name=\"twitter:data2\" content=\"2 minutos\" \/>\n<script type=\"application\/ld+json\" class=\"yoast-schema-graph\">{\"@context\":\"https:\\\/\\\/schema.org\",\"@graph\":[{\"@type\":\"Article\",\"@id\":\"https:\\\/\\\/redenoticiaz.com.br\\\/litoralsp\\\/2023\\\/04\\\/11\\\/tecnico-vitor-pereira-e-demitido-do-flamengo#article\",\"isPartOf\":{\"@id\":\"https:\\\/\\\/redenoticiaz.com.br\\\/litoralsp\\\/2023\\\/04\\\/11\\\/tecnico-vitor-pereira-e-demitido-do-flamengo\"},\"author\":{\"name\":\"Leonardo Francisco\",\"@id\":\"https:\\\/\\\/redenoticiaz.com.br\\\/litoralsp\\\/#\\\/schema\\\/person\\\/0f0b8a5bdafefe82841e07ae8d81ecb3\"},\"headline\":\"T\u00e9cnico V\u00edtor Pereira \u00e9 demitido do Flamengo\",\"datePublished\":\"2023-04-11T14:15:45+00:00\",\"dateModified\":\"2023-04-11T14:28:37+00:00\",\"mainEntityOfPage\":{\"@id\":\"https:\\\/\\\/redenoticiaz.com.br\\\/litoralsp\\\/2023\\\/04\\\/11\\\/tecnico-vitor-pereira-e-demitido-do-flamengo\"},\"wordCount\":267,\"commentCount\":0,\"publisher\":{\"@id\":\"https:\\\/\\\/redenoticiaz.com.br\\\/litoralsp\\\/#organization\"},\"image\":{\"@id\":\"https:\\\/\\\/redenoticiaz.com.br\\\/litoralsp\\\/2023\\\/04\\\/11\\\/tecnico-vitor-pereira-e-demitido-do-flamengo#primaryimage\"},\"thumbnailUrl\":\"https:\\\/\\\/redenoticiaz.com.br\\\/litoralsp\\\/wp-content\\\/uploads\\\/sites\\\/3\\\/2023\\\/04\\\/VP-FLA.jpg\",\"keywords\":[\"FLAMENGO\",\"T\u00c9CNICO V\u00cdTOR PEREIRA\",\"Vitor Pereira\",\"VP DEMITIDO\"],\"articleSection\":[\"Esporte\"],\"inLanguage\":\"pt-BR\",\"potentialAction\":[{\"@type\":\"CommentAction\",\"name\":\"Comment\",\"target\":[\"https:\\\/\\\/redenoticiaz.com.br\\\/litoralsp\\\/2023\\\/04\\\/11\\\/tecnico-vitor-pereira-e-demitido-do-flamengo#respond\"]}]},{\"@type\":\"WebPage\",\"@id\":\"https:\\\/\\\/redenoticiaz.com.br\\\/litoralsp\\\/2023\\\/04\\\/11\\\/tecnico-vitor-pereira-e-demitido-do-flamengo\",\"url\":\"https:\\\/\\\/redenoticiaz.com.br\\\/litoralsp\\\/2023\\\/04\\\/11\\\/tecnico-vitor-pereira-e-demitido-do-flamengo\",\"name\":\"T\u00e9cnico V\u00edtor Pereira \u00e9 demitido do Flamengo - Litoral SP\",\"isPartOf\":{\"@id\":\"https:\\\/\\\/redenoticiaz.com.br\\\/litoralsp\\\/#website\"},\"primaryImageOfPage\":{\"@id\":\"https:\\\/\\\/redenoticiaz.com.br\\\/litoralsp\\\/2023\\\/04\\\/11\\\/tecnico-vitor-pereira-e-demitido-do-flamengo#primaryimage\"},\"image\":{\"@id\":\"https:\\\/\\\/redenoticiaz.com.br\\\/litoralsp\\\/2023\\\/04\\\/11\\\/tecnico-vitor-pereira-e-demitido-do-flamengo#primaryimage\"},\"thumbnailUrl\":\"https:\\\/\\\/redenoticiaz.com.br\\\/litoralsp\\\/wp-content\\\/uploads\\\/sites\\\/3\\\/2023\\\/04\\\/VP-FLA.jpg\",\"datePublished\":\"2023-04-11T14:15:45+00:00\",\"dateModified\":\"2023-04-11T14:28:37+00:00\",\"description\":\"Fim da linha para o t\u00e9cnico V\u00edtor Pereira. O treinador est\u00e1 demitido do Flamengo ap\u00f3s an\u00fancio oficial do clube nesta ter\u00e7a-feira (11).\",\"inLanguage\":\"pt-BR\",\"potentialAction\":[{\"@type\":\"ReadAction\",\"target\":[\"https:\\\/\\\/redenoticiaz.com.br\\\/litoralsp\\\/2023\\\/04\\\/11\\\/tecnico-vitor-pereira-e-demitido-do-flamengo\"]}]},{\"@type\":\"ImageObject\",\"inLanguage\":\"pt-BR\",\"@id\":\"https:\\\/\\\/redenoticiaz.com.br\\\/litoralsp\\\/2023\\\/04\\\/11\\\/tecnico-vitor-pereira-e-demitido-do-flamengo#primaryimage\",\"url\":\"https:\\\/\\\/redenoticiaz.com.br\\\/litoralsp\\\/wp-content\\\/uploads\\\/sites\\\/3\\\/2023\\\/04\\\/VP-FLA.jpg\",\"contentUrl\":\"https:\\\/\\\/redenoticiaz.com.br\\\/litoralsp\\\/wp-content\\\/uploads\\\/sites\\\/3\\\/2023\\\/04\\\/VP-FLA.jpg\",\"width\":470,\"height\":352,\"caption\":\"Treinador esteve apenas comandando o time em 20 jogos. Cr\u00e9ditos: Reprodu\u00e7\u00e3o\"},{\"@type\":\"WebSite\",\"@id\":\"https:\\\/\\\/redenoticiaz.com.br\\\/litoralsp\\\/#website\",\"url\":\"https:\\\/\\\/redenoticiaz.com.br\\\/litoralsp\\\/\",\"name\":\"Litoral SP\",\"description\":\"Rede NoticiaZ\",\"publisher\":{\"@id\":\"https:\\\/\\\/redenoticiaz.com.br\\\/litoralsp\\\/#organization\"},\"potentialAction\":[{\"@type\":\"SearchAction\",\"target\":{\"@type\":\"EntryPoint\",\"urlTemplate\":\"https:\\\/\\\/redenoticiaz.com.br\\\/litoralsp\\\/?s={search_term_string}\"},\"query-input\":{\"@type\":\"PropertyValueSpecification\",\"valueRequired\":true,\"valueName\":\"search_term_string\"}}],\"inLanguage\":\"pt-BR\"},{\"@type\":\"Organization\",\"@id\":\"https:\\\/\\\/redenoticiaz.com.br\\\/litoralsp\\\/#organization\",\"name\":\"Litoral SP\",\"url\":\"https:\\\/\\\/redenoticiaz.com.br\\\/litoralsp\\\/\",\"logo\":{\"@type\":\"ImageObject\",\"inLanguage\":\"pt-BR\",\"@id\":\"https:\\\/\\\/redenoticiaz.com.br\\\/litoralsp\\\/#\\\/schema\\\/logo\\\/image\\\/\",\"url\":\"https:\\\/\\\/redenoticiaz.com.br\\\/litoralsp\\\/wp-content\\\/uploads\\\/sites\\\/3\\\/2020\\\/11\\\/logo.jpg\",\"contentUrl\":\"https:\\\/\\\/redenoticiaz.com.br\\\/litoralsp\\\/wp-content\\\/uploads\\\/sites\\\/3\\\/2020\\\/11\\\/logo.jpg\",\"width\":400,\"height\":250,\"caption\":\"Litoral SP\"},\"image\":{\"@id\":\"https:\\\/\\\/redenoticiaz.com.br\\\/litoralsp\\\/#\\\/schema\\\/logo\\\/image\\\/\"}},{\"@type\":\"Person\",\"@id\":\"https:\\\/\\\/redenoticiaz.com.br\\\/litoralsp\\\/#\\\/schema\\\/person\\\/0f0b8a5bdafefe82841e07ae8d81ecb3\",\"name\":\"Leonardo Francisco\",\"image\":{\"@type\":\"ImageObject\",\"inLanguage\":\"pt-BR\",\"@id\":\"https:\\\/\\\/secure.gravatar.com\\\/avatar\\\/a7358cb406a99b682ec6df1e77e31ae82e63601f6784e8a3df411d72b37864da?s=96&d=mm&r=g\",\"url\":\"https:\\\/\\\/secure.gravatar.com\\\/avatar\\\/a7358cb406a99b682ec6df1e77e31ae82e63601f6784e8a3df411d72b37864da?s=96&d=mm&r=g\",\"contentUrl\":\"https:\\\/\\\/secure.gravatar.com\\\/avatar\\\/a7358cb406a99b682ec6df1e77e31ae82e63601f6784e8a3df411d72b37864da?s=96&d=mm&r=g\",\"caption\":\"Leonardo Francisco\"},\"url\":\"https:\\\/\\\/redenoticiaz.com.br\\\/litoralsp\\\/author\\\/leonardo-francisco\"}]}<\/script>\n<!-- \/ Yoast SEO plugin. -->","yoast_head_json":{"title":"T\u00e9cnico V\u00edtor Pereira \u00e9 demitido do Flamengo - Litoral SP","description":"Fim da linha para o t\u00e9cnico V\u00edtor Pereira. O treinador est\u00e1 demitido do Flamengo ap\u00f3s an\u00fancio oficial do clube nesta ter\u00e7a-feira (11).","robots":{"index":"index","follow":"follow","max-snippet":"max-snippet:-1","max-image-preview":"max-image-preview:large","max-video-preview":"max-video-preview:-1"},"canonical":"https:\/\/redenoticiaz.com.br\/litoralsp\/2023\/04\/11\/tecnico-vitor-pereira-e-demitido-do-flamengo","og_locale":"pt_BR","og_type":"article","og_title":"T\u00e9cnico V\u00edtor Pereira \u00e9 demitido do Flamengo - Litoral SP","og_description":"Fim da linha para o t\u00e9cnico V\u00edtor Pereira. O treinador est\u00e1 demitido do Flamengo ap\u00f3s an\u00fancio oficial do clube nesta ter\u00e7a-feira (11).","og_url":"https:\/\/redenoticiaz.com.br\/litoralsp\/2023\/04\/11\/tecnico-vitor-pereira-e-demitido-do-flamengo","og_site_name":"Litoral SP","article_published_time":"2023-04-11T14:15:45+00:00","article_modified_time":"2023-04-11T14:28:37+00:00","og_image":[{"width":470,"height":352,"url":"https:\/\/redenoticiaz.com.br\/litoralsp\/wp-content\/uploads\/sites\/3\/2023\/04\/VP-FLA.jpg","type":"image\/jpeg"}],"author":"Leonardo Francisco","twitter_card":"summary_large_image","twitter_misc":{"Escrito por":"Leonardo Francisco","Est. tempo de leitura":"2 minutos"},"schema":{"@context":"https:\/\/schema.org","@graph":[{"@type":"Article","@id":"https:\/\/redenoticiaz.com.br\/litoralsp\/2023\/04\/11\/tecnico-vitor-pereira-e-demitido-do-flamengo#article","isPartOf":{"@id":"https:\/\/redenoticiaz.com.br\/litoralsp\/2023\/04\/11\/tecnico-vitor-pereira-e-demitido-do-flamengo"},"author":{"name":"Leonardo Francisco","@id":"https:\/\/redenoticiaz.com.br\/litoralsp\/#\/schema\/person\/0f0b8a5bdafefe82841e07ae8d81ecb3"},"headline":"T\u00e9cnico V\u00edtor Pereira \u00e9 demitido do Flamengo","datePublished":"2023-04-11T14:15:45+00:00","dateModified":"2023-04-11T14:28:37+00:00","mainEntityOfPage":{"@id":"https:\/\/redenoticiaz.com.br\/litoralsp\/2023\/04\/11\/tecnico-vitor-pereira-e-demitido-do-flamengo"},"wordCount":267,"commentCount":0,"publisher":{"@id":"https:\/\/redenoticiaz.com.br\/litoralsp\/#organization"},"image":{"@id":"https:\/\/redenoticiaz.com.br\/litoralsp\/2023\/04\/11\/tecnico-vitor-pereira-e-demitido-do-flamengo#primaryimage"},"thumbnailUrl":"https:\/\/redenoticiaz.com.br\/litoralsp\/wp-content\/uploads\/sites\/3\/2023\/04\/VP-FLA.jpg","keywords":["FLAMENGO","T\u00c9CNICO V\u00cdTOR PEREIRA","Vitor Pereira","VP DEMITIDO"],"articleSection":["Esporte"],"inLanguage":"pt-BR","potentialAction":[{"@type":"CommentAction","name":"Comment","target":["https:\/\/redenoticiaz.com.br\/litoralsp\/2023\/04\/11\/tecnico-vitor-pereira-e-demitido-do-flamengo#respond"]}]},{"@type":"WebPage","@id":"https:\/\/redenoticiaz.com.br\/litoralsp\/2023\/04\/11\/tecnico-vitor-pereira-e-demitido-do-flamengo","url":"https:\/\/redenoticiaz.com.br\/litoralsp\/2023\/04\/11\/tecnico-vitor-pereira-e-demitido-do-flamengo","name":"T\u00e9cnico V\u00edtor Pereira \u00e9 demitido do Flamengo - Litoral SP","isPartOf":{"@id":"https:\/\/redenoticiaz.com.br\/litoralsp\/#website"},"primaryImageOfPage":{"@id":"https:\/\/redenoticiaz.com.br\/litoralsp\/2023\/04\/11\/tecnico-vitor-pereira-e-demitido-do-flamengo#primaryimage"},"image":{"@id":"https:\/\/redenoticiaz.com.br\/litoralsp\/2023\/04\/11\/tecnico-vitor-pereira-e-demitido-do-flamengo#primaryimage"},"thumbnailUrl":"https:\/\/redenoticiaz.com.br\/litoralsp\/wp-content\/uploads\/sites\/3\/2023\/04\/VP-FLA.jpg","datePublished":"2023-04-11T14:15:45+00:00","dateModified":"2023-04-11T14:28:37+00:00","description":"Fim da linha para o t\u00e9cnico V\u00edtor Pereira. O treinador est\u00e1 demitido do Flamengo ap\u00f3s an\u00fancio oficial do clube nesta ter\u00e7a-feira (11).","inLanguage":"pt-BR","potentialAction":[{"@type":"ReadAction","target":["https:\/\/redenoticiaz.com.br\/litoralsp\/2023\/04\/11\/tecnico-vitor-pereira-e-demitido-do-flamengo"]}]},{"@type":"ImageObject","inLanguage":"pt-BR","@id":"https:\/\/redenoticiaz.com.br\/litoralsp\/2023\/04\/11\/tecnico-vitor-pereira-e-demitido-do-flamengo#primaryimage","url":"https:\/\/redenoticiaz.com.br\/litoralsp\/wp-content\/uploads\/sites\/3\/2023\/04\/VP-FLA.jpg","contentUrl":"https:\/\/redenoticiaz.com.br\/litoralsp\/wp-content\/uploads\/sites\/3\/2023\/04\/VP-FLA.jpg","width":470,"height":352,"caption":"Treinador esteve apenas comandando o time em 20 jogos. Cr\u00e9ditos: Reprodu\u00e7\u00e3o"},{"@type":"WebSite","@id":"https:\/\/redenoticiaz.com.br\/litoralsp\/#website","url":"https:\/\/redenoticiaz.com.br\/litoralsp\/","name":"Litoral SP","description":"Rede NoticiaZ","publisher":{"@id":"https:\/\/redenoticiaz.com.br\/litoralsp\/#organization"},"potentialAction":[{"@type":"SearchAction","target":{"@type":"EntryPoint","urlTemplate":"https:\/\/redenoticiaz.com.br\/litoralsp\/?s={search_term_string}"},"query-input":{"@type":"PropertyValueSpecification","valueRequired":true,"valueName":"search_term_string"}}],"inLanguage":"pt-BR"},{"@type":"Organization","@id":"https:\/\/redenoticiaz.com.br\/litoralsp\/#organization","name":"Litoral SP","url":"https:\/\/redenoticiaz.com.br\/litoralsp\/","logo":{"@type":"ImageObject","inLanguage":"pt-BR","@id":"https:\/\/redenoticiaz.com.br\/litoralsp\/#\/schema\/logo\/image\/","url":"https:\/\/redenoticiaz.com.br\/litoralsp\/wp-content\/uploads\/sites\/3\/2020\/11\/logo.jpg","contentUrl":"https:\/\/redenoticiaz.com.br\/litoralsp\/wp-content\/uploads\/sites\/3\/2020\/11\/logo.jpg","width":400,"height":250,"caption":"Litoral SP"},"image":{"@id":"https:\/\/redenoticiaz.com.br\/litoralsp\/#\/schema\/logo\/image\/"}},{"@type":"Person","@id":"https:\/\/redenoticiaz.com.br\/litoralsp\/#\/schema\/person\/0f0b8a5bdafefe82841e07ae8d81ecb3","name":"Leonardo Francisco","image":{"@type":"ImageObject","inLanguage":"pt-BR","@id":"https:\/\/secure.gravatar.com\/avatar\/a7358cb406a99b682ec6df1e77e31ae82e63601f6784e8a3df411d72b37864da?s=96&d=mm&r=g","url":"https:\/\/secure.gravatar.com\/avatar\/a7358cb406a99b682ec6df1e77e31ae82e63601f6784e8a3df411d72b37864da?s=96&d=mm&r=g","contentUrl":"https:\/\/secure.gravatar.com\/avatar\/a7358cb406a99b682ec6df1e77e31ae82e63601f6784e8a3df411d72b37864da?s=96&d=mm&r=g","caption":"Leonardo Francisco"},"url":"https:\/\/redenoticiaz.com.br\/litoralsp\/author\/leonardo-francisco"}]}},"_links":{"self":[{"href":"https:\/\/redenoticiaz.com.br\/litoralsp\/wp-json\/wp\/v2\/posts\/103875","targetHints":{"allow":["GET"]}}],"collection":[{"href":"https:\/\/redenoticiaz.com.br\/litoralsp\/wp-json\/wp\/v2\/posts"}],"about":[{"href":"https:\/\/redenoticiaz.com.br\/litoralsp\/wp-json\/wp\/v2\/types\/post"}],"author":[{"embeddable":true,"href":"https:\/\/redenoticiaz.com.br\/litoralsp\/wp-json\/wp\/v2\/users\/6"}],"replies":[{"embeddable":true,"href":"https:\/\/redenoticiaz.com.br\/litoralsp\/wp-json\/wp\/v2\/comments?post=103875"}],"version-history":[{"count":4,"href":"https:\/\/redenoticiaz.com.br\/litoralsp\/wp-json\/wp\/v2\/posts\/103875\/revisions"}],"predecessor-version":[{"id":103880,"href":"https:\/\/redenoticiaz.com.br\/litoralsp\/wp-json\/wp\/v2\/posts\/103875\/revisions\/103880"}],"wp:featuredmedia":[{"embeddable":true,"href":"https:\/\/redenoticiaz.com.br\/litoralsp\/wp-json\/wp\/v2\/media\/103876"}],"wp:attachment":[{"href":"https:\/\/redenoticiaz.com.br\/litoralsp\/wp-json\/wp\/v2\/media?parent=103875"}],"wp:term":[{"taxonomy":"category","embeddable":true,"href":"https:\/\/redenoticiaz.com.br\/litoralsp\/wp-json\/wp\/v2\/categories?post=103875"},{"taxonomy":"post_tag","embeddable":true,"href":"https:\/\/redenoticiaz.com.br\/litoralsp\/wp-json\/wp\/v2\/tags?post=103875"}],"curies":[{"name":"wp","href":"https:\/\/api.w.org\/{rel}","templated":true}]}}