{"id":103881,"date":"2023-04-11T11:48:50","date_gmt":"2023-04-11T14:48:50","guid":{"rendered":"https:\/\/redenoticiaz.com.br\/litoralsp\/?p=103881"},"modified":"2023-04-11T11:48:50","modified_gmt":"2023-04-11T14:48:50","slug":"video-motorista-sobrevive-apos-grave-batida-em-guaruja","status":"publish","type":"post","link":"https:\/\/redenoticiaz.com.br\/litoralsp\/2023\/04\/11\/video-motorista-sobrevive-apos-grave-batida-em-guaruja","title":{"rendered":"V\u00cdDEO &#8211; Motorista sobrevive ap\u00f3s grave batida em Guaruj\u00e1"},"content":{"rendered":"<div id=\"chunk-ai8rn\">\n<div class=\"mc-column content-text active-extra-styles \" data-block-type=\"unstyled\" data-block-weight=\"68\" data-block-id=\"3\">\n<p class=\"content-text__container \" data-track-category=\"Link no Texto\" data-track-links=\"\">Um homem de 27 anos &#8220;escapou da morte&#8217; ap\u00f3s um grave acidente em uma avenida de Guaruj\u00e1. O motorista bateu contra um poste ap\u00f3s perder o controle do carro, que ficou completamente destru\u00eddo. Mas ele teve ferimentos leves e nas imagens, o que mais chamou a aten\u00e7\u00e3o foi uma b\u00edblia que estava com ele.<\/p>\n<p class=\"content-text__container \" data-track-category=\"Link no Texto\" data-track-links=\"\">Uma unidade do Servi\u00e7o de Atendimento M\u00f3vel de Urg\u00eancia (SAMU) foi acionada e ele foi encaminhado para o Hospital Santo Amaro.<\/p>\n<\/div>\n<\/div>\n<div class=\"wall protected-content\">\n<div id=\"chunk-at151\">\n<div class=\"mc-column content-text active-extra-styles \" data-block-type=\"unstyled\" data-block-weight=\"37\" data-block-id=\"4\">\n<p class=\"content-text__container \" data-track-category=\"Link no Texto\" data-track-links=\"\">Um fato curioso observado por testemunhas, socorristas e policiais ap\u00f3s o acidente, foi encontra uma b\u00edblia aberta pr\u00f3ximo ao autom\u00f3vel. O livro estava aberto na p\u00e1gina do salmo I Pedro, entre os cap\u00edtulos 4 e 5. O condutor disse que n\u00e3o era dele, mas estava constado um marcador de p\u00e1gina com uma dedicat\u00f3ria e o nome de Ma\u00edra Feij\u00f3.<\/p>\n<h3 data-track-category=\"Link no Texto\">Veja o v\u00eddeo:<\/h3>\n<div style=\"width: 640px;\" class=\"wp-video\"><video class=\"wp-video-shortcode\" id=\"video-103881-1\" width=\"640\" height=\"400\" preload=\"metadata\" controls=\"controls\"><source type=\"video\/mp4\" src=\"https:\/\/redenoticiaz.com.br\/litoralsp\/wp-content\/uploads\/sites\/3\/2023\/04\/WhatsApp-Video-2023-04-11-at-11.30.05.mp4?_=1\" \/><a href=\"https:\/\/redenoticiaz.com.br\/litoralsp\/wp-content\/uploads\/sites\/3\/2023\/04\/WhatsApp-Video-2023-04-11-at-11.30.05.mp4\">https:\/\/redenoticiaz.com.br\/litoralsp\/wp-content\/uploads\/sites\/3\/2023\/04\/WhatsApp-Video-2023-04-11-at-11.30.05.mp4<\/a><\/video><\/div>\n<div id=\"chunk-e5ehs\">\n<div class=\"mc-column content-text active-extra-styles \" data-block-type=\"unstyled\" data-block-weight=\"59\" data-block-id=\"8\">\n<p class=\"content-text__container \" data-track-category=\"Link no Texto\" data-track-links=\"\">A colis\u00e3o aconteceu por volta das 4h de segunda-feira (10), na Avenida Adhemar de Barros, no bairro Santo Ant\u00f4nio. Em nota, a Prefeitura de Guaruj\u00e1 informou que o SAMU chegou ao local \u00e0s 4h10 e prestou os primeiros socorros \u00e0 v\u00edtima, que teve escoria\u00e7\u00f5es no corpo e ferimento no bra\u00e7o e a encaminhou \u00e0 unidade de sa\u00fade.<\/p>\n<\/div>\n<\/div>\n<div id=\"chunk-2a1b\">\n<div class=\"mc-column content-text active-extra-styles \" data-block-type=\"unstyled\" data-block-weight=\"35\" data-block-id=\"9\">\n<p class=\"content-text__container \" data-track-category=\"Link no Texto\" data-track-links=\"\">De acordo com o Hospital Santo Amaro, o condutor do ve\u00edculo foi encaminhado para a unidade de traumatologia, onde passou por exames e cuidar\u00e1 das les\u00f5es. O estado de sa\u00fade dele \u00e9 est\u00e1vel.<\/p>\n<p data-track-category=\"Link no Texto\" data-track-links=\"\"><strong>LEIA TAMB\u00c9M<\/strong><\/p>\n<p data-track-category=\"Link no Texto\" data-track-links=\"\"><a href=\"https:\/\/redenoticiaz.com.br\/litoralsp\/2023\/04\/09\/destrocos-do-barco-que-naufragou-em-bertioga-sao-encontrados\">Destro\u00e7os do barco que naufragou em Bertioga s\u00e3o encontrados<\/a><\/p>\n<\/div>\n<\/div>\n<\/div>\n<\/div>\n<\/div>\n","protected":false},"excerpt":{"rendered":"<p>Um homem de 27 anos &#8220;escapou da morte&#8217; ap\u00f3s um grave acidente em uma avenida de Guaruj\u00e1. O motorista bateu contra um poste ap\u00f3s perder o controle do carro, que ficou completamente destru\u00eddo. Mas ele teve ferimentos leves e nas imagens, o que mais chamou a aten\u00e7\u00e3o foi uma b\u00edblia que estava com ele. Uma &hellip;<\/p>\n","protected":false},"author":6,"featured_media":103883,"comment_status":"open","ping_status":"closed","sticky":false,"template":"","format":"standard","meta":{"footnotes":""},"categories":[187,5],"tags":[46975,64523,31292,6426,1766,3143],"class_list":["post-103881","post","type-post","status-publish","format-standard","has-post-thumbnail","hentry","category-guaruja","category-transito","tag-avenida-adhemar-de-barros","tag-biblia","tag-colisao","tag-guaruja-2","tag-policia-militar","tag-samu"],"yoast_head":"<!-- This site is optimized with the Yoast SEO plugin v27.5 - https:\/\/yoast.com\/product\/yoast-seo-wordpress\/ -->\n<title>V\u00cdDEO &#8211; Motorista sobrevive ap\u00f3s grave batida em Guaruj\u00e1 - Litoral SP<\/title>\n<meta name=\"description\" content=\"Um homem de 27 anos &quot;escapou da morte&#039; ap\u00f3s um grave acidente em uma avenida de Guaruj\u00e1. O motorista bateu contra um poste ap\u00f3s\" \/>\n<meta name=\"robots\" content=\"index, follow, max-snippet:-1, max-image-preview:large, max-video-preview:-1\" \/>\n<link rel=\"canonical\" href=\"https:\/\/redenoticiaz.com.br\/litoralsp\/2023\/04\/11\/video-motorista-sobrevive-apos-grave-batida-em-guaruja\" \/>\n<meta property=\"og:locale\" content=\"pt_BR\" \/>\n<meta property=\"og:type\" content=\"article\" \/>\n<meta property=\"og:title\" content=\"V\u00cdDEO &#8211; Motorista sobrevive ap\u00f3s grave batida em Guaruj\u00e1 - Litoral SP\" \/>\n<meta property=\"og:description\" content=\"Um homem de 27 anos &quot;escapou da morte&#039; ap\u00f3s um grave acidente em uma avenida de Guaruj\u00e1. O motorista bateu contra um poste ap\u00f3s\" \/>\n<meta property=\"og:url\" content=\"https:\/\/redenoticiaz.com.br\/litoralsp\/2023\/04\/11\/video-motorista-sobrevive-apos-grave-batida-em-guaruja\" \/>\n<meta property=\"og:site_name\" content=\"Litoral SP\" \/>\n<meta property=\"article:published_time\" content=\"2023-04-11T14:48:50+00:00\" \/>\n<meta property=\"og:image\" content=\"https:\/\/redenoticiaz.com.br\/litoralsp\/wp-content\/uploads\/sites\/3\/2023\/04\/acidente-ademar-2.jpg\" \/>\n\t<meta property=\"og:image:width\" content=\"1280\" \/>\n\t<meta property=\"og:image:height\" content=\"590\" \/>\n\t<meta property=\"og:image:type\" content=\"image\/jpeg\" \/>\n<meta name=\"author\" content=\"Leonardo Francisco\" \/>\n<meta name=\"twitter:card\" content=\"summary_large_image\" \/>\n<meta name=\"twitter:label1\" content=\"Escrito por\" \/>\n\t<meta name=\"twitter:data1\" content=\"Leonardo Francisco\" \/>\n\t<meta name=\"twitter:label2\" content=\"Est. tempo de leitura\" \/>\n\t<meta name=\"twitter:data2\" content=\"2 minutos\" \/>\n<script type=\"application\/ld+json\" class=\"yoast-schema-graph\">{\"@context\":\"https:\\\/\\\/schema.org\",\"@graph\":[{\"@type\":\"Article\",\"@id\":\"https:\\\/\\\/redenoticiaz.com.br\\\/litoralsp\\\/2023\\\/04\\\/11\\\/video-motorista-sobrevive-apos-grave-batida-em-guaruja#article\",\"isPartOf\":{\"@id\":\"https:\\\/\\\/redenoticiaz.com.br\\\/litoralsp\\\/2023\\\/04\\\/11\\\/video-motorista-sobrevive-apos-grave-batida-em-guaruja\"},\"author\":{\"name\":\"Leonardo Francisco\",\"@id\":\"https:\\\/\\\/redenoticiaz.com.br\\\/litoralsp\\\/#\\\/schema\\\/person\\\/0f0b8a5bdafefe82841e07ae8d81ecb3\"},\"headline\":\"V\u00cdDEO &#8211; Motorista sobrevive ap\u00f3s grave batida em Guaruj\u00e1\",\"datePublished\":\"2023-04-11T14:48:50+00:00\",\"mainEntityOfPage\":{\"@id\":\"https:\\\/\\\/redenoticiaz.com.br\\\/litoralsp\\\/2023\\\/04\\\/11\\\/video-motorista-sobrevive-apos-grave-batida-em-guaruja\"},\"wordCount\":291,\"commentCount\":0,\"publisher\":{\"@id\":\"https:\\\/\\\/redenoticiaz.com.br\\\/litoralsp\\\/#organization\"},\"image\":{\"@id\":\"https:\\\/\\\/redenoticiaz.com.br\\\/litoralsp\\\/2023\\\/04\\\/11\\\/video-motorista-sobrevive-apos-grave-batida-em-guaruja#primaryimage\"},\"thumbnailUrl\":\"https:\\\/\\\/redenoticiaz.com.br\\\/litoralsp\\\/wp-content\\\/uploads\\\/sites\\\/3\\\/2023\\\/04\\\/acidente-ademar-2.jpg\",\"keywords\":[\"AVENIDA ADHEMAR DE BARROS\",\"B\u00cdBLIA\",\"COLIS\u00c3O\",\"Guaruj\u00e1\",\"policia militar\",\"SAMU\"],\"articleSection\":[\"Guaruj\u00e1\",\"Tr\u00e2nsito\"],\"inLanguage\":\"pt-BR\",\"potentialAction\":[{\"@type\":\"CommentAction\",\"name\":\"Comment\",\"target\":[\"https:\\\/\\\/redenoticiaz.com.br\\\/litoralsp\\\/2023\\\/04\\\/11\\\/video-motorista-sobrevive-apos-grave-batida-em-guaruja#respond\"]}]},{\"@type\":\"WebPage\",\"@id\":\"https:\\\/\\\/redenoticiaz.com.br\\\/litoralsp\\\/2023\\\/04\\\/11\\\/video-motorista-sobrevive-apos-grave-batida-em-guaruja\",\"url\":\"https:\\\/\\\/redenoticiaz.com.br\\\/litoralsp\\\/2023\\\/04\\\/11\\\/video-motorista-sobrevive-apos-grave-batida-em-guaruja\",\"name\":\"V\u00cdDEO &#8211; Motorista sobrevive ap\u00f3s grave batida em Guaruj\u00e1 - Litoral SP\",\"isPartOf\":{\"@id\":\"https:\\\/\\\/redenoticiaz.com.br\\\/litoralsp\\\/#website\"},\"primaryImageOfPage\":{\"@id\":\"https:\\\/\\\/redenoticiaz.com.br\\\/litoralsp\\\/2023\\\/04\\\/11\\\/video-motorista-sobrevive-apos-grave-batida-em-guaruja#primaryimage\"},\"image\":{\"@id\":\"https:\\\/\\\/redenoticiaz.com.br\\\/litoralsp\\\/2023\\\/04\\\/11\\\/video-motorista-sobrevive-apos-grave-batida-em-guaruja#primaryimage\"},\"thumbnailUrl\":\"https:\\\/\\\/redenoticiaz.com.br\\\/litoralsp\\\/wp-content\\\/uploads\\\/sites\\\/3\\\/2023\\\/04\\\/acidente-ademar-2.jpg\",\"datePublished\":\"2023-04-11T14:48:50+00:00\",\"description\":\"Um homem de 27 anos \\\"escapou da morte' ap\u00f3s um grave acidente em uma avenida de Guaruj\u00e1. O motorista bateu contra um poste ap\u00f3s\",\"inLanguage\":\"pt-BR\",\"potentialAction\":[{\"@type\":\"ReadAction\",\"target\":[\"https:\\\/\\\/redenoticiaz.com.br\\\/litoralsp\\\/2023\\\/04\\\/11\\\/video-motorista-sobrevive-apos-grave-batida-em-guaruja\"]}]},{\"@type\":\"ImageObject\",\"inLanguage\":\"pt-BR\",\"@id\":\"https:\\\/\\\/redenoticiaz.com.br\\\/litoralsp\\\/2023\\\/04\\\/11\\\/video-motorista-sobrevive-apos-grave-batida-em-guaruja#primaryimage\",\"url\":\"https:\\\/\\\/redenoticiaz.com.br\\\/litoralsp\\\/wp-content\\\/uploads\\\/sites\\\/3\\\/2023\\\/04\\\/acidente-ademar-2.jpg\",\"contentUrl\":\"https:\\\/\\\/redenoticiaz.com.br\\\/litoralsp\\\/wp-content\\\/uploads\\\/sites\\\/3\\\/2023\\\/04\\\/acidente-ademar-2.jpg\",\"width\":1280,\"height\":590,\"caption\":\"Cr\u00e9ditos: Reprodu\u00e7\u00e3o\\\/Plant\u00e3o Guaruj\u00e1\"},{\"@type\":\"WebSite\",\"@id\":\"https:\\\/\\\/redenoticiaz.com.br\\\/litoralsp\\\/#website\",\"url\":\"https:\\\/\\\/redenoticiaz.com.br\\\/litoralsp\\\/\",\"name\":\"Litoral SP\",\"description\":\"Rede NoticiaZ\",\"publisher\":{\"@id\":\"https:\\\/\\\/redenoticiaz.com.br\\\/litoralsp\\\/#organization\"},\"potentialAction\":[{\"@type\":\"SearchAction\",\"target\":{\"@type\":\"EntryPoint\",\"urlTemplate\":\"https:\\\/\\\/redenoticiaz.com.br\\\/litoralsp\\\/?s={search_term_string}\"},\"query-input\":{\"@type\":\"PropertyValueSpecification\",\"valueRequired\":true,\"valueName\":\"search_term_string\"}}],\"inLanguage\":\"pt-BR\"},{\"@type\":\"Organization\",\"@id\":\"https:\\\/\\\/redenoticiaz.com.br\\\/litoralsp\\\/#organization\",\"name\":\"Litoral SP\",\"url\":\"https:\\\/\\\/redenoticiaz.com.br\\\/litoralsp\\\/\",\"logo\":{\"@type\":\"ImageObject\",\"inLanguage\":\"pt-BR\",\"@id\":\"https:\\\/\\\/redenoticiaz.com.br\\\/litoralsp\\\/#\\\/schema\\\/logo\\\/image\\\/\",\"url\":\"https:\\\/\\\/redenoticiaz.com.br\\\/litoralsp\\\/wp-content\\\/uploads\\\/sites\\\/3\\\/2020\\\/11\\\/logo.jpg\",\"contentUrl\":\"https:\\\/\\\/redenoticiaz.com.br\\\/litoralsp\\\/wp-content\\\/uploads\\\/sites\\\/3\\\/2020\\\/11\\\/logo.jpg\",\"width\":400,\"height\":250,\"caption\":\"Litoral SP\"},\"image\":{\"@id\":\"https:\\\/\\\/redenoticiaz.com.br\\\/litoralsp\\\/#\\\/schema\\\/logo\\\/image\\\/\"}},{\"@type\":\"Person\",\"@id\":\"https:\\\/\\\/redenoticiaz.com.br\\\/litoralsp\\\/#\\\/schema\\\/person\\\/0f0b8a5bdafefe82841e07ae8d81ecb3\",\"name\":\"Leonardo Francisco\",\"image\":{\"@type\":\"ImageObject\",\"inLanguage\":\"pt-BR\",\"@id\":\"https:\\\/\\\/secure.gravatar.com\\\/avatar\\\/a7358cb406a99b682ec6df1e77e31ae82e63601f6784e8a3df411d72b37864da?s=96&d=mm&r=g\",\"url\":\"https:\\\/\\\/secure.gravatar.com\\\/avatar\\\/a7358cb406a99b682ec6df1e77e31ae82e63601f6784e8a3df411d72b37864da?s=96&d=mm&r=g\",\"contentUrl\":\"https:\\\/\\\/secure.gravatar.com\\\/avatar\\\/a7358cb406a99b682ec6df1e77e31ae82e63601f6784e8a3df411d72b37864da?s=96&d=mm&r=g\",\"caption\":\"Leonardo Francisco\"},\"url\":\"https:\\\/\\\/redenoticiaz.com.br\\\/litoralsp\\\/author\\\/leonardo-francisco\"}]}<\/script>\n<!-- \/ Yoast SEO plugin. -->","yoast_head_json":{"title":"V\u00cdDEO &#8211; Motorista sobrevive ap\u00f3s grave batida em Guaruj\u00e1 - Litoral SP","description":"Um homem de 27 anos \"escapou da morte' ap\u00f3s um grave acidente em uma avenida de Guaruj\u00e1. O motorista bateu contra um poste ap\u00f3s","robots":{"index":"index","follow":"follow","max-snippet":"max-snippet:-1","max-image-preview":"max-image-preview:large","max-video-preview":"max-video-preview:-1"},"canonical":"https:\/\/redenoticiaz.com.br\/litoralsp\/2023\/04\/11\/video-motorista-sobrevive-apos-grave-batida-em-guaruja","og_locale":"pt_BR","og_type":"article","og_title":"V\u00cdDEO &#8211; Motorista sobrevive ap\u00f3s grave batida em Guaruj\u00e1 - Litoral SP","og_description":"Um homem de 27 anos \"escapou da morte' ap\u00f3s um grave acidente em uma avenida de Guaruj\u00e1. O motorista bateu contra um poste ap\u00f3s","og_url":"https:\/\/redenoticiaz.com.br\/litoralsp\/2023\/04\/11\/video-motorista-sobrevive-apos-grave-batida-em-guaruja","og_site_name":"Litoral SP","article_published_time":"2023-04-11T14:48:50+00:00","og_image":[{"width":1280,"height":590,"url":"https:\/\/redenoticiaz.com.br\/litoralsp\/wp-content\/uploads\/sites\/3\/2023\/04\/acidente-ademar-2.jpg","type":"image\/jpeg"}],"author":"Leonardo Francisco","twitter_card":"summary_large_image","twitter_misc":{"Escrito por":"Leonardo Francisco","Est. tempo de leitura":"2 minutos"},"schema":{"@context":"https:\/\/schema.org","@graph":[{"@type":"Article","@id":"https:\/\/redenoticiaz.com.br\/litoralsp\/2023\/04\/11\/video-motorista-sobrevive-apos-grave-batida-em-guaruja#article","isPartOf":{"@id":"https:\/\/redenoticiaz.com.br\/litoralsp\/2023\/04\/11\/video-motorista-sobrevive-apos-grave-batida-em-guaruja"},"author":{"name":"Leonardo Francisco","@id":"https:\/\/redenoticiaz.com.br\/litoralsp\/#\/schema\/person\/0f0b8a5bdafefe82841e07ae8d81ecb3"},"headline":"V\u00cdDEO &#8211; Motorista sobrevive ap\u00f3s grave batida em Guaruj\u00e1","datePublished":"2023-04-11T14:48:50+00:00","mainEntityOfPage":{"@id":"https:\/\/redenoticiaz.com.br\/litoralsp\/2023\/04\/11\/video-motorista-sobrevive-apos-grave-batida-em-guaruja"},"wordCount":291,"commentCount":0,"publisher":{"@id":"https:\/\/redenoticiaz.com.br\/litoralsp\/#organization"},"image":{"@id":"https:\/\/redenoticiaz.com.br\/litoralsp\/2023\/04\/11\/video-motorista-sobrevive-apos-grave-batida-em-guaruja#primaryimage"},"thumbnailUrl":"https:\/\/redenoticiaz.com.br\/litoralsp\/wp-content\/uploads\/sites\/3\/2023\/04\/acidente-ademar-2.jpg","keywords":["AVENIDA ADHEMAR DE BARROS","B\u00cdBLIA","COLIS\u00c3O","Guaruj\u00e1","policia militar","SAMU"],"articleSection":["Guaruj\u00e1","Tr\u00e2nsito"],"inLanguage":"pt-BR","potentialAction":[{"@type":"CommentAction","name":"Comment","target":["https:\/\/redenoticiaz.com.br\/litoralsp\/2023\/04\/11\/video-motorista-sobrevive-apos-grave-batida-em-guaruja#respond"]}]},{"@type":"WebPage","@id":"https:\/\/redenoticiaz.com.br\/litoralsp\/2023\/04\/11\/video-motorista-sobrevive-apos-grave-batida-em-guaruja","url":"https:\/\/redenoticiaz.com.br\/litoralsp\/2023\/04\/11\/video-motorista-sobrevive-apos-grave-batida-em-guaruja","name":"V\u00cdDEO &#8211; Motorista sobrevive ap\u00f3s grave batida em Guaruj\u00e1 - Litoral SP","isPartOf":{"@id":"https:\/\/redenoticiaz.com.br\/litoralsp\/#website"},"primaryImageOfPage":{"@id":"https:\/\/redenoticiaz.com.br\/litoralsp\/2023\/04\/11\/video-motorista-sobrevive-apos-grave-batida-em-guaruja#primaryimage"},"image":{"@id":"https:\/\/redenoticiaz.com.br\/litoralsp\/2023\/04\/11\/video-motorista-sobrevive-apos-grave-batida-em-guaruja#primaryimage"},"thumbnailUrl":"https:\/\/redenoticiaz.com.br\/litoralsp\/wp-content\/uploads\/sites\/3\/2023\/04\/acidente-ademar-2.jpg","datePublished":"2023-04-11T14:48:50+00:00","description":"Um homem de 27 anos \"escapou da morte' ap\u00f3s um grave acidente em uma avenida de Guaruj\u00e1. O motorista bateu contra um poste ap\u00f3s","inLanguage":"pt-BR","potentialAction":[{"@type":"ReadAction","target":["https:\/\/redenoticiaz.com.br\/litoralsp\/2023\/04\/11\/video-motorista-sobrevive-apos-grave-batida-em-guaruja"]}]},{"@type":"ImageObject","inLanguage":"pt-BR","@id":"https:\/\/redenoticiaz.com.br\/litoralsp\/2023\/04\/11\/video-motorista-sobrevive-apos-grave-batida-em-guaruja#primaryimage","url":"https:\/\/redenoticiaz.com.br\/litoralsp\/wp-content\/uploads\/sites\/3\/2023\/04\/acidente-ademar-2.jpg","contentUrl":"https:\/\/redenoticiaz.com.br\/litoralsp\/wp-content\/uploads\/sites\/3\/2023\/04\/acidente-ademar-2.jpg","width":1280,"height":590,"caption":"Cr\u00e9ditos: Reprodu\u00e7\u00e3o\/Plant\u00e3o Guaruj\u00e1"},{"@type":"WebSite","@id":"https:\/\/redenoticiaz.com.br\/litoralsp\/#website","url":"https:\/\/redenoticiaz.com.br\/litoralsp\/","name":"Litoral SP","description":"Rede NoticiaZ","publisher":{"@id":"https:\/\/redenoticiaz.com.br\/litoralsp\/#organization"},"potentialAction":[{"@type":"SearchAction","target":{"@type":"EntryPoint","urlTemplate":"https:\/\/redenoticiaz.com.br\/litoralsp\/?s={search_term_string}"},"query-input":{"@type":"PropertyValueSpecification","valueRequired":true,"valueName":"search_term_string"}}],"inLanguage":"pt-BR"},{"@type":"Organization","@id":"https:\/\/redenoticiaz.com.br\/litoralsp\/#organization","name":"Litoral SP","url":"https:\/\/redenoticiaz.com.br\/litoralsp\/","logo":{"@type":"ImageObject","inLanguage":"pt-BR","@id":"https:\/\/redenoticiaz.com.br\/litoralsp\/#\/schema\/logo\/image\/","url":"https:\/\/redenoticiaz.com.br\/litoralsp\/wp-content\/uploads\/sites\/3\/2020\/11\/logo.jpg","contentUrl":"https:\/\/redenoticiaz.com.br\/litoralsp\/wp-content\/uploads\/sites\/3\/2020\/11\/logo.jpg","width":400,"height":250,"caption":"Litoral SP"},"image":{"@id":"https:\/\/redenoticiaz.com.br\/litoralsp\/#\/schema\/logo\/image\/"}},{"@type":"Person","@id":"https:\/\/redenoticiaz.com.br\/litoralsp\/#\/schema\/person\/0f0b8a5bdafefe82841e07ae8d81ecb3","name":"Leonardo Francisco","image":{"@type":"ImageObject","inLanguage":"pt-BR","@id":"https:\/\/secure.gravatar.com\/avatar\/a7358cb406a99b682ec6df1e77e31ae82e63601f6784e8a3df411d72b37864da?s=96&d=mm&r=g","url":"https:\/\/secure.gravatar.com\/avatar\/a7358cb406a99b682ec6df1e77e31ae82e63601f6784e8a3df411d72b37864da?s=96&d=mm&r=g","contentUrl":"https:\/\/secure.gravatar.com\/avatar\/a7358cb406a99b682ec6df1e77e31ae82e63601f6784e8a3df411d72b37864da?s=96&d=mm&r=g","caption":"Leonardo Francisco"},"url":"https:\/\/redenoticiaz.com.br\/litoralsp\/author\/leonardo-francisco"}]}},"_links":{"self":[{"href":"https:\/\/redenoticiaz.com.br\/litoralsp\/wp-json\/wp\/v2\/posts\/103881","targetHints":{"allow":["GET"]}}],"collection":[{"href":"https:\/\/redenoticiaz.com.br\/litoralsp\/wp-json\/wp\/v2\/posts"}],"about":[{"href":"https:\/\/redenoticiaz.com.br\/litoralsp\/wp-json\/wp\/v2\/types\/post"}],"author":[{"embeddable":true,"href":"https:\/\/redenoticiaz.com.br\/litoralsp\/wp-json\/wp\/v2\/users\/6"}],"replies":[{"embeddable":true,"href":"https:\/\/redenoticiaz.com.br\/litoralsp\/wp-json\/wp\/v2\/comments?post=103881"}],"version-history":[{"count":1,"href":"https:\/\/redenoticiaz.com.br\/litoralsp\/wp-json\/wp\/v2\/posts\/103881\/revisions"}],"predecessor-version":[{"id":103884,"href":"https:\/\/redenoticiaz.com.br\/litoralsp\/wp-json\/wp\/v2\/posts\/103881\/revisions\/103884"}],"wp:featuredmedia":[{"embeddable":true,"href":"https:\/\/redenoticiaz.com.br\/litoralsp\/wp-json\/wp\/v2\/media\/103883"}],"wp:attachment":[{"href":"https:\/\/redenoticiaz.com.br\/litoralsp\/wp-json\/wp\/v2\/media?parent=103881"}],"wp:term":[{"taxonomy":"category","embeddable":true,"href":"https:\/\/redenoticiaz.com.br\/litoralsp\/wp-json\/wp\/v2\/categories?post=103881"},{"taxonomy":"post_tag","embeddable":true,"href":"https:\/\/redenoticiaz.com.br\/litoralsp\/wp-json\/wp\/v2\/tags?post=103881"}],"curies":[{"name":"wp","href":"https:\/\/api.w.org\/{rel}","templated":true}]}}