{"id":104026,"date":"2023-04-13T10:28:23","date_gmt":"2023-04-13T13:28:23","guid":{"rendered":"https:\/\/redenoticiaz.com.br\/litoralsp\/?p=104026"},"modified":"2023-04-13T10:28:23","modified_gmt":"2023-04-13T13:28:23","slug":"chico-pinheiro-volta-a-ativa-um-ano-apos-deixar-a-globo","status":"publish","type":"post","link":"https:\/\/redenoticiaz.com.br\/litoralsp\/2023\/04\/13\/chico-pinheiro-volta-a-ativa-um-ano-apos-deixar-a-globo","title":{"rendered":"Chico Pinheiro volta \u00e0 ativa um ano ap\u00f3s deixar a Globo"},"content":{"rendered":"<p>Mais um ex-jornalista da TV Globo acertou a volta \u00e0 ativa ap\u00f3s ser demitido da emissora. Depois de Carlos Tramontina, que acertou a ida para a CNN Brasil, agora foi a vez de <strong>Chico Pinheiro<\/strong>, de 69 anos, ser contratado para o ICL Not\u00edcias, canal criado pelo jornalista Eduardo Moreira no YouTube e que possui quase 1 milh\u00e3o de inscritos na plataforma.<\/p>\n<p>A novidade foi anunciada no canal, durante transmiss\u00e3o ao vivo na quarta-feira (12). E logo de cara deu uma cutucada a sua antiga emissora. \u201cL\u00e1 onde eu trabalhava, eu n\u00e3o podia fazer isso\u201d, brincou ele ap\u00f3s cantar uma m\u00fasica na atra\u00e7\u00e3o.<\/p>\n<p>De acordo com Eduardo Moreira, ele pretende transformar a ICL Not\u00edcias em um canal aberto e entrar de vez na disputa com as outras emissoras do segmento. \u201cA gente veio para disputar cora\u00e7\u00f5es entre gigantes\u201d, falou ele.<\/p>\n<p><strong>LEIA TAMB\u00c9M<\/strong><\/p>\n<p><a href=\"https:\/\/redenoticiaz.com.br\/litoralsp\/2023\/04\/12\/carlos-tramontina-esta-de-casa-nova\">Carlos Tramontina est\u00e1 de casa nova<\/a><\/p>\n","protected":false},"excerpt":{"rendered":"<p>Mais um ex-jornalista da TV Globo acertou a volta \u00e0 ativa ap\u00f3s ser demitido da emissora. Depois de Carlos Tramontina, que acertou a ida para a CNN Brasil, agora foi a vez de Chico Pinheiro, de 69 anos, ser contratado para o ICL Not\u00edcias, canal criado pelo jornalista Eduardo Moreira no YouTube e que possui &hellip;<\/p>\n","protected":false},"author":6,"featured_media":104027,"comment_status":"open","ping_status":"closed","sticky":false,"template":"","format":"standard","meta":{"footnotes":""},"categories":[60954],"tags":[54875,64566,35309,31512],"class_list":["post-104026","post","type-post","status-publish","format-standard","has-post-thumbnail","hentry","category-celebridades","tag-chico-pinheiro","tag-icl-noticias","tag-tv-globo","tag-youtube"],"yoast_head":"<!-- This site is optimized with the Yoast SEO plugin v27.5 - https:\/\/yoast.com\/product\/yoast-seo-wordpress\/ -->\n<title>Chico Pinheiro volta \u00e0 ativa um ano ap\u00f3s deixar a Globo - Litoral SP<\/title>\n<meta name=\"description\" content=\"Tramontina, que acertou a ida para a CNN Brasil, agora foi a vez de Chico Pinheiro, de 69 anos, ser contratado para o ICL Not\u00edcias, canal c\" \/>\n<meta name=\"robots\" content=\"index, follow, max-snippet:-1, max-image-preview:large, max-video-preview:-1\" \/>\n<link rel=\"canonical\" href=\"https:\/\/redenoticiaz.com.br\/litoralsp\/2023\/04\/13\/chico-pinheiro-volta-a-ativa-um-ano-apos-deixar-a-globo\" \/>\n<meta property=\"og:locale\" content=\"pt_BR\" \/>\n<meta property=\"og:type\" content=\"article\" \/>\n<meta property=\"og:title\" content=\"Chico Pinheiro volta \u00e0 ativa um ano ap\u00f3s deixar a Globo - Litoral SP\" \/>\n<meta property=\"og:description\" content=\"Tramontina, que acertou a ida para a CNN Brasil, agora foi a vez de Chico Pinheiro, de 69 anos, ser contratado para o ICL Not\u00edcias, canal c\" \/>\n<meta property=\"og:url\" content=\"https:\/\/redenoticiaz.com.br\/litoralsp\/2023\/04\/13\/chico-pinheiro-volta-a-ativa-um-ano-apos-deixar-a-globo\" \/>\n<meta property=\"og:site_name\" content=\"Litoral SP\" \/>\n<meta property=\"article:published_time\" content=\"2023-04-13T13:28:23+00:00\" \/>\n<meta property=\"og:image\" content=\"https:\/\/redenoticiaz.com.br\/litoralsp\/wp-content\/uploads\/sites\/3\/2023\/04\/chico_pinheiro-e1681392455467.jpg\" \/>\n\t<meta property=\"og:image:width\" content=\"450\" \/>\n\t<meta property=\"og:image:height\" content=\"380\" \/>\n\t<meta property=\"og:image:type\" content=\"image\/jpeg\" \/>\n<meta name=\"author\" content=\"Leonardo Francisco\" \/>\n<meta name=\"twitter:card\" content=\"summary_large_image\" \/>\n<meta name=\"twitter:label1\" content=\"Escrito por\" \/>\n\t<meta name=\"twitter:data1\" content=\"Leonardo Francisco\" \/>\n\t<meta name=\"twitter:label2\" content=\"Est. tempo de leitura\" \/>\n\t<meta name=\"twitter:data2\" content=\"1 minuto\" \/>\n<script type=\"application\/ld+json\" class=\"yoast-schema-graph\">{\"@context\":\"https:\\\/\\\/schema.org\",\"@graph\":[{\"@type\":\"Article\",\"@id\":\"https:\\\/\\\/redenoticiaz.com.br\\\/litoralsp\\\/2023\\\/04\\\/13\\\/chico-pinheiro-volta-a-ativa-um-ano-apos-deixar-a-globo#article\",\"isPartOf\":{\"@id\":\"https:\\\/\\\/redenoticiaz.com.br\\\/litoralsp\\\/2023\\\/04\\\/13\\\/chico-pinheiro-volta-a-ativa-um-ano-apos-deixar-a-globo\"},\"author\":{\"name\":\"Leonardo Francisco\",\"@id\":\"https:\\\/\\\/redenoticiaz.com.br\\\/litoralsp\\\/#\\\/schema\\\/person\\\/0f0b8a5bdafefe82841e07ae8d81ecb3\"},\"headline\":\"Chico Pinheiro volta \u00e0 ativa um ano ap\u00f3s deixar a Globo\",\"datePublished\":\"2023-04-13T13:28:23+00:00\",\"mainEntityOfPage\":{\"@id\":\"https:\\\/\\\/redenoticiaz.com.br\\\/litoralsp\\\/2023\\\/04\\\/13\\\/chico-pinheiro-volta-a-ativa-um-ano-apos-deixar-a-globo\"},\"wordCount\":166,\"commentCount\":0,\"publisher\":{\"@id\":\"https:\\\/\\\/redenoticiaz.com.br\\\/litoralsp\\\/#organization\"},\"image\":{\"@id\":\"https:\\\/\\\/redenoticiaz.com.br\\\/litoralsp\\\/2023\\\/04\\\/13\\\/chico-pinheiro-volta-a-ativa-um-ano-apos-deixar-a-globo#primaryimage\"},\"thumbnailUrl\":\"https:\\\/\\\/redenoticiaz.com.br\\\/litoralsp\\\/wp-content\\\/uploads\\\/sites\\\/3\\\/2023\\\/04\\\/chico_pinheiro-e1681392455467.jpg\",\"keywords\":[\"CHICO PINHEIRO\",\"ICL NOT\u00cdCIAS\",\"TV GLOBO\",\"YOUTUBE\"],\"articleSection\":[\"Celebridades\"],\"inLanguage\":\"pt-BR\",\"potentialAction\":[{\"@type\":\"CommentAction\",\"name\":\"Comment\",\"target\":[\"https:\\\/\\\/redenoticiaz.com.br\\\/litoralsp\\\/2023\\\/04\\\/13\\\/chico-pinheiro-volta-a-ativa-um-ano-apos-deixar-a-globo#respond\"]}]},{\"@type\":\"WebPage\",\"@id\":\"https:\\\/\\\/redenoticiaz.com.br\\\/litoralsp\\\/2023\\\/04\\\/13\\\/chico-pinheiro-volta-a-ativa-um-ano-apos-deixar-a-globo\",\"url\":\"https:\\\/\\\/redenoticiaz.com.br\\\/litoralsp\\\/2023\\\/04\\\/13\\\/chico-pinheiro-volta-a-ativa-um-ano-apos-deixar-a-globo\",\"name\":\"Chico Pinheiro volta \u00e0 ativa um ano ap\u00f3s deixar a Globo - Litoral SP\",\"isPartOf\":{\"@id\":\"https:\\\/\\\/redenoticiaz.com.br\\\/litoralsp\\\/#website\"},\"primaryImageOfPage\":{\"@id\":\"https:\\\/\\\/redenoticiaz.com.br\\\/litoralsp\\\/2023\\\/04\\\/13\\\/chico-pinheiro-volta-a-ativa-um-ano-apos-deixar-a-globo#primaryimage\"},\"image\":{\"@id\":\"https:\\\/\\\/redenoticiaz.com.br\\\/litoralsp\\\/2023\\\/04\\\/13\\\/chico-pinheiro-volta-a-ativa-um-ano-apos-deixar-a-globo#primaryimage\"},\"thumbnailUrl\":\"https:\\\/\\\/redenoticiaz.com.br\\\/litoralsp\\\/wp-content\\\/uploads\\\/sites\\\/3\\\/2023\\\/04\\\/chico_pinheiro-e1681392455467.jpg\",\"datePublished\":\"2023-04-13T13:28:23+00:00\",\"description\":\"Tramontina, que acertou a ida para a CNN Brasil, agora foi a vez de Chico Pinheiro, de 69 anos, ser contratado para o ICL Not\u00edcias, canal c\",\"inLanguage\":\"pt-BR\",\"potentialAction\":[{\"@type\":\"ReadAction\",\"target\":[\"https:\\\/\\\/redenoticiaz.com.br\\\/litoralsp\\\/2023\\\/04\\\/13\\\/chico-pinheiro-volta-a-ativa-um-ano-apos-deixar-a-globo\"]}]},{\"@type\":\"ImageObject\",\"inLanguage\":\"pt-BR\",\"@id\":\"https:\\\/\\\/redenoticiaz.com.br\\\/litoralsp\\\/2023\\\/04\\\/13\\\/chico-pinheiro-volta-a-ativa-um-ano-apos-deixar-a-globo#primaryimage\",\"url\":\"https:\\\/\\\/redenoticiaz.com.br\\\/litoralsp\\\/wp-content\\\/uploads\\\/sites\\\/3\\\/2023\\\/04\\\/chico_pinheiro-e1681392455467.jpg\",\"contentUrl\":\"https:\\\/\\\/redenoticiaz.com.br\\\/litoralsp\\\/wp-content\\\/uploads\\\/sites\\\/3\\\/2023\\\/04\\\/chico_pinheiro-e1681392455467.jpg\",\"width\":450,\"height\":380,\"caption\":\"Cr\u00e9ditos: Reprodu\u00e7\u00e3o\\\/Internet\"},{\"@type\":\"WebSite\",\"@id\":\"https:\\\/\\\/redenoticiaz.com.br\\\/litoralsp\\\/#website\",\"url\":\"https:\\\/\\\/redenoticiaz.com.br\\\/litoralsp\\\/\",\"name\":\"Litoral SP\",\"description\":\"Rede NoticiaZ\",\"publisher\":{\"@id\":\"https:\\\/\\\/redenoticiaz.com.br\\\/litoralsp\\\/#organization\"},\"potentialAction\":[{\"@type\":\"SearchAction\",\"target\":{\"@type\":\"EntryPoint\",\"urlTemplate\":\"https:\\\/\\\/redenoticiaz.com.br\\\/litoralsp\\\/?s={search_term_string}\"},\"query-input\":{\"@type\":\"PropertyValueSpecification\",\"valueRequired\":true,\"valueName\":\"search_term_string\"}}],\"inLanguage\":\"pt-BR\"},{\"@type\":\"Organization\",\"@id\":\"https:\\\/\\\/redenoticiaz.com.br\\\/litoralsp\\\/#organization\",\"name\":\"Litoral SP\",\"url\":\"https:\\\/\\\/redenoticiaz.com.br\\\/litoralsp\\\/\",\"logo\":{\"@type\":\"ImageObject\",\"inLanguage\":\"pt-BR\",\"@id\":\"https:\\\/\\\/redenoticiaz.com.br\\\/litoralsp\\\/#\\\/schema\\\/logo\\\/image\\\/\",\"url\":\"https:\\\/\\\/redenoticiaz.com.br\\\/litoralsp\\\/wp-content\\\/uploads\\\/sites\\\/3\\\/2020\\\/11\\\/logo.jpg\",\"contentUrl\":\"https:\\\/\\\/redenoticiaz.com.br\\\/litoralsp\\\/wp-content\\\/uploads\\\/sites\\\/3\\\/2020\\\/11\\\/logo.jpg\",\"width\":400,\"height\":250,\"caption\":\"Litoral SP\"},\"image\":{\"@id\":\"https:\\\/\\\/redenoticiaz.com.br\\\/litoralsp\\\/#\\\/schema\\\/logo\\\/image\\\/\"}},{\"@type\":\"Person\",\"@id\":\"https:\\\/\\\/redenoticiaz.com.br\\\/litoralsp\\\/#\\\/schema\\\/person\\\/0f0b8a5bdafefe82841e07ae8d81ecb3\",\"name\":\"Leonardo Francisco\",\"image\":{\"@type\":\"ImageObject\",\"inLanguage\":\"pt-BR\",\"@id\":\"https:\\\/\\\/secure.gravatar.com\\\/avatar\\\/a7358cb406a99b682ec6df1e77e31ae82e63601f6784e8a3df411d72b37864da?s=96&d=mm&r=g\",\"url\":\"https:\\\/\\\/secure.gravatar.com\\\/avatar\\\/a7358cb406a99b682ec6df1e77e31ae82e63601f6784e8a3df411d72b37864da?s=96&d=mm&r=g\",\"contentUrl\":\"https:\\\/\\\/secure.gravatar.com\\\/avatar\\\/a7358cb406a99b682ec6df1e77e31ae82e63601f6784e8a3df411d72b37864da?s=96&d=mm&r=g\",\"caption\":\"Leonardo Francisco\"},\"url\":\"https:\\\/\\\/redenoticiaz.com.br\\\/litoralsp\\\/author\\\/leonardo-francisco\"}]}<\/script>\n<!-- \/ Yoast SEO plugin. -->","yoast_head_json":{"title":"Chico Pinheiro volta \u00e0 ativa um ano ap\u00f3s deixar a Globo - Litoral SP","description":"Tramontina, que acertou a ida para a CNN Brasil, agora foi a vez de Chico Pinheiro, de 69 anos, ser contratado para o ICL Not\u00edcias, canal c","robots":{"index":"index","follow":"follow","max-snippet":"max-snippet:-1","max-image-preview":"max-image-preview:large","max-video-preview":"max-video-preview:-1"},"canonical":"https:\/\/redenoticiaz.com.br\/litoralsp\/2023\/04\/13\/chico-pinheiro-volta-a-ativa-um-ano-apos-deixar-a-globo","og_locale":"pt_BR","og_type":"article","og_title":"Chico Pinheiro volta \u00e0 ativa um ano ap\u00f3s deixar a Globo - Litoral SP","og_description":"Tramontina, que acertou a ida para a CNN Brasil, agora foi a vez de Chico Pinheiro, de 69 anos, ser contratado para o ICL Not\u00edcias, canal c","og_url":"https:\/\/redenoticiaz.com.br\/litoralsp\/2023\/04\/13\/chico-pinheiro-volta-a-ativa-um-ano-apos-deixar-a-globo","og_site_name":"Litoral SP","article_published_time":"2023-04-13T13:28:23+00:00","og_image":[{"width":450,"height":380,"url":"https:\/\/redenoticiaz.com.br\/litoralsp\/wp-content\/uploads\/sites\/3\/2023\/04\/chico_pinheiro-e1681392455467.jpg","type":"image\/jpeg"}],"author":"Leonardo Francisco","twitter_card":"summary_large_image","twitter_misc":{"Escrito por":"Leonardo Francisco","Est. tempo de leitura":"1 minuto"},"schema":{"@context":"https:\/\/schema.org","@graph":[{"@type":"Article","@id":"https:\/\/redenoticiaz.com.br\/litoralsp\/2023\/04\/13\/chico-pinheiro-volta-a-ativa-um-ano-apos-deixar-a-globo#article","isPartOf":{"@id":"https:\/\/redenoticiaz.com.br\/litoralsp\/2023\/04\/13\/chico-pinheiro-volta-a-ativa-um-ano-apos-deixar-a-globo"},"author":{"name":"Leonardo Francisco","@id":"https:\/\/redenoticiaz.com.br\/litoralsp\/#\/schema\/person\/0f0b8a5bdafefe82841e07ae8d81ecb3"},"headline":"Chico Pinheiro volta \u00e0 ativa um ano ap\u00f3s deixar a Globo","datePublished":"2023-04-13T13:28:23+00:00","mainEntityOfPage":{"@id":"https:\/\/redenoticiaz.com.br\/litoralsp\/2023\/04\/13\/chico-pinheiro-volta-a-ativa-um-ano-apos-deixar-a-globo"},"wordCount":166,"commentCount":0,"publisher":{"@id":"https:\/\/redenoticiaz.com.br\/litoralsp\/#organization"},"image":{"@id":"https:\/\/redenoticiaz.com.br\/litoralsp\/2023\/04\/13\/chico-pinheiro-volta-a-ativa-um-ano-apos-deixar-a-globo#primaryimage"},"thumbnailUrl":"https:\/\/redenoticiaz.com.br\/litoralsp\/wp-content\/uploads\/sites\/3\/2023\/04\/chico_pinheiro-e1681392455467.jpg","keywords":["CHICO PINHEIRO","ICL NOT\u00cdCIAS","TV GLOBO","YOUTUBE"],"articleSection":["Celebridades"],"inLanguage":"pt-BR","potentialAction":[{"@type":"CommentAction","name":"Comment","target":["https:\/\/redenoticiaz.com.br\/litoralsp\/2023\/04\/13\/chico-pinheiro-volta-a-ativa-um-ano-apos-deixar-a-globo#respond"]}]},{"@type":"WebPage","@id":"https:\/\/redenoticiaz.com.br\/litoralsp\/2023\/04\/13\/chico-pinheiro-volta-a-ativa-um-ano-apos-deixar-a-globo","url":"https:\/\/redenoticiaz.com.br\/litoralsp\/2023\/04\/13\/chico-pinheiro-volta-a-ativa-um-ano-apos-deixar-a-globo","name":"Chico Pinheiro volta \u00e0 ativa um ano ap\u00f3s deixar a Globo - Litoral SP","isPartOf":{"@id":"https:\/\/redenoticiaz.com.br\/litoralsp\/#website"},"primaryImageOfPage":{"@id":"https:\/\/redenoticiaz.com.br\/litoralsp\/2023\/04\/13\/chico-pinheiro-volta-a-ativa-um-ano-apos-deixar-a-globo#primaryimage"},"image":{"@id":"https:\/\/redenoticiaz.com.br\/litoralsp\/2023\/04\/13\/chico-pinheiro-volta-a-ativa-um-ano-apos-deixar-a-globo#primaryimage"},"thumbnailUrl":"https:\/\/redenoticiaz.com.br\/litoralsp\/wp-content\/uploads\/sites\/3\/2023\/04\/chico_pinheiro-e1681392455467.jpg","datePublished":"2023-04-13T13:28:23+00:00","description":"Tramontina, que acertou a ida para a CNN Brasil, agora foi a vez de Chico Pinheiro, de 69 anos, ser contratado para o ICL Not\u00edcias, canal c","inLanguage":"pt-BR","potentialAction":[{"@type":"ReadAction","target":["https:\/\/redenoticiaz.com.br\/litoralsp\/2023\/04\/13\/chico-pinheiro-volta-a-ativa-um-ano-apos-deixar-a-globo"]}]},{"@type":"ImageObject","inLanguage":"pt-BR","@id":"https:\/\/redenoticiaz.com.br\/litoralsp\/2023\/04\/13\/chico-pinheiro-volta-a-ativa-um-ano-apos-deixar-a-globo#primaryimage","url":"https:\/\/redenoticiaz.com.br\/litoralsp\/wp-content\/uploads\/sites\/3\/2023\/04\/chico_pinheiro-e1681392455467.jpg","contentUrl":"https:\/\/redenoticiaz.com.br\/litoralsp\/wp-content\/uploads\/sites\/3\/2023\/04\/chico_pinheiro-e1681392455467.jpg","width":450,"height":380,"caption":"Cr\u00e9ditos: Reprodu\u00e7\u00e3o\/Internet"},{"@type":"WebSite","@id":"https:\/\/redenoticiaz.com.br\/litoralsp\/#website","url":"https:\/\/redenoticiaz.com.br\/litoralsp\/","name":"Litoral SP","description":"Rede NoticiaZ","publisher":{"@id":"https:\/\/redenoticiaz.com.br\/litoralsp\/#organization"},"potentialAction":[{"@type":"SearchAction","target":{"@type":"EntryPoint","urlTemplate":"https:\/\/redenoticiaz.com.br\/litoralsp\/?s={search_term_string}"},"query-input":{"@type":"PropertyValueSpecification","valueRequired":true,"valueName":"search_term_string"}}],"inLanguage":"pt-BR"},{"@type":"Organization","@id":"https:\/\/redenoticiaz.com.br\/litoralsp\/#organization","name":"Litoral SP","url":"https:\/\/redenoticiaz.com.br\/litoralsp\/","logo":{"@type":"ImageObject","inLanguage":"pt-BR","@id":"https:\/\/redenoticiaz.com.br\/litoralsp\/#\/schema\/logo\/image\/","url":"https:\/\/redenoticiaz.com.br\/litoralsp\/wp-content\/uploads\/sites\/3\/2020\/11\/logo.jpg","contentUrl":"https:\/\/redenoticiaz.com.br\/litoralsp\/wp-content\/uploads\/sites\/3\/2020\/11\/logo.jpg","width":400,"height":250,"caption":"Litoral SP"},"image":{"@id":"https:\/\/redenoticiaz.com.br\/litoralsp\/#\/schema\/logo\/image\/"}},{"@type":"Person","@id":"https:\/\/redenoticiaz.com.br\/litoralsp\/#\/schema\/person\/0f0b8a5bdafefe82841e07ae8d81ecb3","name":"Leonardo Francisco","image":{"@type":"ImageObject","inLanguage":"pt-BR","@id":"https:\/\/secure.gravatar.com\/avatar\/a7358cb406a99b682ec6df1e77e31ae82e63601f6784e8a3df411d72b37864da?s=96&d=mm&r=g","url":"https:\/\/secure.gravatar.com\/avatar\/a7358cb406a99b682ec6df1e77e31ae82e63601f6784e8a3df411d72b37864da?s=96&d=mm&r=g","contentUrl":"https:\/\/secure.gravatar.com\/avatar\/a7358cb406a99b682ec6df1e77e31ae82e63601f6784e8a3df411d72b37864da?s=96&d=mm&r=g","caption":"Leonardo Francisco"},"url":"https:\/\/redenoticiaz.com.br\/litoralsp\/author\/leonardo-francisco"}]}},"_links":{"self":[{"href":"https:\/\/redenoticiaz.com.br\/litoralsp\/wp-json\/wp\/v2\/posts\/104026","targetHints":{"allow":["GET"]}}],"collection":[{"href":"https:\/\/redenoticiaz.com.br\/litoralsp\/wp-json\/wp\/v2\/posts"}],"about":[{"href":"https:\/\/redenoticiaz.com.br\/litoralsp\/wp-json\/wp\/v2\/types\/post"}],"author":[{"embeddable":true,"href":"https:\/\/redenoticiaz.com.br\/litoralsp\/wp-json\/wp\/v2\/users\/6"}],"replies":[{"embeddable":true,"href":"https:\/\/redenoticiaz.com.br\/litoralsp\/wp-json\/wp\/v2\/comments?post=104026"}],"version-history":[{"count":1,"href":"https:\/\/redenoticiaz.com.br\/litoralsp\/wp-json\/wp\/v2\/posts\/104026\/revisions"}],"predecessor-version":[{"id":104028,"href":"https:\/\/redenoticiaz.com.br\/litoralsp\/wp-json\/wp\/v2\/posts\/104026\/revisions\/104028"}],"wp:featuredmedia":[{"embeddable":true,"href":"https:\/\/redenoticiaz.com.br\/litoralsp\/wp-json\/wp\/v2\/media\/104027"}],"wp:attachment":[{"href":"https:\/\/redenoticiaz.com.br\/litoralsp\/wp-json\/wp\/v2\/media?parent=104026"}],"wp:term":[{"taxonomy":"category","embeddable":true,"href":"https:\/\/redenoticiaz.com.br\/litoralsp\/wp-json\/wp\/v2\/categories?post=104026"},{"taxonomy":"post_tag","embeddable":true,"href":"https:\/\/redenoticiaz.com.br\/litoralsp\/wp-json\/wp\/v2\/tags?post=104026"}],"curies":[{"name":"wp","href":"https:\/\/api.w.org\/{rel}","templated":true}]}}