{"id":104172,"date":"2023-04-16T15:08:11","date_gmt":"2023-04-16T18:08:11","guid":{"rendered":"https:\/\/redenoticiaz.com.br\/litoralsp\/?p=104172"},"modified":"2023-04-16T15:08:11","modified_gmt":"2023-04-16T18:08:11","slug":"dispositivo-de-emergencia-de-totens-serao-utilizados-em-bertioga","status":"publish","type":"post","link":"https:\/\/redenoticiaz.com.br\/litoralsp\/2023\/04\/16\/dispositivo-de-emergencia-de-totens-serao-utilizados-em-bertioga","title":{"rendered":"Dispositivo de emerg\u00eancia de totens ser\u00e3o utilizados em Bertioga"},"content":{"rendered":"<p>Nesta quinta-feira (13), o dispositivo de seguran\u00e7a integrado ao toten de Bertioga, permitiu agilidade no atendimento de primeiros socorros de uma estudante da Escola Estadual William Aurelli que n\u00e3o se sentiu bem.<\/p>\n<p>Todas as escolas das redes municipal e estadual, bem como outros pontos estrat\u00e9gicos da cidade contam com monitoramento eletr\u00f4nico 24 horas atrav\u00e9s de c\u00e2meras 360\u00b0 ligadas ao Centro Operacional de Imagens de Bertioga (Coibe), cuja atua\u00e7\u00e3o se d\u00e1 de forma integrada e articulada com a GCM em uma central de monitoramento.<\/p>\n<p>O dispositivo de seguran\u00e7a possibilita contato r\u00e1pido e direto com a central do Coibe, que por sua vez aciona diferentes frentes de atua\u00e7\u00e3o de urg\u00eancia e emerg\u00eancia da seguran\u00e7a p\u00fablica sa\u00fade, como o 153 da GCM, a Pol\u00edcia Militar e o SAMU.<\/p>\n<p>Leia mais<\/p>\n<p><a href=\"https:\/\/redenoticiaz.com.br\/litoralsp\/2023\/04\/13\/prefeitura-de-bertioga-anuncia-atracoes-do-aniversario-da-cidade\">Prefeitura de Bertioga anuncia atra\u00e7\u00f5es do Anivers\u00e1rio da Cidade<\/a><\/p>\n","protected":false},"excerpt":{"rendered":"<p>Nesta quinta-feira (13), o dispositivo de seguran\u00e7a integrado ao toten de Bertioga, permitiu agilidade no atendimento de primeiros socorros de uma estudante da Escola Estadual William Aurelli que n\u00e3o se sentiu bem. Todas as escolas das redes municipal e estadual, bem como outros pontos estrat\u00e9gicos da cidade contam com monitoramento eletr\u00f4nico 24 horas atrav\u00e9s de &hellip;<\/p>\n","protected":false},"author":12,"featured_media":104173,"comment_status":"open","ping_status":"closed","sticky":false,"template":"","format":"standard","meta":{"footnotes":""},"categories":[1107],"tags":[1038,36309,3143,11384],"class_list":["post-104172","post","type-post","status-publish","format-standard","has-post-thumbnail","hentry","category-bertioga","tag-bertioga","tag-escola","tag-samu","tag-seguranca"],"yoast_head":"<!-- This site is optimized with the Yoast SEO plugin v27.5 - https:\/\/yoast.com\/product\/yoast-seo-wordpress\/ -->\n<title>Dispositivo de emerg\u00eancia de totens ser\u00e3o utilizados em Bertioga - Litoral SP<\/title>\n<meta name=\"description\" content=\"Nesta quinta-feira (13), o dispositivo de seguran\u00e7a integrado ao toten de Bertioga, permitiu agilidade no atendimento de primeiros socorros de uma estudante da Escola Estadual William Aurelli que n\u00e3o se sentiu bem.\u00a0\" \/>\n<meta name=\"robots\" content=\"index, follow, max-snippet:-1, max-image-preview:large, max-video-preview:-1\" \/>\n<link rel=\"canonical\" href=\"https:\/\/redenoticiaz.com.br\/litoralsp\/2023\/04\/16\/dispositivo-de-emergencia-de-totens-serao-utilizados-em-bertioga\" \/>\n<meta property=\"og:locale\" content=\"pt_BR\" \/>\n<meta property=\"og:type\" content=\"article\" \/>\n<meta property=\"og:title\" content=\"Dispositivo de emerg\u00eancia de totens ser\u00e3o utilizados em Bertioga - Litoral SP\" \/>\n<meta property=\"og:description\" content=\"Nesta quinta-feira (13), o dispositivo de seguran\u00e7a integrado ao toten de Bertioga, permitiu agilidade no atendimento de primeiros socorros de uma estudante da Escola Estadual William Aurelli que n\u00e3o se sentiu bem.\u00a0\" \/>\n<meta property=\"og:url\" content=\"https:\/\/redenoticiaz.com.br\/litoralsp\/2023\/04\/16\/dispositivo-de-emergencia-de-totens-serao-utilizados-em-bertioga\" \/>\n<meta property=\"og:site_name\" content=\"Litoral SP\" \/>\n<meta property=\"article:published_time\" content=\"2023-04-16T18:08:11+00:00\" \/>\n<meta property=\"og:image\" content=\"https:\/\/redenoticiaz.com.br\/litoralsp\/wp-content\/uploads\/sites\/3\/2023\/04\/DEN04269-2-scaled.jpg\" \/>\n\t<meta property=\"og:image:width\" content=\"1620\" \/>\n\t<meta property=\"og:image:height\" content=\"1080\" \/>\n\t<meta property=\"og:image:type\" content=\"image\/jpeg\" \/>\n<meta name=\"author\" content=\"Gustavo Silva\" \/>\n<meta name=\"twitter:card\" content=\"summary_large_image\" \/>\n<meta name=\"twitter:label1\" content=\"Escrito por\" \/>\n\t<meta name=\"twitter:data1\" content=\"Gustavo Silva\" \/>\n\t<meta name=\"twitter:label2\" content=\"Est. tempo de leitura\" \/>\n\t<meta name=\"twitter:data2\" content=\"1 minuto\" \/>\n<script type=\"application\/ld+json\" class=\"yoast-schema-graph\">{\"@context\":\"https:\\\/\\\/schema.org\",\"@graph\":[{\"@type\":\"Article\",\"@id\":\"https:\\\/\\\/redenoticiaz.com.br\\\/litoralsp\\\/2023\\\/04\\\/16\\\/dispositivo-de-emergencia-de-totens-serao-utilizados-em-bertioga#article\",\"isPartOf\":{\"@id\":\"https:\\\/\\\/redenoticiaz.com.br\\\/litoralsp\\\/2023\\\/04\\\/16\\\/dispositivo-de-emergencia-de-totens-serao-utilizados-em-bertioga\"},\"author\":{\"name\":\"Gustavo Silva\",\"@id\":\"https:\\\/\\\/redenoticiaz.com.br\\\/litoralsp\\\/#\\\/schema\\\/person\\\/16057b37a3c0ee6b096d7f887c566e2e\"},\"headline\":\"Dispositivo de emerg\u00eancia de totens ser\u00e3o utilizados em Bertioga\",\"datePublished\":\"2023-04-16T18:08:11+00:00\",\"mainEntityOfPage\":{\"@id\":\"https:\\\/\\\/redenoticiaz.com.br\\\/litoralsp\\\/2023\\\/04\\\/16\\\/dispositivo-de-emergencia-de-totens-serao-utilizados-em-bertioga\"},\"wordCount\":161,\"commentCount\":0,\"publisher\":{\"@id\":\"https:\\\/\\\/redenoticiaz.com.br\\\/litoralsp\\\/#organization\"},\"image\":{\"@id\":\"https:\\\/\\\/redenoticiaz.com.br\\\/litoralsp\\\/2023\\\/04\\\/16\\\/dispositivo-de-emergencia-de-totens-serao-utilizados-em-bertioga#primaryimage\"},\"thumbnailUrl\":\"https:\\\/\\\/redenoticiaz.com.br\\\/litoralsp\\\/wp-content\\\/uploads\\\/sites\\\/3\\\/2023\\\/04\\\/DEN04269-2-scaled.jpg\",\"keywords\":[\"BERTIOGA\",\"ESCOLA\",\"SAMU\",\"seguran\u00e7a\"],\"articleSection\":[\"Bertioga\"],\"inLanguage\":\"pt-BR\",\"potentialAction\":[{\"@type\":\"CommentAction\",\"name\":\"Comment\",\"target\":[\"https:\\\/\\\/redenoticiaz.com.br\\\/litoralsp\\\/2023\\\/04\\\/16\\\/dispositivo-de-emergencia-de-totens-serao-utilizados-em-bertioga#respond\"]}]},{\"@type\":\"WebPage\",\"@id\":\"https:\\\/\\\/redenoticiaz.com.br\\\/litoralsp\\\/2023\\\/04\\\/16\\\/dispositivo-de-emergencia-de-totens-serao-utilizados-em-bertioga\",\"url\":\"https:\\\/\\\/redenoticiaz.com.br\\\/litoralsp\\\/2023\\\/04\\\/16\\\/dispositivo-de-emergencia-de-totens-serao-utilizados-em-bertioga\",\"name\":\"Dispositivo de emerg\u00eancia de totens ser\u00e3o utilizados em Bertioga - Litoral SP\",\"isPartOf\":{\"@id\":\"https:\\\/\\\/redenoticiaz.com.br\\\/litoralsp\\\/#website\"},\"primaryImageOfPage\":{\"@id\":\"https:\\\/\\\/redenoticiaz.com.br\\\/litoralsp\\\/2023\\\/04\\\/16\\\/dispositivo-de-emergencia-de-totens-serao-utilizados-em-bertioga#primaryimage\"},\"image\":{\"@id\":\"https:\\\/\\\/redenoticiaz.com.br\\\/litoralsp\\\/2023\\\/04\\\/16\\\/dispositivo-de-emergencia-de-totens-serao-utilizados-em-bertioga#primaryimage\"},\"thumbnailUrl\":\"https:\\\/\\\/redenoticiaz.com.br\\\/litoralsp\\\/wp-content\\\/uploads\\\/sites\\\/3\\\/2023\\\/04\\\/DEN04269-2-scaled.jpg\",\"datePublished\":\"2023-04-16T18:08:11+00:00\",\"description\":\"Nesta quinta-feira (13), o dispositivo de seguran\u00e7a integrado ao toten de Bertioga, permitiu agilidade no atendimento de primeiros socorros de uma estudante da Escola Estadual William Aurelli que n\u00e3o se sentiu bem.\u00a0\",\"inLanguage\":\"pt-BR\",\"potentialAction\":[{\"@type\":\"ReadAction\",\"target\":[\"https:\\\/\\\/redenoticiaz.com.br\\\/litoralsp\\\/2023\\\/04\\\/16\\\/dispositivo-de-emergencia-de-totens-serao-utilizados-em-bertioga\"]}]},{\"@type\":\"ImageObject\",\"inLanguage\":\"pt-BR\",\"@id\":\"https:\\\/\\\/redenoticiaz.com.br\\\/litoralsp\\\/2023\\\/04\\\/16\\\/dispositivo-de-emergencia-de-totens-serao-utilizados-em-bertioga#primaryimage\",\"url\":\"https:\\\/\\\/redenoticiaz.com.br\\\/litoralsp\\\/wp-content\\\/uploads\\\/sites\\\/3\\\/2023\\\/04\\\/DEN04269-2-scaled.jpg\",\"contentUrl\":\"https:\\\/\\\/redenoticiaz.com.br\\\/litoralsp\\\/wp-content\\\/uploads\\\/sites\\\/3\\\/2023\\\/04\\\/DEN04269-2-scaled.jpg\",\"width\":1620,\"height\":1080,\"caption\":\"Dispositivo de emerg\u00eancia de totens ser\u00e3o utilizados em Bertioga\"},{\"@type\":\"WebSite\",\"@id\":\"https:\\\/\\\/redenoticiaz.com.br\\\/litoralsp\\\/#website\",\"url\":\"https:\\\/\\\/redenoticiaz.com.br\\\/litoralsp\\\/\",\"name\":\"Litoral SP\",\"description\":\"Rede NoticiaZ\",\"publisher\":{\"@id\":\"https:\\\/\\\/redenoticiaz.com.br\\\/litoralsp\\\/#organization\"},\"potentialAction\":[{\"@type\":\"SearchAction\",\"target\":{\"@type\":\"EntryPoint\",\"urlTemplate\":\"https:\\\/\\\/redenoticiaz.com.br\\\/litoralsp\\\/?s={search_term_string}\"},\"query-input\":{\"@type\":\"PropertyValueSpecification\",\"valueRequired\":true,\"valueName\":\"search_term_string\"}}],\"inLanguage\":\"pt-BR\"},{\"@type\":\"Organization\",\"@id\":\"https:\\\/\\\/redenoticiaz.com.br\\\/litoralsp\\\/#organization\",\"name\":\"Litoral SP\",\"url\":\"https:\\\/\\\/redenoticiaz.com.br\\\/litoralsp\\\/\",\"logo\":{\"@type\":\"ImageObject\",\"inLanguage\":\"pt-BR\",\"@id\":\"https:\\\/\\\/redenoticiaz.com.br\\\/litoralsp\\\/#\\\/schema\\\/logo\\\/image\\\/\",\"url\":\"https:\\\/\\\/redenoticiaz.com.br\\\/litoralsp\\\/wp-content\\\/uploads\\\/sites\\\/3\\\/2020\\\/11\\\/logo.jpg\",\"contentUrl\":\"https:\\\/\\\/redenoticiaz.com.br\\\/litoralsp\\\/wp-content\\\/uploads\\\/sites\\\/3\\\/2020\\\/11\\\/logo.jpg\",\"width\":400,\"height\":250,\"caption\":\"Litoral SP\"},\"image\":{\"@id\":\"https:\\\/\\\/redenoticiaz.com.br\\\/litoralsp\\\/#\\\/schema\\\/logo\\\/image\\\/\"}},{\"@type\":\"Person\",\"@id\":\"https:\\\/\\\/redenoticiaz.com.br\\\/litoralsp\\\/#\\\/schema\\\/person\\\/16057b37a3c0ee6b096d7f887c566e2e\",\"name\":\"Gustavo Silva\",\"image\":{\"@type\":\"ImageObject\",\"inLanguage\":\"pt-BR\",\"@id\":\"https:\\\/\\\/secure.gravatar.com\\\/avatar\\\/3ee4e82f93b26de0a7cf4ea5eb7893da637ed6bb0c9170c58065944c56e28a33?s=96&d=mm&r=g\",\"url\":\"https:\\\/\\\/secure.gravatar.com\\\/avatar\\\/3ee4e82f93b26de0a7cf4ea5eb7893da637ed6bb0c9170c58065944c56e28a33?s=96&d=mm&r=g\",\"contentUrl\":\"https:\\\/\\\/secure.gravatar.com\\\/avatar\\\/3ee4e82f93b26de0a7cf4ea5eb7893da637ed6bb0c9170c58065944c56e28a33?s=96&d=mm&r=g\",\"caption\":\"Gustavo Silva\"},\"url\":\"https:\\\/\\\/redenoticiaz.com.br\\\/litoralsp\\\/author\\\/gustavosilva\"}]}<\/script>\n<!-- \/ Yoast SEO plugin. -->","yoast_head_json":{"title":"Dispositivo de emerg\u00eancia de totens ser\u00e3o utilizados em Bertioga - Litoral SP","description":"Nesta quinta-feira (13), o dispositivo de seguran\u00e7a integrado ao toten de Bertioga, permitiu agilidade no atendimento de primeiros socorros de uma estudante da Escola Estadual William Aurelli que n\u00e3o se sentiu bem.\u00a0","robots":{"index":"index","follow":"follow","max-snippet":"max-snippet:-1","max-image-preview":"max-image-preview:large","max-video-preview":"max-video-preview:-1"},"canonical":"https:\/\/redenoticiaz.com.br\/litoralsp\/2023\/04\/16\/dispositivo-de-emergencia-de-totens-serao-utilizados-em-bertioga","og_locale":"pt_BR","og_type":"article","og_title":"Dispositivo de emerg\u00eancia de totens ser\u00e3o utilizados em Bertioga - Litoral SP","og_description":"Nesta quinta-feira (13), o dispositivo de seguran\u00e7a integrado ao toten de Bertioga, permitiu agilidade no atendimento de primeiros socorros de uma estudante da Escola Estadual William Aurelli que n\u00e3o se sentiu bem.\u00a0","og_url":"https:\/\/redenoticiaz.com.br\/litoralsp\/2023\/04\/16\/dispositivo-de-emergencia-de-totens-serao-utilizados-em-bertioga","og_site_name":"Litoral SP","article_published_time":"2023-04-16T18:08:11+00:00","og_image":[{"width":1620,"height":1080,"url":"https:\/\/redenoticiaz.com.br\/litoralsp\/wp-content\/uploads\/sites\/3\/2023\/04\/DEN04269-2-scaled.jpg","type":"image\/jpeg"}],"author":"Gustavo Silva","twitter_card":"summary_large_image","twitter_misc":{"Escrito por":"Gustavo Silva","Est. tempo de leitura":"1 minuto"},"schema":{"@context":"https:\/\/schema.org","@graph":[{"@type":"Article","@id":"https:\/\/redenoticiaz.com.br\/litoralsp\/2023\/04\/16\/dispositivo-de-emergencia-de-totens-serao-utilizados-em-bertioga#article","isPartOf":{"@id":"https:\/\/redenoticiaz.com.br\/litoralsp\/2023\/04\/16\/dispositivo-de-emergencia-de-totens-serao-utilizados-em-bertioga"},"author":{"name":"Gustavo Silva","@id":"https:\/\/redenoticiaz.com.br\/litoralsp\/#\/schema\/person\/16057b37a3c0ee6b096d7f887c566e2e"},"headline":"Dispositivo de emerg\u00eancia de totens ser\u00e3o utilizados em Bertioga","datePublished":"2023-04-16T18:08:11+00:00","mainEntityOfPage":{"@id":"https:\/\/redenoticiaz.com.br\/litoralsp\/2023\/04\/16\/dispositivo-de-emergencia-de-totens-serao-utilizados-em-bertioga"},"wordCount":161,"commentCount":0,"publisher":{"@id":"https:\/\/redenoticiaz.com.br\/litoralsp\/#organization"},"image":{"@id":"https:\/\/redenoticiaz.com.br\/litoralsp\/2023\/04\/16\/dispositivo-de-emergencia-de-totens-serao-utilizados-em-bertioga#primaryimage"},"thumbnailUrl":"https:\/\/redenoticiaz.com.br\/litoralsp\/wp-content\/uploads\/sites\/3\/2023\/04\/DEN04269-2-scaled.jpg","keywords":["BERTIOGA","ESCOLA","SAMU","seguran\u00e7a"],"articleSection":["Bertioga"],"inLanguage":"pt-BR","potentialAction":[{"@type":"CommentAction","name":"Comment","target":["https:\/\/redenoticiaz.com.br\/litoralsp\/2023\/04\/16\/dispositivo-de-emergencia-de-totens-serao-utilizados-em-bertioga#respond"]}]},{"@type":"WebPage","@id":"https:\/\/redenoticiaz.com.br\/litoralsp\/2023\/04\/16\/dispositivo-de-emergencia-de-totens-serao-utilizados-em-bertioga","url":"https:\/\/redenoticiaz.com.br\/litoralsp\/2023\/04\/16\/dispositivo-de-emergencia-de-totens-serao-utilizados-em-bertioga","name":"Dispositivo de emerg\u00eancia de totens ser\u00e3o utilizados em Bertioga - Litoral SP","isPartOf":{"@id":"https:\/\/redenoticiaz.com.br\/litoralsp\/#website"},"primaryImageOfPage":{"@id":"https:\/\/redenoticiaz.com.br\/litoralsp\/2023\/04\/16\/dispositivo-de-emergencia-de-totens-serao-utilizados-em-bertioga#primaryimage"},"image":{"@id":"https:\/\/redenoticiaz.com.br\/litoralsp\/2023\/04\/16\/dispositivo-de-emergencia-de-totens-serao-utilizados-em-bertioga#primaryimage"},"thumbnailUrl":"https:\/\/redenoticiaz.com.br\/litoralsp\/wp-content\/uploads\/sites\/3\/2023\/04\/DEN04269-2-scaled.jpg","datePublished":"2023-04-16T18:08:11+00:00","description":"Nesta quinta-feira (13), o dispositivo de seguran\u00e7a integrado ao toten de Bertioga, permitiu agilidade no atendimento de primeiros socorros de uma estudante da Escola Estadual William Aurelli que n\u00e3o se sentiu bem.\u00a0","inLanguage":"pt-BR","potentialAction":[{"@type":"ReadAction","target":["https:\/\/redenoticiaz.com.br\/litoralsp\/2023\/04\/16\/dispositivo-de-emergencia-de-totens-serao-utilizados-em-bertioga"]}]},{"@type":"ImageObject","inLanguage":"pt-BR","@id":"https:\/\/redenoticiaz.com.br\/litoralsp\/2023\/04\/16\/dispositivo-de-emergencia-de-totens-serao-utilizados-em-bertioga#primaryimage","url":"https:\/\/redenoticiaz.com.br\/litoralsp\/wp-content\/uploads\/sites\/3\/2023\/04\/DEN04269-2-scaled.jpg","contentUrl":"https:\/\/redenoticiaz.com.br\/litoralsp\/wp-content\/uploads\/sites\/3\/2023\/04\/DEN04269-2-scaled.jpg","width":1620,"height":1080,"caption":"Dispositivo de emerg\u00eancia de totens ser\u00e3o utilizados em Bertioga"},{"@type":"WebSite","@id":"https:\/\/redenoticiaz.com.br\/litoralsp\/#website","url":"https:\/\/redenoticiaz.com.br\/litoralsp\/","name":"Litoral SP","description":"Rede NoticiaZ","publisher":{"@id":"https:\/\/redenoticiaz.com.br\/litoralsp\/#organization"},"potentialAction":[{"@type":"SearchAction","target":{"@type":"EntryPoint","urlTemplate":"https:\/\/redenoticiaz.com.br\/litoralsp\/?s={search_term_string}"},"query-input":{"@type":"PropertyValueSpecification","valueRequired":true,"valueName":"search_term_string"}}],"inLanguage":"pt-BR"},{"@type":"Organization","@id":"https:\/\/redenoticiaz.com.br\/litoralsp\/#organization","name":"Litoral SP","url":"https:\/\/redenoticiaz.com.br\/litoralsp\/","logo":{"@type":"ImageObject","inLanguage":"pt-BR","@id":"https:\/\/redenoticiaz.com.br\/litoralsp\/#\/schema\/logo\/image\/","url":"https:\/\/redenoticiaz.com.br\/litoralsp\/wp-content\/uploads\/sites\/3\/2020\/11\/logo.jpg","contentUrl":"https:\/\/redenoticiaz.com.br\/litoralsp\/wp-content\/uploads\/sites\/3\/2020\/11\/logo.jpg","width":400,"height":250,"caption":"Litoral SP"},"image":{"@id":"https:\/\/redenoticiaz.com.br\/litoralsp\/#\/schema\/logo\/image\/"}},{"@type":"Person","@id":"https:\/\/redenoticiaz.com.br\/litoralsp\/#\/schema\/person\/16057b37a3c0ee6b096d7f887c566e2e","name":"Gustavo Silva","image":{"@type":"ImageObject","inLanguage":"pt-BR","@id":"https:\/\/secure.gravatar.com\/avatar\/3ee4e82f93b26de0a7cf4ea5eb7893da637ed6bb0c9170c58065944c56e28a33?s=96&d=mm&r=g","url":"https:\/\/secure.gravatar.com\/avatar\/3ee4e82f93b26de0a7cf4ea5eb7893da637ed6bb0c9170c58065944c56e28a33?s=96&d=mm&r=g","contentUrl":"https:\/\/secure.gravatar.com\/avatar\/3ee4e82f93b26de0a7cf4ea5eb7893da637ed6bb0c9170c58065944c56e28a33?s=96&d=mm&r=g","caption":"Gustavo Silva"},"url":"https:\/\/redenoticiaz.com.br\/litoralsp\/author\/gustavosilva"}]}},"_links":{"self":[{"href":"https:\/\/redenoticiaz.com.br\/litoralsp\/wp-json\/wp\/v2\/posts\/104172","targetHints":{"allow":["GET"]}}],"collection":[{"href":"https:\/\/redenoticiaz.com.br\/litoralsp\/wp-json\/wp\/v2\/posts"}],"about":[{"href":"https:\/\/redenoticiaz.com.br\/litoralsp\/wp-json\/wp\/v2\/types\/post"}],"author":[{"embeddable":true,"href":"https:\/\/redenoticiaz.com.br\/litoralsp\/wp-json\/wp\/v2\/users\/12"}],"replies":[{"embeddable":true,"href":"https:\/\/redenoticiaz.com.br\/litoralsp\/wp-json\/wp\/v2\/comments?post=104172"}],"version-history":[{"count":1,"href":"https:\/\/redenoticiaz.com.br\/litoralsp\/wp-json\/wp\/v2\/posts\/104172\/revisions"}],"predecessor-version":[{"id":104174,"href":"https:\/\/redenoticiaz.com.br\/litoralsp\/wp-json\/wp\/v2\/posts\/104172\/revisions\/104174"}],"wp:featuredmedia":[{"embeddable":true,"href":"https:\/\/redenoticiaz.com.br\/litoralsp\/wp-json\/wp\/v2\/media\/104173"}],"wp:attachment":[{"href":"https:\/\/redenoticiaz.com.br\/litoralsp\/wp-json\/wp\/v2\/media?parent=104172"}],"wp:term":[{"taxonomy":"category","embeddable":true,"href":"https:\/\/redenoticiaz.com.br\/litoralsp\/wp-json\/wp\/v2\/categories?post=104172"},{"taxonomy":"post_tag","embeddable":true,"href":"https:\/\/redenoticiaz.com.br\/litoralsp\/wp-json\/wp\/v2\/tags?post=104172"}],"curies":[{"name":"wp","href":"https:\/\/api.w.org\/{rel}","templated":true}]}}