{"id":104285,"date":"2023-04-18T15:38:27","date_gmt":"2023-04-18T18:38:27","guid":{"rendered":"https:\/\/redenoticiaz.com.br\/litoralsp\/?p=104285"},"modified":"2023-04-18T15:55:04","modified_gmt":"2023-04-18T18:55:04","slug":"roubos-a-farmacias-de-santos-e-esclarecido-pela-policia","status":"publish","type":"post","link":"https:\/\/redenoticiaz.com.br\/litoralsp\/2023\/04\/18\/roubos-a-farmacias-de-santos-e-esclarecido-pela-policia","title":{"rendered":"Roubos a farm\u00e1cias de Santos \u00e9 esclarecido pela Pol\u00edcia"},"content":{"rendered":"<p>Diversos roubos a farm\u00e1cias de Santos foram esclarecido por Policiais Civis do 7.a Distrito da cidade nesta ter\u00e7a-feira (18).<\/p>\n<p>De acordo com as informa\u00e7\u00f5es, a pris\u00e3o do homem de 27 anos aconteceu ap\u00f3s ele ser reconhecido por seis v\u00edtimas.<\/p>\n<p>Ainda de acordo com as informa\u00e7\u00f5es, o homem tinha sido preso no \u00faltimo dia 7 de mar\u00e7o, por portar um simulacro de arma de fogo e dinheiro ap\u00f3s roubar uma farm\u00e1cia no Boqueir\u00e3o.<\/p>\n<p>Sendo assim, os investigadores foram notificados de sua pris\u00e3o e iniciaram investiga\u00e7\u00e3o sobre outros roubos a farm\u00e1cias, executados da mesma maneira.<\/p>\n<p>Na posse do material probat\u00f3rio, os policiais civis comunicaram \u00e0s v\u00edtimas, sendo que seis delas reconheceram o suspeito como autor dos crimes patrimoniais pret\u00e9ritos.<\/p>\n<p>O Delegado de Pol\u00edcia respons\u00e1vel representou pela decreta\u00e7\u00e3o da pris\u00e3o preventiva em desfavor do suspeito.<\/p>\n<p>Leia\u00a0 mais<\/p>\n<p><a href=\"https:\/\/redenoticiaz.com.br\/litoralsp\/2023\/04\/17\/temporada-de-cruzeiros-no-porto-de-santos-rende-r-400-milhoes-na-economia\">Avenida de Santos ser\u00e1 alargada<\/a><\/p>\n","protected":false},"excerpt":{"rendered":"<p>Diversos roubos a farm\u00e1cias de Santos foram esclarecido por Policiais Civis do 7.a Distrito da cidade nesta ter\u00e7a-feira (18). De acordo com as informa\u00e7\u00f5es, a pris\u00e3o do homem de 27 anos aconteceu ap\u00f3s ele ser reconhecido por seis v\u00edtimas. Ainda de acordo com as informa\u00e7\u00f5es, o homem tinha sido preso no \u00faltimo dia 7 de &hellip;<\/p>\n","protected":false},"author":12,"featured_media":102138,"comment_status":"open","ping_status":"closed","sticky":false,"template":"","format":"standard","meta":{"footnotes":""},"categories":[180],"tags":[58463,21267,23143,986],"class_list":["post-104285","post","type-post","status-publish","format-standard","has-post-thumbnail","hentry","category-santos","tag-delegacia-de-policia","tag-farmacia","tag-policia-2","tag-santos"],"yoast_head":"<!-- This site is optimized with the Yoast SEO plugin v27.4 - https:\/\/yoast.com\/product\/yoast-seo-wordpress\/ -->\n<title>Roubos a farm\u00e1cias de Santos \u00e9 esclarecido pela Pol\u00edcia - Litoral SP<\/title>\n<meta name=\"description\" content=\"Diversos roubos a farm\u00e1cias de Santos foram esclarecido por Policiais Civis do 7.a Distrito da cidade nesta ter\u00e7a-feira (18).\" \/>\n<meta name=\"robots\" content=\"index, follow, max-snippet:-1, max-image-preview:large, max-video-preview:-1\" \/>\n<link rel=\"canonical\" href=\"https:\/\/redenoticiaz.com.br\/litoralsp\/2023\/04\/18\/roubos-a-farmacias-de-santos-e-esclarecido-pela-policia\" \/>\n<meta property=\"og:locale\" content=\"pt_BR\" \/>\n<meta property=\"og:type\" content=\"article\" \/>\n<meta property=\"og:title\" content=\"Roubos a farm\u00e1cias de Santos \u00e9 esclarecido pela Pol\u00edcia - Litoral SP\" \/>\n<meta property=\"og:description\" content=\"Diversos roubos a farm\u00e1cias de Santos foram esclarecido por Policiais Civis do 7.a Distrito da cidade nesta ter\u00e7a-feira (18).\" \/>\n<meta property=\"og:url\" content=\"https:\/\/redenoticiaz.com.br\/litoralsp\/2023\/04\/18\/roubos-a-farmacias-de-santos-e-esclarecido-pela-policia\" \/>\n<meta property=\"og:site_name\" content=\"Litoral SP\" \/>\n<meta property=\"article:published_time\" content=\"2023-04-18T18:38:27+00:00\" \/>\n<meta property=\"article:modified_time\" content=\"2023-04-18T18:55:04+00:00\" \/>\n<meta property=\"og:image\" content=\"https:\/\/redenoticiaz.com.br\/litoralsp\/wp-content\/uploads\/sites\/3\/2023\/03\/isabela_carrari_2603.jpg\" \/>\n\t<meta property=\"og:image:width\" content=\"1680\" \/>\n\t<meta property=\"og:image:height\" content=\"1120\" \/>\n\t<meta property=\"og:image:type\" content=\"image\/jpeg\" \/>\n<meta name=\"author\" content=\"Gustavo Silva\" \/>\n<meta name=\"twitter:card\" content=\"summary_large_image\" \/>\n<meta name=\"twitter:label1\" content=\"Escrito por\" \/>\n\t<meta name=\"twitter:data1\" content=\"Gustavo Silva\" \/>\n\t<meta name=\"twitter:label2\" content=\"Est. tempo de leitura\" \/>\n\t<meta name=\"twitter:data2\" content=\"1 minuto\" \/>\n<script type=\"application\/ld+json\" class=\"yoast-schema-graph\">{\"@context\":\"https:\\\/\\\/schema.org\",\"@graph\":[{\"@type\":\"Article\",\"@id\":\"https:\\\/\\\/redenoticiaz.com.br\\\/litoralsp\\\/2023\\\/04\\\/18\\\/roubos-a-farmacias-de-santos-e-esclarecido-pela-policia#article\",\"isPartOf\":{\"@id\":\"https:\\\/\\\/redenoticiaz.com.br\\\/litoralsp\\\/2023\\\/04\\\/18\\\/roubos-a-farmacias-de-santos-e-esclarecido-pela-policia\"},\"author\":{\"name\":\"Gustavo Silva\",\"@id\":\"https:\\\/\\\/redenoticiaz.com.br\\\/litoralsp\\\/#\\\/schema\\\/person\\\/16057b37a3c0ee6b096d7f887c566e2e\"},\"headline\":\"Roubos a farm\u00e1cias de Santos \u00e9 esclarecido pela Pol\u00edcia\",\"datePublished\":\"2023-04-18T18:38:27+00:00\",\"dateModified\":\"2023-04-18T18:55:04+00:00\",\"mainEntityOfPage\":{\"@id\":\"https:\\\/\\\/redenoticiaz.com.br\\\/litoralsp\\\/2023\\\/04\\\/18\\\/roubos-a-farmacias-de-santos-e-esclarecido-pela-policia\"},\"wordCount\":167,\"commentCount\":0,\"publisher\":{\"@id\":\"https:\\\/\\\/redenoticiaz.com.br\\\/litoralsp\\\/#organization\"},\"image\":{\"@id\":\"https:\\\/\\\/redenoticiaz.com.br\\\/litoralsp\\\/2023\\\/04\\\/18\\\/roubos-a-farmacias-de-santos-e-esclarecido-pela-policia#primaryimage\"},\"thumbnailUrl\":\"https:\\\/\\\/redenoticiaz.com.br\\\/litoralsp\\\/wp-content\\\/uploads\\\/sites\\\/3\\\/2023\\\/03\\\/isabela_carrari_2603.jpg\",\"keywords\":[\"Delegacia de Pol\u00edcia\",\"farm\u00e1cia\",\"POL\u00cdCIA\",\"Santos\"],\"articleSection\":[\"Santos\"],\"inLanguage\":\"pt-BR\",\"potentialAction\":[{\"@type\":\"CommentAction\",\"name\":\"Comment\",\"target\":[\"https:\\\/\\\/redenoticiaz.com.br\\\/litoralsp\\\/2023\\\/04\\\/18\\\/roubos-a-farmacias-de-santos-e-esclarecido-pela-policia#respond\"]}]},{\"@type\":\"WebPage\",\"@id\":\"https:\\\/\\\/redenoticiaz.com.br\\\/litoralsp\\\/2023\\\/04\\\/18\\\/roubos-a-farmacias-de-santos-e-esclarecido-pela-policia\",\"url\":\"https:\\\/\\\/redenoticiaz.com.br\\\/litoralsp\\\/2023\\\/04\\\/18\\\/roubos-a-farmacias-de-santos-e-esclarecido-pela-policia\",\"name\":\"Roubos a farm\u00e1cias de Santos \u00e9 esclarecido pela Pol\u00edcia - Litoral SP\",\"isPartOf\":{\"@id\":\"https:\\\/\\\/redenoticiaz.com.br\\\/litoralsp\\\/#website\"},\"primaryImageOfPage\":{\"@id\":\"https:\\\/\\\/redenoticiaz.com.br\\\/litoralsp\\\/2023\\\/04\\\/18\\\/roubos-a-farmacias-de-santos-e-esclarecido-pela-policia#primaryimage\"},\"image\":{\"@id\":\"https:\\\/\\\/redenoticiaz.com.br\\\/litoralsp\\\/2023\\\/04\\\/18\\\/roubos-a-farmacias-de-santos-e-esclarecido-pela-policia#primaryimage\"},\"thumbnailUrl\":\"https:\\\/\\\/redenoticiaz.com.br\\\/litoralsp\\\/wp-content\\\/uploads\\\/sites\\\/3\\\/2023\\\/03\\\/isabela_carrari_2603.jpg\",\"datePublished\":\"2023-04-18T18:38:27+00:00\",\"dateModified\":\"2023-04-18T18:55:04+00:00\",\"description\":\"Diversos roubos a farm\u00e1cias de Santos foram esclarecido por Policiais Civis do 7.a Distrito da cidade nesta ter\u00e7a-feira (18).\",\"inLanguage\":\"pt-BR\",\"potentialAction\":[{\"@type\":\"ReadAction\",\"target\":[\"https:\\\/\\\/redenoticiaz.com.br\\\/litoralsp\\\/2023\\\/04\\\/18\\\/roubos-a-farmacias-de-santos-e-esclarecido-pela-policia\"]}]},{\"@type\":\"ImageObject\",\"inLanguage\":\"pt-BR\",\"@id\":\"https:\\\/\\\/redenoticiaz.com.br\\\/litoralsp\\\/2023\\\/04\\\/18\\\/roubos-a-farmacias-de-santos-e-esclarecido-pela-policia#primaryimage\",\"url\":\"https:\\\/\\\/redenoticiaz.com.br\\\/litoralsp\\\/wp-content\\\/uploads\\\/sites\\\/3\\\/2023\\\/03\\\/isabela_carrari_2603.jpg\",\"contentUrl\":\"https:\\\/\\\/redenoticiaz.com.br\\\/litoralsp\\\/wp-content\\\/uploads\\\/sites\\\/3\\\/2023\\\/03\\\/isabela_carrari_2603.jpg\",\"width\":1680,\"height\":1120,\"caption\":\"Pol\u00edcia realiza opera\u00e7\u00e3o contra crimes de viol\u00eancia dom\u00e9stica em Santos\"},{\"@type\":\"WebSite\",\"@id\":\"https:\\\/\\\/redenoticiaz.com.br\\\/litoralsp\\\/#website\",\"url\":\"https:\\\/\\\/redenoticiaz.com.br\\\/litoralsp\\\/\",\"name\":\"Litoral SP\",\"description\":\"Rede NoticiaZ\",\"publisher\":{\"@id\":\"https:\\\/\\\/redenoticiaz.com.br\\\/litoralsp\\\/#organization\"},\"potentialAction\":[{\"@type\":\"SearchAction\",\"target\":{\"@type\":\"EntryPoint\",\"urlTemplate\":\"https:\\\/\\\/redenoticiaz.com.br\\\/litoralsp\\\/?s={search_term_string}\"},\"query-input\":{\"@type\":\"PropertyValueSpecification\",\"valueRequired\":true,\"valueName\":\"search_term_string\"}}],\"inLanguage\":\"pt-BR\"},{\"@type\":\"Organization\",\"@id\":\"https:\\\/\\\/redenoticiaz.com.br\\\/litoralsp\\\/#organization\",\"name\":\"Litoral SP\",\"url\":\"https:\\\/\\\/redenoticiaz.com.br\\\/litoralsp\\\/\",\"logo\":{\"@type\":\"ImageObject\",\"inLanguage\":\"pt-BR\",\"@id\":\"https:\\\/\\\/redenoticiaz.com.br\\\/litoralsp\\\/#\\\/schema\\\/logo\\\/image\\\/\",\"url\":\"https:\\\/\\\/redenoticiaz.com.br\\\/litoralsp\\\/wp-content\\\/uploads\\\/sites\\\/3\\\/2020\\\/11\\\/logo.jpg\",\"contentUrl\":\"https:\\\/\\\/redenoticiaz.com.br\\\/litoralsp\\\/wp-content\\\/uploads\\\/sites\\\/3\\\/2020\\\/11\\\/logo.jpg\",\"width\":400,\"height\":250,\"caption\":\"Litoral SP\"},\"image\":{\"@id\":\"https:\\\/\\\/redenoticiaz.com.br\\\/litoralsp\\\/#\\\/schema\\\/logo\\\/image\\\/\"}},{\"@type\":\"Person\",\"@id\":\"https:\\\/\\\/redenoticiaz.com.br\\\/litoralsp\\\/#\\\/schema\\\/person\\\/16057b37a3c0ee6b096d7f887c566e2e\",\"name\":\"Gustavo Silva\",\"image\":{\"@type\":\"ImageObject\",\"inLanguage\":\"pt-BR\",\"@id\":\"https:\\\/\\\/secure.gravatar.com\\\/avatar\\\/3ee4e82f93b26de0a7cf4ea5eb7893da637ed6bb0c9170c58065944c56e28a33?s=96&d=mm&r=g\",\"url\":\"https:\\\/\\\/secure.gravatar.com\\\/avatar\\\/3ee4e82f93b26de0a7cf4ea5eb7893da637ed6bb0c9170c58065944c56e28a33?s=96&d=mm&r=g\",\"contentUrl\":\"https:\\\/\\\/secure.gravatar.com\\\/avatar\\\/3ee4e82f93b26de0a7cf4ea5eb7893da637ed6bb0c9170c58065944c56e28a33?s=96&d=mm&r=g\",\"caption\":\"Gustavo Silva\"},\"url\":\"https:\\\/\\\/redenoticiaz.com.br\\\/litoralsp\\\/author\\\/gustavosilva\"}]}<\/script>\n<!-- \/ Yoast SEO plugin. -->","yoast_head_json":{"title":"Roubos a farm\u00e1cias de Santos \u00e9 esclarecido pela Pol\u00edcia - Litoral SP","description":"Diversos roubos a farm\u00e1cias de Santos foram esclarecido por Policiais Civis do 7.a Distrito da cidade nesta ter\u00e7a-feira (18).","robots":{"index":"index","follow":"follow","max-snippet":"max-snippet:-1","max-image-preview":"max-image-preview:large","max-video-preview":"max-video-preview:-1"},"canonical":"https:\/\/redenoticiaz.com.br\/litoralsp\/2023\/04\/18\/roubos-a-farmacias-de-santos-e-esclarecido-pela-policia","og_locale":"pt_BR","og_type":"article","og_title":"Roubos a farm\u00e1cias de Santos \u00e9 esclarecido pela Pol\u00edcia - Litoral SP","og_description":"Diversos roubos a farm\u00e1cias de Santos foram esclarecido por Policiais Civis do 7.a Distrito da cidade nesta ter\u00e7a-feira (18).","og_url":"https:\/\/redenoticiaz.com.br\/litoralsp\/2023\/04\/18\/roubos-a-farmacias-de-santos-e-esclarecido-pela-policia","og_site_name":"Litoral SP","article_published_time":"2023-04-18T18:38:27+00:00","article_modified_time":"2023-04-18T18:55:04+00:00","og_image":[{"width":1680,"height":1120,"url":"https:\/\/redenoticiaz.com.br\/litoralsp\/wp-content\/uploads\/sites\/3\/2023\/03\/isabela_carrari_2603.jpg","type":"image\/jpeg"}],"author":"Gustavo Silva","twitter_card":"summary_large_image","twitter_misc":{"Escrito por":"Gustavo Silva","Est. tempo de leitura":"1 minuto"},"schema":{"@context":"https:\/\/schema.org","@graph":[{"@type":"Article","@id":"https:\/\/redenoticiaz.com.br\/litoralsp\/2023\/04\/18\/roubos-a-farmacias-de-santos-e-esclarecido-pela-policia#article","isPartOf":{"@id":"https:\/\/redenoticiaz.com.br\/litoralsp\/2023\/04\/18\/roubos-a-farmacias-de-santos-e-esclarecido-pela-policia"},"author":{"name":"Gustavo Silva","@id":"https:\/\/redenoticiaz.com.br\/litoralsp\/#\/schema\/person\/16057b37a3c0ee6b096d7f887c566e2e"},"headline":"Roubos a farm\u00e1cias de Santos \u00e9 esclarecido pela Pol\u00edcia","datePublished":"2023-04-18T18:38:27+00:00","dateModified":"2023-04-18T18:55:04+00:00","mainEntityOfPage":{"@id":"https:\/\/redenoticiaz.com.br\/litoralsp\/2023\/04\/18\/roubos-a-farmacias-de-santos-e-esclarecido-pela-policia"},"wordCount":167,"commentCount":0,"publisher":{"@id":"https:\/\/redenoticiaz.com.br\/litoralsp\/#organization"},"image":{"@id":"https:\/\/redenoticiaz.com.br\/litoralsp\/2023\/04\/18\/roubos-a-farmacias-de-santos-e-esclarecido-pela-policia#primaryimage"},"thumbnailUrl":"https:\/\/redenoticiaz.com.br\/litoralsp\/wp-content\/uploads\/sites\/3\/2023\/03\/isabela_carrari_2603.jpg","keywords":["Delegacia de Pol\u00edcia","farm\u00e1cia","POL\u00cdCIA","Santos"],"articleSection":["Santos"],"inLanguage":"pt-BR","potentialAction":[{"@type":"CommentAction","name":"Comment","target":["https:\/\/redenoticiaz.com.br\/litoralsp\/2023\/04\/18\/roubos-a-farmacias-de-santos-e-esclarecido-pela-policia#respond"]}]},{"@type":"WebPage","@id":"https:\/\/redenoticiaz.com.br\/litoralsp\/2023\/04\/18\/roubos-a-farmacias-de-santos-e-esclarecido-pela-policia","url":"https:\/\/redenoticiaz.com.br\/litoralsp\/2023\/04\/18\/roubos-a-farmacias-de-santos-e-esclarecido-pela-policia","name":"Roubos a farm\u00e1cias de Santos \u00e9 esclarecido pela Pol\u00edcia - Litoral SP","isPartOf":{"@id":"https:\/\/redenoticiaz.com.br\/litoralsp\/#website"},"primaryImageOfPage":{"@id":"https:\/\/redenoticiaz.com.br\/litoralsp\/2023\/04\/18\/roubos-a-farmacias-de-santos-e-esclarecido-pela-policia#primaryimage"},"image":{"@id":"https:\/\/redenoticiaz.com.br\/litoralsp\/2023\/04\/18\/roubos-a-farmacias-de-santos-e-esclarecido-pela-policia#primaryimage"},"thumbnailUrl":"https:\/\/redenoticiaz.com.br\/litoralsp\/wp-content\/uploads\/sites\/3\/2023\/03\/isabela_carrari_2603.jpg","datePublished":"2023-04-18T18:38:27+00:00","dateModified":"2023-04-18T18:55:04+00:00","description":"Diversos roubos a farm\u00e1cias de Santos foram esclarecido por Policiais Civis do 7.a Distrito da cidade nesta ter\u00e7a-feira (18).","inLanguage":"pt-BR","potentialAction":[{"@type":"ReadAction","target":["https:\/\/redenoticiaz.com.br\/litoralsp\/2023\/04\/18\/roubos-a-farmacias-de-santos-e-esclarecido-pela-policia"]}]},{"@type":"ImageObject","inLanguage":"pt-BR","@id":"https:\/\/redenoticiaz.com.br\/litoralsp\/2023\/04\/18\/roubos-a-farmacias-de-santos-e-esclarecido-pela-policia#primaryimage","url":"https:\/\/redenoticiaz.com.br\/litoralsp\/wp-content\/uploads\/sites\/3\/2023\/03\/isabela_carrari_2603.jpg","contentUrl":"https:\/\/redenoticiaz.com.br\/litoralsp\/wp-content\/uploads\/sites\/3\/2023\/03\/isabela_carrari_2603.jpg","width":1680,"height":1120,"caption":"Pol\u00edcia realiza opera\u00e7\u00e3o contra crimes de viol\u00eancia dom\u00e9stica em Santos"},{"@type":"WebSite","@id":"https:\/\/redenoticiaz.com.br\/litoralsp\/#website","url":"https:\/\/redenoticiaz.com.br\/litoralsp\/","name":"Litoral SP","description":"Rede NoticiaZ","publisher":{"@id":"https:\/\/redenoticiaz.com.br\/litoralsp\/#organization"},"potentialAction":[{"@type":"SearchAction","target":{"@type":"EntryPoint","urlTemplate":"https:\/\/redenoticiaz.com.br\/litoralsp\/?s={search_term_string}"},"query-input":{"@type":"PropertyValueSpecification","valueRequired":true,"valueName":"search_term_string"}}],"inLanguage":"pt-BR"},{"@type":"Organization","@id":"https:\/\/redenoticiaz.com.br\/litoralsp\/#organization","name":"Litoral SP","url":"https:\/\/redenoticiaz.com.br\/litoralsp\/","logo":{"@type":"ImageObject","inLanguage":"pt-BR","@id":"https:\/\/redenoticiaz.com.br\/litoralsp\/#\/schema\/logo\/image\/","url":"https:\/\/redenoticiaz.com.br\/litoralsp\/wp-content\/uploads\/sites\/3\/2020\/11\/logo.jpg","contentUrl":"https:\/\/redenoticiaz.com.br\/litoralsp\/wp-content\/uploads\/sites\/3\/2020\/11\/logo.jpg","width":400,"height":250,"caption":"Litoral SP"},"image":{"@id":"https:\/\/redenoticiaz.com.br\/litoralsp\/#\/schema\/logo\/image\/"}},{"@type":"Person","@id":"https:\/\/redenoticiaz.com.br\/litoralsp\/#\/schema\/person\/16057b37a3c0ee6b096d7f887c566e2e","name":"Gustavo Silva","image":{"@type":"ImageObject","inLanguage":"pt-BR","@id":"https:\/\/secure.gravatar.com\/avatar\/3ee4e82f93b26de0a7cf4ea5eb7893da637ed6bb0c9170c58065944c56e28a33?s=96&d=mm&r=g","url":"https:\/\/secure.gravatar.com\/avatar\/3ee4e82f93b26de0a7cf4ea5eb7893da637ed6bb0c9170c58065944c56e28a33?s=96&d=mm&r=g","contentUrl":"https:\/\/secure.gravatar.com\/avatar\/3ee4e82f93b26de0a7cf4ea5eb7893da637ed6bb0c9170c58065944c56e28a33?s=96&d=mm&r=g","caption":"Gustavo Silva"},"url":"https:\/\/redenoticiaz.com.br\/litoralsp\/author\/gustavosilva"}]}},"_links":{"self":[{"href":"https:\/\/redenoticiaz.com.br\/litoralsp\/wp-json\/wp\/v2\/posts\/104285","targetHints":{"allow":["GET"]}}],"collection":[{"href":"https:\/\/redenoticiaz.com.br\/litoralsp\/wp-json\/wp\/v2\/posts"}],"about":[{"href":"https:\/\/redenoticiaz.com.br\/litoralsp\/wp-json\/wp\/v2\/types\/post"}],"author":[{"embeddable":true,"href":"https:\/\/redenoticiaz.com.br\/litoralsp\/wp-json\/wp\/v2\/users\/12"}],"replies":[{"embeddable":true,"href":"https:\/\/redenoticiaz.com.br\/litoralsp\/wp-json\/wp\/v2\/comments?post=104285"}],"version-history":[{"count":1,"href":"https:\/\/redenoticiaz.com.br\/litoralsp\/wp-json\/wp\/v2\/posts\/104285\/revisions"}],"predecessor-version":[{"id":104286,"href":"https:\/\/redenoticiaz.com.br\/litoralsp\/wp-json\/wp\/v2\/posts\/104285\/revisions\/104286"}],"wp:featuredmedia":[{"embeddable":true,"href":"https:\/\/redenoticiaz.com.br\/litoralsp\/wp-json\/wp\/v2\/media\/102138"}],"wp:attachment":[{"href":"https:\/\/redenoticiaz.com.br\/litoralsp\/wp-json\/wp\/v2\/media?parent=104285"}],"wp:term":[{"taxonomy":"category","embeddable":true,"href":"https:\/\/redenoticiaz.com.br\/litoralsp\/wp-json\/wp\/v2\/categories?post=104285"},{"taxonomy":"post_tag","embeddable":true,"href":"https:\/\/redenoticiaz.com.br\/litoralsp\/wp-json\/wp\/v2\/tags?post=104285"}],"curies":[{"name":"wp","href":"https:\/\/api.w.org\/{rel}","templated":true}]}}