{"id":104291,"date":"2023-04-18T18:46:46","date_gmt":"2023-04-18T21:46:46","guid":{"rendered":"https:\/\/redenoticiaz.com.br\/litoralsp\/?p=104291"},"modified":"2023-04-18T18:46:46","modified_gmt":"2023-04-18T21:46:46","slug":"adolescentes-suspeitos-de-propagarem-mensagens-sobre-ataques-em-escolas-sao-investigados","status":"publish","type":"post","link":"https:\/\/redenoticiaz.com.br\/litoralsp\/2023\/04\/18\/adolescentes-suspeitos-de-propagarem-mensagens-sobre-ataques-em-escolas-sao-investigados","title":{"rendered":"Adolescentes suspeitos de propagarem mensagens sobre ataques em escolas s\u00e3o investigados"},"content":{"rendered":"<p>Tr\u00eas adolescentes suspeitos de propagarem mensagens sobre ataques em escolas est\u00e3o sendo investigados pela pol\u00edcia.<\/p>\n<p>De acordo com as informa\u00e7\u00f5es, Policiais Civis do 5\u00ba Distrito de Santos seguem investigando endere\u00e7os de cria\u00e7\u00e3o de sites e perfis falsos que propagavam amea\u00e7as de morte.<\/p>\n<p>Os perfis ainda ostentam publica\u00e7\u00f5es com ofensas raciais e divulga\u00e7\u00e3o de armas de fogo com o intuito de causar p\u00e2nico entre alunos, professores e toda a sociedade.<\/p>\n<p>Ainda de acordo com as informa\u00e7\u00f5es, a investiga\u00e7\u00e3o teve in\u00edcio ap\u00f3s os policiais civis conseguirem identificar os respons\u00e1veis pelo perfil criado em rede social.<\/p>\n<p>Sendo assim, os perfis amea\u00e7avam alunos e funcion\u00e1rios de escolas p\u00fablicas da zona noroeste em Santos, no que resultou em diversas suspens\u00f5es de aulas.<\/p>\n<h2>Investiga\u00e7\u00e3o<\/h2>\n<p>O Delegado de Pol\u00edcia respons\u00e1vel rastreou os endere\u00e7os dos usu\u00e1rios e representou ao Poder Judici\u00e1rio pela expedi\u00e7\u00e3o dos mandados de busca e apreens\u00e3o.<\/p>\n<p>Nos im\u00f3veis vistoriados foram apreendidos 3 celulares e aparelhos de inform\u00e1tica com as imagens divulgadas pelos adolescentes.<\/p>\n<p>Os suspeitos, assim como os seus respons\u00e1veis foram encaminhados a delegacia para prestar esclarecimentos sobre os fatos.<\/p>\n<p>Os tr\u00eas menores ser\u00e3o investigados pelo ato infracional an\u00e1logo ao crime de racismo qualificado por ter sido praticado por meio da internet, facilitando a propaga\u00e7\u00e3o das mensagens falsas.<\/p>\n<p>Demais a\u00e7\u00f5es de campo est\u00e3o previstas para inibir essa pr\u00e1tica il\u00edcita. Os celulares foram encaminhados \u00e0 per\u00edcia criminal para elabora\u00e7\u00e3o dos laudos t\u00e9cnicos.<\/p>\n<p><strong>Leia mais<\/strong><\/p>\n<p><a href=\"https:\/\/redenoticiaz.com.br\/litoralsp\/2023\/04\/18\/defesa-civil-ensina-nas-escolas-medidas-de-prevencao-a-acidentes-e-desastres-naturais\">Defesa Civil ensina nas escolas medidas de preven\u00e7\u00e3o a acidentes e desastres naturais<\/a><\/p>\n","protected":false},"excerpt":{"rendered":"<p>Tr\u00eas adolescentes suspeitos de propagarem mensagens sobre ataques em escolas est\u00e3o sendo investigados pela pol\u00edcia. De acordo com as informa\u00e7\u00f5es, Policiais Civis do 5\u00ba Distrito de Santos seguem investigando endere\u00e7os de cria\u00e7\u00e3o de sites e perfis falsos que propagavam amea\u00e7as de morte. Os perfis ainda ostentam publica\u00e7\u00f5es com ofensas raciais e divulga\u00e7\u00e3o de armas de &hellip;<\/p>\n","protected":false},"author":12,"featured_media":100996,"comment_status":"open","ping_status":"closed","sticky":false,"template":"","format":"standard","meta":{"footnotes":""},"categories":[180],"tags":[16372,11329,64652,1665,64579],"class_list":["post-104291","post","type-post","status-publish","format-standard","has-post-thumbnail","hentry","category-santos","tag-adolescentes","tag-pericia","tag-pratica-ilicita","tag-racismo","tag-seguranca-escolas"],"yoast_head":"<!-- This site is optimized with the Yoast SEO plugin v27.5 - https:\/\/yoast.com\/product\/yoast-seo-wordpress\/ -->\n<title>Adolescentes suspeitos de propagarem mensagens sobre ataques em escolas s\u00e3o investigados - Litoral SP<\/title>\n<meta name=\"description\" content=\"Tr\u00eas adolescentes suspeitos de propagarem mensagens sobre ataques em escolas est\u00e3o sendo investigados pela pol\u00edcia.\" \/>\n<meta name=\"robots\" content=\"index, follow, max-snippet:-1, max-image-preview:large, max-video-preview:-1\" \/>\n<link rel=\"canonical\" href=\"https:\/\/redenoticiaz.com.br\/litoralsp\/2023\/04\/18\/adolescentes-suspeitos-de-propagarem-mensagens-sobre-ataques-em-escolas-sao-investigados\" \/>\n<meta property=\"og:locale\" content=\"pt_BR\" \/>\n<meta property=\"og:type\" content=\"article\" \/>\n<meta property=\"og:title\" content=\"Adolescentes suspeitos de propagarem mensagens sobre ataques em escolas s\u00e3o investigados - Litoral SP\" \/>\n<meta property=\"og:description\" content=\"Tr\u00eas adolescentes suspeitos de propagarem mensagens sobre ataques em escolas est\u00e3o sendo investigados pela pol\u00edcia.\" \/>\n<meta property=\"og:url\" content=\"https:\/\/redenoticiaz.com.br\/litoralsp\/2023\/04\/18\/adolescentes-suspeitos-de-propagarem-mensagens-sobre-ataques-em-escolas-sao-investigados\" \/>\n<meta property=\"og:site_name\" content=\"Litoral SP\" \/>\n<meta property=\"article:published_time\" content=\"2023-04-18T21:46:46+00:00\" \/>\n<meta property=\"og:image\" content=\"https:\/\/redenoticiaz.com.br\/litoralsp\/wp-content\/uploads\/sites\/3\/2023\/02\/GM-JUNDIAI.jpg?v=1671279645\" \/>\n\t<meta property=\"og:image:width\" content=\"718\" \/>\n\t<meta property=\"og:image:height\" content=\"352\" \/>\n\t<meta property=\"og:image:type\" content=\"image\/jpeg\" \/>\n<meta name=\"author\" content=\"Gustavo Silva\" \/>\n<meta name=\"twitter:card\" content=\"summary_large_image\" \/>\n<meta name=\"twitter:label1\" content=\"Escrito por\" \/>\n\t<meta name=\"twitter:data1\" content=\"Gustavo Silva\" \/>\n\t<meta name=\"twitter:label2\" content=\"Est. tempo de leitura\" \/>\n\t<meta name=\"twitter:data2\" content=\"2 minutos\" \/>\n<script type=\"application\/ld+json\" class=\"yoast-schema-graph\">{\"@context\":\"https:\\\/\\\/schema.org\",\"@graph\":[{\"@type\":\"Article\",\"@id\":\"https:\\\/\\\/redenoticiaz.com.br\\\/litoralsp\\\/2023\\\/04\\\/18\\\/adolescentes-suspeitos-de-propagarem-mensagens-sobre-ataques-em-escolas-sao-investigados#article\",\"isPartOf\":{\"@id\":\"https:\\\/\\\/redenoticiaz.com.br\\\/litoralsp\\\/2023\\\/04\\\/18\\\/adolescentes-suspeitos-de-propagarem-mensagens-sobre-ataques-em-escolas-sao-investigados\"},\"author\":{\"name\":\"Gustavo Silva\",\"@id\":\"https:\\\/\\\/redenoticiaz.com.br\\\/litoralsp\\\/#\\\/schema\\\/person\\\/16057b37a3c0ee6b096d7f887c566e2e\"},\"headline\":\"Adolescentes suspeitos de propagarem mensagens sobre ataques em escolas s\u00e3o investigados\",\"datePublished\":\"2023-04-18T21:46:46+00:00\",\"mainEntityOfPage\":{\"@id\":\"https:\\\/\\\/redenoticiaz.com.br\\\/litoralsp\\\/2023\\\/04\\\/18\\\/adolescentes-suspeitos-de-propagarem-mensagens-sobre-ataques-em-escolas-sao-investigados\"},\"wordCount\":292,\"commentCount\":0,\"publisher\":{\"@id\":\"https:\\\/\\\/redenoticiaz.com.br\\\/litoralsp\\\/#organization\"},\"image\":{\"@id\":\"https:\\\/\\\/redenoticiaz.com.br\\\/litoralsp\\\/2023\\\/04\\\/18\\\/adolescentes-suspeitos-de-propagarem-mensagens-sobre-ataques-em-escolas-sao-investigados#primaryimage\"},\"thumbnailUrl\":\"https:\\\/\\\/redenoticiaz.com.br\\\/litoralsp\\\/wp-content\\\/uploads\\\/sites\\\/3\\\/2023\\\/02\\\/GM-JUNDIAI.jpg?v=1671279645\",\"keywords\":[\"Adolescentes\",\"PER\u00cdCIA\",\"pr\u00e1tica il\u00edcita\",\"RACISMO\",\"seguran\u00e7a escolas\"],\"articleSection\":[\"Santos\"],\"inLanguage\":\"pt-BR\",\"potentialAction\":[{\"@type\":\"CommentAction\",\"name\":\"Comment\",\"target\":[\"https:\\\/\\\/redenoticiaz.com.br\\\/litoralsp\\\/2023\\\/04\\\/18\\\/adolescentes-suspeitos-de-propagarem-mensagens-sobre-ataques-em-escolas-sao-investigados#respond\"]}]},{\"@type\":\"WebPage\",\"@id\":\"https:\\\/\\\/redenoticiaz.com.br\\\/litoralsp\\\/2023\\\/04\\\/18\\\/adolescentes-suspeitos-de-propagarem-mensagens-sobre-ataques-em-escolas-sao-investigados\",\"url\":\"https:\\\/\\\/redenoticiaz.com.br\\\/litoralsp\\\/2023\\\/04\\\/18\\\/adolescentes-suspeitos-de-propagarem-mensagens-sobre-ataques-em-escolas-sao-investigados\",\"name\":\"Adolescentes suspeitos de propagarem mensagens sobre ataques em escolas s\u00e3o investigados - Litoral SP\",\"isPartOf\":{\"@id\":\"https:\\\/\\\/redenoticiaz.com.br\\\/litoralsp\\\/#website\"},\"primaryImageOfPage\":{\"@id\":\"https:\\\/\\\/redenoticiaz.com.br\\\/litoralsp\\\/2023\\\/04\\\/18\\\/adolescentes-suspeitos-de-propagarem-mensagens-sobre-ataques-em-escolas-sao-investigados#primaryimage\"},\"image\":{\"@id\":\"https:\\\/\\\/redenoticiaz.com.br\\\/litoralsp\\\/2023\\\/04\\\/18\\\/adolescentes-suspeitos-de-propagarem-mensagens-sobre-ataques-em-escolas-sao-investigados#primaryimage\"},\"thumbnailUrl\":\"https:\\\/\\\/redenoticiaz.com.br\\\/litoralsp\\\/wp-content\\\/uploads\\\/sites\\\/3\\\/2023\\\/02\\\/GM-JUNDIAI.jpg?v=1671279645\",\"datePublished\":\"2023-04-18T21:46:46+00:00\",\"description\":\"Tr\u00eas adolescentes suspeitos de propagarem mensagens sobre ataques em escolas est\u00e3o sendo investigados pela pol\u00edcia.\",\"inLanguage\":\"pt-BR\",\"potentialAction\":[{\"@type\":\"ReadAction\",\"target\":[\"https:\\\/\\\/redenoticiaz.com.br\\\/litoralsp\\\/2023\\\/04\\\/18\\\/adolescentes-suspeitos-de-propagarem-mensagens-sobre-ataques-em-escolas-sao-investigados\"]}]},{\"@type\":\"ImageObject\",\"inLanguage\":\"pt-BR\",\"@id\":\"https:\\\/\\\/redenoticiaz.com.br\\\/litoralsp\\\/2023\\\/04\\\/18\\\/adolescentes-suspeitos-de-propagarem-mensagens-sobre-ataques-em-escolas-sao-investigados#primaryimage\",\"url\":\"https:\\\/\\\/redenoticiaz.com.br\\\/litoralsp\\\/wp-content\\\/uploads\\\/sites\\\/3\\\/2023\\\/02\\\/GM-JUNDIAI.jpg?v=1671279645\",\"contentUrl\":\"https:\\\/\\\/redenoticiaz.com.br\\\/litoralsp\\\/wp-content\\\/uploads\\\/sites\\\/3\\\/2023\\\/02\\\/GM-JUNDIAI.jpg?v=1671279645\",\"width\":718,\"height\":352,\"caption\":\"Cr\u00e9ditos: Divulga\u00e7\u00e3o\\\/Guarda Municipal de Jundia\u00ed\"},{\"@type\":\"WebSite\",\"@id\":\"https:\\\/\\\/redenoticiaz.com.br\\\/litoralsp\\\/#website\",\"url\":\"https:\\\/\\\/redenoticiaz.com.br\\\/litoralsp\\\/\",\"name\":\"Litoral SP\",\"description\":\"Rede NoticiaZ\",\"publisher\":{\"@id\":\"https:\\\/\\\/redenoticiaz.com.br\\\/litoralsp\\\/#organization\"},\"potentialAction\":[{\"@type\":\"SearchAction\",\"target\":{\"@type\":\"EntryPoint\",\"urlTemplate\":\"https:\\\/\\\/redenoticiaz.com.br\\\/litoralsp\\\/?s={search_term_string}\"},\"query-input\":{\"@type\":\"PropertyValueSpecification\",\"valueRequired\":true,\"valueName\":\"search_term_string\"}}],\"inLanguage\":\"pt-BR\"},{\"@type\":\"Organization\",\"@id\":\"https:\\\/\\\/redenoticiaz.com.br\\\/litoralsp\\\/#organization\",\"name\":\"Litoral SP\",\"url\":\"https:\\\/\\\/redenoticiaz.com.br\\\/litoralsp\\\/\",\"logo\":{\"@type\":\"ImageObject\",\"inLanguage\":\"pt-BR\",\"@id\":\"https:\\\/\\\/redenoticiaz.com.br\\\/litoralsp\\\/#\\\/schema\\\/logo\\\/image\\\/\",\"url\":\"https:\\\/\\\/redenoticiaz.com.br\\\/litoralsp\\\/wp-content\\\/uploads\\\/sites\\\/3\\\/2020\\\/11\\\/logo.jpg\",\"contentUrl\":\"https:\\\/\\\/redenoticiaz.com.br\\\/litoralsp\\\/wp-content\\\/uploads\\\/sites\\\/3\\\/2020\\\/11\\\/logo.jpg\",\"width\":400,\"height\":250,\"caption\":\"Litoral SP\"},\"image\":{\"@id\":\"https:\\\/\\\/redenoticiaz.com.br\\\/litoralsp\\\/#\\\/schema\\\/logo\\\/image\\\/\"}},{\"@type\":\"Person\",\"@id\":\"https:\\\/\\\/redenoticiaz.com.br\\\/litoralsp\\\/#\\\/schema\\\/person\\\/16057b37a3c0ee6b096d7f887c566e2e\",\"name\":\"Gustavo Silva\",\"image\":{\"@type\":\"ImageObject\",\"inLanguage\":\"pt-BR\",\"@id\":\"https:\\\/\\\/secure.gravatar.com\\\/avatar\\\/3ee4e82f93b26de0a7cf4ea5eb7893da637ed6bb0c9170c58065944c56e28a33?s=96&d=mm&r=g\",\"url\":\"https:\\\/\\\/secure.gravatar.com\\\/avatar\\\/3ee4e82f93b26de0a7cf4ea5eb7893da637ed6bb0c9170c58065944c56e28a33?s=96&d=mm&r=g\",\"contentUrl\":\"https:\\\/\\\/secure.gravatar.com\\\/avatar\\\/3ee4e82f93b26de0a7cf4ea5eb7893da637ed6bb0c9170c58065944c56e28a33?s=96&d=mm&r=g\",\"caption\":\"Gustavo Silva\"},\"url\":\"https:\\\/\\\/redenoticiaz.com.br\\\/litoralsp\\\/author\\\/gustavosilva\"}]}<\/script>\n<!-- \/ Yoast SEO plugin. -->","yoast_head_json":{"title":"Adolescentes suspeitos de propagarem mensagens sobre ataques em escolas s\u00e3o investigados - Litoral SP","description":"Tr\u00eas adolescentes suspeitos de propagarem mensagens sobre ataques em escolas est\u00e3o sendo investigados pela pol\u00edcia.","robots":{"index":"index","follow":"follow","max-snippet":"max-snippet:-1","max-image-preview":"max-image-preview:large","max-video-preview":"max-video-preview:-1"},"canonical":"https:\/\/redenoticiaz.com.br\/litoralsp\/2023\/04\/18\/adolescentes-suspeitos-de-propagarem-mensagens-sobre-ataques-em-escolas-sao-investigados","og_locale":"pt_BR","og_type":"article","og_title":"Adolescentes suspeitos de propagarem mensagens sobre ataques em escolas s\u00e3o investigados - Litoral SP","og_description":"Tr\u00eas adolescentes suspeitos de propagarem mensagens sobre ataques em escolas est\u00e3o sendo investigados pela pol\u00edcia.","og_url":"https:\/\/redenoticiaz.com.br\/litoralsp\/2023\/04\/18\/adolescentes-suspeitos-de-propagarem-mensagens-sobre-ataques-em-escolas-sao-investigados","og_site_name":"Litoral SP","article_published_time":"2023-04-18T21:46:46+00:00","og_image":[{"width":718,"height":352,"url":"https:\/\/redenoticiaz.com.br\/litoralsp\/wp-content\/uploads\/sites\/3\/2023\/02\/GM-JUNDIAI.jpg?v=1671279645","type":"image\/jpeg"}],"author":"Gustavo Silva","twitter_card":"summary_large_image","twitter_misc":{"Escrito por":"Gustavo Silva","Est. tempo de leitura":"2 minutos"},"schema":{"@context":"https:\/\/schema.org","@graph":[{"@type":"Article","@id":"https:\/\/redenoticiaz.com.br\/litoralsp\/2023\/04\/18\/adolescentes-suspeitos-de-propagarem-mensagens-sobre-ataques-em-escolas-sao-investigados#article","isPartOf":{"@id":"https:\/\/redenoticiaz.com.br\/litoralsp\/2023\/04\/18\/adolescentes-suspeitos-de-propagarem-mensagens-sobre-ataques-em-escolas-sao-investigados"},"author":{"name":"Gustavo Silva","@id":"https:\/\/redenoticiaz.com.br\/litoralsp\/#\/schema\/person\/16057b37a3c0ee6b096d7f887c566e2e"},"headline":"Adolescentes suspeitos de propagarem mensagens sobre ataques em escolas s\u00e3o investigados","datePublished":"2023-04-18T21:46:46+00:00","mainEntityOfPage":{"@id":"https:\/\/redenoticiaz.com.br\/litoralsp\/2023\/04\/18\/adolescentes-suspeitos-de-propagarem-mensagens-sobre-ataques-em-escolas-sao-investigados"},"wordCount":292,"commentCount":0,"publisher":{"@id":"https:\/\/redenoticiaz.com.br\/litoralsp\/#organization"},"image":{"@id":"https:\/\/redenoticiaz.com.br\/litoralsp\/2023\/04\/18\/adolescentes-suspeitos-de-propagarem-mensagens-sobre-ataques-em-escolas-sao-investigados#primaryimage"},"thumbnailUrl":"https:\/\/redenoticiaz.com.br\/litoralsp\/wp-content\/uploads\/sites\/3\/2023\/02\/GM-JUNDIAI.jpg?v=1671279645","keywords":["Adolescentes","PER\u00cdCIA","pr\u00e1tica il\u00edcita","RACISMO","seguran\u00e7a escolas"],"articleSection":["Santos"],"inLanguage":"pt-BR","potentialAction":[{"@type":"CommentAction","name":"Comment","target":["https:\/\/redenoticiaz.com.br\/litoralsp\/2023\/04\/18\/adolescentes-suspeitos-de-propagarem-mensagens-sobre-ataques-em-escolas-sao-investigados#respond"]}]},{"@type":"WebPage","@id":"https:\/\/redenoticiaz.com.br\/litoralsp\/2023\/04\/18\/adolescentes-suspeitos-de-propagarem-mensagens-sobre-ataques-em-escolas-sao-investigados","url":"https:\/\/redenoticiaz.com.br\/litoralsp\/2023\/04\/18\/adolescentes-suspeitos-de-propagarem-mensagens-sobre-ataques-em-escolas-sao-investigados","name":"Adolescentes suspeitos de propagarem mensagens sobre ataques em escolas s\u00e3o investigados - Litoral SP","isPartOf":{"@id":"https:\/\/redenoticiaz.com.br\/litoralsp\/#website"},"primaryImageOfPage":{"@id":"https:\/\/redenoticiaz.com.br\/litoralsp\/2023\/04\/18\/adolescentes-suspeitos-de-propagarem-mensagens-sobre-ataques-em-escolas-sao-investigados#primaryimage"},"image":{"@id":"https:\/\/redenoticiaz.com.br\/litoralsp\/2023\/04\/18\/adolescentes-suspeitos-de-propagarem-mensagens-sobre-ataques-em-escolas-sao-investigados#primaryimage"},"thumbnailUrl":"https:\/\/redenoticiaz.com.br\/litoralsp\/wp-content\/uploads\/sites\/3\/2023\/02\/GM-JUNDIAI.jpg?v=1671279645","datePublished":"2023-04-18T21:46:46+00:00","description":"Tr\u00eas adolescentes suspeitos de propagarem mensagens sobre ataques em escolas est\u00e3o sendo investigados pela pol\u00edcia.","inLanguage":"pt-BR","potentialAction":[{"@type":"ReadAction","target":["https:\/\/redenoticiaz.com.br\/litoralsp\/2023\/04\/18\/adolescentes-suspeitos-de-propagarem-mensagens-sobre-ataques-em-escolas-sao-investigados"]}]},{"@type":"ImageObject","inLanguage":"pt-BR","@id":"https:\/\/redenoticiaz.com.br\/litoralsp\/2023\/04\/18\/adolescentes-suspeitos-de-propagarem-mensagens-sobre-ataques-em-escolas-sao-investigados#primaryimage","url":"https:\/\/redenoticiaz.com.br\/litoralsp\/wp-content\/uploads\/sites\/3\/2023\/02\/GM-JUNDIAI.jpg?v=1671279645","contentUrl":"https:\/\/redenoticiaz.com.br\/litoralsp\/wp-content\/uploads\/sites\/3\/2023\/02\/GM-JUNDIAI.jpg?v=1671279645","width":718,"height":352,"caption":"Cr\u00e9ditos: Divulga\u00e7\u00e3o\/Guarda Municipal de Jundia\u00ed"},{"@type":"WebSite","@id":"https:\/\/redenoticiaz.com.br\/litoralsp\/#website","url":"https:\/\/redenoticiaz.com.br\/litoralsp\/","name":"Litoral SP","description":"Rede NoticiaZ","publisher":{"@id":"https:\/\/redenoticiaz.com.br\/litoralsp\/#organization"},"potentialAction":[{"@type":"SearchAction","target":{"@type":"EntryPoint","urlTemplate":"https:\/\/redenoticiaz.com.br\/litoralsp\/?s={search_term_string}"},"query-input":{"@type":"PropertyValueSpecification","valueRequired":true,"valueName":"search_term_string"}}],"inLanguage":"pt-BR"},{"@type":"Organization","@id":"https:\/\/redenoticiaz.com.br\/litoralsp\/#organization","name":"Litoral SP","url":"https:\/\/redenoticiaz.com.br\/litoralsp\/","logo":{"@type":"ImageObject","inLanguage":"pt-BR","@id":"https:\/\/redenoticiaz.com.br\/litoralsp\/#\/schema\/logo\/image\/","url":"https:\/\/redenoticiaz.com.br\/litoralsp\/wp-content\/uploads\/sites\/3\/2020\/11\/logo.jpg","contentUrl":"https:\/\/redenoticiaz.com.br\/litoralsp\/wp-content\/uploads\/sites\/3\/2020\/11\/logo.jpg","width":400,"height":250,"caption":"Litoral SP"},"image":{"@id":"https:\/\/redenoticiaz.com.br\/litoralsp\/#\/schema\/logo\/image\/"}},{"@type":"Person","@id":"https:\/\/redenoticiaz.com.br\/litoralsp\/#\/schema\/person\/16057b37a3c0ee6b096d7f887c566e2e","name":"Gustavo Silva","image":{"@type":"ImageObject","inLanguage":"pt-BR","@id":"https:\/\/secure.gravatar.com\/avatar\/3ee4e82f93b26de0a7cf4ea5eb7893da637ed6bb0c9170c58065944c56e28a33?s=96&d=mm&r=g","url":"https:\/\/secure.gravatar.com\/avatar\/3ee4e82f93b26de0a7cf4ea5eb7893da637ed6bb0c9170c58065944c56e28a33?s=96&d=mm&r=g","contentUrl":"https:\/\/secure.gravatar.com\/avatar\/3ee4e82f93b26de0a7cf4ea5eb7893da637ed6bb0c9170c58065944c56e28a33?s=96&d=mm&r=g","caption":"Gustavo Silva"},"url":"https:\/\/redenoticiaz.com.br\/litoralsp\/author\/gustavosilva"}]}},"_links":{"self":[{"href":"https:\/\/redenoticiaz.com.br\/litoralsp\/wp-json\/wp\/v2\/posts\/104291","targetHints":{"allow":["GET"]}}],"collection":[{"href":"https:\/\/redenoticiaz.com.br\/litoralsp\/wp-json\/wp\/v2\/posts"}],"about":[{"href":"https:\/\/redenoticiaz.com.br\/litoralsp\/wp-json\/wp\/v2\/types\/post"}],"author":[{"embeddable":true,"href":"https:\/\/redenoticiaz.com.br\/litoralsp\/wp-json\/wp\/v2\/users\/12"}],"replies":[{"embeddable":true,"href":"https:\/\/redenoticiaz.com.br\/litoralsp\/wp-json\/wp\/v2\/comments?post=104291"}],"version-history":[{"count":1,"href":"https:\/\/redenoticiaz.com.br\/litoralsp\/wp-json\/wp\/v2\/posts\/104291\/revisions"}],"predecessor-version":[{"id":104292,"href":"https:\/\/redenoticiaz.com.br\/litoralsp\/wp-json\/wp\/v2\/posts\/104291\/revisions\/104292"}],"wp:featuredmedia":[{"embeddable":true,"href":"https:\/\/redenoticiaz.com.br\/litoralsp\/wp-json\/wp\/v2\/media\/100996"}],"wp:attachment":[{"href":"https:\/\/redenoticiaz.com.br\/litoralsp\/wp-json\/wp\/v2\/media?parent=104291"}],"wp:term":[{"taxonomy":"category","embeddable":true,"href":"https:\/\/redenoticiaz.com.br\/litoralsp\/wp-json\/wp\/v2\/categories?post=104291"},{"taxonomy":"post_tag","embeddable":true,"href":"https:\/\/redenoticiaz.com.br\/litoralsp\/wp-json\/wp\/v2\/tags?post=104291"}],"curies":[{"name":"wp","href":"https:\/\/api.w.org\/{rel}","templated":true}]}}