{"id":104293,"date":"2023-04-18T21:28:39","date_gmt":"2023-04-19T00:28:39","guid":{"rendered":"https:\/\/redenoticiaz.com.br\/litoralsp\/?p=104293"},"modified":"2023-04-18T21:28:39","modified_gmt":"2023-04-19T00:28:39","slug":"acidente-deixa-um-morto-na-avenida-martins-em-santos","status":"publish","type":"post","link":"https:\/\/redenoticiaz.com.br\/litoralsp\/2023\/04\/18\/acidente-deixa-um-morto-na-avenida-martins-em-santos","title":{"rendered":"Acidente deixa um morto na Avenida Martins em Santos"},"content":{"rendered":"<p>Um acidente deixou um morto na Avenida Martins, no bairro Valongo em Santos na tarde desta ter\u00e7a-feira (18) e gerou um grande congestionamento no local.<\/p>\n<p>De acordo com as informa\u00e7\u00f5es, a v\u00edtima era um motociclista que passava pelo local e se chocou com um caminh\u00e3o que passava pela via.<\/p>\n<p>O acidente gerou um grande congestionamento, j\u00e1 que a pol\u00edcia foi acionada para ir at\u00e9 o local, assim como a CET.<\/p>\n<figure id=\"attachment_104295\" aria-describedby=\"caption-attachment-104295\" style=\"width: 169px\" class=\"wp-caption aligncenter\"><img loading=\"lazy\" decoding=\"async\" class=\"wp-image-104295 size-medium\" src=\"https:\/\/redenoticiaz.com.br\/litoralsp\/wp-content\/uploads\/sites\/3\/2023\/04\/WhatsApp-Image-2023-04-18-at-19.33.16-169x300.jpeg\" alt=\"Acidente deixa um morto na Avenida Martins em Santos\" width=\"169\" height=\"300\" srcset=\"https:\/\/redenoticiaz.com.br\/litoralsp\/wp-content\/uploads\/sites\/3\/2023\/04\/WhatsApp-Image-2023-04-18-at-19.33.16-169x300.jpeg 169w, https:\/\/redenoticiaz.com.br\/litoralsp\/wp-content\/uploads\/sites\/3\/2023\/04\/WhatsApp-Image-2023-04-18-at-19.33.16-576x1024.jpeg 576w, https:\/\/redenoticiaz.com.br\/litoralsp\/wp-content\/uploads\/sites\/3\/2023\/04\/WhatsApp-Image-2023-04-18-at-19.33.16-768x1366.jpeg 768w, https:\/\/redenoticiaz.com.br\/litoralsp\/wp-content\/uploads\/sites\/3\/2023\/04\/WhatsApp-Image-2023-04-18-at-19.33.16-864x1536.jpeg 864w, https:\/\/redenoticiaz.com.br\/litoralsp\/wp-content\/uploads\/sites\/3\/2023\/04\/WhatsApp-Image-2023-04-18-at-19.33.16.jpeg 607w\" sizes=\"auto, (max-width: 169px) 100vw, 169px\" \/><figcaption id=\"caption-attachment-104295\" class=\"wp-caption-text\">Cr\u00e9ditos: Gisele Ezequiel<\/figcaption><\/figure>\n<h2>Perigo<\/h2>\n<p>O local \u00e9 o mesmo em que em Agosto de 2022 uma mulher morreu e permaneceu por volta de 6 horas no local do acidente at\u00e9 ter seu corpo retirado da \u00e1rea.<\/p>\n<p><img loading=\"lazy\" decoding=\"async\" class=\"aligncenter size-medium wp-image-104296\" src=\"https:\/\/redenoticiaz.com.br\/litoralsp\/wp-content\/uploads\/sites\/3\/2023\/04\/caminhoneiro-fugiu-depois-de-atropelar-mulher-de-28-anos-vitima-morreu-no-local-300x158.jpg\" alt=\"Acidente deixa um morto na Avenida Martins em Santos\" width=\"300\" height=\"158\" srcset=\"https:\/\/redenoticiaz.com.br\/litoralsp\/wp-content\/uploads\/sites\/3\/2023\/04\/caminhoneiro-fugiu-depois-de-atropelar-mulher-de-28-anos-vitima-morreu-no-local-300x158.jpg 300w, https:\/\/redenoticiaz.com.br\/litoralsp\/wp-content\/uploads\/sites\/3\/2023\/04\/caminhoneiro-fugiu-depois-de-atropelar-mulher-de-28-anos-vitima-morreu-no-local-768x404.jpg 768w, https:\/\/redenoticiaz.com.br\/litoralsp\/wp-content\/uploads\/sites\/3\/2023\/04\/caminhoneiro-fugiu-depois-de-atropelar-mulher-de-28-anos-vitima-morreu-no-local.jpg 984w\" sizes=\"auto, (max-width: 300px) 100vw, 300px\" \/><\/p>\n<p>A Prefeitura em 2021 instalou diversas c\u00e2meras de monitoramento no local, e foi assim que imagens mostraram que um caminhoneiro havia atropelado a v\u00edtima e fugido do local. Ele foi preso.<\/p>\n<p><strong>Leia mais<\/strong><\/p>\n<p><a href=\"https:\/\/redenoticiaz.com.br\/litoralsp\/2023\/04\/18\/roubos-a-farmacias-de-santos-e-esclarecido-pela-policia\">Roubos a farm\u00e1cias de Santos \u00e9 esclarecido pela Pol\u00edcia<\/a><\/p>\n","protected":false},"excerpt":{"rendered":"<p>Um acidente deixou um morto na Avenida Martins, no bairro Valongo em Santos na tarde desta ter\u00e7a-feira (18) e gerou um grande congestionamento no local. De acordo com as informa\u00e7\u00f5es, a v\u00edtima era um motociclista que passava pelo local e se chocou com um caminh\u00e3o que passava pela via. O acidente gerou um grande congestionamento, &hellip;<\/p>\n","protected":false},"author":12,"featured_media":104295,"comment_status":"open","ping_status":"closed","sticky":false,"template":"","format":"standard","meta":{"footnotes":""},"categories":[180],"tags":[7,64653,2944,986,6667],"class_list":["post-104293","post","type-post","status-publish","format-standard","has-post-thumbnail","hentry","category-santos","tag-acidente","tag-avenida-martins","tag-morte","tag-santos","tag-valongo"],"yoast_head":"<!-- This site is optimized with the Yoast SEO plugin v27.5 - https:\/\/yoast.com\/product\/yoast-seo-wordpress\/ -->\n<title>Acidente deixa um morto na Avenida Martins em Santos - Litoral SP<\/title>\n<meta name=\"description\" content=\"Um acidente deixou um morto na Avenida Martins, no bairro Valongo em Santos na tarde desta ter\u00e7a-feira (18) e gerou um grande congestionamento no local.\" \/>\n<meta name=\"robots\" content=\"index, follow, max-snippet:-1, max-image-preview:large, max-video-preview:-1\" \/>\n<link rel=\"canonical\" href=\"https:\/\/redenoticiaz.com.br\/litoralsp\/2023\/04\/18\/acidente-deixa-um-morto-na-avenida-martins-em-santos\" \/>\n<meta property=\"og:locale\" content=\"pt_BR\" \/>\n<meta property=\"og:type\" content=\"article\" \/>\n<meta property=\"og:title\" content=\"Acidente deixa um morto na Avenida Martins em Santos - Litoral SP\" \/>\n<meta property=\"og:description\" content=\"Um acidente deixou um morto na Avenida Martins, no bairro Valongo em Santos na tarde desta ter\u00e7a-feira (18) e gerou um grande congestionamento no local.\" \/>\n<meta property=\"og:url\" content=\"https:\/\/redenoticiaz.com.br\/litoralsp\/2023\/04\/18\/acidente-deixa-um-morto-na-avenida-martins-em-santos\" \/>\n<meta property=\"og:site_name\" content=\"Litoral SP\" \/>\n<meta property=\"article:published_time\" content=\"2023-04-19T00:28:39+00:00\" \/>\n<meta property=\"og:image\" content=\"https:\/\/redenoticiaz.com.br\/litoralsp\/wp-content\/uploads\/sites\/3\/2023\/04\/WhatsApp-Image-2023-04-18-at-19.33.16.jpeg\" \/>\n\t<meta property=\"og:image:width\" content=\"607\" \/>\n\t<meta property=\"og:image:height\" content=\"1080\" \/>\n\t<meta property=\"og:image:type\" content=\"image\/jpeg\" \/>\n<meta name=\"author\" content=\"Gustavo Silva\" \/>\n<meta name=\"twitter:card\" content=\"summary_large_image\" \/>\n<meta name=\"twitter:label1\" content=\"Escrito por\" \/>\n\t<meta name=\"twitter:data1\" content=\"Gustavo Silva\" \/>\n\t<meta name=\"twitter:label2\" content=\"Est. tempo de leitura\" \/>\n\t<meta name=\"twitter:data2\" content=\"2 minutos\" \/>\n<script type=\"application\/ld+json\" class=\"yoast-schema-graph\">{\"@context\":\"https:\\\/\\\/schema.org\",\"@graph\":[{\"@type\":\"Article\",\"@id\":\"https:\\\/\\\/redenoticiaz.com.br\\\/litoralsp\\\/2023\\\/04\\\/18\\\/acidente-deixa-um-morto-na-avenida-martins-em-santos#article\",\"isPartOf\":{\"@id\":\"https:\\\/\\\/redenoticiaz.com.br\\\/litoralsp\\\/2023\\\/04\\\/18\\\/acidente-deixa-um-morto-na-avenida-martins-em-santos\"},\"author\":{\"name\":\"Gustavo Silva\",\"@id\":\"https:\\\/\\\/redenoticiaz.com.br\\\/litoralsp\\\/#\\\/schema\\\/person\\\/16057b37a3c0ee6b096d7f887c566e2e\"},\"headline\":\"Acidente deixa um morto na Avenida Martins em Santos\",\"datePublished\":\"2023-04-19T00:28:39+00:00\",\"mainEntityOfPage\":{\"@id\":\"https:\\\/\\\/redenoticiaz.com.br\\\/litoralsp\\\/2023\\\/04\\\/18\\\/acidente-deixa-um-morto-na-avenida-martins-em-santos\"},\"wordCount\":168,\"commentCount\":0,\"publisher\":{\"@id\":\"https:\\\/\\\/redenoticiaz.com.br\\\/litoralsp\\\/#organization\"},\"image\":{\"@id\":\"https:\\\/\\\/redenoticiaz.com.br\\\/litoralsp\\\/2023\\\/04\\\/18\\\/acidente-deixa-um-morto-na-avenida-martins-em-santos#primaryimage\"},\"thumbnailUrl\":\"https:\\\/\\\/redenoticiaz.com.br\\\/litoralsp\\\/wp-content\\\/uploads\\\/sites\\\/3\\\/2023\\\/04\\\/WhatsApp-Image-2023-04-18-at-19.33.16.jpeg\",\"keywords\":[\"acidente\",\"Avenida Martins\",\"MORTE\",\"Santos\",\"VALONGO\"],\"articleSection\":[\"Santos\"],\"inLanguage\":\"pt-BR\",\"potentialAction\":[{\"@type\":\"CommentAction\",\"name\":\"Comment\",\"target\":[\"https:\\\/\\\/redenoticiaz.com.br\\\/litoralsp\\\/2023\\\/04\\\/18\\\/acidente-deixa-um-morto-na-avenida-martins-em-santos#respond\"]}]},{\"@type\":\"WebPage\",\"@id\":\"https:\\\/\\\/redenoticiaz.com.br\\\/litoralsp\\\/2023\\\/04\\\/18\\\/acidente-deixa-um-morto-na-avenida-martins-em-santos\",\"url\":\"https:\\\/\\\/redenoticiaz.com.br\\\/litoralsp\\\/2023\\\/04\\\/18\\\/acidente-deixa-um-morto-na-avenida-martins-em-santos\",\"name\":\"Acidente deixa um morto na Avenida Martins em Santos - Litoral SP\",\"isPartOf\":{\"@id\":\"https:\\\/\\\/redenoticiaz.com.br\\\/litoralsp\\\/#website\"},\"primaryImageOfPage\":{\"@id\":\"https:\\\/\\\/redenoticiaz.com.br\\\/litoralsp\\\/2023\\\/04\\\/18\\\/acidente-deixa-um-morto-na-avenida-martins-em-santos#primaryimage\"},\"image\":{\"@id\":\"https:\\\/\\\/redenoticiaz.com.br\\\/litoralsp\\\/2023\\\/04\\\/18\\\/acidente-deixa-um-morto-na-avenida-martins-em-santos#primaryimage\"},\"thumbnailUrl\":\"https:\\\/\\\/redenoticiaz.com.br\\\/litoralsp\\\/wp-content\\\/uploads\\\/sites\\\/3\\\/2023\\\/04\\\/WhatsApp-Image-2023-04-18-at-19.33.16.jpeg\",\"datePublished\":\"2023-04-19T00:28:39+00:00\",\"description\":\"Um acidente deixou um morto na Avenida Martins, no bairro Valongo em Santos na tarde desta ter\u00e7a-feira (18) e gerou um grande congestionamento no local.\",\"inLanguage\":\"pt-BR\",\"potentialAction\":[{\"@type\":\"ReadAction\",\"target\":[\"https:\\\/\\\/redenoticiaz.com.br\\\/litoralsp\\\/2023\\\/04\\\/18\\\/acidente-deixa-um-morto-na-avenida-martins-em-santos\"]}]},{\"@type\":\"ImageObject\",\"inLanguage\":\"pt-BR\",\"@id\":\"https:\\\/\\\/redenoticiaz.com.br\\\/litoralsp\\\/2023\\\/04\\\/18\\\/acidente-deixa-um-morto-na-avenida-martins-em-santos#primaryimage\",\"url\":\"https:\\\/\\\/redenoticiaz.com.br\\\/litoralsp\\\/wp-content\\\/uploads\\\/sites\\\/3\\\/2023\\\/04\\\/WhatsApp-Image-2023-04-18-at-19.33.16.jpeg\",\"contentUrl\":\"https:\\\/\\\/redenoticiaz.com.br\\\/litoralsp\\\/wp-content\\\/uploads\\\/sites\\\/3\\\/2023\\\/04\\\/WhatsApp-Image-2023-04-18-at-19.33.16.jpeg\",\"width\":607,\"height\":1080,\"caption\":\"Acidente deixa um morto na Avenida Martins em Santos\"},{\"@type\":\"WebSite\",\"@id\":\"https:\\\/\\\/redenoticiaz.com.br\\\/litoralsp\\\/#website\",\"url\":\"https:\\\/\\\/redenoticiaz.com.br\\\/litoralsp\\\/\",\"name\":\"Litoral SP\",\"description\":\"Rede NoticiaZ\",\"publisher\":{\"@id\":\"https:\\\/\\\/redenoticiaz.com.br\\\/litoralsp\\\/#organization\"},\"potentialAction\":[{\"@type\":\"SearchAction\",\"target\":{\"@type\":\"EntryPoint\",\"urlTemplate\":\"https:\\\/\\\/redenoticiaz.com.br\\\/litoralsp\\\/?s={search_term_string}\"},\"query-input\":{\"@type\":\"PropertyValueSpecification\",\"valueRequired\":true,\"valueName\":\"search_term_string\"}}],\"inLanguage\":\"pt-BR\"},{\"@type\":\"Organization\",\"@id\":\"https:\\\/\\\/redenoticiaz.com.br\\\/litoralsp\\\/#organization\",\"name\":\"Litoral SP\",\"url\":\"https:\\\/\\\/redenoticiaz.com.br\\\/litoralsp\\\/\",\"logo\":{\"@type\":\"ImageObject\",\"inLanguage\":\"pt-BR\",\"@id\":\"https:\\\/\\\/redenoticiaz.com.br\\\/litoralsp\\\/#\\\/schema\\\/logo\\\/image\\\/\",\"url\":\"https:\\\/\\\/redenoticiaz.com.br\\\/litoralsp\\\/wp-content\\\/uploads\\\/sites\\\/3\\\/2020\\\/11\\\/logo.jpg\",\"contentUrl\":\"https:\\\/\\\/redenoticiaz.com.br\\\/litoralsp\\\/wp-content\\\/uploads\\\/sites\\\/3\\\/2020\\\/11\\\/logo.jpg\",\"width\":400,\"height\":250,\"caption\":\"Litoral SP\"},\"image\":{\"@id\":\"https:\\\/\\\/redenoticiaz.com.br\\\/litoralsp\\\/#\\\/schema\\\/logo\\\/image\\\/\"}},{\"@type\":\"Person\",\"@id\":\"https:\\\/\\\/redenoticiaz.com.br\\\/litoralsp\\\/#\\\/schema\\\/person\\\/16057b37a3c0ee6b096d7f887c566e2e\",\"name\":\"Gustavo Silva\",\"image\":{\"@type\":\"ImageObject\",\"inLanguage\":\"pt-BR\",\"@id\":\"https:\\\/\\\/secure.gravatar.com\\\/avatar\\\/3ee4e82f93b26de0a7cf4ea5eb7893da637ed6bb0c9170c58065944c56e28a33?s=96&d=mm&r=g\",\"url\":\"https:\\\/\\\/secure.gravatar.com\\\/avatar\\\/3ee4e82f93b26de0a7cf4ea5eb7893da637ed6bb0c9170c58065944c56e28a33?s=96&d=mm&r=g\",\"contentUrl\":\"https:\\\/\\\/secure.gravatar.com\\\/avatar\\\/3ee4e82f93b26de0a7cf4ea5eb7893da637ed6bb0c9170c58065944c56e28a33?s=96&d=mm&r=g\",\"caption\":\"Gustavo Silva\"},\"url\":\"https:\\\/\\\/redenoticiaz.com.br\\\/litoralsp\\\/author\\\/gustavosilva\"}]}<\/script>\n<!-- \/ Yoast SEO plugin. -->","yoast_head_json":{"title":"Acidente deixa um morto na Avenida Martins em Santos - Litoral SP","description":"Um acidente deixou um morto na Avenida Martins, no bairro Valongo em Santos na tarde desta ter\u00e7a-feira (18) e gerou um grande congestionamento no local.","robots":{"index":"index","follow":"follow","max-snippet":"max-snippet:-1","max-image-preview":"max-image-preview:large","max-video-preview":"max-video-preview:-1"},"canonical":"https:\/\/redenoticiaz.com.br\/litoralsp\/2023\/04\/18\/acidente-deixa-um-morto-na-avenida-martins-em-santos","og_locale":"pt_BR","og_type":"article","og_title":"Acidente deixa um morto na Avenida Martins em Santos - Litoral SP","og_description":"Um acidente deixou um morto na Avenida Martins, no bairro Valongo em Santos na tarde desta ter\u00e7a-feira (18) e gerou um grande congestionamento no local.","og_url":"https:\/\/redenoticiaz.com.br\/litoralsp\/2023\/04\/18\/acidente-deixa-um-morto-na-avenida-martins-em-santos","og_site_name":"Litoral SP","article_published_time":"2023-04-19T00:28:39+00:00","og_image":[{"width":607,"height":1080,"url":"https:\/\/redenoticiaz.com.br\/litoralsp\/wp-content\/uploads\/sites\/3\/2023\/04\/WhatsApp-Image-2023-04-18-at-19.33.16.jpeg","type":"image\/jpeg"}],"author":"Gustavo Silva","twitter_card":"summary_large_image","twitter_misc":{"Escrito por":"Gustavo Silva","Est. tempo de leitura":"2 minutos"},"schema":{"@context":"https:\/\/schema.org","@graph":[{"@type":"Article","@id":"https:\/\/redenoticiaz.com.br\/litoralsp\/2023\/04\/18\/acidente-deixa-um-morto-na-avenida-martins-em-santos#article","isPartOf":{"@id":"https:\/\/redenoticiaz.com.br\/litoralsp\/2023\/04\/18\/acidente-deixa-um-morto-na-avenida-martins-em-santos"},"author":{"name":"Gustavo Silva","@id":"https:\/\/redenoticiaz.com.br\/litoralsp\/#\/schema\/person\/16057b37a3c0ee6b096d7f887c566e2e"},"headline":"Acidente deixa um morto na Avenida Martins em Santos","datePublished":"2023-04-19T00:28:39+00:00","mainEntityOfPage":{"@id":"https:\/\/redenoticiaz.com.br\/litoralsp\/2023\/04\/18\/acidente-deixa-um-morto-na-avenida-martins-em-santos"},"wordCount":168,"commentCount":0,"publisher":{"@id":"https:\/\/redenoticiaz.com.br\/litoralsp\/#organization"},"image":{"@id":"https:\/\/redenoticiaz.com.br\/litoralsp\/2023\/04\/18\/acidente-deixa-um-morto-na-avenida-martins-em-santos#primaryimage"},"thumbnailUrl":"https:\/\/redenoticiaz.com.br\/litoralsp\/wp-content\/uploads\/sites\/3\/2023\/04\/WhatsApp-Image-2023-04-18-at-19.33.16.jpeg","keywords":["acidente","Avenida Martins","MORTE","Santos","VALONGO"],"articleSection":["Santos"],"inLanguage":"pt-BR","potentialAction":[{"@type":"CommentAction","name":"Comment","target":["https:\/\/redenoticiaz.com.br\/litoralsp\/2023\/04\/18\/acidente-deixa-um-morto-na-avenida-martins-em-santos#respond"]}]},{"@type":"WebPage","@id":"https:\/\/redenoticiaz.com.br\/litoralsp\/2023\/04\/18\/acidente-deixa-um-morto-na-avenida-martins-em-santos","url":"https:\/\/redenoticiaz.com.br\/litoralsp\/2023\/04\/18\/acidente-deixa-um-morto-na-avenida-martins-em-santos","name":"Acidente deixa um morto na Avenida Martins em Santos - Litoral SP","isPartOf":{"@id":"https:\/\/redenoticiaz.com.br\/litoralsp\/#website"},"primaryImageOfPage":{"@id":"https:\/\/redenoticiaz.com.br\/litoralsp\/2023\/04\/18\/acidente-deixa-um-morto-na-avenida-martins-em-santos#primaryimage"},"image":{"@id":"https:\/\/redenoticiaz.com.br\/litoralsp\/2023\/04\/18\/acidente-deixa-um-morto-na-avenida-martins-em-santos#primaryimage"},"thumbnailUrl":"https:\/\/redenoticiaz.com.br\/litoralsp\/wp-content\/uploads\/sites\/3\/2023\/04\/WhatsApp-Image-2023-04-18-at-19.33.16.jpeg","datePublished":"2023-04-19T00:28:39+00:00","description":"Um acidente deixou um morto na Avenida Martins, no bairro Valongo em Santos na tarde desta ter\u00e7a-feira (18) e gerou um grande congestionamento no local.","inLanguage":"pt-BR","potentialAction":[{"@type":"ReadAction","target":["https:\/\/redenoticiaz.com.br\/litoralsp\/2023\/04\/18\/acidente-deixa-um-morto-na-avenida-martins-em-santos"]}]},{"@type":"ImageObject","inLanguage":"pt-BR","@id":"https:\/\/redenoticiaz.com.br\/litoralsp\/2023\/04\/18\/acidente-deixa-um-morto-na-avenida-martins-em-santos#primaryimage","url":"https:\/\/redenoticiaz.com.br\/litoralsp\/wp-content\/uploads\/sites\/3\/2023\/04\/WhatsApp-Image-2023-04-18-at-19.33.16.jpeg","contentUrl":"https:\/\/redenoticiaz.com.br\/litoralsp\/wp-content\/uploads\/sites\/3\/2023\/04\/WhatsApp-Image-2023-04-18-at-19.33.16.jpeg","width":607,"height":1080,"caption":"Acidente deixa um morto na Avenida Martins em Santos"},{"@type":"WebSite","@id":"https:\/\/redenoticiaz.com.br\/litoralsp\/#website","url":"https:\/\/redenoticiaz.com.br\/litoralsp\/","name":"Litoral SP","description":"Rede NoticiaZ","publisher":{"@id":"https:\/\/redenoticiaz.com.br\/litoralsp\/#organization"},"potentialAction":[{"@type":"SearchAction","target":{"@type":"EntryPoint","urlTemplate":"https:\/\/redenoticiaz.com.br\/litoralsp\/?s={search_term_string}"},"query-input":{"@type":"PropertyValueSpecification","valueRequired":true,"valueName":"search_term_string"}}],"inLanguage":"pt-BR"},{"@type":"Organization","@id":"https:\/\/redenoticiaz.com.br\/litoralsp\/#organization","name":"Litoral SP","url":"https:\/\/redenoticiaz.com.br\/litoralsp\/","logo":{"@type":"ImageObject","inLanguage":"pt-BR","@id":"https:\/\/redenoticiaz.com.br\/litoralsp\/#\/schema\/logo\/image\/","url":"https:\/\/redenoticiaz.com.br\/litoralsp\/wp-content\/uploads\/sites\/3\/2020\/11\/logo.jpg","contentUrl":"https:\/\/redenoticiaz.com.br\/litoralsp\/wp-content\/uploads\/sites\/3\/2020\/11\/logo.jpg","width":400,"height":250,"caption":"Litoral SP"},"image":{"@id":"https:\/\/redenoticiaz.com.br\/litoralsp\/#\/schema\/logo\/image\/"}},{"@type":"Person","@id":"https:\/\/redenoticiaz.com.br\/litoralsp\/#\/schema\/person\/16057b37a3c0ee6b096d7f887c566e2e","name":"Gustavo Silva","image":{"@type":"ImageObject","inLanguage":"pt-BR","@id":"https:\/\/secure.gravatar.com\/avatar\/3ee4e82f93b26de0a7cf4ea5eb7893da637ed6bb0c9170c58065944c56e28a33?s=96&d=mm&r=g","url":"https:\/\/secure.gravatar.com\/avatar\/3ee4e82f93b26de0a7cf4ea5eb7893da637ed6bb0c9170c58065944c56e28a33?s=96&d=mm&r=g","contentUrl":"https:\/\/secure.gravatar.com\/avatar\/3ee4e82f93b26de0a7cf4ea5eb7893da637ed6bb0c9170c58065944c56e28a33?s=96&d=mm&r=g","caption":"Gustavo Silva"},"url":"https:\/\/redenoticiaz.com.br\/litoralsp\/author\/gustavosilva"}]}},"_links":{"self":[{"href":"https:\/\/redenoticiaz.com.br\/litoralsp\/wp-json\/wp\/v2\/posts\/104293","targetHints":{"allow":["GET"]}}],"collection":[{"href":"https:\/\/redenoticiaz.com.br\/litoralsp\/wp-json\/wp\/v2\/posts"}],"about":[{"href":"https:\/\/redenoticiaz.com.br\/litoralsp\/wp-json\/wp\/v2\/types\/post"}],"author":[{"embeddable":true,"href":"https:\/\/redenoticiaz.com.br\/litoralsp\/wp-json\/wp\/v2\/users\/12"}],"replies":[{"embeddable":true,"href":"https:\/\/redenoticiaz.com.br\/litoralsp\/wp-json\/wp\/v2\/comments?post=104293"}],"version-history":[{"count":1,"href":"https:\/\/redenoticiaz.com.br\/litoralsp\/wp-json\/wp\/v2\/posts\/104293\/revisions"}],"predecessor-version":[{"id":104297,"href":"https:\/\/redenoticiaz.com.br\/litoralsp\/wp-json\/wp\/v2\/posts\/104293\/revisions\/104297"}],"wp:featuredmedia":[{"embeddable":true,"href":"https:\/\/redenoticiaz.com.br\/litoralsp\/wp-json\/wp\/v2\/media\/104295"}],"wp:attachment":[{"href":"https:\/\/redenoticiaz.com.br\/litoralsp\/wp-json\/wp\/v2\/media?parent=104293"}],"wp:term":[{"taxonomy":"category","embeddable":true,"href":"https:\/\/redenoticiaz.com.br\/litoralsp\/wp-json\/wp\/v2\/categories?post=104293"},{"taxonomy":"post_tag","embeddable":true,"href":"https:\/\/redenoticiaz.com.br\/litoralsp\/wp-json\/wp\/v2\/tags?post=104293"}],"curies":[{"name":"wp","href":"https:\/\/api.w.org\/{rel}","templated":true}]}}