{"id":104327,"date":"2023-04-19T09:14:17","date_gmt":"2023-04-19T12:14:17","guid":{"rendered":"https:\/\/redenoticiaz.com.br\/litoralsp\/?p=104327"},"modified":"2023-04-19T09:14:17","modified_gmt":"2023-04-19T12:14:17","slug":"video-frente-fria-chega-com-chuva-intensa-e-temperatura-baixa-em-santos","status":"publish","type":"post","link":"https:\/\/redenoticiaz.com.br\/litoralsp\/2023\/04\/19\/video-frente-fria-chega-com-chuva-intensa-e-temperatura-baixa-em-santos","title":{"rendered":"V\u00cdDEO &#8211; Frente fria chega com chuva intensa e temperatura baixa em Santos"},"content":{"rendered":"<div>\n<div class=\"col-md-offset-1 col-md-10\">\n<div class=\"field field-name-body field-type-text-with-summary field-label-hidden\">\n<div class=\"field-items\">\n<div class=\"field-item even\">\n<p>A Defesa Civil de Santos alertou e o tempo virou na ter\u00e7a-feira (18). Por causa da frente fria, a <strong>chuva veio com intensidade<\/strong>, causando pontos de alagamentos e a tend\u00eancia \u00e9 de clima inst\u00e1vel e mais frio at\u00e9 pelo menos a sexta-feira (21).<\/p>\n<p>Mais uma vez a Avenida Nossa Senhora de F\u00e1tima teve registro de alagamentos. O trecho entre a Avenida Martins Fontes at\u00e9 a regi\u00e3o do SESI teve \u00e1gua acumulada, que complicou o tr\u00e2nsito. Imagens recebidas pela Rede Noticiaz mostram como a via estava com o temporal que caiu no come\u00e7o da noite de ter\u00e7a-feira.<\/p>\n<h3>Veja o v\u00eddeo:<\/h3>\n<div style=\"width: 640px;\" class=\"wp-video\"><video class=\"wp-video-shortcode\" id=\"video-104327-1\" width=\"640\" height=\"352\" preload=\"metadata\" controls=\"controls\"><source type=\"video\/mp4\" src=\"https:\/\/redenoticiaz.com.br\/litoralsp\/wp-content\/uploads\/sites\/3\/2023\/04\/WhatsApp-Video-2023-04-18-at-19.12.37.mp4?_=1\" \/><a href=\"https:\/\/redenoticiaz.com.br\/litoralsp\/wp-content\/uploads\/sites\/3\/2023\/04\/WhatsApp-Video-2023-04-18-at-19.12.37.mp4\">https:\/\/redenoticiaz.com.br\/litoralsp\/wp-content\/uploads\/sites\/3\/2023\/04\/WhatsApp-Video-2023-04-18-at-19.12.37.mp4<\/a><\/video><\/div>\n<p>A previs\u00e3o do N\u00facleo de Pesquisas Hidrodin\u00e2micas da Universidade Santa Cec\u00edlia (NPH-Unisanta), informa que al\u00e9m da frente fria, ela vem junta com mar\u00e9 elevada e ventos intensos na regi\u00e3o costeira.<\/p>\n<p>Com rela\u00e7\u00e3o ao n\u00edvel do mar, \u00e9 poss\u00edvel que ultrapasse 2m na Ba\u00eda de Santos e 2,2m no interior do estu\u00e1rio, com picos nesta quinta (20) e sexta-feira (21) \u00e0s 15 horas, representando aumento de at\u00e9 70cm em rela\u00e7\u00e3o \u00e0 t\u00e1bua de mar\u00e9s. Conforme o Plano Municipal de Conting\u00eancia para Ressacas e Inunda\u00e7\u00f5es de Santos, o estado \u00e9 de alerta.<\/p>\n<p>Se as previs\u00f5es oceanogr\u00e1ficas se confirmarem, h\u00e1 possibilidade de alagamentos nos per\u00edodos de mar\u00e9 elevada, mas n\u00e3o s\u00e3o esperados impactos nas estruturas urbanas costeiras do Munic\u00edpio, devido \u00e0 intensidade e dire\u00e7\u00e3o preferencial das ondas.<\/p>\n<p><strong>LEIA TAMB\u00c9M<\/strong><\/p>\n<p><a href=\"https:\/\/redenoticiaz.com.br\/litoralsp\/2023\/04\/18\/defesa-civil-ensina-nas-escolas-medidas-de-prevencao-a-acidentes-e-desastres-naturais\">Defesa Civil ensina nas escolas medidas de preven\u00e7\u00e3o a acidentes e desastres naturais<\/a><\/p>\n<\/div>\n<\/div>\n<\/div>\n<\/div>\n<\/div>\n","protected":false},"excerpt":{"rendered":"<p>A Defesa Civil de Santos alertou e o tempo virou na ter\u00e7a-feira (18). Por causa da frente fria, a chuva veio com intensidade, causando pontos de alagamentos e a tend\u00eancia \u00e9 de clima inst\u00e1vel e mais frio at\u00e9 pelo menos a sexta-feira (21). Mais uma vez a Avenida Nossa Senhora de F\u00e1tima teve registro de &hellip;<\/p>\n","protected":false},"author":6,"featured_media":104329,"comment_status":"open","ping_status":"closed","sticky":false,"template":"","format":"standard","meta":{"footnotes":""},"categories":[26798,180],"tags":[30032,45237,7416,10996,28875,986],"class_list":["post-104327","post","type-post","status-publish","format-standard","has-post-thumbnail","hentry","category-climatologia","category-santos","tag-avenida-nossa-senhora-de-fatima","tag-defesa-civil-de-santos","tag-fortes-chuvas","tag-frente-fria","tag-nph-unisanta","tag-santos"],"yoast_head":"<!-- This site is optimized with the Yoast SEO plugin v27.4 - https:\/\/yoast.com\/product\/yoast-seo-wordpress\/ -->\n<title>V\u00cdDEO &#8211; Frente fria chega com chuva intensa e temperatura baixa em Santos - Litoral SP<\/title>\n<meta name=\"description\" content=\"A Defesa Civil de Santos alertou e o tempo virou na ter\u00e7a-feira (18). Por causa da frente fria, a chuva veio com intensidade, causando\" \/>\n<meta name=\"robots\" content=\"index, follow, max-snippet:-1, max-image-preview:large, max-video-preview:-1\" \/>\n<link rel=\"canonical\" href=\"https:\/\/redenoticiaz.com.br\/litoralsp\/2023\/04\/19\/video-frente-fria-chega-com-chuva-intensa-e-temperatura-baixa-em-santos\" \/>\n<meta property=\"og:locale\" content=\"pt_BR\" \/>\n<meta property=\"og:type\" content=\"article\" \/>\n<meta property=\"og:title\" content=\"V\u00cdDEO &#8211; Frente fria chega com chuva intensa e temperatura baixa em Santos - Litoral SP\" \/>\n<meta property=\"og:description\" content=\"A Defesa Civil de Santos alertou e o tempo virou na ter\u00e7a-feira (18). Por causa da frente fria, a chuva veio com intensidade, causando\" \/>\n<meta property=\"og:url\" content=\"https:\/\/redenoticiaz.com.br\/litoralsp\/2023\/04\/19\/video-frente-fria-chega-com-chuva-intensa-e-temperatura-baixa-em-santos\" \/>\n<meta property=\"og:site_name\" content=\"Litoral SP\" \/>\n<meta property=\"article:published_time\" content=\"2023-04-19T12:14:17+00:00\" \/>\n<meta property=\"og:image\" content=\"https:\/\/redenoticiaz.com.br\/litoralsp\/wp-content\/uploads\/sites\/3\/2023\/04\/chuva-sts.jpg\" \/>\n\t<meta property=\"og:image:width\" content=\"927\" \/>\n\t<meta property=\"og:image:height\" content=\"522\" \/>\n\t<meta property=\"og:image:type\" content=\"image\/jpeg\" \/>\n<meta name=\"author\" content=\"Leonardo Francisco\" \/>\n<meta name=\"twitter:card\" content=\"summary_large_image\" \/>\n<meta name=\"twitter:label1\" content=\"Escrito por\" \/>\n\t<meta name=\"twitter:data1\" content=\"Leonardo Francisco\" \/>\n\t<meta name=\"twitter:label2\" content=\"Est. tempo de leitura\" \/>\n\t<meta name=\"twitter:data2\" content=\"2 minutos\" \/>\n<script type=\"application\/ld+json\" class=\"yoast-schema-graph\">{\"@context\":\"https:\\\/\\\/schema.org\",\"@graph\":[{\"@type\":\"Article\",\"@id\":\"https:\\\/\\\/redenoticiaz.com.br\\\/litoralsp\\\/2023\\\/04\\\/19\\\/video-frente-fria-chega-com-chuva-intensa-e-temperatura-baixa-em-santos#article\",\"isPartOf\":{\"@id\":\"https:\\\/\\\/redenoticiaz.com.br\\\/litoralsp\\\/2023\\\/04\\\/19\\\/video-frente-fria-chega-com-chuva-intensa-e-temperatura-baixa-em-santos\"},\"author\":{\"name\":\"Leonardo Francisco\",\"@id\":\"https:\\\/\\\/redenoticiaz.com.br\\\/litoralsp\\\/#\\\/schema\\\/person\\\/0f0b8a5bdafefe82841e07ae8d81ecb3\"},\"headline\":\"V\u00cdDEO &#8211; Frente fria chega com chuva intensa e temperatura baixa em Santos\",\"datePublished\":\"2023-04-19T12:14:17+00:00\",\"mainEntityOfPage\":{\"@id\":\"https:\\\/\\\/redenoticiaz.com.br\\\/litoralsp\\\/2023\\\/04\\\/19\\\/video-frente-fria-chega-com-chuva-intensa-e-temperatura-baixa-em-santos\"},\"wordCount\":293,\"commentCount\":0,\"publisher\":{\"@id\":\"https:\\\/\\\/redenoticiaz.com.br\\\/litoralsp\\\/#organization\"},\"image\":{\"@id\":\"https:\\\/\\\/redenoticiaz.com.br\\\/litoralsp\\\/2023\\\/04\\\/19\\\/video-frente-fria-chega-com-chuva-intensa-e-temperatura-baixa-em-santos#primaryimage\"},\"thumbnailUrl\":\"https:\\\/\\\/redenoticiaz.com.br\\\/litoralsp\\\/wp-content\\\/uploads\\\/sites\\\/3\\\/2023\\\/04\\\/chuva-sts.jpg\",\"keywords\":[\"AVENIDA NOSSA SENHORA DE F\u00c1TIMA\",\"DEFESA CIVIL DE SANTOS\",\"FORTES CHUVAS\",\"FRENTE FRIA\",\"NPH-UNISANTA\",\"Santos\"],\"articleSection\":[\"Climatologia\",\"Santos\"],\"inLanguage\":\"pt-BR\",\"potentialAction\":[{\"@type\":\"CommentAction\",\"name\":\"Comment\",\"target\":[\"https:\\\/\\\/redenoticiaz.com.br\\\/litoralsp\\\/2023\\\/04\\\/19\\\/video-frente-fria-chega-com-chuva-intensa-e-temperatura-baixa-em-santos#respond\"]}]},{\"@type\":\"WebPage\",\"@id\":\"https:\\\/\\\/redenoticiaz.com.br\\\/litoralsp\\\/2023\\\/04\\\/19\\\/video-frente-fria-chega-com-chuva-intensa-e-temperatura-baixa-em-santos\",\"url\":\"https:\\\/\\\/redenoticiaz.com.br\\\/litoralsp\\\/2023\\\/04\\\/19\\\/video-frente-fria-chega-com-chuva-intensa-e-temperatura-baixa-em-santos\",\"name\":\"V\u00cdDEO &#8211; Frente fria chega com chuva intensa e temperatura baixa em Santos - Litoral SP\",\"isPartOf\":{\"@id\":\"https:\\\/\\\/redenoticiaz.com.br\\\/litoralsp\\\/#website\"},\"primaryImageOfPage\":{\"@id\":\"https:\\\/\\\/redenoticiaz.com.br\\\/litoralsp\\\/2023\\\/04\\\/19\\\/video-frente-fria-chega-com-chuva-intensa-e-temperatura-baixa-em-santos#primaryimage\"},\"image\":{\"@id\":\"https:\\\/\\\/redenoticiaz.com.br\\\/litoralsp\\\/2023\\\/04\\\/19\\\/video-frente-fria-chega-com-chuva-intensa-e-temperatura-baixa-em-santos#primaryimage\"},\"thumbnailUrl\":\"https:\\\/\\\/redenoticiaz.com.br\\\/litoralsp\\\/wp-content\\\/uploads\\\/sites\\\/3\\\/2023\\\/04\\\/chuva-sts.jpg\",\"datePublished\":\"2023-04-19T12:14:17+00:00\",\"description\":\"A Defesa Civil de Santos alertou e o tempo virou na ter\u00e7a-feira (18). Por causa da frente fria, a chuva veio com intensidade, causando\",\"inLanguage\":\"pt-BR\",\"potentialAction\":[{\"@type\":\"ReadAction\",\"target\":[\"https:\\\/\\\/redenoticiaz.com.br\\\/litoralsp\\\/2023\\\/04\\\/19\\\/video-frente-fria-chega-com-chuva-intensa-e-temperatura-baixa-em-santos\"]}]},{\"@type\":\"ImageObject\",\"inLanguage\":\"pt-BR\",\"@id\":\"https:\\\/\\\/redenoticiaz.com.br\\\/litoralsp\\\/2023\\\/04\\\/19\\\/video-frente-fria-chega-com-chuva-intensa-e-temperatura-baixa-em-santos#primaryimage\",\"url\":\"https:\\\/\\\/redenoticiaz.com.br\\\/litoralsp\\\/wp-content\\\/uploads\\\/sites\\\/3\\\/2023\\\/04\\\/chuva-sts.jpg\",\"contentUrl\":\"https:\\\/\\\/redenoticiaz.com.br\\\/litoralsp\\\/wp-content\\\/uploads\\\/sites\\\/3\\\/2023\\\/04\\\/chuva-sts.jpg\",\"width\":927,\"height\":522,\"caption\":\"Cr\u00e9ditos: Divulga\u00e7\u00e3o\\\/Prefeitura de Santos\"},{\"@type\":\"WebSite\",\"@id\":\"https:\\\/\\\/redenoticiaz.com.br\\\/litoralsp\\\/#website\",\"url\":\"https:\\\/\\\/redenoticiaz.com.br\\\/litoralsp\\\/\",\"name\":\"Litoral SP\",\"description\":\"Rede NoticiaZ\",\"publisher\":{\"@id\":\"https:\\\/\\\/redenoticiaz.com.br\\\/litoralsp\\\/#organization\"},\"potentialAction\":[{\"@type\":\"SearchAction\",\"target\":{\"@type\":\"EntryPoint\",\"urlTemplate\":\"https:\\\/\\\/redenoticiaz.com.br\\\/litoralsp\\\/?s={search_term_string}\"},\"query-input\":{\"@type\":\"PropertyValueSpecification\",\"valueRequired\":true,\"valueName\":\"search_term_string\"}}],\"inLanguage\":\"pt-BR\"},{\"@type\":\"Organization\",\"@id\":\"https:\\\/\\\/redenoticiaz.com.br\\\/litoralsp\\\/#organization\",\"name\":\"Litoral SP\",\"url\":\"https:\\\/\\\/redenoticiaz.com.br\\\/litoralsp\\\/\",\"logo\":{\"@type\":\"ImageObject\",\"inLanguage\":\"pt-BR\",\"@id\":\"https:\\\/\\\/redenoticiaz.com.br\\\/litoralsp\\\/#\\\/schema\\\/logo\\\/image\\\/\",\"url\":\"https:\\\/\\\/redenoticiaz.com.br\\\/litoralsp\\\/wp-content\\\/uploads\\\/sites\\\/3\\\/2020\\\/11\\\/logo.jpg\",\"contentUrl\":\"https:\\\/\\\/redenoticiaz.com.br\\\/litoralsp\\\/wp-content\\\/uploads\\\/sites\\\/3\\\/2020\\\/11\\\/logo.jpg\",\"width\":400,\"height\":250,\"caption\":\"Litoral SP\"},\"image\":{\"@id\":\"https:\\\/\\\/redenoticiaz.com.br\\\/litoralsp\\\/#\\\/schema\\\/logo\\\/image\\\/\"}},{\"@type\":\"Person\",\"@id\":\"https:\\\/\\\/redenoticiaz.com.br\\\/litoralsp\\\/#\\\/schema\\\/person\\\/0f0b8a5bdafefe82841e07ae8d81ecb3\",\"name\":\"Leonardo Francisco\",\"image\":{\"@type\":\"ImageObject\",\"inLanguage\":\"pt-BR\",\"@id\":\"https:\\\/\\\/secure.gravatar.com\\\/avatar\\\/a7358cb406a99b682ec6df1e77e31ae82e63601f6784e8a3df411d72b37864da?s=96&d=mm&r=g\",\"url\":\"https:\\\/\\\/secure.gravatar.com\\\/avatar\\\/a7358cb406a99b682ec6df1e77e31ae82e63601f6784e8a3df411d72b37864da?s=96&d=mm&r=g\",\"contentUrl\":\"https:\\\/\\\/secure.gravatar.com\\\/avatar\\\/a7358cb406a99b682ec6df1e77e31ae82e63601f6784e8a3df411d72b37864da?s=96&d=mm&r=g\",\"caption\":\"Leonardo Francisco\"},\"url\":\"https:\\\/\\\/redenoticiaz.com.br\\\/litoralsp\\\/author\\\/leonardo-francisco\"}]}<\/script>\n<!-- \/ Yoast SEO plugin. -->","yoast_head_json":{"title":"V\u00cdDEO &#8211; Frente fria chega com chuva intensa e temperatura baixa em Santos - Litoral SP","description":"A Defesa Civil de Santos alertou e o tempo virou na ter\u00e7a-feira (18). Por causa da frente fria, a chuva veio com intensidade, causando","robots":{"index":"index","follow":"follow","max-snippet":"max-snippet:-1","max-image-preview":"max-image-preview:large","max-video-preview":"max-video-preview:-1"},"canonical":"https:\/\/redenoticiaz.com.br\/litoralsp\/2023\/04\/19\/video-frente-fria-chega-com-chuva-intensa-e-temperatura-baixa-em-santos","og_locale":"pt_BR","og_type":"article","og_title":"V\u00cdDEO &#8211; Frente fria chega com chuva intensa e temperatura baixa em Santos - Litoral SP","og_description":"A Defesa Civil de Santos alertou e o tempo virou na ter\u00e7a-feira (18). Por causa da frente fria, a chuva veio com intensidade, causando","og_url":"https:\/\/redenoticiaz.com.br\/litoralsp\/2023\/04\/19\/video-frente-fria-chega-com-chuva-intensa-e-temperatura-baixa-em-santos","og_site_name":"Litoral SP","article_published_time":"2023-04-19T12:14:17+00:00","og_image":[{"width":927,"height":522,"url":"https:\/\/redenoticiaz.com.br\/litoralsp\/wp-content\/uploads\/sites\/3\/2023\/04\/chuva-sts.jpg","type":"image\/jpeg"}],"author":"Leonardo Francisco","twitter_card":"summary_large_image","twitter_misc":{"Escrito por":"Leonardo Francisco","Est. tempo de leitura":"2 minutos"},"schema":{"@context":"https:\/\/schema.org","@graph":[{"@type":"Article","@id":"https:\/\/redenoticiaz.com.br\/litoralsp\/2023\/04\/19\/video-frente-fria-chega-com-chuva-intensa-e-temperatura-baixa-em-santos#article","isPartOf":{"@id":"https:\/\/redenoticiaz.com.br\/litoralsp\/2023\/04\/19\/video-frente-fria-chega-com-chuva-intensa-e-temperatura-baixa-em-santos"},"author":{"name":"Leonardo Francisco","@id":"https:\/\/redenoticiaz.com.br\/litoralsp\/#\/schema\/person\/0f0b8a5bdafefe82841e07ae8d81ecb3"},"headline":"V\u00cdDEO &#8211; Frente fria chega com chuva intensa e temperatura baixa em Santos","datePublished":"2023-04-19T12:14:17+00:00","mainEntityOfPage":{"@id":"https:\/\/redenoticiaz.com.br\/litoralsp\/2023\/04\/19\/video-frente-fria-chega-com-chuva-intensa-e-temperatura-baixa-em-santos"},"wordCount":293,"commentCount":0,"publisher":{"@id":"https:\/\/redenoticiaz.com.br\/litoralsp\/#organization"},"image":{"@id":"https:\/\/redenoticiaz.com.br\/litoralsp\/2023\/04\/19\/video-frente-fria-chega-com-chuva-intensa-e-temperatura-baixa-em-santos#primaryimage"},"thumbnailUrl":"https:\/\/redenoticiaz.com.br\/litoralsp\/wp-content\/uploads\/sites\/3\/2023\/04\/chuva-sts.jpg","keywords":["AVENIDA NOSSA SENHORA DE F\u00c1TIMA","DEFESA CIVIL DE SANTOS","FORTES CHUVAS","FRENTE FRIA","NPH-UNISANTA","Santos"],"articleSection":["Climatologia","Santos"],"inLanguage":"pt-BR","potentialAction":[{"@type":"CommentAction","name":"Comment","target":["https:\/\/redenoticiaz.com.br\/litoralsp\/2023\/04\/19\/video-frente-fria-chega-com-chuva-intensa-e-temperatura-baixa-em-santos#respond"]}]},{"@type":"WebPage","@id":"https:\/\/redenoticiaz.com.br\/litoralsp\/2023\/04\/19\/video-frente-fria-chega-com-chuva-intensa-e-temperatura-baixa-em-santos","url":"https:\/\/redenoticiaz.com.br\/litoralsp\/2023\/04\/19\/video-frente-fria-chega-com-chuva-intensa-e-temperatura-baixa-em-santos","name":"V\u00cdDEO &#8211; Frente fria chega com chuva intensa e temperatura baixa em Santos - Litoral SP","isPartOf":{"@id":"https:\/\/redenoticiaz.com.br\/litoralsp\/#website"},"primaryImageOfPage":{"@id":"https:\/\/redenoticiaz.com.br\/litoralsp\/2023\/04\/19\/video-frente-fria-chega-com-chuva-intensa-e-temperatura-baixa-em-santos#primaryimage"},"image":{"@id":"https:\/\/redenoticiaz.com.br\/litoralsp\/2023\/04\/19\/video-frente-fria-chega-com-chuva-intensa-e-temperatura-baixa-em-santos#primaryimage"},"thumbnailUrl":"https:\/\/redenoticiaz.com.br\/litoralsp\/wp-content\/uploads\/sites\/3\/2023\/04\/chuva-sts.jpg","datePublished":"2023-04-19T12:14:17+00:00","description":"A Defesa Civil de Santos alertou e o tempo virou na ter\u00e7a-feira (18). Por causa da frente fria, a chuva veio com intensidade, causando","inLanguage":"pt-BR","potentialAction":[{"@type":"ReadAction","target":["https:\/\/redenoticiaz.com.br\/litoralsp\/2023\/04\/19\/video-frente-fria-chega-com-chuva-intensa-e-temperatura-baixa-em-santos"]}]},{"@type":"ImageObject","inLanguage":"pt-BR","@id":"https:\/\/redenoticiaz.com.br\/litoralsp\/2023\/04\/19\/video-frente-fria-chega-com-chuva-intensa-e-temperatura-baixa-em-santos#primaryimage","url":"https:\/\/redenoticiaz.com.br\/litoralsp\/wp-content\/uploads\/sites\/3\/2023\/04\/chuva-sts.jpg","contentUrl":"https:\/\/redenoticiaz.com.br\/litoralsp\/wp-content\/uploads\/sites\/3\/2023\/04\/chuva-sts.jpg","width":927,"height":522,"caption":"Cr\u00e9ditos: Divulga\u00e7\u00e3o\/Prefeitura de Santos"},{"@type":"WebSite","@id":"https:\/\/redenoticiaz.com.br\/litoralsp\/#website","url":"https:\/\/redenoticiaz.com.br\/litoralsp\/","name":"Litoral SP","description":"Rede NoticiaZ","publisher":{"@id":"https:\/\/redenoticiaz.com.br\/litoralsp\/#organization"},"potentialAction":[{"@type":"SearchAction","target":{"@type":"EntryPoint","urlTemplate":"https:\/\/redenoticiaz.com.br\/litoralsp\/?s={search_term_string}"},"query-input":{"@type":"PropertyValueSpecification","valueRequired":true,"valueName":"search_term_string"}}],"inLanguage":"pt-BR"},{"@type":"Organization","@id":"https:\/\/redenoticiaz.com.br\/litoralsp\/#organization","name":"Litoral SP","url":"https:\/\/redenoticiaz.com.br\/litoralsp\/","logo":{"@type":"ImageObject","inLanguage":"pt-BR","@id":"https:\/\/redenoticiaz.com.br\/litoralsp\/#\/schema\/logo\/image\/","url":"https:\/\/redenoticiaz.com.br\/litoralsp\/wp-content\/uploads\/sites\/3\/2020\/11\/logo.jpg","contentUrl":"https:\/\/redenoticiaz.com.br\/litoralsp\/wp-content\/uploads\/sites\/3\/2020\/11\/logo.jpg","width":400,"height":250,"caption":"Litoral SP"},"image":{"@id":"https:\/\/redenoticiaz.com.br\/litoralsp\/#\/schema\/logo\/image\/"}},{"@type":"Person","@id":"https:\/\/redenoticiaz.com.br\/litoralsp\/#\/schema\/person\/0f0b8a5bdafefe82841e07ae8d81ecb3","name":"Leonardo Francisco","image":{"@type":"ImageObject","inLanguage":"pt-BR","@id":"https:\/\/secure.gravatar.com\/avatar\/a7358cb406a99b682ec6df1e77e31ae82e63601f6784e8a3df411d72b37864da?s=96&d=mm&r=g","url":"https:\/\/secure.gravatar.com\/avatar\/a7358cb406a99b682ec6df1e77e31ae82e63601f6784e8a3df411d72b37864da?s=96&d=mm&r=g","contentUrl":"https:\/\/secure.gravatar.com\/avatar\/a7358cb406a99b682ec6df1e77e31ae82e63601f6784e8a3df411d72b37864da?s=96&d=mm&r=g","caption":"Leonardo Francisco"},"url":"https:\/\/redenoticiaz.com.br\/litoralsp\/author\/leonardo-francisco"}]}},"_links":{"self":[{"href":"https:\/\/redenoticiaz.com.br\/litoralsp\/wp-json\/wp\/v2\/posts\/104327","targetHints":{"allow":["GET"]}}],"collection":[{"href":"https:\/\/redenoticiaz.com.br\/litoralsp\/wp-json\/wp\/v2\/posts"}],"about":[{"href":"https:\/\/redenoticiaz.com.br\/litoralsp\/wp-json\/wp\/v2\/types\/post"}],"author":[{"embeddable":true,"href":"https:\/\/redenoticiaz.com.br\/litoralsp\/wp-json\/wp\/v2\/users\/6"}],"replies":[{"embeddable":true,"href":"https:\/\/redenoticiaz.com.br\/litoralsp\/wp-json\/wp\/v2\/comments?post=104327"}],"version-history":[{"count":1,"href":"https:\/\/redenoticiaz.com.br\/litoralsp\/wp-json\/wp\/v2\/posts\/104327\/revisions"}],"predecessor-version":[{"id":104330,"href":"https:\/\/redenoticiaz.com.br\/litoralsp\/wp-json\/wp\/v2\/posts\/104327\/revisions\/104330"}],"wp:featuredmedia":[{"embeddable":true,"href":"https:\/\/redenoticiaz.com.br\/litoralsp\/wp-json\/wp\/v2\/media\/104329"}],"wp:attachment":[{"href":"https:\/\/redenoticiaz.com.br\/litoralsp\/wp-json\/wp\/v2\/media?parent=104327"}],"wp:term":[{"taxonomy":"category","embeddable":true,"href":"https:\/\/redenoticiaz.com.br\/litoralsp\/wp-json\/wp\/v2\/categories?post=104327"},{"taxonomy":"post_tag","embeddable":true,"href":"https:\/\/redenoticiaz.com.br\/litoralsp\/wp-json\/wp\/v2\/tags?post=104327"}],"curies":[{"name":"wp","href":"https:\/\/api.w.org\/{rel}","templated":true}]}}