{"id":104338,"date":"2023-04-19T10:38:25","date_gmt":"2023-04-19T13:38:25","guid":{"rendered":"https:\/\/redenoticiaz.com.br\/litoralsp\/?p=104338"},"modified":"2023-04-19T10:38:25","modified_gmt":"2023-04-19T13:38:25","slug":"dia-dos-povos-indigenas-respeito-aos-legitimos-donos-do-brasil","status":"publish","type":"post","link":"https:\/\/redenoticiaz.com.br\/litoralsp\/2023\/04\/19\/dia-dos-povos-indigenas-respeito-aos-legitimos-donos-do-brasil","title":{"rendered":"Dia dos Povos Ind\u00edgenas: respeito aos leg\u00edtimos donos do Brasil"},"content":{"rendered":"<p>Nesta quarta-feira (19) \u00e9 celebrado o <strong>Dia dos Povos Ind\u00edgenas<\/strong>. At\u00e9 o ano passado o nome da festa era Dia do \u00edndio. Mas em julho de 2022 a Lei 14.402\/22 definiu o dia 19 de abril como o Dia dos Povos Ind\u00edgenas. A data serve para celebrar a cultura e heran\u00e7a desses povos. A medida, aprovada pelo Congresso Nacional, deixa de lado o termo \u00edndio, considerado preconceituoso contra os povos origin\u00e1rios.<\/p>\n<p>A palavra &#8220;\u00edndio&#8221; \u00e9 considerada problem\u00e1tica por ser um termo gen\u00e9rico e n\u00e3o considerar a diversidade dos povos ind\u00edgenas.<\/p>\n<p>H\u00e1 anos, defensores das causas ind\u00edgenas j\u00e1 argumentavam que a data, que marca a luta dos povos origin\u00e1rios pela sobreviv\u00eancia desde a coloniza\u00e7\u00e3o do Brasil at\u00e9 os genoc\u00eddios modernos, deveria ser chamada de &#8220;Dia dos Povos Ind\u00edgenas&#8221;.<\/p>\n<p>Para o coordenador executivo da Articula\u00e7\u00e3o dos Povos Ind\u00edgenas do Brasil (Apib), Dinamam Tux\u00e1, o preconceito acaba sendo refor\u00e7ado com estere\u00f3tipos que ainda persistem em comemora\u00e7\u00f5es e nos livros escolares.<\/p>\n<p>&#8220;V\u00e1rias escolas fantasiando; crian\u00e7as, querem colocar os ind\u00edgenas em um formato, dentro de uma caixinha. Ind\u00edgena \u00e9 aquele que mora dentro da floresta, que anda, tem vestimentas. Isso cria um cen\u00e1rio de um racismo porque essas crian\u00e7as crescem na ideologia de um ind\u00edgena do cabelo liso, dos olhos puxados, uma pele avermelhada. N\u00f3s passamos por um processo de miscigena\u00e7\u00e3o. N\u00f3s passamos por um processo de viol\u00eancia. Quantas mulheres ind\u00edgenas n\u00e3o sofreram abusos sexuais? Tiveram a miscigena\u00e7\u00e3o for\u00e7ada&#8221;.<\/p>\n<h3>Longo desafio<\/h3>\n<p>A exist\u00eancia dos povos ind\u00edgenas \u00e9 atravessada por s\u00e9culos de viol\u00eancia. Para Dinamam Tux\u00e1, essa viol\u00eancia persiste em forma de racismo, como resqu\u00edcio da coloniza\u00e7\u00e3o portuguesa.<\/p>\n<p>&#8220;Processo de muita viol\u00eancia, de acultura\u00e7\u00e3o for\u00e7ada, de retirada de l\u00edngua, de abuso, de trazer os povos ind\u00edgenas de forma for\u00e7ada a uma realidade que n\u00e3o lhes pertence, de n\u00e3o demarcar os territ\u00f3rios ind\u00edgenas, de n\u00e3o promover a\u00e7\u00f5es de pol\u00edticas p\u00fablicas que fomentem a cultura dos povos ind\u00edgenas. Ent\u00e3o todo esse cen\u00e1rio contribui ainda para que essa viol\u00eancia se propague dentro e fora das terras ind\u00edgenas&#8221;.<\/p>\n<p>O professor de Hist\u00f3ria da Universidade Federal do Rec\u00f4ncavo da Bahia, Fabr\u00edcio Lyrio, refor\u00e7a que a chegada dos portugueses trouxe uma s\u00e9rie de viol\u00eancias contra os povos origin\u00e1rios, o que resultou em genoc\u00eddio. Enquanto 5 milh\u00f5es de ind\u00edgenas viviam no Brasil, em 1500, atualmente essa popula\u00e7\u00e3o n\u00e3o chega a 1 milh\u00e3o.<\/p>\n<p>&#8220;\u00c9, sobretudo, uma viol\u00eancia simb\u00f3lica de demarcar uma presen\u00e7a em uma terra onde j\u00e1 havia outras pessoas vivendo. E essa viol\u00eancia tende a crescer. Tanto a viol\u00eancia intencional da guerra, da escraviza\u00e7\u00e3o, quanto a viol\u00eancia que n\u00e3o foi planejada mas que teve um impacto absurdo sobre as popula\u00e7\u00f5es nativas, a chegada de novas agentes infecciosos. H\u00e1 uma dimens\u00e3o de genoc\u00eddio, n\u00e3o h\u00e1 d\u00favida&#8221;.<\/p>\n<p>Fabr\u00edcio Lyrio lembra que, antes de imigrantes e pessoas do continente africano, os ind\u00edgenas foram os primeiros escravizados pelos portugueses no Brasil. Segundo o especialista, os primeiros engenhos de a\u00e7\u00facar no pa\u00eds foram montados com m\u00e3o de obra ind\u00edgena, em maior parte escravizada.<\/p>\n<p>Em 1500, os portugueses que aqui chegaram, acreditavam ter chegado \u00e0s \u00cdndias. Por isso, deram nome de \u00edndios aos que aqui j\u00e1 viviam. Mas, o termo correto \u00e9 ind\u00edgena, que significa, no latim, natural do lugar em que vive.<\/p>\n<p><strong>LEIA TAMB\u00c9M<\/strong><\/p>\n<p><a href=\"https:\/\/redenoticiaz.com.br\/litoralsp\/2023\/04\/19\/festival-indigena-de-bertioga-comeca\">Festival Ind\u00edgena de Bertioga come\u00e7a<\/a><\/p>\n","protected":false},"excerpt":{"rendered":"<p>Nesta quarta-feira (19) \u00e9 celebrado o Dia dos Povos Ind\u00edgenas. At\u00e9 o ano passado o nome da festa era Dia do \u00edndio. Mas em julho de 2022 a Lei 14.402\/22 definiu o dia 19 de abril como o Dia dos Povos Ind\u00edgenas. A data serve para celebrar a cultura e heran\u00e7a desses povos. A medida, &hellip;<\/p>\n","protected":false},"author":6,"featured_media":104339,"comment_status":"open","ping_status":"closed","sticky":false,"template":"","format":"standard","meta":{"footnotes":""},"categories":[10278,169,1625],"tags":[173,9213,64667,8352,64669,64668],"class_list":["post-104338","post","type-post","status-publish","format-standard","has-post-thumbnail","hentry","category-cidadania","category-cultura","category-direitos-humanos","tag-brasil","tag-desafios","tag-dia-dos-povos-inigenas","tag-historia","tag-indios","tag-nova-nomeclatura"],"yoast_head":"<!-- This site is optimized with the Yoast SEO plugin v27.5 - https:\/\/yoast.com\/product\/yoast-seo-wordpress\/ -->\n<title>Dia dos Povos Ind\u00edgenas: respeito aos leg\u00edtimos donos do Brasil - Litoral SP<\/title>\n<meta name=\"description\" content=\"Nesta quarta-feira (19) \u00e9 celebrado o Dia dos Povos Ind\u00edgenas. At\u00e9 o ano passado o nome da festa era Dia do \u00edndio. Mas em julho\" \/>\n<meta name=\"robots\" content=\"index, follow, max-snippet:-1, max-image-preview:large, max-video-preview:-1\" \/>\n<link rel=\"canonical\" href=\"https:\/\/redenoticiaz.com.br\/litoralsp\/2023\/04\/19\/dia-dos-povos-indigenas-respeito-aos-legitimos-donos-do-brasil\" \/>\n<meta property=\"og:locale\" content=\"pt_BR\" \/>\n<meta property=\"og:type\" content=\"article\" \/>\n<meta property=\"og:title\" content=\"Dia dos Povos Ind\u00edgenas: respeito aos leg\u00edtimos donos do Brasil - Litoral SP\" \/>\n<meta property=\"og:description\" content=\"Nesta quarta-feira (19) \u00e9 celebrado o Dia dos Povos Ind\u00edgenas. At\u00e9 o ano passado o nome da festa era Dia do \u00edndio. Mas em julho\" \/>\n<meta property=\"og:url\" content=\"https:\/\/redenoticiaz.com.br\/litoralsp\/2023\/04\/19\/dia-dos-povos-indigenas-respeito-aos-legitimos-donos-do-brasil\" \/>\n<meta property=\"og:site_name\" content=\"Litoral SP\" \/>\n<meta property=\"article:published_time\" content=\"2023-04-19T13:38:25+00:00\" \/>\n<meta property=\"og:image\" content=\"https:\/\/redenoticiaz.com.br\/litoralsp\/wp-content\/uploads\/sites\/3\/2023\/04\/indigena.jpg\" \/>\n\t<meta property=\"og:image:width\" content=\"1170\" \/>\n\t<meta property=\"og:image:height\" content=\"700\" \/>\n\t<meta property=\"og:image:type\" content=\"image\/jpeg\" \/>\n<meta name=\"author\" content=\"Leonardo Francisco\" \/>\n<meta name=\"twitter:card\" content=\"summary_large_image\" \/>\n<meta name=\"twitter:label1\" content=\"Escrito por\" \/>\n\t<meta name=\"twitter:data1\" content=\"Leonardo Francisco\" \/>\n\t<meta name=\"twitter:label2\" content=\"Est. tempo de leitura\" \/>\n\t<meta name=\"twitter:data2\" content=\"3 minutos\" \/>\n<script type=\"application\/ld+json\" class=\"yoast-schema-graph\">{\"@context\":\"https:\\\/\\\/schema.org\",\"@graph\":[{\"@type\":\"Article\",\"@id\":\"https:\\\/\\\/redenoticiaz.com.br\\\/litoralsp\\\/2023\\\/04\\\/19\\\/dia-dos-povos-indigenas-respeito-aos-legitimos-donos-do-brasil#article\",\"isPartOf\":{\"@id\":\"https:\\\/\\\/redenoticiaz.com.br\\\/litoralsp\\\/2023\\\/04\\\/19\\\/dia-dos-povos-indigenas-respeito-aos-legitimos-donos-do-brasil\"},\"author\":{\"name\":\"Leonardo Francisco\",\"@id\":\"https:\\\/\\\/redenoticiaz.com.br\\\/litoralsp\\\/#\\\/schema\\\/person\\\/0f0b8a5bdafefe82841e07ae8d81ecb3\"},\"headline\":\"Dia dos Povos Ind\u00edgenas: respeito aos leg\u00edtimos donos do Brasil\",\"datePublished\":\"2023-04-19T13:38:25+00:00\",\"mainEntityOfPage\":{\"@id\":\"https:\\\/\\\/redenoticiaz.com.br\\\/litoralsp\\\/2023\\\/04\\\/19\\\/dia-dos-povos-indigenas-respeito-aos-legitimos-donos-do-brasil\"},\"wordCount\":625,\"commentCount\":0,\"publisher\":{\"@id\":\"https:\\\/\\\/redenoticiaz.com.br\\\/litoralsp\\\/#organization\"},\"image\":{\"@id\":\"https:\\\/\\\/redenoticiaz.com.br\\\/litoralsp\\\/2023\\\/04\\\/19\\\/dia-dos-povos-indigenas-respeito-aos-legitimos-donos-do-brasil#primaryimage\"},\"thumbnailUrl\":\"https:\\\/\\\/redenoticiaz.com.br\\\/litoralsp\\\/wp-content\\\/uploads\\\/sites\\\/3\\\/2023\\\/04\\\/indigena.jpg\",\"keywords\":[\"Brasil\",\"DESAFIOS\",\"DIA DOS POVOS IN\u00cdGENAS\",\"HIST\u00d3RIA\",\"\u00cdNDIOS\",\"NOVA NOMECLATURA\"],\"articleSection\":[\"Cidadania\",\"Cultura\",\"Direitos Humanos\"],\"inLanguage\":\"pt-BR\",\"potentialAction\":[{\"@type\":\"CommentAction\",\"name\":\"Comment\",\"target\":[\"https:\\\/\\\/redenoticiaz.com.br\\\/litoralsp\\\/2023\\\/04\\\/19\\\/dia-dos-povos-indigenas-respeito-aos-legitimos-donos-do-brasil#respond\"]}]},{\"@type\":\"WebPage\",\"@id\":\"https:\\\/\\\/redenoticiaz.com.br\\\/litoralsp\\\/2023\\\/04\\\/19\\\/dia-dos-povos-indigenas-respeito-aos-legitimos-donos-do-brasil\",\"url\":\"https:\\\/\\\/redenoticiaz.com.br\\\/litoralsp\\\/2023\\\/04\\\/19\\\/dia-dos-povos-indigenas-respeito-aos-legitimos-donos-do-brasil\",\"name\":\"Dia dos Povos Ind\u00edgenas: respeito aos leg\u00edtimos donos do Brasil - Litoral SP\",\"isPartOf\":{\"@id\":\"https:\\\/\\\/redenoticiaz.com.br\\\/litoralsp\\\/#website\"},\"primaryImageOfPage\":{\"@id\":\"https:\\\/\\\/redenoticiaz.com.br\\\/litoralsp\\\/2023\\\/04\\\/19\\\/dia-dos-povos-indigenas-respeito-aos-legitimos-donos-do-brasil#primaryimage\"},\"image\":{\"@id\":\"https:\\\/\\\/redenoticiaz.com.br\\\/litoralsp\\\/2023\\\/04\\\/19\\\/dia-dos-povos-indigenas-respeito-aos-legitimos-donos-do-brasil#primaryimage\"},\"thumbnailUrl\":\"https:\\\/\\\/redenoticiaz.com.br\\\/litoralsp\\\/wp-content\\\/uploads\\\/sites\\\/3\\\/2023\\\/04\\\/indigena.jpg\",\"datePublished\":\"2023-04-19T13:38:25+00:00\",\"description\":\"Nesta quarta-feira (19) \u00e9 celebrado o Dia dos Povos Ind\u00edgenas. At\u00e9 o ano passado o nome da festa era Dia do \u00edndio. Mas em julho\",\"inLanguage\":\"pt-BR\",\"potentialAction\":[{\"@type\":\"ReadAction\",\"target\":[\"https:\\\/\\\/redenoticiaz.com.br\\\/litoralsp\\\/2023\\\/04\\\/19\\\/dia-dos-povos-indigenas-respeito-aos-legitimos-donos-do-brasil\"]}]},{\"@type\":\"ImageObject\",\"inLanguage\":\"pt-BR\",\"@id\":\"https:\\\/\\\/redenoticiaz.com.br\\\/litoralsp\\\/2023\\\/04\\\/19\\\/dia-dos-povos-indigenas-respeito-aos-legitimos-donos-do-brasil#primaryimage\",\"url\":\"https:\\\/\\\/redenoticiaz.com.br\\\/litoralsp\\\/wp-content\\\/uploads\\\/sites\\\/3\\\/2023\\\/04\\\/indigena.jpg\",\"contentUrl\":\"https:\\\/\\\/redenoticiaz.com.br\\\/litoralsp\\\/wp-content\\\/uploads\\\/sites\\\/3\\\/2023\\\/04\\\/indigena.jpg\",\"width\":1170,\"height\":700,\"caption\":\"Cr\u00e9ditos: Divulga\u00e7\u00e3o\\\/Ag\u00eancia Brasil\"},{\"@type\":\"WebSite\",\"@id\":\"https:\\\/\\\/redenoticiaz.com.br\\\/litoralsp\\\/#website\",\"url\":\"https:\\\/\\\/redenoticiaz.com.br\\\/litoralsp\\\/\",\"name\":\"Litoral SP\",\"description\":\"Rede NoticiaZ\",\"publisher\":{\"@id\":\"https:\\\/\\\/redenoticiaz.com.br\\\/litoralsp\\\/#organization\"},\"potentialAction\":[{\"@type\":\"SearchAction\",\"target\":{\"@type\":\"EntryPoint\",\"urlTemplate\":\"https:\\\/\\\/redenoticiaz.com.br\\\/litoralsp\\\/?s={search_term_string}\"},\"query-input\":{\"@type\":\"PropertyValueSpecification\",\"valueRequired\":true,\"valueName\":\"search_term_string\"}}],\"inLanguage\":\"pt-BR\"},{\"@type\":\"Organization\",\"@id\":\"https:\\\/\\\/redenoticiaz.com.br\\\/litoralsp\\\/#organization\",\"name\":\"Litoral SP\",\"url\":\"https:\\\/\\\/redenoticiaz.com.br\\\/litoralsp\\\/\",\"logo\":{\"@type\":\"ImageObject\",\"inLanguage\":\"pt-BR\",\"@id\":\"https:\\\/\\\/redenoticiaz.com.br\\\/litoralsp\\\/#\\\/schema\\\/logo\\\/image\\\/\",\"url\":\"https:\\\/\\\/redenoticiaz.com.br\\\/litoralsp\\\/wp-content\\\/uploads\\\/sites\\\/3\\\/2020\\\/11\\\/logo.jpg\",\"contentUrl\":\"https:\\\/\\\/redenoticiaz.com.br\\\/litoralsp\\\/wp-content\\\/uploads\\\/sites\\\/3\\\/2020\\\/11\\\/logo.jpg\",\"width\":400,\"height\":250,\"caption\":\"Litoral SP\"},\"image\":{\"@id\":\"https:\\\/\\\/redenoticiaz.com.br\\\/litoralsp\\\/#\\\/schema\\\/logo\\\/image\\\/\"}},{\"@type\":\"Person\",\"@id\":\"https:\\\/\\\/redenoticiaz.com.br\\\/litoralsp\\\/#\\\/schema\\\/person\\\/0f0b8a5bdafefe82841e07ae8d81ecb3\",\"name\":\"Leonardo Francisco\",\"image\":{\"@type\":\"ImageObject\",\"inLanguage\":\"pt-BR\",\"@id\":\"https:\\\/\\\/secure.gravatar.com\\\/avatar\\\/a7358cb406a99b682ec6df1e77e31ae82e63601f6784e8a3df411d72b37864da?s=96&d=mm&r=g\",\"url\":\"https:\\\/\\\/secure.gravatar.com\\\/avatar\\\/a7358cb406a99b682ec6df1e77e31ae82e63601f6784e8a3df411d72b37864da?s=96&d=mm&r=g\",\"contentUrl\":\"https:\\\/\\\/secure.gravatar.com\\\/avatar\\\/a7358cb406a99b682ec6df1e77e31ae82e63601f6784e8a3df411d72b37864da?s=96&d=mm&r=g\",\"caption\":\"Leonardo Francisco\"},\"url\":\"https:\\\/\\\/redenoticiaz.com.br\\\/litoralsp\\\/author\\\/leonardo-francisco\"}]}<\/script>\n<!-- \/ Yoast SEO plugin. -->","yoast_head_json":{"title":"Dia dos Povos Ind\u00edgenas: respeito aos leg\u00edtimos donos do Brasil - Litoral SP","description":"Nesta quarta-feira (19) \u00e9 celebrado o Dia dos Povos Ind\u00edgenas. At\u00e9 o ano passado o nome da festa era Dia do \u00edndio. Mas em julho","robots":{"index":"index","follow":"follow","max-snippet":"max-snippet:-1","max-image-preview":"max-image-preview:large","max-video-preview":"max-video-preview:-1"},"canonical":"https:\/\/redenoticiaz.com.br\/litoralsp\/2023\/04\/19\/dia-dos-povos-indigenas-respeito-aos-legitimos-donos-do-brasil","og_locale":"pt_BR","og_type":"article","og_title":"Dia dos Povos Ind\u00edgenas: respeito aos leg\u00edtimos donos do Brasil - Litoral SP","og_description":"Nesta quarta-feira (19) \u00e9 celebrado o Dia dos Povos Ind\u00edgenas. At\u00e9 o ano passado o nome da festa era Dia do \u00edndio. Mas em julho","og_url":"https:\/\/redenoticiaz.com.br\/litoralsp\/2023\/04\/19\/dia-dos-povos-indigenas-respeito-aos-legitimos-donos-do-brasil","og_site_name":"Litoral SP","article_published_time":"2023-04-19T13:38:25+00:00","og_image":[{"width":1170,"height":700,"url":"https:\/\/redenoticiaz.com.br\/litoralsp\/wp-content\/uploads\/sites\/3\/2023\/04\/indigena.jpg","type":"image\/jpeg"}],"author":"Leonardo Francisco","twitter_card":"summary_large_image","twitter_misc":{"Escrito por":"Leonardo Francisco","Est. tempo de leitura":"3 minutos"},"schema":{"@context":"https:\/\/schema.org","@graph":[{"@type":"Article","@id":"https:\/\/redenoticiaz.com.br\/litoralsp\/2023\/04\/19\/dia-dos-povos-indigenas-respeito-aos-legitimos-donos-do-brasil#article","isPartOf":{"@id":"https:\/\/redenoticiaz.com.br\/litoralsp\/2023\/04\/19\/dia-dos-povos-indigenas-respeito-aos-legitimos-donos-do-brasil"},"author":{"name":"Leonardo Francisco","@id":"https:\/\/redenoticiaz.com.br\/litoralsp\/#\/schema\/person\/0f0b8a5bdafefe82841e07ae8d81ecb3"},"headline":"Dia dos Povos Ind\u00edgenas: respeito aos leg\u00edtimos donos do Brasil","datePublished":"2023-04-19T13:38:25+00:00","mainEntityOfPage":{"@id":"https:\/\/redenoticiaz.com.br\/litoralsp\/2023\/04\/19\/dia-dos-povos-indigenas-respeito-aos-legitimos-donos-do-brasil"},"wordCount":625,"commentCount":0,"publisher":{"@id":"https:\/\/redenoticiaz.com.br\/litoralsp\/#organization"},"image":{"@id":"https:\/\/redenoticiaz.com.br\/litoralsp\/2023\/04\/19\/dia-dos-povos-indigenas-respeito-aos-legitimos-donos-do-brasil#primaryimage"},"thumbnailUrl":"https:\/\/redenoticiaz.com.br\/litoralsp\/wp-content\/uploads\/sites\/3\/2023\/04\/indigena.jpg","keywords":["Brasil","DESAFIOS","DIA DOS POVOS IN\u00cdGENAS","HIST\u00d3RIA","\u00cdNDIOS","NOVA NOMECLATURA"],"articleSection":["Cidadania","Cultura","Direitos Humanos"],"inLanguage":"pt-BR","potentialAction":[{"@type":"CommentAction","name":"Comment","target":["https:\/\/redenoticiaz.com.br\/litoralsp\/2023\/04\/19\/dia-dos-povos-indigenas-respeito-aos-legitimos-donos-do-brasil#respond"]}]},{"@type":"WebPage","@id":"https:\/\/redenoticiaz.com.br\/litoralsp\/2023\/04\/19\/dia-dos-povos-indigenas-respeito-aos-legitimos-donos-do-brasil","url":"https:\/\/redenoticiaz.com.br\/litoralsp\/2023\/04\/19\/dia-dos-povos-indigenas-respeito-aos-legitimos-donos-do-brasil","name":"Dia dos Povos Ind\u00edgenas: respeito aos leg\u00edtimos donos do Brasil - Litoral SP","isPartOf":{"@id":"https:\/\/redenoticiaz.com.br\/litoralsp\/#website"},"primaryImageOfPage":{"@id":"https:\/\/redenoticiaz.com.br\/litoralsp\/2023\/04\/19\/dia-dos-povos-indigenas-respeito-aos-legitimos-donos-do-brasil#primaryimage"},"image":{"@id":"https:\/\/redenoticiaz.com.br\/litoralsp\/2023\/04\/19\/dia-dos-povos-indigenas-respeito-aos-legitimos-donos-do-brasil#primaryimage"},"thumbnailUrl":"https:\/\/redenoticiaz.com.br\/litoralsp\/wp-content\/uploads\/sites\/3\/2023\/04\/indigena.jpg","datePublished":"2023-04-19T13:38:25+00:00","description":"Nesta quarta-feira (19) \u00e9 celebrado o Dia dos Povos Ind\u00edgenas. At\u00e9 o ano passado o nome da festa era Dia do \u00edndio. Mas em julho","inLanguage":"pt-BR","potentialAction":[{"@type":"ReadAction","target":["https:\/\/redenoticiaz.com.br\/litoralsp\/2023\/04\/19\/dia-dos-povos-indigenas-respeito-aos-legitimos-donos-do-brasil"]}]},{"@type":"ImageObject","inLanguage":"pt-BR","@id":"https:\/\/redenoticiaz.com.br\/litoralsp\/2023\/04\/19\/dia-dos-povos-indigenas-respeito-aos-legitimos-donos-do-brasil#primaryimage","url":"https:\/\/redenoticiaz.com.br\/litoralsp\/wp-content\/uploads\/sites\/3\/2023\/04\/indigena.jpg","contentUrl":"https:\/\/redenoticiaz.com.br\/litoralsp\/wp-content\/uploads\/sites\/3\/2023\/04\/indigena.jpg","width":1170,"height":700,"caption":"Cr\u00e9ditos: Divulga\u00e7\u00e3o\/Ag\u00eancia Brasil"},{"@type":"WebSite","@id":"https:\/\/redenoticiaz.com.br\/litoralsp\/#website","url":"https:\/\/redenoticiaz.com.br\/litoralsp\/","name":"Litoral SP","description":"Rede NoticiaZ","publisher":{"@id":"https:\/\/redenoticiaz.com.br\/litoralsp\/#organization"},"potentialAction":[{"@type":"SearchAction","target":{"@type":"EntryPoint","urlTemplate":"https:\/\/redenoticiaz.com.br\/litoralsp\/?s={search_term_string}"},"query-input":{"@type":"PropertyValueSpecification","valueRequired":true,"valueName":"search_term_string"}}],"inLanguage":"pt-BR"},{"@type":"Organization","@id":"https:\/\/redenoticiaz.com.br\/litoralsp\/#organization","name":"Litoral SP","url":"https:\/\/redenoticiaz.com.br\/litoralsp\/","logo":{"@type":"ImageObject","inLanguage":"pt-BR","@id":"https:\/\/redenoticiaz.com.br\/litoralsp\/#\/schema\/logo\/image\/","url":"https:\/\/redenoticiaz.com.br\/litoralsp\/wp-content\/uploads\/sites\/3\/2020\/11\/logo.jpg","contentUrl":"https:\/\/redenoticiaz.com.br\/litoralsp\/wp-content\/uploads\/sites\/3\/2020\/11\/logo.jpg","width":400,"height":250,"caption":"Litoral SP"},"image":{"@id":"https:\/\/redenoticiaz.com.br\/litoralsp\/#\/schema\/logo\/image\/"}},{"@type":"Person","@id":"https:\/\/redenoticiaz.com.br\/litoralsp\/#\/schema\/person\/0f0b8a5bdafefe82841e07ae8d81ecb3","name":"Leonardo Francisco","image":{"@type":"ImageObject","inLanguage":"pt-BR","@id":"https:\/\/secure.gravatar.com\/avatar\/a7358cb406a99b682ec6df1e77e31ae82e63601f6784e8a3df411d72b37864da?s=96&d=mm&r=g","url":"https:\/\/secure.gravatar.com\/avatar\/a7358cb406a99b682ec6df1e77e31ae82e63601f6784e8a3df411d72b37864da?s=96&d=mm&r=g","contentUrl":"https:\/\/secure.gravatar.com\/avatar\/a7358cb406a99b682ec6df1e77e31ae82e63601f6784e8a3df411d72b37864da?s=96&d=mm&r=g","caption":"Leonardo Francisco"},"url":"https:\/\/redenoticiaz.com.br\/litoralsp\/author\/leonardo-francisco"}]}},"_links":{"self":[{"href":"https:\/\/redenoticiaz.com.br\/litoralsp\/wp-json\/wp\/v2\/posts\/104338","targetHints":{"allow":["GET"]}}],"collection":[{"href":"https:\/\/redenoticiaz.com.br\/litoralsp\/wp-json\/wp\/v2\/posts"}],"about":[{"href":"https:\/\/redenoticiaz.com.br\/litoralsp\/wp-json\/wp\/v2\/types\/post"}],"author":[{"embeddable":true,"href":"https:\/\/redenoticiaz.com.br\/litoralsp\/wp-json\/wp\/v2\/users\/6"}],"replies":[{"embeddable":true,"href":"https:\/\/redenoticiaz.com.br\/litoralsp\/wp-json\/wp\/v2\/comments?post=104338"}],"version-history":[{"count":1,"href":"https:\/\/redenoticiaz.com.br\/litoralsp\/wp-json\/wp\/v2\/posts\/104338\/revisions"}],"predecessor-version":[{"id":104340,"href":"https:\/\/redenoticiaz.com.br\/litoralsp\/wp-json\/wp\/v2\/posts\/104338\/revisions\/104340"}],"wp:featuredmedia":[{"embeddable":true,"href":"https:\/\/redenoticiaz.com.br\/litoralsp\/wp-json\/wp\/v2\/media\/104339"}],"wp:attachment":[{"href":"https:\/\/redenoticiaz.com.br\/litoralsp\/wp-json\/wp\/v2\/media?parent=104338"}],"wp:term":[{"taxonomy":"category","embeddable":true,"href":"https:\/\/redenoticiaz.com.br\/litoralsp\/wp-json\/wp\/v2\/categories?post=104338"},{"taxonomy":"post_tag","embeddable":true,"href":"https:\/\/redenoticiaz.com.br\/litoralsp\/wp-json\/wp\/v2\/tags?post=104338"}],"curies":[{"name":"wp","href":"https:\/\/api.w.org\/{rel}","templated":true}]}}