{"id":104341,"date":"2023-04-19T11:42:54","date_gmt":"2023-04-19T14:42:54","guid":{"rendered":"https:\/\/redenoticiaz.com.br\/litoralsp\/?p=104341"},"modified":"2023-04-19T11:42:54","modified_gmt":"2023-04-19T14:42:54","slug":"policia-apreende-quatro-adolescentes-acusados-de-furtarem-loja-de-motos-em-caraguatatuba","status":"publish","type":"post","link":"https:\/\/redenoticiaz.com.br\/litoralsp\/2023\/04\/19\/policia-apreende-quatro-adolescentes-acusados-de-furtarem-loja-de-motos-em-caraguatatuba","title":{"rendered":"Pol\u00edcia apreende quatro adolescentes acusados de furtarem loja de motos em Caraguatatuba"},"content":{"rendered":"<div id=\"chunk-f0ntg\">\n<div class=\"mc-column content-text active-extra-styles \" data-block-type=\"unstyled\" data-block-weight=\"28\" data-block-id=\"3\">\n<p class=\"content-text__container \" data-track-category=\"Link no Texto\" data-track-links=\"\">Quatro adolescentes foram apreendidos nesta quarta-feira (19) em Caraguatatuba. O grupo \u00e9 suspeito de cometer <strong>furto de motos em uma concession\u00e1ria<\/strong> na regi\u00e3o central da cidade.<\/p>\n<p class=\"content-text__container \" data-track-category=\"Link no Texto\" data-track-links=\"\">C\u00e2meras de seguran\u00e7a filmaram o exato momento da a\u00e7\u00e3o e segundo a Pol\u00edcia Militar, o grupo com cerca de dez pessoas invade a loja e pega roupas, capacetes e motos da loja.<\/p>\n<div id=\"chunk-du7ph\">\n<div class=\"mc-column content-text active-extra-styles \" data-block-type=\"unstyled\" data-block-weight=\"33\" data-block-id=\"7\">\n<p class=\"content-text__container \" data-track-category=\"Link no Texto\" data-track-links=\"\">A PM foi acionada e recebeu informa\u00e7\u00f5es de que alguns suspeitos tinham entrado em um \u00f4nibus e fizeram a abordagem. No ve\u00edculo, quatro adolescentes foram apreendidos com capacetes e roupas da loja.<\/p>\n<\/div>\n<\/div>\n<div id=\"chunk-1dqqm\">\n<div class=\"mc-column content-text active-extra-styles \" data-block-type=\"unstyled\" data-block-weight=\"23\" data-block-id=\"8\">\n<p class=\"content-text__container \" data-track-category=\"Link no Texto\" data-track-links=\"\">Al\u00e9m dos objetos apreendidos, quatro motos foram recuperadas pela pol\u00edcia. Os adolescentes foram levados \u00e0 delegacia e permanecem \u00e0 disposi\u00e7\u00e3o da Justi\u00e7a.<\/p>\n<p data-track-category=\"Link no Texto\" data-track-links=\"\"><strong>LEIA TAMB\u00c9M<\/strong><\/p>\n<p data-track-category=\"Link no Texto\" data-track-links=\"\"><a href=\"https:\/\/redenoticiaz.com.br\/litoralsp\/2023\/04\/18\/roubos-a-farmacias-de-santos-e-esclarecido-pela-policia\">Roubos a farm\u00e1cias de Santos \u00e9 esclarecido pela Pol\u00edcia<\/a><\/p>\n<\/div>\n<\/div>\n<\/div>\n<\/div>\n","protected":false},"excerpt":{"rendered":"<p>Quatro adolescentes foram apreendidos nesta quarta-feira (19) em Caraguatatuba. O grupo \u00e9 suspeito de cometer furto de motos em uma concession\u00e1ria na regi\u00e3o central da cidade. C\u00e2meras de seguran\u00e7a filmaram o exato momento da a\u00e7\u00e3o e segundo a Pol\u00edcia Militar, o grupo com cerca de dez pessoas invade a loja e pega roupas, capacetes e &hellip;<\/p>\n","protected":false},"author":6,"featured_media":104342,"comment_status":"open","ping_status":"closed","sticky":false,"template":"","format":"standard","meta":{"footnotes":""},"categories":[2881,10],"tags":[25534,2742,3892,64670,13599],"class_list":["post-104341","post","type-post","status-publish","format-standard","has-post-thumbnail","hentry","category-caraguatatuba","category-policia","tag-adolescentes-apreendidos","tag-caraguatatuba","tag-furto","tag-loja-de-motos","tag-regiao-central"],"yoast_head":"<!-- This site is optimized with the Yoast SEO plugin v27.4 - https:\/\/yoast.com\/product\/yoast-seo-wordpress\/ -->\n<title>Pol\u00edcia apreende quatro adolescentes acusados de furtarem loja de motos em Caraguatatuba - Litoral SP<\/title>\n<meta name=\"description\" content=\"Quatro adolescentes foram apreendidos nesta quarta-feira (19) em Caraguatatuba. O grupo \u00e9 suspeito de cometer furto de motos em\" \/>\n<meta name=\"robots\" content=\"index, follow, max-snippet:-1, max-image-preview:large, max-video-preview:-1\" \/>\n<link rel=\"canonical\" href=\"https:\/\/redenoticiaz.com.br\/litoralsp\/2023\/04\/19\/policia-apreende-quatro-adolescentes-acusados-de-furtarem-loja-de-motos-em-caraguatatuba\" \/>\n<meta property=\"og:locale\" content=\"pt_BR\" \/>\n<meta property=\"og:type\" content=\"article\" \/>\n<meta property=\"og:title\" content=\"Pol\u00edcia apreende quatro adolescentes acusados de furtarem loja de motos em Caraguatatuba - Litoral SP\" \/>\n<meta property=\"og:description\" content=\"Quatro adolescentes foram apreendidos nesta quarta-feira (19) em Caraguatatuba. O grupo \u00e9 suspeito de cometer furto de motos em\" \/>\n<meta property=\"og:url\" content=\"https:\/\/redenoticiaz.com.br\/litoralsp\/2023\/04\/19\/policia-apreende-quatro-adolescentes-acusados-de-furtarem-loja-de-motos-em-caraguatatuba\" \/>\n<meta property=\"og:site_name\" content=\"Litoral SP\" \/>\n<meta property=\"article:published_time\" content=\"2023-04-19T14:42:54+00:00\" \/>\n<meta property=\"og:image\" content=\"https:\/\/redenoticiaz.com.br\/litoralsp\/wp-content\/uploads\/sites\/3\/2023\/04\/FURTO-MOTOS.jpg\" \/>\n\t<meta property=\"og:image:width\" content=\"539\" \/>\n\t<meta property=\"og:image:height\" content=\"296\" \/>\n\t<meta property=\"og:image:type\" content=\"image\/jpeg\" \/>\n<meta name=\"author\" content=\"Leonardo Francisco\" \/>\n<meta name=\"twitter:card\" content=\"summary_large_image\" \/>\n<meta name=\"twitter:label1\" content=\"Escrito por\" \/>\n\t<meta name=\"twitter:data1\" content=\"Leonardo Francisco\" \/>\n\t<meta name=\"twitter:label2\" content=\"Est. tempo de leitura\" \/>\n\t<meta name=\"twitter:data2\" content=\"1 minuto\" \/>\n<script type=\"application\/ld+json\" class=\"yoast-schema-graph\">{\"@context\":\"https:\\\/\\\/schema.org\",\"@graph\":[{\"@type\":\"Article\",\"@id\":\"https:\\\/\\\/redenoticiaz.com.br\\\/litoralsp\\\/2023\\\/04\\\/19\\\/policia-apreende-quatro-adolescentes-acusados-de-furtarem-loja-de-motos-em-caraguatatuba#article\",\"isPartOf\":{\"@id\":\"https:\\\/\\\/redenoticiaz.com.br\\\/litoralsp\\\/2023\\\/04\\\/19\\\/policia-apreende-quatro-adolescentes-acusados-de-furtarem-loja-de-motos-em-caraguatatuba\"},\"author\":{\"name\":\"Leonardo Francisco\",\"@id\":\"https:\\\/\\\/redenoticiaz.com.br\\\/litoralsp\\\/#\\\/schema\\\/person\\\/0f0b8a5bdafefe82841e07ae8d81ecb3\"},\"headline\":\"Pol\u00edcia apreende quatro adolescentes acusados de furtarem loja de motos em Caraguatatuba\",\"datePublished\":\"2023-04-19T14:42:54+00:00\",\"mainEntityOfPage\":{\"@id\":\"https:\\\/\\\/redenoticiaz.com.br\\\/litoralsp\\\/2023\\\/04\\\/19\\\/policia-apreende-quatro-adolescentes-acusados-de-furtarem-loja-de-motos-em-caraguatatuba\"},\"wordCount\":146,\"commentCount\":0,\"publisher\":{\"@id\":\"https:\\\/\\\/redenoticiaz.com.br\\\/litoralsp\\\/#organization\"},\"image\":{\"@id\":\"https:\\\/\\\/redenoticiaz.com.br\\\/litoralsp\\\/2023\\\/04\\\/19\\\/policia-apreende-quatro-adolescentes-acusados-de-furtarem-loja-de-motos-em-caraguatatuba#primaryimage\"},\"thumbnailUrl\":\"https:\\\/\\\/redenoticiaz.com.br\\\/litoralsp\\\/wp-content\\\/uploads\\\/sites\\\/3\\\/2023\\\/04\\\/FURTO-MOTOS.jpg\",\"keywords\":[\"ADOLESCENTES APREENDIDOS\",\"CARAGUATATUBA\",\"furto\",\"LOJA DE MOTOS\",\"REGI\u00c3O CENTRAL\"],\"articleSection\":[\"Caraguatatuba\",\"Pol\u00edcia\"],\"inLanguage\":\"pt-BR\",\"potentialAction\":[{\"@type\":\"CommentAction\",\"name\":\"Comment\",\"target\":[\"https:\\\/\\\/redenoticiaz.com.br\\\/litoralsp\\\/2023\\\/04\\\/19\\\/policia-apreende-quatro-adolescentes-acusados-de-furtarem-loja-de-motos-em-caraguatatuba#respond\"]}]},{\"@type\":\"WebPage\",\"@id\":\"https:\\\/\\\/redenoticiaz.com.br\\\/litoralsp\\\/2023\\\/04\\\/19\\\/policia-apreende-quatro-adolescentes-acusados-de-furtarem-loja-de-motos-em-caraguatatuba\",\"url\":\"https:\\\/\\\/redenoticiaz.com.br\\\/litoralsp\\\/2023\\\/04\\\/19\\\/policia-apreende-quatro-adolescentes-acusados-de-furtarem-loja-de-motos-em-caraguatatuba\",\"name\":\"Pol\u00edcia apreende quatro adolescentes acusados de furtarem loja de motos em Caraguatatuba - Litoral SP\",\"isPartOf\":{\"@id\":\"https:\\\/\\\/redenoticiaz.com.br\\\/litoralsp\\\/#website\"},\"primaryImageOfPage\":{\"@id\":\"https:\\\/\\\/redenoticiaz.com.br\\\/litoralsp\\\/2023\\\/04\\\/19\\\/policia-apreende-quatro-adolescentes-acusados-de-furtarem-loja-de-motos-em-caraguatatuba#primaryimage\"},\"image\":{\"@id\":\"https:\\\/\\\/redenoticiaz.com.br\\\/litoralsp\\\/2023\\\/04\\\/19\\\/policia-apreende-quatro-adolescentes-acusados-de-furtarem-loja-de-motos-em-caraguatatuba#primaryimage\"},\"thumbnailUrl\":\"https:\\\/\\\/redenoticiaz.com.br\\\/litoralsp\\\/wp-content\\\/uploads\\\/sites\\\/3\\\/2023\\\/04\\\/FURTO-MOTOS.jpg\",\"datePublished\":\"2023-04-19T14:42:54+00:00\",\"description\":\"Quatro adolescentes foram apreendidos nesta quarta-feira (19) em Caraguatatuba. O grupo \u00e9 suspeito de cometer furto de motos em\",\"inLanguage\":\"pt-BR\",\"potentialAction\":[{\"@type\":\"ReadAction\",\"target\":[\"https:\\\/\\\/redenoticiaz.com.br\\\/litoralsp\\\/2023\\\/04\\\/19\\\/policia-apreende-quatro-adolescentes-acusados-de-furtarem-loja-de-motos-em-caraguatatuba\"]}]},{\"@type\":\"ImageObject\",\"inLanguage\":\"pt-BR\",\"@id\":\"https:\\\/\\\/redenoticiaz.com.br\\\/litoralsp\\\/2023\\\/04\\\/19\\\/policia-apreende-quatro-adolescentes-acusados-de-furtarem-loja-de-motos-em-caraguatatuba#primaryimage\",\"url\":\"https:\\\/\\\/redenoticiaz.com.br\\\/litoralsp\\\/wp-content\\\/uploads\\\/sites\\\/3\\\/2023\\\/04\\\/FURTO-MOTOS.jpg\",\"contentUrl\":\"https:\\\/\\\/redenoticiaz.com.br\\\/litoralsp\\\/wp-content\\\/uploads\\\/sites\\\/3\\\/2023\\\/04\\\/FURTO-MOTOS.jpg\",\"width\":539,\"height\":296,\"caption\":\"Cr\u00e9ditos: Divulga\u00e7\u00e3o\\\/Pol\u00edcia Militar\"},{\"@type\":\"WebSite\",\"@id\":\"https:\\\/\\\/redenoticiaz.com.br\\\/litoralsp\\\/#website\",\"url\":\"https:\\\/\\\/redenoticiaz.com.br\\\/litoralsp\\\/\",\"name\":\"Litoral SP\",\"description\":\"Rede NoticiaZ\",\"publisher\":{\"@id\":\"https:\\\/\\\/redenoticiaz.com.br\\\/litoralsp\\\/#organization\"},\"potentialAction\":[{\"@type\":\"SearchAction\",\"target\":{\"@type\":\"EntryPoint\",\"urlTemplate\":\"https:\\\/\\\/redenoticiaz.com.br\\\/litoralsp\\\/?s={search_term_string}\"},\"query-input\":{\"@type\":\"PropertyValueSpecification\",\"valueRequired\":true,\"valueName\":\"search_term_string\"}}],\"inLanguage\":\"pt-BR\"},{\"@type\":\"Organization\",\"@id\":\"https:\\\/\\\/redenoticiaz.com.br\\\/litoralsp\\\/#organization\",\"name\":\"Litoral SP\",\"url\":\"https:\\\/\\\/redenoticiaz.com.br\\\/litoralsp\\\/\",\"logo\":{\"@type\":\"ImageObject\",\"inLanguage\":\"pt-BR\",\"@id\":\"https:\\\/\\\/redenoticiaz.com.br\\\/litoralsp\\\/#\\\/schema\\\/logo\\\/image\\\/\",\"url\":\"https:\\\/\\\/redenoticiaz.com.br\\\/litoralsp\\\/wp-content\\\/uploads\\\/sites\\\/3\\\/2020\\\/11\\\/logo.jpg\",\"contentUrl\":\"https:\\\/\\\/redenoticiaz.com.br\\\/litoralsp\\\/wp-content\\\/uploads\\\/sites\\\/3\\\/2020\\\/11\\\/logo.jpg\",\"width\":400,\"height\":250,\"caption\":\"Litoral SP\"},\"image\":{\"@id\":\"https:\\\/\\\/redenoticiaz.com.br\\\/litoralsp\\\/#\\\/schema\\\/logo\\\/image\\\/\"}},{\"@type\":\"Person\",\"@id\":\"https:\\\/\\\/redenoticiaz.com.br\\\/litoralsp\\\/#\\\/schema\\\/person\\\/0f0b8a5bdafefe82841e07ae8d81ecb3\",\"name\":\"Leonardo Francisco\",\"image\":{\"@type\":\"ImageObject\",\"inLanguage\":\"pt-BR\",\"@id\":\"https:\\\/\\\/secure.gravatar.com\\\/avatar\\\/a7358cb406a99b682ec6df1e77e31ae82e63601f6784e8a3df411d72b37864da?s=96&d=mm&r=g\",\"url\":\"https:\\\/\\\/secure.gravatar.com\\\/avatar\\\/a7358cb406a99b682ec6df1e77e31ae82e63601f6784e8a3df411d72b37864da?s=96&d=mm&r=g\",\"contentUrl\":\"https:\\\/\\\/secure.gravatar.com\\\/avatar\\\/a7358cb406a99b682ec6df1e77e31ae82e63601f6784e8a3df411d72b37864da?s=96&d=mm&r=g\",\"caption\":\"Leonardo Francisco\"},\"url\":\"https:\\\/\\\/redenoticiaz.com.br\\\/litoralsp\\\/author\\\/leonardo-francisco\"}]}<\/script>\n<!-- \/ Yoast SEO plugin. -->","yoast_head_json":{"title":"Pol\u00edcia apreende quatro adolescentes acusados de furtarem loja de motos em Caraguatatuba - Litoral SP","description":"Quatro adolescentes foram apreendidos nesta quarta-feira (19) em Caraguatatuba. O grupo \u00e9 suspeito de cometer furto de motos em","robots":{"index":"index","follow":"follow","max-snippet":"max-snippet:-1","max-image-preview":"max-image-preview:large","max-video-preview":"max-video-preview:-1"},"canonical":"https:\/\/redenoticiaz.com.br\/litoralsp\/2023\/04\/19\/policia-apreende-quatro-adolescentes-acusados-de-furtarem-loja-de-motos-em-caraguatatuba","og_locale":"pt_BR","og_type":"article","og_title":"Pol\u00edcia apreende quatro adolescentes acusados de furtarem loja de motos em Caraguatatuba - Litoral SP","og_description":"Quatro adolescentes foram apreendidos nesta quarta-feira (19) em Caraguatatuba. O grupo \u00e9 suspeito de cometer furto de motos em","og_url":"https:\/\/redenoticiaz.com.br\/litoralsp\/2023\/04\/19\/policia-apreende-quatro-adolescentes-acusados-de-furtarem-loja-de-motos-em-caraguatatuba","og_site_name":"Litoral SP","article_published_time":"2023-04-19T14:42:54+00:00","og_image":[{"width":539,"height":296,"url":"https:\/\/redenoticiaz.com.br\/litoralsp\/wp-content\/uploads\/sites\/3\/2023\/04\/FURTO-MOTOS.jpg","type":"image\/jpeg"}],"author":"Leonardo Francisco","twitter_card":"summary_large_image","twitter_misc":{"Escrito por":"Leonardo Francisco","Est. tempo de leitura":"1 minuto"},"schema":{"@context":"https:\/\/schema.org","@graph":[{"@type":"Article","@id":"https:\/\/redenoticiaz.com.br\/litoralsp\/2023\/04\/19\/policia-apreende-quatro-adolescentes-acusados-de-furtarem-loja-de-motos-em-caraguatatuba#article","isPartOf":{"@id":"https:\/\/redenoticiaz.com.br\/litoralsp\/2023\/04\/19\/policia-apreende-quatro-adolescentes-acusados-de-furtarem-loja-de-motos-em-caraguatatuba"},"author":{"name":"Leonardo Francisco","@id":"https:\/\/redenoticiaz.com.br\/litoralsp\/#\/schema\/person\/0f0b8a5bdafefe82841e07ae8d81ecb3"},"headline":"Pol\u00edcia apreende quatro adolescentes acusados de furtarem loja de motos em Caraguatatuba","datePublished":"2023-04-19T14:42:54+00:00","mainEntityOfPage":{"@id":"https:\/\/redenoticiaz.com.br\/litoralsp\/2023\/04\/19\/policia-apreende-quatro-adolescentes-acusados-de-furtarem-loja-de-motos-em-caraguatatuba"},"wordCount":146,"commentCount":0,"publisher":{"@id":"https:\/\/redenoticiaz.com.br\/litoralsp\/#organization"},"image":{"@id":"https:\/\/redenoticiaz.com.br\/litoralsp\/2023\/04\/19\/policia-apreende-quatro-adolescentes-acusados-de-furtarem-loja-de-motos-em-caraguatatuba#primaryimage"},"thumbnailUrl":"https:\/\/redenoticiaz.com.br\/litoralsp\/wp-content\/uploads\/sites\/3\/2023\/04\/FURTO-MOTOS.jpg","keywords":["ADOLESCENTES APREENDIDOS","CARAGUATATUBA","furto","LOJA DE MOTOS","REGI\u00c3O CENTRAL"],"articleSection":["Caraguatatuba","Pol\u00edcia"],"inLanguage":"pt-BR","potentialAction":[{"@type":"CommentAction","name":"Comment","target":["https:\/\/redenoticiaz.com.br\/litoralsp\/2023\/04\/19\/policia-apreende-quatro-adolescentes-acusados-de-furtarem-loja-de-motos-em-caraguatatuba#respond"]}]},{"@type":"WebPage","@id":"https:\/\/redenoticiaz.com.br\/litoralsp\/2023\/04\/19\/policia-apreende-quatro-adolescentes-acusados-de-furtarem-loja-de-motos-em-caraguatatuba","url":"https:\/\/redenoticiaz.com.br\/litoralsp\/2023\/04\/19\/policia-apreende-quatro-adolescentes-acusados-de-furtarem-loja-de-motos-em-caraguatatuba","name":"Pol\u00edcia apreende quatro adolescentes acusados de furtarem loja de motos em Caraguatatuba - Litoral SP","isPartOf":{"@id":"https:\/\/redenoticiaz.com.br\/litoralsp\/#website"},"primaryImageOfPage":{"@id":"https:\/\/redenoticiaz.com.br\/litoralsp\/2023\/04\/19\/policia-apreende-quatro-adolescentes-acusados-de-furtarem-loja-de-motos-em-caraguatatuba#primaryimage"},"image":{"@id":"https:\/\/redenoticiaz.com.br\/litoralsp\/2023\/04\/19\/policia-apreende-quatro-adolescentes-acusados-de-furtarem-loja-de-motos-em-caraguatatuba#primaryimage"},"thumbnailUrl":"https:\/\/redenoticiaz.com.br\/litoralsp\/wp-content\/uploads\/sites\/3\/2023\/04\/FURTO-MOTOS.jpg","datePublished":"2023-04-19T14:42:54+00:00","description":"Quatro adolescentes foram apreendidos nesta quarta-feira (19) em Caraguatatuba. O grupo \u00e9 suspeito de cometer furto de motos em","inLanguage":"pt-BR","potentialAction":[{"@type":"ReadAction","target":["https:\/\/redenoticiaz.com.br\/litoralsp\/2023\/04\/19\/policia-apreende-quatro-adolescentes-acusados-de-furtarem-loja-de-motos-em-caraguatatuba"]}]},{"@type":"ImageObject","inLanguage":"pt-BR","@id":"https:\/\/redenoticiaz.com.br\/litoralsp\/2023\/04\/19\/policia-apreende-quatro-adolescentes-acusados-de-furtarem-loja-de-motos-em-caraguatatuba#primaryimage","url":"https:\/\/redenoticiaz.com.br\/litoralsp\/wp-content\/uploads\/sites\/3\/2023\/04\/FURTO-MOTOS.jpg","contentUrl":"https:\/\/redenoticiaz.com.br\/litoralsp\/wp-content\/uploads\/sites\/3\/2023\/04\/FURTO-MOTOS.jpg","width":539,"height":296,"caption":"Cr\u00e9ditos: Divulga\u00e7\u00e3o\/Pol\u00edcia Militar"},{"@type":"WebSite","@id":"https:\/\/redenoticiaz.com.br\/litoralsp\/#website","url":"https:\/\/redenoticiaz.com.br\/litoralsp\/","name":"Litoral SP","description":"Rede NoticiaZ","publisher":{"@id":"https:\/\/redenoticiaz.com.br\/litoralsp\/#organization"},"potentialAction":[{"@type":"SearchAction","target":{"@type":"EntryPoint","urlTemplate":"https:\/\/redenoticiaz.com.br\/litoralsp\/?s={search_term_string}"},"query-input":{"@type":"PropertyValueSpecification","valueRequired":true,"valueName":"search_term_string"}}],"inLanguage":"pt-BR"},{"@type":"Organization","@id":"https:\/\/redenoticiaz.com.br\/litoralsp\/#organization","name":"Litoral SP","url":"https:\/\/redenoticiaz.com.br\/litoralsp\/","logo":{"@type":"ImageObject","inLanguage":"pt-BR","@id":"https:\/\/redenoticiaz.com.br\/litoralsp\/#\/schema\/logo\/image\/","url":"https:\/\/redenoticiaz.com.br\/litoralsp\/wp-content\/uploads\/sites\/3\/2020\/11\/logo.jpg","contentUrl":"https:\/\/redenoticiaz.com.br\/litoralsp\/wp-content\/uploads\/sites\/3\/2020\/11\/logo.jpg","width":400,"height":250,"caption":"Litoral SP"},"image":{"@id":"https:\/\/redenoticiaz.com.br\/litoralsp\/#\/schema\/logo\/image\/"}},{"@type":"Person","@id":"https:\/\/redenoticiaz.com.br\/litoralsp\/#\/schema\/person\/0f0b8a5bdafefe82841e07ae8d81ecb3","name":"Leonardo Francisco","image":{"@type":"ImageObject","inLanguage":"pt-BR","@id":"https:\/\/secure.gravatar.com\/avatar\/a7358cb406a99b682ec6df1e77e31ae82e63601f6784e8a3df411d72b37864da?s=96&d=mm&r=g","url":"https:\/\/secure.gravatar.com\/avatar\/a7358cb406a99b682ec6df1e77e31ae82e63601f6784e8a3df411d72b37864da?s=96&d=mm&r=g","contentUrl":"https:\/\/secure.gravatar.com\/avatar\/a7358cb406a99b682ec6df1e77e31ae82e63601f6784e8a3df411d72b37864da?s=96&d=mm&r=g","caption":"Leonardo Francisco"},"url":"https:\/\/redenoticiaz.com.br\/litoralsp\/author\/leonardo-francisco"}]}},"_links":{"self":[{"href":"https:\/\/redenoticiaz.com.br\/litoralsp\/wp-json\/wp\/v2\/posts\/104341","targetHints":{"allow":["GET"]}}],"collection":[{"href":"https:\/\/redenoticiaz.com.br\/litoralsp\/wp-json\/wp\/v2\/posts"}],"about":[{"href":"https:\/\/redenoticiaz.com.br\/litoralsp\/wp-json\/wp\/v2\/types\/post"}],"author":[{"embeddable":true,"href":"https:\/\/redenoticiaz.com.br\/litoralsp\/wp-json\/wp\/v2\/users\/6"}],"replies":[{"embeddable":true,"href":"https:\/\/redenoticiaz.com.br\/litoralsp\/wp-json\/wp\/v2\/comments?post=104341"}],"version-history":[{"count":1,"href":"https:\/\/redenoticiaz.com.br\/litoralsp\/wp-json\/wp\/v2\/posts\/104341\/revisions"}],"predecessor-version":[{"id":104343,"href":"https:\/\/redenoticiaz.com.br\/litoralsp\/wp-json\/wp\/v2\/posts\/104341\/revisions\/104343"}],"wp:featuredmedia":[{"embeddable":true,"href":"https:\/\/redenoticiaz.com.br\/litoralsp\/wp-json\/wp\/v2\/media\/104342"}],"wp:attachment":[{"href":"https:\/\/redenoticiaz.com.br\/litoralsp\/wp-json\/wp\/v2\/media?parent=104341"}],"wp:term":[{"taxonomy":"category","embeddable":true,"href":"https:\/\/redenoticiaz.com.br\/litoralsp\/wp-json\/wp\/v2\/categories?post=104341"},{"taxonomy":"post_tag","embeddable":true,"href":"https:\/\/redenoticiaz.com.br\/litoralsp\/wp-json\/wp\/v2\/tags?post=104341"}],"curies":[{"name":"wp","href":"https:\/\/api.w.org\/{rel}","templated":true}]}}