{"id":104385,"date":"2023-04-20T08:07:48","date_gmt":"2023-04-20T11:07:48","guid":{"rendered":"https:\/\/redenoticiaz.com.br\/litoralsp\/2023\/04\/20\/caua-reymond-e-mariana-goldfarb-anunciam-separacao"},"modified":"2023-04-20T08:07:48","modified_gmt":"2023-04-20T11:07:48","slug":"caua-reymond-e-mariana-goldfarb-anunciam-separacao","status":"publish","type":"post","link":"https:\/\/redenoticiaz.com.br\/litoralsp\/2023\/04\/20\/caua-reymond-e-mariana-goldfarb-anunciam-separacao","title":{"rendered":"Cau\u00e3 Reymond e Mariana Goldfarb anunciam separa\u00e7\u00e3o"},"content":{"rendered":"<div class=\"mc-column content-text active-extra-styles \" data-block-type=\"unstyled\" data-block-weight=\"72\" data-block-id=\"1\">\n<p class=\"content-text__container \" data-track-category=\"Link no Texto\" data-track-links=\"\">F\u00e3s do casal <strong>Cau\u00e3 Reymond e Mariana Goldfarb<\/strong> foram surpreendidos com o an\u00fancio da separa\u00e7\u00e3o dos dois nessa quarta-feira (19). Tudo come\u00e7ou quando Mariana Goldfarb, em seu Instagram, fez o an\u00fancio do t\u00e9rmino. Horas depois, foi a vez de Cau\u00e3 confirmar o fim do relacionamento de sete anos.<\/p>\n<p class=\"content-text__container \" data-track-category=\"Link no Texto\" data-track-links=\"\">O pr\u00f3prio Cau\u00e3 Reymond foi surpreendido com o t\u00e9rmino anunciado e os motivos s\u00e3o especulados por pessoas pr\u00f3ximas. Contudo, familiares e amigos\u00a0 mais pr\u00f3ximos do casal apostam numa reconcilia\u00e7\u00e3o.<\/p>\n<p data-track-category=\"Link no Texto\" data-track-links=\"\">Cau\u00e3 e Mariana terminaram duas vezes. Ao menos publicamente. A primeira vez em que os dois se separaram aconteceu no fim de 2017. Em abril de 2018 eles reataram. Quatro meses depois, mais um t\u00e9rmino. A reconcilia\u00e7\u00e3o definitiva aconteceu em outubro e em 2019 eles se casaram. Em todos os fins, nenhum dos dois publicou comunicados nas redes sociais. Segundo uma fonte, o ator n\u00e3o gosta deste tipo de exposi\u00e7\u00e3o da vida pessoal.<\/p>\n<p data-track-category=\"Link no Texto\" data-track-links=\"\">H\u00e1 cerca de um m\u00eas, ela estava manifestando a clara vontade de ser m\u00e3e. J\u00e1 havia at\u00e9 congelado os \u00f3vulos, para ter filhos no futuro, mas o rel\u00f3gio biol\u00f3gico bateu.<\/p>\n<p data-track-category=\"Link no Texto\" data-track-links=\"\">No come\u00e7o de abril Mariana esteve no evento &#8216;Tardezinha&#8217; usando alian\u00e7a. Cau\u00e3 estava gravando &#8220;Terra e paix\u00e3o&#8221; sem a sua porque j\u00e1 n\u00e3o usava o anel h\u00e1 anos. Na realidade usou muito pouco desde 2019. Em 7 de mar\u00e7o, ele postou uma foto com Mariana para comemorar os sete anos juntos. &#8220;Sete voltas do sol&#8221;, legendou o ator.<\/p>\n<p data-track-category=\"Link no Texto\" data-track-links=\"\"><strong>LEIA TAMB\u00c9M<\/strong><\/p>\n<p data-track-category=\"Link no Texto\" data-track-links=\"\"><a href=\"https:\/\/redenoticiaz.com.br\/blog\/2023\/04\/19\/astro-do-k-pop-e-encontrado-morto-aos-25-anos\">Astro do K-Pop \u00e9 encontrado morto aos 25 anos<\/a><\/p>\n<\/div>\n","protected":false},"excerpt":{"rendered":"<p>F\u00e3s do casal Cau\u00e3 Reymond e Mariana Goldfarb foram surpreendidos com o an\u00fancio da separa\u00e7\u00e3o dos dois nessa quarta-feira (19). Tudo come\u00e7ou quando Mariana Goldfarb, em seu Instagram, fez o an\u00fancio do t\u00e9rmino. Horas depois, foi a vez de Cau\u00e3 confirmar o fim do relacionamento de sete anos. O pr\u00f3prio Cau\u00e3 Reymond foi surpreendido com &hellip;<\/p>\n","protected":false},"author":6,"featured_media":104386,"comment_status":"open","ping_status":"closed","sticky":false,"template":"","format":"standard","meta":{"footnotes":""},"categories":[60954],"tags":[3147,64680,31521,64681],"class_list":["post-104385","post","type-post","status-publish","format-standard","has-post-thumbnail","hentry","category-celebridades","tag-casal","tag-caua-reymond","tag-fim-do-casamento","tag-mariana-goldfarb"],"yoast_head":"<!-- This site is optimized with the Yoast SEO plugin v27.4 - https:\/\/yoast.com\/product\/yoast-seo-wordpress\/ -->\n<title>Cau\u00e3 Reymond e Mariana Goldfarb anunciam separa\u00e7\u00e3o - Litoral SP<\/title>\n<meta name=\"description\" content=\"F\u00e3s do casal Cau\u00e3 Reymond e Mariana Goldfarb foram surpreendidos com o an\u00fancio da separa\u00e7\u00e3o dos dois nessa quarta-feira (19). Tudo\" \/>\n<meta name=\"robots\" content=\"index, follow, max-snippet:-1, max-image-preview:large, max-video-preview:-1\" \/>\n<link rel=\"canonical\" href=\"https:\/\/redenoticiaz.com.br\/litoralsp\/2023\/04\/20\/caua-reymond-e-mariana-goldfarb-anunciam-separacao\" \/>\n<meta property=\"og:locale\" content=\"pt_BR\" \/>\n<meta property=\"og:type\" content=\"article\" \/>\n<meta property=\"og:title\" content=\"Cau\u00e3 Reymond e Mariana Goldfarb anunciam separa\u00e7\u00e3o - Litoral SP\" \/>\n<meta property=\"og:description\" content=\"F\u00e3s do casal Cau\u00e3 Reymond e Mariana Goldfarb foram surpreendidos com o an\u00fancio da separa\u00e7\u00e3o dos dois nessa quarta-feira (19). Tudo\" \/>\n<meta property=\"og:url\" content=\"https:\/\/redenoticiaz.com.br\/litoralsp\/2023\/04\/20\/caua-reymond-e-mariana-goldfarb-anunciam-separacao\" \/>\n<meta property=\"og:site_name\" content=\"Litoral SP\" \/>\n<meta property=\"article:published_time\" content=\"2023-04-20T11:07:48+00:00\" \/>\n<meta name=\"author\" content=\"Leonardo Francisco\" \/>\n<meta name=\"twitter:card\" content=\"summary_large_image\" \/>\n<meta name=\"twitter:image\" content=\"https:\/\/redenoticiaz.com.br\/litoralsp\/wp-content\/uploads\/sites\/3\/2023\/04\/CAUAMARI.jpg?v=1681988507\" \/>\n<meta name=\"twitter:label1\" content=\"Escrito por\" \/>\n\t<meta name=\"twitter:data1\" content=\"Leonardo Francisco\" \/>\n\t<meta name=\"twitter:label2\" content=\"Est. tempo de leitura\" \/>\n\t<meta name=\"twitter:data2\" content=\"2 minutos\" \/>\n<script type=\"application\/ld+json\" class=\"yoast-schema-graph\">{\"@context\":\"https:\\\/\\\/schema.org\",\"@graph\":[{\"@type\":\"Article\",\"@id\":\"https:\\\/\\\/redenoticiaz.com.br\\\/litoralsp\\\/2023\\\/04\\\/20\\\/caua-reymond-e-mariana-goldfarb-anunciam-separacao#article\",\"isPartOf\":{\"@id\":\"https:\\\/\\\/redenoticiaz.com.br\\\/litoralsp\\\/2023\\\/04\\\/20\\\/caua-reymond-e-mariana-goldfarb-anunciam-separacao\"},\"author\":{\"name\":\"Leonardo Francisco\",\"@id\":\"https:\\\/\\\/redenoticiaz.com.br\\\/litoralsp\\\/#\\\/schema\\\/person\\\/0f0b8a5bdafefe82841e07ae8d81ecb3\"},\"headline\":\"Cau\u00e3 Reymond e Mariana Goldfarb anunciam separa\u00e7\u00e3o\",\"datePublished\":\"2023-04-20T11:07:48+00:00\",\"mainEntityOfPage\":{\"@id\":\"https:\\\/\\\/redenoticiaz.com.br\\\/litoralsp\\\/2023\\\/04\\\/20\\\/caua-reymond-e-mariana-goldfarb-anunciam-separacao\"},\"wordCount\":275,\"commentCount\":0,\"publisher\":{\"@id\":\"https:\\\/\\\/redenoticiaz.com.br\\\/litoralsp\\\/#organization\"},\"image\":{\"@id\":\"https:\\\/\\\/redenoticiaz.com.br\\\/litoralsp\\\/2023\\\/04\\\/20\\\/caua-reymond-e-mariana-goldfarb-anunciam-separacao#primaryimage\"},\"thumbnailUrl\":\"https:\\\/\\\/redenoticiaz.com.br\\\/litoralsp\\\/wp-content\\\/uploads\\\/sites\\\/3\\\/2023\\\/04\\\/CAUAMARI.jpg?v=1681988507\",\"keywords\":[\"CASAL\",\"CAU\u00c3 REYMOND\",\"FIM DO CASAMENTO\",\"MARIANA GOLDFARB\"],\"articleSection\":[\"Celebridades\"],\"inLanguage\":\"pt-BR\",\"potentialAction\":[{\"@type\":\"CommentAction\",\"name\":\"Comment\",\"target\":[\"https:\\\/\\\/redenoticiaz.com.br\\\/litoralsp\\\/2023\\\/04\\\/20\\\/caua-reymond-e-mariana-goldfarb-anunciam-separacao#respond\"]}]},{\"@type\":\"WebPage\",\"@id\":\"https:\\\/\\\/redenoticiaz.com.br\\\/litoralsp\\\/2023\\\/04\\\/20\\\/caua-reymond-e-mariana-goldfarb-anunciam-separacao\",\"url\":\"https:\\\/\\\/redenoticiaz.com.br\\\/litoralsp\\\/2023\\\/04\\\/20\\\/caua-reymond-e-mariana-goldfarb-anunciam-separacao\",\"name\":\"Cau\u00e3 Reymond e Mariana Goldfarb anunciam separa\u00e7\u00e3o - Litoral SP\",\"isPartOf\":{\"@id\":\"https:\\\/\\\/redenoticiaz.com.br\\\/litoralsp\\\/#website\"},\"primaryImageOfPage\":{\"@id\":\"https:\\\/\\\/redenoticiaz.com.br\\\/litoralsp\\\/2023\\\/04\\\/20\\\/caua-reymond-e-mariana-goldfarb-anunciam-separacao#primaryimage\"},\"image\":{\"@id\":\"https:\\\/\\\/redenoticiaz.com.br\\\/litoralsp\\\/2023\\\/04\\\/20\\\/caua-reymond-e-mariana-goldfarb-anunciam-separacao#primaryimage\"},\"thumbnailUrl\":\"https:\\\/\\\/redenoticiaz.com.br\\\/litoralsp\\\/wp-content\\\/uploads\\\/sites\\\/3\\\/2023\\\/04\\\/CAUAMARI.jpg?v=1681988507\",\"datePublished\":\"2023-04-20T11:07:48+00:00\",\"description\":\"F\u00e3s do casal Cau\u00e3 Reymond e Mariana Goldfarb foram surpreendidos com o an\u00fancio da separa\u00e7\u00e3o dos dois nessa quarta-feira (19). Tudo\",\"inLanguage\":\"pt-BR\",\"potentialAction\":[{\"@type\":\"ReadAction\",\"target\":[\"https:\\\/\\\/redenoticiaz.com.br\\\/litoralsp\\\/2023\\\/04\\\/20\\\/caua-reymond-e-mariana-goldfarb-anunciam-separacao\"]}]},{\"@type\":\"ImageObject\",\"inLanguage\":\"pt-BR\",\"@id\":\"https:\\\/\\\/redenoticiaz.com.br\\\/litoralsp\\\/2023\\\/04\\\/20\\\/caua-reymond-e-mariana-goldfarb-anunciam-separacao#primaryimage\",\"url\":\"https:\\\/\\\/redenoticiaz.com.br\\\/litoralsp\\\/wp-content\\\/uploads\\\/sites\\\/3\\\/2023\\\/04\\\/CAUAMARI.jpg?v=1681988507\",\"contentUrl\":\"https:\\\/\\\/redenoticiaz.com.br\\\/litoralsp\\\/wp-content\\\/uploads\\\/sites\\\/3\\\/2023\\\/04\\\/CAUAMARI.jpg?v=1681988507\",\"width\":387,\"height\":402,\"caption\":\"Cr\u00e9ditos: Reprodu\u00e7\u00e3o\\\/Redes Sociais\"},{\"@type\":\"WebSite\",\"@id\":\"https:\\\/\\\/redenoticiaz.com.br\\\/litoralsp\\\/#website\",\"url\":\"https:\\\/\\\/redenoticiaz.com.br\\\/litoralsp\\\/\",\"name\":\"Litoral SP\",\"description\":\"Rede NoticiaZ\",\"publisher\":{\"@id\":\"https:\\\/\\\/redenoticiaz.com.br\\\/litoralsp\\\/#organization\"},\"potentialAction\":[{\"@type\":\"SearchAction\",\"target\":{\"@type\":\"EntryPoint\",\"urlTemplate\":\"https:\\\/\\\/redenoticiaz.com.br\\\/litoralsp\\\/?s={search_term_string}\"},\"query-input\":{\"@type\":\"PropertyValueSpecification\",\"valueRequired\":true,\"valueName\":\"search_term_string\"}}],\"inLanguage\":\"pt-BR\"},{\"@type\":\"Organization\",\"@id\":\"https:\\\/\\\/redenoticiaz.com.br\\\/litoralsp\\\/#organization\",\"name\":\"Litoral SP\",\"url\":\"https:\\\/\\\/redenoticiaz.com.br\\\/litoralsp\\\/\",\"logo\":{\"@type\":\"ImageObject\",\"inLanguage\":\"pt-BR\",\"@id\":\"https:\\\/\\\/redenoticiaz.com.br\\\/litoralsp\\\/#\\\/schema\\\/logo\\\/image\\\/\",\"url\":\"https:\\\/\\\/redenoticiaz.com.br\\\/litoralsp\\\/wp-content\\\/uploads\\\/sites\\\/3\\\/2020\\\/11\\\/logo.jpg\",\"contentUrl\":\"https:\\\/\\\/redenoticiaz.com.br\\\/litoralsp\\\/wp-content\\\/uploads\\\/sites\\\/3\\\/2020\\\/11\\\/logo.jpg\",\"width\":400,\"height\":250,\"caption\":\"Litoral SP\"},\"image\":{\"@id\":\"https:\\\/\\\/redenoticiaz.com.br\\\/litoralsp\\\/#\\\/schema\\\/logo\\\/image\\\/\"}},{\"@type\":\"Person\",\"@id\":\"https:\\\/\\\/redenoticiaz.com.br\\\/litoralsp\\\/#\\\/schema\\\/person\\\/0f0b8a5bdafefe82841e07ae8d81ecb3\",\"name\":\"Leonardo Francisco\",\"image\":{\"@type\":\"ImageObject\",\"inLanguage\":\"pt-BR\",\"@id\":\"https:\\\/\\\/secure.gravatar.com\\\/avatar\\\/a7358cb406a99b682ec6df1e77e31ae82e63601f6784e8a3df411d72b37864da?s=96&d=mm&r=g\",\"url\":\"https:\\\/\\\/secure.gravatar.com\\\/avatar\\\/a7358cb406a99b682ec6df1e77e31ae82e63601f6784e8a3df411d72b37864da?s=96&d=mm&r=g\",\"contentUrl\":\"https:\\\/\\\/secure.gravatar.com\\\/avatar\\\/a7358cb406a99b682ec6df1e77e31ae82e63601f6784e8a3df411d72b37864da?s=96&d=mm&r=g\",\"caption\":\"Leonardo Francisco\"},\"url\":\"https:\\\/\\\/redenoticiaz.com.br\\\/litoralsp\\\/author\\\/leonardo-francisco\"}]}<\/script>\n<!-- \/ Yoast SEO plugin. -->","yoast_head_json":{"title":"Cau\u00e3 Reymond e Mariana Goldfarb anunciam separa\u00e7\u00e3o - Litoral SP","description":"F\u00e3s do casal Cau\u00e3 Reymond e Mariana Goldfarb foram surpreendidos com o an\u00fancio da separa\u00e7\u00e3o dos dois nessa quarta-feira (19). Tudo","robots":{"index":"index","follow":"follow","max-snippet":"max-snippet:-1","max-image-preview":"max-image-preview:large","max-video-preview":"max-video-preview:-1"},"canonical":"https:\/\/redenoticiaz.com.br\/litoralsp\/2023\/04\/20\/caua-reymond-e-mariana-goldfarb-anunciam-separacao","og_locale":"pt_BR","og_type":"article","og_title":"Cau\u00e3 Reymond e Mariana Goldfarb anunciam separa\u00e7\u00e3o - Litoral SP","og_description":"F\u00e3s do casal Cau\u00e3 Reymond e Mariana Goldfarb foram surpreendidos com o an\u00fancio da separa\u00e7\u00e3o dos dois nessa quarta-feira (19). Tudo","og_url":"https:\/\/redenoticiaz.com.br\/litoralsp\/2023\/04\/20\/caua-reymond-e-mariana-goldfarb-anunciam-separacao","og_site_name":"Litoral SP","article_published_time":"2023-04-20T11:07:48+00:00","author":"Leonardo Francisco","twitter_card":"summary_large_image","twitter_image":"https:\/\/redenoticiaz.com.br\/litoralsp\/wp-content\/uploads\/sites\/3\/2023\/04\/CAUAMARI.jpg?v=1681988507","twitter_misc":{"Escrito por":"Leonardo Francisco","Est. tempo de leitura":"2 minutos"},"schema":{"@context":"https:\/\/schema.org","@graph":[{"@type":"Article","@id":"https:\/\/redenoticiaz.com.br\/litoralsp\/2023\/04\/20\/caua-reymond-e-mariana-goldfarb-anunciam-separacao#article","isPartOf":{"@id":"https:\/\/redenoticiaz.com.br\/litoralsp\/2023\/04\/20\/caua-reymond-e-mariana-goldfarb-anunciam-separacao"},"author":{"name":"Leonardo Francisco","@id":"https:\/\/redenoticiaz.com.br\/litoralsp\/#\/schema\/person\/0f0b8a5bdafefe82841e07ae8d81ecb3"},"headline":"Cau\u00e3 Reymond e Mariana Goldfarb anunciam separa\u00e7\u00e3o","datePublished":"2023-04-20T11:07:48+00:00","mainEntityOfPage":{"@id":"https:\/\/redenoticiaz.com.br\/litoralsp\/2023\/04\/20\/caua-reymond-e-mariana-goldfarb-anunciam-separacao"},"wordCount":275,"commentCount":0,"publisher":{"@id":"https:\/\/redenoticiaz.com.br\/litoralsp\/#organization"},"image":{"@id":"https:\/\/redenoticiaz.com.br\/litoralsp\/2023\/04\/20\/caua-reymond-e-mariana-goldfarb-anunciam-separacao#primaryimage"},"thumbnailUrl":"https:\/\/redenoticiaz.com.br\/litoralsp\/wp-content\/uploads\/sites\/3\/2023\/04\/CAUAMARI.jpg?v=1681988507","keywords":["CASAL","CAU\u00c3 REYMOND","FIM DO CASAMENTO","MARIANA GOLDFARB"],"articleSection":["Celebridades"],"inLanguage":"pt-BR","potentialAction":[{"@type":"CommentAction","name":"Comment","target":["https:\/\/redenoticiaz.com.br\/litoralsp\/2023\/04\/20\/caua-reymond-e-mariana-goldfarb-anunciam-separacao#respond"]}]},{"@type":"WebPage","@id":"https:\/\/redenoticiaz.com.br\/litoralsp\/2023\/04\/20\/caua-reymond-e-mariana-goldfarb-anunciam-separacao","url":"https:\/\/redenoticiaz.com.br\/litoralsp\/2023\/04\/20\/caua-reymond-e-mariana-goldfarb-anunciam-separacao","name":"Cau\u00e3 Reymond e Mariana Goldfarb anunciam separa\u00e7\u00e3o - Litoral SP","isPartOf":{"@id":"https:\/\/redenoticiaz.com.br\/litoralsp\/#website"},"primaryImageOfPage":{"@id":"https:\/\/redenoticiaz.com.br\/litoralsp\/2023\/04\/20\/caua-reymond-e-mariana-goldfarb-anunciam-separacao#primaryimage"},"image":{"@id":"https:\/\/redenoticiaz.com.br\/litoralsp\/2023\/04\/20\/caua-reymond-e-mariana-goldfarb-anunciam-separacao#primaryimage"},"thumbnailUrl":"https:\/\/redenoticiaz.com.br\/litoralsp\/wp-content\/uploads\/sites\/3\/2023\/04\/CAUAMARI.jpg?v=1681988507","datePublished":"2023-04-20T11:07:48+00:00","description":"F\u00e3s do casal Cau\u00e3 Reymond e Mariana Goldfarb foram surpreendidos com o an\u00fancio da separa\u00e7\u00e3o dos dois nessa quarta-feira (19). Tudo","inLanguage":"pt-BR","potentialAction":[{"@type":"ReadAction","target":["https:\/\/redenoticiaz.com.br\/litoralsp\/2023\/04\/20\/caua-reymond-e-mariana-goldfarb-anunciam-separacao"]}]},{"@type":"ImageObject","inLanguage":"pt-BR","@id":"https:\/\/redenoticiaz.com.br\/litoralsp\/2023\/04\/20\/caua-reymond-e-mariana-goldfarb-anunciam-separacao#primaryimage","url":"https:\/\/redenoticiaz.com.br\/litoralsp\/wp-content\/uploads\/sites\/3\/2023\/04\/CAUAMARI.jpg?v=1681988507","contentUrl":"https:\/\/redenoticiaz.com.br\/litoralsp\/wp-content\/uploads\/sites\/3\/2023\/04\/CAUAMARI.jpg?v=1681988507","width":387,"height":402,"caption":"Cr\u00e9ditos: Reprodu\u00e7\u00e3o\/Redes Sociais"},{"@type":"WebSite","@id":"https:\/\/redenoticiaz.com.br\/litoralsp\/#website","url":"https:\/\/redenoticiaz.com.br\/litoralsp\/","name":"Litoral SP","description":"Rede NoticiaZ","publisher":{"@id":"https:\/\/redenoticiaz.com.br\/litoralsp\/#organization"},"potentialAction":[{"@type":"SearchAction","target":{"@type":"EntryPoint","urlTemplate":"https:\/\/redenoticiaz.com.br\/litoralsp\/?s={search_term_string}"},"query-input":{"@type":"PropertyValueSpecification","valueRequired":true,"valueName":"search_term_string"}}],"inLanguage":"pt-BR"},{"@type":"Organization","@id":"https:\/\/redenoticiaz.com.br\/litoralsp\/#organization","name":"Litoral SP","url":"https:\/\/redenoticiaz.com.br\/litoralsp\/","logo":{"@type":"ImageObject","inLanguage":"pt-BR","@id":"https:\/\/redenoticiaz.com.br\/litoralsp\/#\/schema\/logo\/image\/","url":"https:\/\/redenoticiaz.com.br\/litoralsp\/wp-content\/uploads\/sites\/3\/2020\/11\/logo.jpg","contentUrl":"https:\/\/redenoticiaz.com.br\/litoralsp\/wp-content\/uploads\/sites\/3\/2020\/11\/logo.jpg","width":400,"height":250,"caption":"Litoral SP"},"image":{"@id":"https:\/\/redenoticiaz.com.br\/litoralsp\/#\/schema\/logo\/image\/"}},{"@type":"Person","@id":"https:\/\/redenoticiaz.com.br\/litoralsp\/#\/schema\/person\/0f0b8a5bdafefe82841e07ae8d81ecb3","name":"Leonardo Francisco","image":{"@type":"ImageObject","inLanguage":"pt-BR","@id":"https:\/\/secure.gravatar.com\/avatar\/a7358cb406a99b682ec6df1e77e31ae82e63601f6784e8a3df411d72b37864da?s=96&d=mm&r=g","url":"https:\/\/secure.gravatar.com\/avatar\/a7358cb406a99b682ec6df1e77e31ae82e63601f6784e8a3df411d72b37864da?s=96&d=mm&r=g","contentUrl":"https:\/\/secure.gravatar.com\/avatar\/a7358cb406a99b682ec6df1e77e31ae82e63601f6784e8a3df411d72b37864da?s=96&d=mm&r=g","caption":"Leonardo Francisco"},"url":"https:\/\/redenoticiaz.com.br\/litoralsp\/author\/leonardo-francisco"}]}},"_links":{"self":[{"href":"https:\/\/redenoticiaz.com.br\/litoralsp\/wp-json\/wp\/v2\/posts\/104385","targetHints":{"allow":["GET"]}}],"collection":[{"href":"https:\/\/redenoticiaz.com.br\/litoralsp\/wp-json\/wp\/v2\/posts"}],"about":[{"href":"https:\/\/redenoticiaz.com.br\/litoralsp\/wp-json\/wp\/v2\/types\/post"}],"author":[{"embeddable":true,"href":"https:\/\/redenoticiaz.com.br\/litoralsp\/wp-json\/wp\/v2\/users\/6"}],"replies":[{"embeddable":true,"href":"https:\/\/redenoticiaz.com.br\/litoralsp\/wp-json\/wp\/v2\/comments?post=104385"}],"version-history":[{"count":0,"href":"https:\/\/redenoticiaz.com.br\/litoralsp\/wp-json\/wp\/v2\/posts\/104385\/revisions"}],"wp:featuredmedia":[{"embeddable":true,"href":"https:\/\/redenoticiaz.com.br\/litoralsp\/wp-json\/wp\/v2\/media\/104386"}],"wp:attachment":[{"href":"https:\/\/redenoticiaz.com.br\/litoralsp\/wp-json\/wp\/v2\/media?parent=104385"}],"wp:term":[{"taxonomy":"category","embeddable":true,"href":"https:\/\/redenoticiaz.com.br\/litoralsp\/wp-json\/wp\/v2\/categories?post=104385"},{"taxonomy":"post_tag","embeddable":true,"href":"https:\/\/redenoticiaz.com.br\/litoralsp\/wp-json\/wp\/v2\/tags?post=104385"}],"curies":[{"name":"wp","href":"https:\/\/api.w.org\/{rel}","templated":true}]}}