{"id":104397,"date":"2023-04-20T09:19:18","date_gmt":"2023-04-20T12:19:18","guid":{"rendered":"https:\/\/redenoticiaz.com.br\/litoralsp\/?p=104397"},"modified":"2023-04-20T09:19:18","modified_gmt":"2023-04-20T12:19:18","slug":"videos-dupla-e-presa-em-flagrante-por-realizar-o-trafico-de-drogas-em-itanhaem","status":"publish","type":"post","link":"https:\/\/redenoticiaz.com.br\/litoralsp\/2023\/04\/20\/videos-dupla-e-presa-em-flagrante-por-realizar-o-trafico-de-drogas-em-itanhaem","title":{"rendered":"V\u00cdDEOS &#8211; Dupla \u00e9 presa em flagrante por realizar o tr\u00e1fico de drogas em Itanha\u00e9m"},"content":{"rendered":"<p>Um homem de 45 anos e uma mulher de 21, foram presos <strong>acusados de tr\u00e1fico e associa\u00e7\u00e3o com o tr\u00e1fico de drogas<\/strong> em Itanha\u00e9m. Com eles, uma grande quantidade de entorpecentes foi encontrada e apreendida nessa quarta-feira (19).<\/p>\n<p>Segundo a Pol\u00edcia Civil, a equipe do 2\u00ba Distrito Policial, descobriram que um apartamento da mulher, localizado no bairro Guapiranga era usado para o armazenamento e comercializa\u00e7\u00e3o das drogas. Os investigadores visualizaram sacolas com diversos pinos de coca\u00edna sendo arremessados pelas janelas do im\u00f3vel.<\/p>\n<p>Os entorpecentes foram recuperados e a mulher foi detida. Questionada, ela confessou armazenar os il\u00edcitos para um adolescente (16 anos). Foram apreendidos 2205 pinos com coca\u00edna.<\/p>\n<p>Ainda segundo a Pol\u00edcia Civil, as buscas prosseguiram e foram localizadas mais drogas e muni\u00e7\u00f5es de armas de fogo, prendendo em flagrante o segundo suspeito. Al\u00e9m das drogas, foram recolhidos dois celulares, cadernos com anota\u00e7\u00f5es do tr\u00e1fico de drogas e R$ 670 oriundos da venda dos il\u00edcitos.<\/p>\n<h3>Veja os v\u00eddeos:<\/h3>\n<div class=\"wp-playlist wp-video-playlist wp-playlist-light\">\n\t\t<video controls=\"controls\" preload=\"none\" width=\"640\"\n\t\t height=\"1164\"\t><\/video>\n\t<div class=\"wp-playlist-next\"><\/div>\n\t<div class=\"wp-playlist-prev\"><\/div>\n\t<noscript>\n\t<ol>\n\t\t<li><a href='https:\/\/redenoticiaz.com.br\/litoralsp\/wp-content\/uploads\/sites\/3\/2023\/04\/WhatsApp-Video-2023-04-19-at-16.55.20.mp4'>Drogas apreendidas<\/a><\/li><li><a href='https:\/\/redenoticiaz.com.br\/litoralsp\/wp-content\/uploads\/sites\/3\/2023\/04\/WhatsApp-Video-2023-04-19-at-16.55.45.mp4'>Im\u00f3vel dos suspeitos<\/a><\/li>\t<\/ol>\n\t<\/noscript>\n\t<script type=\"application\/json\" class=\"wp-playlist-script\">{\"type\":\"video\",\"tracklist\":true,\"tracknumbers\":true,\"images\":true,\"artists\":true,\"tracks\":[{\"src\":\"https:\/\/redenoticiaz.com.br\/litoralsp\/wp-content\/uploads\/sites\/3\/2023\/04\/WhatsApp-Video-2023-04-19-at-16.55.20.mp4\",\"type\":\"video\/mp4\",\"title\":\"Drogas apreendidas\",\"caption\":\"\",\"description\":\"\",\"meta\":{\"length_formatted\":\"0:13\"},\"dimensions\":{\"original\":{\"width\":640,\"height\":352},\"resized\":{\"width\":640,\"height\":352}},\"image\":{\"src\":\"https:\/\/redenoticiaz.com.br\/litoralsp\/wp-includes\/images\/media\/video.svg\",\"width\":48,\"height\":64},\"thumb\":{\"src\":\"https:\/\/redenoticiaz.com.br\/litoralsp\/wp-includes\/images\/media\/video.svg\",\"width\":48,\"height\":64}},{\"src\":\"https:\/\/redenoticiaz.com.br\/litoralsp\/wp-content\/uploads\/sites\/3\/2023\/04\/WhatsApp-Video-2023-04-19-at-16.55.45.mp4\",\"type\":\"video\/mp4\",\"title\":\"Im\\u00f3vel dos suspeitos\",\"caption\":\"\",\"description\":\"\",\"meta\":{\"length_formatted\":\"0:07\"},\"dimensions\":{\"original\":{\"width\":352,\"height\":640},\"resized\":{\"width\":640,\"height\":1164}},\"image\":{\"src\":\"https:\/\/redenoticiaz.com.br\/litoralsp\/wp-includes\/images\/media\/video.svg\",\"width\":48,\"height\":64},\"thumb\":{\"src\":\"https:\/\/redenoticiaz.com.br\/litoralsp\/wp-includes\/images\/media\/video.svg\",\"width\":48,\"height\":64}}]}<\/script>\n<\/div>\n\t\n<p><strong>LEIA TAMB\u00c9M<\/strong><\/p>\n<p><a href=\"https:\/\/redenoticiaz.com.br\/litoralsp\/2023\/04\/20\/cerca-de-8-kg-de-drogas-sao-apreendidos-durante-operacao-em-morro-de-santos\">Cerca de 8 Kg de drogas s\u00e3o apreendidos durante opera\u00e7\u00e3o em morro de Santos<\/a><\/p>\n","protected":false},"excerpt":{"rendered":"<p>Um homem de 45 anos e uma mulher de 21, foram presos acusados de tr\u00e1fico e associa\u00e7\u00e3o com o tr\u00e1fico de drogas em Itanha\u00e9m. Com eles, uma grande quantidade de entorpecentes foi encontrada e apreendida nessa quarta-feira (19). Segundo a Pol\u00edcia Civil, a equipe do 2\u00ba Distrito Policial, descobriram que um apartamento da mulher, localizado &hellip;<\/p>\n","protected":false},"author":6,"featured_media":104398,"comment_status":"open","ping_status":"closed","sticky":false,"template":"","format":"standard","meta":{"footnotes":""},"categories":[184,10],"tags":[61868,1068,64682,4773,61],"class_list":["post-104397","post","type-post","status-publish","format-standard","has-post-thumbnail","hentry","category-itanhaem","category-policia","tag-bairro-guapiranga","tag-itanhaem","tag-pinos-de-drogas","tag-policia-civil-2","tag-trafico-de-drogas"],"yoast_head":"<!-- This site is optimized with the Yoast SEO plugin v27.5 - https:\/\/yoast.com\/product\/yoast-seo-wordpress\/ -->\n<title>V\u00cdDEOS &#8211; Dupla \u00e9 presa em flagrante por realizar o tr\u00e1fico de drogas em Itanha\u00e9m - Litoral SP<\/title>\n<meta name=\"description\" content=\"Um homem de 45 anos e uma mulher de 21, foram presos acusados de tr\u00e1fico e associa\u00e7\u00e3o com o tr\u00e1fico de drogas em Itanha\u00e9m. Com\" \/>\n<meta name=\"robots\" content=\"index, follow, max-snippet:-1, max-image-preview:large, max-video-preview:-1\" \/>\n<link rel=\"canonical\" href=\"https:\/\/redenoticiaz.com.br\/litoralsp\/2023\/04\/20\/videos-dupla-e-presa-em-flagrante-por-realizar-o-trafico-de-drogas-em-itanhaem\" \/>\n<meta property=\"og:locale\" content=\"pt_BR\" \/>\n<meta property=\"og:type\" content=\"article\" \/>\n<meta property=\"og:title\" content=\"V\u00cdDEOS &#8211; Dupla \u00e9 presa em flagrante por realizar o tr\u00e1fico de drogas em Itanha\u00e9m - Litoral SP\" \/>\n<meta property=\"og:description\" content=\"Um homem de 45 anos e uma mulher de 21, foram presos acusados de tr\u00e1fico e associa\u00e7\u00e3o com o tr\u00e1fico de drogas em Itanha\u00e9m. Com\" \/>\n<meta property=\"og:url\" content=\"https:\/\/redenoticiaz.com.br\/litoralsp\/2023\/04\/20\/videos-dupla-e-presa-em-flagrante-por-realizar-o-trafico-de-drogas-em-itanhaem\" \/>\n<meta property=\"og:site_name\" content=\"Litoral SP\" \/>\n<meta property=\"article:published_time\" content=\"2023-04-20T12:19:18+00:00\" \/>\n<meta property=\"og:image\" content=\"https:\/\/redenoticiaz.com.br\/litoralsp\/wp-content\/uploads\/sites\/3\/2023\/04\/WhatsApp-Image-2023-04-19-at-16.56.29.jpeg\" \/>\n\t<meta property=\"og:image:width\" content=\"1280\" \/>\n\t<meta property=\"og:image:height\" content=\"720\" \/>\n\t<meta property=\"og:image:type\" content=\"image\/jpeg\" \/>\n<meta name=\"author\" content=\"Leonardo Francisco\" \/>\n<meta name=\"twitter:card\" content=\"summary_large_image\" \/>\n<meta name=\"twitter:label1\" content=\"Escrito por\" \/>\n\t<meta name=\"twitter:data1\" content=\"Leonardo Francisco\" \/>\n\t<meta name=\"twitter:label2\" content=\"Est. tempo de leitura\" \/>\n\t<meta name=\"twitter:data2\" content=\"1 minuto\" \/>\n<script type=\"application\/ld+json\" class=\"yoast-schema-graph\">{\"@context\":\"https:\\\/\\\/schema.org\",\"@graph\":[{\"@type\":\"Article\",\"@id\":\"https:\\\/\\\/redenoticiaz.com.br\\\/litoralsp\\\/2023\\\/04\\\/20\\\/videos-dupla-e-presa-em-flagrante-por-realizar-o-trafico-de-drogas-em-itanhaem#article\",\"isPartOf\":{\"@id\":\"https:\\\/\\\/redenoticiaz.com.br\\\/litoralsp\\\/2023\\\/04\\\/20\\\/videos-dupla-e-presa-em-flagrante-por-realizar-o-trafico-de-drogas-em-itanhaem\"},\"author\":{\"name\":\"Leonardo Francisco\",\"@id\":\"https:\\\/\\\/redenoticiaz.com.br\\\/litoralsp\\\/#\\\/schema\\\/person\\\/0f0b8a5bdafefe82841e07ae8d81ecb3\"},\"headline\":\"V\u00cdDEOS &#8211; Dupla \u00e9 presa em flagrante por realizar o tr\u00e1fico de drogas em Itanha\u00e9m\",\"datePublished\":\"2023-04-20T12:19:18+00:00\",\"mainEntityOfPage\":{\"@id\":\"https:\\\/\\\/redenoticiaz.com.br\\\/litoralsp\\\/2023\\\/04\\\/20\\\/videos-dupla-e-presa-em-flagrante-por-realizar-o-trafico-de-drogas-em-itanhaem\"},\"wordCount\":206,\"commentCount\":0,\"publisher\":{\"@id\":\"https:\\\/\\\/redenoticiaz.com.br\\\/litoralsp\\\/#organization\"},\"image\":{\"@id\":\"https:\\\/\\\/redenoticiaz.com.br\\\/litoralsp\\\/2023\\\/04\\\/20\\\/videos-dupla-e-presa-em-flagrante-por-realizar-o-trafico-de-drogas-em-itanhaem#primaryimage\"},\"thumbnailUrl\":\"https:\\\/\\\/redenoticiaz.com.br\\\/litoralsp\\\/wp-content\\\/uploads\\\/sites\\\/3\\\/2023\\\/04\\\/WhatsApp-Image-2023-04-19-at-16.56.29.jpeg\",\"keywords\":[\"Bairro Guapiranga\",\"ITANHA\u00c9M\",\"PINOS DE DROGAS\",\"POL\u00cdCIA CIVIL\",\"TR\u00c1FICO DE DROGAS\"],\"articleSection\":[\"Itanha\u00e9m\",\"Pol\u00edcia\"],\"inLanguage\":\"pt-BR\",\"potentialAction\":[{\"@type\":\"CommentAction\",\"name\":\"Comment\",\"target\":[\"https:\\\/\\\/redenoticiaz.com.br\\\/litoralsp\\\/2023\\\/04\\\/20\\\/videos-dupla-e-presa-em-flagrante-por-realizar-o-trafico-de-drogas-em-itanhaem#respond\"]}]},{\"@type\":\"WebPage\",\"@id\":\"https:\\\/\\\/redenoticiaz.com.br\\\/litoralsp\\\/2023\\\/04\\\/20\\\/videos-dupla-e-presa-em-flagrante-por-realizar-o-trafico-de-drogas-em-itanhaem\",\"url\":\"https:\\\/\\\/redenoticiaz.com.br\\\/litoralsp\\\/2023\\\/04\\\/20\\\/videos-dupla-e-presa-em-flagrante-por-realizar-o-trafico-de-drogas-em-itanhaem\",\"name\":\"V\u00cdDEOS &#8211; Dupla \u00e9 presa em flagrante por realizar o tr\u00e1fico de drogas em Itanha\u00e9m - Litoral SP\",\"isPartOf\":{\"@id\":\"https:\\\/\\\/redenoticiaz.com.br\\\/litoralsp\\\/#website\"},\"primaryImageOfPage\":{\"@id\":\"https:\\\/\\\/redenoticiaz.com.br\\\/litoralsp\\\/2023\\\/04\\\/20\\\/videos-dupla-e-presa-em-flagrante-por-realizar-o-trafico-de-drogas-em-itanhaem#primaryimage\"},\"image\":{\"@id\":\"https:\\\/\\\/redenoticiaz.com.br\\\/litoralsp\\\/2023\\\/04\\\/20\\\/videos-dupla-e-presa-em-flagrante-por-realizar-o-trafico-de-drogas-em-itanhaem#primaryimage\"},\"thumbnailUrl\":\"https:\\\/\\\/redenoticiaz.com.br\\\/litoralsp\\\/wp-content\\\/uploads\\\/sites\\\/3\\\/2023\\\/04\\\/WhatsApp-Image-2023-04-19-at-16.56.29.jpeg\",\"datePublished\":\"2023-04-20T12:19:18+00:00\",\"description\":\"Um homem de 45 anos e uma mulher de 21, foram presos acusados de tr\u00e1fico e associa\u00e7\u00e3o com o tr\u00e1fico de drogas em Itanha\u00e9m. Com\",\"inLanguage\":\"pt-BR\",\"potentialAction\":[{\"@type\":\"ReadAction\",\"target\":[\"https:\\\/\\\/redenoticiaz.com.br\\\/litoralsp\\\/2023\\\/04\\\/20\\\/videos-dupla-e-presa-em-flagrante-por-realizar-o-trafico-de-drogas-em-itanhaem\"]}]},{\"@type\":\"ImageObject\",\"inLanguage\":\"pt-BR\",\"@id\":\"https:\\\/\\\/redenoticiaz.com.br\\\/litoralsp\\\/2023\\\/04\\\/20\\\/videos-dupla-e-presa-em-flagrante-por-realizar-o-trafico-de-drogas-em-itanhaem#primaryimage\",\"url\":\"https:\\\/\\\/redenoticiaz.com.br\\\/litoralsp\\\/wp-content\\\/uploads\\\/sites\\\/3\\\/2023\\\/04\\\/WhatsApp-Image-2023-04-19-at-16.56.29.jpeg\",\"contentUrl\":\"https:\\\/\\\/redenoticiaz.com.br\\\/litoralsp\\\/wp-content\\\/uploads\\\/sites\\\/3\\\/2023\\\/04\\\/WhatsApp-Image-2023-04-19-at-16.56.29.jpeg\",\"width\":1280,\"height\":720,\"caption\":\"Cr\u00e9ditos: Divulga\u00e7\u00e3o\\\/Pol\u00edcia Civil\"},{\"@type\":\"WebSite\",\"@id\":\"https:\\\/\\\/redenoticiaz.com.br\\\/litoralsp\\\/#website\",\"url\":\"https:\\\/\\\/redenoticiaz.com.br\\\/litoralsp\\\/\",\"name\":\"Litoral SP\",\"description\":\"Rede NoticiaZ\",\"publisher\":{\"@id\":\"https:\\\/\\\/redenoticiaz.com.br\\\/litoralsp\\\/#organization\"},\"potentialAction\":[{\"@type\":\"SearchAction\",\"target\":{\"@type\":\"EntryPoint\",\"urlTemplate\":\"https:\\\/\\\/redenoticiaz.com.br\\\/litoralsp\\\/?s={search_term_string}\"},\"query-input\":{\"@type\":\"PropertyValueSpecification\",\"valueRequired\":true,\"valueName\":\"search_term_string\"}}],\"inLanguage\":\"pt-BR\"},{\"@type\":\"Organization\",\"@id\":\"https:\\\/\\\/redenoticiaz.com.br\\\/litoralsp\\\/#organization\",\"name\":\"Litoral SP\",\"url\":\"https:\\\/\\\/redenoticiaz.com.br\\\/litoralsp\\\/\",\"logo\":{\"@type\":\"ImageObject\",\"inLanguage\":\"pt-BR\",\"@id\":\"https:\\\/\\\/redenoticiaz.com.br\\\/litoralsp\\\/#\\\/schema\\\/logo\\\/image\\\/\",\"url\":\"https:\\\/\\\/redenoticiaz.com.br\\\/litoralsp\\\/wp-content\\\/uploads\\\/sites\\\/3\\\/2020\\\/11\\\/logo.jpg\",\"contentUrl\":\"https:\\\/\\\/redenoticiaz.com.br\\\/litoralsp\\\/wp-content\\\/uploads\\\/sites\\\/3\\\/2020\\\/11\\\/logo.jpg\",\"width\":400,\"height\":250,\"caption\":\"Litoral SP\"},\"image\":{\"@id\":\"https:\\\/\\\/redenoticiaz.com.br\\\/litoralsp\\\/#\\\/schema\\\/logo\\\/image\\\/\"}},{\"@type\":\"Person\",\"@id\":\"https:\\\/\\\/redenoticiaz.com.br\\\/litoralsp\\\/#\\\/schema\\\/person\\\/0f0b8a5bdafefe82841e07ae8d81ecb3\",\"name\":\"Leonardo Francisco\",\"image\":{\"@type\":\"ImageObject\",\"inLanguage\":\"pt-BR\",\"@id\":\"https:\\\/\\\/secure.gravatar.com\\\/avatar\\\/a7358cb406a99b682ec6df1e77e31ae82e63601f6784e8a3df411d72b37864da?s=96&d=mm&r=g\",\"url\":\"https:\\\/\\\/secure.gravatar.com\\\/avatar\\\/a7358cb406a99b682ec6df1e77e31ae82e63601f6784e8a3df411d72b37864da?s=96&d=mm&r=g\",\"contentUrl\":\"https:\\\/\\\/secure.gravatar.com\\\/avatar\\\/a7358cb406a99b682ec6df1e77e31ae82e63601f6784e8a3df411d72b37864da?s=96&d=mm&r=g\",\"caption\":\"Leonardo Francisco\"},\"url\":\"https:\\\/\\\/redenoticiaz.com.br\\\/litoralsp\\\/author\\\/leonardo-francisco\"}]}<\/script>\n<!-- \/ Yoast SEO plugin. -->","yoast_head_json":{"title":"V\u00cdDEOS &#8211; Dupla \u00e9 presa em flagrante por realizar o tr\u00e1fico de drogas em Itanha\u00e9m - Litoral SP","description":"Um homem de 45 anos e uma mulher de 21, foram presos acusados de tr\u00e1fico e associa\u00e7\u00e3o com o tr\u00e1fico de drogas em Itanha\u00e9m. Com","robots":{"index":"index","follow":"follow","max-snippet":"max-snippet:-1","max-image-preview":"max-image-preview:large","max-video-preview":"max-video-preview:-1"},"canonical":"https:\/\/redenoticiaz.com.br\/litoralsp\/2023\/04\/20\/videos-dupla-e-presa-em-flagrante-por-realizar-o-trafico-de-drogas-em-itanhaem","og_locale":"pt_BR","og_type":"article","og_title":"V\u00cdDEOS &#8211; Dupla \u00e9 presa em flagrante por realizar o tr\u00e1fico de drogas em Itanha\u00e9m - Litoral SP","og_description":"Um homem de 45 anos e uma mulher de 21, foram presos acusados de tr\u00e1fico e associa\u00e7\u00e3o com o tr\u00e1fico de drogas em Itanha\u00e9m. Com","og_url":"https:\/\/redenoticiaz.com.br\/litoralsp\/2023\/04\/20\/videos-dupla-e-presa-em-flagrante-por-realizar-o-trafico-de-drogas-em-itanhaem","og_site_name":"Litoral SP","article_published_time":"2023-04-20T12:19:18+00:00","og_image":[{"width":1280,"height":720,"url":"https:\/\/redenoticiaz.com.br\/litoralsp\/wp-content\/uploads\/sites\/3\/2023\/04\/WhatsApp-Image-2023-04-19-at-16.56.29.jpeg","type":"image\/jpeg"}],"author":"Leonardo Francisco","twitter_card":"summary_large_image","twitter_misc":{"Escrito por":"Leonardo Francisco","Est. tempo de leitura":"1 minuto"},"schema":{"@context":"https:\/\/schema.org","@graph":[{"@type":"Article","@id":"https:\/\/redenoticiaz.com.br\/litoralsp\/2023\/04\/20\/videos-dupla-e-presa-em-flagrante-por-realizar-o-trafico-de-drogas-em-itanhaem#article","isPartOf":{"@id":"https:\/\/redenoticiaz.com.br\/litoralsp\/2023\/04\/20\/videos-dupla-e-presa-em-flagrante-por-realizar-o-trafico-de-drogas-em-itanhaem"},"author":{"name":"Leonardo Francisco","@id":"https:\/\/redenoticiaz.com.br\/litoralsp\/#\/schema\/person\/0f0b8a5bdafefe82841e07ae8d81ecb3"},"headline":"V\u00cdDEOS &#8211; Dupla \u00e9 presa em flagrante por realizar o tr\u00e1fico de drogas em Itanha\u00e9m","datePublished":"2023-04-20T12:19:18+00:00","mainEntityOfPage":{"@id":"https:\/\/redenoticiaz.com.br\/litoralsp\/2023\/04\/20\/videos-dupla-e-presa-em-flagrante-por-realizar-o-trafico-de-drogas-em-itanhaem"},"wordCount":206,"commentCount":0,"publisher":{"@id":"https:\/\/redenoticiaz.com.br\/litoralsp\/#organization"},"image":{"@id":"https:\/\/redenoticiaz.com.br\/litoralsp\/2023\/04\/20\/videos-dupla-e-presa-em-flagrante-por-realizar-o-trafico-de-drogas-em-itanhaem#primaryimage"},"thumbnailUrl":"https:\/\/redenoticiaz.com.br\/litoralsp\/wp-content\/uploads\/sites\/3\/2023\/04\/WhatsApp-Image-2023-04-19-at-16.56.29.jpeg","keywords":["Bairro Guapiranga","ITANHA\u00c9M","PINOS DE DROGAS","POL\u00cdCIA CIVIL","TR\u00c1FICO DE DROGAS"],"articleSection":["Itanha\u00e9m","Pol\u00edcia"],"inLanguage":"pt-BR","potentialAction":[{"@type":"CommentAction","name":"Comment","target":["https:\/\/redenoticiaz.com.br\/litoralsp\/2023\/04\/20\/videos-dupla-e-presa-em-flagrante-por-realizar-o-trafico-de-drogas-em-itanhaem#respond"]}]},{"@type":"WebPage","@id":"https:\/\/redenoticiaz.com.br\/litoralsp\/2023\/04\/20\/videos-dupla-e-presa-em-flagrante-por-realizar-o-trafico-de-drogas-em-itanhaem","url":"https:\/\/redenoticiaz.com.br\/litoralsp\/2023\/04\/20\/videos-dupla-e-presa-em-flagrante-por-realizar-o-trafico-de-drogas-em-itanhaem","name":"V\u00cdDEOS &#8211; Dupla \u00e9 presa em flagrante por realizar o tr\u00e1fico de drogas em Itanha\u00e9m - Litoral SP","isPartOf":{"@id":"https:\/\/redenoticiaz.com.br\/litoralsp\/#website"},"primaryImageOfPage":{"@id":"https:\/\/redenoticiaz.com.br\/litoralsp\/2023\/04\/20\/videos-dupla-e-presa-em-flagrante-por-realizar-o-trafico-de-drogas-em-itanhaem#primaryimage"},"image":{"@id":"https:\/\/redenoticiaz.com.br\/litoralsp\/2023\/04\/20\/videos-dupla-e-presa-em-flagrante-por-realizar-o-trafico-de-drogas-em-itanhaem#primaryimage"},"thumbnailUrl":"https:\/\/redenoticiaz.com.br\/litoralsp\/wp-content\/uploads\/sites\/3\/2023\/04\/WhatsApp-Image-2023-04-19-at-16.56.29.jpeg","datePublished":"2023-04-20T12:19:18+00:00","description":"Um homem de 45 anos e uma mulher de 21, foram presos acusados de tr\u00e1fico e associa\u00e7\u00e3o com o tr\u00e1fico de drogas em Itanha\u00e9m. Com","inLanguage":"pt-BR","potentialAction":[{"@type":"ReadAction","target":["https:\/\/redenoticiaz.com.br\/litoralsp\/2023\/04\/20\/videos-dupla-e-presa-em-flagrante-por-realizar-o-trafico-de-drogas-em-itanhaem"]}]},{"@type":"ImageObject","inLanguage":"pt-BR","@id":"https:\/\/redenoticiaz.com.br\/litoralsp\/2023\/04\/20\/videos-dupla-e-presa-em-flagrante-por-realizar-o-trafico-de-drogas-em-itanhaem#primaryimage","url":"https:\/\/redenoticiaz.com.br\/litoralsp\/wp-content\/uploads\/sites\/3\/2023\/04\/WhatsApp-Image-2023-04-19-at-16.56.29.jpeg","contentUrl":"https:\/\/redenoticiaz.com.br\/litoralsp\/wp-content\/uploads\/sites\/3\/2023\/04\/WhatsApp-Image-2023-04-19-at-16.56.29.jpeg","width":1280,"height":720,"caption":"Cr\u00e9ditos: Divulga\u00e7\u00e3o\/Pol\u00edcia Civil"},{"@type":"WebSite","@id":"https:\/\/redenoticiaz.com.br\/litoralsp\/#website","url":"https:\/\/redenoticiaz.com.br\/litoralsp\/","name":"Litoral SP","description":"Rede NoticiaZ","publisher":{"@id":"https:\/\/redenoticiaz.com.br\/litoralsp\/#organization"},"potentialAction":[{"@type":"SearchAction","target":{"@type":"EntryPoint","urlTemplate":"https:\/\/redenoticiaz.com.br\/litoralsp\/?s={search_term_string}"},"query-input":{"@type":"PropertyValueSpecification","valueRequired":true,"valueName":"search_term_string"}}],"inLanguage":"pt-BR"},{"@type":"Organization","@id":"https:\/\/redenoticiaz.com.br\/litoralsp\/#organization","name":"Litoral SP","url":"https:\/\/redenoticiaz.com.br\/litoralsp\/","logo":{"@type":"ImageObject","inLanguage":"pt-BR","@id":"https:\/\/redenoticiaz.com.br\/litoralsp\/#\/schema\/logo\/image\/","url":"https:\/\/redenoticiaz.com.br\/litoralsp\/wp-content\/uploads\/sites\/3\/2020\/11\/logo.jpg","contentUrl":"https:\/\/redenoticiaz.com.br\/litoralsp\/wp-content\/uploads\/sites\/3\/2020\/11\/logo.jpg","width":400,"height":250,"caption":"Litoral SP"},"image":{"@id":"https:\/\/redenoticiaz.com.br\/litoralsp\/#\/schema\/logo\/image\/"}},{"@type":"Person","@id":"https:\/\/redenoticiaz.com.br\/litoralsp\/#\/schema\/person\/0f0b8a5bdafefe82841e07ae8d81ecb3","name":"Leonardo Francisco","image":{"@type":"ImageObject","inLanguage":"pt-BR","@id":"https:\/\/secure.gravatar.com\/avatar\/a7358cb406a99b682ec6df1e77e31ae82e63601f6784e8a3df411d72b37864da?s=96&d=mm&r=g","url":"https:\/\/secure.gravatar.com\/avatar\/a7358cb406a99b682ec6df1e77e31ae82e63601f6784e8a3df411d72b37864da?s=96&d=mm&r=g","contentUrl":"https:\/\/secure.gravatar.com\/avatar\/a7358cb406a99b682ec6df1e77e31ae82e63601f6784e8a3df411d72b37864da?s=96&d=mm&r=g","caption":"Leonardo Francisco"},"url":"https:\/\/redenoticiaz.com.br\/litoralsp\/author\/leonardo-francisco"}]}},"_links":{"self":[{"href":"https:\/\/redenoticiaz.com.br\/litoralsp\/wp-json\/wp\/v2\/posts\/104397","targetHints":{"allow":["GET"]}}],"collection":[{"href":"https:\/\/redenoticiaz.com.br\/litoralsp\/wp-json\/wp\/v2\/posts"}],"about":[{"href":"https:\/\/redenoticiaz.com.br\/litoralsp\/wp-json\/wp\/v2\/types\/post"}],"author":[{"embeddable":true,"href":"https:\/\/redenoticiaz.com.br\/litoralsp\/wp-json\/wp\/v2\/users\/6"}],"replies":[{"embeddable":true,"href":"https:\/\/redenoticiaz.com.br\/litoralsp\/wp-json\/wp\/v2\/comments?post=104397"}],"version-history":[{"count":1,"href":"https:\/\/redenoticiaz.com.br\/litoralsp\/wp-json\/wp\/v2\/posts\/104397\/revisions"}],"predecessor-version":[{"id":104401,"href":"https:\/\/redenoticiaz.com.br\/litoralsp\/wp-json\/wp\/v2\/posts\/104397\/revisions\/104401"}],"wp:featuredmedia":[{"embeddable":true,"href":"https:\/\/redenoticiaz.com.br\/litoralsp\/wp-json\/wp\/v2\/media\/104398"}],"wp:attachment":[{"href":"https:\/\/redenoticiaz.com.br\/litoralsp\/wp-json\/wp\/v2\/media?parent=104397"}],"wp:term":[{"taxonomy":"category","embeddable":true,"href":"https:\/\/redenoticiaz.com.br\/litoralsp\/wp-json\/wp\/v2\/categories?post=104397"},{"taxonomy":"post_tag","embeddable":true,"href":"https:\/\/redenoticiaz.com.br\/litoralsp\/wp-json\/wp\/v2\/tags?post=104397"}],"curies":[{"name":"wp","href":"https:\/\/api.w.org\/{rel}","templated":true}]}}